{"id":491730,"date":"2017-07-15T18:37:17","date_gmt":"2017-07-15T17:37:17","guid":{"rendered":"https:\/\/www.pressenza.com\/?p=491730\/"},"modified":"2017-07-16T16:52:53","modified_gmt":"2017-07-16T15:52:53","slug":"asgi-vicinanza-allavvocato-gianluca-dicandia","status":"publish","type":"post","link":"https:\/\/www.pressenza.com\/it\/2017\/07\/asgi-vicinanza-allavvocato-gianluca-dicandia\/","title":{"rendered":"ASGI: vicinanza all&#8217;avvocato Gianluca Dicandia"},"content":{"rendered":"<p>Apprendiamo dagli organi di stampa la notizia della contestazione del reato di vilipendio delle istituzioni della Repubblica (art. 290 c.p.) nei confronti dell&#8217;avvocato Gianluca Dicandia del Foro di Roma<strong>,<\/strong>\u00a0contestazione che pare motivata dai giudizi critici da questi espressi verso il d.l. 13\/2017 (cd. Minniti Orlando) convertito in legge 46\/2017, nel corso di un sit in avvenuto a Roma il 20 giugno 2017. Da una nota della Questura di Roma si apprende che la denuncia a carico del legale sarebbe avvenuta invece per vilipendio delle istituzioni e minacce alle forze dell&#8217;ordine, ma detta ricostruzione dei fatti \u00e8 seccamente smentita dal portavoce di Amnesty International, organizzazione che aveva altres\u00ec indetto l&#8217;iniziativa.<\/p>\n<p>Desta assoluto stupore il fatto che una mera e lecita esternazione di opinioni possa integrare il reato di vilipendio o altra fattispecie. A maggior ragione se consideriamo che, da quanto riportato, si tratta di meri giudizi di natura tecnica espressi da un professionista nei confronti di un provvedimento legislativo. Tutto ci\u00f2 confligge con la libert\u00e0 di manifestazione del pensiero di cui all&#8217;art. 21 Cost. e con la libert\u00e0 di scienza di cui all&#8217;art. 33 Cost.<\/p>\n<p>ASGI esprime profonda preoccupazione che nella delicata situazione socio-politica attuale si possa fare strada un\u2019allarmante tendenza a cercare di restringere la libera manifestazione del pensiero, &#8220;pietra angolare dell&#8217;ordine democratico&#8221; (Corte cost., sent. 84\/1969), nonch\u00e9 &#8220;cardine di democrazia nell&#8217;ordinamento generale&#8221; (Corte cost., sent. 126\/1985).<\/p>\n<p>Contestare quale reato un&#8217;attivit\u00e0 di mero giudizio critico su un provvedimento normativo \u00e8 del tutto estraneo ai canoni fondamentali dello Stato di diritto e fa arretrare la nostra societ\u00e0 all&#8217;ancien regime e ai periodi in cui vigeva il crimine di lesa maest\u00e0.<\/p>\n<p>Come ricordano concordi le giurisprudenze nazionali ed europee la critica e la critica politica sono un modo di manifestare un pensiero diverso dal pensiero di altri, anche se si tratti di pensiero scomodo, irritante o minoritario.<\/p>\n<p>La Cassazione ha pi\u00f9 volte ricordato che la critica pu\u00f2 assumere forme tanto pi\u00f9 incisive e penetranti quanto pi\u00f9 elevata \u00e8 la posizione pubblica del destinatario, anche perch\u00e9 quanto maggiore \u00e8 il potere esercitato, maggiore \u00e8 l&#8217;esposizione alla critica; in ogni Stato democratico chi esercita poteri pubblici deve essere sottoposto a un rigido controllo sia da parte dell&#8217;opposizione politica che dei cittadini.<\/p>\n<p>Fiduciosi che l&#8217;operato dell&#8217;autorit\u00e0 giudiziaria porti chiarezza sulla effettiva dinamica dei fatti, l&#8217;ASGI esprime la propria vicinanza all&#8217;avvocato Gianluca Dicandia.<\/p>\n<p>&nbsp;<\/p>\n","protected":false},"excerpt":{"rendered":"<p>Apprendiamo dagli organi di stampa la notizia della contestazione del reato di vilipendio delle istituzioni della Repubblica (art. 290 c.p.) nei confronti dell&#8217;avvocato Gianluca Dicandia del Foro di Roma,\u00a0contestazione che pare motivata dai giudizi critici da questi espressi verso il&hellip;<\/p>\n","protected":false},"author":1399,"featured_media":491731,"comment_status":"closed","ping_status":"closed","sticky":false,"template":"","format":"standard","meta":{"footnotes":""},"categories":[60,47,55],"tags":[23587,37243,38846,1088,667,38828],"class_list":["post-491730","post","type-post","status-publish","format-standard","has-post-thumbnail","hentry","category-diritti-umani","category-europa","category-politica","tag-asgi","tag-decreto-minniti-orlando","tag-gianluca-dicandia","tag-immigrazione","tag-liberta-di-opinione","tag-resistenze-meticce"],"yoast_head":"<!-- This site is optimized with the Yoast SEO plugin v27.1.1 - https:\/\/yoast.com\/product\/yoast-seo-wordpress\/ -->\n<title>ASGI: vicinanza all&#039;avvocato Gianluca Dicandia<\/title>\n<meta name=\"description\" content=\"Apprendiamo dagli organi di stampa la notizia della contestazione del reato di vilipendio delle istituzioni della Repubblica (art. 290 c.p.) nei confronti\" \/>\n<meta name=\"robots\" content=\"index, follow, max-snippet:-1, max-image-preview:large, max-video-preview:-1\" \/>\n<link rel=\"canonical\" href=\"https:\/\/www.pressenza.com\/it\/2017\/07\/asgi-vicinanza-allavvocato-gianluca-dicandia\/\" \/>\n<meta property=\"og:locale\" content=\"it_IT\" \/>\n<meta property=\"og:type\" content=\"article\" \/>\n<meta property=\"og:title\" content=\"ASGI: vicinanza all&#039;avvocato Gianluca Dicandia\" \/>\n<meta property=\"og:description\" content=\"Apprendiamo dagli organi di stampa la notizia della contestazione del reato di vilipendio delle istituzioni della Repubblica (art. 290 c.p.) nei confronti\" \/>\n<meta property=\"og:url\" content=\"https:\/\/www.pressenza.com\/it\/2017\/07\/asgi-vicinanza-allavvocato-gianluca-dicandia\/\" \/>\n<meta property=\"og:site_name\" content=\"Pressenza\" \/>\n<meta property=\"article:publisher\" content=\"https:\/\/www.facebook.com\/PressenzaItalia\" \/>\n<meta property=\"article:published_time\" content=\"2017-07-15T17:37:17+00:00\" \/>\n<meta property=\"article:modified_time\" content=\"2017-07-16T15:52:53+00:00\" \/>\n<meta property=\"og:image\" content=\"https:\/\/www.pressenza.com\/wp-content\/uploads\/2017\/07\/dicandia.jpg\" \/>\n\t<meta property=\"og:image:width\" content=\"900\" \/>\n\t<meta property=\"og:image:height\" content=\"450\" \/>\n\t<meta property=\"og:image:type\" content=\"image\/jpeg\" \/>\n<meta name=\"author\" content=\"ASGI Associazione per gli studi giuridici sull\u2019immigrazione\" \/>\n<meta name=\"twitter:card\" content=\"summary_large_image\" \/>\n<meta name=\"twitter:creator\" content=\"@asgi_it\" \/>\n<meta name=\"twitter:site\" content=\"@PressenzaIPA\" \/>\n<meta name=\"twitter:label1\" content=\"Scritto da\" \/>\n\t<meta name=\"twitter:data1\" content=\"ASGI Associazione per gli studi giuridici sull\u2019immigrazione\" \/>\n\t<meta name=\"twitter:label2\" content=\"Tempo di lettura stimato\" \/>\n\t<meta name=\"twitter:data2\" content=\"2 minuti\" \/>\n<script type=\"application\/ld+json\" class=\"yoast-schema-graph\">{\"@context\":\"https:\/\/schema.org\",\"@graph\":[{\"@type\":\"Article\",\"@id\":\"https:\/\/www.pressenza.com\/it\/2017\/07\/asgi-vicinanza-allavvocato-gianluca-dicandia\/#article\",\"isPartOf\":{\"@id\":\"https:\/\/www.pressenza.com\/it\/2017\/07\/asgi-vicinanza-allavvocato-gianluca-dicandia\/\"},\"author\":{\"name\":\"ASGI Associazione per gli studi giuridici sull\u2019immigrazione\",\"@id\":\"https:\/\/www.pressenza.com\/it\/#\/schema\/person\/b7b0caf788af126e7c3da8fee8954a1c\"},\"headline\":\"ASGI: vicinanza all&#8217;avvocato Gianluca Dicandia\",\"datePublished\":\"2017-07-15T17:37:17+00:00\",\"dateModified\":\"2017-07-16T15:52:53+00:00\",\"mainEntityOfPage\":{\"@id\":\"https:\/\/www.pressenza.com\/it\/2017\/07\/asgi-vicinanza-allavvocato-gianluca-dicandia\/\"},\"wordCount\":399,\"publisher\":{\"@id\":\"https:\/\/www.pressenza.com\/it\/#organization\"},\"image\":{\"@id\":\"https:\/\/www.pressenza.com\/it\/2017\/07\/asgi-vicinanza-allavvocato-gianluca-dicandia\/#primaryimage\"},\"thumbnailUrl\":\"https:\/\/www.pressenza.com\/wp-content\/uploads\/2017\/07\/dicandia.jpg\",\"keywords\":[\"ASGI\",\"decreto Minniti-Orlando\",\"Gianluca Dicandia\",\"immigrazione\",\"libert\u00e0 di opinione\",\"Resistenze meticce\"],\"articleSection\":[\"Diritti Umani\",\"Europa\",\"Politica\"],\"inLanguage\":\"it-IT\"},{\"@type\":\"WebPage\",\"@id\":\"https:\/\/www.pressenza.com\/it\/2017\/07\/asgi-vicinanza-allavvocato-gianluca-dicandia\/\",\"url\":\"https:\/\/www.pressenza.com\/it\/2017\/07\/asgi-vicinanza-allavvocato-gianluca-dicandia\/\",\"name\":\"ASGI: vicinanza all'avvocato Gianluca Dicandia\",\"isPartOf\":{\"@id\":\"https:\/\/www.pressenza.com\/it\/#website\"},\"primaryImageOfPage\":{\"@id\":\"https:\/\/www.pressenza.com\/it\/2017\/07\/asgi-vicinanza-allavvocato-gianluca-dicandia\/#primaryimage\"},\"image\":{\"@id\":\"https:\/\/www.pressenza.com\/it\/2017\/07\/asgi-vicinanza-allavvocato-gianluca-dicandia\/#primaryimage\"},\"thumbnailUrl\":\"https:\/\/www.pressenza.com\/wp-content\/uploads\/2017\/07\/dicandia.jpg\",\"datePublished\":\"2017-07-15T17:37:17+00:00\",\"dateModified\":\"2017-07-16T15:52:53+00:00\",\"description\":\"Apprendiamo dagli organi di stampa la notizia della contestazione del reato di vilipendio delle istituzioni della Repubblica (art. 290 c.p.) nei confronti\",\"breadcrumb\":{\"@id\":\"https:\/\/www.pressenza.com\/it\/2017\/07\/asgi-vicinanza-allavvocato-gianluca-dicandia\/#breadcrumb\"},\"inLanguage\":\"it-IT\",\"potentialAction\":[{\"@type\":\"ReadAction\",\"target\":[\"https:\/\/www.pressenza.com\/it\/2017\/07\/asgi-vicinanza-allavvocato-gianluca-dicandia\/\"]}]},{\"@type\":\"ImageObject\",\"inLanguage\":\"it-IT\",\"@id\":\"https:\/\/www.pressenza.com\/it\/2017\/07\/asgi-vicinanza-allavvocato-gianluca-dicandia\/#primaryimage\",\"url\":\"https:\/\/www.pressenza.com\/wp-content\/uploads\/2017\/07\/dicandia.jpg\",\"contentUrl\":\"https:\/\/www.pressenza.com\/wp-content\/uploads\/2017\/07\/dicandia.jpg\",\"width\":900,\"height\":450},{\"@type\":\"BreadcrumbList\",\"@id\":\"https:\/\/www.pressenza.com\/it\/2017\/07\/asgi-vicinanza-allavvocato-gianluca-dicandia\/#breadcrumb\",\"itemListElement\":[{\"@type\":\"ListItem\",\"position\":1,\"name\":\"Accueil\",\"item\":\"https:\/\/www.pressenza.com\/it\/\"},{\"@type\":\"ListItem\",\"position\":2,\"name\":\"ASGI: vicinanza all&#8217;avvocato Gianluca Dicandia\"}]},{\"@type\":\"WebSite\",\"@id\":\"https:\/\/www.pressenza.com\/it\/#website\",\"url\":\"https:\/\/www.pressenza.com\/it\/\",\"name\":\"Pressenza\",\"description\":\"Agenzia di Stampa Internazionale\",\"publisher\":{\"@id\":\"https:\/\/www.pressenza.com\/it\/#organization\"},\"potentialAction\":[{\"@type\":\"SearchAction\",\"target\":{\"@type\":\"EntryPoint\",\"urlTemplate\":\"https:\/\/www.pressenza.com\/it\/?s={search_term_string}\"},\"query-input\":{\"@type\":\"PropertyValueSpecification\",\"valueRequired\":true,\"valueName\":\"search_term_string\"}}],\"inLanguage\":\"it-IT\"},{\"@type\":\"Organization\",\"@id\":\"https:\/\/www.pressenza.com\/it\/#organization\",\"name\":\"Pressenza\",\"url\":\"https:\/\/www.pressenza.com\/it\/\",\"logo\":{\"@type\":\"ImageObject\",\"inLanguage\":\"it-IT\",\"@id\":\"https:\/\/www.pressenza.com\/it\/#\/schema\/logo\/image\/\",\"url\":\"https:\/\/www.pressenza.com\/wp-content\/uploads\/2022\/10\/pressenza_logo_200x200.jpg\",\"contentUrl\":\"https:\/\/www.pressenza.com\/wp-content\/uploads\/2022\/10\/pressenza_logo_200x200.jpg\",\"width\":200,\"height\":200,\"caption\":\"Pressenza\"},\"image\":{\"@id\":\"https:\/\/www.pressenza.com\/it\/#\/schema\/logo\/image\/\"},\"sameAs\":[\"https:\/\/www.facebook.com\/PressenzaItalia\",\"https:\/\/x.com\/PressenzaIPA\"]},{\"@type\":\"Person\",\"@id\":\"https:\/\/www.pressenza.com\/it\/#\/schema\/person\/b7b0caf788af126e7c3da8fee8954a1c\",\"name\":\"ASGI Associazione per gli studi giuridici sull\u2019immigrazione\",\"description\":\"http:\/\/www.asgi.it\/\",\"sameAs\":[\"http:\/\/www.asgi.it\/\",\"https:\/\/x.com\/asgi_it\"],\"url\":\"https:\/\/www.pressenza.com\/it\/author\/asgi\/\"}]}<\/script>\n<!-- \/ Yoast SEO plugin. -->","yoast_head_json":{"title":"ASGI: vicinanza all'avvocato Gianluca Dicandia","description":"Apprendiamo dagli organi di stampa la notizia della contestazione del reato di vilipendio delle istituzioni della Repubblica (art. 290 c.p.) nei confronti","robots":{"index":"index","follow":"follow","max-snippet":"max-snippet:-1","max-image-preview":"max-image-preview:large","max-video-preview":"max-video-preview:-1"},"canonical":"https:\/\/www.pressenza.com\/it\/2017\/07\/asgi-vicinanza-allavvocato-gianluca-dicandia\/","og_locale":"it_IT","og_type":"article","og_title":"ASGI: vicinanza all'avvocato Gianluca Dicandia","og_description":"Apprendiamo dagli organi di stampa la notizia della contestazione del reato di vilipendio delle istituzioni della Repubblica (art. 290 c.p.) nei confronti","og_url":"https:\/\/www.pressenza.com\/it\/2017\/07\/asgi-vicinanza-allavvocato-gianluca-dicandia\/","og_site_name":"Pressenza","article_publisher":"https:\/\/www.facebook.com\/PressenzaItalia","article_published_time":"2017-07-15T17:37:17+00:00","article_modified_time":"2017-07-16T15:52:53+00:00","og_image":[{"width":900,"height":450,"url":"https:\/\/www.pressenza.com\/wp-content\/uploads\/2017\/07\/dicandia.jpg","type":"image\/jpeg"}],"author":"ASGI Associazione per gli studi giuridici sull\u2019immigrazione","twitter_card":"summary_large_image","twitter_creator":"@asgi_it","twitter_site":"@PressenzaIPA","twitter_misc":{"Scritto da":"ASGI Associazione per gli studi giuridici sull\u2019immigrazione","Tempo di lettura stimato":"2 minuti"},"schema":{"@context":"https:\/\/schema.org","@graph":[{"@type":"Article","@id":"https:\/\/www.pressenza.com\/it\/2017\/07\/asgi-vicinanza-allavvocato-gianluca-dicandia\/#article","isPartOf":{"@id":"https:\/\/www.pressenza.com\/it\/2017\/07\/asgi-vicinanza-allavvocato-gianluca-dicandia\/"},"author":{"name":"ASGI Associazione per gli studi giuridici sull\u2019immigrazione","@id":"https:\/\/www.pressenza.com\/it\/#\/schema\/person\/b7b0caf788af126e7c3da8fee8954a1c"},"headline":"ASGI: vicinanza all&#8217;avvocato Gianluca Dicandia","datePublished":"2017-07-15T17:37:17+00:00","dateModified":"2017-07-16T15:52:53+00:00","mainEntityOfPage":{"@id":"https:\/\/www.pressenza.com\/it\/2017\/07\/asgi-vicinanza-allavvocato-gianluca-dicandia\/"},"wordCount":399,"publisher":{"@id":"https:\/\/www.pressenza.com\/it\/#organization"},"image":{"@id":"https:\/\/www.pressenza.com\/it\/2017\/07\/asgi-vicinanza-allavvocato-gianluca-dicandia\/#primaryimage"},"thumbnailUrl":"https:\/\/www.pressenza.com\/wp-content\/uploads\/2017\/07\/dicandia.jpg","keywords":["ASGI","decreto Minniti-Orlando","Gianluca Dicandia","immigrazione","libert\u00e0 di opinione","Resistenze meticce"],"articleSection":["Diritti Umani","Europa","Politica"],"inLanguage":"it-IT"},{"@type":"WebPage","@id":"https:\/\/www.pressenza.com\/it\/2017\/07\/asgi-vicinanza-allavvocato-gianluca-dicandia\/","url":"https:\/\/www.pressenza.com\/it\/2017\/07\/asgi-vicinanza-allavvocato-gianluca-dicandia\/","name":"ASGI: vicinanza all'avvocato Gianluca Dicandia","isPartOf":{"@id":"https:\/\/www.pressenza.com\/it\/#website"},"primaryImageOfPage":{"@id":"https:\/\/www.pressenza.com\/it\/2017\/07\/asgi-vicinanza-allavvocato-gianluca-dicandia\/#primaryimage"},"image":{"@id":"https:\/\/www.pressenza.com\/it\/2017\/07\/asgi-vicinanza-allavvocato-gianluca-dicandia\/#primaryimage"},"thumbnailUrl":"https:\/\/www.pressenza.com\/wp-content\/uploads\/2017\/07\/dicandia.jpg","datePublished":"2017-07-15T17:37:17+00:00","dateModified":"2017-07-16T15:52:53+00:00","description":"Apprendiamo dagli organi di stampa la notizia della contestazione del reato di vilipendio delle istituzioni della Repubblica (art. 290 c.p.) nei confronti","breadcrumb":{"@id":"https:\/\/www.pressenza.com\/it\/2017\/07\/asgi-vicinanza-allavvocato-gianluca-dicandia\/#breadcrumb"},"inLanguage":"it-IT","potentialAction":[{"@type":"ReadAction","target":["https:\/\/www.pressenza.com\/it\/2017\/07\/asgi-vicinanza-allavvocato-gianluca-dicandia\/"]}]},{"@type":"ImageObject","inLanguage":"it-IT","@id":"https:\/\/www.pressenza.com\/it\/2017\/07\/asgi-vicinanza-allavvocato-gianluca-dicandia\/#primaryimage","url":"https:\/\/www.pressenza.com\/wp-content\/uploads\/2017\/07\/dicandia.jpg","contentUrl":"https:\/\/www.pressenza.com\/wp-content\/uploads\/2017\/07\/dicandia.jpg","width":900,"height":450},{"@type":"BreadcrumbList","@id":"https:\/\/www.pressenza.com\/it\/2017\/07\/asgi-vicinanza-allavvocato-gianluca-dicandia\/#breadcrumb","itemListElement":[{"@type":"ListItem","position":1,"name":"Accueil","item":"https:\/\/www.pressenza.com\/it\/"},{"@type":"ListItem","position":2,"name":"ASGI: vicinanza all&#8217;avvocato Gianluca Dicandia"}]},{"@type":"WebSite","@id":"https:\/\/www.pressenza.com\/it\/#website","url":"https:\/\/www.pressenza.com\/it\/","name":"Pressenza","description":"Agenzia di Stampa Internazionale","publisher":{"@id":"https:\/\/www.pressenza.com\/it\/#organization"},"potentialAction":[{"@type":"SearchAction","target":{"@type":"EntryPoint","urlTemplate":"https:\/\/www.pressenza.com\/it\/?s={search_term_string}"},"query-input":{"@type":"PropertyValueSpecification","valueRequired":true,"valueName":"search_term_string"}}],"inLanguage":"it-IT"},{"@type":"Organization","@id":"https:\/\/www.pressenza.com\/it\/#organization","name":"Pressenza","url":"https:\/\/www.pressenza.com\/it\/","logo":{"@type":"ImageObject","inLanguage":"it-IT","@id":"https:\/\/www.pressenza.com\/it\/#\/schema\/logo\/image\/","url":"https:\/\/www.pressenza.com\/wp-content\/uploads\/2022\/10\/pressenza_logo_200x200.jpg","contentUrl":"https:\/\/www.pressenza.com\/wp-content\/uploads\/2022\/10\/pressenza_logo_200x200.jpg","width":200,"height":200,"caption":"Pressenza"},"image":{"@id":"https:\/\/www.pressenza.com\/it\/#\/schema\/logo\/image\/"},"sameAs":["https:\/\/www.facebook.com\/PressenzaItalia","https:\/\/x.com\/PressenzaIPA"]},{"@type":"Person","@id":"https:\/\/www.pressenza.com\/it\/#\/schema\/person\/b7b0caf788af126e7c3da8fee8954a1c","name":"ASGI Associazione per gli studi giuridici sull\u2019immigrazione","description":"http:\/\/www.asgi.it\/","sameAs":["http:\/\/www.asgi.it\/","https:\/\/x.com\/asgi_it"],"url":"https:\/\/www.pressenza.com\/it\/author\/asgi\/"}]}},"place":"","original_article_url":"","_links":{"self":[{"href":"https:\/\/www.pressenza.com\/it\/wp-json\/wp\/v2\/posts\/491730","targetHints":{"allow":["GET"]}}],"collection":[{"href":"https:\/\/www.pressenza.com\/it\/wp-json\/wp\/v2\/posts"}],"about":[{"href":"https:\/\/www.pressenza.com\/it\/wp-json\/wp\/v2\/types\/post"}],"author":[{"embeddable":true,"href":"https:\/\/www.pressenza.com\/it\/wp-json\/wp\/v2\/users\/1399"}],"replies":[{"embeddable":true,"href":"https:\/\/www.pressenza.com\/it\/wp-json\/wp\/v2\/comments?post=491730"}],"version-history":[{"count":0,"href":"https:\/\/www.pressenza.com\/it\/wp-json\/wp\/v2\/posts\/491730\/revisions"}],"wp:featuredmedia":[{"embeddable":true,"href":"https:\/\/www.pressenza.com\/it\/wp-json\/wp\/v2\/media\/491731"}],"wp:attachment":[{"href":"https:\/\/www.pressenza.com\/it\/wp-json\/wp\/v2\/media?parent=491730"}],"wp:term":[{"taxonomy":"category","embeddable":true,"href":"https:\/\/www.pressenza.com\/it\/wp-json\/wp\/v2\/categories?post=491730"},{"taxonomy":"post_tag","embeddable":true,"href":"https:\/\/www.pressenza.com\/it\/wp-json\/wp\/v2\/tags?post=491730"}],"curies":[{"name":"wp","href":"https:\/\/api.w.org\/{rel}","templated":true}]}}