{"id":48784,"date":"2013-04-21T08:35:33","date_gmt":"2013-04-21T07:35:33","guid":{"rendered":"http:\/\/www.pressenza.com\/?p=48784"},"modified":"2013-04-21T08:35:45","modified_gmt":"2013-04-21T07:35:45","slug":"no-allopen-day-della-base-dal-molin-a-vicenza","status":"publish","type":"post","link":"https:\/\/www.pressenza.com\/it\/2013\/04\/no-allopen-day-della-base-dal-molin-a-vicenza\/","title":{"rendered":"No all\u2019open day della base Dal Molin a Vicenza"},"content":{"rendered":"<p align=\"left\">Il prossimo\u00a04 maggio si terr\u00e0 presso la nuova base militare statunitense Dal Molin un\u00a0<i>open day<\/i> aperto ai cittadini di Vicenza. Si tratta di un&#8217;iniziativa \u2013 come illustrato dal comandante della Ederle colonnello D. Buckingham\u00a0&#8211;\u00a0che dovrebbe rappresentare un momento di pacificazione con una citt\u00e0 che per anni ha manifestato la sua\u00a0contrariet\u00e0 all\u2019invasiva e progressiva estensione della militarizzazione e alla realizzazione della base, un \u201cecomostro militare\u201d che occupa\u00a0\u00a0 700.000 mq. di territorio sottratto alla citt\u00e0.<\/p>\n<p>Per i cittadini di Vicenza si tratterrebbe non di una\u00a0festa ma dell&#8217;ennesimo oltraggio ad una citt\u00e0 gi\u00e0 umiliata e ferita. Insulto che si aggiunge a quelli gi\u00e0 ricevuti, quali il divieto di poter svolgere una consultazione popolare, di ottenere una Valutazione di Impatto Ambientale (V.I.A), come prevede e impone la legge, e alla negazione delle responsabilit\u00e0 da parte dei militari statunitensi nella distruzione del reticolo di drenaggi, nonostante l\u2019evidenza e gli studi tecnici dimostrino esattamente il contrario.<\/p>\n<p>Chiediamo che tale proposta venga ritirata, nel rispetto dei moltissimi cittadini vicentini che in questi anni hanno espresso in modo democratico la loro contrariet\u00e0 alla costruzione di questa ennesima base di guerra, che fa di Vicenza la citt\u00e0 pi\u00f9 militarizzata d\u2019Europa.<\/p>\n<p>Continueremo a denunciare ogni forma di complicit\u00e0 con le guerre in corso, a manifestare contro ogni tipo di militarizzazione del territorio, a lottare per una citt\u00e0 libera dalle basi, per l\u2019affermazione di una citt\u00e0 di pace.<\/p>\n<p>Proprio per questo il 25 aprile saremo presenti con le nostre bandiere, simbolo della Pace, alla manifestazione organizzata in Piazza dei Signori, per ribadire che dal 25 aprile 1945 al 25 aprile 2013 a Vicenza gli statunitensi sono passati dall\u2019essere liberatori, al fianco dei partigiani e degli alleati,\u00a0 ad essere occupanti e il nostro suolo dall\u2019essere Repubblica sovrana all\u2019essere colonia.<\/p>\n<p>Beati i Costruttori di Pace<\/p>\n<p>Coordinamento dei Comitati<\/p>\n<p>Cristiani per la Pace<\/p>\n<p>Donne in Rete per la Pace<\/p>\n<p>Emergency<\/p>\n<p>Famiglie per la Pace<\/p>\n<p>Femminile Plurale<\/p>\n<p>Gruppo Donne No Dal Molin<\/p>\n<p>MIR\/IFOR Movimento Internazionale della Riconciliazione<\/p>\n<p>Movimento Non Violento<\/p>\n<p>Presidio Permanente<\/p>\n<p>Sinistra Ecologia e Libert\u00e0<\/p>\n<p>USB<\/p>\n<p>Vicenza Libera No Dal Molin<\/p>\n","protected":false},"excerpt":{"rendered":"<p>Il prossimo\u00a04 maggio si terr\u00e0 presso la nuova base militare statunitense Dal Molin un\u00a0open day aperto ai cittadini di Vicenza. Si tratta di un&#8217;iniziativa \u2013 come illustrato dal comandante della Ederle colonnello D. Buckingham\u00a0&#8211;\u00a0che dovrebbe rappresentare un momento di pacificazione&hellip;<\/p>\n","protected":false},"author":594,"featured_media":48785,"comment_status":"closed","ping_status":"open","sticky":false,"template":"","format":"standard","meta":{"footnotes":""},"categories":[150,47,1262,1263],"tags":[4668,4667,385],"class_list":["post-48784","post","type-post","status-publish","format-standard","has-post-thumbnail","hentry","category-comunicati-stampa","category-europa","category-nonviolenza-argomento","category-pace-disarmo","tag-25-aprile","tag-base-dal-molin","tag-vicenza"],"yoast_head":"<!-- This site is optimized with the Yoast SEO plugin v27.1.1 - https:\/\/yoast.com\/product\/yoast-seo-wordpress\/ -->\n<title>No all\u2019open day della base Dal Molin a Vicenza<\/title>\n<meta name=\"description\" content=\"Il prossimo\u00a04 maggio si terr\u00e0 presso la nuova base militare statunitense Dal Molin un\u00a0open day aperto ai cittadini di Vicenza. Si tratta di un&#039;iniziativa\" \/>\n<meta name=\"robots\" content=\"index, follow, max-snippet:-1, max-image-preview:large, max-video-preview:-1\" \/>\n<link rel=\"canonical\" href=\"https:\/\/www.pressenza.com\/it\/2013\/04\/no-allopen-day-della-base-dal-molin-a-vicenza\/\" \/>\n<meta property=\"og:locale\" content=\"it_IT\" \/>\n<meta property=\"og:type\" content=\"article\" \/>\n<meta property=\"og:title\" content=\"No all\u2019open day della base Dal Molin a Vicenza\" \/>\n<meta property=\"og:description\" content=\"Il prossimo\u00a04 maggio si terr\u00e0 presso la nuova base militare statunitense Dal Molin un\u00a0open day aperto ai cittadini di Vicenza. Si tratta di un&#039;iniziativa\" \/>\n<meta property=\"og:url\" content=\"https:\/\/www.pressenza.com\/it\/2013\/04\/no-allopen-day-della-base-dal-molin-a-vicenza\/\" \/>\n<meta property=\"og:site_name\" content=\"Pressenza\" \/>\n<meta property=\"article:publisher\" content=\"https:\/\/www.facebook.com\/PressenzaItalia\" \/>\n<meta property=\"article:author\" content=\"https:\/\/www.facebook.com\/PressenzaItalia\" \/>\n<meta property=\"article:published_time\" content=\"2013-04-21T07:35:33+00:00\" \/>\n<meta property=\"article:modified_time\" content=\"2013-04-21T07:35:45+00:00\" \/>\n<meta property=\"og:image\" content=\"https:\/\/www.pressenza.com\/wp-content\/uploads\/2013\/04\/vicenza-longare.jpg\" \/>\n\t<meta property=\"og:image:width\" content=\"200\" \/>\n\t<meta property=\"og:image:height\" content=\"134\" \/>\n\t<meta property=\"og:image:type\" content=\"image\/jpeg\" \/>\n<meta name=\"author\" content=\"Redazione Italia\" \/>\n<meta name=\"twitter:card\" content=\"summary_large_image\" \/>\n<meta name=\"twitter:creator\" content=\"@pressenza_it\" \/>\n<meta name=\"twitter:site\" content=\"@PressenzaIPA\" \/>\n<meta name=\"twitter:label1\" content=\"Scritto da\" \/>\n\t<meta name=\"twitter:data1\" content=\"Redazione Italia\" \/>\n\t<meta name=\"twitter:label2\" content=\"Tempo di lettura stimato\" \/>\n\t<meta name=\"twitter:data2\" content=\"2 minuti\" \/>\n<script type=\"application\/ld+json\" class=\"yoast-schema-graph\">{\"@context\":\"https:\/\/schema.org\",\"@graph\":[{\"@type\":\"Article\",\"@id\":\"https:\/\/www.pressenza.com\/it\/2013\/04\/no-allopen-day-della-base-dal-molin-a-vicenza\/#article\",\"isPartOf\":{\"@id\":\"https:\/\/www.pressenza.com\/it\/2013\/04\/no-allopen-day-della-base-dal-molin-a-vicenza\/\"},\"author\":{\"name\":\"Redazione Italia\",\"@id\":\"https:\/\/www.pressenza.com\/it\/#\/schema\/person\/d983e81827ae24f2c7b1a2123d197f8d\"},\"headline\":\"No all\u2019open day della base Dal Molin a Vicenza\",\"datePublished\":\"2013-04-21T07:35:33+00:00\",\"dateModified\":\"2013-04-21T07:35:45+00:00\",\"mainEntityOfPage\":{\"@id\":\"https:\/\/www.pressenza.com\/it\/2013\/04\/no-allopen-day-della-base-dal-molin-a-vicenza\/\"},\"wordCount\":357,\"publisher\":{\"@id\":\"https:\/\/www.pressenza.com\/it\/#organization\"},\"image\":{\"@id\":\"https:\/\/www.pressenza.com\/it\/2013\/04\/no-allopen-day-della-base-dal-molin-a-vicenza\/#primaryimage\"},\"thumbnailUrl\":\"https:\/\/www.pressenza.com\/wp-content\/uploads\/2013\/04\/vicenza-longare.jpg\",\"keywords\":[\"25 aprile\",\"base Dal Molin\",\"Vicenza\"],\"articleSection\":[\"Comunicati Stampa\",\"Europa\",\"Nonviolenza\",\"Pace e Disarmo\"],\"inLanguage\":\"it-IT\"},{\"@type\":\"WebPage\",\"@id\":\"https:\/\/www.pressenza.com\/it\/2013\/04\/no-allopen-day-della-base-dal-molin-a-vicenza\/\",\"url\":\"https:\/\/www.pressenza.com\/it\/2013\/04\/no-allopen-day-della-base-dal-molin-a-vicenza\/\",\"name\":\"No all\u2019open day della base Dal Molin a Vicenza\",\"isPartOf\":{\"@id\":\"https:\/\/www.pressenza.com\/it\/#website\"},\"primaryImageOfPage\":{\"@id\":\"https:\/\/www.pressenza.com\/it\/2013\/04\/no-allopen-day-della-base-dal-molin-a-vicenza\/#primaryimage\"},\"image\":{\"@id\":\"https:\/\/www.pressenza.com\/it\/2013\/04\/no-allopen-day-della-base-dal-molin-a-vicenza\/#primaryimage\"},\"thumbnailUrl\":\"https:\/\/www.pressenza.com\/wp-content\/uploads\/2013\/04\/vicenza-longare.jpg\",\"datePublished\":\"2013-04-21T07:35:33+00:00\",\"dateModified\":\"2013-04-21T07:35:45+00:00\",\"description\":\"Il prossimo\u00a04 maggio si terr\u00e0 presso la nuova base militare statunitense Dal Molin un\u00a0open day aperto ai cittadini di Vicenza. Si tratta di un'iniziativa\",\"breadcrumb\":{\"@id\":\"https:\/\/www.pressenza.com\/it\/2013\/04\/no-allopen-day-della-base-dal-molin-a-vicenza\/#breadcrumb\"},\"inLanguage\":\"it-IT\",\"potentialAction\":[{\"@type\":\"ReadAction\",\"target\":[\"https:\/\/www.pressenza.com\/it\/2013\/04\/no-allopen-day-della-base-dal-molin-a-vicenza\/\"]}]},{\"@type\":\"ImageObject\",\"inLanguage\":\"it-IT\",\"@id\":\"https:\/\/www.pressenza.com\/it\/2013\/04\/no-allopen-day-della-base-dal-molin-a-vicenza\/#primaryimage\",\"url\":\"https:\/\/www.pressenza.com\/wp-content\/uploads\/2013\/04\/vicenza-longare.jpg\",\"contentUrl\":\"https:\/\/www.pressenza.com\/wp-content\/uploads\/2013\/04\/vicenza-longare.jpg\",\"width\":200,\"height\":134},{\"@type\":\"BreadcrumbList\",\"@id\":\"https:\/\/www.pressenza.com\/it\/2013\/04\/no-allopen-day-della-base-dal-molin-a-vicenza\/#breadcrumb\",\"itemListElement\":[{\"@type\":\"ListItem\",\"position\":1,\"name\":\"Accueil\",\"item\":\"https:\/\/www.pressenza.com\/it\/\"},{\"@type\":\"ListItem\",\"position\":2,\"name\":\"No all\u2019open day della base Dal Molin a Vicenza\"}]},{\"@type\":\"WebSite\",\"@id\":\"https:\/\/www.pressenza.com\/it\/#website\",\"url\":\"https:\/\/www.pressenza.com\/it\/\",\"name\":\"Pressenza\",\"description\":\"Agenzia di Stampa Internazionale\",\"publisher\":{\"@id\":\"https:\/\/www.pressenza.com\/it\/#organization\"},\"potentialAction\":[{\"@type\":\"SearchAction\",\"target\":{\"@type\":\"EntryPoint\",\"urlTemplate\":\"https:\/\/www.pressenza.com\/it\/?s={search_term_string}\"},\"query-input\":{\"@type\":\"PropertyValueSpecification\",\"valueRequired\":true,\"valueName\":\"search_term_string\"}}],\"inLanguage\":\"it-IT\"},{\"@type\":\"Organization\",\"@id\":\"https:\/\/www.pressenza.com\/it\/#organization\",\"name\":\"Pressenza\",\"url\":\"https:\/\/www.pressenza.com\/it\/\",\"logo\":{\"@type\":\"ImageObject\",\"inLanguage\":\"it-IT\",\"@id\":\"https:\/\/www.pressenza.com\/it\/#\/schema\/logo\/image\/\",\"url\":\"https:\/\/www.pressenza.com\/wp-content\/uploads\/2022\/10\/pressenza_logo_200x200.jpg\",\"contentUrl\":\"https:\/\/www.pressenza.com\/wp-content\/uploads\/2022\/10\/pressenza_logo_200x200.jpg\",\"width\":200,\"height\":200,\"caption\":\"Pressenza\"},\"image\":{\"@id\":\"https:\/\/www.pressenza.com\/it\/#\/schema\/logo\/image\/\"},\"sameAs\":[\"https:\/\/www.facebook.com\/PressenzaItalia\",\"https:\/\/x.com\/PressenzaIPA\"]},{\"@type\":\"Person\",\"@id\":\"https:\/\/www.pressenza.com\/it\/#\/schema\/person\/d983e81827ae24f2c7b1a2123d197f8d\",\"name\":\"Redazione Italia\",\"description\":\"News from the Pressenza Bureau in Italy\",\"sameAs\":[\"https:\/\/www.pressenza.com\/it\/author\/redazione-italia\/\",\"https:\/\/www.facebook.com\/PressenzaItalia\",\"https:\/\/www.instagram.com\/pressenza_italia\/\",\"https:\/\/x.com\/pressenza_it\",\"https:\/\/www.youtube.com\/channel\/UCSalEIWjE1RSxkwjfftFuqg\"],\"url\":\"https:\/\/www.pressenza.com\/it\/author\/redazione-italia\/\"}]}<\/script>\n<!-- \/ Yoast SEO plugin. -->","yoast_head_json":{"title":"No all\u2019open day della base Dal Molin a Vicenza","description":"Il prossimo\u00a04 maggio si terr\u00e0 presso la nuova base militare statunitense Dal Molin un\u00a0open day aperto ai cittadini di Vicenza. Si tratta di un'iniziativa","robots":{"index":"index","follow":"follow","max-snippet":"max-snippet:-1","max-image-preview":"max-image-preview:large","max-video-preview":"max-video-preview:-1"},"canonical":"https:\/\/www.pressenza.com\/it\/2013\/04\/no-allopen-day-della-base-dal-molin-a-vicenza\/","og_locale":"it_IT","og_type":"article","og_title":"No all\u2019open day della base Dal Molin a Vicenza","og_description":"Il prossimo\u00a04 maggio si terr\u00e0 presso la nuova base militare statunitense Dal Molin un\u00a0open day aperto ai cittadini di Vicenza. Si tratta di un'iniziativa","og_url":"https:\/\/www.pressenza.com\/it\/2013\/04\/no-allopen-day-della-base-dal-molin-a-vicenza\/","og_site_name":"Pressenza","article_publisher":"https:\/\/www.facebook.com\/PressenzaItalia","article_author":"https:\/\/www.facebook.com\/PressenzaItalia","article_published_time":"2013-04-21T07:35:33+00:00","article_modified_time":"2013-04-21T07:35:45+00:00","og_image":[{"width":200,"height":134,"url":"https:\/\/www.pressenza.com\/wp-content\/uploads\/2013\/04\/vicenza-longare.jpg","type":"image\/jpeg"}],"author":"Redazione Italia","twitter_card":"summary_large_image","twitter_creator":"@pressenza_it","twitter_site":"@PressenzaIPA","twitter_misc":{"Scritto da":"Redazione Italia","Tempo di lettura stimato":"2 minuti"},"schema":{"@context":"https:\/\/schema.org","@graph":[{"@type":"Article","@id":"https:\/\/www.pressenza.com\/it\/2013\/04\/no-allopen-day-della-base-dal-molin-a-vicenza\/#article","isPartOf":{"@id":"https:\/\/www.pressenza.com\/it\/2013\/04\/no-allopen-day-della-base-dal-molin-a-vicenza\/"},"author":{"name":"Redazione Italia","@id":"https:\/\/www.pressenza.com\/it\/#\/schema\/person\/d983e81827ae24f2c7b1a2123d197f8d"},"headline":"No all\u2019open day della base Dal Molin a Vicenza","datePublished":"2013-04-21T07:35:33+00:00","dateModified":"2013-04-21T07:35:45+00:00","mainEntityOfPage":{"@id":"https:\/\/www.pressenza.com\/it\/2013\/04\/no-allopen-day-della-base-dal-molin-a-vicenza\/"},"wordCount":357,"publisher":{"@id":"https:\/\/www.pressenza.com\/it\/#organization"},"image":{"@id":"https:\/\/www.pressenza.com\/it\/2013\/04\/no-allopen-day-della-base-dal-molin-a-vicenza\/#primaryimage"},"thumbnailUrl":"https:\/\/www.pressenza.com\/wp-content\/uploads\/2013\/04\/vicenza-longare.jpg","keywords":["25 aprile","base Dal Molin","Vicenza"],"articleSection":["Comunicati Stampa","Europa","Nonviolenza","Pace e Disarmo"],"inLanguage":"it-IT"},{"@type":"WebPage","@id":"https:\/\/www.pressenza.com\/it\/2013\/04\/no-allopen-day-della-base-dal-molin-a-vicenza\/","url":"https:\/\/www.pressenza.com\/it\/2013\/04\/no-allopen-day-della-base-dal-molin-a-vicenza\/","name":"No all\u2019open day della base Dal Molin a Vicenza","isPartOf":{"@id":"https:\/\/www.pressenza.com\/it\/#website"},"primaryImageOfPage":{"@id":"https:\/\/www.pressenza.com\/it\/2013\/04\/no-allopen-day-della-base-dal-molin-a-vicenza\/#primaryimage"},"image":{"@id":"https:\/\/www.pressenza.com\/it\/2013\/04\/no-allopen-day-della-base-dal-molin-a-vicenza\/#primaryimage"},"thumbnailUrl":"https:\/\/www.pressenza.com\/wp-content\/uploads\/2013\/04\/vicenza-longare.jpg","datePublished":"2013-04-21T07:35:33+00:00","dateModified":"2013-04-21T07:35:45+00:00","description":"Il prossimo\u00a04 maggio si terr\u00e0 presso la nuova base militare statunitense Dal Molin un\u00a0open day aperto ai cittadini di Vicenza. Si tratta di un'iniziativa","breadcrumb":{"@id":"https:\/\/www.pressenza.com\/it\/2013\/04\/no-allopen-day-della-base-dal-molin-a-vicenza\/#breadcrumb"},"inLanguage":"it-IT","potentialAction":[{"@type":"ReadAction","target":["https:\/\/www.pressenza.com\/it\/2013\/04\/no-allopen-day-della-base-dal-molin-a-vicenza\/"]}]},{"@type":"ImageObject","inLanguage":"it-IT","@id":"https:\/\/www.pressenza.com\/it\/2013\/04\/no-allopen-day-della-base-dal-molin-a-vicenza\/#primaryimage","url":"https:\/\/www.pressenza.com\/wp-content\/uploads\/2013\/04\/vicenza-longare.jpg","contentUrl":"https:\/\/www.pressenza.com\/wp-content\/uploads\/2013\/04\/vicenza-longare.jpg","width":200,"height":134},{"@type":"BreadcrumbList","@id":"https:\/\/www.pressenza.com\/it\/2013\/04\/no-allopen-day-della-base-dal-molin-a-vicenza\/#breadcrumb","itemListElement":[{"@type":"ListItem","position":1,"name":"Accueil","item":"https:\/\/www.pressenza.com\/it\/"},{"@type":"ListItem","position":2,"name":"No all\u2019open day della base Dal Molin a Vicenza"}]},{"@type":"WebSite","@id":"https:\/\/www.pressenza.com\/it\/#website","url":"https:\/\/www.pressenza.com\/it\/","name":"Pressenza","description":"Agenzia di Stampa Internazionale","publisher":{"@id":"https:\/\/www.pressenza.com\/it\/#organization"},"potentialAction":[{"@type":"SearchAction","target":{"@type":"EntryPoint","urlTemplate":"https:\/\/www.pressenza.com\/it\/?s={search_term_string}"},"query-input":{"@type":"PropertyValueSpecification","valueRequired":true,"valueName":"search_term_string"}}],"inLanguage":"it-IT"},{"@type":"Organization","@id":"https:\/\/www.pressenza.com\/it\/#organization","name":"Pressenza","url":"https:\/\/www.pressenza.com\/it\/","logo":{"@type":"ImageObject","inLanguage":"it-IT","@id":"https:\/\/www.pressenza.com\/it\/#\/schema\/logo\/image\/","url":"https:\/\/www.pressenza.com\/wp-content\/uploads\/2022\/10\/pressenza_logo_200x200.jpg","contentUrl":"https:\/\/www.pressenza.com\/wp-content\/uploads\/2022\/10\/pressenza_logo_200x200.jpg","width":200,"height":200,"caption":"Pressenza"},"image":{"@id":"https:\/\/www.pressenza.com\/it\/#\/schema\/logo\/image\/"},"sameAs":["https:\/\/www.facebook.com\/PressenzaItalia","https:\/\/x.com\/PressenzaIPA"]},{"@type":"Person","@id":"https:\/\/www.pressenza.com\/it\/#\/schema\/person\/d983e81827ae24f2c7b1a2123d197f8d","name":"Redazione Italia","description":"News from the Pressenza Bureau in Italy","sameAs":["https:\/\/www.pressenza.com\/it\/author\/redazione-italia\/","https:\/\/www.facebook.com\/PressenzaItalia","https:\/\/www.instagram.com\/pressenza_italia\/","https:\/\/x.com\/pressenza_it","https:\/\/www.youtube.com\/channel\/UCSalEIWjE1RSxkwjfftFuqg"],"url":"https:\/\/www.pressenza.com\/it\/author\/redazione-italia\/"}]}},"place":"","original_article_url":"","_links":{"self":[{"href":"https:\/\/www.pressenza.com\/it\/wp-json\/wp\/v2\/posts\/48784","targetHints":{"allow":["GET"]}}],"collection":[{"href":"https:\/\/www.pressenza.com\/it\/wp-json\/wp\/v2\/posts"}],"about":[{"href":"https:\/\/www.pressenza.com\/it\/wp-json\/wp\/v2\/types\/post"}],"author":[{"embeddable":true,"href":"https:\/\/www.pressenza.com\/it\/wp-json\/wp\/v2\/users\/594"}],"replies":[{"embeddable":true,"href":"https:\/\/www.pressenza.com\/it\/wp-json\/wp\/v2\/comments?post=48784"}],"version-history":[{"count":0,"href":"https:\/\/www.pressenza.com\/it\/wp-json\/wp\/v2\/posts\/48784\/revisions"}],"wp:featuredmedia":[{"embeddable":true,"href":"https:\/\/www.pressenza.com\/it\/wp-json\/wp\/v2\/media\/48785"}],"wp:attachment":[{"href":"https:\/\/www.pressenza.com\/it\/wp-json\/wp\/v2\/media?parent=48784"}],"wp:term":[{"taxonomy":"category","embeddable":true,"href":"https:\/\/www.pressenza.com\/it\/wp-json\/wp\/v2\/categories?post=48784"},{"taxonomy":"post_tag","embeddable":true,"href":"https:\/\/www.pressenza.com\/it\/wp-json\/wp\/v2\/tags?post=48784"}],"curies":[{"name":"wp","href":"https:\/\/api.w.org\/{rel}","templated":true}]}}