{"id":486936,"date":"2017-07-05T17:45:50","date_gmt":"2017-07-05T16:45:50","guid":{"rendered":"https:\/\/www.pressenza.com\/?p=486936\/"},"modified":"2017-07-05T17:47:26","modified_gmt":"2017-07-05T16:47:26","slug":"ceta-no-alla-ratifica-protesta-montecitorio-associazioni-sindacati-regioni","status":"publish","type":"post","link":"https:\/\/www.pressenza.com\/it\/2017\/07\/ceta-no-alla-ratifica-protesta-montecitorio-associazioni-sindacati-regioni\/","title":{"rendered":"CETA, no alla ratifica: protesta a Montecitorio con associazioni, sindacati e Regioni"},"content":{"rendered":"<p>Migliaia di persone hanno manifestato stamattina in piazza Montecitorio per dire <strong>no alla ratifica del CETA<\/strong>, l\u2019accordo di commerciale tra Unione Europea e Canada. Il sit in, organizzato da<strong> Coldiretti insieme alla campagna Stop TTIP Italia, Cgil, Arci, Adusbef, Movimento Consumatori, Legambiente, Greenpeace, Slow Food, Federconsumatori, Acli Terra e Fair Watch<\/strong>, ha visto la partecipazione di deputati e senatori di diversi schieramenti: da Articolo 1 a Sinistra Italiana, dal Movimento 5 Stelle a Fratelli d\u2019Italia, Lega Nord, Gruppo Misto, Rifondazione Comunista e anche esponenti del Partito Democratico. Tutti critici verso un trattato che \u2013 denunciano le sigle organizzatrici della manifestazione \u2013 causerebbe <strong>danni sostanziali all\u2019agricoltura italiana, alle produzioni di qualit\u00e0, ridurrebbe i diritti del lavoro e aprirebbe all\u2019importazione di sostanze chimiche vietate e combustibili inquinanti, minando conquiste sociali e standard ambientali<\/strong>. Il principio di precauzione potrebbe essere messo in secondo piano rispetto alle esigenze del commercio, con possibili ripercussioni sulla sicurezza alimentare e la salute dei cittadini. Preoccupazioni anche per i servizi pubblici, che il CETA non proteggerebbe a dovere, cos\u00ec come per il temuto <strong>tribunale speciale per gli investimenti<\/strong>, grazie al quale le grandi imprese estere potrebbero chiedere compensazioni virtualmente illimitate agli stati che approvassero regolamentazioni lesive dei loro investimenti.<span id=\"more-5269\"><\/span><\/p>\n<p>\u201cLa fretta che governo e maggioranza stanno imprimendo al percorso di approvazione del CETA \u00e8 immotivata \u2013 dichiara <strong>Monica di Sisto, portavoce della campagna Stop TTIP Italia<\/strong> \u2013 Il trattato contiene delle imprecisioni tecniche che ne stanno influenzando i tempi di implementazione. Per questo prima del 2018 n\u00e9 l\u2019Italia n\u00e9 altri paesi europei potranno utilizzarlo per le loro esportazioni. Perch\u00e9 non prendersi questo tempo per riaprire una discussione seria in Europa sul commercio che davvero pu\u00f2 portare benefici a produttori e consumatori? I potenziali impatti di un simile trattato, che <strong>apre le porte alle imprese statunitensi sebbene il TTIP<\/strong> <strong>sia stato congelato<\/strong>, vanno approfonditi e le stime di impatto calcolate seriamente. Per questo chiediamo con forza che si sospenda il processo di ratifica e si riapra una consultazione nazionale e a livello europeo che \u00e8 mancata in questi anni per la scarsa trasparenza dei negoziati\u201d.<\/p>\n<p><strong>La richiesta di fermare la ratifica dell\u2019accordo UE-Canada, prevista per il 25-27 luglio<\/strong>, <strong>viene anche da numerose Regioni<\/strong>, che in questi giorni si sono schierate con delibere di dissenso nei confronti del CETA. Sul palco della manifestazione odierna hanno annunciato il loro \u201cno\u201d il presidente del Veneto, Luca Zaia e l\u2019assessore all\u2019agricoltura del Piemonte, Giorgio Ferrero. Allineate anche la Puglia, la Liguria, la Lombardia e il Lazio, che con un tweet del presidente Zingaretti ha annunciato ieri la sua opposizione al CETA. <strong>Un fronte che si allarga in queste ore<\/strong>, con la richiesta alla politica di approfondire la questione in Parlamento prima di assumere \u201cuna decisione di ratifica che porterebbe ad un\u2019indiscriminata liberalizzazione e deregolamentazione degli scambi con una vera e propria svendita del Made in Italy\u201d.<\/p>\n","protected":false},"excerpt":{"rendered":"<p>Migliaia di persone hanno manifestato stamattina in piazza Montecitorio per dire no alla ratifica del CETA, l\u2019accordo di commerciale tra Unione Europea e Canada. Il sit in, organizzato da Coldiretti insieme alla campagna Stop TTIP Italia, Cgil, Arci, Adusbef, Movimento&hellip;<\/p>\n","protected":false},"author":1312,"featured_media":486938,"comment_status":"closed","ping_status":"closed","sticky":false,"template":"","format":"standard","meta":{"footnotes":""},"categories":[62,47,38,55],"tags":[7363,19927,5877],"class_list":["post-486936","post","type-post","status-publish","format-standard","has-post-thumbnail","hentry","category-economia","category-europa","category-internazionale","category-politica","tag-ceta-it","tag-montecitorio","tag-ratifica"],"yoast_head":"<!-- This site is optimized with the Yoast SEO plugin v27.1.1 - https:\/\/yoast.com\/product\/yoast-seo-wordpress\/ -->\n<title>CETA, no alla ratifica: protesta a Montecitorio con associazioni, sindacati e Regioni<\/title>\n<meta name=\"description\" content=\"In migliaia hanno manifestato stamattina in piazza Montecitorio per dire no alla ratifica del CETA, l\u2019accordo di commerciale tra Unione Europea e Canada.\" \/>\n<meta name=\"robots\" content=\"index, follow, max-snippet:-1, max-image-preview:large, max-video-preview:-1\" \/>\n<link rel=\"canonical\" href=\"https:\/\/www.pressenza.com\/it\/2017\/07\/ceta-no-alla-ratifica-protesta-montecitorio-associazioni-sindacati-regioni\/\" \/>\n<meta property=\"og:locale\" content=\"it_IT\" \/>\n<meta property=\"og:type\" content=\"article\" \/>\n<meta property=\"og:title\" content=\"CETA, no alla ratifica: protesta a Montecitorio con associazioni, sindacati e Regioni\" \/>\n<meta property=\"og:description\" content=\"In migliaia hanno manifestato stamattina in piazza Montecitorio per dire no alla ratifica del CETA, l\u2019accordo di commerciale tra Unione Europea e Canada.\" \/>\n<meta property=\"og:url\" content=\"https:\/\/www.pressenza.com\/it\/2017\/07\/ceta-no-alla-ratifica-protesta-montecitorio-associazioni-sindacati-regioni\/\" \/>\n<meta property=\"og:site_name\" content=\"Pressenza\" \/>\n<meta property=\"article:publisher\" content=\"https:\/\/www.facebook.com\/PressenzaItalia\" \/>\n<meta property=\"article:published_time\" content=\"2017-07-05T16:45:50+00:00\" \/>\n<meta property=\"article:modified_time\" content=\"2017-07-05T16:47:26+00:00\" \/>\n<meta property=\"og:image\" content=\"https:\/\/www.pressenza.com\/wp-content\/uploads\/2017\/07\/ceta-no-alla-ratifica-protesta-a-montecitorio.jpg\" \/>\n\t<meta property=\"og:image:width\" content=\"604\" \/>\n\t<meta property=\"og:image:height\" content=\"340\" \/>\n\t<meta property=\"og:image:type\" content=\"image\/jpeg\" \/>\n<meta name=\"author\" content=\"Stop TTIP Italia\" \/>\n<meta name=\"twitter:card\" content=\"summary_large_image\" \/>\n<meta name=\"twitter:creator\" content=\"@PressenzaIPA\" \/>\n<meta name=\"twitter:site\" content=\"@PressenzaIPA\" \/>\n<meta name=\"twitter:label1\" content=\"Scritto da\" \/>\n\t<meta name=\"twitter:data1\" content=\"Stop TTIP Italia\" \/>\n\t<meta name=\"twitter:label2\" content=\"Tempo di lettura stimato\" \/>\n\t<meta name=\"twitter:data2\" content=\"2 minuti\" \/>\n<script type=\"application\/ld+json\" class=\"yoast-schema-graph\">{\"@context\":\"https:\/\/schema.org\",\"@graph\":[{\"@type\":\"Article\",\"@id\":\"https:\/\/www.pressenza.com\/it\/2017\/07\/ceta-no-alla-ratifica-protesta-montecitorio-associazioni-sindacati-regioni\/#article\",\"isPartOf\":{\"@id\":\"https:\/\/www.pressenza.com\/it\/2017\/07\/ceta-no-alla-ratifica-protesta-montecitorio-associazioni-sindacati-regioni\/\"},\"author\":{\"name\":\"Stop TTIP Italia\",\"@id\":\"https:\/\/www.pressenza.com\/it\/#\/schema\/person\/c0501dbec9d707cf205836a6ab4ac41f\"},\"headline\":\"CETA, no alla ratifica: protesta a Montecitorio con associazioni, sindacati e Regioni\",\"datePublished\":\"2017-07-05T16:45:50+00:00\",\"dateModified\":\"2017-07-05T16:47:26+00:00\",\"mainEntityOfPage\":{\"@id\":\"https:\/\/www.pressenza.com\/it\/2017\/07\/ceta-no-alla-ratifica-protesta-montecitorio-associazioni-sindacati-regioni\/\"},\"wordCount\":485,\"publisher\":{\"@id\":\"https:\/\/www.pressenza.com\/it\/#organization\"},\"image\":{\"@id\":\"https:\/\/www.pressenza.com\/it\/2017\/07\/ceta-no-alla-ratifica-protesta-montecitorio-associazioni-sindacati-regioni\/#primaryimage\"},\"thumbnailUrl\":\"https:\/\/www.pressenza.com\/wp-content\/uploads\/2017\/07\/ceta-no-alla-ratifica-protesta-a-montecitorio.jpg\",\"keywords\":[\"CETA\",\"Montecitorio\",\"ratifica\"],\"articleSection\":[\"Economia\",\"Europa\",\"Internazionale\",\"Politica\"],\"inLanguage\":\"it-IT\"},{\"@type\":\"WebPage\",\"@id\":\"https:\/\/www.pressenza.com\/it\/2017\/07\/ceta-no-alla-ratifica-protesta-montecitorio-associazioni-sindacati-regioni\/\",\"url\":\"https:\/\/www.pressenza.com\/it\/2017\/07\/ceta-no-alla-ratifica-protesta-montecitorio-associazioni-sindacati-regioni\/\",\"name\":\"CETA, no alla ratifica: protesta a Montecitorio con associazioni, sindacati e Regioni\",\"isPartOf\":{\"@id\":\"https:\/\/www.pressenza.com\/it\/#website\"},\"primaryImageOfPage\":{\"@id\":\"https:\/\/www.pressenza.com\/it\/2017\/07\/ceta-no-alla-ratifica-protesta-montecitorio-associazioni-sindacati-regioni\/#primaryimage\"},\"image\":{\"@id\":\"https:\/\/www.pressenza.com\/it\/2017\/07\/ceta-no-alla-ratifica-protesta-montecitorio-associazioni-sindacati-regioni\/#primaryimage\"},\"thumbnailUrl\":\"https:\/\/www.pressenza.com\/wp-content\/uploads\/2017\/07\/ceta-no-alla-ratifica-protesta-a-montecitorio.jpg\",\"datePublished\":\"2017-07-05T16:45:50+00:00\",\"dateModified\":\"2017-07-05T16:47:26+00:00\",\"description\":\"In migliaia hanno manifestato stamattina in piazza Montecitorio per dire no alla ratifica del CETA, l\u2019accordo di commerciale tra Unione Europea e Canada.\",\"breadcrumb\":{\"@id\":\"https:\/\/www.pressenza.com\/it\/2017\/07\/ceta-no-alla-ratifica-protesta-montecitorio-associazioni-sindacati-regioni\/#breadcrumb\"},\"inLanguage\":\"it-IT\",\"potentialAction\":[{\"@type\":\"ReadAction\",\"target\":[\"https:\/\/www.pressenza.com\/it\/2017\/07\/ceta-no-alla-ratifica-protesta-montecitorio-associazioni-sindacati-regioni\/\"]}]},{\"@type\":\"ImageObject\",\"inLanguage\":\"it-IT\",\"@id\":\"https:\/\/www.pressenza.com\/it\/2017\/07\/ceta-no-alla-ratifica-protesta-montecitorio-associazioni-sindacati-regioni\/#primaryimage\",\"url\":\"https:\/\/www.pressenza.com\/wp-content\/uploads\/2017\/07\/ceta-no-alla-ratifica-protesta-a-montecitorio.jpg\",\"contentUrl\":\"https:\/\/www.pressenza.com\/wp-content\/uploads\/2017\/07\/ceta-no-alla-ratifica-protesta-a-montecitorio.jpg\",\"width\":604,\"height\":340},{\"@type\":\"BreadcrumbList\",\"@id\":\"https:\/\/www.pressenza.com\/it\/2017\/07\/ceta-no-alla-ratifica-protesta-montecitorio-associazioni-sindacati-regioni\/#breadcrumb\",\"itemListElement\":[{\"@type\":\"ListItem\",\"position\":1,\"name\":\"Accueil\",\"item\":\"https:\/\/www.pressenza.com\/it\/\"},{\"@type\":\"ListItem\",\"position\":2,\"name\":\"CETA, no alla ratifica: protesta a Montecitorio con associazioni, sindacati e Regioni\"}]},{\"@type\":\"WebSite\",\"@id\":\"https:\/\/www.pressenza.com\/it\/#website\",\"url\":\"https:\/\/www.pressenza.com\/it\/\",\"name\":\"Pressenza\",\"description\":\"Agenzia di Stampa Internazionale\",\"publisher\":{\"@id\":\"https:\/\/www.pressenza.com\/it\/#organization\"},\"potentialAction\":[{\"@type\":\"SearchAction\",\"target\":{\"@type\":\"EntryPoint\",\"urlTemplate\":\"https:\/\/www.pressenza.com\/it\/?s={search_term_string}\"},\"query-input\":{\"@type\":\"PropertyValueSpecification\",\"valueRequired\":true,\"valueName\":\"search_term_string\"}}],\"inLanguage\":\"it-IT\"},{\"@type\":\"Organization\",\"@id\":\"https:\/\/www.pressenza.com\/it\/#organization\",\"name\":\"Pressenza\",\"url\":\"https:\/\/www.pressenza.com\/it\/\",\"logo\":{\"@type\":\"ImageObject\",\"inLanguage\":\"it-IT\",\"@id\":\"https:\/\/www.pressenza.com\/it\/#\/schema\/logo\/image\/\",\"url\":\"https:\/\/www.pressenza.com\/wp-content\/uploads\/2022\/10\/pressenza_logo_200x200.jpg\",\"contentUrl\":\"https:\/\/www.pressenza.com\/wp-content\/uploads\/2022\/10\/pressenza_logo_200x200.jpg\",\"width\":200,\"height\":200,\"caption\":\"Pressenza\"},\"image\":{\"@id\":\"https:\/\/www.pressenza.com\/it\/#\/schema\/logo\/image\/\"},\"sameAs\":[\"https:\/\/www.facebook.com\/PressenzaItalia\",\"https:\/\/x.com\/PressenzaIPA\"]},{\"@type\":\"Person\",\"@id\":\"https:\/\/www.pressenza.com\/it\/#\/schema\/person\/c0501dbec9d707cf205836a6ab4ac41f\",\"name\":\"Stop TTIP Italia\",\"sameAs\":[\"https:\/\/stop-ttip-italia.net\/\"],\"url\":\"https:\/\/www.pressenza.com\/it\/author\/stop-ttip-italia\/\"}]}<\/script>\n<!-- \/ Yoast SEO plugin. -->","yoast_head_json":{"title":"CETA, no alla ratifica: protesta a Montecitorio con associazioni, sindacati e Regioni","description":"In migliaia hanno manifestato stamattina in piazza Montecitorio per dire no alla ratifica del CETA, l\u2019accordo di commerciale tra Unione Europea e Canada.","robots":{"index":"index","follow":"follow","max-snippet":"max-snippet:-1","max-image-preview":"max-image-preview:large","max-video-preview":"max-video-preview:-1"},"canonical":"https:\/\/www.pressenza.com\/it\/2017\/07\/ceta-no-alla-ratifica-protesta-montecitorio-associazioni-sindacati-regioni\/","og_locale":"it_IT","og_type":"article","og_title":"CETA, no alla ratifica: protesta a Montecitorio con associazioni, sindacati e Regioni","og_description":"In migliaia hanno manifestato stamattina in piazza Montecitorio per dire no alla ratifica del CETA, l\u2019accordo di commerciale tra Unione Europea e Canada.","og_url":"https:\/\/www.pressenza.com\/it\/2017\/07\/ceta-no-alla-ratifica-protesta-montecitorio-associazioni-sindacati-regioni\/","og_site_name":"Pressenza","article_publisher":"https:\/\/www.facebook.com\/PressenzaItalia","article_published_time":"2017-07-05T16:45:50+00:00","article_modified_time":"2017-07-05T16:47:26+00:00","og_image":[{"width":604,"height":340,"url":"https:\/\/www.pressenza.com\/wp-content\/uploads\/2017\/07\/ceta-no-alla-ratifica-protesta-a-montecitorio.jpg","type":"image\/jpeg"}],"author":"Stop TTIP Italia","twitter_card":"summary_large_image","twitter_creator":"@PressenzaIPA","twitter_site":"@PressenzaIPA","twitter_misc":{"Scritto da":"Stop TTIP Italia","Tempo di lettura stimato":"2 minuti"},"schema":{"@context":"https:\/\/schema.org","@graph":[{"@type":"Article","@id":"https:\/\/www.pressenza.com\/it\/2017\/07\/ceta-no-alla-ratifica-protesta-montecitorio-associazioni-sindacati-regioni\/#article","isPartOf":{"@id":"https:\/\/www.pressenza.com\/it\/2017\/07\/ceta-no-alla-ratifica-protesta-montecitorio-associazioni-sindacati-regioni\/"},"author":{"name":"Stop TTIP Italia","@id":"https:\/\/www.pressenza.com\/it\/#\/schema\/person\/c0501dbec9d707cf205836a6ab4ac41f"},"headline":"CETA, no alla ratifica: protesta a Montecitorio con associazioni, sindacati e Regioni","datePublished":"2017-07-05T16:45:50+00:00","dateModified":"2017-07-05T16:47:26+00:00","mainEntityOfPage":{"@id":"https:\/\/www.pressenza.com\/it\/2017\/07\/ceta-no-alla-ratifica-protesta-montecitorio-associazioni-sindacati-regioni\/"},"wordCount":485,"publisher":{"@id":"https:\/\/www.pressenza.com\/it\/#organization"},"image":{"@id":"https:\/\/www.pressenza.com\/it\/2017\/07\/ceta-no-alla-ratifica-protesta-montecitorio-associazioni-sindacati-regioni\/#primaryimage"},"thumbnailUrl":"https:\/\/www.pressenza.com\/wp-content\/uploads\/2017\/07\/ceta-no-alla-ratifica-protesta-a-montecitorio.jpg","keywords":["CETA","Montecitorio","ratifica"],"articleSection":["Economia","Europa","Internazionale","Politica"],"inLanguage":"it-IT"},{"@type":"WebPage","@id":"https:\/\/www.pressenza.com\/it\/2017\/07\/ceta-no-alla-ratifica-protesta-montecitorio-associazioni-sindacati-regioni\/","url":"https:\/\/www.pressenza.com\/it\/2017\/07\/ceta-no-alla-ratifica-protesta-montecitorio-associazioni-sindacati-regioni\/","name":"CETA, no alla ratifica: protesta a Montecitorio con associazioni, sindacati e Regioni","isPartOf":{"@id":"https:\/\/www.pressenza.com\/it\/#website"},"primaryImageOfPage":{"@id":"https:\/\/www.pressenza.com\/it\/2017\/07\/ceta-no-alla-ratifica-protesta-montecitorio-associazioni-sindacati-regioni\/#primaryimage"},"image":{"@id":"https:\/\/www.pressenza.com\/it\/2017\/07\/ceta-no-alla-ratifica-protesta-montecitorio-associazioni-sindacati-regioni\/#primaryimage"},"thumbnailUrl":"https:\/\/www.pressenza.com\/wp-content\/uploads\/2017\/07\/ceta-no-alla-ratifica-protesta-a-montecitorio.jpg","datePublished":"2017-07-05T16:45:50+00:00","dateModified":"2017-07-05T16:47:26+00:00","description":"In migliaia hanno manifestato stamattina in piazza Montecitorio per dire no alla ratifica del CETA, l\u2019accordo di commerciale tra Unione Europea e Canada.","breadcrumb":{"@id":"https:\/\/www.pressenza.com\/it\/2017\/07\/ceta-no-alla-ratifica-protesta-montecitorio-associazioni-sindacati-regioni\/#breadcrumb"},"inLanguage":"it-IT","potentialAction":[{"@type":"ReadAction","target":["https:\/\/www.pressenza.com\/it\/2017\/07\/ceta-no-alla-ratifica-protesta-montecitorio-associazioni-sindacati-regioni\/"]}]},{"@type":"ImageObject","inLanguage":"it-IT","@id":"https:\/\/www.pressenza.com\/it\/2017\/07\/ceta-no-alla-ratifica-protesta-montecitorio-associazioni-sindacati-regioni\/#primaryimage","url":"https:\/\/www.pressenza.com\/wp-content\/uploads\/2017\/07\/ceta-no-alla-ratifica-protesta-a-montecitorio.jpg","contentUrl":"https:\/\/www.pressenza.com\/wp-content\/uploads\/2017\/07\/ceta-no-alla-ratifica-protesta-a-montecitorio.jpg","width":604,"height":340},{"@type":"BreadcrumbList","@id":"https:\/\/www.pressenza.com\/it\/2017\/07\/ceta-no-alla-ratifica-protesta-montecitorio-associazioni-sindacati-regioni\/#breadcrumb","itemListElement":[{"@type":"ListItem","position":1,"name":"Accueil","item":"https:\/\/www.pressenza.com\/it\/"},{"@type":"ListItem","position":2,"name":"CETA, no alla ratifica: protesta a Montecitorio con associazioni, sindacati e Regioni"}]},{"@type":"WebSite","@id":"https:\/\/www.pressenza.com\/it\/#website","url":"https:\/\/www.pressenza.com\/it\/","name":"Pressenza","description":"Agenzia di Stampa Internazionale","publisher":{"@id":"https:\/\/www.pressenza.com\/it\/#organization"},"potentialAction":[{"@type":"SearchAction","target":{"@type":"EntryPoint","urlTemplate":"https:\/\/www.pressenza.com\/it\/?s={search_term_string}"},"query-input":{"@type":"PropertyValueSpecification","valueRequired":true,"valueName":"search_term_string"}}],"inLanguage":"it-IT"},{"@type":"Organization","@id":"https:\/\/www.pressenza.com\/it\/#organization","name":"Pressenza","url":"https:\/\/www.pressenza.com\/it\/","logo":{"@type":"ImageObject","inLanguage":"it-IT","@id":"https:\/\/www.pressenza.com\/it\/#\/schema\/logo\/image\/","url":"https:\/\/www.pressenza.com\/wp-content\/uploads\/2022\/10\/pressenza_logo_200x200.jpg","contentUrl":"https:\/\/www.pressenza.com\/wp-content\/uploads\/2022\/10\/pressenza_logo_200x200.jpg","width":200,"height":200,"caption":"Pressenza"},"image":{"@id":"https:\/\/www.pressenza.com\/it\/#\/schema\/logo\/image\/"},"sameAs":["https:\/\/www.facebook.com\/PressenzaItalia","https:\/\/x.com\/PressenzaIPA"]},{"@type":"Person","@id":"https:\/\/www.pressenza.com\/it\/#\/schema\/person\/c0501dbec9d707cf205836a6ab4ac41f","name":"Stop TTIP Italia","sameAs":["https:\/\/stop-ttip-italia.net\/"],"url":"https:\/\/www.pressenza.com\/it\/author\/stop-ttip-italia\/"}]}},"place":"","original_article_url":"","_links":{"self":[{"href":"https:\/\/www.pressenza.com\/it\/wp-json\/wp\/v2\/posts\/486936","targetHints":{"allow":["GET"]}}],"collection":[{"href":"https:\/\/www.pressenza.com\/it\/wp-json\/wp\/v2\/posts"}],"about":[{"href":"https:\/\/www.pressenza.com\/it\/wp-json\/wp\/v2\/types\/post"}],"author":[{"embeddable":true,"href":"https:\/\/www.pressenza.com\/it\/wp-json\/wp\/v2\/users\/1312"}],"replies":[{"embeddable":true,"href":"https:\/\/www.pressenza.com\/it\/wp-json\/wp\/v2\/comments?post=486936"}],"version-history":[{"count":0,"href":"https:\/\/www.pressenza.com\/it\/wp-json\/wp\/v2\/posts\/486936\/revisions"}],"wp:featuredmedia":[{"embeddable":true,"href":"https:\/\/www.pressenza.com\/it\/wp-json\/wp\/v2\/media\/486938"}],"wp:attachment":[{"href":"https:\/\/www.pressenza.com\/it\/wp-json\/wp\/v2\/media?parent=486936"}],"wp:term":[{"taxonomy":"category","embeddable":true,"href":"https:\/\/www.pressenza.com\/it\/wp-json\/wp\/v2\/categories?post=486936"},{"taxonomy":"post_tag","embeddable":true,"href":"https:\/\/www.pressenza.com\/it\/wp-json\/wp\/v2\/tags?post=486936"}],"curies":[{"name":"wp","href":"https:\/\/api.w.org\/{rel}","templated":true}]}}