{"id":485635,"date":"2017-07-03T12:26:22","date_gmt":"2017-07-03T11:26:22","guid":{"rendered":"https:\/\/www.pressenza.com\/?p=485635\/"},"modified":"2019-07-28T22:41:41","modified_gmt":"2019-07-28T21:41:41","slug":"tentativo-aggiornamento-sui-negoziati-trattato-illegalita-delle-armi-nucleari","status":"publish","type":"post","link":"https:\/\/www.pressenza.com\/it\/2017\/07\/tentativo-aggiornamento-sui-negoziati-trattato-illegalita-delle-armi-nucleari\/","title":{"rendered":"Tentativo di aggiornamento sui negoziati per il Trattato di illegalit\u00e0 delle armi nucleari"},"content":{"rendered":"<p>A New York proseguono i negoziati, con la partecipazione della societ\u00e0 civile, per decidere il testo di un Trattato che il 7 luglio stabilir\u00e0 l&#8217;illegalit\u00e0 dalle armi nucleari. Sar\u00e0 in ogni caso una data storica, che cambier\u00e0 il corso delle future prospettive e dei futuri negoziati per raggiungere l&#8217;obiettivo finale dell&#8217;eliminazione di queste armi, anche se non \u00e8 facile prevedere quali saranno gli sviluppi, soprattutto perch\u00e9 gli Stati nucleari e i paesi della Nato (con l&#8217;esclusione dell&#8217;Olanda) hanno deciso di disertare i negoziati.<\/p>\n<p>Non \u00e8 facile avere notizie aggiornate sullo stato dei lavori (anche per la differenza di fuso orario, le notizie di oggi le vedremo domani): cerchiamo di estrarre qualche notizia rilevante da comunicati ricevuti al fine di mantenere viva l&#8217;attenzione. Per la societ\u00e0 civile italiana partecipano la Rete Italiana Disarmo, Senzatomica, e Alfonso Navarra per i Disarmisti Esigenti, e Giovanna Pagani, anche per la Wilpf Italia (<em>Women&#8217;s International League for Peace and Freedom<\/em>). Ai negoziati partecipano attivamente 130 Stati. Il governo italiano non partecipa \u2013 sottostando supinamente alla decisione degli USA e della Nato \u2013 e la discussione di mozioni parlamentari in proposito che era prevista nella settimana passata \u00e8 addirittura stata spostata a dopo il 7 luglio, a negoziati conclusi.<\/p>\n<p>\u00c8 stata resa nota dalla Presidenza dei negoziati la bozza del Trattato a cui si era giunti il 27 giugno, e sembra che una nuova bozza sar\u00e0 resa nota all&#8217;inizio della settimana. L&#8217;<em>International Peace Bureau<\/em> insieme alla Ialana (Associazione Internazionale dei Legali Contro le Armi Nucleari) hanno emesso un comunicato dettagliato sulla settimana 26-30 giugno (<a href=\"http:\/\/www.ipb.org\/news\/report-on-the-second-week-at-the-un-negotiations-to-prohibit-nuclear-weapons\/\">http:\/\/www.ipb.org\/news\/report-on-the-second-week-at-the-un-negotiations-to-prohibit-nuclear-weapons\/<\/a>). Gli appunti che seguono hanno carattere assolutamente provvisorio, ma sottolineano questioni molto rilevanti, e delicate.<\/p>\n<p>Sebbene molti articoli importanti debbano ancora essere discussi, si sottolineano notevoli miglioramenti del testo del Trattato, un linguaggio pi\u00f9 fermo, maggiore chiarezza sugli obblighi, e un Preambolo molto circostanziato che specifica tutte le conseguenze dell&#8217;uso delle armi nucleari: l&#8217;impatto umanitario, ambientale, di genere, socio economico, compreso lo spreco di risporse per la produzione di queste armi; il riconoscimento dei danni inaccettabili che subirebbero le vittime, compresi i popoli indigeni; e la consistenza del nuovo Trattato con il Diritto Umanitario, ed il Trattato di Non Proliferazione del 1970, ribadendo l&#8217;obbligo, finora disatteso, dell&#8217;Art.VI di effettuare trattative in buona fede per arrivare al disarmo nucleare definitivo.<\/p>\n<p>Sembra di capire, ed era probabilmente prevedibile, che vi siano degli Stati che ripropongono una logica che risale ai tempi della Guerra Fredda (tra questi l&#8217;Olanda, unico paese partecipante, come si \u00e8 detto, aderente alla Nato), ma la maggioranza degli Stati, insieme con il Comitato della Croce Rossa, esperti e giuristi, e la societ\u00e0 civile coordinata da Ican (<em>International Campaign to Abolish Nuclear Weapons<\/em>) spingono insieme per un Trattato pi\u00f9 incisivo e chiaro possibile.<\/p>\n<p>\u00c8 stata inclusa la proibizione non solo dell&#8217;uso ma anche della minaccia delle armi nucleari (quindi della strategia della deterrenza). Ma rimangono ancora in sospeso questioni cruciali: come potranno gli Stati che hanno armi nucleari aderire al Trattato? Potranno farlo mentre stiano ancora eliminandole, e dichiarino che lo faranno \u201cappena sar\u00e0 possibile\u201d? O dovranno distruggerle prima? Chi controller\u00e0? La Iaea? Chi e come controller\u00e0 la distruzione degli impianti per la produzione di armi nucleari?<\/p>\n<p>Vi sono altri aspetti non facili da spiegare, e altri problemi delicati aperti. Come gli obblighi di assistenza alle vittime esposte ad esplosioni, e all&#8217;ambiente (totalmente assenti dal Tnp): anche perch\u00e9 le radiazioni e il <em>fall-out<\/em> non rispettano certo le delimitazioni geografiche degli Stati, e una sentenza della Corte Internazionale di Giustizia del 3 febbraio 2012 ha affermato l&#8217;<a href=\"https:\/\/www.asil.org\/insights\/volume\/16\/issue\/5\/germany-v-italy-international-court-justice-affirms-principles-state\">immunit\u00e0 dagli Stati<\/a>. Questione aperta anche l&#8217;obbligo di fornire assistenza anche ai lavoratori e a residenti nei pressi di impianti nucleari, nonch\u00e9 legati al ciclo nucleare.<\/p>\n<p>Il tempo rimanente non \u00e8 molto, una settimana, e la Presidente dei negoziati, Elayne Whyte, ha deciso di proseguire i lavori in piccoli gruppi dedicati ad articoli specifici, quindi chiusi, con sessioni plenarie aperte alla societ\u00e0 civile: ma da notizie ultime ricevute da Alfonso Navarra, arrivato a New York, sembra che in realt\u00e0 potrebbe esserci una sola sessione aperta, poich\u00e9 il Trattato dovrebbe essere definito gioved\u00ec 29 luglio, e il 30 dedicato alle votazioni finali. Una prospettiva un po&#8217; frustrante, anche se, osserva l&#8217;IPB, lascer\u00e0 ai delegati degli Stati pi\u00f9 libert\u00e0 di discussione.<\/p>\n<p>Una questione molto delicata riguarda l&#8217;Art. 18 del Trattato, che prevede la possibilit\u00e0 per uno Stato di recedere \u201cse decide che eventi straordinari mettano a repentaglio gli interessi supremi del paese\u201d. Una formulazione generica, che lascia pericolosamente aperta la strada a sotterfugi: quali interessi supremi? Chi decide se i motivi addotti sono giustificati? Ognuno pu\u00f2 facilmente immaginare concreti casi possibili.<\/p>\n<p>Anche una definizione esauriente e lungimirante di \u201cesplosione nucleare\u201d manca e lascia aperte molte incognite per il futuro. Come si configurano le cosiddette \u201cbombe sporche\u201d (<em>dirty bombs<\/em>), cio\u00e8 costituite, in termini banali, dall&#8217;esplosione convenzionale di materiale radioattivo, con conseguente diffusione nell&#8217;ambiente? E quali sviluppi futuri della tecnologia nucleare, oggi inesistenti, diventeranno possibili? Attualmente, per fare un esempio concreto, un&#8217;esplosione basata sulla sola fusione nucleare \u00e8 possibile solo come effetto di un&#8217;esplosione a fissione che la inneschi (bomba termonucleare), e questo vincola alla formazione di una massa critica di materiale fissile: ma negli Stati Uniti \u00e8 entrata in funzione da anni nei laboratori militari di Los Alamos la <em>National Ignition Facility<\/em> che si propone di realizzare la fusione nucleare diretta di nuclei leggeri \u201ccomprimendoli\u201d attraverso la concentrazione dell&#8217;energia dei fasci di 192 super laser. La realizzazione, e soprattutto un eventuale uso militare, sono ancora lontani, ma questo Trattato deve poter resistere per decenni, o secoli. Valga l&#8217;esempio della Convenzione di proibizione delle armi biologiche del 1972: i radicali <a href=\"https:\/\/www.pressenza.com\/it\/2017\/05\/progressi-delle-biotecnologie-minacciano-la-biosicurezza\/\">progressi delle biotecnologie<\/a> rischiano di fornire nuove tecniche che possano aggirarla.<\/p>\n<p>C&#8217;\u00e8 da aggiungere, come nota negativa generale, il boicottaggio dei <em>media<\/em> sui negoziati, a quanto pare in tutti i paesi, che sembra aderire al boicottaggio degli Stati nucleari, privando l&#8217;opinione pubblica di informazioni vitali attinenti alla sopravvivenza futura dell&#8217;umanit\u00e0! In Italia solo l&#8217;<em>Avvenire<\/em>, quotidiano cattolico, d\u00e0 risalto e copertura in seguito alla posizione molto chiara di Papa Francesco: <em>il\u00a0 Manifesto<\/em> ha fornito notizie solo all&#8217;inizio di questa sessione dei negoziati, e <em>Left<\/em> nel numero in edicola sabato scorso.<\/p>\n","protected":false},"excerpt":{"rendered":"<p>A New York proseguono i negoziati, con la partecipazione della societ\u00e0 civile, per decidere il testo di un Trattato che il 7 luglio stabilir\u00e0 l&#8217;illegalit\u00e0 dalle armi nucleari. Sar\u00e0 in ogni caso una data storica, che cambier\u00e0 il corso delle&hellip;<\/p>\n","protected":false},"author":218,"featured_media":485754,"comment_status":"closed","ping_status":"closed","sticky":false,"template":"","format":"standard","meta":{"footnotes":""},"categories":[11388,49,162,1263],"tags":[35897,895,38547,30903,3854,38549,930,229,208,22684,33145,40054,38548],"class_list":["post-485635","post","type-post","status-publish","format-standard","has-post-thumbnail","hentry","category-contenuti-originali","category-nord-america","category-opinioni","category-pace-disarmo","tag-60-anni-trattati-di-roma","tag-armi-nucleari","tag-bando-alla-armi-nucleari","tag-disarmisti-esigenti","tag-disarmo-nucleare","tag-international-campaign-to-abolish-nuclear-weapons","tag-international-peace-bureau","tag-new-york","tag-onu","tag-rete-italiana-disarmo","tag-senzatomica","tag-trattato-di-proibizione-delle-armi-nucleari","tag-wilpf-italia"],"yoast_head":"<!-- This site is optimized with the Yoast SEO plugin v27.1.1 - https:\/\/yoast.com\/product\/yoast-seo-wordpress\/ -->\n<title>Tentativo di aggiornamento sui negoziati per il Trattato di illegalit\u00e0 delle armi nucleari<\/title>\n<meta name=\"description\" content=\"A New York proseguono i negoziati, con la partecipazione della societ\u00e0 civile, per decidere il testo di un Trattato che il 7 luglio stabilir\u00e0 l&#039;illegalit\u00e0\" \/>\n<meta name=\"robots\" content=\"index, follow, max-snippet:-1, max-image-preview:large, max-video-preview:-1\" \/>\n<link rel=\"canonical\" href=\"https:\/\/www.pressenza.com\/it\/2017\/07\/tentativo-aggiornamento-sui-negoziati-trattato-illegalita-delle-armi-nucleari\/\" \/>\n<meta property=\"og:locale\" content=\"it_IT\" \/>\n<meta property=\"og:type\" content=\"article\" \/>\n<meta property=\"og:title\" content=\"Tentativo di aggiornamento sui negoziati per il Trattato di illegalit\u00e0 delle armi nucleari\" \/>\n<meta property=\"og:description\" content=\"A New York proseguono i negoziati, con la partecipazione della societ\u00e0 civile, per decidere il testo di un Trattato che il 7 luglio stabilir\u00e0 l&#039;illegalit\u00e0\" \/>\n<meta property=\"og:url\" content=\"https:\/\/www.pressenza.com\/it\/2017\/07\/tentativo-aggiornamento-sui-negoziati-trattato-illegalita-delle-armi-nucleari\/\" \/>\n<meta property=\"og:site_name\" content=\"Pressenza\" \/>\n<meta property=\"article:publisher\" content=\"https:\/\/www.facebook.com\/PressenzaItalia\" \/>\n<meta property=\"article:published_time\" content=\"2017-07-03T11:26:22+00:00\" \/>\n<meta property=\"article:modified_time\" content=\"2019-07-28T21:41:41+00:00\" \/>\n<meta property=\"og:image\" content=\"https:\/\/www.pressenza.com\/wp-content\/uploads\/2017\/07\/The-ban-is-coming-2.jpg\" \/>\n\t<meta property=\"og:image:width\" content=\"750\" \/>\n\t<meta property=\"og:image:height\" content=\"500\" \/>\n\t<meta property=\"og:image:type\" content=\"image\/jpeg\" \/>\n<meta name=\"author\" content=\"Angelo Baracca\" \/>\n<meta name=\"twitter:card\" content=\"summary_large_image\" \/>\n<meta name=\"twitter:creator\" content=\"@PressenzaIPA\" \/>\n<meta name=\"twitter:site\" content=\"@PressenzaIPA\" \/>\n<meta name=\"twitter:label1\" content=\"Scritto da\" \/>\n\t<meta name=\"twitter:data1\" content=\"Angelo Baracca\" \/>\n\t<meta name=\"twitter:label2\" content=\"Tempo di lettura stimato\" \/>\n\t<meta name=\"twitter:data2\" content=\"5 minuti\" \/>\n<script type=\"application\/ld+json\" class=\"yoast-schema-graph\">{\"@context\":\"https:\/\/schema.org\",\"@graph\":[{\"@type\":\"Article\",\"@id\":\"https:\/\/www.pressenza.com\/it\/2017\/07\/tentativo-aggiornamento-sui-negoziati-trattato-illegalita-delle-armi-nucleari\/#article\",\"isPartOf\":{\"@id\":\"https:\/\/www.pressenza.com\/it\/2017\/07\/tentativo-aggiornamento-sui-negoziati-trattato-illegalita-delle-armi-nucleari\/\"},\"author\":{\"name\":\"Angelo Baracca\",\"@id\":\"https:\/\/www.pressenza.com\/it\/#\/schema\/person\/c37578468de5b0400b2d01b65d64af92\"},\"headline\":\"Tentativo di aggiornamento sui negoziati per il Trattato di illegalit\u00e0 delle armi nucleari\",\"datePublished\":\"2017-07-03T11:26:22+00:00\",\"dateModified\":\"2019-07-28T21:41:41+00:00\",\"mainEntityOfPage\":{\"@id\":\"https:\/\/www.pressenza.com\/it\/2017\/07\/tentativo-aggiornamento-sui-negoziati-trattato-illegalita-delle-armi-nucleari\/\"},\"wordCount\":1045,\"publisher\":{\"@id\":\"https:\/\/www.pressenza.com\/it\/#organization\"},\"image\":{\"@id\":\"https:\/\/www.pressenza.com\/it\/2017\/07\/tentativo-aggiornamento-sui-negoziati-trattato-illegalita-delle-armi-nucleari\/#primaryimage\"},\"thumbnailUrl\":\"https:\/\/www.pressenza.com\/wp-content\/uploads\/2017\/07\/The-ban-is-coming-2.jpg\",\"keywords\":[\"60 anni Trattati Di Roma\",\"armi nucleari\",\"bando alla armi nucleari\",\"Disarmisti esigenti\",\"disarmo nucleare\",\"International Campaign to Abolish Nuclear Weapons\",\"International Peace Bureau\",\"New York\",\"ONU\",\"Rete Italiana Disarmo\",\"Senzatomica\",\"Trattato di proibizione delle armi nucleari\",\"Wilpf Italia\"],\"articleSection\":[\"contenuti originali\",\"Nord America\",\"Opinioni\",\"Pace e Disarmo\"],\"inLanguage\":\"it-IT\"},{\"@type\":\"WebPage\",\"@id\":\"https:\/\/www.pressenza.com\/it\/2017\/07\/tentativo-aggiornamento-sui-negoziati-trattato-illegalita-delle-armi-nucleari\/\",\"url\":\"https:\/\/www.pressenza.com\/it\/2017\/07\/tentativo-aggiornamento-sui-negoziati-trattato-illegalita-delle-armi-nucleari\/\",\"name\":\"Tentativo di aggiornamento sui negoziati per il Trattato di illegalit\u00e0 delle armi nucleari\",\"isPartOf\":{\"@id\":\"https:\/\/www.pressenza.com\/it\/#website\"},\"primaryImageOfPage\":{\"@id\":\"https:\/\/www.pressenza.com\/it\/2017\/07\/tentativo-aggiornamento-sui-negoziati-trattato-illegalita-delle-armi-nucleari\/#primaryimage\"},\"image\":{\"@id\":\"https:\/\/www.pressenza.com\/it\/2017\/07\/tentativo-aggiornamento-sui-negoziati-trattato-illegalita-delle-armi-nucleari\/#primaryimage\"},\"thumbnailUrl\":\"https:\/\/www.pressenza.com\/wp-content\/uploads\/2017\/07\/The-ban-is-coming-2.jpg\",\"datePublished\":\"2017-07-03T11:26:22+00:00\",\"dateModified\":\"2019-07-28T21:41:41+00:00\",\"description\":\"A New York proseguono i negoziati, con la partecipazione della societ\u00e0 civile, per decidere il testo di un Trattato che il 7 luglio stabilir\u00e0 l'illegalit\u00e0\",\"breadcrumb\":{\"@id\":\"https:\/\/www.pressenza.com\/it\/2017\/07\/tentativo-aggiornamento-sui-negoziati-trattato-illegalita-delle-armi-nucleari\/#breadcrumb\"},\"inLanguage\":\"it-IT\",\"potentialAction\":[{\"@type\":\"ReadAction\",\"target\":[\"https:\/\/www.pressenza.com\/it\/2017\/07\/tentativo-aggiornamento-sui-negoziati-trattato-illegalita-delle-armi-nucleari\/\"]}]},{\"@type\":\"ImageObject\",\"inLanguage\":\"it-IT\",\"@id\":\"https:\/\/www.pressenza.com\/it\/2017\/07\/tentativo-aggiornamento-sui-negoziati-trattato-illegalita-delle-armi-nucleari\/#primaryimage\",\"url\":\"https:\/\/www.pressenza.com\/wp-content\/uploads\/2017\/07\/The-ban-is-coming-2.jpg\",\"contentUrl\":\"https:\/\/www.pressenza.com\/wp-content\/uploads\/2017\/07\/The-ban-is-coming-2.jpg\",\"width\":750,\"height\":500},{\"@type\":\"BreadcrumbList\",\"@id\":\"https:\/\/www.pressenza.com\/it\/2017\/07\/tentativo-aggiornamento-sui-negoziati-trattato-illegalita-delle-armi-nucleari\/#breadcrumb\",\"itemListElement\":[{\"@type\":\"ListItem\",\"position\":1,\"name\":\"Accueil\",\"item\":\"https:\/\/www.pressenza.com\/it\/\"},{\"@type\":\"ListItem\",\"position\":2,\"name\":\"Tentativo di aggiornamento sui negoziati per il Trattato di illegalit\u00e0 delle armi nucleari\"}]},{\"@type\":\"WebSite\",\"@id\":\"https:\/\/www.pressenza.com\/it\/#website\",\"url\":\"https:\/\/www.pressenza.com\/it\/\",\"name\":\"Pressenza\",\"description\":\"Agenzia di Stampa Internazionale\",\"publisher\":{\"@id\":\"https:\/\/www.pressenza.com\/it\/#organization\"},\"potentialAction\":[{\"@type\":\"SearchAction\",\"target\":{\"@type\":\"EntryPoint\",\"urlTemplate\":\"https:\/\/www.pressenza.com\/it\/?s={search_term_string}\"},\"query-input\":{\"@type\":\"PropertyValueSpecification\",\"valueRequired\":true,\"valueName\":\"search_term_string\"}}],\"inLanguage\":\"it-IT\"},{\"@type\":\"Organization\",\"@id\":\"https:\/\/www.pressenza.com\/it\/#organization\",\"name\":\"Pressenza\",\"url\":\"https:\/\/www.pressenza.com\/it\/\",\"logo\":{\"@type\":\"ImageObject\",\"inLanguage\":\"it-IT\",\"@id\":\"https:\/\/www.pressenza.com\/it\/#\/schema\/logo\/image\/\",\"url\":\"https:\/\/www.pressenza.com\/wp-content\/uploads\/2022\/10\/pressenza_logo_200x200.jpg\",\"contentUrl\":\"https:\/\/www.pressenza.com\/wp-content\/uploads\/2022\/10\/pressenza_logo_200x200.jpg\",\"width\":200,\"height\":200,\"caption\":\"Pressenza\"},\"image\":{\"@id\":\"https:\/\/www.pressenza.com\/it\/#\/schema\/logo\/image\/\"},\"sameAs\":[\"https:\/\/www.facebook.com\/PressenzaItalia\",\"https:\/\/x.com\/PressenzaIPA\"]},{\"@type\":\"Person\",\"@id\":\"https:\/\/www.pressenza.com\/it\/#\/schema\/person\/c37578468de5b0400b2d01b65d64af92\",\"name\":\"Angelo Baracca\",\"description\":\"Professor of Physics at the University of Florence, Italy. Writer and scientist specialising in nuclear matters; pacifist activist and ecologist. He writes for Pressenza about nuclear questions.\",\"url\":\"https:\/\/www.pressenza.com\/it\/author\/angelo-baracca\/\"}]}<\/script>\n<!-- \/ Yoast SEO plugin. -->","yoast_head_json":{"title":"Tentativo di aggiornamento sui negoziati per il Trattato di illegalit\u00e0 delle armi nucleari","description":"A New York proseguono i negoziati, con la partecipazione della societ\u00e0 civile, per decidere il testo di un Trattato che il 7 luglio stabilir\u00e0 l'illegalit\u00e0","robots":{"index":"index","follow":"follow","max-snippet":"max-snippet:-1","max-image-preview":"max-image-preview:large","max-video-preview":"max-video-preview:-1"},"canonical":"https:\/\/www.pressenza.com\/it\/2017\/07\/tentativo-aggiornamento-sui-negoziati-trattato-illegalita-delle-armi-nucleari\/","og_locale":"it_IT","og_type":"article","og_title":"Tentativo di aggiornamento sui negoziati per il Trattato di illegalit\u00e0 delle armi nucleari","og_description":"A New York proseguono i negoziati, con la partecipazione della societ\u00e0 civile, per decidere il testo di un Trattato che il 7 luglio stabilir\u00e0 l'illegalit\u00e0","og_url":"https:\/\/www.pressenza.com\/it\/2017\/07\/tentativo-aggiornamento-sui-negoziati-trattato-illegalita-delle-armi-nucleari\/","og_site_name":"Pressenza","article_publisher":"https:\/\/www.facebook.com\/PressenzaItalia","article_published_time":"2017-07-03T11:26:22+00:00","article_modified_time":"2019-07-28T21:41:41+00:00","og_image":[{"width":750,"height":500,"url":"https:\/\/www.pressenza.com\/wp-content\/uploads\/2017\/07\/The-ban-is-coming-2.jpg","type":"image\/jpeg"}],"author":"Angelo Baracca","twitter_card":"summary_large_image","twitter_creator":"@PressenzaIPA","twitter_site":"@PressenzaIPA","twitter_misc":{"Scritto da":"Angelo Baracca","Tempo di lettura stimato":"5 minuti"},"schema":{"@context":"https:\/\/schema.org","@graph":[{"@type":"Article","@id":"https:\/\/www.pressenza.com\/it\/2017\/07\/tentativo-aggiornamento-sui-negoziati-trattato-illegalita-delle-armi-nucleari\/#article","isPartOf":{"@id":"https:\/\/www.pressenza.com\/it\/2017\/07\/tentativo-aggiornamento-sui-negoziati-trattato-illegalita-delle-armi-nucleari\/"},"author":{"name":"Angelo Baracca","@id":"https:\/\/www.pressenza.com\/it\/#\/schema\/person\/c37578468de5b0400b2d01b65d64af92"},"headline":"Tentativo di aggiornamento sui negoziati per il Trattato di illegalit\u00e0 delle armi nucleari","datePublished":"2017-07-03T11:26:22+00:00","dateModified":"2019-07-28T21:41:41+00:00","mainEntityOfPage":{"@id":"https:\/\/www.pressenza.com\/it\/2017\/07\/tentativo-aggiornamento-sui-negoziati-trattato-illegalita-delle-armi-nucleari\/"},"wordCount":1045,"publisher":{"@id":"https:\/\/www.pressenza.com\/it\/#organization"},"image":{"@id":"https:\/\/www.pressenza.com\/it\/2017\/07\/tentativo-aggiornamento-sui-negoziati-trattato-illegalita-delle-armi-nucleari\/#primaryimage"},"thumbnailUrl":"https:\/\/www.pressenza.com\/wp-content\/uploads\/2017\/07\/The-ban-is-coming-2.jpg","keywords":["60 anni Trattati Di Roma","armi nucleari","bando alla armi nucleari","Disarmisti esigenti","disarmo nucleare","International Campaign to Abolish Nuclear Weapons","International Peace Bureau","New York","ONU","Rete Italiana Disarmo","Senzatomica","Trattato di proibizione delle armi nucleari","Wilpf Italia"],"articleSection":["contenuti originali","Nord America","Opinioni","Pace e Disarmo"],"inLanguage":"it-IT"},{"@type":"WebPage","@id":"https:\/\/www.pressenza.com\/it\/2017\/07\/tentativo-aggiornamento-sui-negoziati-trattato-illegalita-delle-armi-nucleari\/","url":"https:\/\/www.pressenza.com\/it\/2017\/07\/tentativo-aggiornamento-sui-negoziati-trattato-illegalita-delle-armi-nucleari\/","name":"Tentativo di aggiornamento sui negoziati per il Trattato di illegalit\u00e0 delle armi nucleari","isPartOf":{"@id":"https:\/\/www.pressenza.com\/it\/#website"},"primaryImageOfPage":{"@id":"https:\/\/www.pressenza.com\/it\/2017\/07\/tentativo-aggiornamento-sui-negoziati-trattato-illegalita-delle-armi-nucleari\/#primaryimage"},"image":{"@id":"https:\/\/www.pressenza.com\/it\/2017\/07\/tentativo-aggiornamento-sui-negoziati-trattato-illegalita-delle-armi-nucleari\/#primaryimage"},"thumbnailUrl":"https:\/\/www.pressenza.com\/wp-content\/uploads\/2017\/07\/The-ban-is-coming-2.jpg","datePublished":"2017-07-03T11:26:22+00:00","dateModified":"2019-07-28T21:41:41+00:00","description":"A New York proseguono i negoziati, con la partecipazione della societ\u00e0 civile, per decidere il testo di un Trattato che il 7 luglio stabilir\u00e0 l'illegalit\u00e0","breadcrumb":{"@id":"https:\/\/www.pressenza.com\/it\/2017\/07\/tentativo-aggiornamento-sui-negoziati-trattato-illegalita-delle-armi-nucleari\/#breadcrumb"},"inLanguage":"it-IT","potentialAction":[{"@type":"ReadAction","target":["https:\/\/www.pressenza.com\/it\/2017\/07\/tentativo-aggiornamento-sui-negoziati-trattato-illegalita-delle-armi-nucleari\/"]}]},{"@type":"ImageObject","inLanguage":"it-IT","@id":"https:\/\/www.pressenza.com\/it\/2017\/07\/tentativo-aggiornamento-sui-negoziati-trattato-illegalita-delle-armi-nucleari\/#primaryimage","url":"https:\/\/www.pressenza.com\/wp-content\/uploads\/2017\/07\/The-ban-is-coming-2.jpg","contentUrl":"https:\/\/www.pressenza.com\/wp-content\/uploads\/2017\/07\/The-ban-is-coming-2.jpg","width":750,"height":500},{"@type":"BreadcrumbList","@id":"https:\/\/www.pressenza.com\/it\/2017\/07\/tentativo-aggiornamento-sui-negoziati-trattato-illegalita-delle-armi-nucleari\/#breadcrumb","itemListElement":[{"@type":"ListItem","position":1,"name":"Accueil","item":"https:\/\/www.pressenza.com\/it\/"},{"@type":"ListItem","position":2,"name":"Tentativo di aggiornamento sui negoziati per il Trattato di illegalit\u00e0 delle armi nucleari"}]},{"@type":"WebSite","@id":"https:\/\/www.pressenza.com\/it\/#website","url":"https:\/\/www.pressenza.com\/it\/","name":"Pressenza","description":"Agenzia di Stampa Internazionale","publisher":{"@id":"https:\/\/www.pressenza.com\/it\/#organization"},"potentialAction":[{"@type":"SearchAction","target":{"@type":"EntryPoint","urlTemplate":"https:\/\/www.pressenza.com\/it\/?s={search_term_string}"},"query-input":{"@type":"PropertyValueSpecification","valueRequired":true,"valueName":"search_term_string"}}],"inLanguage":"it-IT"},{"@type":"Organization","@id":"https:\/\/www.pressenza.com\/it\/#organization","name":"Pressenza","url":"https:\/\/www.pressenza.com\/it\/","logo":{"@type":"ImageObject","inLanguage":"it-IT","@id":"https:\/\/www.pressenza.com\/it\/#\/schema\/logo\/image\/","url":"https:\/\/www.pressenza.com\/wp-content\/uploads\/2022\/10\/pressenza_logo_200x200.jpg","contentUrl":"https:\/\/www.pressenza.com\/wp-content\/uploads\/2022\/10\/pressenza_logo_200x200.jpg","width":200,"height":200,"caption":"Pressenza"},"image":{"@id":"https:\/\/www.pressenza.com\/it\/#\/schema\/logo\/image\/"},"sameAs":["https:\/\/www.facebook.com\/PressenzaItalia","https:\/\/x.com\/PressenzaIPA"]},{"@type":"Person","@id":"https:\/\/www.pressenza.com\/it\/#\/schema\/person\/c37578468de5b0400b2d01b65d64af92","name":"Angelo Baracca","description":"Professor of Physics at the University of Florence, Italy. Writer and scientist specialising in nuclear matters; pacifist activist and ecologist. He writes for Pressenza about nuclear questions.","url":"https:\/\/www.pressenza.com\/it\/author\/angelo-baracca\/"}]}},"place":"","original_article_url":"","_links":{"self":[{"href":"https:\/\/www.pressenza.com\/it\/wp-json\/wp\/v2\/posts\/485635","targetHints":{"allow":["GET"]}}],"collection":[{"href":"https:\/\/www.pressenza.com\/it\/wp-json\/wp\/v2\/posts"}],"about":[{"href":"https:\/\/www.pressenza.com\/it\/wp-json\/wp\/v2\/types\/post"}],"author":[{"embeddable":true,"href":"https:\/\/www.pressenza.com\/it\/wp-json\/wp\/v2\/users\/218"}],"replies":[{"embeddable":true,"href":"https:\/\/www.pressenza.com\/it\/wp-json\/wp\/v2\/comments?post=485635"}],"version-history":[{"count":0,"href":"https:\/\/www.pressenza.com\/it\/wp-json\/wp\/v2\/posts\/485635\/revisions"}],"wp:featuredmedia":[{"embeddable":true,"href":"https:\/\/www.pressenza.com\/it\/wp-json\/wp\/v2\/media\/485754"}],"wp:attachment":[{"href":"https:\/\/www.pressenza.com\/it\/wp-json\/wp\/v2\/media?parent=485635"}],"wp:term":[{"taxonomy":"category","embeddable":true,"href":"https:\/\/www.pressenza.com\/it\/wp-json\/wp\/v2\/categories?post=485635"},{"taxonomy":"post_tag","embeddable":true,"href":"https:\/\/www.pressenza.com\/it\/wp-json\/wp\/v2\/tags?post=485635"}],"curies":[{"name":"wp","href":"https:\/\/api.w.org\/{rel}","templated":true}]}}