{"id":482952,"date":"2017-06-28T13:16:03","date_gmt":"2017-06-28T12:16:03","guid":{"rendered":"https:\/\/www.pressenza.com\/?p=482952\/"},"modified":"2017-06-28T15:36:24","modified_gmt":"2017-06-28T14:36:24","slug":"si-spento-ettore-masina-un-altro-vuoto-incolmabile","status":"publish","type":"post","link":"https:\/\/www.pressenza.com\/it\/2017\/06\/si-spento-ettore-masina-un-altro-vuoto-incolmabile\/","title":{"rendered":"Si \u00e8 spento Ettore Masina, un altro vuoto incolmabile"},"content":{"rendered":"<p>Ettore Masina, giornalista, uomo politico e scrittore, fondatore di Rete Radi\u00e9 Resh, la rete di solidariet\u00e0 attiva con il popolo palestinese ma anche con popoli dell\u2019Africa e dell\u2019America Latina, ci ha lasciati.\u00a0 Il popolo palestinese perde un grande amico e il mondo, tutto, perde l\u2019uomo che ha mostrato con coerenza e coraggio la possibilit\u00e0 di fondere comunismo e cristianesimo, impegno politico e sociale, puntando sempre sul rispetto dei diritti umani e della propria dignit\u00e0 professionale.<\/p>\n<p>Aveva quasi novant\u2019anni ed ancora, all\u2019occasione, diceva di essere profondamente innamorato di sua moglie, Clotilde. Chi ha conosciuto Clotilde, psicoterapeuta di professione e accompagnatrice per scelta di suo marito, non ha motivo di dubitarne.<\/p>\n<p>Ettore Masina lasci\u00f2 gli studi di medicina e inizi\u00f2 molto giovane a lavorare per \u201cIl Giorno\u201d che lo incaric\u00f2 di seguire\u00a0 il Concilio Vaticano II. Furono i suoi ottimi reportages come vaticanista a farlo assumere in Rai come consulente religioso. Ma Masina era anche\u00a0 un caparbio \u201ccatto-comunista\u201d che per le sue posizioni \u00a0essere stato seriamente ostacolato da due dei tre direttori del TG con cui lavor\u00f2 tanto da averne la carriera stroncata. Ma di questo Masina ne parlava con una certa fierezza: essere ostacolato per le sue posizioni politiche \u201cdi parte\u201d, gli permetteva di affermare che in realt\u00e0 \u00a0lui di parte lo era, in quanto stava dalla parte degli oppressi ed era convintamente tanto comunista che cattolico.<\/p>\n<p>Il suo viaggio in Palestina nel 1964 diede una svolta alla sua vita. In Palestina viveva il suo amico Paul Gauthier, prete operaio che lo invitava ad andare l\u00ec per capire cosa significasse calarsi in mezzo alla povert\u00e0 in cui viveva il popolo palestinese. \u00a0Masina non\u00a0 sapeva molto della situazione e and\u00f2 per la prima volta al seguito di Paolo VI il quale, peraltro, fu il primo papa a visitare la Palestina scegliendo di non \u00a0pronunciare mai la parola Israele. Paolo VI decise anche di entrare da Amman piuttosto che da Tel Aviv e questo, nella simbologia diplomatica, rappresentava una chiara condanna verso lo Stato di Israele.<\/p>\n<p>Fu in quell\u2019occasione che Ettore Masina incontr\u00f2, insieme alla povert\u00e0 di massa, \u00a0l\u2019ingiustizia e la sopraffazione israeliane mascherate da autodifesa e ci\u00f2 segn\u00f2 per sempre il suo impegno contro le falsit\u00e0 della narrazione israeliana; fu l\u00ec che incontr\u00f2 una bambina che si chiamava Radi\u00e9 Resh e che mor\u00ec di freddo dopo che Israele aveva demolito la sua casa.<\/p>\n<p>Masina raccontava che la bambina si era ammalata di polmonite perch\u00e9 non aveva pi\u00f9 un tetto sotto cui ripararsi n\u00e9 cibi e cure adeguate per superare la malattia. Chi conosce la Palestina nei mesi invernali sa cosa significhi quel gelo terribile anche dentro le mura di una casa, figurarsi tra i cartoni e le lamiere di un tugurio come quello in cui morirono (e ancora ogni anno muoiono) di stenti, di malattie e di assideramento tanti palestinesi rimasti senza la protezione di una casa degna di questo nome.<\/p>\n<p>Quando Masina la incontr\u00f2, la piccola Radi\u00e9 Resh ormai era all\u2019ultimo stadio della sua malattia e, nel delirio dovuto alla febbre altissima, immaginava di essere nella nuova casa promessa dalle istituzioni internazionali e di pulirne i vetri. Il suo ultimo sogno era una casa con le finestre!<\/p>\n<p>Aveva gli occhi lucidi Ettore Masina quando raccontava questa storia, ma poco dopo, seguitando il racconto, il suo viso s&#8217;induriva ricordando che dopo il suo ritorno in \u201cTerra santa\u201d \u00a0con una delegazione parlamentare rappresentativa di tutto l\u2019arco costituzionale, tutti i delegati, di qualunque partito, tornarono talmente scossi da quanto avevano visto da ritenere opportuno convocare \u00a0ufficialmente una conferenza stampa in Parlamento per affrontare il problema, almeno dal punto di vista umanitario.<\/p>\n<p>Ma quando si parla di Palestina anche l\u2019aspetto umanitario assume una connotazione politica, e questo lo sapeva e tuttora lo sa molto bene anche Israele, cos\u00ec come lo sanno i suoi sostenitori.<\/p>\n<p>Masina, quindi, proseguiva il suo racconto dicendo che i giornalisti accreditati in Parlamento all&#8217;epoca erano 135 e di questi non se ne presentarono n\u00e9 un quarto, n\u00e9 un decimo. Non si present\u00f2 nessuno! La longa manus israeliana aveva fatto le sue mosse<strong>:<\/strong> davanti al crimine che era semplicemente parte di una precisa strategia, era meglio il silenzio mediatico Poi sarebbe arrivata la narrazione addomesticata e infine l&#8217;opinione pubblica si sarebbe conformata a quanto narrato e in qualche anno il progetto israeliano si sarebbe compiuto con la \u201ccomprensione\u201d e il consenso della stessa opinione pubblica internazionale \u201cben diretta\u201d.<\/p>\n<p>I giornalisti televisivi, cos\u00ec come quelli delle testate pi\u00f9 significative, volendo far carriera, avrebbero imparato ad autocensurarsi e non ci sarebbe stato bisogno di imporre altre censure. Avrebbero svolto il loro compito di \u201copinion maker\u201d in senso proprio, come previsto dalla \u201chasbara\u201d. Questo successe allora. Questo ancora succede.<\/p>\n<p>Masina, uomo mite per eccellenza ed aperto al dialogo per formazione e convinzione, aveva delle posizioni molto dure su questo argomento e non accettava ipotesi dubitative circa la latitanza dell\u2019informazione. Lui era un giornalista serio e sapeva di aver pagato per le sue posizioni politiche. Quando raccontava di questa esperienza aggiungeva di aver ben pensato, nel lontano 1964, quando decise di fondare un&#8217;organizzazione libera che potesse dar voce alle ragioni degli oppressi affinch\u00e9 si conoscesse la verit\u00e0, tanto i media \u00a0mainstream avrebbero seguitato a dar voce alla narrazione della parte dominante, ovvero dell&#8217;oppressore.<\/p>\n<p>Fu cos\u00ec che decise di costituire, con sua moglie e Paul Gauthier, la rete intestata alla bambina morta \u00a0sognando di pulire i vetri di una casa promessa e mai avuta.<\/p>\n<p>Le nostre condoglianze a sua moglie, a tutta la sua famiglia e a quella parte di mondo rimasta orfana di un \u201ccatto-comunista\u201d coraggioso e sensibile che lascia un ricordo tanto profondo quanto lo \u00e8 il vuoto dovuto alla sua scomparsa.<\/p>\n","protected":false},"excerpt":{"rendered":"<p>Ettore Masina, giornalista, uomo politico e scrittore, fondatore di Rete Radi\u00e9 Resh, la rete di solidariet\u00e0 attiva con il popolo palestinese ma anche con popoli dell\u2019Africa e dell\u2019America Latina, ci ha lasciati.\u00a0 Il popolo palestinese perde un grande amico e&hellip;<\/p>\n","protected":false},"author":1344,"featured_media":483002,"comment_status":"closed","ping_status":"closed","sticky":false,"template":"","format":"standard","meta":{"footnotes":""},"categories":[11388,47,1263],"tags":[38434,778,1227,38433],"class_list":["post-482952","post","type-post","status-publish","format-standard","has-post-thumbnail","hentry","category-contenuti-originali","category-europa","category-pace-disarmo","tag-ettore-masina","tag-israele","tag-palestina-it","tag-rete-radie-resh"],"yoast_head":"<!-- This site is optimized with the Yoast SEO plugin v27.1.1 - https:\/\/yoast.com\/product\/yoast-seo-wordpress\/ -->\n<title>Si \u00e8 spento Ettore Masina, un altro vuoto incolmabile<\/title>\n<meta name=\"description\" content=\"Ettore Masina, fondatore Rete Radi\u00e9 Resh, ci ha lasciati. Il popolo palestinese perde un grande amico, e il mondo, tutto, un uomo coerente e coraggioso.\" \/>\n<meta name=\"robots\" content=\"index, follow, max-snippet:-1, max-image-preview:large, max-video-preview:-1\" \/>\n<link rel=\"canonical\" href=\"https:\/\/www.pressenza.com\/it\/2017\/06\/si-spento-ettore-masina-un-altro-vuoto-incolmabile\/\" \/>\n<meta property=\"og:locale\" content=\"it_IT\" \/>\n<meta property=\"og:type\" content=\"article\" \/>\n<meta property=\"og:title\" content=\"Si \u00e8 spento Ettore Masina, un altro vuoto incolmabile\" \/>\n<meta property=\"og:description\" content=\"Ettore Masina, fondatore Rete Radi\u00e9 Resh, ci ha lasciati. Il popolo palestinese perde un grande amico, e il mondo, tutto, un uomo coerente e coraggioso.\" \/>\n<meta property=\"og:url\" content=\"https:\/\/www.pressenza.com\/it\/2017\/06\/si-spento-ettore-masina-un-altro-vuoto-incolmabile\/\" \/>\n<meta property=\"og:site_name\" content=\"Pressenza\" \/>\n<meta property=\"article:publisher\" content=\"https:\/\/www.facebook.com\/PressenzaItalia\" \/>\n<meta property=\"article:published_time\" content=\"2017-06-28T12:16:03+00:00\" \/>\n<meta property=\"article:modified_time\" content=\"2017-06-28T14:36:24+00:00\" \/>\n<meta property=\"og:image\" content=\"https:\/\/www.pressenza.com\/wp-content\/uploads\/2017\/06\/Ettore-Masina-1.jpg\" \/>\n\t<meta property=\"og:image:width\" content=\"750\" \/>\n\t<meta property=\"og:image:height\" content=\"415\" \/>\n\t<meta property=\"og:image:type\" content=\"image\/jpeg\" \/>\n<meta name=\"author\" content=\"Patrizia Cecconi\" \/>\n<meta name=\"twitter:card\" content=\"summary_large_image\" \/>\n<meta name=\"twitter:creator\" content=\"@PressenzaIPA\" \/>\n<meta name=\"twitter:site\" content=\"@PressenzaIPA\" \/>\n<meta name=\"twitter:label1\" content=\"Scritto da\" \/>\n\t<meta name=\"twitter:data1\" content=\"Patrizia Cecconi\" \/>\n\t<meta name=\"twitter:label2\" content=\"Tempo di lettura stimato\" \/>\n\t<meta name=\"twitter:data2\" content=\"5 minuti\" \/>\n<script type=\"application\/ld+json\" class=\"yoast-schema-graph\">{\"@context\":\"https:\/\/schema.org\",\"@graph\":[{\"@type\":\"Article\",\"@id\":\"https:\/\/www.pressenza.com\/it\/2017\/06\/si-spento-ettore-masina-un-altro-vuoto-incolmabile\/#article\",\"isPartOf\":{\"@id\":\"https:\/\/www.pressenza.com\/it\/2017\/06\/si-spento-ettore-masina-un-altro-vuoto-incolmabile\/\"},\"author\":{\"name\":\"Patrizia Cecconi\",\"@id\":\"https:\/\/www.pressenza.com\/it\/#\/schema\/person\/4bb6e2d42a4c2430734c06e9b4daf40d\"},\"headline\":\"Si \u00e8 spento Ettore Masina, un altro vuoto incolmabile\",\"datePublished\":\"2017-06-28T12:16:03+00:00\",\"dateModified\":\"2017-06-28T14:36:24+00:00\",\"mainEntityOfPage\":{\"@id\":\"https:\/\/www.pressenza.com\/it\/2017\/06\/si-spento-ettore-masina-un-altro-vuoto-incolmabile\/\"},\"wordCount\":957,\"publisher\":{\"@id\":\"https:\/\/www.pressenza.com\/it\/#organization\"},\"image\":{\"@id\":\"https:\/\/www.pressenza.com\/it\/2017\/06\/si-spento-ettore-masina-un-altro-vuoto-incolmabile\/#primaryimage\"},\"thumbnailUrl\":\"https:\/\/www.pressenza.com\/wp-content\/uploads\/2017\/06\/Ettore-Masina-1.jpg\",\"keywords\":[\"Ettore Masina\",\"Israele\",\"Palestina\",\"Rete Radi\u00e9 Resh\"],\"articleSection\":[\"contenuti originali\",\"Europa\",\"Pace e Disarmo\"],\"inLanguage\":\"it-IT\"},{\"@type\":\"WebPage\",\"@id\":\"https:\/\/www.pressenza.com\/it\/2017\/06\/si-spento-ettore-masina-un-altro-vuoto-incolmabile\/\",\"url\":\"https:\/\/www.pressenza.com\/it\/2017\/06\/si-spento-ettore-masina-un-altro-vuoto-incolmabile\/\",\"name\":\"Si \u00e8 spento Ettore Masina, un altro vuoto incolmabile\",\"isPartOf\":{\"@id\":\"https:\/\/www.pressenza.com\/it\/#website\"},\"primaryImageOfPage\":{\"@id\":\"https:\/\/www.pressenza.com\/it\/2017\/06\/si-spento-ettore-masina-un-altro-vuoto-incolmabile\/#primaryimage\"},\"image\":{\"@id\":\"https:\/\/www.pressenza.com\/it\/2017\/06\/si-spento-ettore-masina-un-altro-vuoto-incolmabile\/#primaryimage\"},\"thumbnailUrl\":\"https:\/\/www.pressenza.com\/wp-content\/uploads\/2017\/06\/Ettore-Masina-1.jpg\",\"datePublished\":\"2017-06-28T12:16:03+00:00\",\"dateModified\":\"2017-06-28T14:36:24+00:00\",\"description\":\"Ettore Masina, fondatore Rete Radi\u00e9 Resh, ci ha lasciati. Il popolo palestinese perde un grande amico, e il mondo, tutto, un uomo coerente e coraggioso.\",\"breadcrumb\":{\"@id\":\"https:\/\/www.pressenza.com\/it\/2017\/06\/si-spento-ettore-masina-un-altro-vuoto-incolmabile\/#breadcrumb\"},\"inLanguage\":\"it-IT\",\"potentialAction\":[{\"@type\":\"ReadAction\",\"target\":[\"https:\/\/www.pressenza.com\/it\/2017\/06\/si-spento-ettore-masina-un-altro-vuoto-incolmabile\/\"]}]},{\"@type\":\"ImageObject\",\"inLanguage\":\"it-IT\",\"@id\":\"https:\/\/www.pressenza.com\/it\/2017\/06\/si-spento-ettore-masina-un-altro-vuoto-incolmabile\/#primaryimage\",\"url\":\"https:\/\/www.pressenza.com\/wp-content\/uploads\/2017\/06\/Ettore-Masina-1.jpg\",\"contentUrl\":\"https:\/\/www.pressenza.com\/wp-content\/uploads\/2017\/06\/Ettore-Masina-1.jpg\",\"width\":750,\"height\":415},{\"@type\":\"BreadcrumbList\",\"@id\":\"https:\/\/www.pressenza.com\/it\/2017\/06\/si-spento-ettore-masina-un-altro-vuoto-incolmabile\/#breadcrumb\",\"itemListElement\":[{\"@type\":\"ListItem\",\"position\":1,\"name\":\"Accueil\",\"item\":\"https:\/\/www.pressenza.com\/it\/\"},{\"@type\":\"ListItem\",\"position\":2,\"name\":\"Si \u00e8 spento Ettore Masina, un altro vuoto incolmabile\"}]},{\"@type\":\"WebSite\",\"@id\":\"https:\/\/www.pressenza.com\/it\/#website\",\"url\":\"https:\/\/www.pressenza.com\/it\/\",\"name\":\"Pressenza\",\"description\":\"Agenzia di Stampa Internazionale\",\"publisher\":{\"@id\":\"https:\/\/www.pressenza.com\/it\/#organization\"},\"potentialAction\":[{\"@type\":\"SearchAction\",\"target\":{\"@type\":\"EntryPoint\",\"urlTemplate\":\"https:\/\/www.pressenza.com\/it\/?s={search_term_string}\"},\"query-input\":{\"@type\":\"PropertyValueSpecification\",\"valueRequired\":true,\"valueName\":\"search_term_string\"}}],\"inLanguage\":\"it-IT\"},{\"@type\":\"Organization\",\"@id\":\"https:\/\/www.pressenza.com\/it\/#organization\",\"name\":\"Pressenza\",\"url\":\"https:\/\/www.pressenza.com\/it\/\",\"logo\":{\"@type\":\"ImageObject\",\"inLanguage\":\"it-IT\",\"@id\":\"https:\/\/www.pressenza.com\/it\/#\/schema\/logo\/image\/\",\"url\":\"https:\/\/www.pressenza.com\/wp-content\/uploads\/2022\/10\/pressenza_logo_200x200.jpg\",\"contentUrl\":\"https:\/\/www.pressenza.com\/wp-content\/uploads\/2022\/10\/pressenza_logo_200x200.jpg\",\"width\":200,\"height\":200,\"caption\":\"Pressenza\"},\"image\":{\"@id\":\"https:\/\/www.pressenza.com\/it\/#\/schema\/logo\/image\/\"},\"sameAs\":[\"https:\/\/www.facebook.com\/PressenzaItalia\",\"https:\/\/x.com\/PressenzaIPA\"]},{\"@type\":\"Person\",\"@id\":\"https:\/\/www.pressenza.com\/it\/#\/schema\/person\/4bb6e2d42a4c2430734c06e9b4daf40d\",\"name\":\"Patrizia Cecconi\",\"description\":\"Patrizia Cecconi nasce a Roma dove consegue la laurea in Sociologia presso l\u2019Universit\u00e0 La Sapienza. Qui tiene per alcuni anni seminari sulla comunicazione. Successivamente vince la cattedra di Economia Aziendale, disciplina che insegner\u00e0 per circa venticinque anni. Interessata all\u2019ambiente e alla natura, verso il 2000 rivolge la sua attenzione allo studio della botanica e della fitoterapia ponendo sempre al centro dei suoi lavori l\u2019interazione culturale tra l\u2019ambiente e gli umani che lo abitano. Ha curato e pubblicato articoli e libri su argomenti diversi. Il suo interesse particolare \u00e8 rivolto alla Palestina. Dal 2009 fino al dicembre 2014 ha presieduto la onlus \u201cAmici della Mezzaluna Rossa Palestinese\u201d di cui ora \u00e8 presidente onoraria. E' co-fondatrice della onlus Cultura \u00e8 Libert\u00e0 e dell\u2019adv Oltre il Mare che attualmente presiede.\",\"url\":\"https:\/\/www.pressenza.com\/it\/author\/patrizia-cecconi\/\"}]}<\/script>\n<!-- \/ Yoast SEO plugin. -->","yoast_head_json":{"title":"Si \u00e8 spento Ettore Masina, un altro vuoto incolmabile","description":"Ettore Masina, fondatore Rete Radi\u00e9 Resh, ci ha lasciati. Il popolo palestinese perde un grande amico, e il mondo, tutto, un uomo coerente e coraggioso.","robots":{"index":"index","follow":"follow","max-snippet":"max-snippet:-1","max-image-preview":"max-image-preview:large","max-video-preview":"max-video-preview:-1"},"canonical":"https:\/\/www.pressenza.com\/it\/2017\/06\/si-spento-ettore-masina-un-altro-vuoto-incolmabile\/","og_locale":"it_IT","og_type":"article","og_title":"Si \u00e8 spento Ettore Masina, un altro vuoto incolmabile","og_description":"Ettore Masina, fondatore Rete Radi\u00e9 Resh, ci ha lasciati. Il popolo palestinese perde un grande amico, e il mondo, tutto, un uomo coerente e coraggioso.","og_url":"https:\/\/www.pressenza.com\/it\/2017\/06\/si-spento-ettore-masina-un-altro-vuoto-incolmabile\/","og_site_name":"Pressenza","article_publisher":"https:\/\/www.facebook.com\/PressenzaItalia","article_published_time":"2017-06-28T12:16:03+00:00","article_modified_time":"2017-06-28T14:36:24+00:00","og_image":[{"width":750,"height":415,"url":"https:\/\/www.pressenza.com\/wp-content\/uploads\/2017\/06\/Ettore-Masina-1.jpg","type":"image\/jpeg"}],"author":"Patrizia Cecconi","twitter_card":"summary_large_image","twitter_creator":"@PressenzaIPA","twitter_site":"@PressenzaIPA","twitter_misc":{"Scritto da":"Patrizia Cecconi","Tempo di lettura stimato":"5 minuti"},"schema":{"@context":"https:\/\/schema.org","@graph":[{"@type":"Article","@id":"https:\/\/www.pressenza.com\/it\/2017\/06\/si-spento-ettore-masina-un-altro-vuoto-incolmabile\/#article","isPartOf":{"@id":"https:\/\/www.pressenza.com\/it\/2017\/06\/si-spento-ettore-masina-un-altro-vuoto-incolmabile\/"},"author":{"name":"Patrizia Cecconi","@id":"https:\/\/www.pressenza.com\/it\/#\/schema\/person\/4bb6e2d42a4c2430734c06e9b4daf40d"},"headline":"Si \u00e8 spento Ettore Masina, un altro vuoto incolmabile","datePublished":"2017-06-28T12:16:03+00:00","dateModified":"2017-06-28T14:36:24+00:00","mainEntityOfPage":{"@id":"https:\/\/www.pressenza.com\/it\/2017\/06\/si-spento-ettore-masina-un-altro-vuoto-incolmabile\/"},"wordCount":957,"publisher":{"@id":"https:\/\/www.pressenza.com\/it\/#organization"},"image":{"@id":"https:\/\/www.pressenza.com\/it\/2017\/06\/si-spento-ettore-masina-un-altro-vuoto-incolmabile\/#primaryimage"},"thumbnailUrl":"https:\/\/www.pressenza.com\/wp-content\/uploads\/2017\/06\/Ettore-Masina-1.jpg","keywords":["Ettore Masina","Israele","Palestina","Rete Radi\u00e9 Resh"],"articleSection":["contenuti originali","Europa","Pace e Disarmo"],"inLanguage":"it-IT"},{"@type":"WebPage","@id":"https:\/\/www.pressenza.com\/it\/2017\/06\/si-spento-ettore-masina-un-altro-vuoto-incolmabile\/","url":"https:\/\/www.pressenza.com\/it\/2017\/06\/si-spento-ettore-masina-un-altro-vuoto-incolmabile\/","name":"Si \u00e8 spento Ettore Masina, un altro vuoto incolmabile","isPartOf":{"@id":"https:\/\/www.pressenza.com\/it\/#website"},"primaryImageOfPage":{"@id":"https:\/\/www.pressenza.com\/it\/2017\/06\/si-spento-ettore-masina-un-altro-vuoto-incolmabile\/#primaryimage"},"image":{"@id":"https:\/\/www.pressenza.com\/it\/2017\/06\/si-spento-ettore-masina-un-altro-vuoto-incolmabile\/#primaryimage"},"thumbnailUrl":"https:\/\/www.pressenza.com\/wp-content\/uploads\/2017\/06\/Ettore-Masina-1.jpg","datePublished":"2017-06-28T12:16:03+00:00","dateModified":"2017-06-28T14:36:24+00:00","description":"Ettore Masina, fondatore Rete Radi\u00e9 Resh, ci ha lasciati. Il popolo palestinese perde un grande amico, e il mondo, tutto, un uomo coerente e coraggioso.","breadcrumb":{"@id":"https:\/\/www.pressenza.com\/it\/2017\/06\/si-spento-ettore-masina-un-altro-vuoto-incolmabile\/#breadcrumb"},"inLanguage":"it-IT","potentialAction":[{"@type":"ReadAction","target":["https:\/\/www.pressenza.com\/it\/2017\/06\/si-spento-ettore-masina-un-altro-vuoto-incolmabile\/"]}]},{"@type":"ImageObject","inLanguage":"it-IT","@id":"https:\/\/www.pressenza.com\/it\/2017\/06\/si-spento-ettore-masina-un-altro-vuoto-incolmabile\/#primaryimage","url":"https:\/\/www.pressenza.com\/wp-content\/uploads\/2017\/06\/Ettore-Masina-1.jpg","contentUrl":"https:\/\/www.pressenza.com\/wp-content\/uploads\/2017\/06\/Ettore-Masina-1.jpg","width":750,"height":415},{"@type":"BreadcrumbList","@id":"https:\/\/www.pressenza.com\/it\/2017\/06\/si-spento-ettore-masina-un-altro-vuoto-incolmabile\/#breadcrumb","itemListElement":[{"@type":"ListItem","position":1,"name":"Accueil","item":"https:\/\/www.pressenza.com\/it\/"},{"@type":"ListItem","position":2,"name":"Si \u00e8 spento Ettore Masina, un altro vuoto incolmabile"}]},{"@type":"WebSite","@id":"https:\/\/www.pressenza.com\/it\/#website","url":"https:\/\/www.pressenza.com\/it\/","name":"Pressenza","description":"Agenzia di Stampa Internazionale","publisher":{"@id":"https:\/\/www.pressenza.com\/it\/#organization"},"potentialAction":[{"@type":"SearchAction","target":{"@type":"EntryPoint","urlTemplate":"https:\/\/www.pressenza.com\/it\/?s={search_term_string}"},"query-input":{"@type":"PropertyValueSpecification","valueRequired":true,"valueName":"search_term_string"}}],"inLanguage":"it-IT"},{"@type":"Organization","@id":"https:\/\/www.pressenza.com\/it\/#organization","name":"Pressenza","url":"https:\/\/www.pressenza.com\/it\/","logo":{"@type":"ImageObject","inLanguage":"it-IT","@id":"https:\/\/www.pressenza.com\/it\/#\/schema\/logo\/image\/","url":"https:\/\/www.pressenza.com\/wp-content\/uploads\/2022\/10\/pressenza_logo_200x200.jpg","contentUrl":"https:\/\/www.pressenza.com\/wp-content\/uploads\/2022\/10\/pressenza_logo_200x200.jpg","width":200,"height":200,"caption":"Pressenza"},"image":{"@id":"https:\/\/www.pressenza.com\/it\/#\/schema\/logo\/image\/"},"sameAs":["https:\/\/www.facebook.com\/PressenzaItalia","https:\/\/x.com\/PressenzaIPA"]},{"@type":"Person","@id":"https:\/\/www.pressenza.com\/it\/#\/schema\/person\/4bb6e2d42a4c2430734c06e9b4daf40d","name":"Patrizia Cecconi","description":"Patrizia Cecconi nasce a Roma dove consegue la laurea in Sociologia presso l\u2019Universit\u00e0 La Sapienza. Qui tiene per alcuni anni seminari sulla comunicazione. Successivamente vince la cattedra di Economia Aziendale, disciplina che insegner\u00e0 per circa venticinque anni. Interessata all\u2019ambiente e alla natura, verso il 2000 rivolge la sua attenzione allo studio della botanica e della fitoterapia ponendo sempre al centro dei suoi lavori l\u2019interazione culturale tra l\u2019ambiente e gli umani che lo abitano. Ha curato e pubblicato articoli e libri su argomenti diversi. Il suo interesse particolare \u00e8 rivolto alla Palestina. Dal 2009 fino al dicembre 2014 ha presieduto la onlus \u201cAmici della Mezzaluna Rossa Palestinese\u201d di cui ora \u00e8 presidente onoraria. E' co-fondatrice della onlus Cultura \u00e8 Libert\u00e0 e dell\u2019adv Oltre il Mare che attualmente presiede.","url":"https:\/\/www.pressenza.com\/it\/author\/patrizia-cecconi\/"}]}},"place":"","original_article_url":"","_links":{"self":[{"href":"https:\/\/www.pressenza.com\/it\/wp-json\/wp\/v2\/posts\/482952","targetHints":{"allow":["GET"]}}],"collection":[{"href":"https:\/\/www.pressenza.com\/it\/wp-json\/wp\/v2\/posts"}],"about":[{"href":"https:\/\/www.pressenza.com\/it\/wp-json\/wp\/v2\/types\/post"}],"author":[{"embeddable":true,"href":"https:\/\/www.pressenza.com\/it\/wp-json\/wp\/v2\/users\/1344"}],"replies":[{"embeddable":true,"href":"https:\/\/www.pressenza.com\/it\/wp-json\/wp\/v2\/comments?post=482952"}],"version-history":[{"count":0,"href":"https:\/\/www.pressenza.com\/it\/wp-json\/wp\/v2\/posts\/482952\/revisions"}],"wp:featuredmedia":[{"embeddable":true,"href":"https:\/\/www.pressenza.com\/it\/wp-json\/wp\/v2\/media\/483002"}],"wp:attachment":[{"href":"https:\/\/www.pressenza.com\/it\/wp-json\/wp\/v2\/media?parent=482952"}],"wp:term":[{"taxonomy":"category","embeddable":true,"href":"https:\/\/www.pressenza.com\/it\/wp-json\/wp\/v2\/categories?post=482952"},{"taxonomy":"post_tag","embeddable":true,"href":"https:\/\/www.pressenza.com\/it\/wp-json\/wp\/v2\/tags?post=482952"}],"curies":[{"name":"wp","href":"https:\/\/api.w.org\/{rel}","templated":true}]}}