{"id":479091,"date":"2017-06-15T10:06:05","date_gmt":"2017-06-15T09:06:05","guid":{"rendered":"https:\/\/www.pressenza.com\/?p=479091\/"},"modified":"2017-06-15T11:05:35","modified_gmt":"2017-06-15T10:05:35","slug":"livorno-liberiamoci-dalla-minaccia-delle-armi-nucleari","status":"publish","type":"post","link":"https:\/\/www.pressenza.com\/it\/2017\/06\/livorno-liberiamoci-dalla-minaccia-delle-armi-nucleari\/","title":{"rendered":"Livorno: liberiamoci dalla minaccia delle armi nucleari"},"content":{"rendered":"<p>Il 17 Giugno a Livorno avr\u00e0 luogo una mobilitazione contro le armi nucleari (programma in fondo all&#8217;articolo).<\/p>\n<p>Le armi nucleari sono una minaccia globale ed esistenziale per l\u2019umanit\u00e0 e l\u2019ecosistema.<\/p>\n<p>Le bombe nucleari su Hiroshima e Nagasaki e i Test Nucleari (oltre 2000 dal 1945 al 1996) hanno gi\u00e0 causato morte, distruzione e sofferenze indicibili agli esseri umani e alla natura<u>.<\/u><\/p>\n<p>Occorre porre fine all\u2019era nucleare. Deve attivarsi una forte pressione popolare che lo esiga con determinazione e faccia pressione sui leader politici degli stati nucleari e dei loro alleati.<\/p>\n<p>Il rischio di una guerra nucleare per errore, follia o comando \u00e8 reale pi\u00f9 che mai. La salvezza \u00e8 per tutti o per nessuno<\/p>\n<p>&nbsp;<\/p>\n<p>Il 17 giugno l\u2019esigenza di proibire le armi nucleari risuoner\u00e0 in varie parti del mondo, in concomitanza con i negoziati in corso all\u2019ONU per il TRATTATO DI INTERDIZIONE DELLE ARMI NUCLEARI, voluto da 132 paesi. Purtroppo al negoziato non partecipano ad oggi i Paesi detentori della armi nucleari e i membri della Nato, Italia compresa, ad eccezione dell\u2019Olanda (paese Nato con Bombe Nucleari Usa), presente grazie alla forte pressione popolare.<\/p>\n<p>Il Trattato non sar\u00e0 il punto finale della nostra lotta, ma un momento chiave per porre fine all\u2019era nucleare. Sar\u00e0 uno strumento giuridico internazionale con un forte potenziale trasformativo che, rigettando la logica della cosiddetta \u201cdeterrenza\u201d (l\u2019equilibrio del terrore), contribuir\u00e0 a facilitare il disarmo nucleare.<\/p>\n<p>Il problema \u00e8 molto concreto per l\u2019<strong>ITALIA<\/strong>, paese Nato con circa 70 bombe nucleari Usa stoccate nelle basi militari di Ghedi e Aviano, in flagrante violazione dell\u2019art. 2 del Trattato di Non Proliferazione Nucleare ratificato dal nostro paese. E\u2019 gi\u00e0 in corso una campagna che richiede al Governo Italiano la loro immediata rimozione.<\/p>\n<p><strong>Ma il punto investe da vicino anche LIVORNO &#8211; <\/strong>uno degli 11 porti nucleari in Italia &#8211; che pu\u00f2 accogliere sottomarini a <em>propulsione <\/em>nucleare abilitati al trasporto di <em>ordigni<\/em> nucleari. Per questi motivi il territorio livornese risulta ufficialmente classificato a rischio nucleare. Non a caso la Prefettura, da noi interpellata, assicura dell\u2019esistenza di un piano per far fronte ad eventuali emergenze, ma essendo la questione sottoposta a regime di riservatezza, il contenuto del piano non pu\u00f2 essere divulgato\u2026. Il porto di Livorno inoltre lavora in sinergia con la base militare di Camp Darby (rispetto alla quale \u00e8 stato recentemente annunciato un inaccettabile progetto di ampliamento, fortemente contrastato dalla societ\u00e0 civile) e l\u2019Hub militare di Pisa. Per completare il quadro, dal mese di marzo \u00e8 stata attivata una linea commerciale mensile di trasporto di armi con tre navi della classe Liberty diretta ai porti di Aqaba(Giordania) e Gedda (Arabia Saudita), aree strategiche della guerra in corso in Medio Oriente<\/p>\n<p>Portiamo avanti con determinazione la nostra RESISTENZA contro la violenza catastrofica delle armi nucleari in nome della sicurezza e della dignit\u00e0 della vita di noi tutti.<\/p>\n<p>&nbsp;<\/p>\n<p><strong>Perch\u00e9 le GRU-ORIGAMI <\/strong><\/p>\n<p>Sadako Sasaki, una bambina giapponese, vittima della bomba nucleare su Hiroshima che le provoc\u00f2 una leucemia, confezion\u00f2 644 di queste\u00a0gru-origami, prima di morire\u00a0all\u2019et\u00e0 di 12 anni. Secondo la leggenda in cui lei credeva ne sarebbero occorse mille per riuscire a guarire. Da allora, ogni anno, molti bambini da tutto il mondo confezionano gru-origami e le mandano a\u00a0Hiroshima,\u00a0dove sono disposte intorno alla statua di Sadako. Cos\u00ec, grazie a lei, la gru-origami \u00e8 diventata un simbolo internazionale della pace.<\/p>\n<p>&nbsp;<\/p>\n<p>PROGRAMMA:<\/p>\n<p>ore 18.00 Terrazza Mascagni, Livorno<\/p>\n<p>FLASH MOB: \u201cFacciamo Volare le Gru Antinucleari&#8221; &#8211; Costruzione di gru in origami<\/p>\n<p>ore 21.00 Centro Donna &#8211;\u00a0 Largo Strozzi 3 , Livorno<\/p>\n<p>Incorntro \/ Dibattito\u00a0 &#8220;Liberiamoci dalla minaccia della armi nucleari con: ngelo Baracca, Alfonso Navarra, Roberto Benassi, Marcello Lenzi, Maria Giovanna Papucci, Giovanna Pagani, Alessandro Bocchero, \u00c7lirim Mu\u00e7a; Promosso da WILPF\u00a0 con l\u2019adesione della RETE CIVICA LIVORNESE CONTRO LA NUOVA NORMALIT\u00c0 DELLA GUERRA.<\/p>\n","protected":false},"excerpt":{"rendered":"<p>Il 17 Giugno a Livorno avr\u00e0 luogo una mobilitazione contro le armi nucleari (programma in fondo all&#8217;articolo). Le armi nucleari sono una minaccia globale ed esistenziale per l\u2019umanit\u00e0 e l\u2019ecosistema. Le bombe nucleari su Hiroshima e Nagasaki e i Test&hellip;<\/p>\n","protected":false},"author":594,"featured_media":479094,"comment_status":"closed","ping_status":"closed","sticky":false,"template":"","format":"standard","meta":{"footnotes":""},"categories":[150,47,1263],"tags":[32042,38215,38218,10980,38217,38216,15430],"class_list":["post-479091","post","type-post","status-publish","format-standard","has-post-thumbnail","hentry","category-comunicati-stampa","category-europa","category-pace-disarmo","tag-conferenza-internazionale-per-la-proibizione-delle-armi-nucleari","tag-disermo-nucleare","tag-gru-per-la-pace","tag-livorno","tag-origami","tag-sadako-sasaki","tag-wilpf"],"yoast_head":"<!-- This site is optimized with the Yoast SEO plugin v27.1.1 - https:\/\/yoast.com\/product\/yoast-seo-wordpress\/ -->\n<title>Livorno: liberiamoci dalla minaccia delle armi nucleari<\/title>\n<meta name=\"description\" content=\"Il 17 Giugno a Livorno avr\u00e0 luogo una mobilitazione contro le armi nucleari (programma in fondo all&#039;articolo). Le armi nucleari sono una minaccia globale\" \/>\n<meta name=\"robots\" content=\"index, follow, max-snippet:-1, max-image-preview:large, max-video-preview:-1\" \/>\n<link rel=\"canonical\" href=\"https:\/\/www.pressenza.com\/it\/2017\/06\/livorno-liberiamoci-dalla-minaccia-delle-armi-nucleari\/\" \/>\n<meta property=\"og:locale\" content=\"it_IT\" \/>\n<meta property=\"og:type\" content=\"article\" \/>\n<meta property=\"og:title\" content=\"Livorno: liberiamoci dalla minaccia delle armi nucleari\" \/>\n<meta property=\"og:description\" content=\"Il 17 Giugno a Livorno avr\u00e0 luogo una mobilitazione contro le armi nucleari (programma in fondo all&#039;articolo). Le armi nucleari sono una minaccia globale\" \/>\n<meta property=\"og:url\" content=\"https:\/\/www.pressenza.com\/it\/2017\/06\/livorno-liberiamoci-dalla-minaccia-delle-armi-nucleari\/\" \/>\n<meta property=\"og:site_name\" content=\"Pressenza\" \/>\n<meta property=\"article:publisher\" content=\"https:\/\/www.facebook.com\/PressenzaItalia\" \/>\n<meta property=\"article:author\" content=\"https:\/\/www.facebook.com\/PressenzaItalia\" \/>\n<meta property=\"article:published_time\" content=\"2017-06-15T09:06:05+00:00\" \/>\n<meta property=\"article:modified_time\" content=\"2017-06-15T10:05:35+00:00\" \/>\n<meta property=\"og:image\" content=\"https:\/\/www.pressenza.com\/wp-content\/uploads\/2017\/06\/minaccia-nucleare.jpg\" \/>\n\t<meta property=\"og:image:width\" content=\"600\" \/>\n\t<meta property=\"og:image:height\" content=\"353\" \/>\n\t<meta property=\"og:image:type\" content=\"image\/jpeg\" \/>\n<meta name=\"author\" content=\"Redazione Italia\" \/>\n<meta name=\"twitter:card\" content=\"summary_large_image\" \/>\n<meta name=\"twitter:creator\" content=\"@pressenza_it\" \/>\n<meta name=\"twitter:site\" content=\"@PressenzaIPA\" \/>\n<meta name=\"twitter:label1\" content=\"Scritto da\" \/>\n\t<meta name=\"twitter:data1\" content=\"Redazione Italia\" \/>\n\t<meta name=\"twitter:label2\" content=\"Tempo di lettura stimato\" \/>\n\t<meta name=\"twitter:data2\" content=\"3 minuti\" \/>\n<script type=\"application\/ld+json\" class=\"yoast-schema-graph\">{\"@context\":\"https:\/\/schema.org\",\"@graph\":[{\"@type\":\"Article\",\"@id\":\"https:\/\/www.pressenza.com\/it\/2017\/06\/livorno-liberiamoci-dalla-minaccia-delle-armi-nucleari\/#article\",\"isPartOf\":{\"@id\":\"https:\/\/www.pressenza.com\/it\/2017\/06\/livorno-liberiamoci-dalla-minaccia-delle-armi-nucleari\/\"},\"author\":{\"name\":\"Redazione Italia\",\"@id\":\"https:\/\/www.pressenza.com\/it\/#\/schema\/person\/d983e81827ae24f2c7b1a2123d197f8d\"},\"headline\":\"Livorno: liberiamoci dalla minaccia delle armi nucleari\",\"datePublished\":\"2017-06-15T09:06:05+00:00\",\"dateModified\":\"2017-06-15T10:05:35+00:00\",\"mainEntityOfPage\":{\"@id\":\"https:\/\/www.pressenza.com\/it\/2017\/06\/livorno-liberiamoci-dalla-minaccia-delle-armi-nucleari\/\"},\"wordCount\":626,\"publisher\":{\"@id\":\"https:\/\/www.pressenza.com\/it\/#organization\"},\"image\":{\"@id\":\"https:\/\/www.pressenza.com\/it\/2017\/06\/livorno-liberiamoci-dalla-minaccia-delle-armi-nucleari\/#primaryimage\"},\"thumbnailUrl\":\"https:\/\/www.pressenza.com\/wp-content\/uploads\/2017\/06\/minaccia-nucleare.jpg\",\"keywords\":[\"Conferenza Internazionale per la Proibizione delle Armi Nucleari\",\"disermo nucleare\",\"gru per la pace\",\"Livorno\",\"origami\",\"Sadako Sasaki\",\"WILPF\"],\"articleSection\":[\"Comunicati Stampa\",\"Europa\",\"Pace e Disarmo\"],\"inLanguage\":\"it-IT\"},{\"@type\":\"WebPage\",\"@id\":\"https:\/\/www.pressenza.com\/it\/2017\/06\/livorno-liberiamoci-dalla-minaccia-delle-armi-nucleari\/\",\"url\":\"https:\/\/www.pressenza.com\/it\/2017\/06\/livorno-liberiamoci-dalla-minaccia-delle-armi-nucleari\/\",\"name\":\"Livorno: liberiamoci dalla minaccia delle armi nucleari\",\"isPartOf\":{\"@id\":\"https:\/\/www.pressenza.com\/it\/#website\"},\"primaryImageOfPage\":{\"@id\":\"https:\/\/www.pressenza.com\/it\/2017\/06\/livorno-liberiamoci-dalla-minaccia-delle-armi-nucleari\/#primaryimage\"},\"image\":{\"@id\":\"https:\/\/www.pressenza.com\/it\/2017\/06\/livorno-liberiamoci-dalla-minaccia-delle-armi-nucleari\/#primaryimage\"},\"thumbnailUrl\":\"https:\/\/www.pressenza.com\/wp-content\/uploads\/2017\/06\/minaccia-nucleare.jpg\",\"datePublished\":\"2017-06-15T09:06:05+00:00\",\"dateModified\":\"2017-06-15T10:05:35+00:00\",\"description\":\"Il 17 Giugno a Livorno avr\u00e0 luogo una mobilitazione contro le armi nucleari (programma in fondo all'articolo). Le armi nucleari sono una minaccia globale\",\"breadcrumb\":{\"@id\":\"https:\/\/www.pressenza.com\/it\/2017\/06\/livorno-liberiamoci-dalla-minaccia-delle-armi-nucleari\/#breadcrumb\"},\"inLanguage\":\"it-IT\",\"potentialAction\":[{\"@type\":\"ReadAction\",\"target\":[\"https:\/\/www.pressenza.com\/it\/2017\/06\/livorno-liberiamoci-dalla-minaccia-delle-armi-nucleari\/\"]}]},{\"@type\":\"ImageObject\",\"inLanguage\":\"it-IT\",\"@id\":\"https:\/\/www.pressenza.com\/it\/2017\/06\/livorno-liberiamoci-dalla-minaccia-delle-armi-nucleari\/#primaryimage\",\"url\":\"https:\/\/www.pressenza.com\/wp-content\/uploads\/2017\/06\/minaccia-nucleare.jpg\",\"contentUrl\":\"https:\/\/www.pressenza.com\/wp-content\/uploads\/2017\/06\/minaccia-nucleare.jpg\",\"width\":600,\"height\":353},{\"@type\":\"BreadcrumbList\",\"@id\":\"https:\/\/www.pressenza.com\/it\/2017\/06\/livorno-liberiamoci-dalla-minaccia-delle-armi-nucleari\/#breadcrumb\",\"itemListElement\":[{\"@type\":\"ListItem\",\"position\":1,\"name\":\"Accueil\",\"item\":\"https:\/\/www.pressenza.com\/it\/\"},{\"@type\":\"ListItem\",\"position\":2,\"name\":\"Livorno: liberiamoci dalla minaccia delle armi nucleari\"}]},{\"@type\":\"WebSite\",\"@id\":\"https:\/\/www.pressenza.com\/it\/#website\",\"url\":\"https:\/\/www.pressenza.com\/it\/\",\"name\":\"Pressenza\",\"description\":\"Agenzia di Stampa Internazionale\",\"publisher\":{\"@id\":\"https:\/\/www.pressenza.com\/it\/#organization\"},\"potentialAction\":[{\"@type\":\"SearchAction\",\"target\":{\"@type\":\"EntryPoint\",\"urlTemplate\":\"https:\/\/www.pressenza.com\/it\/?s={search_term_string}\"},\"query-input\":{\"@type\":\"PropertyValueSpecification\",\"valueRequired\":true,\"valueName\":\"search_term_string\"}}],\"inLanguage\":\"it-IT\"},{\"@type\":\"Organization\",\"@id\":\"https:\/\/www.pressenza.com\/it\/#organization\",\"name\":\"Pressenza\",\"url\":\"https:\/\/www.pressenza.com\/it\/\",\"logo\":{\"@type\":\"ImageObject\",\"inLanguage\":\"it-IT\",\"@id\":\"https:\/\/www.pressenza.com\/it\/#\/schema\/logo\/image\/\",\"url\":\"https:\/\/www.pressenza.com\/wp-content\/uploads\/2022\/10\/pressenza_logo_200x200.jpg\",\"contentUrl\":\"https:\/\/www.pressenza.com\/wp-content\/uploads\/2022\/10\/pressenza_logo_200x200.jpg\",\"width\":200,\"height\":200,\"caption\":\"Pressenza\"},\"image\":{\"@id\":\"https:\/\/www.pressenza.com\/it\/#\/schema\/logo\/image\/\"},\"sameAs\":[\"https:\/\/www.facebook.com\/PressenzaItalia\",\"https:\/\/x.com\/PressenzaIPA\"]},{\"@type\":\"Person\",\"@id\":\"https:\/\/www.pressenza.com\/it\/#\/schema\/person\/d983e81827ae24f2c7b1a2123d197f8d\",\"name\":\"Redazione Italia\",\"description\":\"News from the Pressenza Bureau in Italy\",\"sameAs\":[\"https:\/\/www.pressenza.com\/it\/author\/redazione-italia\/\",\"https:\/\/www.facebook.com\/PressenzaItalia\",\"https:\/\/www.instagram.com\/pressenza_italia\/\",\"https:\/\/x.com\/pressenza_it\",\"https:\/\/www.youtube.com\/channel\/UCSalEIWjE1RSxkwjfftFuqg\"],\"url\":\"https:\/\/www.pressenza.com\/it\/author\/redazione-italia\/\"}]}<\/script>\n<!-- \/ Yoast SEO plugin. -->","yoast_head_json":{"title":"Livorno: liberiamoci dalla minaccia delle armi nucleari","description":"Il 17 Giugno a Livorno avr\u00e0 luogo una mobilitazione contro le armi nucleari (programma in fondo all'articolo). Le armi nucleari sono una minaccia globale","robots":{"index":"index","follow":"follow","max-snippet":"max-snippet:-1","max-image-preview":"max-image-preview:large","max-video-preview":"max-video-preview:-1"},"canonical":"https:\/\/www.pressenza.com\/it\/2017\/06\/livorno-liberiamoci-dalla-minaccia-delle-armi-nucleari\/","og_locale":"it_IT","og_type":"article","og_title":"Livorno: liberiamoci dalla minaccia delle armi nucleari","og_description":"Il 17 Giugno a Livorno avr\u00e0 luogo una mobilitazione contro le armi nucleari (programma in fondo all'articolo). Le armi nucleari sono una minaccia globale","og_url":"https:\/\/www.pressenza.com\/it\/2017\/06\/livorno-liberiamoci-dalla-minaccia-delle-armi-nucleari\/","og_site_name":"Pressenza","article_publisher":"https:\/\/www.facebook.com\/PressenzaItalia","article_author":"https:\/\/www.facebook.com\/PressenzaItalia","article_published_time":"2017-06-15T09:06:05+00:00","article_modified_time":"2017-06-15T10:05:35+00:00","og_image":[{"width":600,"height":353,"url":"https:\/\/www.pressenza.com\/wp-content\/uploads\/2017\/06\/minaccia-nucleare.jpg","type":"image\/jpeg"}],"author":"Redazione Italia","twitter_card":"summary_large_image","twitter_creator":"@pressenza_it","twitter_site":"@PressenzaIPA","twitter_misc":{"Scritto da":"Redazione Italia","Tempo di lettura stimato":"3 minuti"},"schema":{"@context":"https:\/\/schema.org","@graph":[{"@type":"Article","@id":"https:\/\/www.pressenza.com\/it\/2017\/06\/livorno-liberiamoci-dalla-minaccia-delle-armi-nucleari\/#article","isPartOf":{"@id":"https:\/\/www.pressenza.com\/it\/2017\/06\/livorno-liberiamoci-dalla-minaccia-delle-armi-nucleari\/"},"author":{"name":"Redazione Italia","@id":"https:\/\/www.pressenza.com\/it\/#\/schema\/person\/d983e81827ae24f2c7b1a2123d197f8d"},"headline":"Livorno: liberiamoci dalla minaccia delle armi nucleari","datePublished":"2017-06-15T09:06:05+00:00","dateModified":"2017-06-15T10:05:35+00:00","mainEntityOfPage":{"@id":"https:\/\/www.pressenza.com\/it\/2017\/06\/livorno-liberiamoci-dalla-minaccia-delle-armi-nucleari\/"},"wordCount":626,"publisher":{"@id":"https:\/\/www.pressenza.com\/it\/#organization"},"image":{"@id":"https:\/\/www.pressenza.com\/it\/2017\/06\/livorno-liberiamoci-dalla-minaccia-delle-armi-nucleari\/#primaryimage"},"thumbnailUrl":"https:\/\/www.pressenza.com\/wp-content\/uploads\/2017\/06\/minaccia-nucleare.jpg","keywords":["Conferenza Internazionale per la Proibizione delle Armi Nucleari","disermo nucleare","gru per la pace","Livorno","origami","Sadako Sasaki","WILPF"],"articleSection":["Comunicati Stampa","Europa","Pace e Disarmo"],"inLanguage":"it-IT"},{"@type":"WebPage","@id":"https:\/\/www.pressenza.com\/it\/2017\/06\/livorno-liberiamoci-dalla-minaccia-delle-armi-nucleari\/","url":"https:\/\/www.pressenza.com\/it\/2017\/06\/livorno-liberiamoci-dalla-minaccia-delle-armi-nucleari\/","name":"Livorno: liberiamoci dalla minaccia delle armi nucleari","isPartOf":{"@id":"https:\/\/www.pressenza.com\/it\/#website"},"primaryImageOfPage":{"@id":"https:\/\/www.pressenza.com\/it\/2017\/06\/livorno-liberiamoci-dalla-minaccia-delle-armi-nucleari\/#primaryimage"},"image":{"@id":"https:\/\/www.pressenza.com\/it\/2017\/06\/livorno-liberiamoci-dalla-minaccia-delle-armi-nucleari\/#primaryimage"},"thumbnailUrl":"https:\/\/www.pressenza.com\/wp-content\/uploads\/2017\/06\/minaccia-nucleare.jpg","datePublished":"2017-06-15T09:06:05+00:00","dateModified":"2017-06-15T10:05:35+00:00","description":"Il 17 Giugno a Livorno avr\u00e0 luogo una mobilitazione contro le armi nucleari (programma in fondo all'articolo). Le armi nucleari sono una minaccia globale","breadcrumb":{"@id":"https:\/\/www.pressenza.com\/it\/2017\/06\/livorno-liberiamoci-dalla-minaccia-delle-armi-nucleari\/#breadcrumb"},"inLanguage":"it-IT","potentialAction":[{"@type":"ReadAction","target":["https:\/\/www.pressenza.com\/it\/2017\/06\/livorno-liberiamoci-dalla-minaccia-delle-armi-nucleari\/"]}]},{"@type":"ImageObject","inLanguage":"it-IT","@id":"https:\/\/www.pressenza.com\/it\/2017\/06\/livorno-liberiamoci-dalla-minaccia-delle-armi-nucleari\/#primaryimage","url":"https:\/\/www.pressenza.com\/wp-content\/uploads\/2017\/06\/minaccia-nucleare.jpg","contentUrl":"https:\/\/www.pressenza.com\/wp-content\/uploads\/2017\/06\/minaccia-nucleare.jpg","width":600,"height":353},{"@type":"BreadcrumbList","@id":"https:\/\/www.pressenza.com\/it\/2017\/06\/livorno-liberiamoci-dalla-minaccia-delle-armi-nucleari\/#breadcrumb","itemListElement":[{"@type":"ListItem","position":1,"name":"Accueil","item":"https:\/\/www.pressenza.com\/it\/"},{"@type":"ListItem","position":2,"name":"Livorno: liberiamoci dalla minaccia delle armi nucleari"}]},{"@type":"WebSite","@id":"https:\/\/www.pressenza.com\/it\/#website","url":"https:\/\/www.pressenza.com\/it\/","name":"Pressenza","description":"Agenzia di Stampa Internazionale","publisher":{"@id":"https:\/\/www.pressenza.com\/it\/#organization"},"potentialAction":[{"@type":"SearchAction","target":{"@type":"EntryPoint","urlTemplate":"https:\/\/www.pressenza.com\/it\/?s={search_term_string}"},"query-input":{"@type":"PropertyValueSpecification","valueRequired":true,"valueName":"search_term_string"}}],"inLanguage":"it-IT"},{"@type":"Organization","@id":"https:\/\/www.pressenza.com\/it\/#organization","name":"Pressenza","url":"https:\/\/www.pressenza.com\/it\/","logo":{"@type":"ImageObject","inLanguage":"it-IT","@id":"https:\/\/www.pressenza.com\/it\/#\/schema\/logo\/image\/","url":"https:\/\/www.pressenza.com\/wp-content\/uploads\/2022\/10\/pressenza_logo_200x200.jpg","contentUrl":"https:\/\/www.pressenza.com\/wp-content\/uploads\/2022\/10\/pressenza_logo_200x200.jpg","width":200,"height":200,"caption":"Pressenza"},"image":{"@id":"https:\/\/www.pressenza.com\/it\/#\/schema\/logo\/image\/"},"sameAs":["https:\/\/www.facebook.com\/PressenzaItalia","https:\/\/x.com\/PressenzaIPA"]},{"@type":"Person","@id":"https:\/\/www.pressenza.com\/it\/#\/schema\/person\/d983e81827ae24f2c7b1a2123d197f8d","name":"Redazione Italia","description":"News from the Pressenza Bureau in Italy","sameAs":["https:\/\/www.pressenza.com\/it\/author\/redazione-italia\/","https:\/\/www.facebook.com\/PressenzaItalia","https:\/\/www.instagram.com\/pressenza_italia\/","https:\/\/x.com\/pressenza_it","https:\/\/www.youtube.com\/channel\/UCSalEIWjE1RSxkwjfftFuqg"],"url":"https:\/\/www.pressenza.com\/it\/author\/redazione-italia\/"}]}},"place":"Livorno","original_article_url":"","_links":{"self":[{"href":"https:\/\/www.pressenza.com\/it\/wp-json\/wp\/v2\/posts\/479091","targetHints":{"allow":["GET"]}}],"collection":[{"href":"https:\/\/www.pressenza.com\/it\/wp-json\/wp\/v2\/posts"}],"about":[{"href":"https:\/\/www.pressenza.com\/it\/wp-json\/wp\/v2\/types\/post"}],"author":[{"embeddable":true,"href":"https:\/\/www.pressenza.com\/it\/wp-json\/wp\/v2\/users\/594"}],"replies":[{"embeddable":true,"href":"https:\/\/www.pressenza.com\/it\/wp-json\/wp\/v2\/comments?post=479091"}],"version-history":[{"count":0,"href":"https:\/\/www.pressenza.com\/it\/wp-json\/wp\/v2\/posts\/479091\/revisions"}],"wp:featuredmedia":[{"embeddable":true,"href":"https:\/\/www.pressenza.com\/it\/wp-json\/wp\/v2\/media\/479094"}],"wp:attachment":[{"href":"https:\/\/www.pressenza.com\/it\/wp-json\/wp\/v2\/media?parent=479091"}],"wp:term":[{"taxonomy":"category","embeddable":true,"href":"https:\/\/www.pressenza.com\/it\/wp-json\/wp\/v2\/categories?post=479091"},{"taxonomy":"post_tag","embeddable":true,"href":"https:\/\/www.pressenza.com\/it\/wp-json\/wp\/v2\/tags?post=479091"}],"curies":[{"name":"wp","href":"https:\/\/api.w.org\/{rel}","templated":true}]}}