{"id":47312,"date":"2013-04-12T08:46:26","date_gmt":"2013-04-12T07:46:26","guid":{"rendered":"http:\/\/www.pressenza.com\/?p=47312"},"modified":"2016-04-04T19:25:57","modified_gmt":"2016-04-04T18:25:57","slug":"manifestazione-contro-le-politiche-sanitarie-a-madrid","status":"publish","type":"post","link":"https:\/\/www.pressenza.com\/it\/2013\/04\/manifestazione-contro-le-politiche-sanitarie-a-madrid\/","title":{"rendered":"Manifestazione contro le politiche sanitarie a Madrid"},"content":{"rendered":"<p align=\"left\">Gioved\u00ec 11 aprile 2013 si \u00e8 svolta alla Puerta del Sol di Madrid \u00a0una manifestazione di protesta per la politica sanitaria regionale.<\/p>\n<p align=\"left\">I partecipanti alla manifestazione, convocata dai sindacati del settore della sanit\u00e0 (SATSE, CCOO, AMYTS, CSIT-UP, UGT e USAE), portavano uno striscione con la scritta \u201cLa sanit\u00e0 non si vende, si difende\u201d, per protestare contro il piano di privatizzare 27 centri sanitari e sei ospedali a Madrid.<\/p>\n<p align=\"left\">\u201cLa perdita della qualit\u00e0 assistenziale \u00e8 una delle maggiori preoccupazioni degli operatori sanitari in lotta contro i piani del governo regionale\u201d, ha dichiarato Juan Carlos Mej\u00edas, segretario di azione sindacale degli infermieri (SATSE).<\/p>\n<p align=\"left\">Tutte le organizzazioni continueranno la protesta con manifestazioni, presidi, scioperi e denunce legali contro l\u2019indifferenza mostrata dai poteri pubblici su questo tema.<\/p>\n<p align=\"left\">Dal 27 dicembre scorso, quando il governo regionale di Madrid ha approvato una legge che ampliava l\u2019esternalizzazione dei centri sanitari, gli operatori del settore hanno realizzato numerose mobilitazioni, meglio conosciute come \u201cmarea bianca\u201d, contro i provvedimenti di privatizzazione degli ospedali e dei centri sanitari.<\/p>\n<p>&nbsp;<\/p>\n","protected":false},"excerpt":{"rendered":"<p>Gioved\u00ec 11 aprile 2013 si \u00e8 svolta alla Puerta del Sol di Madrid \u00a0una manifestazione di protesta per la politica sanitaria regionale. I partecipanti alla manifestazione, convocata dai sindacati del settore della sanit\u00e0 (SATSE, CCOO, AMYTS, CSIT-UP, UGT e USAE),&hellip;<\/p>\n","protected":false},"author":954,"featured_media":47313,"comment_status":"closed","ping_status":"open","sticky":false,"template":"","format":"standard","meta":{"footnotes":""},"categories":[47,1259],"tags":[4528,890,1602],"class_list":["post-47312","post","type-post","status-publish","format-standard","has-post-thumbnail","hentry","category-europa","category-salute-argomento","tag-privatizzazione-della-sanita","tag-proteste-sociali","tag-spagna"],"yoast_head":"<!-- This site is optimized with the Yoast SEO plugin v27.1.1 - https:\/\/yoast.com\/product\/yoast-seo-wordpress\/ -->\n<title>Manifestazione contro le politiche sanitarie a Madrid<\/title>\n<meta name=\"description\" content=\"Gioved\u00ec 11 aprile 2013 si \u00e8 svolta alla Puerta del Sol di Madrid \u00a0una manifestazione di protesta per la politica sanitaria regionale. I partecipanti alla\" \/>\n<meta name=\"robots\" content=\"index, follow, max-snippet:-1, max-image-preview:large, max-video-preview:-1\" \/>\n<link rel=\"canonical\" href=\"https:\/\/www.pressenza.com\/it\/2013\/04\/manifestazione-contro-le-politiche-sanitarie-a-madrid\/\" \/>\n<meta property=\"og:locale\" content=\"it_IT\" \/>\n<meta property=\"og:type\" content=\"article\" \/>\n<meta property=\"og:title\" content=\"Manifestazione contro le politiche sanitarie a Madrid\" \/>\n<meta property=\"og:description\" content=\"Gioved\u00ec 11 aprile 2013 si \u00e8 svolta alla Puerta del Sol di Madrid \u00a0una manifestazione di protesta per la politica sanitaria regionale. I partecipanti alla\" \/>\n<meta property=\"og:url\" content=\"https:\/\/www.pressenza.com\/it\/2013\/04\/manifestazione-contro-le-politiche-sanitarie-a-madrid\/\" \/>\n<meta property=\"og:site_name\" content=\"Pressenza\" \/>\n<meta property=\"article:publisher\" content=\"https:\/\/www.facebook.com\/PressenzaItalia\" \/>\n<meta property=\"article:author\" content=\"https:\/\/www.facebook.com\/Hispantv\" \/>\n<meta property=\"article:published_time\" content=\"2013-04-12T07:46:26+00:00\" \/>\n<meta property=\"article:modified_time\" content=\"2016-04-04T18:25:57+00:00\" \/>\n<meta property=\"og:image\" content=\"https:\/\/www.pressenza.com\/wp-content\/uploads\/2013\/04\/manifestazione-Madrid-11-aprile-2013.jpg\" \/>\n\t<meta property=\"og:image:width\" content=\"454\" \/>\n\t<meta property=\"og:image:height\" content=\"302\" \/>\n\t<meta property=\"og:image:type\" content=\"image\/jpeg\" \/>\n<meta name=\"author\" content=\"HispanTV\" \/>\n<meta name=\"twitter:card\" content=\"summary_large_image\" \/>\n<meta name=\"twitter:creator\" content=\"@Hispantv\" \/>\n<meta name=\"twitter:site\" content=\"@PressenzaIPA\" \/>\n<meta name=\"twitter:label1\" content=\"Scritto da\" \/>\n\t<meta name=\"twitter:data1\" content=\"HispanTV\" \/>\n\t<meta name=\"twitter:label2\" content=\"Tempo di lettura stimato\" \/>\n\t<meta name=\"twitter:data2\" content=\"1 minuto\" \/>\n<script type=\"application\/ld+json\" class=\"yoast-schema-graph\">{\"@context\":\"https:\/\/schema.org\",\"@graph\":[{\"@type\":\"Article\",\"@id\":\"https:\/\/www.pressenza.com\/it\/2013\/04\/manifestazione-contro-le-politiche-sanitarie-a-madrid\/#article\",\"isPartOf\":{\"@id\":\"https:\/\/www.pressenza.com\/it\/2013\/04\/manifestazione-contro-le-politiche-sanitarie-a-madrid\/\"},\"author\":{\"name\":\"HispanTV\",\"@id\":\"https:\/\/www.pressenza.com\/it\/#\/schema\/person\/2e5ffdf0e238fbba512bcf5c97959187\"},\"headline\":\"Manifestazione contro le politiche sanitarie a Madrid\",\"datePublished\":\"2013-04-12T07:46:26+00:00\",\"dateModified\":\"2016-04-04T18:25:57+00:00\",\"mainEntityOfPage\":{\"@id\":\"https:\/\/www.pressenza.com\/it\/2013\/04\/manifestazione-contro-le-politiche-sanitarie-a-madrid\/\"},\"wordCount\":172,\"publisher\":{\"@id\":\"https:\/\/www.pressenza.com\/it\/#organization\"},\"image\":{\"@id\":\"https:\/\/www.pressenza.com\/it\/2013\/04\/manifestazione-contro-le-politiche-sanitarie-a-madrid\/#primaryimage\"},\"thumbnailUrl\":\"https:\/\/www.pressenza.com\/wp-content\/uploads\/2013\/04\/manifestazione-Madrid-11-aprile-2013.jpg\",\"keywords\":[\"privatizzazione della sanit\u00e0\",\"proteste sociali\",\"Spagna\"],\"articleSection\":[\"Europa\",\"Salute\"],\"inLanguage\":\"it-IT\"},{\"@type\":\"WebPage\",\"@id\":\"https:\/\/www.pressenza.com\/it\/2013\/04\/manifestazione-contro-le-politiche-sanitarie-a-madrid\/\",\"url\":\"https:\/\/www.pressenza.com\/it\/2013\/04\/manifestazione-contro-le-politiche-sanitarie-a-madrid\/\",\"name\":\"Manifestazione contro le politiche sanitarie a Madrid\",\"isPartOf\":{\"@id\":\"https:\/\/www.pressenza.com\/it\/#website\"},\"primaryImageOfPage\":{\"@id\":\"https:\/\/www.pressenza.com\/it\/2013\/04\/manifestazione-contro-le-politiche-sanitarie-a-madrid\/#primaryimage\"},\"image\":{\"@id\":\"https:\/\/www.pressenza.com\/it\/2013\/04\/manifestazione-contro-le-politiche-sanitarie-a-madrid\/#primaryimage\"},\"thumbnailUrl\":\"https:\/\/www.pressenza.com\/wp-content\/uploads\/2013\/04\/manifestazione-Madrid-11-aprile-2013.jpg\",\"datePublished\":\"2013-04-12T07:46:26+00:00\",\"dateModified\":\"2016-04-04T18:25:57+00:00\",\"description\":\"Gioved\u00ec 11 aprile 2013 si \u00e8 svolta alla Puerta del Sol di Madrid \u00a0una manifestazione di protesta per la politica sanitaria regionale. I partecipanti alla\",\"breadcrumb\":{\"@id\":\"https:\/\/www.pressenza.com\/it\/2013\/04\/manifestazione-contro-le-politiche-sanitarie-a-madrid\/#breadcrumb\"},\"inLanguage\":\"it-IT\",\"potentialAction\":[{\"@type\":\"ReadAction\",\"target\":[\"https:\/\/www.pressenza.com\/it\/2013\/04\/manifestazione-contro-le-politiche-sanitarie-a-madrid\/\"]}]},{\"@type\":\"ImageObject\",\"inLanguage\":\"it-IT\",\"@id\":\"https:\/\/www.pressenza.com\/it\/2013\/04\/manifestazione-contro-le-politiche-sanitarie-a-madrid\/#primaryimage\",\"url\":\"https:\/\/www.pressenza.com\/wp-content\/uploads\/2013\/04\/manifestazione-Madrid-11-aprile-2013.jpg\",\"contentUrl\":\"https:\/\/www.pressenza.com\/wp-content\/uploads\/2013\/04\/manifestazione-Madrid-11-aprile-2013.jpg\",\"width\":454,\"height\":302},{\"@type\":\"BreadcrumbList\",\"@id\":\"https:\/\/www.pressenza.com\/it\/2013\/04\/manifestazione-contro-le-politiche-sanitarie-a-madrid\/#breadcrumb\",\"itemListElement\":[{\"@type\":\"ListItem\",\"position\":1,\"name\":\"Accueil\",\"item\":\"https:\/\/www.pressenza.com\/it\/\"},{\"@type\":\"ListItem\",\"position\":2,\"name\":\"Manifestazione contro le politiche sanitarie a Madrid\"}]},{\"@type\":\"WebSite\",\"@id\":\"https:\/\/www.pressenza.com\/it\/#website\",\"url\":\"https:\/\/www.pressenza.com\/it\/\",\"name\":\"Pressenza\",\"description\":\"Agenzia di Stampa Internazionale\",\"publisher\":{\"@id\":\"https:\/\/www.pressenza.com\/it\/#organization\"},\"potentialAction\":[{\"@type\":\"SearchAction\",\"target\":{\"@type\":\"EntryPoint\",\"urlTemplate\":\"https:\/\/www.pressenza.com\/it\/?s={search_term_string}\"},\"query-input\":{\"@type\":\"PropertyValueSpecification\",\"valueRequired\":true,\"valueName\":\"search_term_string\"}}],\"inLanguage\":\"it-IT\"},{\"@type\":\"Organization\",\"@id\":\"https:\/\/www.pressenza.com\/it\/#organization\",\"name\":\"Pressenza\",\"url\":\"https:\/\/www.pressenza.com\/it\/\",\"logo\":{\"@type\":\"ImageObject\",\"inLanguage\":\"it-IT\",\"@id\":\"https:\/\/www.pressenza.com\/it\/#\/schema\/logo\/image\/\",\"url\":\"https:\/\/www.pressenza.com\/wp-content\/uploads\/2022\/10\/pressenza_logo_200x200.jpg\",\"contentUrl\":\"https:\/\/www.pressenza.com\/wp-content\/uploads\/2022\/10\/pressenza_logo_200x200.jpg\",\"width\":200,\"height\":200,\"caption\":\"Pressenza\"},\"image\":{\"@id\":\"https:\/\/www.pressenza.com\/it\/#\/schema\/logo\/image\/\"},\"sameAs\":[\"https:\/\/www.facebook.com\/PressenzaItalia\",\"https:\/\/x.com\/PressenzaIPA\"]},{\"@type\":\"Person\",\"@id\":\"https:\/\/www.pressenza.com\/it\/#\/schema\/person\/2e5ffdf0e238fbba512bcf5c97959187\",\"name\":\"HispanTV\",\"description\":\"Trabajar bajo el f\u00e9rreo compromiso como medio de comunicaci\u00f3n para fomentar el acercamiento entre los pueblos de Ir\u00e1n, el Hispanoamericano y los de Medio Oriente, considerando adem\u00e1s la necesidad de crear una mayor cercan\u00eda entre todos los pueblos de Am\u00e9rica Latina. http:\/\/www.hispantv.com\/\",\"sameAs\":[\"http:\/\/www.hispantv.ir\",\"https:\/\/www.facebook.com\/Hispantv\",\"https:\/\/x.com\/Hispantv\"],\"url\":\"https:\/\/www.pressenza.com\/it\/author\/hispantv\/\"}]}<\/script>\n<!-- \/ Yoast SEO plugin. -->","yoast_head_json":{"title":"Manifestazione contro le politiche sanitarie a Madrid","description":"Gioved\u00ec 11 aprile 2013 si \u00e8 svolta alla Puerta del Sol di Madrid \u00a0una manifestazione di protesta per la politica sanitaria regionale. I partecipanti alla","robots":{"index":"index","follow":"follow","max-snippet":"max-snippet:-1","max-image-preview":"max-image-preview:large","max-video-preview":"max-video-preview:-1"},"canonical":"https:\/\/www.pressenza.com\/it\/2013\/04\/manifestazione-contro-le-politiche-sanitarie-a-madrid\/","og_locale":"it_IT","og_type":"article","og_title":"Manifestazione contro le politiche sanitarie a Madrid","og_description":"Gioved\u00ec 11 aprile 2013 si \u00e8 svolta alla Puerta del Sol di Madrid \u00a0una manifestazione di protesta per la politica sanitaria regionale. I partecipanti alla","og_url":"https:\/\/www.pressenza.com\/it\/2013\/04\/manifestazione-contro-le-politiche-sanitarie-a-madrid\/","og_site_name":"Pressenza","article_publisher":"https:\/\/www.facebook.com\/PressenzaItalia","article_author":"https:\/\/www.facebook.com\/Hispantv","article_published_time":"2013-04-12T07:46:26+00:00","article_modified_time":"2016-04-04T18:25:57+00:00","og_image":[{"width":454,"height":302,"url":"https:\/\/www.pressenza.com\/wp-content\/uploads\/2013\/04\/manifestazione-Madrid-11-aprile-2013.jpg","type":"image\/jpeg"}],"author":"HispanTV","twitter_card":"summary_large_image","twitter_creator":"@Hispantv","twitter_site":"@PressenzaIPA","twitter_misc":{"Scritto da":"HispanTV","Tempo di lettura stimato":"1 minuto"},"schema":{"@context":"https:\/\/schema.org","@graph":[{"@type":"Article","@id":"https:\/\/www.pressenza.com\/it\/2013\/04\/manifestazione-contro-le-politiche-sanitarie-a-madrid\/#article","isPartOf":{"@id":"https:\/\/www.pressenza.com\/it\/2013\/04\/manifestazione-contro-le-politiche-sanitarie-a-madrid\/"},"author":{"name":"HispanTV","@id":"https:\/\/www.pressenza.com\/it\/#\/schema\/person\/2e5ffdf0e238fbba512bcf5c97959187"},"headline":"Manifestazione contro le politiche sanitarie a Madrid","datePublished":"2013-04-12T07:46:26+00:00","dateModified":"2016-04-04T18:25:57+00:00","mainEntityOfPage":{"@id":"https:\/\/www.pressenza.com\/it\/2013\/04\/manifestazione-contro-le-politiche-sanitarie-a-madrid\/"},"wordCount":172,"publisher":{"@id":"https:\/\/www.pressenza.com\/it\/#organization"},"image":{"@id":"https:\/\/www.pressenza.com\/it\/2013\/04\/manifestazione-contro-le-politiche-sanitarie-a-madrid\/#primaryimage"},"thumbnailUrl":"https:\/\/www.pressenza.com\/wp-content\/uploads\/2013\/04\/manifestazione-Madrid-11-aprile-2013.jpg","keywords":["privatizzazione della sanit\u00e0","proteste sociali","Spagna"],"articleSection":["Europa","Salute"],"inLanguage":"it-IT"},{"@type":"WebPage","@id":"https:\/\/www.pressenza.com\/it\/2013\/04\/manifestazione-contro-le-politiche-sanitarie-a-madrid\/","url":"https:\/\/www.pressenza.com\/it\/2013\/04\/manifestazione-contro-le-politiche-sanitarie-a-madrid\/","name":"Manifestazione contro le politiche sanitarie a Madrid","isPartOf":{"@id":"https:\/\/www.pressenza.com\/it\/#website"},"primaryImageOfPage":{"@id":"https:\/\/www.pressenza.com\/it\/2013\/04\/manifestazione-contro-le-politiche-sanitarie-a-madrid\/#primaryimage"},"image":{"@id":"https:\/\/www.pressenza.com\/it\/2013\/04\/manifestazione-contro-le-politiche-sanitarie-a-madrid\/#primaryimage"},"thumbnailUrl":"https:\/\/www.pressenza.com\/wp-content\/uploads\/2013\/04\/manifestazione-Madrid-11-aprile-2013.jpg","datePublished":"2013-04-12T07:46:26+00:00","dateModified":"2016-04-04T18:25:57+00:00","description":"Gioved\u00ec 11 aprile 2013 si \u00e8 svolta alla Puerta del Sol di Madrid \u00a0una manifestazione di protesta per la politica sanitaria regionale. I partecipanti alla","breadcrumb":{"@id":"https:\/\/www.pressenza.com\/it\/2013\/04\/manifestazione-contro-le-politiche-sanitarie-a-madrid\/#breadcrumb"},"inLanguage":"it-IT","potentialAction":[{"@type":"ReadAction","target":["https:\/\/www.pressenza.com\/it\/2013\/04\/manifestazione-contro-le-politiche-sanitarie-a-madrid\/"]}]},{"@type":"ImageObject","inLanguage":"it-IT","@id":"https:\/\/www.pressenza.com\/it\/2013\/04\/manifestazione-contro-le-politiche-sanitarie-a-madrid\/#primaryimage","url":"https:\/\/www.pressenza.com\/wp-content\/uploads\/2013\/04\/manifestazione-Madrid-11-aprile-2013.jpg","contentUrl":"https:\/\/www.pressenza.com\/wp-content\/uploads\/2013\/04\/manifestazione-Madrid-11-aprile-2013.jpg","width":454,"height":302},{"@type":"BreadcrumbList","@id":"https:\/\/www.pressenza.com\/it\/2013\/04\/manifestazione-contro-le-politiche-sanitarie-a-madrid\/#breadcrumb","itemListElement":[{"@type":"ListItem","position":1,"name":"Accueil","item":"https:\/\/www.pressenza.com\/it\/"},{"@type":"ListItem","position":2,"name":"Manifestazione contro le politiche sanitarie a Madrid"}]},{"@type":"WebSite","@id":"https:\/\/www.pressenza.com\/it\/#website","url":"https:\/\/www.pressenza.com\/it\/","name":"Pressenza","description":"Agenzia di Stampa Internazionale","publisher":{"@id":"https:\/\/www.pressenza.com\/it\/#organization"},"potentialAction":[{"@type":"SearchAction","target":{"@type":"EntryPoint","urlTemplate":"https:\/\/www.pressenza.com\/it\/?s={search_term_string}"},"query-input":{"@type":"PropertyValueSpecification","valueRequired":true,"valueName":"search_term_string"}}],"inLanguage":"it-IT"},{"@type":"Organization","@id":"https:\/\/www.pressenza.com\/it\/#organization","name":"Pressenza","url":"https:\/\/www.pressenza.com\/it\/","logo":{"@type":"ImageObject","inLanguage":"it-IT","@id":"https:\/\/www.pressenza.com\/it\/#\/schema\/logo\/image\/","url":"https:\/\/www.pressenza.com\/wp-content\/uploads\/2022\/10\/pressenza_logo_200x200.jpg","contentUrl":"https:\/\/www.pressenza.com\/wp-content\/uploads\/2022\/10\/pressenza_logo_200x200.jpg","width":200,"height":200,"caption":"Pressenza"},"image":{"@id":"https:\/\/www.pressenza.com\/it\/#\/schema\/logo\/image\/"},"sameAs":["https:\/\/www.facebook.com\/PressenzaItalia","https:\/\/x.com\/PressenzaIPA"]},{"@type":"Person","@id":"https:\/\/www.pressenza.com\/it\/#\/schema\/person\/2e5ffdf0e238fbba512bcf5c97959187","name":"HispanTV","description":"Trabajar bajo el f\u00e9rreo compromiso como medio de comunicaci\u00f3n para fomentar el acercamiento entre los pueblos de Ir\u00e1n, el Hispanoamericano y los de Medio Oriente, considerando adem\u00e1s la necesidad de crear una mayor cercan\u00eda entre todos los pueblos de Am\u00e9rica Latina. http:\/\/www.hispantv.com\/","sameAs":["http:\/\/www.hispantv.ir","https:\/\/www.facebook.com\/Hispantv","https:\/\/x.com\/Hispantv"],"url":"https:\/\/www.pressenza.com\/it\/author\/hispantv\/"}]}},"place":"","original_article_url":"","_links":{"self":[{"href":"https:\/\/www.pressenza.com\/it\/wp-json\/wp\/v2\/posts\/47312","targetHints":{"allow":["GET"]}}],"collection":[{"href":"https:\/\/www.pressenza.com\/it\/wp-json\/wp\/v2\/posts"}],"about":[{"href":"https:\/\/www.pressenza.com\/it\/wp-json\/wp\/v2\/types\/post"}],"author":[{"embeddable":true,"href":"https:\/\/www.pressenza.com\/it\/wp-json\/wp\/v2\/users\/954"}],"replies":[{"embeddable":true,"href":"https:\/\/www.pressenza.com\/it\/wp-json\/wp\/v2\/comments?post=47312"}],"version-history":[{"count":0,"href":"https:\/\/www.pressenza.com\/it\/wp-json\/wp\/v2\/posts\/47312\/revisions"}],"wp:featuredmedia":[{"embeddable":true,"href":"https:\/\/www.pressenza.com\/it\/wp-json\/wp\/v2\/media\/47313"}],"wp:attachment":[{"href":"https:\/\/www.pressenza.com\/it\/wp-json\/wp\/v2\/media?parent=47312"}],"wp:term":[{"taxonomy":"category","embeddable":true,"href":"https:\/\/www.pressenza.com\/it\/wp-json\/wp\/v2\/categories?post=47312"},{"taxonomy":"post_tag","embeddable":true,"href":"https:\/\/www.pressenza.com\/it\/wp-json\/wp\/v2\/tags?post=47312"}],"curies":[{"name":"wp","href":"https:\/\/api.w.org\/{rel}","templated":true}]}}