{"id":471491,"date":"2017-05-29T14:49:15","date_gmt":"2017-05-29T13:49:15","guid":{"rendered":"https:\/\/www.pressenza.com\/?p=471491\/"},"modified":"2017-05-29T14:49:15","modified_gmt":"2017-05-29T13:49:15","slug":"no-allapprovazione-del-ceta-stop-ttip-italia-si-mobilita-larrivo-del-presidente-trudeau","status":"publish","type":"post","link":"https:\/\/www.pressenza.com\/it\/2017\/05\/no-allapprovazione-del-ceta-stop-ttip-italia-si-mobilita-larrivo-del-presidente-trudeau\/","title":{"rendered":"No all&#8217;approvazione del CETA, Stop TTIP Italia si mobilita per l&#8217;arrivo del presidente Trudeau"},"content":{"rendered":"<div style=\"text-align: left;\"><span style=\"color: #800000;\"><b><i><span style=\"font-family: arial,helvetica,sans-serif;\">Il presidente canadese sar\u00e0 marted\u00ec a Roma per promuovere il CETA. La societ\u00e0 civile lancia una mobilitazione sul web\u00a0per chiedere al Parlamento di respingere l\u2019accordo UE-Canada dannoso per l\u2019ambiente e l\u2019economia.<\/span><\/i><\/b><\/span><\/div>\n<div>\n<p><span style=\"font-family: arial,helvetica,sans-serif;\">Una valanga di tweet sul Parlamento per chiedere un\u00a0<b>NO fermo alla ratifica del CETA<\/b>, l\u2019accordo UE-Canada gemello del TTIP. \u00c8 il programma di marted\u00ec 30 marzo, quando\u00a0<b>dalle 10 il presidente canadese Justin Trudeau sar\u00e0 ospite alla Camera<\/b>\u00a0di un convegno sulle migrazioni. Per quell\u2019ora gli attivisti della\u00a0<b>Campagna Stop TTIP Italia, insieme ai sindacati e alle organizzazioni ambientaliste, daranno vita ad un tweetstorm sul web\u00a0<\/b>per chiedere a deputati e senatori di prendere una posizione contraria al CETA [<a href=\"https:\/\/stop-ttip-italia.net\/stop-ceta-maggio-mobilitiamoci-333\/\" target=\"_blank\" rel=\"noopener noreferrer\"><i>Ecco come partecipare<\/i><\/a>].<\/span><\/p>\n<p><span style=\"font-family: arial,helvetica,sans-serif;\">\u00abIl premier Trudeau viene a vendere ai nostri parlamentari un accordo tossico \u2013 dichiara\u00a0<b>Monica di Sisto, portavoce della Campagna Stop TTIP<\/b>\u00a0\u2013 Chi ne ha letto tutte le 1600 pagine sa bene che al suo interno vi sono\u00a0<b>gravi rischi per l\u2019agricoltura, il Made in Italy, i servizi pubblici, l\u2019ambiente e l\u2019occupazione<\/b>. Il CETA, come il TTIP, \u00e8 un trattato che fa della deregolamentazione obiettivo centrale: un approccio che mette il business di poche grandi imprese davanti ai diritti dei lavoratori e alla qualit\u00e0 dei prodotti\u00bb.<\/span><\/p>\n<div><b>L\u2019appello \u00e8 dunque ai parlamentari<\/b>\u00a0che, spiega Di Sisto \u00absono chiamati ad esprimere un giudizio determinante su questo accordo, negoziato nelle segrete stanze e poi venduto come un\u00a0<b>pacchetto chiuso e non emendabile<\/b>. Di fronte alle modalit\u00e0 di negoziazione non trasparenti e ai rischi concreti presenti nel testo, ci aspettiamo che al momento del voto prevalga un chiaro NO al CETA. In caso contrario,\u00a0<b>le prossime elezioni saranno una Caporetto per chi avr\u00e0 sostenuto accordi che violano l\u2019interesse pubblico<\/b>\u00bb.<span style=\"font-family: arial,helvetica,sans-serif;\"><img loading=\"lazy\" decoding=\"async\" src=\"https:\/\/webmail.aruba.it\/cgi-bin\/ajaxmail?Act_View=1&amp;ID=IeBAKmDRwycOSpc0Y@BAIhSvQ9k_HJmB06xPixb06UI3JMSRPkSZQPcsyJ8Q-&amp;R_Folder=SU5CT1g=&amp;msgID=7915&amp;Body=2\" alt=\"Immagine incorporata 1\" width=\"1\" height=\"1\" \/><\/span><\/div>\n<p><span style=\"font-family: arial,helvetica,sans-serif;\">\u00abNon sono riusciti con il TTIP, fermato dalla mobilitazione popolare, e ci provano con il CETA &#8211; aggiunge\u00a0<b>Marco Bersani, tra i coordinatori di Stop TTIP Italia<\/b>\u00a0&#8211; Diritti, beni comuni, servizi pubblici e agricoltura di qualit\u00e0 non sono in vedita.\u00a0I parlamentari sappiano che il loro compito \u00e8 rappresentare l&#8217;interesse generale e non quello delle multinazionali. Non rinunciamo alla democrazia\u00bb.<\/span><\/p>\n<p><span style=\"font-family: arial,helvetica,sans-serif;\">\u00abLa visita di Trudeau in Italia poteva essere l&#8217;occasione per aprire un dibattito istituzionale sul CETA &#8211; dichiara\u00a0<b>Elena Mazzoni, tra i coordinatori di Stop TTIP Italia<\/b>\u00a0&#8211;\u00a0Un dibattito che coinvolgesse gli stakeholders finora esclusi: associazioni, sindacati, movimenti e cittadini. Invece \u00e8 un&#8217;altra\u00a0occasione mancata e si profila\u00a0la probabile ratifica del Trattato senza una discussione democratica e plurale. Per questo la Campagna italiana continuer\u00e0 nel suo costante lavoro di informazione e pressione insieme ai cittadini\u00bb.<\/span><\/p>\n<p><b><span style=\"font-family: arial,helvetica,sans-serif;\">Campagna Stop TTIP Italia<\/span><\/b><\/p>\n<\/div>\n","protected":false},"excerpt":{"rendered":"<p>Il presidente canadese sar\u00e0 marted\u00ec a Roma per promuovere il CETA. La societ\u00e0 civile lancia una mobilitazione sul web\u00a0per chiedere al Parlamento di respingere l\u2019accordo UE-Canada dannoso per l\u2019ambiente e l\u2019economia. Una valanga di tweet sul Parlamento per chiedere un\u00a0NO&hellip;<\/p>\n","protected":false},"author":594,"featured_media":471492,"comment_status":"closed","ping_status":"closed","sticky":false,"template":"","format":"standard","meta":{"footnotes":""},"categories":[150,1258,47],"tags":[16954,1446,37801,16950,37802,3873],"class_list":["post-471491","post","type-post","status-publish","format-standard","has-post-thumbnail","hentry","category-comunicati-stampa","category-educazione","category-europa","tag-campagna-no-ttip","tag-mobilitazione","tag-no-ceta","tag-no-ttip","tag-presidente-justin-trudeau","tag-roma"],"yoast_head":"<!-- This site is optimized with the Yoast SEO plugin v27.1.1 - https:\/\/yoast.com\/product\/yoast-seo-wordpress\/ -->\n<title>No all&#039;approvazione del CETA, Stop TTIP Italia si mobilita per l&#039;arrivo del presidente Trudeau<\/title>\n<meta name=\"description\" content=\"Il presidente canadese sar\u00e0 marted\u00ec a Roma per promuovere il CETA. La societ\u00e0 civile lancia una mobilitazione sul web\u00a0per chiedere al Parlamento di\" \/>\n<meta name=\"robots\" content=\"index, follow, max-snippet:-1, max-image-preview:large, max-video-preview:-1\" \/>\n<link rel=\"canonical\" href=\"https:\/\/www.pressenza.com\/it\/2017\/05\/no-allapprovazione-del-ceta-stop-ttip-italia-si-mobilita-larrivo-del-presidente-trudeau\/\" \/>\n<meta property=\"og:locale\" content=\"it_IT\" \/>\n<meta property=\"og:type\" content=\"article\" \/>\n<meta property=\"og:title\" content=\"No all&#039;approvazione del CETA, Stop TTIP Italia si mobilita per l&#039;arrivo del presidente Trudeau\" \/>\n<meta property=\"og:description\" content=\"Il presidente canadese sar\u00e0 marted\u00ec a Roma per promuovere il CETA. La societ\u00e0 civile lancia una mobilitazione sul web\u00a0per chiedere al Parlamento di\" \/>\n<meta property=\"og:url\" content=\"https:\/\/www.pressenza.com\/it\/2017\/05\/no-allapprovazione-del-ceta-stop-ttip-italia-si-mobilita-larrivo-del-presidente-trudeau\/\" \/>\n<meta property=\"og:site_name\" content=\"Pressenza\" \/>\n<meta property=\"article:publisher\" content=\"https:\/\/www.facebook.com\/PressenzaItalia\" \/>\n<meta property=\"article:author\" content=\"https:\/\/www.facebook.com\/PressenzaItalia\" \/>\n<meta property=\"article:published_time\" content=\"2017-05-29T13:49:15+00:00\" \/>\n<meta property=\"og:image\" content=\"https:\/\/www.pressenza.com\/wp-content\/uploads\/2017\/05\/DSC00065-750x422-c-default.jpeg\" \/>\n\t<meta property=\"og:image:width\" content=\"750\" \/>\n\t<meta property=\"og:image:height\" content=\"422\" \/>\n\t<meta property=\"og:image:type\" content=\"image\/jpeg\" \/>\n<meta name=\"author\" content=\"Redazione Italia\" \/>\n<meta name=\"twitter:card\" content=\"summary_large_image\" \/>\n<meta name=\"twitter:creator\" content=\"@pressenza_it\" \/>\n<meta name=\"twitter:site\" content=\"@PressenzaIPA\" \/>\n<meta name=\"twitter:label1\" content=\"Scritto da\" \/>\n\t<meta name=\"twitter:data1\" content=\"Redazione Italia\" \/>\n\t<meta name=\"twitter:label2\" content=\"Tempo di lettura stimato\" \/>\n\t<meta name=\"twitter:data2\" content=\"2 minuti\" \/>\n<script type=\"application\/ld+json\" class=\"yoast-schema-graph\">{\"@context\":\"https:\/\/schema.org\",\"@graph\":[{\"@type\":\"Article\",\"@id\":\"https:\/\/www.pressenza.com\/it\/2017\/05\/no-allapprovazione-del-ceta-stop-ttip-italia-si-mobilita-larrivo-del-presidente-trudeau\/#article\",\"isPartOf\":{\"@id\":\"https:\/\/www.pressenza.com\/it\/2017\/05\/no-allapprovazione-del-ceta-stop-ttip-italia-si-mobilita-larrivo-del-presidente-trudeau\/\"},\"author\":{\"name\":\"Redazione Italia\",\"@id\":\"https:\/\/www.pressenza.com\/it\/#\/schema\/person\/d983e81827ae24f2c7b1a2123d197f8d\"},\"headline\":\"No all&#8217;approvazione del CETA, Stop TTIP Italia si mobilita per l&#8217;arrivo del presidente Trudeau\",\"datePublished\":\"2017-05-29T13:49:15+00:00\",\"mainEntityOfPage\":{\"@id\":\"https:\/\/www.pressenza.com\/it\/2017\/05\/no-allapprovazione-del-ceta-stop-ttip-italia-si-mobilita-larrivo-del-presidente-trudeau\/\"},\"wordCount\":442,\"publisher\":{\"@id\":\"https:\/\/www.pressenza.com\/it\/#organization\"},\"image\":{\"@id\":\"https:\/\/www.pressenza.com\/it\/2017\/05\/no-allapprovazione-del-ceta-stop-ttip-italia-si-mobilita-larrivo-del-presidente-trudeau\/#primaryimage\"},\"thumbnailUrl\":\"https:\/\/www.pressenza.com\/wp-content\/uploads\/2017\/05\/DSC00065-750x422-c-default.jpeg\",\"keywords\":[\"Campagna No TTIP\",\"mobilitazione\",\"No Ceta\",\"no TTIP\",\"Presidente Justin Trudeau\",\"Roma\"],\"articleSection\":[\"Comunicati Stampa\",\"Educazione\",\"Europa\"],\"inLanguage\":\"it-IT\"},{\"@type\":\"WebPage\",\"@id\":\"https:\/\/www.pressenza.com\/it\/2017\/05\/no-allapprovazione-del-ceta-stop-ttip-italia-si-mobilita-larrivo-del-presidente-trudeau\/\",\"url\":\"https:\/\/www.pressenza.com\/it\/2017\/05\/no-allapprovazione-del-ceta-stop-ttip-italia-si-mobilita-larrivo-del-presidente-trudeau\/\",\"name\":\"No all'approvazione del CETA, Stop TTIP Italia si mobilita per l'arrivo del presidente Trudeau\",\"isPartOf\":{\"@id\":\"https:\/\/www.pressenza.com\/it\/#website\"},\"primaryImageOfPage\":{\"@id\":\"https:\/\/www.pressenza.com\/it\/2017\/05\/no-allapprovazione-del-ceta-stop-ttip-italia-si-mobilita-larrivo-del-presidente-trudeau\/#primaryimage\"},\"image\":{\"@id\":\"https:\/\/www.pressenza.com\/it\/2017\/05\/no-allapprovazione-del-ceta-stop-ttip-italia-si-mobilita-larrivo-del-presidente-trudeau\/#primaryimage\"},\"thumbnailUrl\":\"https:\/\/www.pressenza.com\/wp-content\/uploads\/2017\/05\/DSC00065-750x422-c-default.jpeg\",\"datePublished\":\"2017-05-29T13:49:15+00:00\",\"description\":\"Il presidente canadese sar\u00e0 marted\u00ec a Roma per promuovere il CETA. La societ\u00e0 civile lancia una mobilitazione sul web\u00a0per chiedere al Parlamento di\",\"breadcrumb\":{\"@id\":\"https:\/\/www.pressenza.com\/it\/2017\/05\/no-allapprovazione-del-ceta-stop-ttip-italia-si-mobilita-larrivo-del-presidente-trudeau\/#breadcrumb\"},\"inLanguage\":\"it-IT\",\"potentialAction\":[{\"@type\":\"ReadAction\",\"target\":[\"https:\/\/www.pressenza.com\/it\/2017\/05\/no-allapprovazione-del-ceta-stop-ttip-italia-si-mobilita-larrivo-del-presidente-trudeau\/\"]}]},{\"@type\":\"ImageObject\",\"inLanguage\":\"it-IT\",\"@id\":\"https:\/\/www.pressenza.com\/it\/2017\/05\/no-allapprovazione-del-ceta-stop-ttip-italia-si-mobilita-larrivo-del-presidente-trudeau\/#primaryimage\",\"url\":\"https:\/\/www.pressenza.com\/wp-content\/uploads\/2017\/05\/DSC00065-750x422-c-default.jpeg\",\"contentUrl\":\"https:\/\/www.pressenza.com\/wp-content\/uploads\/2017\/05\/DSC00065-750x422-c-default.jpeg\",\"width\":750,\"height\":422},{\"@type\":\"BreadcrumbList\",\"@id\":\"https:\/\/www.pressenza.com\/it\/2017\/05\/no-allapprovazione-del-ceta-stop-ttip-italia-si-mobilita-larrivo-del-presidente-trudeau\/#breadcrumb\",\"itemListElement\":[{\"@type\":\"ListItem\",\"position\":1,\"name\":\"Accueil\",\"item\":\"https:\/\/www.pressenza.com\/it\/\"},{\"@type\":\"ListItem\",\"position\":2,\"name\":\"No all&#8217;approvazione del CETA, Stop TTIP Italia si mobilita per l&#8217;arrivo del presidente Trudeau\"}]},{\"@type\":\"WebSite\",\"@id\":\"https:\/\/www.pressenza.com\/it\/#website\",\"url\":\"https:\/\/www.pressenza.com\/it\/\",\"name\":\"Pressenza\",\"description\":\"Agenzia di Stampa Internazionale\",\"publisher\":{\"@id\":\"https:\/\/www.pressenza.com\/it\/#organization\"},\"potentialAction\":[{\"@type\":\"SearchAction\",\"target\":{\"@type\":\"EntryPoint\",\"urlTemplate\":\"https:\/\/www.pressenza.com\/it\/?s={search_term_string}\"},\"query-input\":{\"@type\":\"PropertyValueSpecification\",\"valueRequired\":true,\"valueName\":\"search_term_string\"}}],\"inLanguage\":\"it-IT\"},{\"@type\":\"Organization\",\"@id\":\"https:\/\/www.pressenza.com\/it\/#organization\",\"name\":\"Pressenza\",\"url\":\"https:\/\/www.pressenza.com\/it\/\",\"logo\":{\"@type\":\"ImageObject\",\"inLanguage\":\"it-IT\",\"@id\":\"https:\/\/www.pressenza.com\/it\/#\/schema\/logo\/image\/\",\"url\":\"https:\/\/www.pressenza.com\/wp-content\/uploads\/2022\/10\/pressenza_logo_200x200.jpg\",\"contentUrl\":\"https:\/\/www.pressenza.com\/wp-content\/uploads\/2022\/10\/pressenza_logo_200x200.jpg\",\"width\":200,\"height\":200,\"caption\":\"Pressenza\"},\"image\":{\"@id\":\"https:\/\/www.pressenza.com\/it\/#\/schema\/logo\/image\/\"},\"sameAs\":[\"https:\/\/www.facebook.com\/PressenzaItalia\",\"https:\/\/x.com\/PressenzaIPA\"]},{\"@type\":\"Person\",\"@id\":\"https:\/\/www.pressenza.com\/it\/#\/schema\/person\/d983e81827ae24f2c7b1a2123d197f8d\",\"name\":\"Redazione Italia\",\"description\":\"News from the Pressenza Bureau in Italy\",\"sameAs\":[\"https:\/\/www.pressenza.com\/it\/author\/redazione-italia\/\",\"https:\/\/www.facebook.com\/PressenzaItalia\",\"https:\/\/www.instagram.com\/pressenza_italia\/\",\"https:\/\/x.com\/pressenza_it\",\"https:\/\/www.youtube.com\/channel\/UCSalEIWjE1RSxkwjfftFuqg\"],\"url\":\"https:\/\/www.pressenza.com\/it\/author\/redazione-italia\/\"}]}<\/script>\n<!-- \/ Yoast SEO plugin. -->","yoast_head_json":{"title":"No all'approvazione del CETA, Stop TTIP Italia si mobilita per l'arrivo del presidente Trudeau","description":"Il presidente canadese sar\u00e0 marted\u00ec a Roma per promuovere il CETA. La societ\u00e0 civile lancia una mobilitazione sul web\u00a0per chiedere al Parlamento di","robots":{"index":"index","follow":"follow","max-snippet":"max-snippet:-1","max-image-preview":"max-image-preview:large","max-video-preview":"max-video-preview:-1"},"canonical":"https:\/\/www.pressenza.com\/it\/2017\/05\/no-allapprovazione-del-ceta-stop-ttip-italia-si-mobilita-larrivo-del-presidente-trudeau\/","og_locale":"it_IT","og_type":"article","og_title":"No all'approvazione del CETA, Stop TTIP Italia si mobilita per l'arrivo del presidente Trudeau","og_description":"Il presidente canadese sar\u00e0 marted\u00ec a Roma per promuovere il CETA. La societ\u00e0 civile lancia una mobilitazione sul web\u00a0per chiedere al Parlamento di","og_url":"https:\/\/www.pressenza.com\/it\/2017\/05\/no-allapprovazione-del-ceta-stop-ttip-italia-si-mobilita-larrivo-del-presidente-trudeau\/","og_site_name":"Pressenza","article_publisher":"https:\/\/www.facebook.com\/PressenzaItalia","article_author":"https:\/\/www.facebook.com\/PressenzaItalia","article_published_time":"2017-05-29T13:49:15+00:00","og_image":[{"width":750,"height":422,"url":"https:\/\/www.pressenza.com\/wp-content\/uploads\/2017\/05\/DSC00065-750x422-c-default.jpeg","type":"image\/jpeg"}],"author":"Redazione Italia","twitter_card":"summary_large_image","twitter_creator":"@pressenza_it","twitter_site":"@PressenzaIPA","twitter_misc":{"Scritto da":"Redazione Italia","Tempo di lettura stimato":"2 minuti"},"schema":{"@context":"https:\/\/schema.org","@graph":[{"@type":"Article","@id":"https:\/\/www.pressenza.com\/it\/2017\/05\/no-allapprovazione-del-ceta-stop-ttip-italia-si-mobilita-larrivo-del-presidente-trudeau\/#article","isPartOf":{"@id":"https:\/\/www.pressenza.com\/it\/2017\/05\/no-allapprovazione-del-ceta-stop-ttip-italia-si-mobilita-larrivo-del-presidente-trudeau\/"},"author":{"name":"Redazione Italia","@id":"https:\/\/www.pressenza.com\/it\/#\/schema\/person\/d983e81827ae24f2c7b1a2123d197f8d"},"headline":"No all&#8217;approvazione del CETA, Stop TTIP Italia si mobilita per l&#8217;arrivo del presidente Trudeau","datePublished":"2017-05-29T13:49:15+00:00","mainEntityOfPage":{"@id":"https:\/\/www.pressenza.com\/it\/2017\/05\/no-allapprovazione-del-ceta-stop-ttip-italia-si-mobilita-larrivo-del-presidente-trudeau\/"},"wordCount":442,"publisher":{"@id":"https:\/\/www.pressenza.com\/it\/#organization"},"image":{"@id":"https:\/\/www.pressenza.com\/it\/2017\/05\/no-allapprovazione-del-ceta-stop-ttip-italia-si-mobilita-larrivo-del-presidente-trudeau\/#primaryimage"},"thumbnailUrl":"https:\/\/www.pressenza.com\/wp-content\/uploads\/2017\/05\/DSC00065-750x422-c-default.jpeg","keywords":["Campagna No TTIP","mobilitazione","No Ceta","no TTIP","Presidente Justin Trudeau","Roma"],"articleSection":["Comunicati Stampa","Educazione","Europa"],"inLanguage":"it-IT"},{"@type":"WebPage","@id":"https:\/\/www.pressenza.com\/it\/2017\/05\/no-allapprovazione-del-ceta-stop-ttip-italia-si-mobilita-larrivo-del-presidente-trudeau\/","url":"https:\/\/www.pressenza.com\/it\/2017\/05\/no-allapprovazione-del-ceta-stop-ttip-italia-si-mobilita-larrivo-del-presidente-trudeau\/","name":"No all'approvazione del CETA, Stop TTIP Italia si mobilita per l'arrivo del presidente Trudeau","isPartOf":{"@id":"https:\/\/www.pressenza.com\/it\/#website"},"primaryImageOfPage":{"@id":"https:\/\/www.pressenza.com\/it\/2017\/05\/no-allapprovazione-del-ceta-stop-ttip-italia-si-mobilita-larrivo-del-presidente-trudeau\/#primaryimage"},"image":{"@id":"https:\/\/www.pressenza.com\/it\/2017\/05\/no-allapprovazione-del-ceta-stop-ttip-italia-si-mobilita-larrivo-del-presidente-trudeau\/#primaryimage"},"thumbnailUrl":"https:\/\/www.pressenza.com\/wp-content\/uploads\/2017\/05\/DSC00065-750x422-c-default.jpeg","datePublished":"2017-05-29T13:49:15+00:00","description":"Il presidente canadese sar\u00e0 marted\u00ec a Roma per promuovere il CETA. La societ\u00e0 civile lancia una mobilitazione sul web\u00a0per chiedere al Parlamento di","breadcrumb":{"@id":"https:\/\/www.pressenza.com\/it\/2017\/05\/no-allapprovazione-del-ceta-stop-ttip-italia-si-mobilita-larrivo-del-presidente-trudeau\/#breadcrumb"},"inLanguage":"it-IT","potentialAction":[{"@type":"ReadAction","target":["https:\/\/www.pressenza.com\/it\/2017\/05\/no-allapprovazione-del-ceta-stop-ttip-italia-si-mobilita-larrivo-del-presidente-trudeau\/"]}]},{"@type":"ImageObject","inLanguage":"it-IT","@id":"https:\/\/www.pressenza.com\/it\/2017\/05\/no-allapprovazione-del-ceta-stop-ttip-italia-si-mobilita-larrivo-del-presidente-trudeau\/#primaryimage","url":"https:\/\/www.pressenza.com\/wp-content\/uploads\/2017\/05\/DSC00065-750x422-c-default.jpeg","contentUrl":"https:\/\/www.pressenza.com\/wp-content\/uploads\/2017\/05\/DSC00065-750x422-c-default.jpeg","width":750,"height":422},{"@type":"BreadcrumbList","@id":"https:\/\/www.pressenza.com\/it\/2017\/05\/no-allapprovazione-del-ceta-stop-ttip-italia-si-mobilita-larrivo-del-presidente-trudeau\/#breadcrumb","itemListElement":[{"@type":"ListItem","position":1,"name":"Accueil","item":"https:\/\/www.pressenza.com\/it\/"},{"@type":"ListItem","position":2,"name":"No all&#8217;approvazione del CETA, Stop TTIP Italia si mobilita per l&#8217;arrivo del presidente Trudeau"}]},{"@type":"WebSite","@id":"https:\/\/www.pressenza.com\/it\/#website","url":"https:\/\/www.pressenza.com\/it\/","name":"Pressenza","description":"Agenzia di Stampa Internazionale","publisher":{"@id":"https:\/\/www.pressenza.com\/it\/#organization"},"potentialAction":[{"@type":"SearchAction","target":{"@type":"EntryPoint","urlTemplate":"https:\/\/www.pressenza.com\/it\/?s={search_term_string}"},"query-input":{"@type":"PropertyValueSpecification","valueRequired":true,"valueName":"search_term_string"}}],"inLanguage":"it-IT"},{"@type":"Organization","@id":"https:\/\/www.pressenza.com\/it\/#organization","name":"Pressenza","url":"https:\/\/www.pressenza.com\/it\/","logo":{"@type":"ImageObject","inLanguage":"it-IT","@id":"https:\/\/www.pressenza.com\/it\/#\/schema\/logo\/image\/","url":"https:\/\/www.pressenza.com\/wp-content\/uploads\/2022\/10\/pressenza_logo_200x200.jpg","contentUrl":"https:\/\/www.pressenza.com\/wp-content\/uploads\/2022\/10\/pressenza_logo_200x200.jpg","width":200,"height":200,"caption":"Pressenza"},"image":{"@id":"https:\/\/www.pressenza.com\/it\/#\/schema\/logo\/image\/"},"sameAs":["https:\/\/www.facebook.com\/PressenzaItalia","https:\/\/x.com\/PressenzaIPA"]},{"@type":"Person","@id":"https:\/\/www.pressenza.com\/it\/#\/schema\/person\/d983e81827ae24f2c7b1a2123d197f8d","name":"Redazione Italia","description":"News from the Pressenza Bureau in Italy","sameAs":["https:\/\/www.pressenza.com\/it\/author\/redazione-italia\/","https:\/\/www.facebook.com\/PressenzaItalia","https:\/\/www.instagram.com\/pressenza_italia\/","https:\/\/x.com\/pressenza_it","https:\/\/www.youtube.com\/channel\/UCSalEIWjE1RSxkwjfftFuqg"],"url":"https:\/\/www.pressenza.com\/it\/author\/redazione-italia\/"}]}},"place":"Campagna Stop TTIP Italia","original_article_url":"","_links":{"self":[{"href":"https:\/\/www.pressenza.com\/it\/wp-json\/wp\/v2\/posts\/471491","targetHints":{"allow":["GET"]}}],"collection":[{"href":"https:\/\/www.pressenza.com\/it\/wp-json\/wp\/v2\/posts"}],"about":[{"href":"https:\/\/www.pressenza.com\/it\/wp-json\/wp\/v2\/types\/post"}],"author":[{"embeddable":true,"href":"https:\/\/www.pressenza.com\/it\/wp-json\/wp\/v2\/users\/594"}],"replies":[{"embeddable":true,"href":"https:\/\/www.pressenza.com\/it\/wp-json\/wp\/v2\/comments?post=471491"}],"version-history":[{"count":0,"href":"https:\/\/www.pressenza.com\/it\/wp-json\/wp\/v2\/posts\/471491\/revisions"}],"wp:featuredmedia":[{"embeddable":true,"href":"https:\/\/www.pressenza.com\/it\/wp-json\/wp\/v2\/media\/471492"}],"wp:attachment":[{"href":"https:\/\/www.pressenza.com\/it\/wp-json\/wp\/v2\/media?parent=471491"}],"wp:term":[{"taxonomy":"category","embeddable":true,"href":"https:\/\/www.pressenza.com\/it\/wp-json\/wp\/v2\/categories?post=471491"},{"taxonomy":"post_tag","embeddable":true,"href":"https:\/\/www.pressenza.com\/it\/wp-json\/wp\/v2\/tags?post=471491"}],"curies":[{"name":"wp","href":"https:\/\/api.w.org\/{rel}","templated":true}]}}