{"id":470443,"date":"2017-05-25T19:58:00","date_gmt":"2017-05-25T18:58:00","guid":{"rendered":"https:\/\/www.pressenza.com\/?p=470443\/"},"modified":"2017-05-25T19:58:54","modified_gmt":"2017-05-25T18:58:54","slug":"egitto-giro-vite-gli-attivisti-politici","status":"publish","type":"post","link":"https:\/\/www.pressenza.com\/it\/2017\/05\/egitto-giro-vite-gli-attivisti-politici\/","title":{"rendered":"Egitto, nuovo giro di vite contro gli attivisti politici"},"content":{"rendered":"<p>Amnesty International ha denunciato l&#8217;aumento della repressione nei confronti degli attivisti dell&#8217;opposizione egiziana, in vista delle elezioni presidenziali che si terranno nel 2018.<\/p>\n<p>Nelle ultime settimane sono stati arrestati, in 17 diverse citt\u00e0, almeno 36 esponenti di cinque tra partiti di opposizione e gruppi politici giovanili, molti dei quali per aver pubblicato post sulle elezioni.<\/p>\n<p>Tra le persone prese di mira c&#8217;\u00e8 anche l&#8217;ex candidato alle presidenziali del 2012 e noto attivista per i diritti umani Khaled Ali. Arrestato il 23 maggio e rilasciato il giorno dopo su cauzione, sar\u00e0 processato il 29 maggio per &#8220;violazione della morale pubblica&#8221;. Rischia una condanna a un anno di carcere o a una multa, cosa che gli impedirebbe di candidarsi nuovamente alle elezioni.<\/p>\n<p>&#8220;Le elezioni non si svolgeranno prima del 2018, eppure le autorit\u00e0 egiziane sono gi\u00e0 al lavoro per stroncare ogni possibile candidatura che possa mettere in pericolo il loro attaccamento al potere&#8221;, ha dichiarato Najia Bounaim, direttrice delle campagne di Amnesty International per l&#8217;Africa del Nord.<\/p>\n<p>&#8220;L&#8217;arresto e il processo di Khaled Ali sono chiaramente motivati da ragioni politiche. Le autorit\u00e0 egiziane devono ritirare l&#8217;assurda accusa mossa contro di lui e porre fine alla campagna diffamatoria nei suoi confronti&#8221;, ha aggiunto Bounaim.<\/p>\n<p>Khaled Ali \u00e8 il fondatore di Aish we Horreya (Pane e libert\u00e0), uno dei partiti colpiti dai recenti arresti. Avrebbe &#8220;violato la morale pubblica&#8221; facendo un gesto con la mano durante una manifestazione tenuta a gennaio di fronte al Consiglio di Stato, che aveva appena annullato la decisione del governo di cedere all&#8217;Arabia Saudita due isole del Mar Rosso.<\/p>\n<p>Amnesty International ha parlato di questo giro di vite di maggio con 13 avvocati, quattro ricercatori sui diritti umani e 14 familiari degli arrestati. In almeno 29 casi gli arresti sono avvenuti in casa all&#8217;alba, da parte dell&#8217;Agenzia per la Sicurezza Nazionale.<\/p>\n<p>Quattro avvocati per i diritti umani che rappresentano nove arrestati hanno riferito ad Amnesty International che le prove contro i loro clienti comprendono post di Facebook, vecchi manifesti politici e volantini.<\/p>\n<p>Almeno 26 persone sono tuttora agli arresti per capi d&#8217;accusa derivanti dalla vaga normativa antiterrorismo, tra cui la presunta appartenenza a gruppi che intendono rovesciare il governo, oppure per &#8220;offesa al presidente&#8221; attraverso i social media o &#8220;abuso delle piattaforme social&#8221;.\u00a0 Rischiano da cinque a 25 anni di carcere.\u00a0Due arrestati sono stati rilasciati su cauzione e sei altri senza cauzione.<\/p>\n<p>Il 24 maggio le forze di sicurezza hanno arrestato altri due esponenti del partito Dostour, dei quali non si hanno ancora notizie.<\/p>\n<p>&#8220;Il numero delle persone arrestate e quello delle citt\u00e0 coinvolte indica che si \u00e8 trattato di un&#8217;azione repressiva coordinata e questo rende la situazione ancora pi\u00f9 preoccupante. Le autorit\u00e0 stanno usando senza vergogna le leggi antiterrorismo per colpire anche giovani attivisti politici che criticano su Facebook il presidente al-Sisi&#8221;, ha commentato Bounaim.<\/p>\n<p>Fanno parte degli arrestati sette militanti ed ex militanti del Movimento giovanile 6 aprile, due fondatori del quale hanno passato tre anni in carcere dal 2013 al 2016, seguiti ora da tre anni di misure cautelari; quattro esponenti del partito Dostour, uno dell&#8217;Alleanza popolare socialista e un altro della Corrente popolare egiziana, partito in fase di registrazione e sostenuto da Hamdeen Sabahi, candidato alle presidenziali del 2014 vinte da Abdelfattah al-Sisi con quasi il 97 per cento dei voti e segnate da arresti e violenze contro i sostenitori di Sabahi.<\/p>\n<p>Il 19 maggio il Ministro dell&#8217;Interno ha dichiarato dalla sua pagina Facebook che erano state arrestate 40 persone per &#8220;reati online&#8221; tra cui l&#8217;uso dei social media per &#8220;incitare alla violenza&#8221;.<\/p>\n<p>Il Parlamento egiziano sta esaminando una controversa proposta di legge per limitare l&#8217;accesso a piattaforme online come Twitter e Facebook attraverso l&#8217;obbligo di registrare gli account presso il governo. L&#8217;uso non autorizzato dei social verrebbe punito con sei mesi di carcere e una multa di circa 200 euro.<\/p>\n","protected":false},"excerpt":{"rendered":"<p>Amnesty International ha denunciato l&#8217;aumento della repressione nei confronti degli attivisti dell&#8217;opposizione egiziana, in vista delle elezioni presidenziali che si terranno nel 2018. Nelle ultime settimane sono stati arrestati, in 17 diverse citt\u00e0, almeno 36 esponenti di cinque tra partiti&hellip;<\/p>\n","protected":false},"author":432,"featured_media":470445,"comment_status":"closed","ping_status":"closed","sticky":false,"template":"","format":"standard","meta":{"footnotes":""},"categories":[45,150,60],"tags":[5284,2827,37732,1119],"class_list":["post-470443","post","type-post","status-publish","format-standard","has-post-thumbnail","hentry","category-africa-it","category-comunicati-stampa","category-diritti-umani","tag-arresti","tag-egitto","tag-elezioni-presidenziali-2018","tag-repressione"],"yoast_head":"<!-- This site is optimized with the Yoast SEO plugin v27.1.1 - https:\/\/yoast.com\/product\/yoast-seo-wordpress\/ -->\n<title>Egitto, nuovo giro di vite contro gli attivisti politici<\/title>\n<meta name=\"description\" content=\"Amnesty International ha denunciato l&#039;aumento della repressione nei confronti degli attivisti dell&#039;opposizione egiziana, in vista delle elezioni\" \/>\n<meta name=\"robots\" content=\"index, follow, max-snippet:-1, max-image-preview:large, max-video-preview:-1\" \/>\n<link rel=\"canonical\" href=\"https:\/\/www.pressenza.com\/it\/2017\/05\/egitto-giro-vite-gli-attivisti-politici\/\" \/>\n<meta property=\"og:locale\" content=\"it_IT\" \/>\n<meta property=\"og:type\" content=\"article\" \/>\n<meta property=\"og:title\" content=\"Egitto, nuovo giro di vite contro gli attivisti politici\" \/>\n<meta property=\"og:description\" content=\"Amnesty International ha denunciato l&#039;aumento della repressione nei confronti degli attivisti dell&#039;opposizione egiziana, in vista delle elezioni\" \/>\n<meta property=\"og:url\" content=\"https:\/\/www.pressenza.com\/it\/2017\/05\/egitto-giro-vite-gli-attivisti-politici\/\" \/>\n<meta property=\"og:site_name\" content=\"Pressenza\" \/>\n<meta property=\"article:publisher\" content=\"https:\/\/www.facebook.com\/PressenzaItalia\" \/>\n<meta property=\"article:author\" content=\"https:\/\/www.facebook.com\/amnestyglobal\" \/>\n<meta property=\"article:published_time\" content=\"2017-05-25T18:58:00+00:00\" \/>\n<meta property=\"article:modified_time\" content=\"2017-05-25T18:58:54+00:00\" \/>\n<meta property=\"og:image\" content=\"https:\/\/www.pressenza.com\/wp-content\/uploads\/2017\/05\/Lawyer_Khaled_Ali_at_Tweet_Nadwa.jpg\" \/>\n\t<meta property=\"og:image:width\" content=\"800\" \/>\n\t<meta property=\"og:image:height\" content=\"536\" \/>\n\t<meta property=\"og:image:type\" content=\"image\/jpeg\" \/>\n<meta name=\"author\" content=\"Amnesty International\" \/>\n<meta name=\"twitter:card\" content=\"summary_large_image\" \/>\n<meta name=\"twitter:creator\" content=\"@amnesty\" \/>\n<meta name=\"twitter:site\" content=\"@PressenzaIPA\" \/>\n<meta name=\"twitter:label1\" content=\"Scritto da\" \/>\n\t<meta name=\"twitter:data1\" content=\"Amnesty International\" \/>\n\t<meta name=\"twitter:label2\" content=\"Tempo di lettura stimato\" \/>\n\t<meta name=\"twitter:data2\" content=\"3 minuti\" \/>\n<script type=\"application\/ld+json\" class=\"yoast-schema-graph\">{\"@context\":\"https:\/\/schema.org\",\"@graph\":[{\"@type\":\"Article\",\"@id\":\"https:\/\/www.pressenza.com\/it\/2017\/05\/egitto-giro-vite-gli-attivisti-politici\/#article\",\"isPartOf\":{\"@id\":\"https:\/\/www.pressenza.com\/it\/2017\/05\/egitto-giro-vite-gli-attivisti-politici\/\"},\"author\":{\"name\":\"Amnesty International\",\"@id\":\"https:\/\/www.pressenza.com\/it\/#\/schema\/person\/9b981b05c7ecf09292e6acb3223b2d9d\"},\"headline\":\"Egitto, nuovo giro di vite contro gli attivisti politici\",\"datePublished\":\"2017-05-25T18:58:00+00:00\",\"dateModified\":\"2017-05-25T18:58:54+00:00\",\"mainEntityOfPage\":{\"@id\":\"https:\/\/www.pressenza.com\/it\/2017\/05\/egitto-giro-vite-gli-attivisti-politici\/\"},\"wordCount\":640,\"publisher\":{\"@id\":\"https:\/\/www.pressenza.com\/it\/#organization\"},\"image\":{\"@id\":\"https:\/\/www.pressenza.com\/it\/2017\/05\/egitto-giro-vite-gli-attivisti-politici\/#primaryimage\"},\"thumbnailUrl\":\"https:\/\/www.pressenza.com\/wp-content\/uploads\/2017\/05\/Lawyer_Khaled_Ali_at_Tweet_Nadwa.jpg\",\"keywords\":[\"arresti\",\"Egitto\",\"elezioni presidenziali 2018\",\"repressione\"],\"articleSection\":[\"Africa\",\"Comunicati Stampa\",\"Diritti Umani\"],\"inLanguage\":\"it-IT\"},{\"@type\":\"WebPage\",\"@id\":\"https:\/\/www.pressenza.com\/it\/2017\/05\/egitto-giro-vite-gli-attivisti-politici\/\",\"url\":\"https:\/\/www.pressenza.com\/it\/2017\/05\/egitto-giro-vite-gli-attivisti-politici\/\",\"name\":\"Egitto, nuovo giro di vite contro gli attivisti politici\",\"isPartOf\":{\"@id\":\"https:\/\/www.pressenza.com\/it\/#website\"},\"primaryImageOfPage\":{\"@id\":\"https:\/\/www.pressenza.com\/it\/2017\/05\/egitto-giro-vite-gli-attivisti-politici\/#primaryimage\"},\"image\":{\"@id\":\"https:\/\/www.pressenza.com\/it\/2017\/05\/egitto-giro-vite-gli-attivisti-politici\/#primaryimage\"},\"thumbnailUrl\":\"https:\/\/www.pressenza.com\/wp-content\/uploads\/2017\/05\/Lawyer_Khaled_Ali_at_Tweet_Nadwa.jpg\",\"datePublished\":\"2017-05-25T18:58:00+00:00\",\"dateModified\":\"2017-05-25T18:58:54+00:00\",\"description\":\"Amnesty International ha denunciato l'aumento della repressione nei confronti degli attivisti dell'opposizione egiziana, in vista delle elezioni\",\"breadcrumb\":{\"@id\":\"https:\/\/www.pressenza.com\/it\/2017\/05\/egitto-giro-vite-gli-attivisti-politici\/#breadcrumb\"},\"inLanguage\":\"it-IT\",\"potentialAction\":[{\"@type\":\"ReadAction\",\"target\":[\"https:\/\/www.pressenza.com\/it\/2017\/05\/egitto-giro-vite-gli-attivisti-politici\/\"]}]},{\"@type\":\"ImageObject\",\"inLanguage\":\"it-IT\",\"@id\":\"https:\/\/www.pressenza.com\/it\/2017\/05\/egitto-giro-vite-gli-attivisti-politici\/#primaryimage\",\"url\":\"https:\/\/www.pressenza.com\/wp-content\/uploads\/2017\/05\/Lawyer_Khaled_Ali_at_Tweet_Nadwa.jpg\",\"contentUrl\":\"https:\/\/www.pressenza.com\/wp-content\/uploads\/2017\/05\/Lawyer_Khaled_Ali_at_Tweet_Nadwa.jpg\",\"width\":800,\"height\":536},{\"@type\":\"BreadcrumbList\",\"@id\":\"https:\/\/www.pressenza.com\/it\/2017\/05\/egitto-giro-vite-gli-attivisti-politici\/#breadcrumb\",\"itemListElement\":[{\"@type\":\"ListItem\",\"position\":1,\"name\":\"Accueil\",\"item\":\"https:\/\/www.pressenza.com\/it\/\"},{\"@type\":\"ListItem\",\"position\":2,\"name\":\"Egitto, nuovo giro di vite contro gli attivisti politici\"}]},{\"@type\":\"WebSite\",\"@id\":\"https:\/\/www.pressenza.com\/it\/#website\",\"url\":\"https:\/\/www.pressenza.com\/it\/\",\"name\":\"Pressenza\",\"description\":\"Agenzia di Stampa Internazionale\",\"publisher\":{\"@id\":\"https:\/\/www.pressenza.com\/it\/#organization\"},\"potentialAction\":[{\"@type\":\"SearchAction\",\"target\":{\"@type\":\"EntryPoint\",\"urlTemplate\":\"https:\/\/www.pressenza.com\/it\/?s={search_term_string}\"},\"query-input\":{\"@type\":\"PropertyValueSpecification\",\"valueRequired\":true,\"valueName\":\"search_term_string\"}}],\"inLanguage\":\"it-IT\"},{\"@type\":\"Organization\",\"@id\":\"https:\/\/www.pressenza.com\/it\/#organization\",\"name\":\"Pressenza\",\"url\":\"https:\/\/www.pressenza.com\/it\/\",\"logo\":{\"@type\":\"ImageObject\",\"inLanguage\":\"it-IT\",\"@id\":\"https:\/\/www.pressenza.com\/it\/#\/schema\/logo\/image\/\",\"url\":\"https:\/\/www.pressenza.com\/wp-content\/uploads\/2022\/10\/pressenza_logo_200x200.jpg\",\"contentUrl\":\"https:\/\/www.pressenza.com\/wp-content\/uploads\/2022\/10\/pressenza_logo_200x200.jpg\",\"width\":200,\"height\":200,\"caption\":\"Pressenza\"},\"image\":{\"@id\":\"https:\/\/www.pressenza.com\/it\/#\/schema\/logo\/image\/\"},\"sameAs\":[\"https:\/\/www.facebook.com\/PressenzaItalia\",\"https:\/\/x.com\/PressenzaIPA\"]},{\"@type\":\"Person\",\"@id\":\"https:\/\/www.pressenza.com\/it\/#\/schema\/person\/9b981b05c7ecf09292e6acb3223b2d9d\",\"name\":\"Amnesty International\",\"description\":\"Amnesty International is a global movement of more than 3 million supporters, members and activists in over 150 countries and territories who campaign to end grave abuses of human rights. Our vision is for every person to enjoy all the rights enshrined in the Universal Declaration of Human Rights and other international human rights standards. www.amnesty.org\",\"sameAs\":[\"http:\/\/www.amnesty.it\",\"https:\/\/www.facebook.com\/amnestyglobal\",\"https:\/\/x.com\/amnesty\"],\"url\":\"https:\/\/www.pressenza.com\/it\/author\/amnesty-international\/\"}]}<\/script>\n<!-- \/ Yoast SEO plugin. -->","yoast_head_json":{"title":"Egitto, nuovo giro di vite contro gli attivisti politici","description":"Amnesty International ha denunciato l'aumento della repressione nei confronti degli attivisti dell'opposizione egiziana, in vista delle elezioni","robots":{"index":"index","follow":"follow","max-snippet":"max-snippet:-1","max-image-preview":"max-image-preview:large","max-video-preview":"max-video-preview:-1"},"canonical":"https:\/\/www.pressenza.com\/it\/2017\/05\/egitto-giro-vite-gli-attivisti-politici\/","og_locale":"it_IT","og_type":"article","og_title":"Egitto, nuovo giro di vite contro gli attivisti politici","og_description":"Amnesty International ha denunciato l'aumento della repressione nei confronti degli attivisti dell'opposizione egiziana, in vista delle elezioni","og_url":"https:\/\/www.pressenza.com\/it\/2017\/05\/egitto-giro-vite-gli-attivisti-politici\/","og_site_name":"Pressenza","article_publisher":"https:\/\/www.facebook.com\/PressenzaItalia","article_author":"https:\/\/www.facebook.com\/amnestyglobal","article_published_time":"2017-05-25T18:58:00+00:00","article_modified_time":"2017-05-25T18:58:54+00:00","og_image":[{"width":800,"height":536,"url":"https:\/\/www.pressenza.com\/wp-content\/uploads\/2017\/05\/Lawyer_Khaled_Ali_at_Tweet_Nadwa.jpg","type":"image\/jpeg"}],"author":"Amnesty International","twitter_card":"summary_large_image","twitter_creator":"@amnesty","twitter_site":"@PressenzaIPA","twitter_misc":{"Scritto da":"Amnesty International","Tempo di lettura stimato":"3 minuti"},"schema":{"@context":"https:\/\/schema.org","@graph":[{"@type":"Article","@id":"https:\/\/www.pressenza.com\/it\/2017\/05\/egitto-giro-vite-gli-attivisti-politici\/#article","isPartOf":{"@id":"https:\/\/www.pressenza.com\/it\/2017\/05\/egitto-giro-vite-gli-attivisti-politici\/"},"author":{"name":"Amnesty International","@id":"https:\/\/www.pressenza.com\/it\/#\/schema\/person\/9b981b05c7ecf09292e6acb3223b2d9d"},"headline":"Egitto, nuovo giro di vite contro gli attivisti politici","datePublished":"2017-05-25T18:58:00+00:00","dateModified":"2017-05-25T18:58:54+00:00","mainEntityOfPage":{"@id":"https:\/\/www.pressenza.com\/it\/2017\/05\/egitto-giro-vite-gli-attivisti-politici\/"},"wordCount":640,"publisher":{"@id":"https:\/\/www.pressenza.com\/it\/#organization"},"image":{"@id":"https:\/\/www.pressenza.com\/it\/2017\/05\/egitto-giro-vite-gli-attivisti-politici\/#primaryimage"},"thumbnailUrl":"https:\/\/www.pressenza.com\/wp-content\/uploads\/2017\/05\/Lawyer_Khaled_Ali_at_Tweet_Nadwa.jpg","keywords":["arresti","Egitto","elezioni presidenziali 2018","repressione"],"articleSection":["Africa","Comunicati Stampa","Diritti Umani"],"inLanguage":"it-IT"},{"@type":"WebPage","@id":"https:\/\/www.pressenza.com\/it\/2017\/05\/egitto-giro-vite-gli-attivisti-politici\/","url":"https:\/\/www.pressenza.com\/it\/2017\/05\/egitto-giro-vite-gli-attivisti-politici\/","name":"Egitto, nuovo giro di vite contro gli attivisti politici","isPartOf":{"@id":"https:\/\/www.pressenza.com\/it\/#website"},"primaryImageOfPage":{"@id":"https:\/\/www.pressenza.com\/it\/2017\/05\/egitto-giro-vite-gli-attivisti-politici\/#primaryimage"},"image":{"@id":"https:\/\/www.pressenza.com\/it\/2017\/05\/egitto-giro-vite-gli-attivisti-politici\/#primaryimage"},"thumbnailUrl":"https:\/\/www.pressenza.com\/wp-content\/uploads\/2017\/05\/Lawyer_Khaled_Ali_at_Tweet_Nadwa.jpg","datePublished":"2017-05-25T18:58:00+00:00","dateModified":"2017-05-25T18:58:54+00:00","description":"Amnesty International ha denunciato l'aumento della repressione nei confronti degli attivisti dell'opposizione egiziana, in vista delle elezioni","breadcrumb":{"@id":"https:\/\/www.pressenza.com\/it\/2017\/05\/egitto-giro-vite-gli-attivisti-politici\/#breadcrumb"},"inLanguage":"it-IT","potentialAction":[{"@type":"ReadAction","target":["https:\/\/www.pressenza.com\/it\/2017\/05\/egitto-giro-vite-gli-attivisti-politici\/"]}]},{"@type":"ImageObject","inLanguage":"it-IT","@id":"https:\/\/www.pressenza.com\/it\/2017\/05\/egitto-giro-vite-gli-attivisti-politici\/#primaryimage","url":"https:\/\/www.pressenza.com\/wp-content\/uploads\/2017\/05\/Lawyer_Khaled_Ali_at_Tweet_Nadwa.jpg","contentUrl":"https:\/\/www.pressenza.com\/wp-content\/uploads\/2017\/05\/Lawyer_Khaled_Ali_at_Tweet_Nadwa.jpg","width":800,"height":536},{"@type":"BreadcrumbList","@id":"https:\/\/www.pressenza.com\/it\/2017\/05\/egitto-giro-vite-gli-attivisti-politici\/#breadcrumb","itemListElement":[{"@type":"ListItem","position":1,"name":"Accueil","item":"https:\/\/www.pressenza.com\/it\/"},{"@type":"ListItem","position":2,"name":"Egitto, nuovo giro di vite contro gli attivisti politici"}]},{"@type":"WebSite","@id":"https:\/\/www.pressenza.com\/it\/#website","url":"https:\/\/www.pressenza.com\/it\/","name":"Pressenza","description":"Agenzia di Stampa Internazionale","publisher":{"@id":"https:\/\/www.pressenza.com\/it\/#organization"},"potentialAction":[{"@type":"SearchAction","target":{"@type":"EntryPoint","urlTemplate":"https:\/\/www.pressenza.com\/it\/?s={search_term_string}"},"query-input":{"@type":"PropertyValueSpecification","valueRequired":true,"valueName":"search_term_string"}}],"inLanguage":"it-IT"},{"@type":"Organization","@id":"https:\/\/www.pressenza.com\/it\/#organization","name":"Pressenza","url":"https:\/\/www.pressenza.com\/it\/","logo":{"@type":"ImageObject","inLanguage":"it-IT","@id":"https:\/\/www.pressenza.com\/it\/#\/schema\/logo\/image\/","url":"https:\/\/www.pressenza.com\/wp-content\/uploads\/2022\/10\/pressenza_logo_200x200.jpg","contentUrl":"https:\/\/www.pressenza.com\/wp-content\/uploads\/2022\/10\/pressenza_logo_200x200.jpg","width":200,"height":200,"caption":"Pressenza"},"image":{"@id":"https:\/\/www.pressenza.com\/it\/#\/schema\/logo\/image\/"},"sameAs":["https:\/\/www.facebook.com\/PressenzaItalia","https:\/\/x.com\/PressenzaIPA"]},{"@type":"Person","@id":"https:\/\/www.pressenza.com\/it\/#\/schema\/person\/9b981b05c7ecf09292e6acb3223b2d9d","name":"Amnesty International","description":"Amnesty International is a global movement of more than 3 million supporters, members and activists in over 150 countries and territories who campaign to end grave abuses of human rights. Our vision is for every person to enjoy all the rights enshrined in the Universal Declaration of Human Rights and other international human rights standards. www.amnesty.org","sameAs":["http:\/\/www.amnesty.it","https:\/\/www.facebook.com\/amnestyglobal","https:\/\/x.com\/amnesty"],"url":"https:\/\/www.pressenza.com\/it\/author\/amnesty-international\/"}]}},"place":"","original_article_url":"","_links":{"self":[{"href":"https:\/\/www.pressenza.com\/it\/wp-json\/wp\/v2\/posts\/470443","targetHints":{"allow":["GET"]}}],"collection":[{"href":"https:\/\/www.pressenza.com\/it\/wp-json\/wp\/v2\/posts"}],"about":[{"href":"https:\/\/www.pressenza.com\/it\/wp-json\/wp\/v2\/types\/post"}],"author":[{"embeddable":true,"href":"https:\/\/www.pressenza.com\/it\/wp-json\/wp\/v2\/users\/432"}],"replies":[{"embeddable":true,"href":"https:\/\/www.pressenza.com\/it\/wp-json\/wp\/v2\/comments?post=470443"}],"version-history":[{"count":0,"href":"https:\/\/www.pressenza.com\/it\/wp-json\/wp\/v2\/posts\/470443\/revisions"}],"wp:featuredmedia":[{"embeddable":true,"href":"https:\/\/www.pressenza.com\/it\/wp-json\/wp\/v2\/media\/470445"}],"wp:attachment":[{"href":"https:\/\/www.pressenza.com\/it\/wp-json\/wp\/v2\/media?parent=470443"}],"wp:term":[{"taxonomy":"category","embeddable":true,"href":"https:\/\/www.pressenza.com\/it\/wp-json\/wp\/v2\/categories?post=470443"},{"taxonomy":"post_tag","embeddable":true,"href":"https:\/\/www.pressenza.com\/it\/wp-json\/wp\/v2\/tags?post=470443"}],"curies":[{"name":"wp","href":"https:\/\/api.w.org\/{rel}","templated":true}]}}