{"id":46763,"date":"2013-04-09T08:42:39","date_gmt":"2013-04-09T07:42:39","guid":{"rendered":"http:\/\/www.pressenza.com\/?p=46763"},"modified":"2013-04-09T08:46:37","modified_gmt":"2013-04-09T07:46:37","slug":"palestinese-rilasciato-dopo-27-anni-di-carcere","status":"publish","type":"post","link":"https:\/\/www.pressenza.com\/it\/2013\/04\/palestinese-rilasciato-dopo-27-anni-di-carcere\/","title":{"rendered":"Palestinese rilasciato dopo 27 anni di carcere"},"content":{"rendered":"<p>I prigionieri palestinesi detenuti da Israele da oltre vent\u2019anni, da prima del 1993, anno in cui fu firmato il primo accordo di Oslo, sono 111.<\/p>\n<p>Tra questi, fino a pochi giorni fa, vi era anche Ibrahim Baruda, rilasciato ieri dopo aver scontato una pena di 27 anni di carcere, sette dei quali trascorsi in isolamento come da condanna.<br \/>\nIl palestinese era stato arrestato nel 1983 e tre anni dopo aveva ricevuto la condanna per affiliazione al Jihad Islamico e coinvolgimento in operazioni della resistenza.<br \/>\nOggi 51enne, per 14 anni Ibrahim non ha potuto vedere nessuno della sua famiglia perch\u00e9 Israele sollevava \u201cmotivi di sicurezza\u201d.<br \/>\nI 111 palestinesi in detenzione israeliana da prima del 1993 fanno parte del dato totale sui prigionieri: oltre 4.500.<\/p>\n","protected":false},"excerpt":{"rendered":"<p>I prigionieri palestinesi detenuti da Israele da oltre vent\u2019anni, da prima del 1993, anno in cui fu firmato il primo accordo di Oslo, sono 111. Tra questi, fino a pochi giorni fa, vi era anche Ibrahim Baruda, rilasciato ieri dopo&hellip;<\/p>\n","protected":false},"author":894,"featured_media":0,"comment_status":"closed","ping_status":"open","sticky":false,"template":"","format":"standard","meta":{"footnotes":""},"categories":[60,52],"tags":[778,3875,1227,4464],"class_list":["post-46763","post","type-post","status-publish","format-standard","hentry","category-diritti-umani","category-medio-oriente","tag-israele","tag-oslo-it","tag-palestina-it","tag-prigionieri-palestinesi"],"yoast_head":"<!-- This site is optimized with the Yoast SEO plugin v27.1.1 - https:\/\/yoast.com\/product\/yoast-seo-wordpress\/ -->\n<title>Palestinese rilasciato dopo 27 anni di carcere<\/title>\n<meta name=\"description\" content=\"I prigionieri palestinesi detenuti da Israele da oltre vent\u2019anni, da prima del 1993, anno in cui fu firmato il primo accordo di Oslo, sono 111. Tra\" \/>\n<meta name=\"robots\" content=\"index, follow, max-snippet:-1, max-image-preview:large, max-video-preview:-1\" \/>\n<link rel=\"canonical\" href=\"https:\/\/www.pressenza.com\/it\/2013\/04\/palestinese-rilasciato-dopo-27-anni-di-carcere\/\" \/>\n<meta property=\"og:locale\" content=\"it_IT\" \/>\n<meta property=\"og:type\" content=\"article\" \/>\n<meta property=\"og:title\" content=\"Palestinese rilasciato dopo 27 anni di carcere\" \/>\n<meta property=\"og:description\" content=\"I prigionieri palestinesi detenuti da Israele da oltre vent\u2019anni, da prima del 1993, anno in cui fu firmato il primo accordo di Oslo, sono 111. Tra\" \/>\n<meta property=\"og:url\" content=\"https:\/\/www.pressenza.com\/it\/2013\/04\/palestinese-rilasciato-dopo-27-anni-di-carcere\/\" \/>\n<meta property=\"og:site_name\" content=\"Pressenza\" \/>\n<meta property=\"article:publisher\" content=\"https:\/\/www.facebook.com\/PressenzaItalia\" \/>\n<meta property=\"article:published_time\" content=\"2013-04-09T07:42:39+00:00\" \/>\n<meta property=\"article:modified_time\" content=\"2013-04-09T07:46:37+00:00\" \/>\n<meta name=\"author\" content=\"Elisa Gennaro\" \/>\n<meta name=\"twitter:card\" content=\"summary_large_image\" \/>\n<meta name=\"twitter:creator\" content=\"@PressenzaIPA\" \/>\n<meta name=\"twitter:site\" content=\"@PressenzaIPA\" \/>\n<meta name=\"twitter:label1\" content=\"Scritto da\" \/>\n\t<meta name=\"twitter:data1\" content=\"Elisa Gennaro\" \/>\n\t<meta name=\"twitter:label2\" content=\"Tempo di lettura stimato\" \/>\n\t<meta name=\"twitter:data2\" content=\"1 minuto\" \/>\n<script type=\"application\/ld+json\" class=\"yoast-schema-graph\">{\"@context\":\"https:\/\/schema.org\",\"@graph\":[{\"@type\":\"Article\",\"@id\":\"https:\/\/www.pressenza.com\/it\/2013\/04\/palestinese-rilasciato-dopo-27-anni-di-carcere\/#article\",\"isPartOf\":{\"@id\":\"https:\/\/www.pressenza.com\/it\/2013\/04\/palestinese-rilasciato-dopo-27-anni-di-carcere\/\"},\"author\":{\"name\":\"Elisa Gennaro\",\"@id\":\"https:\/\/www.pressenza.com\/it\/#\/schema\/person\/20050f3e61193f4aab01cc81d4ccdde9\"},\"headline\":\"Palestinese rilasciato dopo 27 anni di carcere\",\"datePublished\":\"2013-04-09T07:42:39+00:00\",\"dateModified\":\"2013-04-09T07:46:37+00:00\",\"mainEntityOfPage\":{\"@id\":\"https:\/\/www.pressenza.com\/it\/2013\/04\/palestinese-rilasciato-dopo-27-anni-di-carcere\/\"},\"wordCount\":122,\"publisher\":{\"@id\":\"https:\/\/www.pressenza.com\/it\/#organization\"},\"keywords\":[\"Israele\",\"Oslo\",\"Palestina\",\"prigionieri palestinesi\"],\"articleSection\":[\"Diritti Umani\",\"Medio Oriente\"],\"inLanguage\":\"it-IT\"},{\"@type\":\"WebPage\",\"@id\":\"https:\/\/www.pressenza.com\/it\/2013\/04\/palestinese-rilasciato-dopo-27-anni-di-carcere\/\",\"url\":\"https:\/\/www.pressenza.com\/it\/2013\/04\/palestinese-rilasciato-dopo-27-anni-di-carcere\/\",\"name\":\"Palestinese rilasciato dopo 27 anni di carcere\",\"isPartOf\":{\"@id\":\"https:\/\/www.pressenza.com\/it\/#website\"},\"datePublished\":\"2013-04-09T07:42:39+00:00\",\"dateModified\":\"2013-04-09T07:46:37+00:00\",\"description\":\"I prigionieri palestinesi detenuti da Israele da oltre vent\u2019anni, da prima del 1993, anno in cui fu firmato il primo accordo di Oslo, sono 111. Tra\",\"breadcrumb\":{\"@id\":\"https:\/\/www.pressenza.com\/it\/2013\/04\/palestinese-rilasciato-dopo-27-anni-di-carcere\/#breadcrumb\"},\"inLanguage\":\"it-IT\",\"potentialAction\":[{\"@type\":\"ReadAction\",\"target\":[\"https:\/\/www.pressenza.com\/it\/2013\/04\/palestinese-rilasciato-dopo-27-anni-di-carcere\/\"]}]},{\"@type\":\"BreadcrumbList\",\"@id\":\"https:\/\/www.pressenza.com\/it\/2013\/04\/palestinese-rilasciato-dopo-27-anni-di-carcere\/#breadcrumb\",\"itemListElement\":[{\"@type\":\"ListItem\",\"position\":1,\"name\":\"Accueil\",\"item\":\"https:\/\/www.pressenza.com\/it\/\"},{\"@type\":\"ListItem\",\"position\":2,\"name\":\"Palestinese rilasciato dopo 27 anni di carcere\"}]},{\"@type\":\"WebSite\",\"@id\":\"https:\/\/www.pressenza.com\/it\/#website\",\"url\":\"https:\/\/www.pressenza.com\/it\/\",\"name\":\"Pressenza\",\"description\":\"Agenzia di Stampa Internazionale\",\"publisher\":{\"@id\":\"https:\/\/www.pressenza.com\/it\/#organization\"},\"potentialAction\":[{\"@type\":\"SearchAction\",\"target\":{\"@type\":\"EntryPoint\",\"urlTemplate\":\"https:\/\/www.pressenza.com\/it\/?s={search_term_string}\"},\"query-input\":{\"@type\":\"PropertyValueSpecification\",\"valueRequired\":true,\"valueName\":\"search_term_string\"}}],\"inLanguage\":\"it-IT\"},{\"@type\":\"Organization\",\"@id\":\"https:\/\/www.pressenza.com\/it\/#organization\",\"name\":\"Pressenza\",\"url\":\"https:\/\/www.pressenza.com\/it\/\",\"logo\":{\"@type\":\"ImageObject\",\"inLanguage\":\"it-IT\",\"@id\":\"https:\/\/www.pressenza.com\/it\/#\/schema\/logo\/image\/\",\"url\":\"https:\/\/www.pressenza.com\/wp-content\/uploads\/2022\/10\/pressenza_logo_200x200.jpg\",\"contentUrl\":\"https:\/\/www.pressenza.com\/wp-content\/uploads\/2022\/10\/pressenza_logo_200x200.jpg\",\"width\":200,\"height\":200,\"caption\":\"Pressenza\"},\"image\":{\"@id\":\"https:\/\/www.pressenza.com\/it\/#\/schema\/logo\/image\/\"},\"sameAs\":[\"https:\/\/www.facebook.com\/PressenzaItalia\",\"https:\/\/x.com\/PressenzaIPA\"]},{\"@type\":\"Person\",\"@id\":\"https:\/\/www.pressenza.com\/it\/#\/schema\/person\/20050f3e61193f4aab01cc81d4ccdde9\",\"name\":\"Elisa Gennaro\",\"description\":\"Elisa Gennaro \u00e8 pubblicista, \u00e8 Dottoressa in Lingue e Civilt\u00e0 Orientali e ha conseguito un Master in Diritto delle Migrazioni. Ha trascorso lunghi periodi di studio, volontariato e lavoro in Palestina, Giordania, Egitto. Oggi vive tra l'Italia e il Golfo.\",\"url\":\"https:\/\/www.pressenza.com\/it\/author\/elisa-gennaro\/\"}]}<\/script>\n<!-- \/ Yoast SEO plugin. -->","yoast_head_json":{"title":"Palestinese rilasciato dopo 27 anni di carcere","description":"I prigionieri palestinesi detenuti da Israele da oltre vent\u2019anni, da prima del 1993, anno in cui fu firmato il primo accordo di Oslo, sono 111. Tra","robots":{"index":"index","follow":"follow","max-snippet":"max-snippet:-1","max-image-preview":"max-image-preview:large","max-video-preview":"max-video-preview:-1"},"canonical":"https:\/\/www.pressenza.com\/it\/2013\/04\/palestinese-rilasciato-dopo-27-anni-di-carcere\/","og_locale":"it_IT","og_type":"article","og_title":"Palestinese rilasciato dopo 27 anni di carcere","og_description":"I prigionieri palestinesi detenuti da Israele da oltre vent\u2019anni, da prima del 1993, anno in cui fu firmato il primo accordo di Oslo, sono 111. Tra","og_url":"https:\/\/www.pressenza.com\/it\/2013\/04\/palestinese-rilasciato-dopo-27-anni-di-carcere\/","og_site_name":"Pressenza","article_publisher":"https:\/\/www.facebook.com\/PressenzaItalia","article_published_time":"2013-04-09T07:42:39+00:00","article_modified_time":"2013-04-09T07:46:37+00:00","author":"Elisa Gennaro","twitter_card":"summary_large_image","twitter_creator":"@PressenzaIPA","twitter_site":"@PressenzaIPA","twitter_misc":{"Scritto da":"Elisa Gennaro","Tempo di lettura stimato":"1 minuto"},"schema":{"@context":"https:\/\/schema.org","@graph":[{"@type":"Article","@id":"https:\/\/www.pressenza.com\/it\/2013\/04\/palestinese-rilasciato-dopo-27-anni-di-carcere\/#article","isPartOf":{"@id":"https:\/\/www.pressenza.com\/it\/2013\/04\/palestinese-rilasciato-dopo-27-anni-di-carcere\/"},"author":{"name":"Elisa Gennaro","@id":"https:\/\/www.pressenza.com\/it\/#\/schema\/person\/20050f3e61193f4aab01cc81d4ccdde9"},"headline":"Palestinese rilasciato dopo 27 anni di carcere","datePublished":"2013-04-09T07:42:39+00:00","dateModified":"2013-04-09T07:46:37+00:00","mainEntityOfPage":{"@id":"https:\/\/www.pressenza.com\/it\/2013\/04\/palestinese-rilasciato-dopo-27-anni-di-carcere\/"},"wordCount":122,"publisher":{"@id":"https:\/\/www.pressenza.com\/it\/#organization"},"keywords":["Israele","Oslo","Palestina","prigionieri palestinesi"],"articleSection":["Diritti Umani","Medio Oriente"],"inLanguage":"it-IT"},{"@type":"WebPage","@id":"https:\/\/www.pressenza.com\/it\/2013\/04\/palestinese-rilasciato-dopo-27-anni-di-carcere\/","url":"https:\/\/www.pressenza.com\/it\/2013\/04\/palestinese-rilasciato-dopo-27-anni-di-carcere\/","name":"Palestinese rilasciato dopo 27 anni di carcere","isPartOf":{"@id":"https:\/\/www.pressenza.com\/it\/#website"},"datePublished":"2013-04-09T07:42:39+00:00","dateModified":"2013-04-09T07:46:37+00:00","description":"I prigionieri palestinesi detenuti da Israele da oltre vent\u2019anni, da prima del 1993, anno in cui fu firmato il primo accordo di Oslo, sono 111. Tra","breadcrumb":{"@id":"https:\/\/www.pressenza.com\/it\/2013\/04\/palestinese-rilasciato-dopo-27-anni-di-carcere\/#breadcrumb"},"inLanguage":"it-IT","potentialAction":[{"@type":"ReadAction","target":["https:\/\/www.pressenza.com\/it\/2013\/04\/palestinese-rilasciato-dopo-27-anni-di-carcere\/"]}]},{"@type":"BreadcrumbList","@id":"https:\/\/www.pressenza.com\/it\/2013\/04\/palestinese-rilasciato-dopo-27-anni-di-carcere\/#breadcrumb","itemListElement":[{"@type":"ListItem","position":1,"name":"Accueil","item":"https:\/\/www.pressenza.com\/it\/"},{"@type":"ListItem","position":2,"name":"Palestinese rilasciato dopo 27 anni di carcere"}]},{"@type":"WebSite","@id":"https:\/\/www.pressenza.com\/it\/#website","url":"https:\/\/www.pressenza.com\/it\/","name":"Pressenza","description":"Agenzia di Stampa Internazionale","publisher":{"@id":"https:\/\/www.pressenza.com\/it\/#organization"},"potentialAction":[{"@type":"SearchAction","target":{"@type":"EntryPoint","urlTemplate":"https:\/\/www.pressenza.com\/it\/?s={search_term_string}"},"query-input":{"@type":"PropertyValueSpecification","valueRequired":true,"valueName":"search_term_string"}}],"inLanguage":"it-IT"},{"@type":"Organization","@id":"https:\/\/www.pressenza.com\/it\/#organization","name":"Pressenza","url":"https:\/\/www.pressenza.com\/it\/","logo":{"@type":"ImageObject","inLanguage":"it-IT","@id":"https:\/\/www.pressenza.com\/it\/#\/schema\/logo\/image\/","url":"https:\/\/www.pressenza.com\/wp-content\/uploads\/2022\/10\/pressenza_logo_200x200.jpg","contentUrl":"https:\/\/www.pressenza.com\/wp-content\/uploads\/2022\/10\/pressenza_logo_200x200.jpg","width":200,"height":200,"caption":"Pressenza"},"image":{"@id":"https:\/\/www.pressenza.com\/it\/#\/schema\/logo\/image\/"},"sameAs":["https:\/\/www.facebook.com\/PressenzaItalia","https:\/\/x.com\/PressenzaIPA"]},{"@type":"Person","@id":"https:\/\/www.pressenza.com\/it\/#\/schema\/person\/20050f3e61193f4aab01cc81d4ccdde9","name":"Elisa Gennaro","description":"Elisa Gennaro \u00e8 pubblicista, \u00e8 Dottoressa in Lingue e Civilt\u00e0 Orientali e ha conseguito un Master in Diritto delle Migrazioni. Ha trascorso lunghi periodi di studio, volontariato e lavoro in Palestina, Giordania, Egitto. Oggi vive tra l'Italia e il Golfo.","url":"https:\/\/www.pressenza.com\/it\/author\/elisa-gennaro\/"}]}},"place":"","original_article_url":"","_links":{"self":[{"href":"https:\/\/www.pressenza.com\/it\/wp-json\/wp\/v2\/posts\/46763","targetHints":{"allow":["GET"]}}],"collection":[{"href":"https:\/\/www.pressenza.com\/it\/wp-json\/wp\/v2\/posts"}],"about":[{"href":"https:\/\/www.pressenza.com\/it\/wp-json\/wp\/v2\/types\/post"}],"author":[{"embeddable":true,"href":"https:\/\/www.pressenza.com\/it\/wp-json\/wp\/v2\/users\/894"}],"replies":[{"embeddable":true,"href":"https:\/\/www.pressenza.com\/it\/wp-json\/wp\/v2\/comments?post=46763"}],"version-history":[{"count":0,"href":"https:\/\/www.pressenza.com\/it\/wp-json\/wp\/v2\/posts\/46763\/revisions"}],"wp:attachment":[{"href":"https:\/\/www.pressenza.com\/it\/wp-json\/wp\/v2\/media?parent=46763"}],"wp:term":[{"taxonomy":"category","embeddable":true,"href":"https:\/\/www.pressenza.com\/it\/wp-json\/wp\/v2\/categories?post=46763"},{"taxonomy":"post_tag","embeddable":true,"href":"https:\/\/www.pressenza.com\/it\/wp-json\/wp\/v2\/tags?post=46763"}],"curies":[{"name":"wp","href":"https:\/\/api.w.org\/{rel}","templated":true}]}}