{"id":466342,"date":"2017-05-17T18:13:08","date_gmt":"2017-05-17T17:13:08","guid":{"rendered":"https:\/\/www.pressenza.com\/?p=466342\/"},"modified":"2017-05-17T18:16:55","modified_gmt":"2017-05-17T17:16:55","slug":"acqua-genova-breve-cronistoria-privatizzazione-itinere","status":"publish","type":"post","link":"https:\/\/www.pressenza.com\/it\/2017\/05\/acqua-genova-breve-cronistoria-privatizzazione-itinere\/","title":{"rendered":"Acqua a Genova: breve cronistoria di una privatizzazione in itinere"},"content":{"rendered":"<p><span id=\"msgText_new_message_draft1495032815140_65a87ca5-a978-4028-a2ee-2ed84ed597a3\" dir=\"ltr\">AMIU Genova Spa \u00e8 un\u2019azienda partecipata del Comune di Genova in quota maggioritaria (93,94% comune Genova, 6,06% azioni proprie senza diritto di voto) e svolge il servizio per i servizi di igiene urbana nel comune di Genova in virt\u00f9 di un incarico in-house con un contratto di servizio.<\/span><\/p>\n<p><span id=\"msgText_new_message_draft1495032815140_65a87ca5-a978-4028-a2ee-2ed84ed597a3\" dir=\"ltr\">IREN Ambiente Spa \u00e8 un\u2019azienda di propriet\u00e0 100% di Iren Spa, Societ\u00e0 di diritto privato, partecipata da Comuni per il 51% e per il 49 % da soggetti privati (banche e fondi di investimento).<\/span><\/p>\n<p><span id=\"msgText_new_message_draft1495032815140_65a87ca5-a978-4028-a2ee-2ed84ed597a3\" dir=\"ltr\">Nel 2013, il Consiglio comunale di Genova approva a maggioranza la delibera 75\/2013 per la razionalizzazione delle aziende partecipate del Comune stesso, inserendo per AMIU Genova la disposizione di cercare un partner societario mediante la vendita di una parte minoritaria delle quote societarie, con lo scopo di realizzare il piano industriale che prevedeva impianti di nuova costruzione.<\/span><\/p>\n<p><span id=\"msgText_new_message_draft1495032815140_65a87ca5-a978-4028-a2ee-2ed84ed597a3\" dir=\"ltr\">Con delibera di consiglio 15\/2015 la stessa indicazione viene trasformata in quella di ricercare un partner industriale che apportasse impiantistica esistente. Con delibera CC n.15 del 12 maggio 2015 il Comune di Genova approva un \u201cPiano di razionalizzazione delle societ\u00e0 partecipate e delle partecipazioni azionarie\u201d relativo anche a AMIU.<\/span><\/p>\n<p><span id=\"msgText_new_message_draft1495032815140_65a87ca5-a978-4028-a2ee-2ed84ed597a3\" dir=\"ltr\">Il 12 febbraio 2015 il Sindaco di Genova invita AMIU a predisporre studi di fattibilit\u00e0, comprensivi di analisi industriali, economico-finanziarie e dei necessari approfondimenti tecnico-giuridici, relativi ad eventuali ipotesi aggregative, alla luce delle previsioni in materia di servizi pubblici locali contenuti nella legge di Stabilit\u00e0 2015.<\/span><\/p>\n<p><span id=\"msgText_new_message_draft1495032815140_65a87ca5-a978-4028-a2ee-2ed84ed597a3\" dir=\"ltr\">Il 3 marzo 2015 AMIU invita Iren a partecipare alla redazione di uno studio di fattibilit\u00e0 (comprensivo di analisi industriali, economico-finanziarie e dei necessari approfondimenti tecnico-giuridici), conformemente a quanto richiesto dal Comune con la lettera del 12 febbraio 2015, nonch\u00e9 anche in previsione del Piano di Razionalizzazione delle societ\u00e0 partecipate (poi approvato con Ordinanza Sindacale n.64\/2015 e ratificato con delibera del Consiglio Comunale n. 15\/2015).<\/span><\/p>\n<p><span id=\"msgText_new_message_draft1495032815140_65a87ca5-a978-4028-a2ee-2ed84ed597a3\" dir=\"ltr\">Nel frattempo eventi alluvionali costringono alla chiusura della discarica di Scarpino con conseguente necessit\u00e0 di ripristino delle condizioni di sicurezza e trasferimento fuori regione dei rifiuti indifferenziati, senza che venga prodotto alcun aumento della TARI per far fronte ai cosiddetti \u201cextracosti\u201d.<\/span><\/p>\n<p><span id=\"msgText_new_message_draft1495032815140_65a87ca5-a978-4028-a2ee-2ed84ed597a3\" dir=\"ltr\">Inoltre, il Comune di Genova non consente il prolungamento del contratto di servizio di dieci anni come richiesto dall\u2019azienda. Questo consegna Amiu a una grave crisi economica e di liquidit\u00e0, oltre a far diminuire il valore dell\u2019azienda a circa5 milioni di euro.<\/span><\/p>\n<p><span id=\"msgText_new_message_draft1495032815140_65a87ca5-a978-4028-a2ee-2ed84ed597a3\" dir=\"ltr\">Il 06.06.2016 l\u2019assessore all\u2019Ambiente Italo Porcile rispondendo a una interrogazione del Consigliere Comunale Antonio Bruno conferma che \u201c Nell&#8217;ambito del progetto di ricerca di un partner capace di aiutare AMIU (come definito anche nella Delibera Consiliare 15\/2015 che riassume fornendo ulteriori precisazioni gli indirizzi gi\u00e0 contenuti in delibere precedenti sullo stesso tema a partire dal 2013) ad uscire dalla situazione di difficolt\u00e0 finanziaria scatenata dalle note vicende di Scarpino, il Comune di Genova ha dato mandato ad AMIU di avviare un dialogo con IREN su base tecnica finalizzato alla verifica di elementi di potenziale sinergia fra i rispettivi piani industriali. Conseguentemente AMIU ha attivato un tavolo tecnico con IREN nel quale sono tuttora in corso discussioni finalizzate ad un esame dei reciproci programmi di sviluppo, con riferimento particolare se non esclusivo, agli aspetti impiantistici legati al ciclo di trattamento dei rifiuti alla luce delle recenti novit\u00e0 normative emanate da Regione e Citt\u00e0 Metropolitana (che recentemente ha approvato il piano di ambito che recepisce il piano industriale di AMIU definendone la relativa impiantistica, in divenire, di pertinenza ATO). Qualora, come sembra, dovessero essere ravvisati forti elementi di sinergia fra i rispettivi programmi industriali potr\u00e0 essere avviata, nel rispetto delle procedure in materia di trasparenza, un\u2019ulteriore fase di analisi finalizzata alla definizione di una possibile operazione di carattere societario i cui parametri saranno eventualmente immediatamente a valle della prima fase sopra descritta.\u201d<\/span><\/p>\n<p><span id=\"msgText_new_message_draft1495032815140_65a87ca5-a978-4028-a2ee-2ed84ed597a3\" dir=\"ltr\">Il 29 giugno 2016, durante i lavori della Commissione Consiliare Sviluppo Economico del Comune di Genova, il Direttore Generale del Comune di Genova dott. Franco Giampaoletti conferma quanto evidenziato dall\u2019assessore Italo Porcile e dichiarava che\u201c \u2026 Ad <a class=\"matchTooltip\">oggi<\/a> sono gi\u00e0 in corso interlocuzioni all\u2019interno di un perimetro definito all\u2019interno di uno scambio di corrispondenza fra Comune di Genova ed AMIU, fra AMIU ed IREN finalizzate alla definizione, all\u2019analisi, all\u2019individuazione di elementi di sinergia nei rispettivi piani industriali\u2026. \u00c8 estremamente probabile, non possiamo dire certo che ci sia l\u2019offerta di Iren in tempi estremamente rapidi, e nel caso in cui l\u2019offerta di Iren sia l\u2019unica offerta, si attiver\u00e0 immediatamente un processo negoziale per la definizione di quelli che sono aspetti di dettaglio \u2026\u201d.<\/span><\/p>\n<p><span id=\"msgText_new_message_draft1495032815140_65a87ca5-a978-4028-a2ee-2ed84ed597a3\" dir=\"ltr\">Alle reazioni sollevate da queste dichiarazioni che, sostanzialmente, gi\u00e0 identificavano in IREN (Societ\u00e0 di diritto privato con una quota rilevante di azionariato privato) il soggetto che avrebbe concorso alla aggregazione societaria, non garantendo una procedura dotata della necessaria trasparenza, la \u201cpar condicio\u201d e la \u201cconcorrenza\u201d necessarie, il Sindaco Marco Doria (in assenza del Direttore Generale) risponde \u201c..il dottor Giampaoletti aveva citato Iren, perch\u00e9 leggendo i giornali, ci sono state dichiarazioni dei vertici di Iren che dicevano che Iren aveva individuato nell\u2019area ligure, piemontese, emiliana, l\u2019area di riferimento di questa azienda ..\u201d<\/span><\/p>\n<p><span id=\"msgText_new_message_draft1495032815140_65a87ca5-a978-4028-a2ee-2ed84ed597a3\" dir=\"ltr\">Con la delibera di giunta 162\/2016 del 29 luglio 2016 si delibera, tra il resto:<br \/>\n1) di approvare le linee di indirizzo, di cui in premessa, per la pubblicazione di un Avviso esplorativo di sollecitazione di manifestazioni d\u2019interesse a dar luogo ad un\u2019operazione di aggregazione societaria ed industriale con Amiu Genova S.p.A., ai sensi e per gli effetti dell\u2019art. 3bis, comma 2bis, legge 148\/2011, come modificato dall\u2019art. 1, comma 609, lett. b), legge 190\/2014, funzionale alla valorizzazione e alla riorganizzazione della societ\u00e0.<\/span><\/p>\n<p><span id=\"msgText_new_message_draft1495032815140_65a87ca5-a978-4028-a2ee-2ed84ed597a3\" dir=\"ltr\">Nel settembre 2016 viene pubblicato l\u2019avviso esplorativo cui risponde solo Iren Ambiente.<\/span><\/p>\n<p><span id=\"msgText_new_message_draft1495032815140_65a87ca5-a978-4028-a2ee-2ed84ed597a3\" dir=\"ltr\">Il 3 novembre 2016, con delibera di giunta 238\/2016, l\u2019Amministrazione comunale di Genova prende atto di quanto sopra, autorizzando il proseguimento della trattativa con Iren Ambiente, unico soggetto che aveva manifestato il proprio interesse.<\/span><\/p>\n<p><span id=\"msgText_new_message_draft1495032815140_65a87ca5-a978-4028-a2ee-2ed84ed597a3\" dir=\"ltr\">Il 19 dicembre 2016 la delibera di giunta 436\/2016, propone di approvare la \u201cDefinizione dei criteri operativi a cui ispirare il modello di aggregazione industriale e societaria tra Amiu s.p.a. ed Iren Ambiente s.p.a.\u201d. Con tale delibera si propone<br \/>\n\u2022 l\u2019ingresso di Iren Ambiente inizialmente con una quota del 49% (aumento di capitale di 5 milioni), successivamente dopo il 2020 fino al 69 %;<br \/>\n\u2022 una governante fortemente in mano a Iren Ambiente;<br \/>\n\u2022 un nuovo piano industriale che, differentemente da quello approvato in accordo con il Conai (Consorzio Nazionale Imballaggi), NON prevede il raggiungimento dei termini di legge 65% di raccolta differenziata e prevede la produzione di CSS (Combustibile Secondario di Rifiuti) da bruciare in cementifici o inceneritori.<\/span><\/p>\n<p><span id=\"msgText_new_message_draft1495032815140_65a87ca5-a978-4028-a2ee-2ed84ed597a3\" dir=\"ltr\">Il 7 febbraio 2017 il Consiglio Comunale di Genova boccia tale mandato con 19 voti contrari, 14 favorevoli e 6 astenuti.<\/span><\/p>\n<p><span id=\"msgText_new_message_draft1495032815140_65a87ca5-a978-4028-a2ee-2ed84ed597a3\" dir=\"ltr\">Il Sindaco di Genova Marco Doria manifesta l\u2019intendimento di non rispettare tale diniego e di procedere con le trattative con l\u2019azienda per la presentazione di una nuova delibera ripresentandol\u2019aggregazione tra Amiu e Iren.<\/span><\/p>\n<p><span id=\"msgText_new_message_draft1495032815140_65a87ca5-a978-4028-a2ee-2ed84ed597a3\" dir=\"ltr\">Tale delibera viene messa all\u2019ordine del giorno del consiglio comunale del 30 marzo 2017, ma NON VIENE MESSA IN VOTAZIONE per non andare incontro a una nuova bocciatura dell&#8217;aula.<\/span><\/p>\n<p><span id=\"msgText_new_message_draft1495032815140_65a87ca5-a978-4028-a2ee-2ed84ed597a3\" dir=\"ltr\">Viene comunque votato, a maggioranza, un adeguamento della TARI (Tassa Rifiuti) del 6,89%, contro i pareri di giunta e degli uffici. Il consiglio comunale approva un emendamento del Partito Democratico che riporta al 6,89% l&#8217;aumento della tariffa sui rifiuti per il 2017, ovvero al valore che sarebbe stato consentito dall&#8217;aggregazione Amiu-Iren. Viene cos\u00ec modificata la proposta della giunta di approvare un aumento tariffario del 18%.<br \/>\nL\u2019intento \u00e8 quello di forzare il Consiglio Comunale ponendo l\u2019aut aut \u201caggregazione o aumento della TARI\u201d (in ogni caso la delibera ritirata prevedeva l\u2019aumento della Tari del 30 % in tre anni comunque anche con l\u2019aggregazione con Iren).<\/span><\/p>\n<p><span id=\"msgText_new_message_draft1495032815140_65a87ca5-a978-4028-a2ee-2ed84ed597a3\" dir=\"ltr\">Infatti, il 7 aprile 2017 con delibera 28\/2017, la Giunta Comunale di Genova propone nuovamente di approvare i principi e gli obiettivi su cui si sviluppa il modello di aggregazione alla base dell\u2019operazione di integrazione industriale tra AMIU e IREN AMBIENTE, con le medesime caratteristiche della delibera bocciata un mese prima. Questa delibera viene posta in coda all\u2019approvazione del Bilancio Previsionale del Comune di Genova.<\/span><\/p>\n<p><span id=\"msgText_new_message_draft1495032815140_65a87ca5-a978-4028-a2ee-2ed84ed597a3\" dir=\"ltr\">Le delibere facenti costituenti il Bilancio Previsionale di Genova vengono discusse nelle sedute del 2 e 3 maggio 2017. Durante tale discussione vengono bocciati emendamenti che stornano fondi da ordine pubblico e interventi non prioritari (Blueprint ad esempio) a favore della messa in sicurezza della discarica di Scarpino, una delle voci pi\u00f9 ingenti di spesa che causano una sofferenza economica per Amiu.<\/span><\/p>\n<p><span id=\"msgText_new_message_draft1495032815140_65a87ca5-a978-4028-a2ee-2ed84ed597a3\" dir=\"ltr\">Il 3 maggio 2017, la Giunta constatando l\u2019assenza di una maggioranza favorevole ritira la delibera rimandando al successivo ciclo amministrativo la risoluzione del problema.<\/span><\/p>\n<p><span id=\"msgText_new_message_draft1495032815140_65a87ca5-a978-4028-a2ee-2ed84ed597a3\" dir=\"ltr\">Considerazioni a latere: la NON approvazione dell\u2019aggregazione societaria \u00e8 sicuramente un fatto positivo perch\u00e9 avrebbe condizionato pesantemente e in maniera pressoch\u00e9 irreversibile la gestione del ciclo dei rifiuti a Genova.<br \/>\nE\u2019 stata resa possibile dall\u2019ostinazione del Gruppo Gestione Corretta dei Rifiuti, di alcune forze politiche, della Segreteria Forum Acqua, dei comitati piemontesi e emiliani presenti a Genova, e dall\u2019inedito impegno di gruppi di lavoratori di diversi sindacati riunitisi spontaneamente nella ULA Unione Lavoratori Amiu. Un altro fattore decisivo \u00e8 stata l\u2019imminenza delle elezioni amministrative del 11 giugno, che hanno indotto il Centro Destra (favorevole esplicitamente a processi di privatizzazione dei servizi pubblici) a contrastare l\u2019aggregazione per dare una spallata (forse decisiva) alla coalizione di centrosinistra.<\/span><\/p>\n<p><span id=\"msgText_new_message_draft1495032815140_65a87ca5-a978-4028-a2ee-2ed84ed597a3\" dir=\"ltr\">Decisivo sar\u00e0 il risultato delle elezioni amministrative di giugno; sar\u00e0 il nuovo Sindaco e il nuovo Consiglio Comunale a decidere se riprendere, e far questa volta approvare, l\u2019aggregazione societaria o scegliere altre strade, alcune verso un pieno controllo pubblico verso un integrale ciclo dei rifiuti, altre verso lo spezzatino e una gestione, di fatto, in mano a singoli settori privati.<\/span><\/p>\n","protected":false},"excerpt":{"rendered":"<p>AMIU Genova Spa \u00e8 un\u2019azienda partecipata del Comune di Genova in quota maggioritaria (93,94% comune Genova, 6,06% azioni proprie senza diritto di voto) e svolge il servizio per i servizi di igiene urbana nel comune di Genova in virt\u00f9 di&hellip;<\/p>\n","protected":false},"author":700,"featured_media":466368,"comment_status":"closed","ping_status":"closed","sticky":false,"template":"","format":"standard","meta":{"footnotes":""},"categories":[47,20606,55],"tags":[9019,3040,718],"class_list":["post-466342","post","type-post","status-publish","format-standard","has-post-thumbnail","hentry","category-europa","category-non-categorizzato","category-politica","tag-acqua-bene-comune","tag-genova","tag-privatizzazione"],"yoast_head":"<!-- This site is optimized with the Yoast SEO plugin v27.1.1 - https:\/\/yoast.com\/product\/yoast-seo-wordpress\/ -->\n<title>Acqua a Genova: breve cronistoria di una privatizzazione in itinere<\/title>\n<meta name=\"description\" content=\"Genova sceglier\u00e0 il controllo pubblico in direzione di un integrale ciclo dei rifiuti o la gestione in mano a singoli settori privati?\" \/>\n<meta name=\"robots\" content=\"index, follow, max-snippet:-1, max-image-preview:large, max-video-preview:-1\" \/>\n<link rel=\"canonical\" href=\"https:\/\/www.pressenza.com\/it\/2017\/05\/acqua-genova-breve-cronistoria-privatizzazione-itinere\/\" \/>\n<meta property=\"og:locale\" content=\"it_IT\" \/>\n<meta property=\"og:type\" content=\"article\" \/>\n<meta property=\"og:title\" content=\"Acqua a Genova: breve cronistoria di una privatizzazione in itinere\" \/>\n<meta property=\"og:description\" content=\"Genova sceglier\u00e0 il controllo pubblico in direzione di un integrale ciclo dei rifiuti o la gestione in mano a singoli settori privati?\" \/>\n<meta property=\"og:url\" content=\"https:\/\/www.pressenza.com\/it\/2017\/05\/acqua-genova-breve-cronistoria-privatizzazione-itinere\/\" \/>\n<meta property=\"og:site_name\" content=\"Pressenza\" \/>\n<meta property=\"article:publisher\" content=\"https:\/\/www.facebook.com\/PressenzaItalia\" \/>\n<meta property=\"article:author\" content=\"https:\/\/www.facebook.com\/acquabenecomune\/\" \/>\n<meta property=\"article:published_time\" content=\"2017-05-17T17:13:08+00:00\" \/>\n<meta property=\"article:modified_time\" content=\"2017-05-17T17:16:55+00:00\" \/>\n<meta property=\"og:image\" content=\"https:\/\/www.pressenza.com\/wp-content\/uploads\/2017\/05\/acqua-bene-comune-21-1.jpg\" \/>\n\t<meta property=\"og:image:width\" content=\"798\" \/>\n\t<meta property=\"og:image:height\" content=\"568\" \/>\n\t<meta property=\"og:image:type\" content=\"image\/jpeg\" \/>\n<meta name=\"author\" content=\"Forum Italiano dei Movimenti per l&#039;Acqua\" \/>\n<meta name=\"twitter:card\" content=\"summary_large_image\" \/>\n<meta name=\"twitter:creator\" content=\"@AcquaBeneComuna\" \/>\n<meta name=\"twitter:site\" content=\"@PressenzaIPA\" \/>\n<meta name=\"twitter:label1\" content=\"Scritto da\" \/>\n\t<meta name=\"twitter:data1\" content=\"Forum Italiano dei Movimenti per l&#039;Acqua\" \/>\n\t<meta name=\"twitter:label2\" content=\"Tempo di lettura stimato\" \/>\n\t<meta name=\"twitter:data2\" content=\"8 minuti\" \/>\n<script type=\"application\/ld+json\" class=\"yoast-schema-graph\">{\"@context\":\"https:\/\/schema.org\",\"@graph\":[{\"@type\":\"Article\",\"@id\":\"https:\/\/www.pressenza.com\/it\/2017\/05\/acqua-genova-breve-cronistoria-privatizzazione-itinere\/#article\",\"isPartOf\":{\"@id\":\"https:\/\/www.pressenza.com\/it\/2017\/05\/acqua-genova-breve-cronistoria-privatizzazione-itinere\/\"},\"author\":{\"name\":\"Forum Italiano dei Movimenti per l'Acqua\",\"@id\":\"https:\/\/www.pressenza.com\/it\/#\/schema\/person\/8ea6254d3fae985857543f96866364c6\"},\"headline\":\"Acqua a Genova: breve cronistoria di una privatizzazione in itinere\",\"datePublished\":\"2017-05-17T17:13:08+00:00\",\"dateModified\":\"2017-05-17T17:16:55+00:00\",\"mainEntityOfPage\":{\"@id\":\"https:\/\/www.pressenza.com\/it\/2017\/05\/acqua-genova-breve-cronistoria-privatizzazione-itinere\/\"},\"wordCount\":1565,\"publisher\":{\"@id\":\"https:\/\/www.pressenza.com\/it\/#organization\"},\"image\":{\"@id\":\"https:\/\/www.pressenza.com\/it\/2017\/05\/acqua-genova-breve-cronistoria-privatizzazione-itinere\/#primaryimage\"},\"thumbnailUrl\":\"https:\/\/www.pressenza.com\/wp-content\/uploads\/2017\/05\/acqua-bene-comune-21-1.jpg\",\"keywords\":[\"acqua bene comune\",\"Genova\",\"privatizzazione\"],\"articleSection\":[\"Europa\",\"non categorizzato\",\"Politica\"],\"inLanguage\":\"it-IT\"},{\"@type\":\"WebPage\",\"@id\":\"https:\/\/www.pressenza.com\/it\/2017\/05\/acqua-genova-breve-cronistoria-privatizzazione-itinere\/\",\"url\":\"https:\/\/www.pressenza.com\/it\/2017\/05\/acqua-genova-breve-cronistoria-privatizzazione-itinere\/\",\"name\":\"Acqua a Genova: breve cronistoria di una privatizzazione in itinere\",\"isPartOf\":{\"@id\":\"https:\/\/www.pressenza.com\/it\/#website\"},\"primaryImageOfPage\":{\"@id\":\"https:\/\/www.pressenza.com\/it\/2017\/05\/acqua-genova-breve-cronistoria-privatizzazione-itinere\/#primaryimage\"},\"image\":{\"@id\":\"https:\/\/www.pressenza.com\/it\/2017\/05\/acqua-genova-breve-cronistoria-privatizzazione-itinere\/#primaryimage\"},\"thumbnailUrl\":\"https:\/\/www.pressenza.com\/wp-content\/uploads\/2017\/05\/acqua-bene-comune-21-1.jpg\",\"datePublished\":\"2017-05-17T17:13:08+00:00\",\"dateModified\":\"2017-05-17T17:16:55+00:00\",\"description\":\"Genova sceglier\u00e0 il controllo pubblico in direzione di un integrale ciclo dei rifiuti o la gestione in mano a singoli settori privati?\",\"breadcrumb\":{\"@id\":\"https:\/\/www.pressenza.com\/it\/2017\/05\/acqua-genova-breve-cronistoria-privatizzazione-itinere\/#breadcrumb\"},\"inLanguage\":\"it-IT\",\"potentialAction\":[{\"@type\":\"ReadAction\",\"target\":[\"https:\/\/www.pressenza.com\/it\/2017\/05\/acqua-genova-breve-cronistoria-privatizzazione-itinere\/\"]}]},{\"@type\":\"ImageObject\",\"inLanguage\":\"it-IT\",\"@id\":\"https:\/\/www.pressenza.com\/it\/2017\/05\/acqua-genova-breve-cronistoria-privatizzazione-itinere\/#primaryimage\",\"url\":\"https:\/\/www.pressenza.com\/wp-content\/uploads\/2017\/05\/acqua-bene-comune-21-1.jpg\",\"contentUrl\":\"https:\/\/www.pressenza.com\/wp-content\/uploads\/2017\/05\/acqua-bene-comune-21-1.jpg\",\"width\":798,\"height\":568},{\"@type\":\"BreadcrumbList\",\"@id\":\"https:\/\/www.pressenza.com\/it\/2017\/05\/acqua-genova-breve-cronistoria-privatizzazione-itinere\/#breadcrumb\",\"itemListElement\":[{\"@type\":\"ListItem\",\"position\":1,\"name\":\"Accueil\",\"item\":\"https:\/\/www.pressenza.com\/it\/\"},{\"@type\":\"ListItem\",\"position\":2,\"name\":\"Acqua a Genova: breve cronistoria di una privatizzazione in itinere\"}]},{\"@type\":\"WebSite\",\"@id\":\"https:\/\/www.pressenza.com\/it\/#website\",\"url\":\"https:\/\/www.pressenza.com\/it\/\",\"name\":\"Pressenza\",\"description\":\"Agenzia di Stampa Internazionale\",\"publisher\":{\"@id\":\"https:\/\/www.pressenza.com\/it\/#organization\"},\"potentialAction\":[{\"@type\":\"SearchAction\",\"target\":{\"@type\":\"EntryPoint\",\"urlTemplate\":\"https:\/\/www.pressenza.com\/it\/?s={search_term_string}\"},\"query-input\":{\"@type\":\"PropertyValueSpecification\",\"valueRequired\":true,\"valueName\":\"search_term_string\"}}],\"inLanguage\":\"it-IT\"},{\"@type\":\"Organization\",\"@id\":\"https:\/\/www.pressenza.com\/it\/#organization\",\"name\":\"Pressenza\",\"url\":\"https:\/\/www.pressenza.com\/it\/\",\"logo\":{\"@type\":\"ImageObject\",\"inLanguage\":\"it-IT\",\"@id\":\"https:\/\/www.pressenza.com\/it\/#\/schema\/logo\/image\/\",\"url\":\"https:\/\/www.pressenza.com\/wp-content\/uploads\/2022\/10\/pressenza_logo_200x200.jpg\",\"contentUrl\":\"https:\/\/www.pressenza.com\/wp-content\/uploads\/2022\/10\/pressenza_logo_200x200.jpg\",\"width\":200,\"height\":200,\"caption\":\"Pressenza\"},\"image\":{\"@id\":\"https:\/\/www.pressenza.com\/it\/#\/schema\/logo\/image\/\"},\"sameAs\":[\"https:\/\/www.facebook.com\/PressenzaItalia\",\"https:\/\/x.com\/PressenzaIPA\"]},{\"@type\":\"Person\",\"@id\":\"https:\/\/www.pressenza.com\/it\/#\/schema\/person\/8ea6254d3fae985857543f96866364c6\",\"name\":\"Forum Italiano dei Movimenti per l'Acqua\",\"description\":\"Siamo quelli che vogliono l'acqua pubblica, quelli che credono che un bene universale fondamentale per la vita non debba essere affidato alle logiche del mercato e del profitto. Quelli che insieme alla pi\u00f9 vasta coalizione sociale mai vista in questo paese e a milioni di cittadine e cittadini, hanno vinto i referendum per l'acqua bene comune del 12 e 13 giugno 2011. www.acquabenecomune.org\/\",\"sameAs\":[\"https:\/\/www.facebook.com\/acquabenecomune\/\",\"https:\/\/x.com\/AcquaBeneComuna\"],\"url\":\"https:\/\/www.pressenza.com\/it\/author\/forum-italiano-dei-movimenti-per-acqua\/\"}]}<\/script>\n<!-- \/ Yoast SEO plugin. -->","yoast_head_json":{"title":"Acqua a Genova: breve cronistoria di una privatizzazione in itinere","description":"Genova sceglier\u00e0 il controllo pubblico in direzione di un integrale ciclo dei rifiuti o la gestione in mano a singoli settori privati?","robots":{"index":"index","follow":"follow","max-snippet":"max-snippet:-1","max-image-preview":"max-image-preview:large","max-video-preview":"max-video-preview:-1"},"canonical":"https:\/\/www.pressenza.com\/it\/2017\/05\/acqua-genova-breve-cronistoria-privatizzazione-itinere\/","og_locale":"it_IT","og_type":"article","og_title":"Acqua a Genova: breve cronistoria di una privatizzazione in itinere","og_description":"Genova sceglier\u00e0 il controllo pubblico in direzione di un integrale ciclo dei rifiuti o la gestione in mano a singoli settori privati?","og_url":"https:\/\/www.pressenza.com\/it\/2017\/05\/acqua-genova-breve-cronistoria-privatizzazione-itinere\/","og_site_name":"Pressenza","article_publisher":"https:\/\/www.facebook.com\/PressenzaItalia","article_author":"https:\/\/www.facebook.com\/acquabenecomune\/","article_published_time":"2017-05-17T17:13:08+00:00","article_modified_time":"2017-05-17T17:16:55+00:00","og_image":[{"width":798,"height":568,"url":"https:\/\/www.pressenza.com\/wp-content\/uploads\/2017\/05\/acqua-bene-comune-21-1.jpg","type":"image\/jpeg"}],"author":"Forum Italiano dei Movimenti per l'Acqua","twitter_card":"summary_large_image","twitter_creator":"@AcquaBeneComuna","twitter_site":"@PressenzaIPA","twitter_misc":{"Scritto da":"Forum Italiano dei Movimenti per l'Acqua","Tempo di lettura stimato":"8 minuti"},"schema":{"@context":"https:\/\/schema.org","@graph":[{"@type":"Article","@id":"https:\/\/www.pressenza.com\/it\/2017\/05\/acqua-genova-breve-cronistoria-privatizzazione-itinere\/#article","isPartOf":{"@id":"https:\/\/www.pressenza.com\/it\/2017\/05\/acqua-genova-breve-cronistoria-privatizzazione-itinere\/"},"author":{"name":"Forum Italiano dei Movimenti per l'Acqua","@id":"https:\/\/www.pressenza.com\/it\/#\/schema\/person\/8ea6254d3fae985857543f96866364c6"},"headline":"Acqua a Genova: breve cronistoria di una privatizzazione in itinere","datePublished":"2017-05-17T17:13:08+00:00","dateModified":"2017-05-17T17:16:55+00:00","mainEntityOfPage":{"@id":"https:\/\/www.pressenza.com\/it\/2017\/05\/acqua-genova-breve-cronistoria-privatizzazione-itinere\/"},"wordCount":1565,"publisher":{"@id":"https:\/\/www.pressenza.com\/it\/#organization"},"image":{"@id":"https:\/\/www.pressenza.com\/it\/2017\/05\/acqua-genova-breve-cronistoria-privatizzazione-itinere\/#primaryimage"},"thumbnailUrl":"https:\/\/www.pressenza.com\/wp-content\/uploads\/2017\/05\/acqua-bene-comune-21-1.jpg","keywords":["acqua bene comune","Genova","privatizzazione"],"articleSection":["Europa","non categorizzato","Politica"],"inLanguage":"it-IT"},{"@type":"WebPage","@id":"https:\/\/www.pressenza.com\/it\/2017\/05\/acqua-genova-breve-cronistoria-privatizzazione-itinere\/","url":"https:\/\/www.pressenza.com\/it\/2017\/05\/acqua-genova-breve-cronistoria-privatizzazione-itinere\/","name":"Acqua a Genova: breve cronistoria di una privatizzazione in itinere","isPartOf":{"@id":"https:\/\/www.pressenza.com\/it\/#website"},"primaryImageOfPage":{"@id":"https:\/\/www.pressenza.com\/it\/2017\/05\/acqua-genova-breve-cronistoria-privatizzazione-itinere\/#primaryimage"},"image":{"@id":"https:\/\/www.pressenza.com\/it\/2017\/05\/acqua-genova-breve-cronistoria-privatizzazione-itinere\/#primaryimage"},"thumbnailUrl":"https:\/\/www.pressenza.com\/wp-content\/uploads\/2017\/05\/acqua-bene-comune-21-1.jpg","datePublished":"2017-05-17T17:13:08+00:00","dateModified":"2017-05-17T17:16:55+00:00","description":"Genova sceglier\u00e0 il controllo pubblico in direzione di un integrale ciclo dei rifiuti o la gestione in mano a singoli settori privati?","breadcrumb":{"@id":"https:\/\/www.pressenza.com\/it\/2017\/05\/acqua-genova-breve-cronistoria-privatizzazione-itinere\/#breadcrumb"},"inLanguage":"it-IT","potentialAction":[{"@type":"ReadAction","target":["https:\/\/www.pressenza.com\/it\/2017\/05\/acqua-genova-breve-cronistoria-privatizzazione-itinere\/"]}]},{"@type":"ImageObject","inLanguage":"it-IT","@id":"https:\/\/www.pressenza.com\/it\/2017\/05\/acqua-genova-breve-cronistoria-privatizzazione-itinere\/#primaryimage","url":"https:\/\/www.pressenza.com\/wp-content\/uploads\/2017\/05\/acqua-bene-comune-21-1.jpg","contentUrl":"https:\/\/www.pressenza.com\/wp-content\/uploads\/2017\/05\/acqua-bene-comune-21-1.jpg","width":798,"height":568},{"@type":"BreadcrumbList","@id":"https:\/\/www.pressenza.com\/it\/2017\/05\/acqua-genova-breve-cronistoria-privatizzazione-itinere\/#breadcrumb","itemListElement":[{"@type":"ListItem","position":1,"name":"Accueil","item":"https:\/\/www.pressenza.com\/it\/"},{"@type":"ListItem","position":2,"name":"Acqua a Genova: breve cronistoria di una privatizzazione in itinere"}]},{"@type":"WebSite","@id":"https:\/\/www.pressenza.com\/it\/#website","url":"https:\/\/www.pressenza.com\/it\/","name":"Pressenza","description":"Agenzia di Stampa Internazionale","publisher":{"@id":"https:\/\/www.pressenza.com\/it\/#organization"},"potentialAction":[{"@type":"SearchAction","target":{"@type":"EntryPoint","urlTemplate":"https:\/\/www.pressenza.com\/it\/?s={search_term_string}"},"query-input":{"@type":"PropertyValueSpecification","valueRequired":true,"valueName":"search_term_string"}}],"inLanguage":"it-IT"},{"@type":"Organization","@id":"https:\/\/www.pressenza.com\/it\/#organization","name":"Pressenza","url":"https:\/\/www.pressenza.com\/it\/","logo":{"@type":"ImageObject","inLanguage":"it-IT","@id":"https:\/\/www.pressenza.com\/it\/#\/schema\/logo\/image\/","url":"https:\/\/www.pressenza.com\/wp-content\/uploads\/2022\/10\/pressenza_logo_200x200.jpg","contentUrl":"https:\/\/www.pressenza.com\/wp-content\/uploads\/2022\/10\/pressenza_logo_200x200.jpg","width":200,"height":200,"caption":"Pressenza"},"image":{"@id":"https:\/\/www.pressenza.com\/it\/#\/schema\/logo\/image\/"},"sameAs":["https:\/\/www.facebook.com\/PressenzaItalia","https:\/\/x.com\/PressenzaIPA"]},{"@type":"Person","@id":"https:\/\/www.pressenza.com\/it\/#\/schema\/person\/8ea6254d3fae985857543f96866364c6","name":"Forum Italiano dei Movimenti per l'Acqua","description":"Siamo quelli che vogliono l'acqua pubblica, quelli che credono che un bene universale fondamentale per la vita non debba essere affidato alle logiche del mercato e del profitto. Quelli che insieme alla pi\u00f9 vasta coalizione sociale mai vista in questo paese e a milioni di cittadine e cittadini, hanno vinto i referendum per l'acqua bene comune del 12 e 13 giugno 2011. www.acquabenecomune.org\/","sameAs":["https:\/\/www.facebook.com\/acquabenecomune\/","https:\/\/x.com\/AcquaBeneComuna"],"url":"https:\/\/www.pressenza.com\/it\/author\/forum-italiano-dei-movimenti-per-acqua\/"}]}},"place":"Antonio Bruno","original_article_url":"","_links":{"self":[{"href":"https:\/\/www.pressenza.com\/it\/wp-json\/wp\/v2\/posts\/466342","targetHints":{"allow":["GET"]}}],"collection":[{"href":"https:\/\/www.pressenza.com\/it\/wp-json\/wp\/v2\/posts"}],"about":[{"href":"https:\/\/www.pressenza.com\/it\/wp-json\/wp\/v2\/types\/post"}],"author":[{"embeddable":true,"href":"https:\/\/www.pressenza.com\/it\/wp-json\/wp\/v2\/users\/700"}],"replies":[{"embeddable":true,"href":"https:\/\/www.pressenza.com\/it\/wp-json\/wp\/v2\/comments?post=466342"}],"version-history":[{"count":0,"href":"https:\/\/www.pressenza.com\/it\/wp-json\/wp\/v2\/posts\/466342\/revisions"}],"wp:featuredmedia":[{"embeddable":true,"href":"https:\/\/www.pressenza.com\/it\/wp-json\/wp\/v2\/media\/466368"}],"wp:attachment":[{"href":"https:\/\/www.pressenza.com\/it\/wp-json\/wp\/v2\/media?parent=466342"}],"wp:term":[{"taxonomy":"category","embeddable":true,"href":"https:\/\/www.pressenza.com\/it\/wp-json\/wp\/v2\/categories?post=466342"},{"taxonomy":"post_tag","embeddable":true,"href":"https:\/\/www.pressenza.com\/it\/wp-json\/wp\/v2\/tags?post=466342"}],"curies":[{"name":"wp","href":"https:\/\/api.w.org\/{rel}","templated":true}]}}