{"id":465253,"date":"2017-05-15T12:44:18","date_gmt":"2017-05-15T11:44:18","guid":{"rendered":"https:\/\/www.pressenza.com\/?p=465253\/"},"modified":"2017-05-15T12:44:18","modified_gmt":"2017-05-15T11:44:18","slug":"legge-elettorale-lettera-aperta-alla-commissione-della-camera","status":"publish","type":"post","link":"https:\/\/www.pressenza.com\/it\/2017\/05\/legge-elettorale-lettera-aperta-alla-commissione-della-camera\/","title":{"rendered":"Legge elettorale: lettera aperta alla I Commissione della Camera"},"content":{"rendered":"<p>Ai membri della Commissione Affari Costituzionali della Camera dei Deputati<\/p>\n<p><strong>Oggetto: Richiesta che nell&#8217;elaborazione della nuova legge elettorale si tenga conto della proposta formulata nell&#8217;appello &#8220;Una persona, un voto&#8221; promossa da autorevoli personalit\u00e0 della vita culturale, morale e civile, di riconoscimento del diritto di voto a tutte le persone stabilmente residenti in Italia (valorizzando anche le indicazioni contenute nel progetto di legge\u00a0a suo tempo predisposto dall&#8217;Associazione Nazionale Comuni d&#8217;Italia)<\/strong><\/p>\n<p>&nbsp;<\/p>\n<p><em>Egregi membri della Commissione Affari Costituzionali della Camera dei Deputati,<\/em><\/p>\n<p>in questi giorni siete impegnati nel compito di elaborare la nuova legge elettorale dopo che le sentenze della Consulta e\u00a0il risultato del referendum popolare\u00a0hanno posto l&#8217;esigenza di procedere al necessario adeguamento della legislazione vigente.<\/p>\n<p>Come certo gi\u00e0 saprete, numerose autorevoli personalit\u00e0 della vita culturale, morale e civile hanno promosso un appello che propone di legiferare finalmente il\u00a0riconoscimento del diritto di voto a tutte le persone stabilmente residenti in Italia.<\/p>\n<p>In quell&#8217;appello si rileva infatti che &#8220;vivono stabilmente in Italia oltre cinque milioni di persone non native, che qui risiedono, qui lavorano, qui pagano le tasse, qui mandano a scuola i loro figli che crescono nella lingua e nella cultura del nostro paese; queste persone rispettano le nostre leggi, contribuiscono intensamente alla nostra economia, contribuiscono in misura determinante a sostenere il nostro sistema pensionistico, contribuiscono in modo decisivo ad impedire il declino demografico del nostro paese; sono insomma milioni di nostri effettivi conterranei che arrecano all&#8217;Italia ingenti benefici ma che tuttora sono privi del diritto di contribuire alle decisioni pubbliche che anche le loro vite riguardano&#8221;. E quindi si conclude che poich\u00e9 il fondamento della democrazia \u00e8 il principio &#8220;una persona, un voto&#8221;, &#8220;l&#8217;Italia essendo una repubblica democratica non pu\u00f2 continuare a negare il primo diritto democratico a milioni di persone che vivono stabilmente qui&#8221;.<\/p>\n<p>Mi sembrano una constatazione e una conclusione\u00a0condivisibili da\u00a0ogni persona ragionevole, da ogni persona impegnata per la democrazia.<\/p>\n<p>A confortare questo ragionamento si pu\u00f2 anche ricordare il progetto di legge gi\u00e0 anni addietro predisposto dall&#8217;Anci &#8211; l&#8217;Associazione Nazionale Comuni d&#8217;Italia &#8211; che con specifico riferimento alle elezioni amministrative recava &#8220;Norme per la partecipazione politica ed amministrativa e per il diritto di elettorato senza discriminazioni di cittadinanza e di nazionalit\u00e0&#8221; (cui andrebbe apportata\u00a0la sola minima e pressoch\u00e9\u00a0ovvia correzione &#8211; all&#8217;art. 2, comma primo, ed all&#8217;art. 3, comma primo &#8211;\u00a0di portare a sei mesi il lasso di tempo di regolare soggiorno in Italia richiesto).<\/p>\n<p>N\u00e9 c&#8217;\u00e8 bisogno di ricordarvi che il diritto di voto \u00e8 altres\u00ec lo strumento principe dell&#8217;inclusione sociale, e quindi il suo riconoscimento \u00e8 anche efficace forma di contrasto del razzismo, dello schiavismo, della violenza dei poteri criminali, come anche della disperazione che all&#8217;emarginazione e alla forzata solitudine e permanente insicurezza pu\u00f2 conseguire.<\/p>\n<p>Sono pertanto anch&#8217;io a pregarvi di voler accogliere la proposta formulata in quell&#8217;appello (che allego in calce a questa lettera) nella vostra discussione.<\/p>\n<p>Ringraziandovi fin d&#8217;ora per l&#8217;attenzione, vogliate gradire distinti saluti<\/p>\n<p>&nbsp;<\/p>\n<p><strong><em>Peppe Sini, responsabile del &#8220;Centro di ricerca per la pace e i diritti umani&#8221; di Viterbo,<\/em><\/strong><\/p>\n<p><strong><em>al settimo giorno di\u00a0digiuno<\/em><\/strong><\/p>\n<p><strong><em>affinch\u00e9 anche in Italia valga il principio &#8220;Una persona, un voto&#8221;<\/em><\/strong><\/p>\n<p>&nbsp;<\/p>\n<p>Viterbo,\u00a014 maggio 2017<\/p>\n<p>&nbsp;<\/p>\n<p>Mittente: &#8220;Centro di ricerca per la pace e i diritti umani&#8221; di Viterbo, strada S. Barbara 9\/E, 01100 Viterbo, e-mail: <a href=\"mailto:centropacevt@gmail.com\">centropacevt@gmail.com<\/a><\/p>\n<p>&nbsp;<\/p>\n<p><strong>* * *<\/strong><\/p>\n<p>&nbsp;<\/p>\n<p><strong>Allegato. L&#8217;appello all&#8217;Italia civile &#8220;Una persona, un voto&#8221;<\/strong><\/p>\n<p>&nbsp;<\/p>\n<p>Un appello all&#8217;Italia civile: sia riconosciuto il diritto di voto a tutte le persone che vivono in Italia.<\/p>\n<p>Il fondamento della democrazia \u00e8 il principio &#8220;una persona, un voto&#8221;; l&#8217;Italia essendo una repubblica democratica non pu\u00f2 continuare a negare il primo diritto democratico a milioni di persone che vivono stabilmente qui.<\/p>\n<p>Vivono stabilmente in Italia oltre cinque milioni di persone non native, che qui risiedono, qui lavorano, qui pagano le tasse, qui mandano a scuola i loro figli che crescono nella lingua e nella cultura del nostro paese; queste persone rispettano le nostre leggi, contribuiscono intensamente alla nostra economia, contribuiscono in misura determinante a sostenere il nostro sistema pensionistico, contribuiscono in modo decisivo ad impedire il declino demografico del nostro paese; sono insomma milioni di nostri effettivi conterranei che arrecano all&#8217;Italia ingenti benefici ma che tuttora sono privi del diritto di contribuire alle decisioni pubbliche che anche le loro vite riguardano.<\/p>\n<p>Una persona, un voto. Il momento \u00e8 ora.<\/p>\n<p><strong>\u00a0<\/strong><\/p>\n<p><em>All&#8217;appello &#8220;Una persona, un voto&#8221; hanno gi\u00e0 espresso il loro sostegno innumerevoli persone, tra cui tra le prime:<\/em><\/p>\n<p>padre Alex Zanotelli<br \/>\nLidia Menapace, partigiana, femminista e senatrice emerita<br \/>\nIsa Alberti<br \/>\nGianfranco Aldrovandi, del &#8220;Collettivo nonviolento uomo-ambiente&#8221;<br \/>\nRocco Altieri, docente e saggista, direttore dei &#8220;Quaderni Satyagraha&#8221;, Centro Gandhi di Pisa<br \/>\nDino Angelini<br \/>\nPino Arancio, traduttore, impegnato nei movimenti per la pace e di solidariet\u00e0<br \/>\nPiero Arcangeli, etnomusicologo e compositore<br \/>\nLaura Arduni, impiegata<br \/>\nSimonetta Astigiano, biologa e ricercatrice<br \/>\nLino Balza, ecologista<br \/>\ndon Franco Barbero<br \/>\nDaniele Barbieri, blogger<br \/>\nRaffaele Barbiero, operatore sociale<br \/>\nDavide Barillari, consigliere regionale del Lazio<br \/>\nVittorio Bellavite, coordinatore nazionale di &#8220;Noi Siamo Chiesa&#8221;<br \/>\nEleonora Bellini, bibliotecaria e scrittrice<br \/>\nGiuliana Beltrame, sociologa e attivista<br \/>\nMaurizio Benazzi, quacchero, curatore della newsletter &#8220;Ecumenici&#8221;<br \/>\ndon Gianni Bergamaschi<br \/>\nAscanio Bernardeschi, saggista e militante<br \/>\nMassimiliano Bernini, deputato<br \/>\nNorma Bertullacelli, dell'&#8221;ora in silenzio per la pace&#8221; di Genova<br \/>\nMichele Boato, ecologista<br \/>\nFranco Borghi, attivista per la pace e la legalit\u00e0<br \/>\nDario Borso, filosofo<br \/>\nGiovanni Bosco<br \/>\nPaolo Bosi, docente universitario<br \/>\nDonatella Botta, impegnata nella solidariet\u00e0<br \/>\nSilvio Bozzi, docente universitario<br \/>\nAnna Bravo, storica<br \/>\nValentina Bruno, docente, del centro antiviolenza &#8220;Erinna&#8221; di Viterbo<br \/>\nGiuseppe Burgio, pedagogista, Universit\u00e0 di Enna<br \/>\nAlberto Cacopardo, antropologo<br \/>\nAlessandro Capuzzo, ecopacifista<br \/>\nGennaro Carotenuto, storico<br \/>\nGiorgio Carpi, &#8220;Centro nuovo modello di sviluppo&#8221; di Vecchiano (Pisa)<br \/>\nClaudio Carrara, presidente del Movimento Internazionale della Riconciliazione &#8211; Italia<br \/>\nMaria Luigia Casieri, dirigente scolastica<br \/>\nFrancesco Cassotti<br \/>\nPilar Castel, autrice e attrice No War<br \/>\nValeria Castelli<br \/>\nMarco Catarci, pedagogista e docente universitario<br \/>\nNello Centomo<br \/>\nOlindo Cicchetti, figura storica dei movimenti ecopacifisti e per i diritti, narratore di comunita&#8217;<br \/>\nMichele Citoni, documentarista<br \/>\nGiancarla Codrignani, saggista e deputata emerita<br \/>\nFrancesco Coletta, docente e coordinatore della Federazione Gilda-Unams di Viterbo<br \/>\nAntonio Corbeletti, presidente della sezione Anpi di Voghera<br \/>\ndon Franco Corbo, parroco, presidente del gruppo di volontariato &#8220;Solidariet\u00e0&#8221;<br \/>\nPaolo Crocchiolo, medico, docente universitario<br \/>\nLucia Cruschelli, associazione &#8220;Mestizaje&#8221; di Cecina<br \/>\nPasquale D&#8217;Andretta, formatore<br \/>\nMassimo Dalla Giovanna, impiegato, delegato Rsu<br \/>\nTiziana Dal Pra, presidente dell&#8217;associazione &#8220;Trama di terre&#8221; di Imola<br \/>\nMarianita De Ambrogio, Donne in Nero di Padova<br \/>\nEmanuela Dei, giornalista<br \/>\nTonio Dell&#8217;Olio, presidente Pro Civitate Christiana di Assisi, gi\u00e0 coordinatore nazionale di Pax Christi, gi\u00e0 responsabile di Libera International<br \/>\nGiorgio Demurtas, docente universitario<br \/>\nValerio De Nardo, dirigente pubblica amministrazione e scrittore<br \/>\nLucia De Sanctis, associazione &#8220;Mestizaje&#8221; di Cecina<br \/>\nMaria Rosa De Troia, attivista in difesa della Costituzione<br \/>\nMario Di Marco, responsabile della formazione dei volontari in servizio civile della Caritas diocesana di Viterbo<br \/>\nDomenico Di Pietro, associazione &#8220;Mestizaje&#8221; di Cecina<br \/>\nAngela Dogliotti, peace-researcher<br \/>\nLuciano Dottarelli, docente e saggista, presidente Club Unesco Viterbo-Tuscia<br \/>\nAnna Draghetti, pensionata<br \/>\nMassimo Duranti, giudice di pace emerito<br \/>\nAnna Maria Eramo<br \/>\nOsvaldo Ercoli, figura storica dell&#8217;impegno per la pace, i diritti umani, l&#8217;ambiente<br \/>\nCarla Ermoli, pensionata<br \/>\nRoberto Escobar, filosofo politico e critico cinematografico<br \/>\nsuor Maria Stella Fabbri<br \/>\nSergio Falcone, poeta<br \/>\nMaria Bernarda Forcella<br \/>\nValentina Franchi, associazione &#8220;Mestizaje&#8221; di Cecina<br \/>\nGabriele Gabrieli, del Gruppo &#8220;In silenzio per la pace&#8221; di Mantova<br \/>\nSancia Gaetani, Wilfp Italia<br \/>\nHaidi Gaggio Giuliani, senatrice emerita<br \/>\nElena Gajani Monguzzi, docente, poetessa, impegnata per i diritti umani di tutti gli esseri umani<br \/>\nDaniele Gallo, giornalista, saggista, editore e docente universitario<br \/>\nFrancuccio Gesualdi, animatore del &#8220;Centro nuovo modello di sviluppo&#8221;<br \/>\nGiorgio Giannini, storico e saggista<br \/>\nAgnese Ginocchio, cantautrice per la pace e la nonviolenza<br \/>\nMiguel Gotor, senatore<br \/>\nCarmine Grassimo, docente, formatore, capo scout e barelliere a Lourdes<br \/>\nCeleste Grossi, figura storica dell&#8217;impegno di pace e solidariet\u00e0<br \/>\nCarlo Gubitosa, saggista e mediattivista<br \/>\nPaolo Henrici De Angelis, architetto<br \/>\nPaolo Hutter, giornalista<br \/>\nLuca Kocci, docente, giornalista, saggista<br \/>\nFrancesca Koch, presidente della &#8220;Casa Internazionale delle Donne&#8221; di Roma<br \/>\nAlberto L&#8217;Abate, presidente onorario dell&#8217;Ipri<br \/>\nEros Lamaida, sindaco di Castelnuovo Cilento<br \/>\nTeresa Lapis, giurista dei diritti umani, docente<br \/>\nFederico La Sala, docente di filosofia e saggista<br \/>\nRaniero La Valle, senatore emerito, direttore di &#8220;Vasti&#8221;, presidente del Comitato per la democrazia internazionale<br \/>\nPaolo Limonta, maestro elementare e consigliere comunale<br \/>\nAntonella Litta, dell&#8217;Associazione italiana medici per l&#8217;ambiente<br \/>\nAnna Lodeserto, internazionalista ed esperta di politiche migratorie, cittadinanza e mobilita&#8217;<br \/>\nPierpaolo Loi, maestro elementare<br \/>\nEugenio Longoni, militante antifascista<br \/>\nFranco Lorenzoni, maestro elementare e coordinatore della Casa-laboratorio di Cenci<br \/>\nPaolo Lucchesi, dal lungo curriculum d&#8217;impegno sociale<br \/>\nDaniele Lugli, presidente onorario del Movimento Nonviolento<br \/>\nMonica Luisoni, attivista<br \/>\nsuor Monica Luparello, missionaria comboniana<br \/>\nAntonio Lupo, medico<br \/>\nMaria Immacolata Macioti, sociologa, docente universitaria<br \/>\nAgnese Manca, docente universitaria, impegnata in molte iniziative di solidariet\u00e0<br \/>\nGiovanni Mandorino, del Centro Gandhi di Pisa<br \/>\nFiorella Manzini, pensionata, gi\u00e0 insegnante di educazione artistica, pittrice, presidente del Cdmpi<br \/>\nCristina Maranesi, blogger<br \/>\nLuisa Marchini, operatrice culturale, saggista e narratrice<br \/>\ndon Mario Marchiori<br \/>\nAlessandro Marescotti, fondatore e presidente di Peacelink<br \/>\nGian Marco Martignoni, Cgil Varese<br \/>\nRachele Matteucci, insegnante di lingua italiana per stranieri presso l&#8217;Associazione San Martino de Porres<br \/>\nCristina Mattiello, insegnante, giornalista<br \/>\nClementina Mazzucco, docente universitaria, saggista<br \/>\nAlessandra Mecozzi, presidente di &#8220;Cultura \u00e8 libert\u00e0. Una campagna per la Palestina&#8221;<br \/>\nRosa Mendes, bibliotecaria, presidente dell&#8217;Associazione donne brasiliane in Italia<br \/>\nEnrico Mezzetti, presidente dell&#8217;Anpi provinciale di Viterbo<br \/>\nPierangelo Monti, del Mir di Ivrea<br \/>\nLuisa Morgantini, gia&#8217; vicepresidente del Parlamento Europeo<br \/>\nRosangela Mura, attivista<br \/>\nAlessandro Murgia, medico impegnato nella solidariet\u00e0<br \/>\nLoretta Mussi, Rete romana di solidariet\u00e0 con la Palestina<br \/>\nAmalia Navoni, educatrice e attivista per i diritti umani e i beni comuni<br \/>\nGiorgio Nebbia, ecologista<br \/>\nGiovanna Niccoli, attivista<br \/>\ndon Gianni Novelli, direttore emerito del Cipax<br \/>\nEmilia Pacelli, casalinga<br \/>\nGiovanna Pagani, Wilpf Italia<br \/>\nAnselmo Palini, insegnante e saggista<br \/>\nVittorio Pallotti, fondatore del Centro di documentazione del manifesto pacifista internazionale<br \/>\nMarco Palombo, figura storica dei movimenti per la pace<br \/>\nEleonora Parlanti, ricercatrice<br \/>\nMaria Paola Patuelli, Comitato in difesa della Costituzione di Ravenna e Associazione femminile maschile plurale<br \/>\nMarisa Pedroncelli, volontaria nella solidariet\u00e0 internazionale<br \/>\nGiovanni Penzo, pensionato<br \/>\nDonato Perreca, pensionato<br \/>\nGianpaolo Petrucci, presidente del Gruppo Educhiamoci alla Pace di Bari<br \/>\nEnrico Peyretti, saggista e peace-researcher<br \/>\nFiora Pezzoli, psicoterapeuta<br \/>\nGiorgio Piacentini, presidente emerito del Cipax<br \/>\nLeo Piacentini, pensionato<br \/>\nPiero Pinzauti<br \/>\nRosanna Pirajno, architetta, presidente dell&#8217;associazione &#8220;Mezzocielo&#8221; di Palermo<br \/>\nAlessandro Pizzi, gi\u00e0 sindaco di Soriano nel Cimino, docente di matematica e fisica, volontario nel carcere di Viterbo<br \/>\nPier Paolo Poggio, storico, direttore della Fondazione &#8220;Luigi Micheletti&#8221;<br \/>\nRocco Pompeo, presidente della &#8220;Fondazione Nesi&#8221;<br \/>\nPier Paolo Poncia, geologo<br \/>\nGiuliano Pontara, filosofo<br \/>\nFranco Porcu, operaio<br \/>\nAlessandro Presicce, giurista<br \/>\nAndrea Pubusa, giurista<br \/>\nPasquale Pugliese, segreteria nazionale del Movimento Nonviolento<br \/>\nMauro Pugni, Cdb di Modena<br \/>\nLaura Quagliuolo, redattrice e attivista del Coordinamento italiano di sostegno alle donne afghane<br \/>\nFabio Ragaini, Gruppo Solidariet\u00e0<br \/>\nMargherita Rambaldi<br \/>\nRoberto Rampi, deputato<br \/>\nMassimo Ribelli, Universit\u00e0 di Roma &#8220;La Sapienza&#8221;<br \/>\nAnnamaria Rivera, antropologa<br \/>\npadre Agostino Rota Martir, campo Rom di Coltano<br \/>\nGiorgio Roversi, pensionato<br \/>\nEnrica Salvatori, docente universitaria<br \/>\nVincenzo Sanfilippo, sociologo, della Comunit\u00e0 dell&#8217;Arca di Lanza del Vasto<br \/>\nLavinia Sangiorgi, volontaria di Focus &#8211; Casa dei diritti sociali di Roma<br \/>\nAntonia Sani, Wilpf Italia<br \/>\nAdriano Sansa, magistrato e poeta<br \/>\nCarlo Sansonetti, figura storica dell&#8217;impegno di pace e solidariet\u00e0<br \/>\nDelfino Santaniello, figura storica dell&#8217;impegno per la legalit\u00e0 e la democrazia<br \/>\nEugenio Santi, presidente del Gavci<br \/>\ndon Alessandro Santoro, della comunit\u00e0 delle Piagge<br \/>\nMauro Sarnari, dell&#8217;Unicef di Viterbo<br \/>\npadre Pietro Sartorel, sacerdote, missionario in Brasile<br \/>\nGiovanni Sarubbi, direttore de &#8220;Il dialogo&#8221;<br \/>\nRenato Sasdelli, docente universitario e saggista<br \/>\nEugenio Scardaccione, dirigente scolastico<br \/>\nManlio Schiavo, docente, referente del Comitato cittadino di Bagheria per la Costituzione<br \/>\nMarco Scipioni, presidente del Centro studi e documentazione &#8220;Don Pietro Innocenti&#8221;<br \/>\nRosa Scognamiglio, docente impegnata in difesa dei diritti umani e della Costituzione<br \/>\nArturo Scotto, capogruppo di Sinistra Italiana alla Camera dei Deputati<br \/>\nBruno Segre, organizzatore e ricercatore culturale indipendente<br \/>\nGiovanni Battista Sgritta, sociologo e docente universitario<br \/>\nPeppe Sini, responsabile del &#8220;Centro di ricerca per la pace e i diritti umani&#8221; di Viterbo<br \/>\nMatteo Soccio, &#8220;Casa per la Pace&#8221; di Vicenza<br \/>\nPietro Soldini, responsabile immigrazione della Cgil<br \/>\nGabriele Spallone<br \/>\nMarilena Spriano<br \/>\nIrene Starace, Wilpf Italia<br \/>\nAda Tomasello, Usb immigrazione Viterbo<br \/>\nMarco Trotta, consigliere di quartiere a Bologna per Coalizione Civica<br \/>\nMichelangelo Tumini, dei &#8220;Cantieri di pace&#8221; di Osimo, Offagna, Castelfidardo e Loreto<br \/>\nOlivier Turquet, educatore ed editore, coordinatore di &#8220;Pressenza&#8221;<br \/>\nLaura Tussi, giornalista e scrittrice<br \/>\nFabio Vaccari<br \/>\nNicola Vallinoto, informatico, dirigente nazionale del Movimento Federalista Europeo<br \/>\nMao Valpiana, presidente del Movimento Nonviolento<br \/>\nLeonardo Varvaro, docente universitario<br \/>\nAntonio Vermigli, direttore di &#8220;In dialogo&#8221;<br \/>\nSalvatore Vitale, divulgatore agricolo<br \/>\nGiulio Vittorangeli, presidente dell&#8217;Associazione Italia-Nicaragua di Viterbo<br \/>\nLuciano Zambelli, della Lega per il disarmo unilaterale<br \/>\nLorenzo Zaniboni<br \/>\nGiorgio Zanin, deputato<br \/>\nRina Zardetto, presidente dell&#8217;Associazione Reggiana per la Costituzione<br \/>\nFranco Zunino, ingegnere<\/p>\n<p><strong>\u00a0<\/strong><\/p>\n<p>Per adesioni: <a href=\"mailto:centropacevt@gmail.com\">centropacevt@gmail.com<\/a>, <a href=\"mailto:crpviterbo@yahoo.it\">crpviterbo@yahoo.it<\/a><br \/>\nPer dare notizia delle adesioni ai presidenti del Parlamento:<br \/>\n&#8211; on. Laura Boldrini, Presidente della Camera: <a href=\"mailto:laura.boldrini@camera.it\">laura.boldrini@camera.it<\/a><br \/>\n&#8211; on. Pietro Grasso, Presidente del Senato: <a href=\"mailto:pietro.grasso@senato.it\">pietro.grasso@senato.it<\/a><\/p>\n<p>&nbsp;<\/p>\n","protected":false},"excerpt":{"rendered":"<p>Ai membri della Commissione Affari Costituzionali della Camera dei Deputati Oggetto: Richiesta che nell&#8217;elaborazione della nuova legge elettorale si tenga conto della proposta formulata nell&#8217;appello &#8220;Una persona, un voto&#8221; promossa da autorevoli personalit\u00e0 della vita culturale, morale e civile, di&hellip;<\/p>\n","protected":false},"author":457,"featured_media":465268,"comment_status":"closed","ping_status":"closed","sticky":false,"template":"","format":"standard","meta":{"footnotes":""},"categories":[150,47,1261,55],"tags":[5777,5163,173,897,370,1659,2636,28686,460,4315,190,4491,34685],"class_list":["post-465253","post","type-post","status-publish","format-standard","has-post-thumbnail","hentry","category-comunicati-stampa","category-europa","category-diversita","category-politica","tag-anci","tag-camera-dei-deputati","tag-democrazia","tag-diritti-umani","tag-italia","tag-legge-elettorale","tag-migranti","tag-non-discrimazione","tag-nonviolenza","tag-peppe-sini","tag-referendum","tag-sciopero-della-fame","tag-una-persona-un-voto"],"yoast_head":"<!-- This site is optimized with the Yoast SEO plugin v27.1.1 - https:\/\/yoast.com\/product\/yoast-seo-wordpress\/ -->\n<title>Legge elettorale: lettera aperta alla I Commissione della Camera<\/title>\n<meta name=\"description\" content=\"Ai membri della Commissione Affari Costituzionali della Camera dei Deputati Oggetto: Richiesta che nell&#039;elaborazione della nuova legge elettorale si tenga\" \/>\n<meta name=\"robots\" content=\"index, follow, max-snippet:-1, max-image-preview:large, max-video-preview:-1\" \/>\n<link rel=\"canonical\" href=\"https:\/\/www.pressenza.com\/it\/2017\/05\/legge-elettorale-lettera-aperta-alla-commissione-della-camera\/\" \/>\n<meta property=\"og:locale\" content=\"it_IT\" \/>\n<meta property=\"og:type\" content=\"article\" \/>\n<meta property=\"og:title\" content=\"Legge elettorale: lettera aperta alla I Commissione della Camera\" \/>\n<meta property=\"og:description\" content=\"Ai membri della Commissione Affari Costituzionali della Camera dei Deputati Oggetto: Richiesta che nell&#039;elaborazione della nuova legge elettorale si tenga\" \/>\n<meta property=\"og:url\" content=\"https:\/\/www.pressenza.com\/it\/2017\/05\/legge-elettorale-lettera-aperta-alla-commissione-della-camera\/\" \/>\n<meta property=\"og:site_name\" content=\"Pressenza\" \/>\n<meta property=\"article:publisher\" content=\"https:\/\/www.facebook.com\/PressenzaItalia\" \/>\n<meta property=\"article:published_time\" content=\"2017-05-15T11:44:18+00:00\" \/>\n<meta property=\"og:image\" content=\"https:\/\/www.pressenza.com\/wp-content\/uploads\/2017\/05\/legge-elettorale.jpg\" \/>\n\t<meta property=\"og:image:width\" content=\"800\" \/>\n\t<meta property=\"og:image:height\" content=\"598\" \/>\n\t<meta property=\"og:image:type\" content=\"image\/jpeg\" \/>\n<meta name=\"author\" content=\"Peppe Sini\" \/>\n<meta name=\"twitter:card\" content=\"summary_large_image\" \/>\n<meta name=\"twitter:creator\" content=\"@PressenzaIPA\" \/>\n<meta name=\"twitter:site\" content=\"@PressenzaIPA\" \/>\n<meta name=\"twitter:label1\" content=\"Scritto da\" \/>\n\t<meta name=\"twitter:data1\" content=\"Peppe Sini\" \/>\n\t<meta name=\"twitter:label2\" content=\"Tempo di lettura stimato\" \/>\n\t<meta name=\"twitter:data2\" content=\"11 minuti\" \/>\n<script type=\"application\/ld+json\" class=\"yoast-schema-graph\">{\"@context\":\"https:\/\/schema.org\",\"@graph\":[{\"@type\":\"Article\",\"@id\":\"https:\/\/www.pressenza.com\/it\/2017\/05\/legge-elettorale-lettera-aperta-alla-commissione-della-camera\/#article\",\"isPartOf\":{\"@id\":\"https:\/\/www.pressenza.com\/it\/2017\/05\/legge-elettorale-lettera-aperta-alla-commissione-della-camera\/\"},\"author\":{\"name\":\"Peppe Sini\",\"@id\":\"https:\/\/www.pressenza.com\/it\/#\/schema\/person\/3836c97be58c0a429fb8ca24bf5062e8\"},\"headline\":\"Legge elettorale: lettera aperta alla I Commissione della Camera\",\"datePublished\":\"2017-05-15T11:44:18+00:00\",\"mainEntityOfPage\":{\"@id\":\"https:\/\/www.pressenza.com\/it\/2017\/05\/legge-elettorale-lettera-aperta-alla-commissione-della-camera\/\"},\"wordCount\":2161,\"publisher\":{\"@id\":\"https:\/\/www.pressenza.com\/it\/#organization\"},\"image\":{\"@id\":\"https:\/\/www.pressenza.com\/it\/2017\/05\/legge-elettorale-lettera-aperta-alla-commissione-della-camera\/#primaryimage\"},\"thumbnailUrl\":\"https:\/\/www.pressenza.com\/wp-content\/uploads\/2017\/05\/legge-elettorale.jpg\",\"keywords\":[\"ANCI\",\"Camera dei Deputati\",\"Democrazia\",\"diritti umani\",\"Italia\",\"legge elettorale\",\"migranti\",\"non discrimazione\",\"nonviolenza\",\"Peppe Sini\",\"referendum\",\"sciopero della fame\",\"una persona un voto\"],\"articleSection\":[\"Comunicati Stampa\",\"Europa\",\"Non discriminazione\",\"Politica\"],\"inLanguage\":\"it-IT\"},{\"@type\":\"WebPage\",\"@id\":\"https:\/\/www.pressenza.com\/it\/2017\/05\/legge-elettorale-lettera-aperta-alla-commissione-della-camera\/\",\"url\":\"https:\/\/www.pressenza.com\/it\/2017\/05\/legge-elettorale-lettera-aperta-alla-commissione-della-camera\/\",\"name\":\"Legge elettorale: lettera aperta alla I Commissione della Camera\",\"isPartOf\":{\"@id\":\"https:\/\/www.pressenza.com\/it\/#website\"},\"primaryImageOfPage\":{\"@id\":\"https:\/\/www.pressenza.com\/it\/2017\/05\/legge-elettorale-lettera-aperta-alla-commissione-della-camera\/#primaryimage\"},\"image\":{\"@id\":\"https:\/\/www.pressenza.com\/it\/2017\/05\/legge-elettorale-lettera-aperta-alla-commissione-della-camera\/#primaryimage\"},\"thumbnailUrl\":\"https:\/\/www.pressenza.com\/wp-content\/uploads\/2017\/05\/legge-elettorale.jpg\",\"datePublished\":\"2017-05-15T11:44:18+00:00\",\"description\":\"Ai membri della Commissione Affari Costituzionali della Camera dei Deputati Oggetto: Richiesta che nell'elaborazione della nuova legge elettorale si tenga\",\"breadcrumb\":{\"@id\":\"https:\/\/www.pressenza.com\/it\/2017\/05\/legge-elettorale-lettera-aperta-alla-commissione-della-camera\/#breadcrumb\"},\"inLanguage\":\"it-IT\",\"potentialAction\":[{\"@type\":\"ReadAction\",\"target\":[\"https:\/\/www.pressenza.com\/it\/2017\/05\/legge-elettorale-lettera-aperta-alla-commissione-della-camera\/\"]}]},{\"@type\":\"ImageObject\",\"inLanguage\":\"it-IT\",\"@id\":\"https:\/\/www.pressenza.com\/it\/2017\/05\/legge-elettorale-lettera-aperta-alla-commissione-della-camera\/#primaryimage\",\"url\":\"https:\/\/www.pressenza.com\/wp-content\/uploads\/2017\/05\/legge-elettorale.jpg\",\"contentUrl\":\"https:\/\/www.pressenza.com\/wp-content\/uploads\/2017\/05\/legge-elettorale.jpg\",\"width\":800,\"height\":598,\"caption\":\"legge elettorale\"},{\"@type\":\"BreadcrumbList\",\"@id\":\"https:\/\/www.pressenza.com\/it\/2017\/05\/legge-elettorale-lettera-aperta-alla-commissione-della-camera\/#breadcrumb\",\"itemListElement\":[{\"@type\":\"ListItem\",\"position\":1,\"name\":\"Accueil\",\"item\":\"https:\/\/www.pressenza.com\/it\/\"},{\"@type\":\"ListItem\",\"position\":2,\"name\":\"Legge elettorale: lettera aperta alla I Commissione della Camera\"}]},{\"@type\":\"WebSite\",\"@id\":\"https:\/\/www.pressenza.com\/it\/#website\",\"url\":\"https:\/\/www.pressenza.com\/it\/\",\"name\":\"Pressenza\",\"description\":\"Agenzia di Stampa Internazionale\",\"publisher\":{\"@id\":\"https:\/\/www.pressenza.com\/it\/#organization\"},\"potentialAction\":[{\"@type\":\"SearchAction\",\"target\":{\"@type\":\"EntryPoint\",\"urlTemplate\":\"https:\/\/www.pressenza.com\/it\/?s={search_term_string}\"},\"query-input\":{\"@type\":\"PropertyValueSpecification\",\"valueRequired\":true,\"valueName\":\"search_term_string\"}}],\"inLanguage\":\"it-IT\"},{\"@type\":\"Organization\",\"@id\":\"https:\/\/www.pressenza.com\/it\/#organization\",\"name\":\"Pressenza\",\"url\":\"https:\/\/www.pressenza.com\/it\/\",\"logo\":{\"@type\":\"ImageObject\",\"inLanguage\":\"it-IT\",\"@id\":\"https:\/\/www.pressenza.com\/it\/#\/schema\/logo\/image\/\",\"url\":\"https:\/\/www.pressenza.com\/wp-content\/uploads\/2022\/10\/pressenza_logo_200x200.jpg\",\"contentUrl\":\"https:\/\/www.pressenza.com\/wp-content\/uploads\/2022\/10\/pressenza_logo_200x200.jpg\",\"width\":200,\"height\":200,\"caption\":\"Pressenza\"},\"image\":{\"@id\":\"https:\/\/www.pressenza.com\/it\/#\/schema\/logo\/image\/\"},\"sameAs\":[\"https:\/\/www.facebook.com\/PressenzaItalia\",\"https:\/\/x.com\/PressenzaIPA\"]},{\"@type\":\"Person\",\"@id\":\"https:\/\/www.pressenza.com\/it\/#\/schema\/person\/3836c97be58c0a429fb8ca24bf5062e8\",\"name\":\"Peppe Sini\",\"description\":\"Responsabile del Centro di Ricerca per la Pace di Viterbo.\",\"url\":\"https:\/\/www.pressenza.com\/it\/author\/peppe-sini\/\"}]}<\/script>\n<!-- \/ Yoast SEO plugin. -->","yoast_head_json":{"title":"Legge elettorale: lettera aperta alla I Commissione della Camera","description":"Ai membri della Commissione Affari Costituzionali della Camera dei Deputati Oggetto: Richiesta che nell'elaborazione della nuova legge elettorale si tenga","robots":{"index":"index","follow":"follow","max-snippet":"max-snippet:-1","max-image-preview":"max-image-preview:large","max-video-preview":"max-video-preview:-1"},"canonical":"https:\/\/www.pressenza.com\/it\/2017\/05\/legge-elettorale-lettera-aperta-alla-commissione-della-camera\/","og_locale":"it_IT","og_type":"article","og_title":"Legge elettorale: lettera aperta alla I Commissione della Camera","og_description":"Ai membri della Commissione Affari Costituzionali della Camera dei Deputati Oggetto: Richiesta che nell'elaborazione della nuova legge elettorale si tenga","og_url":"https:\/\/www.pressenza.com\/it\/2017\/05\/legge-elettorale-lettera-aperta-alla-commissione-della-camera\/","og_site_name":"Pressenza","article_publisher":"https:\/\/www.facebook.com\/PressenzaItalia","article_published_time":"2017-05-15T11:44:18+00:00","og_image":[{"width":800,"height":598,"url":"https:\/\/www.pressenza.com\/wp-content\/uploads\/2017\/05\/legge-elettorale.jpg","type":"image\/jpeg"}],"author":"Peppe Sini","twitter_card":"summary_large_image","twitter_creator":"@PressenzaIPA","twitter_site":"@PressenzaIPA","twitter_misc":{"Scritto da":"Peppe Sini","Tempo di lettura stimato":"11 minuti"},"schema":{"@context":"https:\/\/schema.org","@graph":[{"@type":"Article","@id":"https:\/\/www.pressenza.com\/it\/2017\/05\/legge-elettorale-lettera-aperta-alla-commissione-della-camera\/#article","isPartOf":{"@id":"https:\/\/www.pressenza.com\/it\/2017\/05\/legge-elettorale-lettera-aperta-alla-commissione-della-camera\/"},"author":{"name":"Peppe Sini","@id":"https:\/\/www.pressenza.com\/it\/#\/schema\/person\/3836c97be58c0a429fb8ca24bf5062e8"},"headline":"Legge elettorale: lettera aperta alla I Commissione della Camera","datePublished":"2017-05-15T11:44:18+00:00","mainEntityOfPage":{"@id":"https:\/\/www.pressenza.com\/it\/2017\/05\/legge-elettorale-lettera-aperta-alla-commissione-della-camera\/"},"wordCount":2161,"publisher":{"@id":"https:\/\/www.pressenza.com\/it\/#organization"},"image":{"@id":"https:\/\/www.pressenza.com\/it\/2017\/05\/legge-elettorale-lettera-aperta-alla-commissione-della-camera\/#primaryimage"},"thumbnailUrl":"https:\/\/www.pressenza.com\/wp-content\/uploads\/2017\/05\/legge-elettorale.jpg","keywords":["ANCI","Camera dei Deputati","Democrazia","diritti umani","Italia","legge elettorale","migranti","non discrimazione","nonviolenza","Peppe Sini","referendum","sciopero della fame","una persona un voto"],"articleSection":["Comunicati Stampa","Europa","Non discriminazione","Politica"],"inLanguage":"it-IT"},{"@type":"WebPage","@id":"https:\/\/www.pressenza.com\/it\/2017\/05\/legge-elettorale-lettera-aperta-alla-commissione-della-camera\/","url":"https:\/\/www.pressenza.com\/it\/2017\/05\/legge-elettorale-lettera-aperta-alla-commissione-della-camera\/","name":"Legge elettorale: lettera aperta alla I Commissione della Camera","isPartOf":{"@id":"https:\/\/www.pressenza.com\/it\/#website"},"primaryImageOfPage":{"@id":"https:\/\/www.pressenza.com\/it\/2017\/05\/legge-elettorale-lettera-aperta-alla-commissione-della-camera\/#primaryimage"},"image":{"@id":"https:\/\/www.pressenza.com\/it\/2017\/05\/legge-elettorale-lettera-aperta-alla-commissione-della-camera\/#primaryimage"},"thumbnailUrl":"https:\/\/www.pressenza.com\/wp-content\/uploads\/2017\/05\/legge-elettorale.jpg","datePublished":"2017-05-15T11:44:18+00:00","description":"Ai membri della Commissione Affari Costituzionali della Camera dei Deputati Oggetto: Richiesta che nell'elaborazione della nuova legge elettorale si tenga","breadcrumb":{"@id":"https:\/\/www.pressenza.com\/it\/2017\/05\/legge-elettorale-lettera-aperta-alla-commissione-della-camera\/#breadcrumb"},"inLanguage":"it-IT","potentialAction":[{"@type":"ReadAction","target":["https:\/\/www.pressenza.com\/it\/2017\/05\/legge-elettorale-lettera-aperta-alla-commissione-della-camera\/"]}]},{"@type":"ImageObject","inLanguage":"it-IT","@id":"https:\/\/www.pressenza.com\/it\/2017\/05\/legge-elettorale-lettera-aperta-alla-commissione-della-camera\/#primaryimage","url":"https:\/\/www.pressenza.com\/wp-content\/uploads\/2017\/05\/legge-elettorale.jpg","contentUrl":"https:\/\/www.pressenza.com\/wp-content\/uploads\/2017\/05\/legge-elettorale.jpg","width":800,"height":598,"caption":"legge elettorale"},{"@type":"BreadcrumbList","@id":"https:\/\/www.pressenza.com\/it\/2017\/05\/legge-elettorale-lettera-aperta-alla-commissione-della-camera\/#breadcrumb","itemListElement":[{"@type":"ListItem","position":1,"name":"Accueil","item":"https:\/\/www.pressenza.com\/it\/"},{"@type":"ListItem","position":2,"name":"Legge elettorale: lettera aperta alla I Commissione della Camera"}]},{"@type":"WebSite","@id":"https:\/\/www.pressenza.com\/it\/#website","url":"https:\/\/www.pressenza.com\/it\/","name":"Pressenza","description":"Agenzia di Stampa Internazionale","publisher":{"@id":"https:\/\/www.pressenza.com\/it\/#organization"},"potentialAction":[{"@type":"SearchAction","target":{"@type":"EntryPoint","urlTemplate":"https:\/\/www.pressenza.com\/it\/?s={search_term_string}"},"query-input":{"@type":"PropertyValueSpecification","valueRequired":true,"valueName":"search_term_string"}}],"inLanguage":"it-IT"},{"@type":"Organization","@id":"https:\/\/www.pressenza.com\/it\/#organization","name":"Pressenza","url":"https:\/\/www.pressenza.com\/it\/","logo":{"@type":"ImageObject","inLanguage":"it-IT","@id":"https:\/\/www.pressenza.com\/it\/#\/schema\/logo\/image\/","url":"https:\/\/www.pressenza.com\/wp-content\/uploads\/2022\/10\/pressenza_logo_200x200.jpg","contentUrl":"https:\/\/www.pressenza.com\/wp-content\/uploads\/2022\/10\/pressenza_logo_200x200.jpg","width":200,"height":200,"caption":"Pressenza"},"image":{"@id":"https:\/\/www.pressenza.com\/it\/#\/schema\/logo\/image\/"},"sameAs":["https:\/\/www.facebook.com\/PressenzaItalia","https:\/\/x.com\/PressenzaIPA"]},{"@type":"Person","@id":"https:\/\/www.pressenza.com\/it\/#\/schema\/person\/3836c97be58c0a429fb8ca24bf5062e8","name":"Peppe Sini","description":"Responsabile del Centro di Ricerca per la Pace di Viterbo.","url":"https:\/\/www.pressenza.com\/it\/author\/peppe-sini\/"}]}},"place":"","original_article_url":"","_links":{"self":[{"href":"https:\/\/www.pressenza.com\/it\/wp-json\/wp\/v2\/posts\/465253","targetHints":{"allow":["GET"]}}],"collection":[{"href":"https:\/\/www.pressenza.com\/it\/wp-json\/wp\/v2\/posts"}],"about":[{"href":"https:\/\/www.pressenza.com\/it\/wp-json\/wp\/v2\/types\/post"}],"author":[{"embeddable":true,"href":"https:\/\/www.pressenza.com\/it\/wp-json\/wp\/v2\/users\/457"}],"replies":[{"embeddable":true,"href":"https:\/\/www.pressenza.com\/it\/wp-json\/wp\/v2\/comments?post=465253"}],"version-history":[{"count":0,"href":"https:\/\/www.pressenza.com\/it\/wp-json\/wp\/v2\/posts\/465253\/revisions"}],"wp:featuredmedia":[{"embeddable":true,"href":"https:\/\/www.pressenza.com\/it\/wp-json\/wp\/v2\/media\/465268"}],"wp:attachment":[{"href":"https:\/\/www.pressenza.com\/it\/wp-json\/wp\/v2\/media?parent=465253"}],"wp:term":[{"taxonomy":"category","embeddable":true,"href":"https:\/\/www.pressenza.com\/it\/wp-json\/wp\/v2\/categories?post=465253"},{"taxonomy":"post_tag","embeddable":true,"href":"https:\/\/www.pressenza.com\/it\/wp-json\/wp\/v2\/tags?post=465253"}],"curies":[{"name":"wp","href":"https:\/\/api.w.org\/{rel}","templated":true}]}}