{"id":464822,"date":"2017-05-14T22:10:28","date_gmt":"2017-05-14T21:10:28","guid":{"rendered":"https:\/\/www.pressenza.com\/?p=464822\/"},"modified":"2017-05-18T19:49:57","modified_gmt":"2017-05-18T18:49:57","slug":"la-ministra-della-guerra-chiama-alle-armi","status":"publish","type":"post","link":"https:\/\/www.pressenza.com\/it\/2017\/05\/la-ministra-della-guerra-chiama-alle-armi\/","title":{"rendered":"La Ministra della \u201cGuerra\u201d, chiama alle \u201carmi\u201d"},"content":{"rendered":"<p>Il <a href=\"http:\/\/storia.camera.it\/governi\/i-governo-mussolini\/Ministero%20della%20guerra\">Ministero della Guerra<\/a> in Italia \u00e8 stato abolito il 4 febbraio 1947, sostituito dal <a href=\"http:\/\/www.difesa.it\/Pagine\/default.aspx\">Ministero della Difesa<\/a>, teniamo a sottolineare <strong>\u201c Difesa<\/strong><strong>\u201d<\/strong> :\u00a0in seguito all&#8217;approvazione della nostra <a href=\"https:\/\/www.senato.it\/documenti\/repository\/istituzione\/costituzione.pdf\">Costituzione<\/a>, la guerra come strumento di offesa e di risoluzione delle controversie internazionali \u00e8 stata ripudiata.<\/p>\n<p>Probabilmente la nostra Ministra Pinotti, sopravvissuta del &#8220;fu Governo Renzi&#8221; e attuale rappresentante del Governo Gentiloni, deve essersi persa questo importante passaggio della storia del nostro paese, o per lo meno pare essersene &#8220;scordata&#8221; in pi\u00f9 di \u00a0un&#8217;occasione.<br \/>\nAnche oggi, a margine della sfilata degli Alpini, la Ministra ha messo la freccia a destra superando addirittura Matteo Salvini. \u00a0Veniamo ai fatti e alle relative dichiarazioni della Ministra:<\/p>\n<p><strong>&#8211;<\/strong> \u00a0<strong>14 febbraio 2015:<\/strong> \u201cL&#8217;Italia \u00e8 pronta. Si parla soltanto di ipotesi per ora, ma se dovesse essere chiesto al paese di mettersi alla testa di una coalizione internazionale per un intervento in Libia, non ci tireremmo indietro. &#8220;Pronti a guidare la coalizione. Almeno 5.000 uomini&#8221; dichiarava a gran voce la Ministra Pinotti, in un\u2019intervista al Messaggero, per poi continuare in tono marziale: \u201cRagioni storiche individuano nell&#8217;Italia la nazione col ruolo di protagonista per le aspettative dei libici.\u201d<\/p>\n<p>Non se ne abbia a male la Ministra, se le ricordiamo che le \u201cragioni storiche\u201d che pi\u00f9 ci hanno legato alla Libia vedevano l\u2019occupazione militare della stessa da parte dell\u2019esercito italiano fascista durante il &#8220;ventennio&#8221;.<\/p>\n<p>Invece, egregia Ministra, non riusciamo bene a interpretare cosa intendesse per \u00a0\u201caspettative dei libici\u201d, \u00a0visto che il Governo ufficiale libico non ha mai chiesto l&#8217;intervento diretto di alcun stato occidentale. Ricordiamo bene inoltre che l&#8217;Italia all&#8217;epoca era gregaria della coalizione occidentale guidata da Francia, USA \u00a0e Regno Unito. Coalizione che gi\u00e0 nel 2011 fece disastrosi danni, appoggiando\u00a0i cosiddetti \u201cribelli libici\u201d, (come li chiamavano allora i nostri organi di stampa ufficiali, gridando alle rivoluzioni della primavera araba). Peccato che subito dopo l\u2019uccisione di Gheddafi, i ribelli si siano trasformati in combattenti mercenari del sedicente stato jihadista del Daesh, detto anche ISIS o Califfato. Peccato pure che a seguito dell&#8217;intervento occidentale per soddisfare le allora &#8220;aspettative dei libici&#8221; si siano creati dei &#8220;danni collaterali&#8221; come una sanguinosa guerra civile che si protrae da pi\u00f9 di 6 anni e che adesso proprio dalla Libia senza pi\u00f9 nessun controllo partano migliaia di poveri disperati, spesso destinati a morire affogati nell&#8217;indifferenza generale. \u00a0Dispiace anche ricordare che sempre in Libia proprio a causa della guerra civile, ci sono vaste zone del paese in mano a gruppi armati criminali, \u00a0aree nelle quali insistono delle <a href=\"http:\/\/www.italy.iom.int\/sites\/default\/files\/news-documents\/RapportoAntitratta.pdf\">strutture chiamate connection house o &#8220;ghetti&#8221;<\/a> nella loro lingua, edifici dove vengono portate ragazzine minorenni, schiave e vittime della tratta, che in quei luoghi subiscono ogni tipo di violenza e abuso, una specie di iniziazione, prima di essere avviate poi al \u00a0fiorente <a href=\"https:\/\/www.pressenza.com\/it\/2017\/04\/tratta-desseri-umani-2-business-mondiale-dopo-il-traffico-di-armi\/\">mercato della prostituzione in Europa.<\/a><\/p>\n<p><strong>&#8211; 2 aprile 2016:<\/strong> in un servizio televisivo la Ministra Pinotti dichiara:\u00a0<a href=\"http:\/\/infodifesa.it\/vergognose-le-parole-del-ministro-pinotti-alle-iene\/\">\u201cNon esiste alcun problema di uranio impoverito tra i nostri militari\u201d<\/a>\u00a0. Il giorno dopo alla sua dichiarazione assistevamo alla morte di <a href=\"http:\/\/corrieredelmezzogiorno.corriere.it\/napoli\/cronaca\/16_aprile_04\/uranio-morto-altro-militare-l-osservatorio-ministro-chiarisca-ea623058-fa66-11e5-897a-cf9e4b9e7d0b.shtml\">Gennaro Giordano<\/a>, 331\u00b0 vittima, deceduto per un tumore fulminante, ennesimo militare italiano morto tra atroci sofferenze, proprio per via dell\u2019esposizione all&#8217;uranio impoverito.<\/p>\n<p><strong>&#8211; 4 ottobre 2016:<\/strong> sempre la Ministra Roberta Pinotti va in visita ufficiale dai &#8220;Reali&#8221; sauditi, proprio nei giorni dei massicci bombardamenti dell\u2019Arabia a danno della popolazione civile dello Yemen. Una visita presso uno degli <a href=\"https:\/\/www.pressenza.com\/it\/2016\/10\/arabia-saudita-donne-cerca-diritti\/\">Stati pi\u00f9 retrogradi e maschilisti<\/a> che la storia dell\u2019Umanit\u00e0 contemporanea ricordi, uno Stato dove i diritti umani sono un optional, la pena di morte uno standard, un paese in cui<a href=\"https:\/\/it.sputniknews.com\/mondo\/201603172296133-scienziati-sauditi-donne\/\"> le donne sono riconosciute in qualit\u00e0 di mammiferi <\/a>\u00a0in cui vigono la lapidazione e\u00a0la flagellazione pubblica degli oppositori politici. La Pinotti all\u2019epoca, \u00a0in veste di Ministra e prima ancora di &#8220;donna&#8221;, and\u00f2 in &#8220;pellegrinaggio&#8221; presso la corte del re, per promuovere bombe ed armi &#8220;Made in Italy&#8221;, nonostante la legge italiana vieti di vendere armi a paesi \u201cin stato di conflitto armato\u201d e in pieno contrasto con le direttive Onu, incurante persino di una risoluzione del Parlamento europeo che invitava i paesi membri a interrompere immediatamente la vendita di armi ai sauditi.<\/p>\n<p>E invece niente, la nostra Ministra era l\u00ec a Riad, proprio per incontrare il monarca assoluto arabo Salman, fargli persino la riverenza e <a href=\"https:\/\/www.pressenza.com\/it\/2016\/10\/la-ministra-pinotti-arabia-saudita-promuovere-contratti-militari-spregio-ai-diritti-umani\/\">pregarlo di comprare i nostri armamenti<\/a>, diciamo cos\u00ec per meglio &#8220;massacrare&#8221; il popolo yemenita. Rientrata subito alla base dalla missione Roberta Pinotti, si attiv\u00f2 sottoponendo al parere del Parlamento l\u2019ennesima <a href=\"http:\/\/milex.org\/wp-content\/uploads\/2016\/10\/AG-339-CENTAURO2-.pdf\">lista della spesa<\/a> per nuovi armamenti: carri armati ed elicotteri da guerra, i micidiali <a href=\"https:\/\/www.youtube.com\/watch?v=f5eqm_QDOjY\">&#8220;AW-129 Mangusta\u201c<\/a>\u00a0, con una versione per l\u2019estero che \u00e8 stata acquistata dal nostro &#8220;amico&#8221; il Presidente turco <a href=\"https:\/\/www.pressenza.com\/it\/2017\/02\/lassolutismo-presidenziale-erdogan-quasi-realta\/\">Recep Tayyip Erdogan<\/a>\u00a0mezzi adesso in dotazione all&#8217;esercito turco\u00a0che stanno utilizzando per <a href=\"http:\/\/www.huffingtonpost.it\/2017\/04\/26\/erdogan-ci-bombarda-e-lisis-ringrazia-intervista-a-gharib-ha_a_22056389\/\">bombardare con pi\u00f9 efficacia gli insediamenti della popolazione curda.<\/a><\/p>\n<p><strong>&#8211; 1 marzo 2017:\u00a0<\/strong> la Ministra Pinotti dichiara candidamente il proprio sogno:\u00a0<a href=\"https:\/\/www.pressenza.com\/it\/2017\/03\/pentagono-della-ministra-pinotti\/\">&#8220;La nascita di un Pentagono italiano&#8221;<\/a>, ossia un\u2019unica struttura per i vertici di tutte le forze armate, una copia in miniatura di quello statunitense. Sempre in quella occasione la Ministra dichiar\u00f2 che il \u201csogno\u201d stava per diventare realt\u00e0. \u201cLa nuova struttura\u201d, annunci\u00f2 in un\u2019intervista a Repubblica, \u201c\u00e8 gi\u00e0 in fase progettuale ed \u00e8 previsto un primo stanziamento nel budget della Legge di stabilit\u00e0.\u201d<\/p>\n<p>Tutto questo costa circa 23 miliardi di euro, pari all&#8217;1,8% del PIL L\u2019Italia ad oggi spende per la difesa in media 63 milioni di euro al giorno, a cui si devono aggiungere anche le spese per le missioni militari e i principali armamenti, iscritte nei budget di altri ministeri.<br \/>\nMa ci\u00f2 non basta, come espresse all\u2019epoca la Pinotti \u201cL\u2019Italia dovr\u00e0 presto essere in grado di portare la spesa per la difesa al 2% del PIL come richiede la Nato\u201d<\/p>\n<p><strong>&#8211; 9 aprile 2017:<\/strong> proprio nei giorni dell\u2019<a href=\"http:\/\/www.famigliacristiana.it\/articolo\/missili-usa-contro-la-siria-e-adesso.aspx\">attacco americano in Siria con 59 missili<\/a>, &#8220;gentile omaggio&#8221; del neo-insediato <a href=\"https:\/\/www.pressenza.com\/it\/2017\/04\/trump-la-siria-i-malvagi-e-le-loro-priorita\/\">Presidente Trump<\/a>, la tensione alle stelle tra Russia e USA, l&#8217;invio di navi nella penisola nordcoreana, in un crescendo che di giorno in giorno fa crescere la paura di un conflitto su larga scala, la nostra \u201caffezionatissima\u201d Ministra della Difesa Pinotti, in occasione del <a href=\"http:\/\/www.reportdifesa.it\/marina-militare-varata-a-castellammare-di-stabia-nave-logistica-vulcano-di-fincantieri\/\">varo in Fincantieri di Castellammare di Stabia<\/a>\u00a0del troncone di prua dell&#8217;unit\u00e0 di supporto logistico <a href=\"http:\/\/www.marina.difesa.it\/uominimezzi\/nuoviprogetti\/Documents\/LSS.pdf\">LSS (Logistic Support Schio)<\/a> Vulcano, unit\u00e0 commissionata a Fincantieri nell&#8217;ambito del <a href=\"http:\/\/www.marina.difesa.it\/conosciamoci\/editoria\/notiziario\/Documents\/2015\/giugno\/unico.pdf\">piano di rinnovamento della flotta della Marina Militare<\/a>, per non essere da meno dichiara trionfale: \u201c\u00c8 un momento di grande orgoglio, abbiamo superato momenti di grande difficolt\u00e0 e ora guardiamo al futuro con occhi diversi&#8221; [\u2026] \u201cAmplieremo la flotta, il momento lo richiede\u201d [\u2026] \u201ccon l&#8217;esigenza di rinnovare le navi della flotta della Marina Militare.\u201d Abbiamo deciso di farlo in modo intensivo, poich\u00e9 lo scenario internazionale lo prevede\u201d ribadisce la Pinotti; detto in altri termini si va verso uno stato di guerra e noi ci buttiamo dentro a capofitto, ovviamente in barba all&#8217;Art. 11 della nostra <a href=\"https:\/\/www.senato.it\/documenti\/repository\/istituzione\/costituzione.pdf\">Costituzione<\/a> <strong>\u201cL\u2019Italia ripudia la guerra come strumento di offesa alla libert\u00e0 degli altri popoli e come mezzo di risoluzione delle controversie internazionali\u201d .<\/strong><\/p>\n<p><strong>&#8211; \u00a0<\/strong><strong>14 maggio 2017:<\/strong>\u00a0apprendiamo a margine della sfilata degli Alpini che la Ministra, col mento alto e lo sguardo fiero, come si addice a tutti i comandanti in arme e capo in pectore, sorpassa a destra persino Salvini e prontamente dichiara: \u201cLa riproposizione di una qualche forma di leva obbligatoria declinata in termini di utilizzo dei giovani in ambiti di sicurezza sociale non \u00e8 un dibattito obsoleto\u201d. \u00a0ovvero detto in altri termini, ripristino della chiamata, la finalit\u00e0 poi si vedr\u00e0.<\/p>\n<p>S\u00ec perch\u00e9 per la precisione, cara Ministra Pinotti, dobbiamo ricordarglielo, \u00e8 stata solo sospesa la chiamata al servizio militare, ma non la leva obbligatoria, che secondo la <a href=\"http:\/\/www.esteri.it\/mae\/normative\/normativa_consolare\/serviziconsolari\/servizio_militare\/legge226_23082004.pdf\">legge 226 del 23 agosto 2004<\/a>, in vigore dal 1 gennaio 2005 non \u00e8 mai stata abolita.<\/p>\n<p>A questo punto aspettiamo qualche altra altisonante\u00a0dichiarazione ad effetto, magari in tenuta marziale, giusto per la parata militare del prossimo 2 giugno. Vorremmo rammentare alla Ministra che prima ancora che dell&#8217;esercito \u00e8 la festa della nostra Repubblica, sicuramente non\u00a0la celebrazione delle armi e della guerra.<\/p>\n<p>Faccia pure le sue dovute considerazioni &#8220;l&#8217;egregia&#8221; Ministra e non ce ne voglia, se fra queste ricordiamo che in quanto rappresentante pi\u00f9 alto del dicastero della Difesa \u00e8 stata investita della sua carica giurando proprio sulla nostra Costituzione, che ripudia fermamente la guerra e che ricopre il ruolo di Ministra per servire i suoi concittadini, ci sia passata la provocazione, non per dare ordini ai suoi &#8220;umili sudditi&#8221; e soprattutto per rendere un servizio al nostro paese, non certo alle <a href=\"https:\/\/www.pressenza.com\/it\/2017\/02\/la-morte-fa-mercato\/\">Lobby delle armi<\/a>, n\u00e9 alle\u00a0<a href=\"https:\/\/www.pressenza.com\/it\/2015\/06\/renzi-e-le-banche-armate\/\">Banche armate<\/a>, n\u00e9\u00a0tanto meno ai <a href=\"https:\/\/www.pressenza.com\/it\/2017\/04\/fermiamo-signori-della-guerra\/\">Signori della guerra<\/a>\u00a0o a tutti coloro che grazie alla guerra stanno capitalizzando investimenti e profitti,\u00a0sempre sulla pelle degli altri.<\/p>\n<p>&nbsp;<\/p>\n","protected":false},"excerpt":{"rendered":"<p>La sorprendente propensione alla guerra della Ministra della Difesa Roberta Pinotti descritta in 65 righe.<\/p>\n","protected":false},"author":980,"featured_media":465010,"comment_status":"closed","ping_status":"closed","sticky":false,"template":"","format":"standard","meta":{"footnotes":""},"categories":[11388,62,47,162,55],"tags":[3338,1660,3648,37403,4695,18966,737,5464,23405,33516,37399,9209,370,37402,1087,37405,37400,37398,4852,584,37404,37401,17091,16359,34814,37406,1100],"class_list":["post-464822","post","type-post","status-publish","format-standard","has-post-thumbnail","hentry","category-contenuti-originali","category-economia","category-europa","category-opinioni","category-politica","tag-arabia-saudita","tag-banche","tag-banche-armate","tag-chiamata-alle-armi","tag-costituzione-italiana","tag-donald-trump","tag-economia-2","tag-erdogan-en","tag-fincantieri","tag-governo-gentiloni","tag-governo-italiana","tag-governo-renzi","tag-italia","tag-leva-obbligatoria","tag-libia","tag-lobby-delle-armi","tag-lss","tag-marina-militare-italiana","tag-ministero-della-difesa","tag-nato-en","tag-pentagono-italiano","tag-re-salman","tag-roberta-pinotti","tag-salvini","tag-signori-della-guerra","tag-stato-italiano","tag-turchia"],"yoast_head":"<!-- This site is optimized with the Yoast SEO plugin v27.1.1 - https:\/\/yoast.com\/product\/yoast-seo-wordpress\/ -->\n<title>La Ministra della \u201cGuerra\u201d, chiama alle \u201carmi\u201d<\/title>\n<meta name=\"description\" content=\"La sorprendente propensione alla guerra della Ministra della Difesa Roberta Pinotti descritta in 65 righe.\" \/>\n<meta name=\"robots\" content=\"index, follow, max-snippet:-1, max-image-preview:large, max-video-preview:-1\" \/>\n<link rel=\"canonical\" href=\"https:\/\/www.pressenza.com\/it\/2017\/05\/la-ministra-della-guerra-chiama-alle-armi\/\" \/>\n<meta property=\"og:locale\" content=\"it_IT\" \/>\n<meta property=\"og:type\" content=\"article\" \/>\n<meta property=\"og:title\" content=\"La Ministra della \u201cGuerra\u201d, chiama alle \u201carmi\u201d\" \/>\n<meta property=\"og:description\" content=\"La sorprendente propensione alla guerra della Ministra della Difesa Roberta Pinotti descritta in 65 righe.\" \/>\n<meta property=\"og:url\" content=\"https:\/\/www.pressenza.com\/it\/2017\/05\/la-ministra-della-guerra-chiama-alle-armi\/\" \/>\n<meta property=\"og:site_name\" content=\"Pressenza\" \/>\n<meta property=\"article:publisher\" content=\"https:\/\/www.facebook.com\/PressenzaItalia\" \/>\n<meta property=\"article:author\" content=\"https:\/\/www.facebook.com\/valdarno.sostenibile\" \/>\n<meta property=\"article:published_time\" content=\"2017-05-14T21:10:28+00:00\" \/>\n<meta property=\"article:modified_time\" content=\"2017-05-18T18:49:57+00:00\" \/>\n<meta property=\"og:image\" content=\"https:\/\/www.pressenza.com\/wp-content\/uploads\/2017\/05\/Giuramento-sulla-Costituzione-di-Roberta-Pinotti-720x480.png\" \/>\n\t<meta property=\"og:image:width\" content=\"720\" \/>\n\t<meta property=\"og:image:height\" content=\"480\" \/>\n\t<meta property=\"og:image:type\" content=\"image\/png\" \/>\n<meta name=\"author\" content=\"Luca Cellini\" \/>\n<meta name=\"twitter:card\" content=\"summary_large_image\" \/>\n<meta name=\"twitter:creator\" content=\"@LucaCellini68\" \/>\n<meta name=\"twitter:site\" content=\"@PressenzaIPA\" \/>\n<meta name=\"twitter:label1\" content=\"Scritto da\" \/>\n\t<meta name=\"twitter:data1\" content=\"Luca Cellini\" \/>\n\t<meta name=\"twitter:label2\" content=\"Tempo di lettura stimato\" \/>\n\t<meta name=\"twitter:data2\" content=\"7 minuti\" \/>\n<script type=\"application\/ld+json\" class=\"yoast-schema-graph\">{\"@context\":\"https:\/\/schema.org\",\"@graph\":[{\"@type\":\"Article\",\"@id\":\"https:\/\/www.pressenza.com\/it\/2017\/05\/la-ministra-della-guerra-chiama-alle-armi\/#article\",\"isPartOf\":{\"@id\":\"https:\/\/www.pressenza.com\/it\/2017\/05\/la-ministra-della-guerra-chiama-alle-armi\/\"},\"author\":{\"name\":\"Luca Cellini\",\"@id\":\"https:\/\/www.pressenza.com\/it\/#\/schema\/person\/6f5bf686b3d94620dc918fd3afbd9180\"},\"headline\":\"La Ministra della \u201cGuerra\u201d, chiama alle \u201carmi\u201d\",\"datePublished\":\"2017-05-14T21:10:28+00:00\",\"dateModified\":\"2017-05-18T18:49:57+00:00\",\"mainEntityOfPage\":{\"@id\":\"https:\/\/www.pressenza.com\/it\/2017\/05\/la-ministra-della-guerra-chiama-alle-armi\/\"},\"wordCount\":1421,\"publisher\":{\"@id\":\"https:\/\/www.pressenza.com\/it\/#organization\"},\"image\":{\"@id\":\"https:\/\/www.pressenza.com\/it\/2017\/05\/la-ministra-della-guerra-chiama-alle-armi\/#primaryimage\"},\"thumbnailUrl\":\"https:\/\/www.pressenza.com\/wp-content\/uploads\/2017\/05\/Giuramento-sulla-Costituzione-di-Roberta-Pinotti.png\",\"keywords\":[\"Arabia Saudita\",\"banche\",\"banche armate\",\"chiamata alle armi\",\"Costituzione italiana\",\"Donald Trump\",\"econom\u00eda\",\"Erdogan\",\"Fincantieri\",\"Governo Gentiloni\",\"Governo Italiana\",\"Governo Renzi\",\"Italia\",\"Leva obbligatoria\",\"Libia\",\"Lobby delle armi\",\"LSS\",\"Marina Militare Italiana\",\"Ministero della Difesa\",\"NATO\",\"Pentagono italiano\",\"Re Salman\",\"Roberta Pinotti\",\"Salvini\",\"Signori della guerra\",\"Stato italiano\",\"Turchia\"],\"articleSection\":[\"contenuti originali\",\"Economia\",\"Europa\",\"Opinioni\",\"Politica\"],\"inLanguage\":\"it-IT\"},{\"@type\":\"WebPage\",\"@id\":\"https:\/\/www.pressenza.com\/it\/2017\/05\/la-ministra-della-guerra-chiama-alle-armi\/\",\"url\":\"https:\/\/www.pressenza.com\/it\/2017\/05\/la-ministra-della-guerra-chiama-alle-armi\/\",\"name\":\"La Ministra della \u201cGuerra\u201d, chiama alle \u201carmi\u201d\",\"isPartOf\":{\"@id\":\"https:\/\/www.pressenza.com\/it\/#website\"},\"primaryImageOfPage\":{\"@id\":\"https:\/\/www.pressenza.com\/it\/2017\/05\/la-ministra-della-guerra-chiama-alle-armi\/#primaryimage\"},\"image\":{\"@id\":\"https:\/\/www.pressenza.com\/it\/2017\/05\/la-ministra-della-guerra-chiama-alle-armi\/#primaryimage\"},\"thumbnailUrl\":\"https:\/\/www.pressenza.com\/wp-content\/uploads\/2017\/05\/Giuramento-sulla-Costituzione-di-Roberta-Pinotti.png\",\"datePublished\":\"2017-05-14T21:10:28+00:00\",\"dateModified\":\"2017-05-18T18:49:57+00:00\",\"description\":\"La sorprendente propensione alla guerra della Ministra della Difesa Roberta Pinotti descritta in 65 righe.\",\"breadcrumb\":{\"@id\":\"https:\/\/www.pressenza.com\/it\/2017\/05\/la-ministra-della-guerra-chiama-alle-armi\/#breadcrumb\"},\"inLanguage\":\"it-IT\",\"potentialAction\":[{\"@type\":\"ReadAction\",\"target\":[\"https:\/\/www.pressenza.com\/it\/2017\/05\/la-ministra-della-guerra-chiama-alle-armi\/\"]}]},{\"@type\":\"ImageObject\",\"inLanguage\":\"it-IT\",\"@id\":\"https:\/\/www.pressenza.com\/it\/2017\/05\/la-ministra-della-guerra-chiama-alle-armi\/#primaryimage\",\"url\":\"https:\/\/www.pressenza.com\/wp-content\/uploads\/2017\/05\/Giuramento-sulla-Costituzione-di-Roberta-Pinotti.png\",\"contentUrl\":\"https:\/\/www.pressenza.com\/wp-content\/uploads\/2017\/05\/Giuramento-sulla-Costituzione-di-Roberta-Pinotti.png\",\"width\":1200,\"height\":800},{\"@type\":\"BreadcrumbList\",\"@id\":\"https:\/\/www.pressenza.com\/it\/2017\/05\/la-ministra-della-guerra-chiama-alle-armi\/#breadcrumb\",\"itemListElement\":[{\"@type\":\"ListItem\",\"position\":1,\"name\":\"Accueil\",\"item\":\"https:\/\/www.pressenza.com\/it\/\"},{\"@type\":\"ListItem\",\"position\":2,\"name\":\"La Ministra della \u201cGuerra\u201d, chiama alle \u201carmi\u201d\"}]},{\"@type\":\"WebSite\",\"@id\":\"https:\/\/www.pressenza.com\/it\/#website\",\"url\":\"https:\/\/www.pressenza.com\/it\/\",\"name\":\"Pressenza\",\"description\":\"Agenzia di Stampa Internazionale\",\"publisher\":{\"@id\":\"https:\/\/www.pressenza.com\/it\/#organization\"},\"potentialAction\":[{\"@type\":\"SearchAction\",\"target\":{\"@type\":\"EntryPoint\",\"urlTemplate\":\"https:\/\/www.pressenza.com\/it\/?s={search_term_string}\"},\"query-input\":{\"@type\":\"PropertyValueSpecification\",\"valueRequired\":true,\"valueName\":\"search_term_string\"}}],\"inLanguage\":\"it-IT\"},{\"@type\":\"Organization\",\"@id\":\"https:\/\/www.pressenza.com\/it\/#organization\",\"name\":\"Pressenza\",\"url\":\"https:\/\/www.pressenza.com\/it\/\",\"logo\":{\"@type\":\"ImageObject\",\"inLanguage\":\"it-IT\",\"@id\":\"https:\/\/www.pressenza.com\/it\/#\/schema\/logo\/image\/\",\"url\":\"https:\/\/www.pressenza.com\/wp-content\/uploads\/2022\/10\/pressenza_logo_200x200.jpg\",\"contentUrl\":\"https:\/\/www.pressenza.com\/wp-content\/uploads\/2022\/10\/pressenza_logo_200x200.jpg\",\"width\":200,\"height\":200,\"caption\":\"Pressenza\"},\"image\":{\"@id\":\"https:\/\/www.pressenza.com\/it\/#\/schema\/logo\/image\/\"},\"sameAs\":[\"https:\/\/www.facebook.com\/PressenzaItalia\",\"https:\/\/x.com\/PressenzaIPA\"]},{\"@type\":\"Person\",\"@id\":\"https:\/\/www.pressenza.com\/it\/#\/schema\/person\/6f5bf686b3d94620dc918fd3afbd9180\",\"name\":\"Luca Cellini\",\"description\":\"Luca Cellini has participated with the Humanist Party. He was a volunteer with the Conscientious Objectors Association and an activist with Greenpeace. He participated in the Mir Sada International Peace March, a nonviolent peace convoy during the Bosnian conflict in Mostar and Sarajevo, to try to stop the conflict. He participated in the Social Forum and in the World March for Peace and Nonviolence. He founded the Valdarno Sustainability Committee with which he promotes the formation of the Valdarno Valdsieve coordination network to stop the construction of landfills and incinerators. He is passionate for writing, interested in alternative information, economics, research in the field of energy, strategies to achieve zero waste, and ecology, topics for which he has held public meetings and seminars for high school students. He works as a designer for the industry sector. Currently he engaged as volunteer in the fight against child exploitation and again Human Trafficking. Editor and columnist for Pressenza.\",\"sameAs\":[\"https:\/\/valdarnosostenibile.wordpress.com\/\",\"https:\/\/www.facebook.com\/valdarno.sostenibile\",\"https:\/\/x.com\/LucaCellini68\"],\"url\":\"https:\/\/www.pressenza.com\/it\/author\/luca-cellini\/\"}]}<\/script>\n<!-- \/ Yoast SEO plugin. -->","yoast_head_json":{"title":"La Ministra della \u201cGuerra\u201d, chiama alle \u201carmi\u201d","description":"La sorprendente propensione alla guerra della Ministra della Difesa Roberta Pinotti descritta in 65 righe.","robots":{"index":"index","follow":"follow","max-snippet":"max-snippet:-1","max-image-preview":"max-image-preview:large","max-video-preview":"max-video-preview:-1"},"canonical":"https:\/\/www.pressenza.com\/it\/2017\/05\/la-ministra-della-guerra-chiama-alle-armi\/","og_locale":"it_IT","og_type":"article","og_title":"La Ministra della \u201cGuerra\u201d, chiama alle \u201carmi\u201d","og_description":"La sorprendente propensione alla guerra della Ministra della Difesa Roberta Pinotti descritta in 65 righe.","og_url":"https:\/\/www.pressenza.com\/it\/2017\/05\/la-ministra-della-guerra-chiama-alle-armi\/","og_site_name":"Pressenza","article_publisher":"https:\/\/www.facebook.com\/PressenzaItalia","article_author":"https:\/\/www.facebook.com\/valdarno.sostenibile","article_published_time":"2017-05-14T21:10:28+00:00","article_modified_time":"2017-05-18T18:49:57+00:00","og_image":[{"width":720,"height":480,"url":"https:\/\/www.pressenza.com\/wp-content\/uploads\/2017\/05\/Giuramento-sulla-Costituzione-di-Roberta-Pinotti-720x480.png","type":"image\/png"}],"author":"Luca Cellini","twitter_card":"summary_large_image","twitter_creator":"@LucaCellini68","twitter_site":"@PressenzaIPA","twitter_misc":{"Scritto da":"Luca Cellini","Tempo di lettura stimato":"7 minuti"},"schema":{"@context":"https:\/\/schema.org","@graph":[{"@type":"Article","@id":"https:\/\/www.pressenza.com\/it\/2017\/05\/la-ministra-della-guerra-chiama-alle-armi\/#article","isPartOf":{"@id":"https:\/\/www.pressenza.com\/it\/2017\/05\/la-ministra-della-guerra-chiama-alle-armi\/"},"author":{"name":"Luca Cellini","@id":"https:\/\/www.pressenza.com\/it\/#\/schema\/person\/6f5bf686b3d94620dc918fd3afbd9180"},"headline":"La Ministra della \u201cGuerra\u201d, chiama alle \u201carmi\u201d","datePublished":"2017-05-14T21:10:28+00:00","dateModified":"2017-05-18T18:49:57+00:00","mainEntityOfPage":{"@id":"https:\/\/www.pressenza.com\/it\/2017\/05\/la-ministra-della-guerra-chiama-alle-armi\/"},"wordCount":1421,"publisher":{"@id":"https:\/\/www.pressenza.com\/it\/#organization"},"image":{"@id":"https:\/\/www.pressenza.com\/it\/2017\/05\/la-ministra-della-guerra-chiama-alle-armi\/#primaryimage"},"thumbnailUrl":"https:\/\/www.pressenza.com\/wp-content\/uploads\/2017\/05\/Giuramento-sulla-Costituzione-di-Roberta-Pinotti.png","keywords":["Arabia Saudita","banche","banche armate","chiamata alle armi","Costituzione italiana","Donald Trump","econom\u00eda","Erdogan","Fincantieri","Governo Gentiloni","Governo Italiana","Governo Renzi","Italia","Leva obbligatoria","Libia","Lobby delle armi","LSS","Marina Militare Italiana","Ministero della Difesa","NATO","Pentagono italiano","Re Salman","Roberta Pinotti","Salvini","Signori della guerra","Stato italiano","Turchia"],"articleSection":["contenuti originali","Economia","Europa","Opinioni","Politica"],"inLanguage":"it-IT"},{"@type":"WebPage","@id":"https:\/\/www.pressenza.com\/it\/2017\/05\/la-ministra-della-guerra-chiama-alle-armi\/","url":"https:\/\/www.pressenza.com\/it\/2017\/05\/la-ministra-della-guerra-chiama-alle-armi\/","name":"La Ministra della \u201cGuerra\u201d, chiama alle \u201carmi\u201d","isPartOf":{"@id":"https:\/\/www.pressenza.com\/it\/#website"},"primaryImageOfPage":{"@id":"https:\/\/www.pressenza.com\/it\/2017\/05\/la-ministra-della-guerra-chiama-alle-armi\/#primaryimage"},"image":{"@id":"https:\/\/www.pressenza.com\/it\/2017\/05\/la-ministra-della-guerra-chiama-alle-armi\/#primaryimage"},"thumbnailUrl":"https:\/\/www.pressenza.com\/wp-content\/uploads\/2017\/05\/Giuramento-sulla-Costituzione-di-Roberta-Pinotti.png","datePublished":"2017-05-14T21:10:28+00:00","dateModified":"2017-05-18T18:49:57+00:00","description":"La sorprendente propensione alla guerra della Ministra della Difesa Roberta Pinotti descritta in 65 righe.","breadcrumb":{"@id":"https:\/\/www.pressenza.com\/it\/2017\/05\/la-ministra-della-guerra-chiama-alle-armi\/#breadcrumb"},"inLanguage":"it-IT","potentialAction":[{"@type":"ReadAction","target":["https:\/\/www.pressenza.com\/it\/2017\/05\/la-ministra-della-guerra-chiama-alle-armi\/"]}]},{"@type":"ImageObject","inLanguage":"it-IT","@id":"https:\/\/www.pressenza.com\/it\/2017\/05\/la-ministra-della-guerra-chiama-alle-armi\/#primaryimage","url":"https:\/\/www.pressenza.com\/wp-content\/uploads\/2017\/05\/Giuramento-sulla-Costituzione-di-Roberta-Pinotti.png","contentUrl":"https:\/\/www.pressenza.com\/wp-content\/uploads\/2017\/05\/Giuramento-sulla-Costituzione-di-Roberta-Pinotti.png","width":1200,"height":800},{"@type":"BreadcrumbList","@id":"https:\/\/www.pressenza.com\/it\/2017\/05\/la-ministra-della-guerra-chiama-alle-armi\/#breadcrumb","itemListElement":[{"@type":"ListItem","position":1,"name":"Accueil","item":"https:\/\/www.pressenza.com\/it\/"},{"@type":"ListItem","position":2,"name":"La Ministra della \u201cGuerra\u201d, chiama alle \u201carmi\u201d"}]},{"@type":"WebSite","@id":"https:\/\/www.pressenza.com\/it\/#website","url":"https:\/\/www.pressenza.com\/it\/","name":"Pressenza","description":"Agenzia di Stampa Internazionale","publisher":{"@id":"https:\/\/www.pressenza.com\/it\/#organization"},"potentialAction":[{"@type":"SearchAction","target":{"@type":"EntryPoint","urlTemplate":"https:\/\/www.pressenza.com\/it\/?s={search_term_string}"},"query-input":{"@type":"PropertyValueSpecification","valueRequired":true,"valueName":"search_term_string"}}],"inLanguage":"it-IT"},{"@type":"Organization","@id":"https:\/\/www.pressenza.com\/it\/#organization","name":"Pressenza","url":"https:\/\/www.pressenza.com\/it\/","logo":{"@type":"ImageObject","inLanguage":"it-IT","@id":"https:\/\/www.pressenza.com\/it\/#\/schema\/logo\/image\/","url":"https:\/\/www.pressenza.com\/wp-content\/uploads\/2022\/10\/pressenza_logo_200x200.jpg","contentUrl":"https:\/\/www.pressenza.com\/wp-content\/uploads\/2022\/10\/pressenza_logo_200x200.jpg","width":200,"height":200,"caption":"Pressenza"},"image":{"@id":"https:\/\/www.pressenza.com\/it\/#\/schema\/logo\/image\/"},"sameAs":["https:\/\/www.facebook.com\/PressenzaItalia","https:\/\/x.com\/PressenzaIPA"]},{"@type":"Person","@id":"https:\/\/www.pressenza.com\/it\/#\/schema\/person\/6f5bf686b3d94620dc918fd3afbd9180","name":"Luca Cellini","description":"Luca Cellini has participated with the Humanist Party. He was a volunteer with the Conscientious Objectors Association and an activist with Greenpeace. He participated in the Mir Sada International Peace March, a nonviolent peace convoy during the Bosnian conflict in Mostar and Sarajevo, to try to stop the conflict. He participated in the Social Forum and in the World March for Peace and Nonviolence. He founded the Valdarno Sustainability Committee with which he promotes the formation of the Valdarno Valdsieve coordination network to stop the construction of landfills and incinerators. He is passionate for writing, interested in alternative information, economics, research in the field of energy, strategies to achieve zero waste, and ecology, topics for which he has held public meetings and seminars for high school students. He works as a designer for the industry sector. Currently he engaged as volunteer in the fight against child exploitation and again Human Trafficking. Editor and columnist for Pressenza.","sameAs":["https:\/\/valdarnosostenibile.wordpress.com\/","https:\/\/www.facebook.com\/valdarno.sostenibile","https:\/\/x.com\/LucaCellini68"],"url":"https:\/\/www.pressenza.com\/it\/author\/luca-cellini\/"}]}},"place":"","original_article_url":"","_links":{"self":[{"href":"https:\/\/www.pressenza.com\/it\/wp-json\/wp\/v2\/posts\/464822","targetHints":{"allow":["GET"]}}],"collection":[{"href":"https:\/\/www.pressenza.com\/it\/wp-json\/wp\/v2\/posts"}],"about":[{"href":"https:\/\/www.pressenza.com\/it\/wp-json\/wp\/v2\/types\/post"}],"author":[{"embeddable":true,"href":"https:\/\/www.pressenza.com\/it\/wp-json\/wp\/v2\/users\/980"}],"replies":[{"embeddable":true,"href":"https:\/\/www.pressenza.com\/it\/wp-json\/wp\/v2\/comments?post=464822"}],"version-history":[{"count":0,"href":"https:\/\/www.pressenza.com\/it\/wp-json\/wp\/v2\/posts\/464822\/revisions"}],"wp:featuredmedia":[{"embeddable":true,"href":"https:\/\/www.pressenza.com\/it\/wp-json\/wp\/v2\/media\/465010"}],"wp:attachment":[{"href":"https:\/\/www.pressenza.com\/it\/wp-json\/wp\/v2\/media?parent=464822"}],"wp:term":[{"taxonomy":"category","embeddable":true,"href":"https:\/\/www.pressenza.com\/it\/wp-json\/wp\/v2\/categories?post=464822"},{"taxonomy":"post_tag","embeddable":true,"href":"https:\/\/www.pressenza.com\/it\/wp-json\/wp\/v2\/tags?post=464822"}],"curies":[{"name":"wp","href":"https:\/\/api.w.org\/{rel}","templated":true}]}}