{"id":463889,"date":"2017-05-12T14:40:24","date_gmt":"2017-05-12T13:40:24","guid":{"rendered":"https:\/\/www.pressenza.com\/?p=463889\/"},"modified":"2017-05-12T14:40:24","modified_gmt":"2017-05-12T13:40:24","slug":"basilio-rizzo-limmagine-milano-non-quella-degli-elicotteri-dei-blitz","status":"publish","type":"post","link":"https:\/\/www.pressenza.com\/it\/2017\/05\/basilio-rizzo-limmagine-milano-non-quella-degli-elicotteri-dei-blitz\/","title":{"rendered":"Basilio Rizzo: \u201cL\u2019immagine di Milano non \u00e8 quella degli elicotteri e dei blitz\u201d"},"content":{"rendered":"<p><strong>Consiglio Comunale dell\u201911 maggio 2017<\/strong><\/p>\n<p><em>Intervento del consigliere Basilio Rizzo (Milano in Comune) a seguito dell\u2019informativa dell\u2019assessore Rozza sui fatti accaduti alla Stazione Centrale lo scorso 2 maggio 2017.<\/em><\/p>\n<p>Condivido lo slogan che \u00e8 stato scelto da decine di associazioni e dice \u201cNessuna persona \u00e8 illegale\u201d.<\/p>\n<p>Il blitz del 2 maggio \u00e8 stato contro delle persone, non contro l\u2019illegalit\u00e0 e penso che non si possa solo dire \u201cNon lo faremo pi\u00f9\u201d e \u201cGuardiamo avanti\u201d per essere credibili.<\/p>\n<p>Bisogna segnare una distanza netta, come si dice senza se e senza ma, da quella logica e da quella politica.<\/p>\n<p>\u00c8 stata un\u2019iniziativa contro le persone e contro la povert\u00e0, vedi la distruzione delle povere cose che erano sul terreno e che sono state spazzate via. Non si dica che era un\u2019azione per la sicurezza. Il diritto a vivere serenamente, che \u00e8 il mio concetto di sicurezza e che non lascer\u00f2 a nessuno, ha bisogno di interventi sociali, di investimenti nelle periferie, di azioni per la dignit\u00e0 delle persone e contro le diseguaglianze, non di blitz.<\/p>\n<p>Il blitz \u00e8 stato in realt\u00e0 un\u2019azione preventiva contro la manifestazione del 20 prossimo venturo, ma ha avuto l\u2019effetto opposto: ne aumenta il rilievo e quindi moltiplica le ragioni per esserci.<\/p>\n<p>Le ragioni della partecipazione convinta delle associazioni, delle realt\u00e0 politiche e sociali sono nel documento che mi sono permesso di distribuire subito dopo il blitz del 2 di maggio e anche nell\u2019iniziativa di ieri e che per ragioni di tempo non riporto.<\/p>\n<p>Penso invece sia giusto che io riporti cosa in quel documento questa serie di associazioni molto ampie e molto vaste chiede all\u2019Amministrazione comunale:<\/p>\n<p>*adesione totale al sistema SPRAR di accoglienza dei richiedenti asilo con l\u2019assorbimento integrale dei posti oggi disponibili nei CAS;<\/p>\n<p>*dichiarazione pubblica di disponibilit\u00e0 a svolgere le incombenze relative ai rinnovi dei permessi di soggiorno presso gli uffici dell\u2019Amministrazione comunale. E\u2019 anche un segnale importante, una cosa \u00e8 andare dalle forze di polizia, una cosa \u00e8 andare dal Comune, sentirsi cittadini.<\/p>\n<p>E poi:<\/p>\n<p>*riconoscimento della residenza delle persone aventi dimora abituale nel territorio comunale, siano essi migranti o non migranti, ma che sono in difficolt\u00e0 socio \u2013 economiche e quindi non trovano un alloggio stabile;<\/p>\n<p>*nuovi investimenti nei servizi per l\u2019inclusione sociale, per la salute per l\u2019intera cittadinanza a partire dalla garanzia di accesso universale ai servizi per l\u2019infanzia, indispensabili per la partecipazione alla vita sociale delle donne migranti o italiane autoctone.<\/p>\n<p>Non tacer\u00f2 anche l\u2019ultima delle richieste che riguarda la legge Minniti. Sappiamo che le istituzioni non possono disapplicare una legge, ma possono decidere di non avvalersi di alcune facolt\u00e0 che sono contenute in quella legge se sono in palese conflitto con i diritti previsti dalla nostra Costituzione.<\/p>\n<p>Spero che il nostro Sindaco, che meritoriamente, sarebbe ingiusto non segnalarlo, e lo faccio molto volentieri, ha preso le distanze dal blitz, vorr\u00e0 esaminare seriamente le proposte che ho esposto, che saranno alla base della partecipazione del corteo importante di sabato prossimo, che non sono solo mie, ma di una parte della citt\u00e0 che sta concretamente operando &#8211; \u00a0si pensi a tutte le iniziative delle associazioni a sostegno dei migranti e della giustizia sociale della nostra citt\u00e0 &#8211; perch\u00e9 l\u2019immagine di Milano sia quella dei diritti e dell\u2019accoglienza.<\/p>\n<p>Questo \u00e8 quello che io penso si debba dire, che si debba fare e spero che la nostra citt\u00e0 lo faccia. Mi auguro che molti di noi siano alla manifestazione del 20, di sabato prossimo, lo siano con i propri contenuti. Possiamo avere delle opinioni diverse, ma tutti insieme dobbiamo operare perch\u00e9 questa \u00e8 la faccia e l\u2019immagine della nostra citt\u00e0. L\u2019immagine della nostra citt\u00e0 non \u00e8 quella degli elicotteri, dei blitz; alcuni hanno usato delle parole forti, ma io penso che sia giusto usare delle parole forti perch\u00e9 forte voleva essere il messaggio. E\u2019 stato un errore clamoroso che si ritorcer\u00e0 contro chi pensa che i problemi della citt\u00e0 si risolvono in quel modo e non invece andando avanti incontro ai diritti e alla socialit\u00e0 e al considerare davvero le persone, che in quanto persone, non possono essere illegali.<\/p>\n","protected":false},"excerpt":{"rendered":"<p>Consiglio Comunale dell\u201911 maggio 2017 Intervento del consigliere Basilio Rizzo (Milano in Comune) a seguito dell\u2019informativa dell\u2019assessore Rozza sui fatti accaduti alla Stazione Centrale lo scorso 2 maggio 2017. Condivido lo slogan che \u00e8 stato scelto da decine di associazioni&hellip;<\/p>\n","protected":false},"author":594,"featured_media":463890,"comment_status":"closed","ping_status":"closed","sticky":false,"template":"","format":"standard","meta":{"footnotes":""},"categories":[60,47],"tags":[7595,37349,15665,37080,37110,37347],"class_list":["post-463889","post","type-post","status-publish","format-standard","has-post-thumbnail","hentry","category-diritti-umani","category-europa","tag-basilio-rizzo","tag-blitz-2-maggio","tag-consiglio-comunale-di-milano","tag-decreto-minniti","tag-manifestazione-20-maggio","tag-rete-nessuna-persona-e-illegale"],"yoast_head":"<!-- This site is optimized with the Yoast SEO plugin v27.1.1 - https:\/\/yoast.com\/product\/yoast-seo-wordpress\/ -->\n<title>Basilio Rizzo: \u201cL\u2019immagine di Milano non \u00e8 quella degli elicotteri e dei blitz\u201d<\/title>\n<meta name=\"description\" content=\"Consiglio Comunale dell\u201911 maggio 2017 Intervento del consigliere Basilio Rizzo (Milano in Comune) a seguito dell\u2019informativa dell\u2019assessore Rozza sui\" \/>\n<meta name=\"robots\" content=\"index, follow, max-snippet:-1, max-image-preview:large, max-video-preview:-1\" \/>\n<link rel=\"canonical\" href=\"https:\/\/www.pressenza.com\/it\/2017\/05\/basilio-rizzo-limmagine-milano-non-quella-degli-elicotteri-dei-blitz\/\" \/>\n<meta property=\"og:locale\" content=\"it_IT\" \/>\n<meta property=\"og:type\" content=\"article\" \/>\n<meta property=\"og:title\" content=\"Basilio Rizzo: \u201cL\u2019immagine di Milano non \u00e8 quella degli elicotteri e dei blitz\u201d\" \/>\n<meta property=\"og:description\" content=\"Consiglio Comunale dell\u201911 maggio 2017 Intervento del consigliere Basilio Rizzo (Milano in Comune) a seguito dell\u2019informativa dell\u2019assessore Rozza sui\" \/>\n<meta property=\"og:url\" content=\"https:\/\/www.pressenza.com\/it\/2017\/05\/basilio-rizzo-limmagine-milano-non-quella-degli-elicotteri-dei-blitz\/\" \/>\n<meta property=\"og:site_name\" content=\"Pressenza\" \/>\n<meta property=\"article:publisher\" content=\"https:\/\/www.facebook.com\/PressenzaItalia\" \/>\n<meta property=\"article:author\" content=\"https:\/\/www.facebook.com\/PressenzaItalia\" \/>\n<meta property=\"article:published_time\" content=\"2017-05-12T13:40:24+00:00\" \/>\n<meta property=\"og:image\" content=\"https:\/\/www.pressenza.com\/wp-content\/uploads\/2017\/05\/nessuna-persona----illegale-logo.jpg\" \/>\n\t<meta property=\"og:image:width\" content=\"960\" \/>\n\t<meta property=\"og:image:height\" content=\"960\" \/>\n\t<meta property=\"og:image:type\" content=\"image\/jpeg\" \/>\n<meta name=\"author\" content=\"Redazione Italia\" \/>\n<meta name=\"twitter:card\" content=\"summary_large_image\" \/>\n<meta name=\"twitter:creator\" content=\"@pressenza_it\" \/>\n<meta name=\"twitter:site\" content=\"@PressenzaIPA\" \/>\n<meta name=\"twitter:label1\" content=\"Scritto da\" \/>\n\t<meta name=\"twitter:data1\" content=\"Redazione Italia\" \/>\n\t<meta name=\"twitter:label2\" content=\"Tempo di lettura stimato\" \/>\n\t<meta name=\"twitter:data2\" content=\"3 minuti\" \/>\n<script type=\"application\/ld+json\" class=\"yoast-schema-graph\">{\"@context\":\"https:\/\/schema.org\",\"@graph\":[{\"@type\":\"Article\",\"@id\":\"https:\/\/www.pressenza.com\/it\/2017\/05\/basilio-rizzo-limmagine-milano-non-quella-degli-elicotteri-dei-blitz\/#article\",\"isPartOf\":{\"@id\":\"https:\/\/www.pressenza.com\/it\/2017\/05\/basilio-rizzo-limmagine-milano-non-quella-degli-elicotteri-dei-blitz\/\"},\"author\":{\"name\":\"Redazione Italia\",\"@id\":\"https:\/\/www.pressenza.com\/it\/#\/schema\/person\/d983e81827ae24f2c7b1a2123d197f8d\"},\"headline\":\"Basilio Rizzo: \u201cL\u2019immagine di Milano non \u00e8 quella degli elicotteri e dei blitz\u201d\",\"datePublished\":\"2017-05-12T13:40:24+00:00\",\"mainEntityOfPage\":{\"@id\":\"https:\/\/www.pressenza.com\/it\/2017\/05\/basilio-rizzo-limmagine-milano-non-quella-degli-elicotteri-dei-blitz\/\"},\"wordCount\":688,\"publisher\":{\"@id\":\"https:\/\/www.pressenza.com\/it\/#organization\"},\"image\":{\"@id\":\"https:\/\/www.pressenza.com\/it\/2017\/05\/basilio-rizzo-limmagine-milano-non-quella-degli-elicotteri-dei-blitz\/#primaryimage\"},\"thumbnailUrl\":\"https:\/\/www.pressenza.com\/wp-content\/uploads\/2017\/05\/nessuna-persona----illegale-logo.jpg\",\"keywords\":[\"Basilio Rizzo\",\"blitz 2 maggio\",\"Consiglio Comunale di Milano\",\"decreto Minniti\",\"manifestazione 20 maggio\",\"Rete Nessuna persona \u00e8 illegale\"],\"articleSection\":[\"Diritti Umani\",\"Europa\"],\"inLanguage\":\"it-IT\"},{\"@type\":\"WebPage\",\"@id\":\"https:\/\/www.pressenza.com\/it\/2017\/05\/basilio-rizzo-limmagine-milano-non-quella-degli-elicotteri-dei-blitz\/\",\"url\":\"https:\/\/www.pressenza.com\/it\/2017\/05\/basilio-rizzo-limmagine-milano-non-quella-degli-elicotteri-dei-blitz\/\",\"name\":\"Basilio Rizzo: \u201cL\u2019immagine di Milano non \u00e8 quella degli elicotteri e dei blitz\u201d\",\"isPartOf\":{\"@id\":\"https:\/\/www.pressenza.com\/it\/#website\"},\"primaryImageOfPage\":{\"@id\":\"https:\/\/www.pressenza.com\/it\/2017\/05\/basilio-rizzo-limmagine-milano-non-quella-degli-elicotteri-dei-blitz\/#primaryimage\"},\"image\":{\"@id\":\"https:\/\/www.pressenza.com\/it\/2017\/05\/basilio-rizzo-limmagine-milano-non-quella-degli-elicotteri-dei-blitz\/#primaryimage\"},\"thumbnailUrl\":\"https:\/\/www.pressenza.com\/wp-content\/uploads\/2017\/05\/nessuna-persona----illegale-logo.jpg\",\"datePublished\":\"2017-05-12T13:40:24+00:00\",\"description\":\"Consiglio Comunale dell\u201911 maggio 2017 Intervento del consigliere Basilio Rizzo (Milano in Comune) a seguito dell\u2019informativa dell\u2019assessore Rozza sui\",\"breadcrumb\":{\"@id\":\"https:\/\/www.pressenza.com\/it\/2017\/05\/basilio-rizzo-limmagine-milano-non-quella-degli-elicotteri-dei-blitz\/#breadcrumb\"},\"inLanguage\":\"it-IT\",\"potentialAction\":[{\"@type\":\"ReadAction\",\"target\":[\"https:\/\/www.pressenza.com\/it\/2017\/05\/basilio-rizzo-limmagine-milano-non-quella-degli-elicotteri-dei-blitz\/\"]}]},{\"@type\":\"ImageObject\",\"inLanguage\":\"it-IT\",\"@id\":\"https:\/\/www.pressenza.com\/it\/2017\/05\/basilio-rizzo-limmagine-milano-non-quella-degli-elicotteri-dei-blitz\/#primaryimage\",\"url\":\"https:\/\/www.pressenza.com\/wp-content\/uploads\/2017\/05\/nessuna-persona----illegale-logo.jpg\",\"contentUrl\":\"https:\/\/www.pressenza.com\/wp-content\/uploads\/2017\/05\/nessuna-persona----illegale-logo.jpg\",\"width\":960,\"height\":960},{\"@type\":\"BreadcrumbList\",\"@id\":\"https:\/\/www.pressenza.com\/it\/2017\/05\/basilio-rizzo-limmagine-milano-non-quella-degli-elicotteri-dei-blitz\/#breadcrumb\",\"itemListElement\":[{\"@type\":\"ListItem\",\"position\":1,\"name\":\"Accueil\",\"item\":\"https:\/\/www.pressenza.com\/it\/\"},{\"@type\":\"ListItem\",\"position\":2,\"name\":\"Basilio Rizzo: \u201cL\u2019immagine di Milano non \u00e8 quella degli elicotteri e dei blitz\u201d\"}]},{\"@type\":\"WebSite\",\"@id\":\"https:\/\/www.pressenza.com\/it\/#website\",\"url\":\"https:\/\/www.pressenza.com\/it\/\",\"name\":\"Pressenza\",\"description\":\"Agenzia di Stampa Internazionale\",\"publisher\":{\"@id\":\"https:\/\/www.pressenza.com\/it\/#organization\"},\"potentialAction\":[{\"@type\":\"SearchAction\",\"target\":{\"@type\":\"EntryPoint\",\"urlTemplate\":\"https:\/\/www.pressenza.com\/it\/?s={search_term_string}\"},\"query-input\":{\"@type\":\"PropertyValueSpecification\",\"valueRequired\":true,\"valueName\":\"search_term_string\"}}],\"inLanguage\":\"it-IT\"},{\"@type\":\"Organization\",\"@id\":\"https:\/\/www.pressenza.com\/it\/#organization\",\"name\":\"Pressenza\",\"url\":\"https:\/\/www.pressenza.com\/it\/\",\"logo\":{\"@type\":\"ImageObject\",\"inLanguage\":\"it-IT\",\"@id\":\"https:\/\/www.pressenza.com\/it\/#\/schema\/logo\/image\/\",\"url\":\"https:\/\/www.pressenza.com\/wp-content\/uploads\/2022\/10\/pressenza_logo_200x200.jpg\",\"contentUrl\":\"https:\/\/www.pressenza.com\/wp-content\/uploads\/2022\/10\/pressenza_logo_200x200.jpg\",\"width\":200,\"height\":200,\"caption\":\"Pressenza\"},\"image\":{\"@id\":\"https:\/\/www.pressenza.com\/it\/#\/schema\/logo\/image\/\"},\"sameAs\":[\"https:\/\/www.facebook.com\/PressenzaItalia\",\"https:\/\/x.com\/PressenzaIPA\"]},{\"@type\":\"Person\",\"@id\":\"https:\/\/www.pressenza.com\/it\/#\/schema\/person\/d983e81827ae24f2c7b1a2123d197f8d\",\"name\":\"Redazione Italia\",\"description\":\"News from the Pressenza Bureau in Italy\",\"sameAs\":[\"https:\/\/www.pressenza.com\/it\/author\/redazione-italia\/\",\"https:\/\/www.facebook.com\/PressenzaItalia\",\"https:\/\/www.instagram.com\/pressenza_italia\/\",\"https:\/\/x.com\/pressenza_it\",\"https:\/\/www.youtube.com\/channel\/UCSalEIWjE1RSxkwjfftFuqg\"],\"url\":\"https:\/\/www.pressenza.com\/it\/author\/redazione-italia\/\"}]}<\/script>\n<!-- \/ Yoast SEO plugin. -->","yoast_head_json":{"title":"Basilio Rizzo: \u201cL\u2019immagine di Milano non \u00e8 quella degli elicotteri e dei blitz\u201d","description":"Consiglio Comunale dell\u201911 maggio 2017 Intervento del consigliere Basilio Rizzo (Milano in Comune) a seguito dell\u2019informativa dell\u2019assessore Rozza sui","robots":{"index":"index","follow":"follow","max-snippet":"max-snippet:-1","max-image-preview":"max-image-preview:large","max-video-preview":"max-video-preview:-1"},"canonical":"https:\/\/www.pressenza.com\/it\/2017\/05\/basilio-rizzo-limmagine-milano-non-quella-degli-elicotteri-dei-blitz\/","og_locale":"it_IT","og_type":"article","og_title":"Basilio Rizzo: \u201cL\u2019immagine di Milano non \u00e8 quella degli elicotteri e dei blitz\u201d","og_description":"Consiglio Comunale dell\u201911 maggio 2017 Intervento del consigliere Basilio Rizzo (Milano in Comune) a seguito dell\u2019informativa dell\u2019assessore Rozza sui","og_url":"https:\/\/www.pressenza.com\/it\/2017\/05\/basilio-rizzo-limmagine-milano-non-quella-degli-elicotteri-dei-blitz\/","og_site_name":"Pressenza","article_publisher":"https:\/\/www.facebook.com\/PressenzaItalia","article_author":"https:\/\/www.facebook.com\/PressenzaItalia","article_published_time":"2017-05-12T13:40:24+00:00","og_image":[{"width":960,"height":960,"url":"https:\/\/www.pressenza.com\/wp-content\/uploads\/2017\/05\/nessuna-persona----illegale-logo.jpg","type":"image\/jpeg"}],"author":"Redazione Italia","twitter_card":"summary_large_image","twitter_creator":"@pressenza_it","twitter_site":"@PressenzaIPA","twitter_misc":{"Scritto da":"Redazione Italia","Tempo di lettura stimato":"3 minuti"},"schema":{"@context":"https:\/\/schema.org","@graph":[{"@type":"Article","@id":"https:\/\/www.pressenza.com\/it\/2017\/05\/basilio-rizzo-limmagine-milano-non-quella-degli-elicotteri-dei-blitz\/#article","isPartOf":{"@id":"https:\/\/www.pressenza.com\/it\/2017\/05\/basilio-rizzo-limmagine-milano-non-quella-degli-elicotteri-dei-blitz\/"},"author":{"name":"Redazione Italia","@id":"https:\/\/www.pressenza.com\/it\/#\/schema\/person\/d983e81827ae24f2c7b1a2123d197f8d"},"headline":"Basilio Rizzo: \u201cL\u2019immagine di Milano non \u00e8 quella degli elicotteri e dei blitz\u201d","datePublished":"2017-05-12T13:40:24+00:00","mainEntityOfPage":{"@id":"https:\/\/www.pressenza.com\/it\/2017\/05\/basilio-rizzo-limmagine-milano-non-quella-degli-elicotteri-dei-blitz\/"},"wordCount":688,"publisher":{"@id":"https:\/\/www.pressenza.com\/it\/#organization"},"image":{"@id":"https:\/\/www.pressenza.com\/it\/2017\/05\/basilio-rizzo-limmagine-milano-non-quella-degli-elicotteri-dei-blitz\/#primaryimage"},"thumbnailUrl":"https:\/\/www.pressenza.com\/wp-content\/uploads\/2017\/05\/nessuna-persona----illegale-logo.jpg","keywords":["Basilio Rizzo","blitz 2 maggio","Consiglio Comunale di Milano","decreto Minniti","manifestazione 20 maggio","Rete Nessuna persona \u00e8 illegale"],"articleSection":["Diritti Umani","Europa"],"inLanguage":"it-IT"},{"@type":"WebPage","@id":"https:\/\/www.pressenza.com\/it\/2017\/05\/basilio-rizzo-limmagine-milano-non-quella-degli-elicotteri-dei-blitz\/","url":"https:\/\/www.pressenza.com\/it\/2017\/05\/basilio-rizzo-limmagine-milano-non-quella-degli-elicotteri-dei-blitz\/","name":"Basilio Rizzo: \u201cL\u2019immagine di Milano non \u00e8 quella degli elicotteri e dei blitz\u201d","isPartOf":{"@id":"https:\/\/www.pressenza.com\/it\/#website"},"primaryImageOfPage":{"@id":"https:\/\/www.pressenza.com\/it\/2017\/05\/basilio-rizzo-limmagine-milano-non-quella-degli-elicotteri-dei-blitz\/#primaryimage"},"image":{"@id":"https:\/\/www.pressenza.com\/it\/2017\/05\/basilio-rizzo-limmagine-milano-non-quella-degli-elicotteri-dei-blitz\/#primaryimage"},"thumbnailUrl":"https:\/\/www.pressenza.com\/wp-content\/uploads\/2017\/05\/nessuna-persona----illegale-logo.jpg","datePublished":"2017-05-12T13:40:24+00:00","description":"Consiglio Comunale dell\u201911 maggio 2017 Intervento del consigliere Basilio Rizzo (Milano in Comune) a seguito dell\u2019informativa dell\u2019assessore Rozza sui","breadcrumb":{"@id":"https:\/\/www.pressenza.com\/it\/2017\/05\/basilio-rizzo-limmagine-milano-non-quella-degli-elicotteri-dei-blitz\/#breadcrumb"},"inLanguage":"it-IT","potentialAction":[{"@type":"ReadAction","target":["https:\/\/www.pressenza.com\/it\/2017\/05\/basilio-rizzo-limmagine-milano-non-quella-degli-elicotteri-dei-blitz\/"]}]},{"@type":"ImageObject","inLanguage":"it-IT","@id":"https:\/\/www.pressenza.com\/it\/2017\/05\/basilio-rizzo-limmagine-milano-non-quella-degli-elicotteri-dei-blitz\/#primaryimage","url":"https:\/\/www.pressenza.com\/wp-content\/uploads\/2017\/05\/nessuna-persona----illegale-logo.jpg","contentUrl":"https:\/\/www.pressenza.com\/wp-content\/uploads\/2017\/05\/nessuna-persona----illegale-logo.jpg","width":960,"height":960},{"@type":"BreadcrumbList","@id":"https:\/\/www.pressenza.com\/it\/2017\/05\/basilio-rizzo-limmagine-milano-non-quella-degli-elicotteri-dei-blitz\/#breadcrumb","itemListElement":[{"@type":"ListItem","position":1,"name":"Accueil","item":"https:\/\/www.pressenza.com\/it\/"},{"@type":"ListItem","position":2,"name":"Basilio Rizzo: \u201cL\u2019immagine di Milano non \u00e8 quella degli elicotteri e dei blitz\u201d"}]},{"@type":"WebSite","@id":"https:\/\/www.pressenza.com\/it\/#website","url":"https:\/\/www.pressenza.com\/it\/","name":"Pressenza","description":"Agenzia di Stampa Internazionale","publisher":{"@id":"https:\/\/www.pressenza.com\/it\/#organization"},"potentialAction":[{"@type":"SearchAction","target":{"@type":"EntryPoint","urlTemplate":"https:\/\/www.pressenza.com\/it\/?s={search_term_string}"},"query-input":{"@type":"PropertyValueSpecification","valueRequired":true,"valueName":"search_term_string"}}],"inLanguage":"it-IT"},{"@type":"Organization","@id":"https:\/\/www.pressenza.com\/it\/#organization","name":"Pressenza","url":"https:\/\/www.pressenza.com\/it\/","logo":{"@type":"ImageObject","inLanguage":"it-IT","@id":"https:\/\/www.pressenza.com\/it\/#\/schema\/logo\/image\/","url":"https:\/\/www.pressenza.com\/wp-content\/uploads\/2022\/10\/pressenza_logo_200x200.jpg","contentUrl":"https:\/\/www.pressenza.com\/wp-content\/uploads\/2022\/10\/pressenza_logo_200x200.jpg","width":200,"height":200,"caption":"Pressenza"},"image":{"@id":"https:\/\/www.pressenza.com\/it\/#\/schema\/logo\/image\/"},"sameAs":["https:\/\/www.facebook.com\/PressenzaItalia","https:\/\/x.com\/PressenzaIPA"]},{"@type":"Person","@id":"https:\/\/www.pressenza.com\/it\/#\/schema\/person\/d983e81827ae24f2c7b1a2123d197f8d","name":"Redazione Italia","description":"News from the Pressenza Bureau in Italy","sameAs":["https:\/\/www.pressenza.com\/it\/author\/redazione-italia\/","https:\/\/www.facebook.com\/PressenzaItalia","https:\/\/www.instagram.com\/pressenza_italia\/","https:\/\/x.com\/pressenza_it","https:\/\/www.youtube.com\/channel\/UCSalEIWjE1RSxkwjfftFuqg"],"url":"https:\/\/www.pressenza.com\/it\/author\/redazione-italia\/"}]}},"place":"Milano","original_article_url":"","_links":{"self":[{"href":"https:\/\/www.pressenza.com\/it\/wp-json\/wp\/v2\/posts\/463889","targetHints":{"allow":["GET"]}}],"collection":[{"href":"https:\/\/www.pressenza.com\/it\/wp-json\/wp\/v2\/posts"}],"about":[{"href":"https:\/\/www.pressenza.com\/it\/wp-json\/wp\/v2\/types\/post"}],"author":[{"embeddable":true,"href":"https:\/\/www.pressenza.com\/it\/wp-json\/wp\/v2\/users\/594"}],"replies":[{"embeddable":true,"href":"https:\/\/www.pressenza.com\/it\/wp-json\/wp\/v2\/comments?post=463889"}],"version-history":[{"count":0,"href":"https:\/\/www.pressenza.com\/it\/wp-json\/wp\/v2\/posts\/463889\/revisions"}],"wp:featuredmedia":[{"embeddable":true,"href":"https:\/\/www.pressenza.com\/it\/wp-json\/wp\/v2\/media\/463890"}],"wp:attachment":[{"href":"https:\/\/www.pressenza.com\/it\/wp-json\/wp\/v2\/media?parent=463889"}],"wp:term":[{"taxonomy":"category","embeddable":true,"href":"https:\/\/www.pressenza.com\/it\/wp-json\/wp\/v2\/categories?post=463889"},{"taxonomy":"post_tag","embeddable":true,"href":"https:\/\/www.pressenza.com\/it\/wp-json\/wp\/v2\/tags?post=463889"}],"curies":[{"name":"wp","href":"https:\/\/api.w.org\/{rel}","templated":true}]}}