{"id":46303,"date":"2013-04-05T13:28:32","date_gmt":"2013-04-05T12:28:32","guid":{"rendered":"http:\/\/www.pressenza.com\/?p=46303"},"modified":"2013-04-05T13:28:42","modified_gmt":"2013-04-05T12:28:42","slug":"ue-i-lavoratori-immigrati-sempre-piu-in-difficolta-2","status":"publish","type":"post","link":"https:\/\/www.pressenza.com\/it\/2013\/04\/ue-i-lavoratori-immigrati-sempre-piu-in-difficolta-2\/","title":{"rendered":"UE: i lavoratori immigrati sempre pi\u00f9 in difficolt\u00e0"},"content":{"rendered":"<p><i>Il nuovo rapporto della Commissione europea sull\u2019occupazione mostra l\u2019aumento della disoccupazione tra la popolazione immigrata<\/i><i><\/i><\/p>\n<p><i>\u00a0<\/i><\/p>\n<p align=\"left\">Secondo gli ultimi studi del Commissariato europeo per l\u2019occupazione, gli affari sociali e l\u2019integrazione, la situazione dell\u2019occupazione degli immigrati si \u00e8 ulteriormente deteriorata nel corso dell\u2019ultimo anno, con un tasso di disoccupazione che \u00e8 pi\u00f9 del doppio rispetto a quello dei cittadini Ue. Inoltre, la disoccupazione a lungo termine \u00e8 pi\u00f9 frequente tra gli immigrati che non tra gli altri cittadini.<\/p>\n<p>&nbsp;<\/p>\n<p align=\"left\">Nel 2012 si \u00e8 registrato un aumento della disoccupazione che ha innalzato al 20,2% i disoccupati tra la popolazione immigrata nell\u2019UE (contro il 9,7% di disoccupati tra i cittadini UE) e fatto scendere il livello di occupazione totale nell\u2019Ue a 54,7% (- 0,8%). Per quanto riguarda la disoccupazione a lungo termine, il tasso \u00e8 al 9,2% tra i cittadini non europei, aumentando il divario con i cittadini europei.<\/p>\n<p align=\"left\">La quota di immigrati disoccupati che sono stati senza lavoro per pi\u00f9 di un anno ha raggiunto quasi il 46% e supera di poco quello dei cittadini UE, dopo essere stata pi\u00f9 bassa per la maggior parte degli ultimi quattro anni. La situazione del mercato del lavoro ha inoltre portato gli immigrati a livelli di povert\u00e0 (aumentata del 2,5%) e ha fatto s\u00ec che divenissero sempre pi\u00f9 spesso vittime di esclusione sociale.<\/p>\n<p align=\"left\">Il rapporto mette in evidenza gli effetti che i recenti tagli della spesa pubblica hanno avuto sulla situazione occupazionale e sociale in un certo numero di stati membri dell\u2019Unione Europea. Inoltre, le modifiche apportate al sistema fiscale e di welfare e i tagli dei salari del settore pubblico hanno portato a una significativa riduzione del livello dei redditi reali delle famiglie, mettendo a dura prova le condizioni di vita dei nuclei familiari a basso reddito e colpendo le fasce pi\u00f9 vulnerabili, come appunto quella degli immigrati.<\/p>\n<p align=\"left\">Samantha Falciatori<\/p>\n<p align=\"left\"><a href=\"http:\/\/www.immigrazioneoggi.it\/\">http:\/\/www.immigrazioneoggi.it\/<\/a><\/p>\n<p>&nbsp;<\/p>\n","protected":false},"excerpt":{"rendered":"<p>Il nuovo rapporto della Commissione europea sull\u2019occupazione mostra l\u2019aumento della disoccupazione tra la popolazione immigrata \u00a0 Secondo gli ultimi studi del Commissariato europeo per l\u2019occupazione, gli affari sociali e l\u2019integrazione, la situazione dell\u2019occupazione degli immigrati si \u00e8 ulteriormente deteriorata nel&hellip;<\/p>\n","protected":false},"author":594,"featured_media":46305,"comment_status":"closed","ping_status":"open","sticky":false,"template":"","format":"standard","meta":{"footnotes":""},"categories":[62,47,1261],"tags":[1324,2563,4420,3788],"class_list":["post-46303","post","type-post","status-publish","format-standard","has-post-thumbnail","hentry","category-economia","category-europa","category-diversita","tag-disoccupazione","tag-immigrati","tag-tagli-della-spesa-pubblica","tag-unione-europea"],"yoast_head":"<!-- This site is optimized with the Yoast SEO plugin v27.1.1 - https:\/\/yoast.com\/product\/yoast-seo-wordpress\/ -->\n<title>UE: i lavoratori immigrati sempre pi\u00f9 in difficolt\u00e0<\/title>\n<meta name=\"description\" content=\"Il nuovo rapporto della Commissione europea sull\u2019occupazione mostra l\u2019aumento della disoccupazione tra la popolazione immigrata \u00a0 Secondo gli ultimi studi\" \/>\n<meta name=\"robots\" content=\"index, follow, max-snippet:-1, max-image-preview:large, max-video-preview:-1\" \/>\n<link rel=\"canonical\" href=\"https:\/\/www.pressenza.com\/it\/2013\/04\/ue-i-lavoratori-immigrati-sempre-piu-in-difficolta-2\/\" \/>\n<meta property=\"og:locale\" content=\"it_IT\" \/>\n<meta property=\"og:type\" content=\"article\" \/>\n<meta property=\"og:title\" content=\"UE: i lavoratori immigrati sempre pi\u00f9 in difficolt\u00e0\" \/>\n<meta property=\"og:description\" content=\"Il nuovo rapporto della Commissione europea sull\u2019occupazione mostra l\u2019aumento della disoccupazione tra la popolazione immigrata \u00a0 Secondo gli ultimi studi\" \/>\n<meta property=\"og:url\" content=\"https:\/\/www.pressenza.com\/it\/2013\/04\/ue-i-lavoratori-immigrati-sempre-piu-in-difficolta-2\/\" \/>\n<meta property=\"og:site_name\" content=\"Pressenza\" \/>\n<meta property=\"article:publisher\" content=\"https:\/\/www.facebook.com\/PressenzaItalia\" \/>\n<meta property=\"article:author\" content=\"https:\/\/www.facebook.com\/PressenzaItalia\" \/>\n<meta property=\"article:published_time\" content=\"2013-04-05T12:28:32+00:00\" \/>\n<meta property=\"article:modified_time\" content=\"2013-04-05T12:28:42+00:00\" \/>\n<meta property=\"og:image\" content=\"https:\/\/www.pressenza.com\/wp-content\/uploads\/2013\/04\/disoccupazione-immigrati.jpg\" \/>\n\t<meta property=\"og:image:width\" content=\"293\" \/>\n\t<meta property=\"og:image:height\" content=\"172\" \/>\n\t<meta property=\"og:image:type\" content=\"image\/jpeg\" \/>\n<meta name=\"author\" content=\"Redazione Italia\" \/>\n<meta name=\"twitter:card\" content=\"summary_large_image\" \/>\n<meta name=\"twitter:creator\" content=\"@pressenza_it\" \/>\n<meta name=\"twitter:site\" content=\"@PressenzaIPA\" \/>\n<meta name=\"twitter:label1\" content=\"Scritto da\" \/>\n\t<meta name=\"twitter:data1\" content=\"Redazione Italia\" \/>\n\t<meta name=\"twitter:label2\" content=\"Tempo di lettura stimato\" \/>\n\t<meta name=\"twitter:data2\" content=\"2 minuti\" \/>\n<script type=\"application\/ld+json\" class=\"yoast-schema-graph\">{\"@context\":\"https:\/\/schema.org\",\"@graph\":[{\"@type\":\"Article\",\"@id\":\"https:\/\/www.pressenza.com\/it\/2013\/04\/ue-i-lavoratori-immigrati-sempre-piu-in-difficolta-2\/#article\",\"isPartOf\":{\"@id\":\"https:\/\/www.pressenza.com\/it\/2013\/04\/ue-i-lavoratori-immigrati-sempre-piu-in-difficolta-2\/\"},\"author\":{\"name\":\"Redazione Italia\",\"@id\":\"https:\/\/www.pressenza.com\/it\/#\/schema\/person\/d983e81827ae24f2c7b1a2123d197f8d\"},\"headline\":\"UE: i lavoratori immigrati sempre pi\u00f9 in difficolt\u00e0\",\"datePublished\":\"2013-04-05T12:28:32+00:00\",\"dateModified\":\"2013-04-05T12:28:42+00:00\",\"mainEntityOfPage\":{\"@id\":\"https:\/\/www.pressenza.com\/it\/2013\/04\/ue-i-lavoratori-immigrati-sempre-piu-in-difficolta-2\/\"},\"wordCount\":314,\"publisher\":{\"@id\":\"https:\/\/www.pressenza.com\/it\/#organization\"},\"image\":{\"@id\":\"https:\/\/www.pressenza.com\/it\/2013\/04\/ue-i-lavoratori-immigrati-sempre-piu-in-difficolta-2\/#primaryimage\"},\"thumbnailUrl\":\"https:\/\/www.pressenza.com\/wp-content\/uploads\/2013\/04\/disoccupazione-immigrati.jpg\",\"keywords\":[\"disoccupazione\",\"immigrati\",\"tagli della spesa pubblica\",\"Unione Europea\"],\"articleSection\":[\"Economia\",\"Europa\",\"Non discriminazione\"],\"inLanguage\":\"it-IT\"},{\"@type\":\"WebPage\",\"@id\":\"https:\/\/www.pressenza.com\/it\/2013\/04\/ue-i-lavoratori-immigrati-sempre-piu-in-difficolta-2\/\",\"url\":\"https:\/\/www.pressenza.com\/it\/2013\/04\/ue-i-lavoratori-immigrati-sempre-piu-in-difficolta-2\/\",\"name\":\"UE: i lavoratori immigrati sempre pi\u00f9 in difficolt\u00e0\",\"isPartOf\":{\"@id\":\"https:\/\/www.pressenza.com\/it\/#website\"},\"primaryImageOfPage\":{\"@id\":\"https:\/\/www.pressenza.com\/it\/2013\/04\/ue-i-lavoratori-immigrati-sempre-piu-in-difficolta-2\/#primaryimage\"},\"image\":{\"@id\":\"https:\/\/www.pressenza.com\/it\/2013\/04\/ue-i-lavoratori-immigrati-sempre-piu-in-difficolta-2\/#primaryimage\"},\"thumbnailUrl\":\"https:\/\/www.pressenza.com\/wp-content\/uploads\/2013\/04\/disoccupazione-immigrati.jpg\",\"datePublished\":\"2013-04-05T12:28:32+00:00\",\"dateModified\":\"2013-04-05T12:28:42+00:00\",\"description\":\"Il nuovo rapporto della Commissione europea sull\u2019occupazione mostra l\u2019aumento della disoccupazione tra la popolazione immigrata \u00a0 Secondo gli ultimi studi\",\"breadcrumb\":{\"@id\":\"https:\/\/www.pressenza.com\/it\/2013\/04\/ue-i-lavoratori-immigrati-sempre-piu-in-difficolta-2\/#breadcrumb\"},\"inLanguage\":\"it-IT\",\"potentialAction\":[{\"@type\":\"ReadAction\",\"target\":[\"https:\/\/www.pressenza.com\/it\/2013\/04\/ue-i-lavoratori-immigrati-sempre-piu-in-difficolta-2\/\"]}]},{\"@type\":\"ImageObject\",\"inLanguage\":\"it-IT\",\"@id\":\"https:\/\/www.pressenza.com\/it\/2013\/04\/ue-i-lavoratori-immigrati-sempre-piu-in-difficolta-2\/#primaryimage\",\"url\":\"https:\/\/www.pressenza.com\/wp-content\/uploads\/2013\/04\/disoccupazione-immigrati.jpg\",\"contentUrl\":\"https:\/\/www.pressenza.com\/wp-content\/uploads\/2013\/04\/disoccupazione-immigrati.jpg\",\"width\":293,\"height\":172},{\"@type\":\"BreadcrumbList\",\"@id\":\"https:\/\/www.pressenza.com\/it\/2013\/04\/ue-i-lavoratori-immigrati-sempre-piu-in-difficolta-2\/#breadcrumb\",\"itemListElement\":[{\"@type\":\"ListItem\",\"position\":1,\"name\":\"Accueil\",\"item\":\"https:\/\/www.pressenza.com\/it\/\"},{\"@type\":\"ListItem\",\"position\":2,\"name\":\"UE: i lavoratori immigrati sempre pi\u00f9 in difficolt\u00e0\"}]},{\"@type\":\"WebSite\",\"@id\":\"https:\/\/www.pressenza.com\/it\/#website\",\"url\":\"https:\/\/www.pressenza.com\/it\/\",\"name\":\"Pressenza\",\"description\":\"Agenzia di Stampa Internazionale\",\"publisher\":{\"@id\":\"https:\/\/www.pressenza.com\/it\/#organization\"},\"potentialAction\":[{\"@type\":\"SearchAction\",\"target\":{\"@type\":\"EntryPoint\",\"urlTemplate\":\"https:\/\/www.pressenza.com\/it\/?s={search_term_string}\"},\"query-input\":{\"@type\":\"PropertyValueSpecification\",\"valueRequired\":true,\"valueName\":\"search_term_string\"}}],\"inLanguage\":\"it-IT\"},{\"@type\":\"Organization\",\"@id\":\"https:\/\/www.pressenza.com\/it\/#organization\",\"name\":\"Pressenza\",\"url\":\"https:\/\/www.pressenza.com\/it\/\",\"logo\":{\"@type\":\"ImageObject\",\"inLanguage\":\"it-IT\",\"@id\":\"https:\/\/www.pressenza.com\/it\/#\/schema\/logo\/image\/\",\"url\":\"https:\/\/www.pressenza.com\/wp-content\/uploads\/2022\/10\/pressenza_logo_200x200.jpg\",\"contentUrl\":\"https:\/\/www.pressenza.com\/wp-content\/uploads\/2022\/10\/pressenza_logo_200x200.jpg\",\"width\":200,\"height\":200,\"caption\":\"Pressenza\"},\"image\":{\"@id\":\"https:\/\/www.pressenza.com\/it\/#\/schema\/logo\/image\/\"},\"sameAs\":[\"https:\/\/www.facebook.com\/PressenzaItalia\",\"https:\/\/x.com\/PressenzaIPA\"]},{\"@type\":\"Person\",\"@id\":\"https:\/\/www.pressenza.com\/it\/#\/schema\/person\/d983e81827ae24f2c7b1a2123d197f8d\",\"name\":\"Redazione Italia\",\"description\":\"News from the Pressenza Bureau in Italy\",\"sameAs\":[\"https:\/\/www.pressenza.com\/it\/author\/redazione-italia\/\",\"https:\/\/www.facebook.com\/PressenzaItalia\",\"https:\/\/www.instagram.com\/pressenza_italia\/\",\"https:\/\/x.com\/pressenza_it\",\"https:\/\/www.youtube.com\/channel\/UCSalEIWjE1RSxkwjfftFuqg\"],\"url\":\"https:\/\/www.pressenza.com\/it\/author\/redazione-italia\/\"}]}<\/script>\n<!-- \/ Yoast SEO plugin. -->","yoast_head_json":{"title":"UE: i lavoratori immigrati sempre pi\u00f9 in difficolt\u00e0","description":"Il nuovo rapporto della Commissione europea sull\u2019occupazione mostra l\u2019aumento della disoccupazione tra la popolazione immigrata \u00a0 Secondo gli ultimi studi","robots":{"index":"index","follow":"follow","max-snippet":"max-snippet:-1","max-image-preview":"max-image-preview:large","max-video-preview":"max-video-preview:-1"},"canonical":"https:\/\/www.pressenza.com\/it\/2013\/04\/ue-i-lavoratori-immigrati-sempre-piu-in-difficolta-2\/","og_locale":"it_IT","og_type":"article","og_title":"UE: i lavoratori immigrati sempre pi\u00f9 in difficolt\u00e0","og_description":"Il nuovo rapporto della Commissione europea sull\u2019occupazione mostra l\u2019aumento della disoccupazione tra la popolazione immigrata \u00a0 Secondo gli ultimi studi","og_url":"https:\/\/www.pressenza.com\/it\/2013\/04\/ue-i-lavoratori-immigrati-sempre-piu-in-difficolta-2\/","og_site_name":"Pressenza","article_publisher":"https:\/\/www.facebook.com\/PressenzaItalia","article_author":"https:\/\/www.facebook.com\/PressenzaItalia","article_published_time":"2013-04-05T12:28:32+00:00","article_modified_time":"2013-04-05T12:28:42+00:00","og_image":[{"width":293,"height":172,"url":"https:\/\/www.pressenza.com\/wp-content\/uploads\/2013\/04\/disoccupazione-immigrati.jpg","type":"image\/jpeg"}],"author":"Redazione Italia","twitter_card":"summary_large_image","twitter_creator":"@pressenza_it","twitter_site":"@PressenzaIPA","twitter_misc":{"Scritto da":"Redazione Italia","Tempo di lettura stimato":"2 minuti"},"schema":{"@context":"https:\/\/schema.org","@graph":[{"@type":"Article","@id":"https:\/\/www.pressenza.com\/it\/2013\/04\/ue-i-lavoratori-immigrati-sempre-piu-in-difficolta-2\/#article","isPartOf":{"@id":"https:\/\/www.pressenza.com\/it\/2013\/04\/ue-i-lavoratori-immigrati-sempre-piu-in-difficolta-2\/"},"author":{"name":"Redazione Italia","@id":"https:\/\/www.pressenza.com\/it\/#\/schema\/person\/d983e81827ae24f2c7b1a2123d197f8d"},"headline":"UE: i lavoratori immigrati sempre pi\u00f9 in difficolt\u00e0","datePublished":"2013-04-05T12:28:32+00:00","dateModified":"2013-04-05T12:28:42+00:00","mainEntityOfPage":{"@id":"https:\/\/www.pressenza.com\/it\/2013\/04\/ue-i-lavoratori-immigrati-sempre-piu-in-difficolta-2\/"},"wordCount":314,"publisher":{"@id":"https:\/\/www.pressenza.com\/it\/#organization"},"image":{"@id":"https:\/\/www.pressenza.com\/it\/2013\/04\/ue-i-lavoratori-immigrati-sempre-piu-in-difficolta-2\/#primaryimage"},"thumbnailUrl":"https:\/\/www.pressenza.com\/wp-content\/uploads\/2013\/04\/disoccupazione-immigrati.jpg","keywords":["disoccupazione","immigrati","tagli della spesa pubblica","Unione Europea"],"articleSection":["Economia","Europa","Non discriminazione"],"inLanguage":"it-IT"},{"@type":"WebPage","@id":"https:\/\/www.pressenza.com\/it\/2013\/04\/ue-i-lavoratori-immigrati-sempre-piu-in-difficolta-2\/","url":"https:\/\/www.pressenza.com\/it\/2013\/04\/ue-i-lavoratori-immigrati-sempre-piu-in-difficolta-2\/","name":"UE: i lavoratori immigrati sempre pi\u00f9 in difficolt\u00e0","isPartOf":{"@id":"https:\/\/www.pressenza.com\/it\/#website"},"primaryImageOfPage":{"@id":"https:\/\/www.pressenza.com\/it\/2013\/04\/ue-i-lavoratori-immigrati-sempre-piu-in-difficolta-2\/#primaryimage"},"image":{"@id":"https:\/\/www.pressenza.com\/it\/2013\/04\/ue-i-lavoratori-immigrati-sempre-piu-in-difficolta-2\/#primaryimage"},"thumbnailUrl":"https:\/\/www.pressenza.com\/wp-content\/uploads\/2013\/04\/disoccupazione-immigrati.jpg","datePublished":"2013-04-05T12:28:32+00:00","dateModified":"2013-04-05T12:28:42+00:00","description":"Il nuovo rapporto della Commissione europea sull\u2019occupazione mostra l\u2019aumento della disoccupazione tra la popolazione immigrata \u00a0 Secondo gli ultimi studi","breadcrumb":{"@id":"https:\/\/www.pressenza.com\/it\/2013\/04\/ue-i-lavoratori-immigrati-sempre-piu-in-difficolta-2\/#breadcrumb"},"inLanguage":"it-IT","potentialAction":[{"@type":"ReadAction","target":["https:\/\/www.pressenza.com\/it\/2013\/04\/ue-i-lavoratori-immigrati-sempre-piu-in-difficolta-2\/"]}]},{"@type":"ImageObject","inLanguage":"it-IT","@id":"https:\/\/www.pressenza.com\/it\/2013\/04\/ue-i-lavoratori-immigrati-sempre-piu-in-difficolta-2\/#primaryimage","url":"https:\/\/www.pressenza.com\/wp-content\/uploads\/2013\/04\/disoccupazione-immigrati.jpg","contentUrl":"https:\/\/www.pressenza.com\/wp-content\/uploads\/2013\/04\/disoccupazione-immigrati.jpg","width":293,"height":172},{"@type":"BreadcrumbList","@id":"https:\/\/www.pressenza.com\/it\/2013\/04\/ue-i-lavoratori-immigrati-sempre-piu-in-difficolta-2\/#breadcrumb","itemListElement":[{"@type":"ListItem","position":1,"name":"Accueil","item":"https:\/\/www.pressenza.com\/it\/"},{"@type":"ListItem","position":2,"name":"UE: i lavoratori immigrati sempre pi\u00f9 in difficolt\u00e0"}]},{"@type":"WebSite","@id":"https:\/\/www.pressenza.com\/it\/#website","url":"https:\/\/www.pressenza.com\/it\/","name":"Pressenza","description":"Agenzia di Stampa Internazionale","publisher":{"@id":"https:\/\/www.pressenza.com\/it\/#organization"},"potentialAction":[{"@type":"SearchAction","target":{"@type":"EntryPoint","urlTemplate":"https:\/\/www.pressenza.com\/it\/?s={search_term_string}"},"query-input":{"@type":"PropertyValueSpecification","valueRequired":true,"valueName":"search_term_string"}}],"inLanguage":"it-IT"},{"@type":"Organization","@id":"https:\/\/www.pressenza.com\/it\/#organization","name":"Pressenza","url":"https:\/\/www.pressenza.com\/it\/","logo":{"@type":"ImageObject","inLanguage":"it-IT","@id":"https:\/\/www.pressenza.com\/it\/#\/schema\/logo\/image\/","url":"https:\/\/www.pressenza.com\/wp-content\/uploads\/2022\/10\/pressenza_logo_200x200.jpg","contentUrl":"https:\/\/www.pressenza.com\/wp-content\/uploads\/2022\/10\/pressenza_logo_200x200.jpg","width":200,"height":200,"caption":"Pressenza"},"image":{"@id":"https:\/\/www.pressenza.com\/it\/#\/schema\/logo\/image\/"},"sameAs":["https:\/\/www.facebook.com\/PressenzaItalia","https:\/\/x.com\/PressenzaIPA"]},{"@type":"Person","@id":"https:\/\/www.pressenza.com\/it\/#\/schema\/person\/d983e81827ae24f2c7b1a2123d197f8d","name":"Redazione Italia","description":"News from the Pressenza Bureau in Italy","sameAs":["https:\/\/www.pressenza.com\/it\/author\/redazione-italia\/","https:\/\/www.facebook.com\/PressenzaItalia","https:\/\/www.instagram.com\/pressenza_italia\/","https:\/\/x.com\/pressenza_it","https:\/\/www.youtube.com\/channel\/UCSalEIWjE1RSxkwjfftFuqg"],"url":"https:\/\/www.pressenza.com\/it\/author\/redazione-italia\/"}]}},"place":"","original_article_url":"","_links":{"self":[{"href":"https:\/\/www.pressenza.com\/it\/wp-json\/wp\/v2\/posts\/46303","targetHints":{"allow":["GET"]}}],"collection":[{"href":"https:\/\/www.pressenza.com\/it\/wp-json\/wp\/v2\/posts"}],"about":[{"href":"https:\/\/www.pressenza.com\/it\/wp-json\/wp\/v2\/types\/post"}],"author":[{"embeddable":true,"href":"https:\/\/www.pressenza.com\/it\/wp-json\/wp\/v2\/users\/594"}],"replies":[{"embeddable":true,"href":"https:\/\/www.pressenza.com\/it\/wp-json\/wp\/v2\/comments?post=46303"}],"version-history":[{"count":0,"href":"https:\/\/www.pressenza.com\/it\/wp-json\/wp\/v2\/posts\/46303\/revisions"}],"wp:featuredmedia":[{"embeddable":true,"href":"https:\/\/www.pressenza.com\/it\/wp-json\/wp\/v2\/media\/46305"}],"wp:attachment":[{"href":"https:\/\/www.pressenza.com\/it\/wp-json\/wp\/v2\/media?parent=46303"}],"wp:term":[{"taxonomy":"category","embeddable":true,"href":"https:\/\/www.pressenza.com\/it\/wp-json\/wp\/v2\/categories?post=46303"},{"taxonomy":"post_tag","embeddable":true,"href":"https:\/\/www.pressenza.com\/it\/wp-json\/wp\/v2\/tags?post=46303"}],"curies":[{"name":"wp","href":"https:\/\/api.w.org\/{rel}","templated":true}]}}