{"id":461286,"date":"2017-05-05T11:03:15","date_gmt":"2017-05-05T10:03:15","guid":{"rendered":"https:\/\/www.pressenza.com\/?p=461286\/"},"modified":"2017-05-05T18:17:02","modified_gmt":"2017-05-05T17:17:02","slug":"presidenziali-francesi-secondo-turno","status":"publish","type":"post","link":"https:\/\/www.pressenza.com\/it\/2017\/05\/presidenziali-francesi-secondo-turno\/","title":{"rendered":"Presidenziali francesi, secondo turno"},"content":{"rendered":"<p><span style=\"font-weight: 400;\">Con tre ore di dibattito televisivo, lo scontro elettorale tra Marine Le Pen ed Emanuel Macron per diventare Presidente della Francia sembra essere arrivato al culmine.<\/span><\/p>\n<p><span style=\"font-weight: 400;\">Macron si \u00e8 presentato per quello che \u00e8, uomo dell&#8217;establishment, prodotto dell&#8217;ENA (<em>\u00c9cole Nationale d&#8217;Administration<\/em>), funzionario di alto livello della banca Rothschild, ministro dell&#8217;economia. Sar\u00e0 fedele a Buxelles e a Francoforte e garante delle politiche monetarie che si elaboreranno in Europa, anche con il suo contributo. Di fronte al terrorismo islamista difende il sistema di sicurezza attuale in Francia e in Europa. <\/span><\/p>\n<p><span style=\"font-weight: 400;\">Le Pen ha elencato i suoi obiettivi.<\/span> \u00c8\u00a0<span style=\"font-weight: 400;\">contro le \u00e9lites, contro la globalizzazione, contro lo <em>star system<\/em>, contro la spettacolarizzazione del nichilismo morale, contro l&#8217;alta finanza, contro il <em>melting pot<\/em> culturale. In Macron vede il tecnocrate che continuer\u00e0 le politiche <em>euroiste<\/em> di Sarkozy e di Hollande, incapace di combattere il jihadismo terrorista, che non propone misure adeguate per arrestare il declino della Francia.<\/span><\/p>\n<p><span style=\"font-weight: 400;\">A livello internazionale, Obama ha dichiarato il suo sostegno a Macron. \u201cSupporto Emmanuel Macron<i>\u201d<\/i> ha detto, e ha concluso in francese: <\/span><i><span style=\"font-weight: 400;\">\u201cEn Marche! Vive la France!\u201d <\/span><\/i><span style=\"font-weight: 400;\">Il leader dell&#8217;Ukip, partito britannico antieuropeista, Nigel Farage, ha invece dichiarato il suo appoggio a Marine Le Pen. Secondo Farage la conquista dell&#8217;Eliseo da parte della leader del Front National renderebbe pi\u00f9 facile la Brexit per Londra in quanto l&#8217;attenzione di Bruxelles si sposterebbe su Parigi. Il suo socio italiano, Beppe Grillo, sembra non si sia ancora espresso. Recenti sondaggi danno vincente Macron a circa il 60% e perdente la Le Pen a circa il 40%.<\/span><\/p>\n<p><span style=\"font-weight: 400;\">I 7 milioni di francesi che hanno votato per la Francia Ribelle di Jean-Luc M\u00e9lenchon non voteranno n\u00e9 per Macron n\u00e9 per Le Pen. Le Pen \u00e8 un politico fascista che con la sua linea favorisce la politica finanziaria iperliberista di Macron e la sua vittoria alle presidenziali. Macron \u00e8 quello descritto sopra.<\/span><\/p>\n<p><span style=\"font-weight: 400;\">Interessante \u00e8 una frase che circola nelle <\/span><i><span style=\"font-weight: 400;\">banlieues<\/span><\/i><span style=\"font-weight: 400;\">: &#8220;<\/span><i><span style=\"font-weight: 400;\">Sia Macron che Le Pen sono per l&#8217;aumento delle spese della polizia e questo significa fare la guerra ai neri e agli arabi francesi&#8221;.<\/span><\/i><\/p>\n<p><span style=\"font-weight: 400;\">Francia Ribelle guarda, oltre le presidenziali, alle prossime legislative, ma innanzitutto a sconfiggere nella societ\u00e0 \u00a0e nel territorio le atrocit\u00e0 sociali ed economiche che il liberismo sempre pi\u00f9 sfrenato provoca. Una battaglia, quindi, per l&#8217;egemonia, l&#8217;alternativa e il cambiamento. <\/span><\/p>\n","protected":false},"excerpt":{"rendered":"<p>Con tre ore di dibattito televisivo, lo scontro elettorale tra Marine Le Pen ed Emanuel Macron per diventare Presidente della Francia sembra essere arrivato al culmine. Macron si \u00e8 presentato per quello che \u00e8, uomo dell&#8217;establishment, prodotto dell&#8217;ENA (\u00c9cole Nationale&hellip;<\/p>\n","protected":false},"author":1190,"featured_media":461298,"comment_status":"closed","ping_status":"closed","sticky":false,"template":"","format":"standard","meta":{"footnotes":""},"categories":[47,162,55,57],"tags":[616,33765,22207,36416,36842,9655,37077,37034,3788],"class_list":["post-461286","post","type-post","status-publish","format-standard","has-post-thumbnail","hentry","category-europa","category-opinioni","category-politica","category-affari-esteri","tag-elezioni","tag-elezioni-presidenziali-2017","tag-europa","tag-jean-luc-melenchon","tag-macron","tag-marine-le-pen","tag-presidenziali-francia","tag-secondo-turno-presidenziali","tag-unione-europea"],"yoast_head":"<!-- This site is optimized with the Yoast SEO plugin v27.1.1 - https:\/\/yoast.com\/product\/yoast-seo-wordpress\/ -->\n<title>Presidenziali francesi, secondo turno<\/title>\n<meta name=\"description\" content=\"Con tre ore di dibattito televisivo, lo scontro elettorale tra Marine Le Pen ed Emanuel Macron per diventare Presidente della Francia sembra essere\" \/>\n<meta name=\"robots\" content=\"index, follow, max-snippet:-1, max-image-preview:large, max-video-preview:-1\" \/>\n<link rel=\"canonical\" href=\"https:\/\/www.pressenza.com\/it\/2017\/05\/presidenziali-francesi-secondo-turno\/\" \/>\n<meta property=\"og:locale\" content=\"it_IT\" \/>\n<meta property=\"og:type\" content=\"article\" \/>\n<meta property=\"og:title\" content=\"Presidenziali francesi, secondo turno\" \/>\n<meta property=\"og:description\" content=\"Con tre ore di dibattito televisivo, lo scontro elettorale tra Marine Le Pen ed Emanuel Macron per diventare Presidente della Francia sembra essere\" \/>\n<meta property=\"og:url\" content=\"https:\/\/www.pressenza.com\/it\/2017\/05\/presidenziali-francesi-secondo-turno\/\" \/>\n<meta property=\"og:site_name\" content=\"Pressenza\" \/>\n<meta property=\"article:publisher\" content=\"https:\/\/www.facebook.com\/PressenzaItalia\" \/>\n<meta property=\"article:published_time\" content=\"2017-05-05T10:03:15+00:00\" \/>\n<meta property=\"article:modified_time\" content=\"2017-05-05T17:17:02+00:00\" \/>\n<meta property=\"og:image\" content=\"https:\/\/www.pressenza.com\/wp-content\/uploads\/2017\/05\/presidenziali-francesi-secondo-turno.jpg\" \/>\n\t<meta property=\"og:image:width\" content=\"800\" \/>\n\t<meta property=\"og:image:height\" content=\"428\" \/>\n\t<meta property=\"og:image:type\" content=\"image\/jpeg\" \/>\n<meta name=\"author\" content=\"Francesco Cecchini\" \/>\n<meta name=\"twitter:card\" content=\"summary_large_image\" \/>\n<meta name=\"twitter:creator\" content=\"@PressenzaIPA\" \/>\n<meta name=\"twitter:site\" content=\"@PressenzaIPA\" \/>\n<meta name=\"twitter:label1\" content=\"Scritto da\" \/>\n\t<meta name=\"twitter:data1\" content=\"Francesco Cecchini\" \/>\n\t<meta name=\"twitter:label2\" content=\"Tempo di lettura stimato\" \/>\n\t<meta name=\"twitter:data2\" content=\"2 minuti\" \/>\n<script type=\"application\/ld+json\" class=\"yoast-schema-graph\">{\"@context\":\"https:\/\/schema.org\",\"@graph\":[{\"@type\":\"Article\",\"@id\":\"https:\/\/www.pressenza.com\/it\/2017\/05\/presidenziali-francesi-secondo-turno\/#article\",\"isPartOf\":{\"@id\":\"https:\/\/www.pressenza.com\/it\/2017\/05\/presidenziali-francesi-secondo-turno\/\"},\"author\":{\"name\":\"Francesco Cecchini\",\"@id\":\"https:\/\/www.pressenza.com\/it\/#\/schema\/person\/921a58376e7663992b698cbe6e394c53\"},\"headline\":\"Presidenziali francesi, secondo turno\",\"datePublished\":\"2017-05-05T10:03:15+00:00\",\"dateModified\":\"2017-05-05T17:17:02+00:00\",\"mainEntityOfPage\":{\"@id\":\"https:\/\/www.pressenza.com\/it\/2017\/05\/presidenziali-francesi-secondo-turno\/\"},\"wordCount\":385,\"publisher\":{\"@id\":\"https:\/\/www.pressenza.com\/it\/#organization\"},\"image\":{\"@id\":\"https:\/\/www.pressenza.com\/it\/2017\/05\/presidenziali-francesi-secondo-turno\/#primaryimage\"},\"thumbnailUrl\":\"https:\/\/www.pressenza.com\/wp-content\/uploads\/2017\/05\/presidenziali-francesi-secondo-turno.jpg\",\"keywords\":[\"elezioni\",\"elezioni presidenziali 2017\",\"Europa\",\"Jean-Luc M\u00e9lenchon\",\"Macron\",\"Marine Le Pen\",\"Presidenziali Francia\",\"secondo turno presidenziali\",\"Unione Europea\"],\"articleSection\":[\"Europa\",\"Opinioni\",\"Politica\",\"Questioni internazionali\"],\"inLanguage\":\"it-IT\"},{\"@type\":\"WebPage\",\"@id\":\"https:\/\/www.pressenza.com\/it\/2017\/05\/presidenziali-francesi-secondo-turno\/\",\"url\":\"https:\/\/www.pressenza.com\/it\/2017\/05\/presidenziali-francesi-secondo-turno\/\",\"name\":\"Presidenziali francesi, secondo turno\",\"isPartOf\":{\"@id\":\"https:\/\/www.pressenza.com\/it\/#website\"},\"primaryImageOfPage\":{\"@id\":\"https:\/\/www.pressenza.com\/it\/2017\/05\/presidenziali-francesi-secondo-turno\/#primaryimage\"},\"image\":{\"@id\":\"https:\/\/www.pressenza.com\/it\/2017\/05\/presidenziali-francesi-secondo-turno\/#primaryimage\"},\"thumbnailUrl\":\"https:\/\/www.pressenza.com\/wp-content\/uploads\/2017\/05\/presidenziali-francesi-secondo-turno.jpg\",\"datePublished\":\"2017-05-05T10:03:15+00:00\",\"dateModified\":\"2017-05-05T17:17:02+00:00\",\"description\":\"Con tre ore di dibattito televisivo, lo scontro elettorale tra Marine Le Pen ed Emanuel Macron per diventare Presidente della Francia sembra essere\",\"breadcrumb\":{\"@id\":\"https:\/\/www.pressenza.com\/it\/2017\/05\/presidenziali-francesi-secondo-turno\/#breadcrumb\"},\"inLanguage\":\"it-IT\",\"potentialAction\":[{\"@type\":\"ReadAction\",\"target\":[\"https:\/\/www.pressenza.com\/it\/2017\/05\/presidenziali-francesi-secondo-turno\/\"]}]},{\"@type\":\"ImageObject\",\"inLanguage\":\"it-IT\",\"@id\":\"https:\/\/www.pressenza.com\/it\/2017\/05\/presidenziali-francesi-secondo-turno\/#primaryimage\",\"url\":\"https:\/\/www.pressenza.com\/wp-content\/uploads\/2017\/05\/presidenziali-francesi-secondo-turno.jpg\",\"contentUrl\":\"https:\/\/www.pressenza.com\/wp-content\/uploads\/2017\/05\/presidenziali-francesi-secondo-turno.jpg\",\"width\":800,\"height\":428,\"caption\":\"presidenziali francesi\"},{\"@type\":\"BreadcrumbList\",\"@id\":\"https:\/\/www.pressenza.com\/it\/2017\/05\/presidenziali-francesi-secondo-turno\/#breadcrumb\",\"itemListElement\":[{\"@type\":\"ListItem\",\"position\":1,\"name\":\"Accueil\",\"item\":\"https:\/\/www.pressenza.com\/it\/\"},{\"@type\":\"ListItem\",\"position\":2,\"name\":\"Presidenziali francesi, secondo turno\"}]},{\"@type\":\"WebSite\",\"@id\":\"https:\/\/www.pressenza.com\/it\/#website\",\"url\":\"https:\/\/www.pressenza.com\/it\/\",\"name\":\"Pressenza\",\"description\":\"Agenzia di Stampa Internazionale\",\"publisher\":{\"@id\":\"https:\/\/www.pressenza.com\/it\/#organization\"},\"potentialAction\":[{\"@type\":\"SearchAction\",\"target\":{\"@type\":\"EntryPoint\",\"urlTemplate\":\"https:\/\/www.pressenza.com\/it\/?s={search_term_string}\"},\"query-input\":{\"@type\":\"PropertyValueSpecification\",\"valueRequired\":true,\"valueName\":\"search_term_string\"}}],\"inLanguage\":\"it-IT\"},{\"@type\":\"Organization\",\"@id\":\"https:\/\/www.pressenza.com\/it\/#organization\",\"name\":\"Pressenza\",\"url\":\"https:\/\/www.pressenza.com\/it\/\",\"logo\":{\"@type\":\"ImageObject\",\"inLanguage\":\"it-IT\",\"@id\":\"https:\/\/www.pressenza.com\/it\/#\/schema\/logo\/image\/\",\"url\":\"https:\/\/www.pressenza.com\/wp-content\/uploads\/2022\/10\/pressenza_logo_200x200.jpg\",\"contentUrl\":\"https:\/\/www.pressenza.com\/wp-content\/uploads\/2022\/10\/pressenza_logo_200x200.jpg\",\"width\":200,\"height\":200,\"caption\":\"Pressenza\"},\"image\":{\"@id\":\"https:\/\/www.pressenza.com\/it\/#\/schema\/logo\/image\/\"},\"sameAs\":[\"https:\/\/www.facebook.com\/PressenzaItalia\",\"https:\/\/x.com\/PressenzaIPA\"]},{\"@type\":\"Person\",\"@id\":\"https:\/\/www.pressenza.com\/it\/#\/schema\/person\/921a58376e7663992b698cbe6e394c53\",\"name\":\"Francesco Cecchini\",\"url\":\"https:\/\/www.pressenza.com\/it\/author\/francesco-cecchini\/\"}]}<\/script>\n<!-- \/ Yoast SEO plugin. -->","yoast_head_json":{"title":"Presidenziali francesi, secondo turno","description":"Con tre ore di dibattito televisivo, lo scontro elettorale tra Marine Le Pen ed Emanuel Macron per diventare Presidente della Francia sembra essere","robots":{"index":"index","follow":"follow","max-snippet":"max-snippet:-1","max-image-preview":"max-image-preview:large","max-video-preview":"max-video-preview:-1"},"canonical":"https:\/\/www.pressenza.com\/it\/2017\/05\/presidenziali-francesi-secondo-turno\/","og_locale":"it_IT","og_type":"article","og_title":"Presidenziali francesi, secondo turno","og_description":"Con tre ore di dibattito televisivo, lo scontro elettorale tra Marine Le Pen ed Emanuel Macron per diventare Presidente della Francia sembra essere","og_url":"https:\/\/www.pressenza.com\/it\/2017\/05\/presidenziali-francesi-secondo-turno\/","og_site_name":"Pressenza","article_publisher":"https:\/\/www.facebook.com\/PressenzaItalia","article_published_time":"2017-05-05T10:03:15+00:00","article_modified_time":"2017-05-05T17:17:02+00:00","og_image":[{"width":800,"height":428,"url":"https:\/\/www.pressenza.com\/wp-content\/uploads\/2017\/05\/presidenziali-francesi-secondo-turno.jpg","type":"image\/jpeg"}],"author":"Francesco Cecchini","twitter_card":"summary_large_image","twitter_creator":"@PressenzaIPA","twitter_site":"@PressenzaIPA","twitter_misc":{"Scritto da":"Francesco Cecchini","Tempo di lettura stimato":"2 minuti"},"schema":{"@context":"https:\/\/schema.org","@graph":[{"@type":"Article","@id":"https:\/\/www.pressenza.com\/it\/2017\/05\/presidenziali-francesi-secondo-turno\/#article","isPartOf":{"@id":"https:\/\/www.pressenza.com\/it\/2017\/05\/presidenziali-francesi-secondo-turno\/"},"author":{"name":"Francesco Cecchini","@id":"https:\/\/www.pressenza.com\/it\/#\/schema\/person\/921a58376e7663992b698cbe6e394c53"},"headline":"Presidenziali francesi, secondo turno","datePublished":"2017-05-05T10:03:15+00:00","dateModified":"2017-05-05T17:17:02+00:00","mainEntityOfPage":{"@id":"https:\/\/www.pressenza.com\/it\/2017\/05\/presidenziali-francesi-secondo-turno\/"},"wordCount":385,"publisher":{"@id":"https:\/\/www.pressenza.com\/it\/#organization"},"image":{"@id":"https:\/\/www.pressenza.com\/it\/2017\/05\/presidenziali-francesi-secondo-turno\/#primaryimage"},"thumbnailUrl":"https:\/\/www.pressenza.com\/wp-content\/uploads\/2017\/05\/presidenziali-francesi-secondo-turno.jpg","keywords":["elezioni","elezioni presidenziali 2017","Europa","Jean-Luc M\u00e9lenchon","Macron","Marine Le Pen","Presidenziali Francia","secondo turno presidenziali","Unione Europea"],"articleSection":["Europa","Opinioni","Politica","Questioni internazionali"],"inLanguage":"it-IT"},{"@type":"WebPage","@id":"https:\/\/www.pressenza.com\/it\/2017\/05\/presidenziali-francesi-secondo-turno\/","url":"https:\/\/www.pressenza.com\/it\/2017\/05\/presidenziali-francesi-secondo-turno\/","name":"Presidenziali francesi, secondo turno","isPartOf":{"@id":"https:\/\/www.pressenza.com\/it\/#website"},"primaryImageOfPage":{"@id":"https:\/\/www.pressenza.com\/it\/2017\/05\/presidenziali-francesi-secondo-turno\/#primaryimage"},"image":{"@id":"https:\/\/www.pressenza.com\/it\/2017\/05\/presidenziali-francesi-secondo-turno\/#primaryimage"},"thumbnailUrl":"https:\/\/www.pressenza.com\/wp-content\/uploads\/2017\/05\/presidenziali-francesi-secondo-turno.jpg","datePublished":"2017-05-05T10:03:15+00:00","dateModified":"2017-05-05T17:17:02+00:00","description":"Con tre ore di dibattito televisivo, lo scontro elettorale tra Marine Le Pen ed Emanuel Macron per diventare Presidente della Francia sembra essere","breadcrumb":{"@id":"https:\/\/www.pressenza.com\/it\/2017\/05\/presidenziali-francesi-secondo-turno\/#breadcrumb"},"inLanguage":"it-IT","potentialAction":[{"@type":"ReadAction","target":["https:\/\/www.pressenza.com\/it\/2017\/05\/presidenziali-francesi-secondo-turno\/"]}]},{"@type":"ImageObject","inLanguage":"it-IT","@id":"https:\/\/www.pressenza.com\/it\/2017\/05\/presidenziali-francesi-secondo-turno\/#primaryimage","url":"https:\/\/www.pressenza.com\/wp-content\/uploads\/2017\/05\/presidenziali-francesi-secondo-turno.jpg","contentUrl":"https:\/\/www.pressenza.com\/wp-content\/uploads\/2017\/05\/presidenziali-francesi-secondo-turno.jpg","width":800,"height":428,"caption":"presidenziali francesi"},{"@type":"BreadcrumbList","@id":"https:\/\/www.pressenza.com\/it\/2017\/05\/presidenziali-francesi-secondo-turno\/#breadcrumb","itemListElement":[{"@type":"ListItem","position":1,"name":"Accueil","item":"https:\/\/www.pressenza.com\/it\/"},{"@type":"ListItem","position":2,"name":"Presidenziali francesi, secondo turno"}]},{"@type":"WebSite","@id":"https:\/\/www.pressenza.com\/it\/#website","url":"https:\/\/www.pressenza.com\/it\/","name":"Pressenza","description":"Agenzia di Stampa Internazionale","publisher":{"@id":"https:\/\/www.pressenza.com\/it\/#organization"},"potentialAction":[{"@type":"SearchAction","target":{"@type":"EntryPoint","urlTemplate":"https:\/\/www.pressenza.com\/it\/?s={search_term_string}"},"query-input":{"@type":"PropertyValueSpecification","valueRequired":true,"valueName":"search_term_string"}}],"inLanguage":"it-IT"},{"@type":"Organization","@id":"https:\/\/www.pressenza.com\/it\/#organization","name":"Pressenza","url":"https:\/\/www.pressenza.com\/it\/","logo":{"@type":"ImageObject","inLanguage":"it-IT","@id":"https:\/\/www.pressenza.com\/it\/#\/schema\/logo\/image\/","url":"https:\/\/www.pressenza.com\/wp-content\/uploads\/2022\/10\/pressenza_logo_200x200.jpg","contentUrl":"https:\/\/www.pressenza.com\/wp-content\/uploads\/2022\/10\/pressenza_logo_200x200.jpg","width":200,"height":200,"caption":"Pressenza"},"image":{"@id":"https:\/\/www.pressenza.com\/it\/#\/schema\/logo\/image\/"},"sameAs":["https:\/\/www.facebook.com\/PressenzaItalia","https:\/\/x.com\/PressenzaIPA"]},{"@type":"Person","@id":"https:\/\/www.pressenza.com\/it\/#\/schema\/person\/921a58376e7663992b698cbe6e394c53","name":"Francesco Cecchini","url":"https:\/\/www.pressenza.com\/it\/author\/francesco-cecchini\/"}]}},"place":"","original_article_url":"","_links":{"self":[{"href":"https:\/\/www.pressenza.com\/it\/wp-json\/wp\/v2\/posts\/461286","targetHints":{"allow":["GET"]}}],"collection":[{"href":"https:\/\/www.pressenza.com\/it\/wp-json\/wp\/v2\/posts"}],"about":[{"href":"https:\/\/www.pressenza.com\/it\/wp-json\/wp\/v2\/types\/post"}],"author":[{"embeddable":true,"href":"https:\/\/www.pressenza.com\/it\/wp-json\/wp\/v2\/users\/1190"}],"replies":[{"embeddable":true,"href":"https:\/\/www.pressenza.com\/it\/wp-json\/wp\/v2\/comments?post=461286"}],"version-history":[{"count":0,"href":"https:\/\/www.pressenza.com\/it\/wp-json\/wp\/v2\/posts\/461286\/revisions"}],"wp:featuredmedia":[{"embeddable":true,"href":"https:\/\/www.pressenza.com\/it\/wp-json\/wp\/v2\/media\/461298"}],"wp:attachment":[{"href":"https:\/\/www.pressenza.com\/it\/wp-json\/wp\/v2\/media?parent=461286"}],"wp:term":[{"taxonomy":"category","embeddable":true,"href":"https:\/\/www.pressenza.com\/it\/wp-json\/wp\/v2\/categories?post=461286"},{"taxonomy":"post_tag","embeddable":true,"href":"https:\/\/www.pressenza.com\/it\/wp-json\/wp\/v2\/tags?post=461286"}],"curies":[{"name":"wp","href":"https:\/\/api.w.org\/{rel}","templated":true}]}}