{"id":458756,"date":"2017-04-28T14:37:03","date_gmt":"2017-04-28T13:37:03","guid":{"rendered":"https:\/\/www.pressenza.com\/?p=458756\/"},"modified":"2017-04-28T14:43:30","modified_gmt":"2017-04-28T13:43:30","slug":"ventimiglia-non-si-puo-perseguire-la-solidarieta","status":"publish","type":"post","link":"https:\/\/www.pressenza.com\/it\/2017\/04\/ventimiglia-non-si-puo-perseguire-la-solidarieta\/","title":{"rendered":"Ventimiglia: non si pu\u00f2 perseguire la solidariet\u00e0"},"content":{"rendered":"<p><strong>Buona notizia il ritiro dell&#8217;ordinanza. Ora ci auguriamo assoluzione di F\u00e9lix Croft.<\/strong><\/p>\n<p>&#8220;La revoca dell&#8217;ordinanza che vietava di distribuire cibo ai migranti a Ventimiglia \u00e8 un&#8217;ottima notizia. Non si pu\u00f2 utilizzare il diritto per perseguire la solidariet\u00e0, in qualsiasi modo essa si manifesti&#8221;. A dirlo \u00e8 Patrizio Gonnella, presidente di Antigone a seguito della pubblicazione sull&#8217;albo pretorio della citt\u00e0 ligure della revoca del divieto.<\/p>\n<p>Il caso era balzato all&#8217;attenzione della cronaca circa un mese fa, a seguito di un comunicato della nostra associazione cui era stato segnalato il fatto che tre persone &#8211; tutte francesi &#8211; erano state fermate e denunciate proprio per aver dato del cibo ai migranti. Oltre a segnalare pubblicamente l&#8217;accaduto Antigone si \u00e8 fatta carico della difesa legale dei tre che, nonostante la revoca dell&#8217;ordinanza, vedono le accuse contro di loro rimanere in piedi.<br \/>\nProprio per protestare contro questa ordinanza e la criminalizzazione della solidariet\u00e0, numerose organizzazioni della societ\u00e0 civile e personalit\u00e0 pubbliche avevano organizzato una manifestazione a Ventimiglia per il prossimo 30 aprile.<\/p>\n<p>&#8220;L&#8217;ordinanza &#8211; sottolinea Patrizio Gonnella &#8211; non era tuttavia l&#8217;unica criticit\u00e0 emersa negli ultimi tempi sul confine Italia-Francia. Il 27 aprile il Tribunale di Imperia dovr\u00e0 pronunciarsi nel caso che riguarda F\u00e9lix Croft, un giovane francese per il quale l&#8217;accusa ha chiesto 3 anni e 4 mesi per aver tentato di aiutare una famiglia di sudanesi (una donna incinta, due uomini e due bambini di 2 e 5 anni) ha passare il confine verso la Francia.<br \/>\nAnche in questo caso &#8211; prosegue il presidente di Antigone &#8211; ad essere sotto processo \u00e8 un gesto di solidariet\u00e0 e umanit\u00e0. Ci auguriamo che il giudice riconosca la causa di necessit\u00e0 assolvendo l&#8217;imputato da ogni capo di accusa&#8221;.<\/p>\n<p>Fonte: Comunicato Associazione Antigone <em><span style=\"color: #226e16;\">www.associazioneantigone.it<\/span><\/em><\/p>\n","protected":false},"excerpt":{"rendered":"<p>Buona notizia il ritiro dell&#8217;ordinanza. Ora ci auguriamo assoluzione di F\u00e9lix Croft. &#8220;La revoca dell&#8217;ordinanza che vietava di distribuire cibo ai migranti a Ventimiglia \u00e8 un&#8217;ottima notizia. Non si pu\u00f2 utilizzare il diritto per perseguire la solidariet\u00e0, in qualsiasi modo&hellip;<\/p>\n","protected":false},"author":594,"featured_media":458759,"comment_status":"closed","ping_status":"closed","sticky":false,"template":"","format":"standard","meta":{"footnotes":""},"categories":[150,47,1261],"tags":[14103,3420,1634,27613],"class_list":["post-458756","post","type-post","status-publish","format-standard","has-post-thumbnail","hentry","category-comunicati-stampa","category-europa","category-diversita","tag-associazione-antigone","tag-rifugiati","tag-solidarieta","tag-ventimiglia"],"yoast_head":"<!-- This site is optimized with the Yoast SEO plugin v27.1.1 - https:\/\/yoast.com\/product\/yoast-seo-wordpress\/ -->\n<title>Ventimiglia: non si pu\u00f2 perseguire la solidariet\u00e0<\/title>\n<meta name=\"description\" content=\"Buona notizia il ritiro dell&#039;ordinanza. Ora ci auguriamo assoluzione di F\u00e9lix Croft. &quot;La revoca dell&#039;ordinanza che vietava di distribuire cibo ai migranti\" \/>\n<meta name=\"robots\" content=\"index, follow, max-snippet:-1, max-image-preview:large, max-video-preview:-1\" \/>\n<link rel=\"canonical\" href=\"https:\/\/www.pressenza.com\/it\/2017\/04\/ventimiglia-non-si-puo-perseguire-la-solidarieta\/\" \/>\n<meta property=\"og:locale\" content=\"it_IT\" \/>\n<meta property=\"og:type\" content=\"article\" \/>\n<meta property=\"og:title\" content=\"Ventimiglia: non si pu\u00f2 perseguire la solidariet\u00e0\" \/>\n<meta property=\"og:description\" content=\"Buona notizia il ritiro dell&#039;ordinanza. Ora ci auguriamo assoluzione di F\u00e9lix Croft. &quot;La revoca dell&#039;ordinanza che vietava di distribuire cibo ai migranti\" \/>\n<meta property=\"og:url\" content=\"https:\/\/www.pressenza.com\/it\/2017\/04\/ventimiglia-non-si-puo-perseguire-la-solidarieta\/\" \/>\n<meta property=\"og:site_name\" content=\"Pressenza\" \/>\n<meta property=\"article:publisher\" content=\"https:\/\/www.facebook.com\/PressenzaItalia\" \/>\n<meta property=\"article:author\" content=\"https:\/\/www.facebook.com\/PressenzaItalia\" \/>\n<meta property=\"article:published_time\" content=\"2017-04-28T13:37:03+00:00\" \/>\n<meta property=\"article:modified_time\" content=\"2017-04-28T13:43:30+00:00\" \/>\n<meta property=\"og:image\" content=\"https:\/\/www.pressenza.com\/wp-content\/uploads\/2017\/04\/ventimiglia-765x510.jpg\" \/>\n\t<meta property=\"og:image:width\" content=\"765\" \/>\n\t<meta property=\"og:image:height\" content=\"510\" \/>\n\t<meta property=\"og:image:type\" content=\"image\/jpeg\" \/>\n<meta name=\"author\" content=\"Redazione Italia\" \/>\n<meta name=\"twitter:card\" content=\"summary_large_image\" \/>\n<meta name=\"twitter:creator\" content=\"@pressenza_it\" \/>\n<meta name=\"twitter:site\" content=\"@PressenzaIPA\" \/>\n<meta name=\"twitter:label1\" content=\"Scritto da\" \/>\n\t<meta name=\"twitter:data1\" content=\"Redazione Italia\" \/>\n\t<meta name=\"twitter:label2\" content=\"Tempo di lettura stimato\" \/>\n\t<meta name=\"twitter:data2\" content=\"1 minuto\" \/>\n<script type=\"application\/ld+json\" class=\"yoast-schema-graph\">{\"@context\":\"https:\/\/schema.org\",\"@graph\":[{\"@type\":\"Article\",\"@id\":\"https:\/\/www.pressenza.com\/it\/2017\/04\/ventimiglia-non-si-puo-perseguire-la-solidarieta\/#article\",\"isPartOf\":{\"@id\":\"https:\/\/www.pressenza.com\/it\/2017\/04\/ventimiglia-non-si-puo-perseguire-la-solidarieta\/\"},\"author\":{\"name\":\"Redazione Italia\",\"@id\":\"https:\/\/www.pressenza.com\/it\/#\/schema\/person\/d983e81827ae24f2c7b1a2123d197f8d\"},\"headline\":\"Ventimiglia: non si pu\u00f2 perseguire la solidariet\u00e0\",\"datePublished\":\"2017-04-28T13:37:03+00:00\",\"dateModified\":\"2017-04-28T13:43:30+00:00\",\"mainEntityOfPage\":{\"@id\":\"https:\/\/www.pressenza.com\/it\/2017\/04\/ventimiglia-non-si-puo-perseguire-la-solidarieta\/\"},\"wordCount\":300,\"publisher\":{\"@id\":\"https:\/\/www.pressenza.com\/it\/#organization\"},\"image\":{\"@id\":\"https:\/\/www.pressenza.com\/it\/2017\/04\/ventimiglia-non-si-puo-perseguire-la-solidarieta\/#primaryimage\"},\"thumbnailUrl\":\"https:\/\/www.pressenza.com\/wp-content\/uploads\/2017\/04\/ventimiglia-765x510.jpg\",\"keywords\":[\"Associazione Antigone\",\"rifugiati\",\"solidariet\u00e0\",\"Ventimiglia\"],\"articleSection\":[\"Comunicati Stampa\",\"Europa\",\"Non discriminazione\"],\"inLanguage\":\"it-IT\"},{\"@type\":\"WebPage\",\"@id\":\"https:\/\/www.pressenza.com\/it\/2017\/04\/ventimiglia-non-si-puo-perseguire-la-solidarieta\/\",\"url\":\"https:\/\/www.pressenza.com\/it\/2017\/04\/ventimiglia-non-si-puo-perseguire-la-solidarieta\/\",\"name\":\"Ventimiglia: non si pu\u00f2 perseguire la solidariet\u00e0\",\"isPartOf\":{\"@id\":\"https:\/\/www.pressenza.com\/it\/#website\"},\"primaryImageOfPage\":{\"@id\":\"https:\/\/www.pressenza.com\/it\/2017\/04\/ventimiglia-non-si-puo-perseguire-la-solidarieta\/#primaryimage\"},\"image\":{\"@id\":\"https:\/\/www.pressenza.com\/it\/2017\/04\/ventimiglia-non-si-puo-perseguire-la-solidarieta\/#primaryimage\"},\"thumbnailUrl\":\"https:\/\/www.pressenza.com\/wp-content\/uploads\/2017\/04\/ventimiglia-765x510.jpg\",\"datePublished\":\"2017-04-28T13:37:03+00:00\",\"dateModified\":\"2017-04-28T13:43:30+00:00\",\"description\":\"Buona notizia il ritiro dell'ordinanza. Ora ci auguriamo assoluzione di F\u00e9lix Croft. \\\"La revoca dell'ordinanza che vietava di distribuire cibo ai migranti\",\"breadcrumb\":{\"@id\":\"https:\/\/www.pressenza.com\/it\/2017\/04\/ventimiglia-non-si-puo-perseguire-la-solidarieta\/#breadcrumb\"},\"inLanguage\":\"it-IT\",\"potentialAction\":[{\"@type\":\"ReadAction\",\"target\":[\"https:\/\/www.pressenza.com\/it\/2017\/04\/ventimiglia-non-si-puo-perseguire-la-solidarieta\/\"]}]},{\"@type\":\"ImageObject\",\"inLanguage\":\"it-IT\",\"@id\":\"https:\/\/www.pressenza.com\/it\/2017\/04\/ventimiglia-non-si-puo-perseguire-la-solidarieta\/#primaryimage\",\"url\":\"https:\/\/www.pressenza.com\/wp-content\/uploads\/2017\/04\/ventimiglia-765x510.jpg\",\"contentUrl\":\"https:\/\/www.pressenza.com\/wp-content\/uploads\/2017\/04\/ventimiglia-765x510.jpg\",\"width\":765,\"height\":510},{\"@type\":\"BreadcrumbList\",\"@id\":\"https:\/\/www.pressenza.com\/it\/2017\/04\/ventimiglia-non-si-puo-perseguire-la-solidarieta\/#breadcrumb\",\"itemListElement\":[{\"@type\":\"ListItem\",\"position\":1,\"name\":\"Accueil\",\"item\":\"https:\/\/www.pressenza.com\/it\/\"},{\"@type\":\"ListItem\",\"position\":2,\"name\":\"Ventimiglia: non si pu\u00f2 perseguire la solidariet\u00e0\"}]},{\"@type\":\"WebSite\",\"@id\":\"https:\/\/www.pressenza.com\/it\/#website\",\"url\":\"https:\/\/www.pressenza.com\/it\/\",\"name\":\"Pressenza\",\"description\":\"Agenzia di Stampa Internazionale\",\"publisher\":{\"@id\":\"https:\/\/www.pressenza.com\/it\/#organization\"},\"potentialAction\":[{\"@type\":\"SearchAction\",\"target\":{\"@type\":\"EntryPoint\",\"urlTemplate\":\"https:\/\/www.pressenza.com\/it\/?s={search_term_string}\"},\"query-input\":{\"@type\":\"PropertyValueSpecification\",\"valueRequired\":true,\"valueName\":\"search_term_string\"}}],\"inLanguage\":\"it-IT\"},{\"@type\":\"Organization\",\"@id\":\"https:\/\/www.pressenza.com\/it\/#organization\",\"name\":\"Pressenza\",\"url\":\"https:\/\/www.pressenza.com\/it\/\",\"logo\":{\"@type\":\"ImageObject\",\"inLanguage\":\"it-IT\",\"@id\":\"https:\/\/www.pressenza.com\/it\/#\/schema\/logo\/image\/\",\"url\":\"https:\/\/www.pressenza.com\/wp-content\/uploads\/2022\/10\/pressenza_logo_200x200.jpg\",\"contentUrl\":\"https:\/\/www.pressenza.com\/wp-content\/uploads\/2022\/10\/pressenza_logo_200x200.jpg\",\"width\":200,\"height\":200,\"caption\":\"Pressenza\"},\"image\":{\"@id\":\"https:\/\/www.pressenza.com\/it\/#\/schema\/logo\/image\/\"},\"sameAs\":[\"https:\/\/www.facebook.com\/PressenzaItalia\",\"https:\/\/x.com\/PressenzaIPA\"]},{\"@type\":\"Person\",\"@id\":\"https:\/\/www.pressenza.com\/it\/#\/schema\/person\/d983e81827ae24f2c7b1a2123d197f8d\",\"name\":\"Redazione Italia\",\"description\":\"News from the Pressenza Bureau in Italy\",\"sameAs\":[\"https:\/\/www.pressenza.com\/it\/author\/redazione-italia\/\",\"https:\/\/www.facebook.com\/PressenzaItalia\",\"https:\/\/www.instagram.com\/pressenza_italia\/\",\"https:\/\/x.com\/pressenza_it\",\"https:\/\/www.youtube.com\/channel\/UCSalEIWjE1RSxkwjfftFuqg\"],\"url\":\"https:\/\/www.pressenza.com\/it\/author\/redazione-italia\/\"}]}<\/script>\n<!-- \/ Yoast SEO plugin. -->","yoast_head_json":{"title":"Ventimiglia: non si pu\u00f2 perseguire la solidariet\u00e0","description":"Buona notizia il ritiro dell'ordinanza. Ora ci auguriamo assoluzione di F\u00e9lix Croft. \"La revoca dell'ordinanza che vietava di distribuire cibo ai migranti","robots":{"index":"index","follow":"follow","max-snippet":"max-snippet:-1","max-image-preview":"max-image-preview:large","max-video-preview":"max-video-preview:-1"},"canonical":"https:\/\/www.pressenza.com\/it\/2017\/04\/ventimiglia-non-si-puo-perseguire-la-solidarieta\/","og_locale":"it_IT","og_type":"article","og_title":"Ventimiglia: non si pu\u00f2 perseguire la solidariet\u00e0","og_description":"Buona notizia il ritiro dell'ordinanza. Ora ci auguriamo assoluzione di F\u00e9lix Croft. \"La revoca dell'ordinanza che vietava di distribuire cibo ai migranti","og_url":"https:\/\/www.pressenza.com\/it\/2017\/04\/ventimiglia-non-si-puo-perseguire-la-solidarieta\/","og_site_name":"Pressenza","article_publisher":"https:\/\/www.facebook.com\/PressenzaItalia","article_author":"https:\/\/www.facebook.com\/PressenzaItalia","article_published_time":"2017-04-28T13:37:03+00:00","article_modified_time":"2017-04-28T13:43:30+00:00","og_image":[{"width":765,"height":510,"url":"https:\/\/www.pressenza.com\/wp-content\/uploads\/2017\/04\/ventimiglia-765x510.jpg","type":"image\/jpeg"}],"author":"Redazione Italia","twitter_card":"summary_large_image","twitter_creator":"@pressenza_it","twitter_site":"@PressenzaIPA","twitter_misc":{"Scritto da":"Redazione Italia","Tempo di lettura stimato":"1 minuto"},"schema":{"@context":"https:\/\/schema.org","@graph":[{"@type":"Article","@id":"https:\/\/www.pressenza.com\/it\/2017\/04\/ventimiglia-non-si-puo-perseguire-la-solidarieta\/#article","isPartOf":{"@id":"https:\/\/www.pressenza.com\/it\/2017\/04\/ventimiglia-non-si-puo-perseguire-la-solidarieta\/"},"author":{"name":"Redazione Italia","@id":"https:\/\/www.pressenza.com\/it\/#\/schema\/person\/d983e81827ae24f2c7b1a2123d197f8d"},"headline":"Ventimiglia: non si pu\u00f2 perseguire la solidariet\u00e0","datePublished":"2017-04-28T13:37:03+00:00","dateModified":"2017-04-28T13:43:30+00:00","mainEntityOfPage":{"@id":"https:\/\/www.pressenza.com\/it\/2017\/04\/ventimiglia-non-si-puo-perseguire-la-solidarieta\/"},"wordCount":300,"publisher":{"@id":"https:\/\/www.pressenza.com\/it\/#organization"},"image":{"@id":"https:\/\/www.pressenza.com\/it\/2017\/04\/ventimiglia-non-si-puo-perseguire-la-solidarieta\/#primaryimage"},"thumbnailUrl":"https:\/\/www.pressenza.com\/wp-content\/uploads\/2017\/04\/ventimiglia-765x510.jpg","keywords":["Associazione Antigone","rifugiati","solidariet\u00e0","Ventimiglia"],"articleSection":["Comunicati Stampa","Europa","Non discriminazione"],"inLanguage":"it-IT"},{"@type":"WebPage","@id":"https:\/\/www.pressenza.com\/it\/2017\/04\/ventimiglia-non-si-puo-perseguire-la-solidarieta\/","url":"https:\/\/www.pressenza.com\/it\/2017\/04\/ventimiglia-non-si-puo-perseguire-la-solidarieta\/","name":"Ventimiglia: non si pu\u00f2 perseguire la solidariet\u00e0","isPartOf":{"@id":"https:\/\/www.pressenza.com\/it\/#website"},"primaryImageOfPage":{"@id":"https:\/\/www.pressenza.com\/it\/2017\/04\/ventimiglia-non-si-puo-perseguire-la-solidarieta\/#primaryimage"},"image":{"@id":"https:\/\/www.pressenza.com\/it\/2017\/04\/ventimiglia-non-si-puo-perseguire-la-solidarieta\/#primaryimage"},"thumbnailUrl":"https:\/\/www.pressenza.com\/wp-content\/uploads\/2017\/04\/ventimiglia-765x510.jpg","datePublished":"2017-04-28T13:37:03+00:00","dateModified":"2017-04-28T13:43:30+00:00","description":"Buona notizia il ritiro dell'ordinanza. Ora ci auguriamo assoluzione di F\u00e9lix Croft. \"La revoca dell'ordinanza che vietava di distribuire cibo ai migranti","breadcrumb":{"@id":"https:\/\/www.pressenza.com\/it\/2017\/04\/ventimiglia-non-si-puo-perseguire-la-solidarieta\/#breadcrumb"},"inLanguage":"it-IT","potentialAction":[{"@type":"ReadAction","target":["https:\/\/www.pressenza.com\/it\/2017\/04\/ventimiglia-non-si-puo-perseguire-la-solidarieta\/"]}]},{"@type":"ImageObject","inLanguage":"it-IT","@id":"https:\/\/www.pressenza.com\/it\/2017\/04\/ventimiglia-non-si-puo-perseguire-la-solidarieta\/#primaryimage","url":"https:\/\/www.pressenza.com\/wp-content\/uploads\/2017\/04\/ventimiglia-765x510.jpg","contentUrl":"https:\/\/www.pressenza.com\/wp-content\/uploads\/2017\/04\/ventimiglia-765x510.jpg","width":765,"height":510},{"@type":"BreadcrumbList","@id":"https:\/\/www.pressenza.com\/it\/2017\/04\/ventimiglia-non-si-puo-perseguire-la-solidarieta\/#breadcrumb","itemListElement":[{"@type":"ListItem","position":1,"name":"Accueil","item":"https:\/\/www.pressenza.com\/it\/"},{"@type":"ListItem","position":2,"name":"Ventimiglia: non si pu\u00f2 perseguire la solidariet\u00e0"}]},{"@type":"WebSite","@id":"https:\/\/www.pressenza.com\/it\/#website","url":"https:\/\/www.pressenza.com\/it\/","name":"Pressenza","description":"Agenzia di Stampa Internazionale","publisher":{"@id":"https:\/\/www.pressenza.com\/it\/#organization"},"potentialAction":[{"@type":"SearchAction","target":{"@type":"EntryPoint","urlTemplate":"https:\/\/www.pressenza.com\/it\/?s={search_term_string}"},"query-input":{"@type":"PropertyValueSpecification","valueRequired":true,"valueName":"search_term_string"}}],"inLanguage":"it-IT"},{"@type":"Organization","@id":"https:\/\/www.pressenza.com\/it\/#organization","name":"Pressenza","url":"https:\/\/www.pressenza.com\/it\/","logo":{"@type":"ImageObject","inLanguage":"it-IT","@id":"https:\/\/www.pressenza.com\/it\/#\/schema\/logo\/image\/","url":"https:\/\/www.pressenza.com\/wp-content\/uploads\/2022\/10\/pressenza_logo_200x200.jpg","contentUrl":"https:\/\/www.pressenza.com\/wp-content\/uploads\/2022\/10\/pressenza_logo_200x200.jpg","width":200,"height":200,"caption":"Pressenza"},"image":{"@id":"https:\/\/www.pressenza.com\/it\/#\/schema\/logo\/image\/"},"sameAs":["https:\/\/www.facebook.com\/PressenzaItalia","https:\/\/x.com\/PressenzaIPA"]},{"@type":"Person","@id":"https:\/\/www.pressenza.com\/it\/#\/schema\/person\/d983e81827ae24f2c7b1a2123d197f8d","name":"Redazione Italia","description":"News from the Pressenza Bureau in Italy","sameAs":["https:\/\/www.pressenza.com\/it\/author\/redazione-italia\/","https:\/\/www.facebook.com\/PressenzaItalia","https:\/\/www.instagram.com\/pressenza_italia\/","https:\/\/x.com\/pressenza_it","https:\/\/www.youtube.com\/channel\/UCSalEIWjE1RSxkwjfftFuqg"],"url":"https:\/\/www.pressenza.com\/it\/author\/redazione-italia\/"}]}},"place":"","original_article_url":"","_links":{"self":[{"href":"https:\/\/www.pressenza.com\/it\/wp-json\/wp\/v2\/posts\/458756","targetHints":{"allow":["GET"]}}],"collection":[{"href":"https:\/\/www.pressenza.com\/it\/wp-json\/wp\/v2\/posts"}],"about":[{"href":"https:\/\/www.pressenza.com\/it\/wp-json\/wp\/v2\/types\/post"}],"author":[{"embeddable":true,"href":"https:\/\/www.pressenza.com\/it\/wp-json\/wp\/v2\/users\/594"}],"replies":[{"embeddable":true,"href":"https:\/\/www.pressenza.com\/it\/wp-json\/wp\/v2\/comments?post=458756"}],"version-history":[{"count":0,"href":"https:\/\/www.pressenza.com\/it\/wp-json\/wp\/v2\/posts\/458756\/revisions"}],"wp:featuredmedia":[{"embeddable":true,"href":"https:\/\/www.pressenza.com\/it\/wp-json\/wp\/v2\/media\/458759"}],"wp:attachment":[{"href":"https:\/\/www.pressenza.com\/it\/wp-json\/wp\/v2\/media?parent=458756"}],"wp:term":[{"taxonomy":"category","embeddable":true,"href":"https:\/\/www.pressenza.com\/it\/wp-json\/wp\/v2\/categories?post=458756"},{"taxonomy":"post_tag","embeddable":true,"href":"https:\/\/www.pressenza.com\/it\/wp-json\/wp\/v2\/tags?post=458756"}],"curies":[{"name":"wp","href":"https:\/\/api.w.org\/{rel}","templated":true}]}}