{"id":456168,"date":"2017-04-21T13:00:16","date_gmt":"2017-04-21T12:00:16","guid":{"rendered":"https:\/\/www.pressenza.com\/?p=456168\/"},"modified":"2017-04-22T18:39:32","modified_gmt":"2017-04-22T17:39:32","slug":"gesualdi-avviciniamoci-don-milani-rispettando-suo-spirito","status":"publish","type":"post","link":"https:\/\/www.pressenza.com\/it\/2017\/04\/gesualdi-avviciniamoci-don-milani-rispettando-suo-spirito\/","title":{"rendered":"Gesualdi: &#8220;Avviciniamoci a don Milani rispettando il suo spirito&#8221;"},"content":{"rendered":"<p><em>Riceviamo in redazione e volentieri pubblichiamo un comunicato stampa di Francuccio e Michele Gesualdi, allievi della scuola di Barbiana, che vuole essere una risposta indiretta a chi negli ultimi giorni si avvicina in maniera grossolana a don Lorenzo Milani<\/em><\/p>\n<p>&nbsp;<\/p>\n<p>Quest\u2019anno, in cui ricorre il cinquantesimo dalla sua morte, sentiamo il bisogno di esprimere quello che a nostro avviso \u00e8 il modo giusto di avvicinarsi a don Lorenzo Milani rispettando il suo spirito.<\/p>\n<p>Crediamo che di fronte ad una persona che come lui ha lasciato un segno nella storia, l\u2019unico atteggiamento corretto \u00e8 capire cosa ha ancora di importante da dirci, per assumerci le nostre responsabilit\u00e0. Ossia per chiederci come applicare nel nostro tempo la sua proposta intramontabile.<\/p>\n<p>Don Lorenzo ha speso la sua vita per ridare dignit\u00e0 ai contadini e agli operai, che a causa della propria inferiorit\u00e0 culturale, erano umiliati, oppressi e saccheggiati da imprenditori, proprietari terrieri e ogni sorta di profittatori.<\/p>\n<p>La sua dedizione per quelli che Papa Bergoglio definisce \u201cscartati\u201d \u00e8 stata totale. Non desiderando nient\u2019altro che il bene dei suoi allievi, anche il suo amore \u00e8 stato totale. Fino a fargli dimenticare se stesso. Bench\u00e9 cresciuto in ambiente borghese immerso nella cultura, don Lorenzo non coltivava interessi personali, non faceva letture per il proprio piacere, non studiava per la propria erudizione. Viveva solo per noi: leggeva con noi, scriveva con noi, accoglieva i visitatori con noi. Con un solo obiettivo: elevarci culturalmente per vederci crescere liberi. Si interrogava continuamente chiedendosi come potesse rispondere al problema particolare che presentava ciascuno di noi. In particolare i pi\u00f9 indietro. Voleva cos\u00ec intensamente il nostro bene, da essere stato costretto a riconoscerlo in punto di morte: \u201cHo voluto pi\u00f9 bene a voi che a Dio\u201d.<\/p>\n<p>Avendo un rispetto sacrale del tempo, delle persone e del pensiero, detestava la superficialit\u00e0, i giudizi avventati, il parlare e lo scrivere fine a stesso, perseguito al solo scopo di mettere in mostra la propria persona o di servire il proprio tornaconto. Ci insegnava a usare il sapere per la nostra dignit\u00e0 personale, per esercitare la sovranit\u00e0 insieme agli altri, per fare trionfare il bene comune.<\/p>\n<p>Concepiva le idee e le esperienze come processi collettivi di ricerca della verit\u00e0 non riconducibili a nessuna persona specifica. Per questo detestava ogni forma di personalismo, sia sotto forma di culto della personalit\u00e0 che di denigrazione. Convinto che le idee e le esperienze sono sempre il risultato di cammini collettivi, di incontri fra persone, culture, storie, il suo desiderio era scomparire come persona. La verit\u00e0 non \u00e8 propriet\u00e0 privata di nessuno, n\u00e9 richiede meriti particolari per essere perseguita.<\/p>\n<p>Di fronte ad uomo di questa levatura, che ha dato prova di essere autentico uomo di Dio illuminato dal Vangelo, l\u2019unico atteggiamento possibile \u00e8 quello del rispetto e della ricerca scrupolosa. Ogni etichetta a lui lontanissima, attribuita leggendo frasi sparse, avulse dal loro contesto, \u00e8 un\u2019offesa, prima ancora che a lui, alla correttezza intellettuale.<\/p>\n<p>&nbsp;<\/p>\n<p>Francuccio e Michele Gesualdi<\/p>\n<p>21 aprile 2017<\/p>\n","protected":false},"excerpt":{"rendered":"<p>Riceviamo in redazione e volentieri pubblichiamo un comunicato stampa di Francuccio e Michele Gesualdi, allievi della scuola di Barbiana, che vuole essere una risposta indiretta a chi negli ultimi giorni si avvicina in maniera grossolana a don Lorenzo Milani &nbsp;&hellip;<\/p>\n","protected":false},"author":999,"featured_media":456188,"comment_status":"closed","ping_status":"closed","sticky":false,"template":"","format":"standard","meta":{"footnotes":""},"categories":[150,11388,56,47,162],"tags":[36744,16228,17676,8475,887,36746,460,36745,36742,36743],"class_list":["post-456168","post","type-post","status-publish","format-standard","has-post-thumbnail","hentry","category-comunicati-stampa","category-contenuti-originali","category-cultura","category-europa","category-opinioni","tag-bruciare-tutto","tag-comunita-don-milani","tag-don-milani","tag-francuccio-gesualdi","tag-libri","tag-michele-gesualdi","tag-nonviolenza","tag-polemiche","tag-scuola-di-barbiana","tag-walter-siti"],"yoast_head":"<!-- This site is optimized with the Yoast SEO plugin v27.1.1 - https:\/\/yoast.com\/product\/yoast-seo-wordpress\/ -->\n<title>Gesualdi: &quot;Avviciniamoci a don Milani rispettando il suo spirito&quot;<\/title>\n<meta name=\"description\" content=\"Riceviamo in redazione e volentieri pubblichiamo un comunicato stampa di Francuccio e Michele Gesualdi, allievi della scuola di Barbiana, che vuole essere\" \/>\n<meta name=\"robots\" content=\"index, follow, max-snippet:-1, max-image-preview:large, max-video-preview:-1\" \/>\n<link rel=\"canonical\" href=\"https:\/\/www.pressenza.com\/it\/2017\/04\/gesualdi-avviciniamoci-don-milani-rispettando-suo-spirito\/\" \/>\n<meta property=\"og:locale\" content=\"it_IT\" \/>\n<meta property=\"og:type\" content=\"article\" \/>\n<meta property=\"og:title\" content=\"Gesualdi: &quot;Avviciniamoci a don Milani rispettando il suo spirito&quot;\" \/>\n<meta property=\"og:description\" content=\"Riceviamo in redazione e volentieri pubblichiamo un comunicato stampa di Francuccio e Michele Gesualdi, allievi della scuola di Barbiana, che vuole essere\" \/>\n<meta property=\"og:url\" content=\"https:\/\/www.pressenza.com\/it\/2017\/04\/gesualdi-avviciniamoci-don-milani-rispettando-suo-spirito\/\" \/>\n<meta property=\"og:site_name\" content=\"Pressenza\" \/>\n<meta property=\"article:publisher\" content=\"https:\/\/www.facebook.com\/PressenzaItalia\" \/>\n<meta property=\"article:published_time\" content=\"2017-04-21T12:00:16+00:00\" \/>\n<meta property=\"article:modified_time\" content=\"2017-04-22T17:39:32+00:00\" \/>\n<meta property=\"og:image\" content=\"https:\/\/www.pressenza.com\/wp-content\/uploads\/2017\/04\/800px-Don_milani.jpg\" \/>\n\t<meta property=\"og:image:width\" content=\"750\" \/>\n\t<meta property=\"og:image:height\" content=\"450\" \/>\n\t<meta property=\"og:image:type\" content=\"image\/jpeg\" \/>\n<meta name=\"author\" content=\"Francesco Gesualdi\" \/>\n<meta name=\"twitter:card\" content=\"summary_large_image\" \/>\n<meta name=\"twitter:creator\" content=\"@PressenzaIPA\" \/>\n<meta name=\"twitter:site\" content=\"@PressenzaIPA\" \/>\n<meta name=\"twitter:label1\" content=\"Scritto da\" \/>\n\t<meta name=\"twitter:data1\" content=\"Francesco Gesualdi\" \/>\n\t<meta name=\"twitter:label2\" content=\"Tempo di lettura stimato\" \/>\n\t<meta name=\"twitter:data2\" content=\"2 minuti\" \/>\n<script type=\"application\/ld+json\" class=\"yoast-schema-graph\">{\"@context\":\"https:\/\/schema.org\",\"@graph\":[{\"@type\":\"Article\",\"@id\":\"https:\/\/www.pressenza.com\/it\/2017\/04\/gesualdi-avviciniamoci-don-milani-rispettando-suo-spirito\/#article\",\"isPartOf\":{\"@id\":\"https:\/\/www.pressenza.com\/it\/2017\/04\/gesualdi-avviciniamoci-don-milani-rispettando-suo-spirito\/\"},\"author\":{\"name\":\"Francesco Gesualdi\",\"@id\":\"https:\/\/www.pressenza.com\/it\/#\/schema\/person\/917a3e02e872b079ec9f4bdf7fe2b93d\"},\"headline\":\"Gesualdi: &#8220;Avviciniamoci a don Milani rispettando il suo spirito&#8221;\",\"datePublished\":\"2017-04-21T12:00:16+00:00\",\"dateModified\":\"2017-04-22T17:39:32+00:00\",\"mainEntityOfPage\":{\"@id\":\"https:\/\/www.pressenza.com\/it\/2017\/04\/gesualdi-avviciniamoci-don-milani-rispettando-suo-spirito\/\"},\"wordCount\":497,\"publisher\":{\"@id\":\"https:\/\/www.pressenza.com\/it\/#organization\"},\"image\":{\"@id\":\"https:\/\/www.pressenza.com\/it\/2017\/04\/gesualdi-avviciniamoci-don-milani-rispettando-suo-spirito\/#primaryimage\"},\"thumbnailUrl\":\"https:\/\/www.pressenza.com\/wp-content\/uploads\/2017\/04\/800px-Don_milani.jpg\",\"keywords\":[\"Bruciare tutto\",\"comunit\u00e0 don milani\",\"Don Milani\",\"Francuccio Gesualdi\",\"libri\",\"Michele Gesualdi\",\"nonviolenza\",\"polemiche\",\"scuola di Barbiana\",\"Walter Siti\"],\"articleSection\":[\"Comunicati Stampa\",\"contenuti originali\",\"Cultura e Media\",\"Europa\",\"Opinioni\"],\"inLanguage\":\"it-IT\"},{\"@type\":\"WebPage\",\"@id\":\"https:\/\/www.pressenza.com\/it\/2017\/04\/gesualdi-avviciniamoci-don-milani-rispettando-suo-spirito\/\",\"url\":\"https:\/\/www.pressenza.com\/it\/2017\/04\/gesualdi-avviciniamoci-don-milani-rispettando-suo-spirito\/\",\"name\":\"Gesualdi: \\\"Avviciniamoci a don Milani rispettando il suo spirito\\\"\",\"isPartOf\":{\"@id\":\"https:\/\/www.pressenza.com\/it\/#website\"},\"primaryImageOfPage\":{\"@id\":\"https:\/\/www.pressenza.com\/it\/2017\/04\/gesualdi-avviciniamoci-don-milani-rispettando-suo-spirito\/#primaryimage\"},\"image\":{\"@id\":\"https:\/\/www.pressenza.com\/it\/2017\/04\/gesualdi-avviciniamoci-don-milani-rispettando-suo-spirito\/#primaryimage\"},\"thumbnailUrl\":\"https:\/\/www.pressenza.com\/wp-content\/uploads\/2017\/04\/800px-Don_milani.jpg\",\"datePublished\":\"2017-04-21T12:00:16+00:00\",\"dateModified\":\"2017-04-22T17:39:32+00:00\",\"description\":\"Riceviamo in redazione e volentieri pubblichiamo un comunicato stampa di Francuccio e Michele Gesualdi, allievi della scuola di Barbiana, che vuole essere\",\"breadcrumb\":{\"@id\":\"https:\/\/www.pressenza.com\/it\/2017\/04\/gesualdi-avviciniamoci-don-milani-rispettando-suo-spirito\/#breadcrumb\"},\"inLanguage\":\"it-IT\",\"potentialAction\":[{\"@type\":\"ReadAction\",\"target\":[\"https:\/\/www.pressenza.com\/it\/2017\/04\/gesualdi-avviciniamoci-don-milani-rispettando-suo-spirito\/\"]}]},{\"@type\":\"ImageObject\",\"inLanguage\":\"it-IT\",\"@id\":\"https:\/\/www.pressenza.com\/it\/2017\/04\/gesualdi-avviciniamoci-don-milani-rispettando-suo-spirito\/#primaryimage\",\"url\":\"https:\/\/www.pressenza.com\/wp-content\/uploads\/2017\/04\/800px-Don_milani.jpg\",\"contentUrl\":\"https:\/\/www.pressenza.com\/wp-content\/uploads\/2017\/04\/800px-Don_milani.jpg\",\"width\":750,\"height\":450,\"caption\":\"don milani\"},{\"@type\":\"BreadcrumbList\",\"@id\":\"https:\/\/www.pressenza.com\/it\/2017\/04\/gesualdi-avviciniamoci-don-milani-rispettando-suo-spirito\/#breadcrumb\",\"itemListElement\":[{\"@type\":\"ListItem\",\"position\":1,\"name\":\"Accueil\",\"item\":\"https:\/\/www.pressenza.com\/it\/\"},{\"@type\":\"ListItem\",\"position\":2,\"name\":\"Gesualdi: &#8220;Avviciniamoci a don Milani rispettando il suo spirito&#8221;\"}]},{\"@type\":\"WebSite\",\"@id\":\"https:\/\/www.pressenza.com\/it\/#website\",\"url\":\"https:\/\/www.pressenza.com\/it\/\",\"name\":\"Pressenza\",\"description\":\"Agenzia di Stampa Internazionale\",\"publisher\":{\"@id\":\"https:\/\/www.pressenza.com\/it\/#organization\"},\"potentialAction\":[{\"@type\":\"SearchAction\",\"target\":{\"@type\":\"EntryPoint\",\"urlTemplate\":\"https:\/\/www.pressenza.com\/it\/?s={search_term_string}\"},\"query-input\":{\"@type\":\"PropertyValueSpecification\",\"valueRequired\":true,\"valueName\":\"search_term_string\"}}],\"inLanguage\":\"it-IT\"},{\"@type\":\"Organization\",\"@id\":\"https:\/\/www.pressenza.com\/it\/#organization\",\"name\":\"Pressenza\",\"url\":\"https:\/\/www.pressenza.com\/it\/\",\"logo\":{\"@type\":\"ImageObject\",\"inLanguage\":\"it-IT\",\"@id\":\"https:\/\/www.pressenza.com\/it\/#\/schema\/logo\/image\/\",\"url\":\"https:\/\/www.pressenza.com\/wp-content\/uploads\/2022\/10\/pressenza_logo_200x200.jpg\",\"contentUrl\":\"https:\/\/www.pressenza.com\/wp-content\/uploads\/2022\/10\/pressenza_logo_200x200.jpg\",\"width\":200,\"height\":200,\"caption\":\"Pressenza\"},\"image\":{\"@id\":\"https:\/\/www.pressenza.com\/it\/#\/schema\/logo\/image\/\"},\"sameAs\":[\"https:\/\/www.facebook.com\/PressenzaItalia\",\"https:\/\/x.com\/PressenzaIPA\"]},{\"@type\":\"Person\",\"@id\":\"https:\/\/www.pressenza.com\/it\/#\/schema\/person\/917a3e02e872b079ec9f4bdf7fe2b93d\",\"name\":\"Francesco Gesualdi\",\"description\":\"Francesco Gesualdi, gi\u00e0 allievo di don Milani, \u00e8 fondatore e coordinatore del Centro Nuovo Modello di Sviluppo di Vecchiano (Pisa), che si propone di ricercare nuove formule economiche capaci di garantire a tutti la soddisfazione dei bisogni fondamentali. Coordinatore di numerose campagne di pressione, \u00e8 tra i fondatori insieme ad Alex Zanotelli di Rete Lilliput. www.cnms.it\",\"sameAs\":[\"http:\/\/www.cnms.it\/\"],\"url\":\"https:\/\/www.pressenza.com\/it\/author\/francesco-gesualdi\/\"}]}<\/script>\n<!-- \/ Yoast SEO plugin. -->","yoast_head_json":{"title":"Gesualdi: \"Avviciniamoci a don Milani rispettando il suo spirito\"","description":"Riceviamo in redazione e volentieri pubblichiamo un comunicato stampa di Francuccio e Michele Gesualdi, allievi della scuola di Barbiana, che vuole essere","robots":{"index":"index","follow":"follow","max-snippet":"max-snippet:-1","max-image-preview":"max-image-preview:large","max-video-preview":"max-video-preview:-1"},"canonical":"https:\/\/www.pressenza.com\/it\/2017\/04\/gesualdi-avviciniamoci-don-milani-rispettando-suo-spirito\/","og_locale":"it_IT","og_type":"article","og_title":"Gesualdi: \"Avviciniamoci a don Milani rispettando il suo spirito\"","og_description":"Riceviamo in redazione e volentieri pubblichiamo un comunicato stampa di Francuccio e Michele Gesualdi, allievi della scuola di Barbiana, che vuole essere","og_url":"https:\/\/www.pressenza.com\/it\/2017\/04\/gesualdi-avviciniamoci-don-milani-rispettando-suo-spirito\/","og_site_name":"Pressenza","article_publisher":"https:\/\/www.facebook.com\/PressenzaItalia","article_published_time":"2017-04-21T12:00:16+00:00","article_modified_time":"2017-04-22T17:39:32+00:00","og_image":[{"width":750,"height":450,"url":"https:\/\/www.pressenza.com\/wp-content\/uploads\/2017\/04\/800px-Don_milani.jpg","type":"image\/jpeg"}],"author":"Francesco Gesualdi","twitter_card":"summary_large_image","twitter_creator":"@PressenzaIPA","twitter_site":"@PressenzaIPA","twitter_misc":{"Scritto da":"Francesco Gesualdi","Tempo di lettura stimato":"2 minuti"},"schema":{"@context":"https:\/\/schema.org","@graph":[{"@type":"Article","@id":"https:\/\/www.pressenza.com\/it\/2017\/04\/gesualdi-avviciniamoci-don-milani-rispettando-suo-spirito\/#article","isPartOf":{"@id":"https:\/\/www.pressenza.com\/it\/2017\/04\/gesualdi-avviciniamoci-don-milani-rispettando-suo-spirito\/"},"author":{"name":"Francesco Gesualdi","@id":"https:\/\/www.pressenza.com\/it\/#\/schema\/person\/917a3e02e872b079ec9f4bdf7fe2b93d"},"headline":"Gesualdi: &#8220;Avviciniamoci a don Milani rispettando il suo spirito&#8221;","datePublished":"2017-04-21T12:00:16+00:00","dateModified":"2017-04-22T17:39:32+00:00","mainEntityOfPage":{"@id":"https:\/\/www.pressenza.com\/it\/2017\/04\/gesualdi-avviciniamoci-don-milani-rispettando-suo-spirito\/"},"wordCount":497,"publisher":{"@id":"https:\/\/www.pressenza.com\/it\/#organization"},"image":{"@id":"https:\/\/www.pressenza.com\/it\/2017\/04\/gesualdi-avviciniamoci-don-milani-rispettando-suo-spirito\/#primaryimage"},"thumbnailUrl":"https:\/\/www.pressenza.com\/wp-content\/uploads\/2017\/04\/800px-Don_milani.jpg","keywords":["Bruciare tutto","comunit\u00e0 don milani","Don Milani","Francuccio Gesualdi","libri","Michele Gesualdi","nonviolenza","polemiche","scuola di Barbiana","Walter Siti"],"articleSection":["Comunicati Stampa","contenuti originali","Cultura e Media","Europa","Opinioni"],"inLanguage":"it-IT"},{"@type":"WebPage","@id":"https:\/\/www.pressenza.com\/it\/2017\/04\/gesualdi-avviciniamoci-don-milani-rispettando-suo-spirito\/","url":"https:\/\/www.pressenza.com\/it\/2017\/04\/gesualdi-avviciniamoci-don-milani-rispettando-suo-spirito\/","name":"Gesualdi: \"Avviciniamoci a don Milani rispettando il suo spirito\"","isPartOf":{"@id":"https:\/\/www.pressenza.com\/it\/#website"},"primaryImageOfPage":{"@id":"https:\/\/www.pressenza.com\/it\/2017\/04\/gesualdi-avviciniamoci-don-milani-rispettando-suo-spirito\/#primaryimage"},"image":{"@id":"https:\/\/www.pressenza.com\/it\/2017\/04\/gesualdi-avviciniamoci-don-milani-rispettando-suo-spirito\/#primaryimage"},"thumbnailUrl":"https:\/\/www.pressenza.com\/wp-content\/uploads\/2017\/04\/800px-Don_milani.jpg","datePublished":"2017-04-21T12:00:16+00:00","dateModified":"2017-04-22T17:39:32+00:00","description":"Riceviamo in redazione e volentieri pubblichiamo un comunicato stampa di Francuccio e Michele Gesualdi, allievi della scuola di Barbiana, che vuole essere","breadcrumb":{"@id":"https:\/\/www.pressenza.com\/it\/2017\/04\/gesualdi-avviciniamoci-don-milani-rispettando-suo-spirito\/#breadcrumb"},"inLanguage":"it-IT","potentialAction":[{"@type":"ReadAction","target":["https:\/\/www.pressenza.com\/it\/2017\/04\/gesualdi-avviciniamoci-don-milani-rispettando-suo-spirito\/"]}]},{"@type":"ImageObject","inLanguage":"it-IT","@id":"https:\/\/www.pressenza.com\/it\/2017\/04\/gesualdi-avviciniamoci-don-milani-rispettando-suo-spirito\/#primaryimage","url":"https:\/\/www.pressenza.com\/wp-content\/uploads\/2017\/04\/800px-Don_milani.jpg","contentUrl":"https:\/\/www.pressenza.com\/wp-content\/uploads\/2017\/04\/800px-Don_milani.jpg","width":750,"height":450,"caption":"don milani"},{"@type":"BreadcrumbList","@id":"https:\/\/www.pressenza.com\/it\/2017\/04\/gesualdi-avviciniamoci-don-milani-rispettando-suo-spirito\/#breadcrumb","itemListElement":[{"@type":"ListItem","position":1,"name":"Accueil","item":"https:\/\/www.pressenza.com\/it\/"},{"@type":"ListItem","position":2,"name":"Gesualdi: &#8220;Avviciniamoci a don Milani rispettando il suo spirito&#8221;"}]},{"@type":"WebSite","@id":"https:\/\/www.pressenza.com\/it\/#website","url":"https:\/\/www.pressenza.com\/it\/","name":"Pressenza","description":"Agenzia di Stampa Internazionale","publisher":{"@id":"https:\/\/www.pressenza.com\/it\/#organization"},"potentialAction":[{"@type":"SearchAction","target":{"@type":"EntryPoint","urlTemplate":"https:\/\/www.pressenza.com\/it\/?s={search_term_string}"},"query-input":{"@type":"PropertyValueSpecification","valueRequired":true,"valueName":"search_term_string"}}],"inLanguage":"it-IT"},{"@type":"Organization","@id":"https:\/\/www.pressenza.com\/it\/#organization","name":"Pressenza","url":"https:\/\/www.pressenza.com\/it\/","logo":{"@type":"ImageObject","inLanguage":"it-IT","@id":"https:\/\/www.pressenza.com\/it\/#\/schema\/logo\/image\/","url":"https:\/\/www.pressenza.com\/wp-content\/uploads\/2022\/10\/pressenza_logo_200x200.jpg","contentUrl":"https:\/\/www.pressenza.com\/wp-content\/uploads\/2022\/10\/pressenza_logo_200x200.jpg","width":200,"height":200,"caption":"Pressenza"},"image":{"@id":"https:\/\/www.pressenza.com\/it\/#\/schema\/logo\/image\/"},"sameAs":["https:\/\/www.facebook.com\/PressenzaItalia","https:\/\/x.com\/PressenzaIPA"]},{"@type":"Person","@id":"https:\/\/www.pressenza.com\/it\/#\/schema\/person\/917a3e02e872b079ec9f4bdf7fe2b93d","name":"Francesco Gesualdi","description":"Francesco Gesualdi, gi\u00e0 allievo di don Milani, \u00e8 fondatore e coordinatore del Centro Nuovo Modello di Sviluppo di Vecchiano (Pisa), che si propone di ricercare nuove formule economiche capaci di garantire a tutti la soddisfazione dei bisogni fondamentali. Coordinatore di numerose campagne di pressione, \u00e8 tra i fondatori insieme ad Alex Zanotelli di Rete Lilliput. www.cnms.it","sameAs":["http:\/\/www.cnms.it\/"],"url":"https:\/\/www.pressenza.com\/it\/author\/francesco-gesualdi\/"}]}},"place":"","original_article_url":"","_links":{"self":[{"href":"https:\/\/www.pressenza.com\/it\/wp-json\/wp\/v2\/posts\/456168","targetHints":{"allow":["GET"]}}],"collection":[{"href":"https:\/\/www.pressenza.com\/it\/wp-json\/wp\/v2\/posts"}],"about":[{"href":"https:\/\/www.pressenza.com\/it\/wp-json\/wp\/v2\/types\/post"}],"author":[{"embeddable":true,"href":"https:\/\/www.pressenza.com\/it\/wp-json\/wp\/v2\/users\/999"}],"replies":[{"embeddable":true,"href":"https:\/\/www.pressenza.com\/it\/wp-json\/wp\/v2\/comments?post=456168"}],"version-history":[{"count":0,"href":"https:\/\/www.pressenza.com\/it\/wp-json\/wp\/v2\/posts\/456168\/revisions"}],"wp:featuredmedia":[{"embeddable":true,"href":"https:\/\/www.pressenza.com\/it\/wp-json\/wp\/v2\/media\/456188"}],"wp:attachment":[{"href":"https:\/\/www.pressenza.com\/it\/wp-json\/wp\/v2\/media?parent=456168"}],"wp:term":[{"taxonomy":"category","embeddable":true,"href":"https:\/\/www.pressenza.com\/it\/wp-json\/wp\/v2\/categories?post=456168"},{"taxonomy":"post_tag","embeddable":true,"href":"https:\/\/www.pressenza.com\/it\/wp-json\/wp\/v2\/tags?post=456168"}],"curies":[{"name":"wp","href":"https:\/\/api.w.org\/{rel}","templated":true}]}}