{"id":455694,"date":"2017-04-20T10:42:11","date_gmt":"2017-04-20T09:42:11","guid":{"rendered":"https:\/\/www.pressenza.com\/?p=455694\/"},"modified":"2017-04-20T10:42:11","modified_gmt":"2017-04-20T09:42:11","slug":"lavvenire-comune-della-france-insoumise-un-passo-verso-la-nazione-umana-universale","status":"publish","type":"post","link":"https:\/\/www.pressenza.com\/it\/2017\/04\/lavvenire-comune-della-france-insoumise-un-passo-verso-la-nazione-umana-universale\/","title":{"rendered":"\u00abL&#8217;avvenire in comune\u00bb della \u00abFrance Insoumise\u00bb: un passo verso la Nazione Umana Universale?"},"content":{"rendered":"<p><span style=\"color: #000000;\"><em>Non si tratta di un uomo; si tratta di un popolo.<\/em><\/span><\/p>\n<p><span style=\"color: #000000;\"><em>Non si tratta del grido di collera di qualcuno; si tratta del clamore di un popolo.<\/em><\/span><\/p>\n<p><span style=\"color: #000000;\"><em>Non si tratta d\u2019un partito; si tratta di un movimento di cittadinanza.<\/em><\/span><\/p>\n<p><span style=\"color: #000000;\"><em>Non si tratta d\u2019un programma politico; si tratta di un progetto di societ\u00e0.<\/em><\/span><\/p>\n<p><span style=\"color: #000000;\"><em>Non si tratta di un avvenimento puntuale; si tratta di un processo.<\/em><\/span><\/p>\n<p><span style=\"color: #000000;\"><em>Non \u00e8 uno scoop pubblicitario; \u00e8 la grande onda della storia.<\/em><\/span><\/p>\n<p><span style=\"color: #000000;\"><em>Non si tratta di una visione particolare; si tratta di una visione globale.<\/em><\/span><\/p>\n<p><span style=\"color: #000000;\"><em>Non si tratta di una fantasticheria; \u00e8 un lavoro da fare.<\/em><\/span><\/p>\n<p><span style=\"color: #000000;\"><em>Non \u00e8 puntuale; \u00e8 a lungo termine.<\/em><\/span><\/p>\n<p><span style=\"color: #000000;\"><em>Non si tratta di efficienza; si tratta di intelligenza.<\/em><\/span><\/p>\n<p><span style=\"color: #000000;\"><em>Non si tratta di calcolo; si tratta di gentilezza.<\/em><\/span><\/p>\n<p><span style=\"color: #000000;\"><em>Non si tratta di ultraliberismo; si tratta INFINE dell&#8217;umano.<\/em><\/span><\/p>\n<p>&nbsp;<\/p>\n<p><span style=\"color: #000000;\">Mentre la campagna elettorale per le elezioni presidenziali in Francia giunge alla fine per il primo turno, i media (90% al soldo del potere finanziario militare-industriale) si sbracciano in analisi superficiali e scabrose, facendo ricorso alla polemica e a grossolani artifici. Sperano cos\u00ec di far passare sotto silenzio un fenomeno che sta prendendo forma organizzata?<\/span><\/p>\n<p><span style=\"color: #000000;\">La <em>France Insoumise\u00a0<\/em>(Francia che non si sottomette, N.d.T.), F.I. ou Phi, simbolo adottato per rappresentare d&#8217;un lato la saggezza, dall&#8217;altro il numero d&#8217;oro, garante dell&#8217;armonia, sta convocando persone con un ritmo esponenziale. Nell&#8217;ultima manifestazione a Toulouse del suo portavoce, e dunque Candidato alla presidenza, Jean-Luc M\u00e9lenchon, c&#8217;erano 70.000 persone, mentre altre 40.000 seguivano l&#8217;evento su Youtube. Quest&#8217;uomo ha avuto l&#8217;intelligenza di ascoltare le persone intorno a lui, di considerare tutti gli attori della societ\u00e0 e di comprendere che il futuro appartiene alle nuove generazioni.\u00a0Cos\u00ec intorno a lui convergono i rappresentanti delle pi\u00f9 fini competenze in ogni campo dell&#8217;attivit\u00e0 umana (i quali hanno messo la loro esperienza al servizio della costruzione del programma)\u00a0e i pi\u00f9 audaci giovani tecnici che trasferiscono gli elementi del programma sulle reti sociali, nei media paralleli \u00a0non sottomessi di internet. Si \u00e8 anche reso indipendente dalla commedia mediatica che comunque non lo vuole risparmiare. Dato che cresce nei sondaggi e raduna sempre pi\u00f9 gente, non solo nelle manifestazioni ma anche in termini di militanti di ogni et\u00e0 e tipo; dato che aumentano dibattiti, momenti di riflessione, di inviti a votare per e non contro, la paura sta aumentando nei detentori del potere. E la strategia consiste nel far credere che si tratti di un tipo pericoloso.<\/span><\/p>\n<p><img loading=\"lazy\" decoding=\"async\" class=\"alignnone size-medium\" src=\"https:\/\/www.pressenza.com\/wp-content\/uploads\/2017\/04\/---L---Avenir-en-commun----de-la----France-Insoumise----un-pas-vers-la-Nation-Humaine-Universelle-2.jpg\" width=\"750\" height=\"503\" \/><\/p>\n<p><em>Manifestazione a\u00a0Toulouse <\/em><\/p>\n<p><span style=\"color: #000000;\">Effettivamente, \u00e8 pericoloso. Ma bisognerebbe spiegare chi \u00e8 pericoloso e per chi. Non \u00e8 pericoloso l&#8217;uomo in s\u00e9 ma il fatto che \u00e8 portavoce di una moltitudine. E quella folla che lo segue non \u00e8 una folla irreggimentata. Ci si trova un&#8217;incredibile forza di proposta, un&#8217;ingegnosit\u00e0 senza fine, una straordinaria capacit\u00e0 di lavoro, un crogiolo di riflessioni, un&#8217;avidit\u00e0 ad apprendere e sapere. Ma, ancor pi\u00f9 interessante, ci si ascolta l&#8217;eco mille volte ripetuto della volont\u00e0 di cambiare, della speranza, della poesia, della gentilezza, insomma, dell&#8217;ispirazione.<\/span><\/p>\n<p>Allora quelle persone si ispirano e cos\u00ec ispirano altri. Intorno a loro, nell&#8217;ambiente immediato; ma gi\u00e0 stanno ispirando ben al di l\u00e0 delle frontiere nazionali. Pericolosi per chi? Per tutti coloro che vorrebbero far piegare la schiena ai popoli e alla storia, coloro che mettono il loro guadagno indecente come valore centrale, per tutti coloro per cui la vita umana non ha alcun valore perch\u00e9 si credono superiori agli altri esseri umani.<\/p>\n<p><span style=\"color: #000000;\">Questo Monsieur M\u00e9lenchon, venuto da una famiglia povera, con un percorso politico fatto di errori, ha saputo riconoscere e imparare dal suo processo e da quello degli altri. E&#8217; istruito, brillante, un grande talento d&#8217;oratore. Ma, soprattutto \u00e8 diretto e sincero. Lo si sente, lo si percepisce. E si percepisce ci\u00f2 che l&#8217;attraversa e che ci fa ancor pi\u00f9 sperare: la sua bont\u00e0.<\/span><\/p>\n<p><span style=\"color: #000000;\">Noi umanisti universalisti abbiamo aperto con cura le nostre antenne, guardando prioritariamente i processi evolutivi e poi degli strumenti di questi processi. La nostra responsabilit\u00e0 \u00e8 quella di sostenere i nuovi paradigmi in costruzione che vanno in quella direzione evolutiva. Nel momento in cui l&#8217;umanit\u00e0 sembra sotto il sequestro dell&#8217;escalation di provocazioni (Corea, Siria, Afghanistan) e si passa alla logica delle armi fregandosene di ogni legalit\u00e0 e legittimit\u00e0 internazionale, la scelta del Presidente della Francia, potenza nucleare importante, membro permanente del Consiglio di Sicurezza con diritto di veto non sembra essere un aneddoto.<\/span><\/p>\n<p><span style=\"color: #000000;\">Siamo gi\u00e0 numerosi gli umanisti siloisti che hanno preso posizione e collaborano con \u00a0France Insoumise, dando una mano al suo programma \u00abL\u2019avvenire in comune\u00bb, o ai materiali tematici, al tempo stesso forza di proposta e strumento di informazione.<\/span><\/p>\n<p><span style=\"color: #000000;\">Nel programma: abolizione dei privilegi (nuova fiscalit\u00e0 a 14 strati); intervento popolare (assemblea costituente per la Vita Repubblicana, revoca degli eletti che non mantengano le promesse elettorali); libert\u00e0 personali e diritti fondamentali per tutti (educazione, sanit\u00e0, casa, libert\u00e0 di coscienza), una repubblica universale (uguaglianza per tutti, cooperazione con i paesi vicini); cittadinanza nelle imprese (nuovi diritti di controllo ai comitati d&#8217;impresa sulle finanze della loro azienda); transizione ecologica (cambiamento dei modi di produzione); regolamentare la finanza (rinegoziazione dei trattati usurai che asfissiano il paese e le regioni); favorire l&#8217;economia cooperativa, sradicare la povert\u00e0 (aumento del salario minimo, sviluppo dei programmi sociali, aumento delle pensioni); preparare la pace con strumenti di pace. \u00a0130 economisti di differenti paesi hanno formato una commissione di sostegno del programma e di garanzia della sua attuazione.<\/span><\/p>\n<p><img loading=\"lazy\" decoding=\"async\" class=\"alignnone size-medium\" src=\"https:\/\/www.pressenza.com\/wp-content\/uploads\/2017\/04\/---L---Avenir-en-commun----de-la----France-Insoumise----un-pas-vers-la-Nation-Humaine-Universelle-1.jpg\" width=\"526\" height=\"788\" \/><\/p>\n<p><em>Manifestazioni a\u00a0Dijon, Nantes, Clermond-Ferrand, Grenoble, Montpellier, Le Port, Nancy<\/em><\/p>\n<p><span style=\"color: #000000;\">Marted\u00ec\u00a018, con l&#8217;audacia e la competenza dei giovani talenti tecnologici della France Insoumise, il candidato M\u00e9lenchon ha fatto sognare di avere il dono dell&#8217;ubiquit\u00e0 parlando dal vivo a decine di migliaia di persone\u00a0a\u00a0Dijon, mentre il suo ologramma veniva proiettato in contemporanea in altre 6 citta francesi. 35000 persone hanno cos\u00ec seguito il suo discorso di due ore mentre altre \u00a050000 erano su Youtube.<\/span><\/p>\n<p><span style=\"color: #000000;\">Ha esortato una volta di pi\u00f9 a che &#8220;i disgustati non lascino il posto ai disgustosi&#8221; e, per farlo, invita a leggere il programma, a convincere gli altri sui punti fondamentali, a interrogare la propria anima e la propria coscienza, a svegliare le aspirazioni. Bisogna prendere il destino nelle mani, unirsi per costruire, crederci, affermare in nostri valori umanisti in questo mondo, altrimenti perduto per tutti.<\/span><\/p>\n<p><span style=\"color: #000000;\">Qualunque sia il risultato del 23 aprile, qualcosa \u00e8 nato, dopo lunga gestazione, e si \u00e8 manifestato in quest&#8217;effetto dimostrazione. Il vento di un grande cambiamento?<\/span><\/p>\n<p><span style=\"color: #000000;\">\u00ab\u00a0L\u2019avenir en Commun\u00a0\u00bb, Editions Seuil. Disponibile integralemente gratuitamente su internet\u00a0<a style=\"color: #000000;\" href=\"http:\/\/www.laec.fr\">www.laec.fr<\/a> \u2013 page 15. <a style=\"color: #000000;\" href=\"https:\/\/avenirencommun.fr\/livrets-thematiques\/\">https:\/\/avenirencommun.fr\/livrets-thematiques\/<\/a><\/span><\/p>\n","protected":false},"excerpt":{"rendered":"<p>Non si tratta di un uomo; si tratta di un popolo. Non si tratta del grido di collera di qualcuno; si tratta del clamore di un popolo. Non si tratta d\u2019un partito; si tratta di un movimento di cittadinanza. Non&hellip;<\/p>\n","protected":false},"author":1268,"featured_media":455174,"comment_status":"closed","ping_status":"closed","sticky":false,"template":"","format":"standard","meta":{"footnotes":""},"categories":[11388,47,162,55],"tags":[33765,36647,3208,36416,36701],"class_list":["post-455694","post","type-post","status-publish","format-standard","has-post-thumbnail","hentry","category-contenuti-originali","category-europa","category-opinioni","category-politica","tag-elezioni-presidenziali-2017","tag-france-insoumise","tag-francia-it","tag-jean-luc-melenchon","tag-umanesimo-univeralista"],"yoast_head":"<!-- This site is optimized with the Yoast SEO plugin v27.1.1 - https:\/\/yoast.com\/product\/yoast-seo-wordpress\/ -->\n<title>\u00abL&#039;avvenire in comune\u00bb della \u00abFrance Insoumise\u00bb: un passo verso la Nazione Umana Universale?<\/title>\n<meta name=\"description\" content=\"Non si tratta di un uomo; si tratta di un popolo. Non si tratta del grido di collera di qualcuno; si tratta del clamore di un popolo. Non si tratta d\u2019un\" \/>\n<meta name=\"robots\" content=\"index, follow, max-snippet:-1, max-image-preview:large, max-video-preview:-1\" \/>\n<link rel=\"canonical\" href=\"https:\/\/www.pressenza.com\/it\/2017\/04\/lavvenire-comune-della-france-insoumise-un-passo-verso-la-nazione-umana-universale\/\" \/>\n<meta property=\"og:locale\" content=\"it_IT\" \/>\n<meta property=\"og:type\" content=\"article\" \/>\n<meta property=\"og:title\" content=\"\u00abL&#039;avvenire in comune\u00bb della \u00abFrance Insoumise\u00bb: un passo verso la Nazione Umana Universale?\" \/>\n<meta property=\"og:description\" content=\"Non si tratta di un uomo; si tratta di un popolo. Non si tratta del grido di collera di qualcuno; si tratta del clamore di un popolo. Non si tratta d\u2019un\" \/>\n<meta property=\"og:url\" content=\"https:\/\/www.pressenza.com\/it\/2017\/04\/lavvenire-comune-della-france-insoumise-un-passo-verso-la-nazione-umana-universale\/\" \/>\n<meta property=\"og:site_name\" content=\"Pressenza\" \/>\n<meta property=\"article:publisher\" content=\"https:\/\/www.facebook.com\/PressenzaItalia\" \/>\n<meta property=\"article:published_time\" content=\"2017-04-20T09:42:11+00:00\" \/>\n<meta property=\"og:image\" content=\"https:\/\/www.pressenza.com\/wp-content\/uploads\/2017\/04\/---L---Avenir-en-commun----de-la----France-Insoumise----un-pas-vers-la-Nation-Humaine-Universelle-.jpg\" \/>\n\t<meta property=\"og:image:width\" content=\"750\" \/>\n\t<meta property=\"og:image:height\" content=\"450\" \/>\n\t<meta property=\"og:image:type\" content=\"image\/jpeg\" \/>\n<meta name=\"author\" content=\"Claudie Baudoin\" \/>\n<meta name=\"twitter:card\" content=\"summary_large_image\" \/>\n<meta name=\"twitter:creator\" content=\"@PressenzaIPA\" \/>\n<meta name=\"twitter:site\" content=\"@PressenzaIPA\" \/>\n<meta name=\"twitter:label1\" content=\"Scritto da\" \/>\n\t<meta name=\"twitter:data1\" content=\"Claudie Baudoin\" \/>\n\t<meta name=\"twitter:label2\" content=\"Tempo di lettura stimato\" \/>\n\t<meta name=\"twitter:data2\" content=\"5 minuti\" \/>\n<script type=\"application\/ld+json\" class=\"yoast-schema-graph\">{\"@context\":\"https:\/\/schema.org\",\"@graph\":[{\"@type\":\"Article\",\"@id\":\"https:\/\/www.pressenza.com\/it\/2017\/04\/lavvenire-comune-della-france-insoumise-un-passo-verso-la-nazione-umana-universale\/#article\",\"isPartOf\":{\"@id\":\"https:\/\/www.pressenza.com\/it\/2017\/04\/lavvenire-comune-della-france-insoumise-un-passo-verso-la-nazione-umana-universale\/\"},\"author\":{\"name\":\"Claudie Baudoin\",\"@id\":\"https:\/\/www.pressenza.com\/it\/#\/schema\/person\/bbaae794a1d299c528a0f7cc8bd9a1a7\"},\"headline\":\"\u00abL&#8217;avvenire in comune\u00bb della \u00abFrance Insoumise\u00bb: un passo verso la Nazione Umana Universale?\",\"datePublished\":\"2017-04-20T09:42:11+00:00\",\"mainEntityOfPage\":{\"@id\":\"https:\/\/www.pressenza.com\/it\/2017\/04\/lavvenire-comune-della-france-insoumise-un-passo-verso-la-nazione-umana-universale\/\"},\"wordCount\":1097,\"publisher\":{\"@id\":\"https:\/\/www.pressenza.com\/it\/#organization\"},\"image\":{\"@id\":\"https:\/\/www.pressenza.com\/it\/2017\/04\/lavvenire-comune-della-france-insoumise-un-passo-verso-la-nazione-umana-universale\/#primaryimage\"},\"thumbnailUrl\":\"https:\/\/www.pressenza.com\/wp-content\/uploads\/2017\/04\/---L---Avenir-en-commun----de-la----France-Insoumise----un-pas-vers-la-Nation-Humaine-Universelle-.jpg\",\"keywords\":[\"elezioni presidenziali 2017\",\"France Insoumise\",\"Francia\",\"Jean-Luc M\u00e9lenchon\",\"Umanesimo Univeralista\"],\"articleSection\":[\"contenuti originali\",\"Europa\",\"Opinioni\",\"Politica\"],\"inLanguage\":\"it-IT\"},{\"@type\":\"WebPage\",\"@id\":\"https:\/\/www.pressenza.com\/it\/2017\/04\/lavvenire-comune-della-france-insoumise-un-passo-verso-la-nazione-umana-universale\/\",\"url\":\"https:\/\/www.pressenza.com\/it\/2017\/04\/lavvenire-comune-della-france-insoumise-un-passo-verso-la-nazione-umana-universale\/\",\"name\":\"\u00abL'avvenire in comune\u00bb della \u00abFrance Insoumise\u00bb: un passo verso la Nazione Umana Universale?\",\"isPartOf\":{\"@id\":\"https:\/\/www.pressenza.com\/it\/#website\"},\"primaryImageOfPage\":{\"@id\":\"https:\/\/www.pressenza.com\/it\/2017\/04\/lavvenire-comune-della-france-insoumise-un-passo-verso-la-nazione-umana-universale\/#primaryimage\"},\"image\":{\"@id\":\"https:\/\/www.pressenza.com\/it\/2017\/04\/lavvenire-comune-della-france-insoumise-un-passo-verso-la-nazione-umana-universale\/#primaryimage\"},\"thumbnailUrl\":\"https:\/\/www.pressenza.com\/wp-content\/uploads\/2017\/04\/---L---Avenir-en-commun----de-la----France-Insoumise----un-pas-vers-la-Nation-Humaine-Universelle-.jpg\",\"datePublished\":\"2017-04-20T09:42:11+00:00\",\"description\":\"Non si tratta di un uomo; si tratta di un popolo. Non si tratta del grido di collera di qualcuno; si tratta del clamore di un popolo. Non si tratta d\u2019un\",\"breadcrumb\":{\"@id\":\"https:\/\/www.pressenza.com\/it\/2017\/04\/lavvenire-comune-della-france-insoumise-un-passo-verso-la-nazione-umana-universale\/#breadcrumb\"},\"inLanguage\":\"it-IT\",\"potentialAction\":[{\"@type\":\"ReadAction\",\"target\":[\"https:\/\/www.pressenza.com\/it\/2017\/04\/lavvenire-comune-della-france-insoumise-un-passo-verso-la-nazione-umana-universale\/\"]}]},{\"@type\":\"ImageObject\",\"inLanguage\":\"it-IT\",\"@id\":\"https:\/\/www.pressenza.com\/it\/2017\/04\/lavvenire-comune-della-france-insoumise-un-passo-verso-la-nazione-umana-universale\/#primaryimage\",\"url\":\"https:\/\/www.pressenza.com\/wp-content\/uploads\/2017\/04\/---L---Avenir-en-commun----de-la----France-Insoumise----un-pas-vers-la-Nation-Humaine-Universelle-.jpg\",\"contentUrl\":\"https:\/\/www.pressenza.com\/wp-content\/uploads\/2017\/04\/---L---Avenir-en-commun----de-la----France-Insoumise----un-pas-vers-la-Nation-Humaine-Universelle-.jpg\",\"width\":750,\"height\":450},{\"@type\":\"BreadcrumbList\",\"@id\":\"https:\/\/www.pressenza.com\/it\/2017\/04\/lavvenire-comune-della-france-insoumise-un-passo-verso-la-nazione-umana-universale\/#breadcrumb\",\"itemListElement\":[{\"@type\":\"ListItem\",\"position\":1,\"name\":\"Accueil\",\"item\":\"https:\/\/www.pressenza.com\/it\/\"},{\"@type\":\"ListItem\",\"position\":2,\"name\":\"\u00abL&#8217;avvenire in comune\u00bb della \u00abFrance Insoumise\u00bb: un passo verso la Nazione Umana Universale?\"}]},{\"@type\":\"WebSite\",\"@id\":\"https:\/\/www.pressenza.com\/it\/#website\",\"url\":\"https:\/\/www.pressenza.com\/it\/\",\"name\":\"Pressenza\",\"description\":\"Agenzia di Stampa Internazionale\",\"publisher\":{\"@id\":\"https:\/\/www.pressenza.com\/it\/#organization\"},\"potentialAction\":[{\"@type\":\"SearchAction\",\"target\":{\"@type\":\"EntryPoint\",\"urlTemplate\":\"https:\/\/www.pressenza.com\/it\/?s={search_term_string}\"},\"query-input\":{\"@type\":\"PropertyValueSpecification\",\"valueRequired\":true,\"valueName\":\"search_term_string\"}}],\"inLanguage\":\"it-IT\"},{\"@type\":\"Organization\",\"@id\":\"https:\/\/www.pressenza.com\/it\/#organization\",\"name\":\"Pressenza\",\"url\":\"https:\/\/www.pressenza.com\/it\/\",\"logo\":{\"@type\":\"ImageObject\",\"inLanguage\":\"it-IT\",\"@id\":\"https:\/\/www.pressenza.com\/it\/#\/schema\/logo\/image\/\",\"url\":\"https:\/\/www.pressenza.com\/wp-content\/uploads\/2022\/10\/pressenza_logo_200x200.jpg\",\"contentUrl\":\"https:\/\/www.pressenza.com\/wp-content\/uploads\/2022\/10\/pressenza_logo_200x200.jpg\",\"width\":200,\"height\":200,\"caption\":\"Pressenza\"},\"image\":{\"@id\":\"https:\/\/www.pressenza.com\/it\/#\/schema\/logo\/image\/\"},\"sameAs\":[\"https:\/\/www.facebook.com\/PressenzaItalia\",\"https:\/\/x.com\/PressenzaIPA\"]},{\"@type\":\"Person\",\"@id\":\"https:\/\/www.pressenza.com\/it\/#\/schema\/person\/bbaae794a1d299c528a0f7cc8bd9a1a7\",\"name\":\"Claudie Baudoin\",\"description\":\"Psycho-sociologue de m\u00e9tier, l\u2019auteur est formatrice en d\u00e9veloppement personnel et ressources humaines dans le monde hospitalier o\u00f9 elle transmet au personnel soignant des outils de communication et de mieux-\u00eatre (pr\u00e9vention du burn-out, gestion de stress, de l\u2019agressivit\u00e9, des conflits et du temps). Elle accompagne \u00e9galement les particuliers dans les moments de transition ou des difficult\u00e9s, par la psychologie descriptive de l'image et du sens. claudie-baudoin.com\",\"url\":\"https:\/\/www.pressenza.com\/it\/author\/claudie-baudoin\/\"}]}<\/script>\n<!-- \/ Yoast SEO plugin. -->","yoast_head_json":{"title":"\u00abL'avvenire in comune\u00bb della \u00abFrance Insoumise\u00bb: un passo verso la Nazione Umana Universale?","description":"Non si tratta di un uomo; si tratta di un popolo. Non si tratta del grido di collera di qualcuno; si tratta del clamore di un popolo. Non si tratta d\u2019un","robots":{"index":"index","follow":"follow","max-snippet":"max-snippet:-1","max-image-preview":"max-image-preview:large","max-video-preview":"max-video-preview:-1"},"canonical":"https:\/\/www.pressenza.com\/it\/2017\/04\/lavvenire-comune-della-france-insoumise-un-passo-verso-la-nazione-umana-universale\/","og_locale":"it_IT","og_type":"article","og_title":"\u00abL'avvenire in comune\u00bb della \u00abFrance Insoumise\u00bb: un passo verso la Nazione Umana Universale?","og_description":"Non si tratta di un uomo; si tratta di un popolo. Non si tratta del grido di collera di qualcuno; si tratta del clamore di un popolo. Non si tratta d\u2019un","og_url":"https:\/\/www.pressenza.com\/it\/2017\/04\/lavvenire-comune-della-france-insoumise-un-passo-verso-la-nazione-umana-universale\/","og_site_name":"Pressenza","article_publisher":"https:\/\/www.facebook.com\/PressenzaItalia","article_published_time":"2017-04-20T09:42:11+00:00","og_image":[{"width":750,"height":450,"url":"https:\/\/www.pressenza.com\/wp-content\/uploads\/2017\/04\/---L---Avenir-en-commun----de-la----France-Insoumise----un-pas-vers-la-Nation-Humaine-Universelle-.jpg","type":"image\/jpeg"}],"author":"Claudie Baudoin","twitter_card":"summary_large_image","twitter_creator":"@PressenzaIPA","twitter_site":"@PressenzaIPA","twitter_misc":{"Scritto da":"Claudie Baudoin","Tempo di lettura stimato":"5 minuti"},"schema":{"@context":"https:\/\/schema.org","@graph":[{"@type":"Article","@id":"https:\/\/www.pressenza.com\/it\/2017\/04\/lavvenire-comune-della-france-insoumise-un-passo-verso-la-nazione-umana-universale\/#article","isPartOf":{"@id":"https:\/\/www.pressenza.com\/it\/2017\/04\/lavvenire-comune-della-france-insoumise-un-passo-verso-la-nazione-umana-universale\/"},"author":{"name":"Claudie Baudoin","@id":"https:\/\/www.pressenza.com\/it\/#\/schema\/person\/bbaae794a1d299c528a0f7cc8bd9a1a7"},"headline":"\u00abL&#8217;avvenire in comune\u00bb della \u00abFrance Insoumise\u00bb: un passo verso la Nazione Umana Universale?","datePublished":"2017-04-20T09:42:11+00:00","mainEntityOfPage":{"@id":"https:\/\/www.pressenza.com\/it\/2017\/04\/lavvenire-comune-della-france-insoumise-un-passo-verso-la-nazione-umana-universale\/"},"wordCount":1097,"publisher":{"@id":"https:\/\/www.pressenza.com\/it\/#organization"},"image":{"@id":"https:\/\/www.pressenza.com\/it\/2017\/04\/lavvenire-comune-della-france-insoumise-un-passo-verso-la-nazione-umana-universale\/#primaryimage"},"thumbnailUrl":"https:\/\/www.pressenza.com\/wp-content\/uploads\/2017\/04\/---L---Avenir-en-commun----de-la----France-Insoumise----un-pas-vers-la-Nation-Humaine-Universelle-.jpg","keywords":["elezioni presidenziali 2017","France Insoumise","Francia","Jean-Luc M\u00e9lenchon","Umanesimo Univeralista"],"articleSection":["contenuti originali","Europa","Opinioni","Politica"],"inLanguage":"it-IT"},{"@type":"WebPage","@id":"https:\/\/www.pressenza.com\/it\/2017\/04\/lavvenire-comune-della-france-insoumise-un-passo-verso-la-nazione-umana-universale\/","url":"https:\/\/www.pressenza.com\/it\/2017\/04\/lavvenire-comune-della-france-insoumise-un-passo-verso-la-nazione-umana-universale\/","name":"\u00abL'avvenire in comune\u00bb della \u00abFrance Insoumise\u00bb: un passo verso la Nazione Umana Universale?","isPartOf":{"@id":"https:\/\/www.pressenza.com\/it\/#website"},"primaryImageOfPage":{"@id":"https:\/\/www.pressenza.com\/it\/2017\/04\/lavvenire-comune-della-france-insoumise-un-passo-verso-la-nazione-umana-universale\/#primaryimage"},"image":{"@id":"https:\/\/www.pressenza.com\/it\/2017\/04\/lavvenire-comune-della-france-insoumise-un-passo-verso-la-nazione-umana-universale\/#primaryimage"},"thumbnailUrl":"https:\/\/www.pressenza.com\/wp-content\/uploads\/2017\/04\/---L---Avenir-en-commun----de-la----France-Insoumise----un-pas-vers-la-Nation-Humaine-Universelle-.jpg","datePublished":"2017-04-20T09:42:11+00:00","description":"Non si tratta di un uomo; si tratta di un popolo. Non si tratta del grido di collera di qualcuno; si tratta del clamore di un popolo. Non si tratta d\u2019un","breadcrumb":{"@id":"https:\/\/www.pressenza.com\/it\/2017\/04\/lavvenire-comune-della-france-insoumise-un-passo-verso-la-nazione-umana-universale\/#breadcrumb"},"inLanguage":"it-IT","potentialAction":[{"@type":"ReadAction","target":["https:\/\/www.pressenza.com\/it\/2017\/04\/lavvenire-comune-della-france-insoumise-un-passo-verso-la-nazione-umana-universale\/"]}]},{"@type":"ImageObject","inLanguage":"it-IT","@id":"https:\/\/www.pressenza.com\/it\/2017\/04\/lavvenire-comune-della-france-insoumise-un-passo-verso-la-nazione-umana-universale\/#primaryimage","url":"https:\/\/www.pressenza.com\/wp-content\/uploads\/2017\/04\/---L---Avenir-en-commun----de-la----France-Insoumise----un-pas-vers-la-Nation-Humaine-Universelle-.jpg","contentUrl":"https:\/\/www.pressenza.com\/wp-content\/uploads\/2017\/04\/---L---Avenir-en-commun----de-la----France-Insoumise----un-pas-vers-la-Nation-Humaine-Universelle-.jpg","width":750,"height":450},{"@type":"BreadcrumbList","@id":"https:\/\/www.pressenza.com\/it\/2017\/04\/lavvenire-comune-della-france-insoumise-un-passo-verso-la-nazione-umana-universale\/#breadcrumb","itemListElement":[{"@type":"ListItem","position":1,"name":"Accueil","item":"https:\/\/www.pressenza.com\/it\/"},{"@type":"ListItem","position":2,"name":"\u00abL&#8217;avvenire in comune\u00bb della \u00abFrance Insoumise\u00bb: un passo verso la Nazione Umana Universale?"}]},{"@type":"WebSite","@id":"https:\/\/www.pressenza.com\/it\/#website","url":"https:\/\/www.pressenza.com\/it\/","name":"Pressenza","description":"Agenzia di Stampa Internazionale","publisher":{"@id":"https:\/\/www.pressenza.com\/it\/#organization"},"potentialAction":[{"@type":"SearchAction","target":{"@type":"EntryPoint","urlTemplate":"https:\/\/www.pressenza.com\/it\/?s={search_term_string}"},"query-input":{"@type":"PropertyValueSpecification","valueRequired":true,"valueName":"search_term_string"}}],"inLanguage":"it-IT"},{"@type":"Organization","@id":"https:\/\/www.pressenza.com\/it\/#organization","name":"Pressenza","url":"https:\/\/www.pressenza.com\/it\/","logo":{"@type":"ImageObject","inLanguage":"it-IT","@id":"https:\/\/www.pressenza.com\/it\/#\/schema\/logo\/image\/","url":"https:\/\/www.pressenza.com\/wp-content\/uploads\/2022\/10\/pressenza_logo_200x200.jpg","contentUrl":"https:\/\/www.pressenza.com\/wp-content\/uploads\/2022\/10\/pressenza_logo_200x200.jpg","width":200,"height":200,"caption":"Pressenza"},"image":{"@id":"https:\/\/www.pressenza.com\/it\/#\/schema\/logo\/image\/"},"sameAs":["https:\/\/www.facebook.com\/PressenzaItalia","https:\/\/x.com\/PressenzaIPA"]},{"@type":"Person","@id":"https:\/\/www.pressenza.com\/it\/#\/schema\/person\/bbaae794a1d299c528a0f7cc8bd9a1a7","name":"Claudie Baudoin","description":"Psycho-sociologue de m\u00e9tier, l\u2019auteur est formatrice en d\u00e9veloppement personnel et ressources humaines dans le monde hospitalier o\u00f9 elle transmet au personnel soignant des outils de communication et de mieux-\u00eatre (pr\u00e9vention du burn-out, gestion de stress, de l\u2019agressivit\u00e9, des conflits et du temps). Elle accompagne \u00e9galement les particuliers dans les moments de transition ou des difficult\u00e9s, par la psychologie descriptive de l'image et du sens. claudie-baudoin.com","url":"https:\/\/www.pressenza.com\/it\/author\/claudie-baudoin\/"}]}},"place":"","original_article_url":"","_links":{"self":[{"href":"https:\/\/www.pressenza.com\/it\/wp-json\/wp\/v2\/posts\/455694","targetHints":{"allow":["GET"]}}],"collection":[{"href":"https:\/\/www.pressenza.com\/it\/wp-json\/wp\/v2\/posts"}],"about":[{"href":"https:\/\/www.pressenza.com\/it\/wp-json\/wp\/v2\/types\/post"}],"author":[{"embeddable":true,"href":"https:\/\/www.pressenza.com\/it\/wp-json\/wp\/v2\/users\/1268"}],"replies":[{"embeddable":true,"href":"https:\/\/www.pressenza.com\/it\/wp-json\/wp\/v2\/comments?post=455694"}],"version-history":[{"count":0,"href":"https:\/\/www.pressenza.com\/it\/wp-json\/wp\/v2\/posts\/455694\/revisions"}],"wp:featuredmedia":[{"embeddable":true,"href":"https:\/\/www.pressenza.com\/it\/wp-json\/wp\/v2\/media\/455174"}],"wp:attachment":[{"href":"https:\/\/www.pressenza.com\/it\/wp-json\/wp\/v2\/media?parent=455694"}],"wp:term":[{"taxonomy":"category","embeddable":true,"href":"https:\/\/www.pressenza.com\/it\/wp-json\/wp\/v2\/categories?post=455694"},{"taxonomy":"post_tag","embeddable":true,"href":"https:\/\/www.pressenza.com\/it\/wp-json\/wp\/v2\/tags?post=455694"}],"curies":[{"name":"wp","href":"https:\/\/api.w.org\/{rel}","templated":true}]}}