{"id":452775,"date":"2017-04-10T12:52:14","date_gmt":"2017-04-10T11:52:14","guid":{"rendered":"https:\/\/www.pressenza.com\/?p=452775\/"},"modified":"2017-04-10T12:57:08","modified_gmt":"2017-04-10T11:57:08","slug":"la-cop23-di-bonn-rimetta-sui-binari-lo-spirito-di-parigi","status":"publish","type":"post","link":"https:\/\/www.pressenza.com\/it\/2017\/04\/la-cop23-di-bonn-rimetta-sui-binari-lo-spirito-di-parigi\/","title":{"rendered":"La Cop23 di Bonn rimetta sui binari lo spirito di Parigi"},"content":{"rendered":"<p>L&#8217;accordo di Parigi (12 dicembre 2015), su cui pure \u00e8 imprescindibile lavorare, ha una trappola simile a quella del Trattato di Non Proliferazione: non c&#8217;\u00e8 una scadenza che fissi la <strong>decarbonizzazione totale<\/strong>\u00a0 dell&#8217;economia, cio\u00e9 l&#8217;azzeramento delle emissioni di C02: questo \u00e8 un grosso risultato della lobby fossile (e nucleare). Altro punto debole sono i controlli &#8220;autocertificati&#8221;. Ed infine non sono chiari i meccanismi del &#8220;Fondo verde&#8221; che dovrebbe investire dal 2020 al 2025 100 miliardi di dollari l&#8217;anno.<\/p>\n<p>Quello che \u00e8 certo \u00e8 che gli attuali impegni nazionali autodeterminati faranno aumentare la temperatura a 3,5\u00b0 C: una catastrofe assoluta. Ma anche se viene raggiunto l&#8217;obiettivo ufficiale dei 2\u00b0C siamo praticamente quasi rovinati, come spiega il Rapprto Stern (ex capo economista della Banca Mondiale incaricato dal governo inglese):<\/p>\n<p>&#8211; Diminuzione del 30% della disponibilit\u00e0 di acqua in Africa e nel Mediterraneo.<\/p>\n<p>&#8211; Brusca riduzione della resa agricola nelle regioni tropicali.<\/p>\n<p>&#8211; 40\/60 milioni di persone esposte alla malaria.<\/p>\n<p>&#8211; 10 milioni colpite da esondazioni.<\/p>\n<p>&#8211; Da 15 a 40% delle specie a rischio di estinzione<\/p>\n<p>&#8211; Fusione del ghiaccio della Groenlandia.<\/p>\n<p>&#8211; Aumento di livello del mare di 7 metri<\/p>\n<p>&#8211; Brusche variazioni nella circolazione atmosferica.<\/p>\n<p>&#8211; Rischio di collasso dell\u2019Antartico occidentale.<\/p>\n<p>&#8211; Rischio di collasso della circolazione termosalina atlantica.<\/p>\n<p>A Marrakech con la COP 22 del novembre 2016 la sensazione \u00e8 che le lobby fossili abbiano ripreso ulteriore spazio.<\/p>\n<p>La COP 23 si terr\u00e0 a Bonn dal 6 al 17 novembre 2017. <a href=\"http:\/\/unfccc.int\/meetings\/bonn_nov_2017\/items\/10068.php\">Per informazioni<\/a><\/p>\n<p>L&#8217;Europa continua ad incentivare il nucleare ed \u00e8 soggetta alle direttive Euratom, che recepisce automaticamente.<\/p>\n<p>L\u2019Unione Europea ha definito nell\u2019ottobre del 2014 una Strategia su clima ed energia che prevedeva l\u2019obiettivo vincolante per gli Stati membri di ridurre entro il 2030 le emissioni di gas serra nel territorio dell\u2019Unione di almeno il 40% rispetto ai livelli del 1990, e di contribuire con una quota di almeno 27% di energia rinnovabile e un miglioramento del 27% dell\u2019efficienza energetica.<\/p>\n<p>Ma nel 2015 i Paesi dell\u2019Ue hanno consumato s\u00ec meno energia, ma non meno fonti fossili: gli sforzi per decarbonizzare i sistemi energetici e i trasporti sono troppo lenti. Secondo i dati Eurostat (del 20 febbraio 2017), \u00e8 aumentata l\u2019incidenza dell\u2019importazione di combustibili fossili nell\u2019UE che soddisfa il 73% della domanda.<\/p>\n<p>Bene fanno quindi i movimenti di base a mobilitarsi con iniziative internazionali, come \u00e8 avvenuto l&#8217;11 marzo scorso, sesto anniversario di Fukushima, a Fessenheim (centrale nucleare stravecchia, al confine tra Francia e Germania) e Strasburgo, sede del Parlamento europeo.<\/p>\n<p>A livello italiano registriamo invece la proposta di Strategia Energetica Nazionale (SEN) del Ministro Calenda, con la sua pecca di fondo nell&#8217;impostazione: separare l&#8217;energia dal Piano integrato sul clima. Quindi il problema che ci si pone a livello governativo non \u00e8 come decarbonizzare il settore energia, ma come &#8211; \u00e8 una vecchia solfa! &#8211; abbassare le bollette a suo dire troppo caricate dagli incentivi alle rinnovabili (quelli alle fossili non si toccano!) e come evitare che ENEL chiuda le sue vecchie centrali termoelettriche.<\/p>\n<p>In realt\u00e0 sappiamo che la vera strategia energetica decisa dall&#8217;Italia (che coincide con buona parte della politica estera) \u00e8 quella decisa dalle multinazionali parapubbliche ENI ed ENEL, soprattutto dalla prima. All&#8217;ENI possiamo, ad esempio, fare risalire buona parte del nostro avventurismo bellico in Libia. Abbiamo poi la politica PRO-TRIV rinfrancata dal referendum che il movimento non \u00e8 riuscito a vincere nell&#8217;aprile 2016.\u00a0 Ai No TRIV, spalleggiati dai No TAV, dobbiamo oggi aggiungere i No TAP: i cittadini che protestano a Melendugno contro il gasdotto che dall&#8217;Azerbaigian porter\u00e0 il gas in Puglia, dopo aver attraversato l&#8217;Adriatico (TAP sta per Trans Adriatic Pipeline). La molla della ribellione popolare \u00e8 \u00a0l&#8217;espianto dei 200 circa ulivi secolari nel cantiere dove sar\u00e0 installato l&#8217;impianto che permetter\u00e0 il passaggio di gas (adesso il Tar del Lazio ha accolto la richiesta di sospensiva degli espianti avanzata dalla Regione Puglia).<\/p>\n<p>E&#8217; importante questo collegamento pratico tra realt\u00e0 di &#8220;opposizione a un modello di sviluppo basato sulla distruzione del territorio e alla speculazione economica ai danni della popolazione&#8221;.<\/p>\n<p>Ma non si vede al momento &#8211; \u00e8 l&#8217;opinione del sottoscritto &#8211; la capacit\u00e0 di formulare e perseguire una strategia realmente alternativa rispetto a ci\u00f2 contro cui ci si oppone.<\/p>\n","protected":false},"excerpt":{"rendered":"<p>L&#8217;accordo di Parigi (12 dicembre 2015), su cui pure \u00e8 imprescindibile lavorare, ha una trappola simile a quella del Trattato di Non Proliferazione: non c&#8217;\u00e8 una scadenza che fissi la decarbonizzazione totale\u00a0 dell&#8217;economia, cio\u00e9 l&#8217;azzeramento delle emissioni di C02: questo&hellip;<\/p>\n","protected":false},"author":1244,"featured_media":452776,"comment_status":"closed","ping_status":"closed","sticky":false,"template":"","format":"standard","meta":{"footnotes":""},"categories":[59,47,162],"tags":[225,11182,7908,16427,36442,36441,10978,3673,36443],"class_list":["post-452775","post","type-post","status-publish","format-standard","has-post-thumbnail","hentry","category-ambiente-ecologia","category-europa","category-opinioni","tag-ambiente","tag-bonn","tag-clima","tag-cop21","tag-cop22-marrakech","tag-cop23","tag-energie-fossili","tag-parigi","tag-strategia-energetica-nazionale-sen"],"yoast_head":"<!-- This site is optimized with the Yoast SEO plugin v27.1.1 - https:\/\/yoast.com\/product\/yoast-seo-wordpress\/ -->\n<title>La Cop23 di Bonn rimetta sui binari lo spirito di Parigi<\/title>\n<meta name=\"description\" content=\"L&#039;accordo di Parigi (12 dicembre 2015), su cui pure \u00e8 imprescindibile lavorare, ha una trappola simile a quella del Trattato di Non Proliferazione: non\" \/>\n<meta name=\"robots\" content=\"index, follow, max-snippet:-1, max-image-preview:large, max-video-preview:-1\" \/>\n<link rel=\"canonical\" href=\"https:\/\/www.pressenza.com\/it\/2017\/04\/la-cop23-di-bonn-rimetta-sui-binari-lo-spirito-di-parigi\/\" \/>\n<meta property=\"og:locale\" content=\"it_IT\" \/>\n<meta property=\"og:type\" content=\"article\" \/>\n<meta property=\"og:title\" content=\"La Cop23 di Bonn rimetta sui binari lo spirito di Parigi\" \/>\n<meta property=\"og:description\" content=\"L&#039;accordo di Parigi (12 dicembre 2015), su cui pure \u00e8 imprescindibile lavorare, ha una trappola simile a quella del Trattato di Non Proliferazione: non\" \/>\n<meta property=\"og:url\" content=\"https:\/\/www.pressenza.com\/it\/2017\/04\/la-cop23-di-bonn-rimetta-sui-binari-lo-spirito-di-parigi\/\" \/>\n<meta property=\"og:site_name\" content=\"Pressenza\" \/>\n<meta property=\"article:publisher\" content=\"https:\/\/www.facebook.com\/PressenzaItalia\" \/>\n<meta property=\"article:published_time\" content=\"2017-04-10T11:52:14+00:00\" \/>\n<meta property=\"article:modified_time\" content=\"2017-04-10T11:57:08+00:00\" \/>\n<meta property=\"og:image\" content=\"https:\/\/www.pressenza.com\/wp-content\/uploads\/2017\/04\/162799808.jpeg\" \/>\n\t<meta property=\"og:image:width\" content=\"1500\" \/>\n\t<meta property=\"og:image:height\" content=\"992\" \/>\n\t<meta property=\"og:image:type\" content=\"image\/jpeg\" \/>\n<meta name=\"author\" content=\"Alfonso Navarra\" \/>\n<meta name=\"twitter:card\" content=\"summary_large_image\" \/>\n<meta name=\"twitter:creator\" content=\"@PressenzaIPA\" \/>\n<meta name=\"twitter:site\" content=\"@PressenzaIPA\" \/>\n<meta name=\"twitter:label1\" content=\"Scritto da\" \/>\n\t<meta name=\"twitter:data1\" content=\"Alfonso Navarra\" \/>\n\t<meta name=\"twitter:label2\" content=\"Tempo di lettura stimato\" \/>\n\t<meta name=\"twitter:data2\" content=\"3 minuti\" \/>\n<script type=\"application\/ld+json\" class=\"yoast-schema-graph\">{\"@context\":\"https:\/\/schema.org\",\"@graph\":[{\"@type\":\"Article\",\"@id\":\"https:\/\/www.pressenza.com\/it\/2017\/04\/la-cop23-di-bonn-rimetta-sui-binari-lo-spirito-di-parigi\/#article\",\"isPartOf\":{\"@id\":\"https:\/\/www.pressenza.com\/it\/2017\/04\/la-cop23-di-bonn-rimetta-sui-binari-lo-spirito-di-parigi\/\"},\"author\":{\"name\":\"Alfonso Navarra\",\"@id\":\"https:\/\/www.pressenza.com\/it\/#\/schema\/person\/9777ec699bcf225d946f25bd8899376b\"},\"headline\":\"La Cop23 di Bonn rimetta sui binari lo spirito di Parigi\",\"datePublished\":\"2017-04-10T11:52:14+00:00\",\"dateModified\":\"2017-04-10T11:57:08+00:00\",\"mainEntityOfPage\":{\"@id\":\"https:\/\/www.pressenza.com\/it\/2017\/04\/la-cop23-di-bonn-rimetta-sui-binari-lo-spirito-di-parigi\/\"},\"wordCount\":686,\"publisher\":{\"@id\":\"https:\/\/www.pressenza.com\/it\/#organization\"},\"image\":{\"@id\":\"https:\/\/www.pressenza.com\/it\/2017\/04\/la-cop23-di-bonn-rimetta-sui-binari-lo-spirito-di-parigi\/#primaryimage\"},\"thumbnailUrl\":\"https:\/\/www.pressenza.com\/wp-content\/uploads\/2017\/04\/162799808.jpeg\",\"keywords\":[\"ambiente\",\"Bonn\",\"clima\",\"COP21\",\"Cop22 Marrakech\",\"Cop23\",\"energie fossili\",\"Parigi\",\"Strategia Energetica Nazionale (SEN)\"],\"articleSection\":[\"Ecologia ed Ambiente\",\"Europa\",\"Opinioni\"],\"inLanguage\":\"it-IT\"},{\"@type\":\"WebPage\",\"@id\":\"https:\/\/www.pressenza.com\/it\/2017\/04\/la-cop23-di-bonn-rimetta-sui-binari-lo-spirito-di-parigi\/\",\"url\":\"https:\/\/www.pressenza.com\/it\/2017\/04\/la-cop23-di-bonn-rimetta-sui-binari-lo-spirito-di-parigi\/\",\"name\":\"La Cop23 di Bonn rimetta sui binari lo spirito di Parigi\",\"isPartOf\":{\"@id\":\"https:\/\/www.pressenza.com\/it\/#website\"},\"primaryImageOfPage\":{\"@id\":\"https:\/\/www.pressenza.com\/it\/2017\/04\/la-cop23-di-bonn-rimetta-sui-binari-lo-spirito-di-parigi\/#primaryimage\"},\"image\":{\"@id\":\"https:\/\/www.pressenza.com\/it\/2017\/04\/la-cop23-di-bonn-rimetta-sui-binari-lo-spirito-di-parigi\/#primaryimage\"},\"thumbnailUrl\":\"https:\/\/www.pressenza.com\/wp-content\/uploads\/2017\/04\/162799808.jpeg\",\"datePublished\":\"2017-04-10T11:52:14+00:00\",\"dateModified\":\"2017-04-10T11:57:08+00:00\",\"description\":\"L'accordo di Parigi (12 dicembre 2015), su cui pure \u00e8 imprescindibile lavorare, ha una trappola simile a quella del Trattato di Non Proliferazione: non\",\"breadcrumb\":{\"@id\":\"https:\/\/www.pressenza.com\/it\/2017\/04\/la-cop23-di-bonn-rimetta-sui-binari-lo-spirito-di-parigi\/#breadcrumb\"},\"inLanguage\":\"it-IT\",\"potentialAction\":[{\"@type\":\"ReadAction\",\"target\":[\"https:\/\/www.pressenza.com\/it\/2017\/04\/la-cop23-di-bonn-rimetta-sui-binari-lo-spirito-di-parigi\/\"]}]},{\"@type\":\"ImageObject\",\"inLanguage\":\"it-IT\",\"@id\":\"https:\/\/www.pressenza.com\/it\/2017\/04\/la-cop23-di-bonn-rimetta-sui-binari-lo-spirito-di-parigi\/#primaryimage\",\"url\":\"https:\/\/www.pressenza.com\/wp-content\/uploads\/2017\/04\/162799808.jpeg\",\"contentUrl\":\"https:\/\/www.pressenza.com\/wp-content\/uploads\/2017\/04\/162799808.jpeg\",\"width\":1500,\"height\":992},{\"@type\":\"BreadcrumbList\",\"@id\":\"https:\/\/www.pressenza.com\/it\/2017\/04\/la-cop23-di-bonn-rimetta-sui-binari-lo-spirito-di-parigi\/#breadcrumb\",\"itemListElement\":[{\"@type\":\"ListItem\",\"position\":1,\"name\":\"Accueil\",\"item\":\"https:\/\/www.pressenza.com\/it\/\"},{\"@type\":\"ListItem\",\"position\":2,\"name\":\"La Cop23 di Bonn rimetta sui binari lo spirito di Parigi\"}]},{\"@type\":\"WebSite\",\"@id\":\"https:\/\/www.pressenza.com\/it\/#website\",\"url\":\"https:\/\/www.pressenza.com\/it\/\",\"name\":\"Pressenza\",\"description\":\"Agenzia di Stampa Internazionale\",\"publisher\":{\"@id\":\"https:\/\/www.pressenza.com\/it\/#organization\"},\"potentialAction\":[{\"@type\":\"SearchAction\",\"target\":{\"@type\":\"EntryPoint\",\"urlTemplate\":\"https:\/\/www.pressenza.com\/it\/?s={search_term_string}\"},\"query-input\":{\"@type\":\"PropertyValueSpecification\",\"valueRequired\":true,\"valueName\":\"search_term_string\"}}],\"inLanguage\":\"it-IT\"},{\"@type\":\"Organization\",\"@id\":\"https:\/\/www.pressenza.com\/it\/#organization\",\"name\":\"Pressenza\",\"url\":\"https:\/\/www.pressenza.com\/it\/\",\"logo\":{\"@type\":\"ImageObject\",\"inLanguage\":\"it-IT\",\"@id\":\"https:\/\/www.pressenza.com\/it\/#\/schema\/logo\/image\/\",\"url\":\"https:\/\/www.pressenza.com\/wp-content\/uploads\/2022\/10\/pressenza_logo_200x200.jpg\",\"contentUrl\":\"https:\/\/www.pressenza.com\/wp-content\/uploads\/2022\/10\/pressenza_logo_200x200.jpg\",\"width\":200,\"height\":200,\"caption\":\"Pressenza\"},\"image\":{\"@id\":\"https:\/\/www.pressenza.com\/it\/#\/schema\/logo\/image\/\"},\"sameAs\":[\"https:\/\/www.facebook.com\/PressenzaItalia\",\"https:\/\/x.com\/PressenzaIPA\"]},{\"@type\":\"Person\",\"@id\":\"https:\/\/www.pressenza.com\/it\/#\/schema\/person\/9777ec699bcf225d946f25bd8899376b\",\"name\":\"Alfonso Navarra\",\"url\":\"https:\/\/www.pressenza.com\/it\/author\/alfonso-navarra\/\"}]}<\/script>\n<!-- \/ Yoast SEO plugin. -->","yoast_head_json":{"title":"La Cop23 di Bonn rimetta sui binari lo spirito di Parigi","description":"L'accordo di Parigi (12 dicembre 2015), su cui pure \u00e8 imprescindibile lavorare, ha una trappola simile a quella del Trattato di Non Proliferazione: non","robots":{"index":"index","follow":"follow","max-snippet":"max-snippet:-1","max-image-preview":"max-image-preview:large","max-video-preview":"max-video-preview:-1"},"canonical":"https:\/\/www.pressenza.com\/it\/2017\/04\/la-cop23-di-bonn-rimetta-sui-binari-lo-spirito-di-parigi\/","og_locale":"it_IT","og_type":"article","og_title":"La Cop23 di Bonn rimetta sui binari lo spirito di Parigi","og_description":"L'accordo di Parigi (12 dicembre 2015), su cui pure \u00e8 imprescindibile lavorare, ha una trappola simile a quella del Trattato di Non Proliferazione: non","og_url":"https:\/\/www.pressenza.com\/it\/2017\/04\/la-cop23-di-bonn-rimetta-sui-binari-lo-spirito-di-parigi\/","og_site_name":"Pressenza","article_publisher":"https:\/\/www.facebook.com\/PressenzaItalia","article_published_time":"2017-04-10T11:52:14+00:00","article_modified_time":"2017-04-10T11:57:08+00:00","og_image":[{"width":1500,"height":992,"url":"https:\/\/www.pressenza.com\/wp-content\/uploads\/2017\/04\/162799808.jpeg","type":"image\/jpeg"}],"author":"Alfonso Navarra","twitter_card":"summary_large_image","twitter_creator":"@PressenzaIPA","twitter_site":"@PressenzaIPA","twitter_misc":{"Scritto da":"Alfonso Navarra","Tempo di lettura stimato":"3 minuti"},"schema":{"@context":"https:\/\/schema.org","@graph":[{"@type":"Article","@id":"https:\/\/www.pressenza.com\/it\/2017\/04\/la-cop23-di-bonn-rimetta-sui-binari-lo-spirito-di-parigi\/#article","isPartOf":{"@id":"https:\/\/www.pressenza.com\/it\/2017\/04\/la-cop23-di-bonn-rimetta-sui-binari-lo-spirito-di-parigi\/"},"author":{"name":"Alfonso Navarra","@id":"https:\/\/www.pressenza.com\/it\/#\/schema\/person\/9777ec699bcf225d946f25bd8899376b"},"headline":"La Cop23 di Bonn rimetta sui binari lo spirito di Parigi","datePublished":"2017-04-10T11:52:14+00:00","dateModified":"2017-04-10T11:57:08+00:00","mainEntityOfPage":{"@id":"https:\/\/www.pressenza.com\/it\/2017\/04\/la-cop23-di-bonn-rimetta-sui-binari-lo-spirito-di-parigi\/"},"wordCount":686,"publisher":{"@id":"https:\/\/www.pressenza.com\/it\/#organization"},"image":{"@id":"https:\/\/www.pressenza.com\/it\/2017\/04\/la-cop23-di-bonn-rimetta-sui-binari-lo-spirito-di-parigi\/#primaryimage"},"thumbnailUrl":"https:\/\/www.pressenza.com\/wp-content\/uploads\/2017\/04\/162799808.jpeg","keywords":["ambiente","Bonn","clima","COP21","Cop22 Marrakech","Cop23","energie fossili","Parigi","Strategia Energetica Nazionale (SEN)"],"articleSection":["Ecologia ed Ambiente","Europa","Opinioni"],"inLanguage":"it-IT"},{"@type":"WebPage","@id":"https:\/\/www.pressenza.com\/it\/2017\/04\/la-cop23-di-bonn-rimetta-sui-binari-lo-spirito-di-parigi\/","url":"https:\/\/www.pressenza.com\/it\/2017\/04\/la-cop23-di-bonn-rimetta-sui-binari-lo-spirito-di-parigi\/","name":"La Cop23 di Bonn rimetta sui binari lo spirito di Parigi","isPartOf":{"@id":"https:\/\/www.pressenza.com\/it\/#website"},"primaryImageOfPage":{"@id":"https:\/\/www.pressenza.com\/it\/2017\/04\/la-cop23-di-bonn-rimetta-sui-binari-lo-spirito-di-parigi\/#primaryimage"},"image":{"@id":"https:\/\/www.pressenza.com\/it\/2017\/04\/la-cop23-di-bonn-rimetta-sui-binari-lo-spirito-di-parigi\/#primaryimage"},"thumbnailUrl":"https:\/\/www.pressenza.com\/wp-content\/uploads\/2017\/04\/162799808.jpeg","datePublished":"2017-04-10T11:52:14+00:00","dateModified":"2017-04-10T11:57:08+00:00","description":"L'accordo di Parigi (12 dicembre 2015), su cui pure \u00e8 imprescindibile lavorare, ha una trappola simile a quella del Trattato di Non Proliferazione: non","breadcrumb":{"@id":"https:\/\/www.pressenza.com\/it\/2017\/04\/la-cop23-di-bonn-rimetta-sui-binari-lo-spirito-di-parigi\/#breadcrumb"},"inLanguage":"it-IT","potentialAction":[{"@type":"ReadAction","target":["https:\/\/www.pressenza.com\/it\/2017\/04\/la-cop23-di-bonn-rimetta-sui-binari-lo-spirito-di-parigi\/"]}]},{"@type":"ImageObject","inLanguage":"it-IT","@id":"https:\/\/www.pressenza.com\/it\/2017\/04\/la-cop23-di-bonn-rimetta-sui-binari-lo-spirito-di-parigi\/#primaryimage","url":"https:\/\/www.pressenza.com\/wp-content\/uploads\/2017\/04\/162799808.jpeg","contentUrl":"https:\/\/www.pressenza.com\/wp-content\/uploads\/2017\/04\/162799808.jpeg","width":1500,"height":992},{"@type":"BreadcrumbList","@id":"https:\/\/www.pressenza.com\/it\/2017\/04\/la-cop23-di-bonn-rimetta-sui-binari-lo-spirito-di-parigi\/#breadcrumb","itemListElement":[{"@type":"ListItem","position":1,"name":"Accueil","item":"https:\/\/www.pressenza.com\/it\/"},{"@type":"ListItem","position":2,"name":"La Cop23 di Bonn rimetta sui binari lo spirito di Parigi"}]},{"@type":"WebSite","@id":"https:\/\/www.pressenza.com\/it\/#website","url":"https:\/\/www.pressenza.com\/it\/","name":"Pressenza","description":"Agenzia di Stampa Internazionale","publisher":{"@id":"https:\/\/www.pressenza.com\/it\/#organization"},"potentialAction":[{"@type":"SearchAction","target":{"@type":"EntryPoint","urlTemplate":"https:\/\/www.pressenza.com\/it\/?s={search_term_string}"},"query-input":{"@type":"PropertyValueSpecification","valueRequired":true,"valueName":"search_term_string"}}],"inLanguage":"it-IT"},{"@type":"Organization","@id":"https:\/\/www.pressenza.com\/it\/#organization","name":"Pressenza","url":"https:\/\/www.pressenza.com\/it\/","logo":{"@type":"ImageObject","inLanguage":"it-IT","@id":"https:\/\/www.pressenza.com\/it\/#\/schema\/logo\/image\/","url":"https:\/\/www.pressenza.com\/wp-content\/uploads\/2022\/10\/pressenza_logo_200x200.jpg","contentUrl":"https:\/\/www.pressenza.com\/wp-content\/uploads\/2022\/10\/pressenza_logo_200x200.jpg","width":200,"height":200,"caption":"Pressenza"},"image":{"@id":"https:\/\/www.pressenza.com\/it\/#\/schema\/logo\/image\/"},"sameAs":["https:\/\/www.facebook.com\/PressenzaItalia","https:\/\/x.com\/PressenzaIPA"]},{"@type":"Person","@id":"https:\/\/www.pressenza.com\/it\/#\/schema\/person\/9777ec699bcf225d946f25bd8899376b","name":"Alfonso Navarra","url":"https:\/\/www.pressenza.com\/it\/author\/alfonso-navarra\/"}]}},"place":"","original_article_url":"","_links":{"self":[{"href":"https:\/\/www.pressenza.com\/it\/wp-json\/wp\/v2\/posts\/452775","targetHints":{"allow":["GET"]}}],"collection":[{"href":"https:\/\/www.pressenza.com\/it\/wp-json\/wp\/v2\/posts"}],"about":[{"href":"https:\/\/www.pressenza.com\/it\/wp-json\/wp\/v2\/types\/post"}],"author":[{"embeddable":true,"href":"https:\/\/www.pressenza.com\/it\/wp-json\/wp\/v2\/users\/1244"}],"replies":[{"embeddable":true,"href":"https:\/\/www.pressenza.com\/it\/wp-json\/wp\/v2\/comments?post=452775"}],"version-history":[{"count":0,"href":"https:\/\/www.pressenza.com\/it\/wp-json\/wp\/v2\/posts\/452775\/revisions"}],"wp:featuredmedia":[{"embeddable":true,"href":"https:\/\/www.pressenza.com\/it\/wp-json\/wp\/v2\/media\/452776"}],"wp:attachment":[{"href":"https:\/\/www.pressenza.com\/it\/wp-json\/wp\/v2\/media?parent=452775"}],"wp:term":[{"taxonomy":"category","embeddable":true,"href":"https:\/\/www.pressenza.com\/it\/wp-json\/wp\/v2\/categories?post=452775"},{"taxonomy":"post_tag","embeddable":true,"href":"https:\/\/www.pressenza.com\/it\/wp-json\/wp\/v2\/tags?post=452775"}],"curies":[{"name":"wp","href":"https:\/\/api.w.org\/{rel}","templated":true}]}}