{"id":445885,"date":"2017-03-22T20:57:54","date_gmt":"2017-03-22T20:57:54","guid":{"rendered":"https:\/\/www.pressenza.com\/?p=445885\/"},"modified":"2017-03-22T20:58:54","modified_gmt":"2017-03-22T20:58:54","slug":"nigeria-al-via-la-nuova-politica-immigrazione-terroristi-pastori-nomadi-stranieri","status":"publish","type":"post","link":"https:\/\/www.pressenza.com\/it\/2017\/03\/nigeria-al-via-la-nuova-politica-immigrazione-terroristi-pastori-nomadi-stranieri\/","title":{"rendered":"Nigeria: al via la nuova politica di immigrazione contro terroristi e pastori nomadi stranieri"},"content":{"rendered":"<p>Il governo federale della Nigeria ha presentato una nuova politica sull&#8217;immigrazione nota come &#8220;Regolamento sull&#8217;Immigrazione 2017&#8243; per controllare l&#8217;ingresso di terroristi e altri criminali transfrontalieri nel paese. Il ministro degli Interni, Abdulrahman Dambazau, ha detto che il documento sarebbe anche servito a monitorare la facilit\u00e0 di commerciare in Nigeria. Dambazau ha spiegato che il \u201cRegolamento sull&#8217;Immigrazione 2017&#8221; \u00e8 un documento fondamentale che cerca di rendere operativa la legge sull&#8217;immigrazione del 2015 e di fornire il quadro giuridico sullo sviluppo dinamico delle realt\u00e0 migratorie.<\/p>\n<p>Il ministro Dambazau ha detto che il nuovo regolamento dovrebbe sostituire il vecchio Immigration Act del 1963, che non si occupava di realt\u00e0 attuali quali il terrorismo, la tecnologia e le nuove sfide in materia di immigrazione. Ha spiegato che il nuovo documento autorizza il Servizio di Immigrazione della Nigeria (NIS) a registrare adeguatamente tutti gli stranieri, a proteggere i confini, a migliorare la sicurezza interna e ad attrarre gli investitori stranieri grazie alle nuove tecnologie. Il NIS avr\u00e0 il potere di registrare e monitorare l&#8217;ingresso e la circolazione dei pastori\/contadini stranieri che entran nel paese, e servir\u00e0 anche a monitorare gli scontri tra pastori e agricoltori.<\/p>\n<p>I pastori hanno distrutto fattorie, saccheggiato granai e case abbandonate dagli innocenti abitanti dei villaggi, effettuando anche attacchi indiscriminati e uccisioni in tutta la Nigeria. I violenti attacchi sono continuati senza sosta, senza alcun intervento da parte di qualunque forza di sicurezza nigeriana. Per gran parte degli ultimi sette anni, la pi\u00f9 grande minaccia alla sicurezza della Nigeria \u00e8 stata una devastante insurrezione guidata dalla setta terroristica Boko Haram, ma ora questo non accade pi\u00f9.<\/p>\n<p>Nel corso dell&#8217;ultimo anno, la Nigeria ha visto un incremento della violenza da parte dei pastori nomadi Fulani. La minaccia di una crisi, insieme gli effetti del rapido cambiamento climatico &#8211; <span id=\"result_box\" class=\"\" lang=\"it\">rapida <span class=\"\">desertificazione<\/span> <span class=\"\">dei pascoli<\/span> <span class=\"\">e<\/span> <span class=\"alt-edited\">minori<\/span> <span class=\"\">precipitazioni<\/span><\/span> -, ha reso pi\u00f9 difficile l&#8217;allevamento di bestiame nella Nigeria settentrionale. Alla ricerca di alternative, i pastori hanno viaggiato verso Sud in cerca di pascolo fertile per il loro bestiame. Ma a causa di ci\u00f2 la crescente violenza dei conflitti tra agricoltori e pastori \u00e8 diventata preoccupante.<\/p>\n<p>Secondo un rapporto effettuato da SBM Intelligence, una societ\u00e0 di consulenza con sede a Lagos, lo scorso anno i conflitti con i pastori hanno causato pi\u00f9 morti di Boko Haram. D&#8217;ora in poi con il nuovo Immigration Act la NIS lavorer\u00e0 con altre forze di sicurezza, come la polizia e l&#8217;Interpol, per tenere sotto controllo i reati transfrontalieri, il traffico di esseri umani e il contrabbando di armi in Nigeria. L&#8217;agenzia di stampa nigeriana (NAN) riporta che all&#8217;evento hanno partecipato diplomatici, funzionari del Ministero degli Affari Esteri, il NIS e l&#8217;Organizzazione Internazionale per le Migrazioni (IOM).<\/p>\n<p><a href=\"https:\/\/www.pressenza.com\/wp-content\/uploads\/2017\/03\/boko-haram-agelong-slaughter-of-chriatains.jpg\"><img loading=\"lazy\" decoding=\"async\" class=\"alignnone size-large wp-image-445862\" src=\"https:\/\/www.pressenza.com\/wp-content\/uploads\/2017\/03\/boko-haram-agelong-slaughter-of-chriatains.jpg\" alt=\"\" width=\"519\" height=\"343\" srcset=\"https:\/\/www.pressenza.com\/wp-content\/uploads\/2017\/03\/boko-haram-agelong-slaughter-of-chriatains.jpg 519w, https:\/\/www.pressenza.com\/wp-content\/uploads\/2017\/03\/boko-haram-agelong-slaughter-of-chriatains-300x198.jpg 300w\" sizes=\"auto, (max-width: 519px) 100vw, 519px\" \/><\/a> <a href=\"https:\/\/www.pressenza.com\/wp-content\/uploads\/2017\/03\/Fulani-Massacre-Agatu-640x431.jpg\"><img loading=\"lazy\" decoding=\"async\" class=\"alignnone size-large wp-image-445870\" src=\"https:\/\/www.pressenza.com\/wp-content\/uploads\/2017\/03\/Fulani-Massacre-Agatu-640x431.jpg\" alt=\"\" width=\"640\" height=\"431\" srcset=\"https:\/\/www.pressenza.com\/wp-content\/uploads\/2017\/03\/Fulani-Massacre-Agatu-640x431.jpg 640w, https:\/\/www.pressenza.com\/wp-content\/uploads\/2017\/03\/Fulani-Massacre-Agatu-640x431-300x202.jpg 300w\" sizes=\"auto, (max-width: 640px) 100vw, 640px\" \/><\/a> <a href=\"https:\/\/www.pressenza.com\/wp-content\/uploads\/2017\/03\/vllkyt7qnof0a21gt.ed8b0c79.jpg\"><img loading=\"lazy\" decoding=\"async\" class=\"alignnone size-large wp-image-445877\" src=\"https:\/\/www.pressenza.com\/wp-content\/uploads\/2017\/03\/vllkyt7qnof0a21gt.ed8b0c79.jpg\" alt=\"\" width=\"630\" height=\"300\" srcset=\"https:\/\/www.pressenza.com\/wp-content\/uploads\/2017\/03\/vllkyt7qnof0a21gt.ed8b0c79.jpg 630w, https:\/\/www.pressenza.com\/wp-content\/uploads\/2017\/03\/vllkyt7qnof0a21gt.ed8b0c79-300x143.jpg 300w\" sizes=\"auto, (max-width: 630px) 100vw, 630px\" \/><\/a><\/p>\n","protected":false},"excerpt":{"rendered":"<p>Il governo federale della Nigeria ha presentato una nuova politica sull&#8217;immigrazione nota come &#8220;Regolamento sull&#8217;Immigrazione 2017&#8243; per controllare l&#8217;ingresso di terroristi e altri criminali transfrontalieri nel paese. Il ministro degli Interni, Abdulrahman Dambazau, ha detto che il documento sarebbe anche&hellip;<\/p>\n","protected":false},"author":594,"featured_media":445859,"comment_status":"closed","ping_status":"closed","sticky":false,"template":"","format":"standard","meta":{"footnotes":""},"categories":[55],"tags":[9032,35954,4188,4027,2851],"class_list":["post-445885","post","type-post","status-publish","format-standard","has-post-thumbnail","hentry","category-politica","tag-boko-haram","tag-criminalita-transfrontaliera","tag-frontiere","tag-nigeria-it","tag-sicurezza"],"yoast_head":"<!-- This site is optimized with the Yoast SEO plugin v27.1.1 - https:\/\/yoast.com\/product\/yoast-seo-wordpress\/ -->\n<title>Nigeria: al via la nuova politica di immigrazione contro terroristi e pastori nomadi stranieri<\/title>\n<meta name=\"description\" content=\"Il governo federale della Nigeria ha presentato una nuova politica sull&#039;immigrazione nota come &quot;Regolamento sull&#039;Immigrazione 2017&quot; per controllare\" \/>\n<meta name=\"robots\" content=\"index, follow, max-snippet:-1, max-image-preview:large, max-video-preview:-1\" \/>\n<link rel=\"canonical\" href=\"https:\/\/www.pressenza.com\/it\/2017\/03\/nigeria-al-via-la-nuova-politica-immigrazione-terroristi-pastori-nomadi-stranieri\/\" \/>\n<meta property=\"og:locale\" content=\"it_IT\" \/>\n<meta property=\"og:type\" content=\"article\" \/>\n<meta property=\"og:title\" content=\"Nigeria: al via la nuova politica di immigrazione contro terroristi e pastori nomadi stranieri\" \/>\n<meta property=\"og:description\" content=\"Il governo federale della Nigeria ha presentato una nuova politica sull&#039;immigrazione nota come &quot;Regolamento sull&#039;Immigrazione 2017&quot; per controllare\" \/>\n<meta property=\"og:url\" content=\"https:\/\/www.pressenza.com\/it\/2017\/03\/nigeria-al-via-la-nuova-politica-immigrazione-terroristi-pastori-nomadi-stranieri\/\" \/>\n<meta property=\"og:site_name\" content=\"Pressenza\" \/>\n<meta property=\"article:publisher\" content=\"https:\/\/www.facebook.com\/PressenzaItalia\" \/>\n<meta property=\"article:author\" content=\"https:\/\/www.facebook.com\/PressenzaItalia\" \/>\n<meta property=\"article:published_time\" content=\"2017-03-22T20:57:54+00:00\" \/>\n<meta property=\"article:modified_time\" content=\"2017-03-22T20:58:54+00:00\" \/>\n<meta property=\"og:image\" content=\"https:\/\/www.pressenza.com\/wp-content\/uploads\/2017\/03\/herdsmen.jpg\" \/>\n\t<meta property=\"og:image:width\" content=\"800\" \/>\n\t<meta property=\"og:image:height\" content=\"600\" \/>\n\t<meta property=\"og:image:type\" content=\"image\/jpeg\" \/>\n<meta name=\"author\" content=\"Redazione Italia\" \/>\n<meta name=\"twitter:card\" content=\"summary_large_image\" \/>\n<meta name=\"twitter:creator\" content=\"@pressenza_it\" \/>\n<meta name=\"twitter:site\" content=\"@PressenzaIPA\" \/>\n<meta name=\"twitter:label1\" content=\"Scritto da\" \/>\n\t<meta name=\"twitter:data1\" content=\"Redazione Italia\" \/>\n\t<meta name=\"twitter:label2\" content=\"Tempo di lettura stimato\" \/>\n\t<meta name=\"twitter:data2\" content=\"2 minuti\" \/>\n<script type=\"application\/ld+json\" class=\"yoast-schema-graph\">{\"@context\":\"https:\/\/schema.org\",\"@graph\":[{\"@type\":\"Article\",\"@id\":\"https:\/\/www.pressenza.com\/it\/2017\/03\/nigeria-al-via-la-nuova-politica-immigrazione-terroristi-pastori-nomadi-stranieri\/#article\",\"isPartOf\":{\"@id\":\"https:\/\/www.pressenza.com\/it\/2017\/03\/nigeria-al-via-la-nuova-politica-immigrazione-terroristi-pastori-nomadi-stranieri\/\"},\"author\":{\"name\":\"Redazione Italia\",\"@id\":\"https:\/\/www.pressenza.com\/it\/#\/schema\/person\/d983e81827ae24f2c7b1a2123d197f8d\"},\"headline\":\"Nigeria: al via la nuova politica di immigrazione contro terroristi e pastori nomadi stranieri\",\"datePublished\":\"2017-03-22T20:57:54+00:00\",\"dateModified\":\"2017-03-22T20:58:54+00:00\",\"mainEntityOfPage\":{\"@id\":\"https:\/\/www.pressenza.com\/it\/2017\/03\/nigeria-al-via-la-nuova-politica-immigrazione-terroristi-pastori-nomadi-stranieri\/\"},\"wordCount\":467,\"publisher\":{\"@id\":\"https:\/\/www.pressenza.com\/it\/#organization\"},\"image\":{\"@id\":\"https:\/\/www.pressenza.com\/it\/2017\/03\/nigeria-al-via-la-nuova-politica-immigrazione-terroristi-pastori-nomadi-stranieri\/#primaryimage\"},\"thumbnailUrl\":\"https:\/\/www.pressenza.com\/wp-content\/uploads\/2017\/03\/herdsmen.jpg\",\"keywords\":[\"Boko Haram\",\"criminalit\u00e0 transfrontaliera\",\"frontiere\",\"Nigeria\",\"sicurezza\"],\"articleSection\":[\"Politica\"],\"inLanguage\":\"it-IT\"},{\"@type\":\"WebPage\",\"@id\":\"https:\/\/www.pressenza.com\/it\/2017\/03\/nigeria-al-via-la-nuova-politica-immigrazione-terroristi-pastori-nomadi-stranieri\/\",\"url\":\"https:\/\/www.pressenza.com\/it\/2017\/03\/nigeria-al-via-la-nuova-politica-immigrazione-terroristi-pastori-nomadi-stranieri\/\",\"name\":\"Nigeria: al via la nuova politica di immigrazione contro terroristi e pastori nomadi stranieri\",\"isPartOf\":{\"@id\":\"https:\/\/www.pressenza.com\/it\/#website\"},\"primaryImageOfPage\":{\"@id\":\"https:\/\/www.pressenza.com\/it\/2017\/03\/nigeria-al-via-la-nuova-politica-immigrazione-terroristi-pastori-nomadi-stranieri\/#primaryimage\"},\"image\":{\"@id\":\"https:\/\/www.pressenza.com\/it\/2017\/03\/nigeria-al-via-la-nuova-politica-immigrazione-terroristi-pastori-nomadi-stranieri\/#primaryimage\"},\"thumbnailUrl\":\"https:\/\/www.pressenza.com\/wp-content\/uploads\/2017\/03\/herdsmen.jpg\",\"datePublished\":\"2017-03-22T20:57:54+00:00\",\"dateModified\":\"2017-03-22T20:58:54+00:00\",\"description\":\"Il governo federale della Nigeria ha presentato una nuova politica sull'immigrazione nota come \\\"Regolamento sull'Immigrazione 2017\\\" per controllare\",\"breadcrumb\":{\"@id\":\"https:\/\/www.pressenza.com\/it\/2017\/03\/nigeria-al-via-la-nuova-politica-immigrazione-terroristi-pastori-nomadi-stranieri\/#breadcrumb\"},\"inLanguage\":\"it-IT\",\"potentialAction\":[{\"@type\":\"ReadAction\",\"target\":[\"https:\/\/www.pressenza.com\/it\/2017\/03\/nigeria-al-via-la-nuova-politica-immigrazione-terroristi-pastori-nomadi-stranieri\/\"]}]},{\"@type\":\"ImageObject\",\"inLanguage\":\"it-IT\",\"@id\":\"https:\/\/www.pressenza.com\/it\/2017\/03\/nigeria-al-via-la-nuova-politica-immigrazione-terroristi-pastori-nomadi-stranieri\/#primaryimage\",\"url\":\"https:\/\/www.pressenza.com\/wp-content\/uploads\/2017\/03\/herdsmen.jpg\",\"contentUrl\":\"https:\/\/www.pressenza.com\/wp-content\/uploads\/2017\/03\/herdsmen.jpg\",\"width\":800,\"height\":600},{\"@type\":\"BreadcrumbList\",\"@id\":\"https:\/\/www.pressenza.com\/it\/2017\/03\/nigeria-al-via-la-nuova-politica-immigrazione-terroristi-pastori-nomadi-stranieri\/#breadcrumb\",\"itemListElement\":[{\"@type\":\"ListItem\",\"position\":1,\"name\":\"Accueil\",\"item\":\"https:\/\/www.pressenza.com\/it\/\"},{\"@type\":\"ListItem\",\"position\":2,\"name\":\"Nigeria: al via la nuova politica di immigrazione contro terroristi e pastori nomadi stranieri\"}]},{\"@type\":\"WebSite\",\"@id\":\"https:\/\/www.pressenza.com\/it\/#website\",\"url\":\"https:\/\/www.pressenza.com\/it\/\",\"name\":\"Pressenza\",\"description\":\"Agenzia di Stampa Internazionale\",\"publisher\":{\"@id\":\"https:\/\/www.pressenza.com\/it\/#organization\"},\"potentialAction\":[{\"@type\":\"SearchAction\",\"target\":{\"@type\":\"EntryPoint\",\"urlTemplate\":\"https:\/\/www.pressenza.com\/it\/?s={search_term_string}\"},\"query-input\":{\"@type\":\"PropertyValueSpecification\",\"valueRequired\":true,\"valueName\":\"search_term_string\"}}],\"inLanguage\":\"it-IT\"},{\"@type\":\"Organization\",\"@id\":\"https:\/\/www.pressenza.com\/it\/#organization\",\"name\":\"Pressenza\",\"url\":\"https:\/\/www.pressenza.com\/it\/\",\"logo\":{\"@type\":\"ImageObject\",\"inLanguage\":\"it-IT\",\"@id\":\"https:\/\/www.pressenza.com\/it\/#\/schema\/logo\/image\/\",\"url\":\"https:\/\/www.pressenza.com\/wp-content\/uploads\/2022\/10\/pressenza_logo_200x200.jpg\",\"contentUrl\":\"https:\/\/www.pressenza.com\/wp-content\/uploads\/2022\/10\/pressenza_logo_200x200.jpg\",\"width\":200,\"height\":200,\"caption\":\"Pressenza\"},\"image\":{\"@id\":\"https:\/\/www.pressenza.com\/it\/#\/schema\/logo\/image\/\"},\"sameAs\":[\"https:\/\/www.facebook.com\/PressenzaItalia\",\"https:\/\/x.com\/PressenzaIPA\"]},{\"@type\":\"Person\",\"@id\":\"https:\/\/www.pressenza.com\/it\/#\/schema\/person\/d983e81827ae24f2c7b1a2123d197f8d\",\"name\":\"Redazione Italia\",\"description\":\"News from the Pressenza Bureau in Italy\",\"sameAs\":[\"https:\/\/www.pressenza.com\/it\/author\/redazione-italia\/\",\"https:\/\/www.facebook.com\/PressenzaItalia\",\"https:\/\/www.instagram.com\/pressenza_italia\/\",\"https:\/\/x.com\/pressenza_it\",\"https:\/\/www.youtube.com\/channel\/UCSalEIWjE1RSxkwjfftFuqg\"],\"url\":\"https:\/\/www.pressenza.com\/it\/author\/redazione-italia\/\"}]}<\/script>\n<!-- \/ Yoast SEO plugin. -->","yoast_head_json":{"title":"Nigeria: al via la nuova politica di immigrazione contro terroristi e pastori nomadi stranieri","description":"Il governo federale della Nigeria ha presentato una nuova politica sull'immigrazione nota come \"Regolamento sull'Immigrazione 2017\" per controllare","robots":{"index":"index","follow":"follow","max-snippet":"max-snippet:-1","max-image-preview":"max-image-preview:large","max-video-preview":"max-video-preview:-1"},"canonical":"https:\/\/www.pressenza.com\/it\/2017\/03\/nigeria-al-via-la-nuova-politica-immigrazione-terroristi-pastori-nomadi-stranieri\/","og_locale":"it_IT","og_type":"article","og_title":"Nigeria: al via la nuova politica di immigrazione contro terroristi e pastori nomadi stranieri","og_description":"Il governo federale della Nigeria ha presentato una nuova politica sull'immigrazione nota come \"Regolamento sull'Immigrazione 2017\" per controllare","og_url":"https:\/\/www.pressenza.com\/it\/2017\/03\/nigeria-al-via-la-nuova-politica-immigrazione-terroristi-pastori-nomadi-stranieri\/","og_site_name":"Pressenza","article_publisher":"https:\/\/www.facebook.com\/PressenzaItalia","article_author":"https:\/\/www.facebook.com\/PressenzaItalia","article_published_time":"2017-03-22T20:57:54+00:00","article_modified_time":"2017-03-22T20:58:54+00:00","og_image":[{"width":800,"height":600,"url":"https:\/\/www.pressenza.com\/wp-content\/uploads\/2017\/03\/herdsmen.jpg","type":"image\/jpeg"}],"author":"Redazione Italia","twitter_card":"summary_large_image","twitter_creator":"@pressenza_it","twitter_site":"@PressenzaIPA","twitter_misc":{"Scritto da":"Redazione Italia","Tempo di lettura stimato":"2 minuti"},"schema":{"@context":"https:\/\/schema.org","@graph":[{"@type":"Article","@id":"https:\/\/www.pressenza.com\/it\/2017\/03\/nigeria-al-via-la-nuova-politica-immigrazione-terroristi-pastori-nomadi-stranieri\/#article","isPartOf":{"@id":"https:\/\/www.pressenza.com\/it\/2017\/03\/nigeria-al-via-la-nuova-politica-immigrazione-terroristi-pastori-nomadi-stranieri\/"},"author":{"name":"Redazione Italia","@id":"https:\/\/www.pressenza.com\/it\/#\/schema\/person\/d983e81827ae24f2c7b1a2123d197f8d"},"headline":"Nigeria: al via la nuova politica di immigrazione contro terroristi e pastori nomadi stranieri","datePublished":"2017-03-22T20:57:54+00:00","dateModified":"2017-03-22T20:58:54+00:00","mainEntityOfPage":{"@id":"https:\/\/www.pressenza.com\/it\/2017\/03\/nigeria-al-via-la-nuova-politica-immigrazione-terroristi-pastori-nomadi-stranieri\/"},"wordCount":467,"publisher":{"@id":"https:\/\/www.pressenza.com\/it\/#organization"},"image":{"@id":"https:\/\/www.pressenza.com\/it\/2017\/03\/nigeria-al-via-la-nuova-politica-immigrazione-terroristi-pastori-nomadi-stranieri\/#primaryimage"},"thumbnailUrl":"https:\/\/www.pressenza.com\/wp-content\/uploads\/2017\/03\/herdsmen.jpg","keywords":["Boko Haram","criminalit\u00e0 transfrontaliera","frontiere","Nigeria","sicurezza"],"articleSection":["Politica"],"inLanguage":"it-IT"},{"@type":"WebPage","@id":"https:\/\/www.pressenza.com\/it\/2017\/03\/nigeria-al-via-la-nuova-politica-immigrazione-terroristi-pastori-nomadi-stranieri\/","url":"https:\/\/www.pressenza.com\/it\/2017\/03\/nigeria-al-via-la-nuova-politica-immigrazione-terroristi-pastori-nomadi-stranieri\/","name":"Nigeria: al via la nuova politica di immigrazione contro terroristi e pastori nomadi stranieri","isPartOf":{"@id":"https:\/\/www.pressenza.com\/it\/#website"},"primaryImageOfPage":{"@id":"https:\/\/www.pressenza.com\/it\/2017\/03\/nigeria-al-via-la-nuova-politica-immigrazione-terroristi-pastori-nomadi-stranieri\/#primaryimage"},"image":{"@id":"https:\/\/www.pressenza.com\/it\/2017\/03\/nigeria-al-via-la-nuova-politica-immigrazione-terroristi-pastori-nomadi-stranieri\/#primaryimage"},"thumbnailUrl":"https:\/\/www.pressenza.com\/wp-content\/uploads\/2017\/03\/herdsmen.jpg","datePublished":"2017-03-22T20:57:54+00:00","dateModified":"2017-03-22T20:58:54+00:00","description":"Il governo federale della Nigeria ha presentato una nuova politica sull'immigrazione nota come \"Regolamento sull'Immigrazione 2017\" per controllare","breadcrumb":{"@id":"https:\/\/www.pressenza.com\/it\/2017\/03\/nigeria-al-via-la-nuova-politica-immigrazione-terroristi-pastori-nomadi-stranieri\/#breadcrumb"},"inLanguage":"it-IT","potentialAction":[{"@type":"ReadAction","target":["https:\/\/www.pressenza.com\/it\/2017\/03\/nigeria-al-via-la-nuova-politica-immigrazione-terroristi-pastori-nomadi-stranieri\/"]}]},{"@type":"ImageObject","inLanguage":"it-IT","@id":"https:\/\/www.pressenza.com\/it\/2017\/03\/nigeria-al-via-la-nuova-politica-immigrazione-terroristi-pastori-nomadi-stranieri\/#primaryimage","url":"https:\/\/www.pressenza.com\/wp-content\/uploads\/2017\/03\/herdsmen.jpg","contentUrl":"https:\/\/www.pressenza.com\/wp-content\/uploads\/2017\/03\/herdsmen.jpg","width":800,"height":600},{"@type":"BreadcrumbList","@id":"https:\/\/www.pressenza.com\/it\/2017\/03\/nigeria-al-via-la-nuova-politica-immigrazione-terroristi-pastori-nomadi-stranieri\/#breadcrumb","itemListElement":[{"@type":"ListItem","position":1,"name":"Accueil","item":"https:\/\/www.pressenza.com\/it\/"},{"@type":"ListItem","position":2,"name":"Nigeria: al via la nuova politica di immigrazione contro terroristi e pastori nomadi stranieri"}]},{"@type":"WebSite","@id":"https:\/\/www.pressenza.com\/it\/#website","url":"https:\/\/www.pressenza.com\/it\/","name":"Pressenza","description":"Agenzia di Stampa Internazionale","publisher":{"@id":"https:\/\/www.pressenza.com\/it\/#organization"},"potentialAction":[{"@type":"SearchAction","target":{"@type":"EntryPoint","urlTemplate":"https:\/\/www.pressenza.com\/it\/?s={search_term_string}"},"query-input":{"@type":"PropertyValueSpecification","valueRequired":true,"valueName":"search_term_string"}}],"inLanguage":"it-IT"},{"@type":"Organization","@id":"https:\/\/www.pressenza.com\/it\/#organization","name":"Pressenza","url":"https:\/\/www.pressenza.com\/it\/","logo":{"@type":"ImageObject","inLanguage":"it-IT","@id":"https:\/\/www.pressenza.com\/it\/#\/schema\/logo\/image\/","url":"https:\/\/www.pressenza.com\/wp-content\/uploads\/2022\/10\/pressenza_logo_200x200.jpg","contentUrl":"https:\/\/www.pressenza.com\/wp-content\/uploads\/2022\/10\/pressenza_logo_200x200.jpg","width":200,"height":200,"caption":"Pressenza"},"image":{"@id":"https:\/\/www.pressenza.com\/it\/#\/schema\/logo\/image\/"},"sameAs":["https:\/\/www.facebook.com\/PressenzaItalia","https:\/\/x.com\/PressenzaIPA"]},{"@type":"Person","@id":"https:\/\/www.pressenza.com\/it\/#\/schema\/person\/d983e81827ae24f2c7b1a2123d197f8d","name":"Redazione Italia","description":"News from the Pressenza Bureau in Italy","sameAs":["https:\/\/www.pressenza.com\/it\/author\/redazione-italia\/","https:\/\/www.facebook.com\/PressenzaItalia","https:\/\/www.instagram.com\/pressenza_italia\/","https:\/\/x.com\/pressenza_it","https:\/\/www.youtube.com\/channel\/UCSalEIWjE1RSxkwjfftFuqg"],"url":"https:\/\/www.pressenza.com\/it\/author\/redazione-italia\/"}]}},"place":"","original_article_url":"","_links":{"self":[{"href":"https:\/\/www.pressenza.com\/it\/wp-json\/wp\/v2\/posts\/445885","targetHints":{"allow":["GET"]}}],"collection":[{"href":"https:\/\/www.pressenza.com\/it\/wp-json\/wp\/v2\/posts"}],"about":[{"href":"https:\/\/www.pressenza.com\/it\/wp-json\/wp\/v2\/types\/post"}],"author":[{"embeddable":true,"href":"https:\/\/www.pressenza.com\/it\/wp-json\/wp\/v2\/users\/594"}],"replies":[{"embeddable":true,"href":"https:\/\/www.pressenza.com\/it\/wp-json\/wp\/v2\/comments?post=445885"}],"version-history":[{"count":0,"href":"https:\/\/www.pressenza.com\/it\/wp-json\/wp\/v2\/posts\/445885\/revisions"}],"wp:featuredmedia":[{"embeddable":true,"href":"https:\/\/www.pressenza.com\/it\/wp-json\/wp\/v2\/media\/445859"}],"wp:attachment":[{"href":"https:\/\/www.pressenza.com\/it\/wp-json\/wp\/v2\/media?parent=445885"}],"wp:term":[{"taxonomy":"category","embeddable":true,"href":"https:\/\/www.pressenza.com\/it\/wp-json\/wp\/v2\/categories?post=445885"},{"taxonomy":"post_tag","embeddable":true,"href":"https:\/\/www.pressenza.com\/it\/wp-json\/wp\/v2\/tags?post=445885"}],"curies":[{"name":"wp","href":"https:\/\/api.w.org\/{rel}","templated":true}]}}