{"id":443206,"date":"2017-03-15T13:11:14","date_gmt":"2017-03-15T13:11:14","guid":{"rendered":"https:\/\/www.pressenza.com\/?p=443206\/"},"modified":"2017-03-15T13:11:14","modified_gmt":"2017-03-15T13:11:14","slug":"la-risposta-grenoble-dichiarazione-delle-collettivita-europee-ceta-tafta","status":"publish","type":"post","link":"https:\/\/www.pressenza.com\/it\/2017\/03\/la-risposta-grenoble-dichiarazione-delle-collettivita-europee-ceta-tafta\/","title":{"rendered":"La risposta di Grenoble: dichiarazione delle collettivit\u00e0 europee fuori CETA-TAFTA"},"content":{"rendered":"<style type=\"text\/css\">\n\t<!-- @page { margin: 2cm } A:link { so-language: zxx } --><br \/>\t<\/style>\n<p><span style=\"color: #333333;\"><span style=\"font-family: 'Helvetica Neue', Helvetica, sans-serif;\"><span style=\"font-size: small;\">Il 17 e il 18 febbraio scorso, la citt\u00e0 di Grenoble ha ospitato il secondo vertice pan-europeo &#8220;Le autorit\u00e0 locali e la nuova generazione di trattati di libero scambio&#8221;. Questo evento ha riunito i rappresentanti locali francesi ed europei che, lavorando insieme, hanno creato una rete attiva di informazione e di azione sul CETA (accordo globale economico e commerciale UE-Canada) e sul TAFTA (trattato transatlantico UE-USA).<br \/>\nLa riunione si \u00e8 conclusa con una dichiarazione intitolata &#8220;La risposta di Grenoble&#8221;, con riferimento alla reazione dei rappresentanti politici alla ratifica del CETA.<\/span><\/span><\/span><\/p>\n<p><strong><span style=\"color: #333333;\"><span style=\"font-family: 'Helvetica Neue', Helvetica, sans-serif;\"><span style=\"font-size: small;\"><b>La replica di Grenoble<\/b><\/span><\/span><\/span><\/strong><\/p>\n<p><span style=\"color: #333333;\"><span style=\"font-family: 'Helvetica Neue', Helvetica, sans-serif;\"><span style=\"font-size: small;\">Sessant&#8217;anni dopo la sua creazione, l&#8217;Unione europea \u00e8 ora ad un bivio. Le varie crisi che l&#8217;Unione europea attraversa chiedono una soluzione politica. Di fronte ai problemi, essa deve porre al centro delle proprie azioni quelli che sono i suoi valori fondamentali: solidariet\u00e0, rispetto delle libert\u00e0, giustizia. I trattati di libero scambio di nuova generazione portano benefici ad una minoranza nelle nostre societ\u00e0. Essi contraddicono i diritti fondamentali e accelerano la crisi ecologica, a detrimento delle generazioni future. Questi trattati minacciano direttamente la nostra capacit\u00e0 di costruire una societ\u00e0 e una vita migliore per ciascuno, un&#8217;economia socialmente e ecologicamente sostenibile, il diritto al riconoscimento democratico dei cittadini, la salvaguardia dei nostri territori come beni comuni. L&#8217;urgenza dell&#8217;Europa \u00e8 quella di consolidare la propria economia rafforzando i diritti sociali, economici, ambientali e lavorativi, non quella di deregolamentare ulteriormente i mercati.<\/span><\/span><\/span><\/p>\n<p><span style=\"color: #333333;\"><span style=\"font-family: 'Helvetica Neue', Helvetica, sans-serif;\"><span style=\"font-size: small;\">Noi, sindaci e rappresentanti eletti\/e delle citt\u00e0 e dei territori riuniti a Grenoble il 17 febbraio 2017 al secondo meeting delle citt\u00e0 pan-europee contro gli accordi di libero scambio:<\/span><\/span><\/span><\/p>\n<p>_ <span style=\"color: #333333;\"><span style=\"font-family: 'Helvetica Neue', Helvetica, sans-serif;\"><span style=\"font-size: small;\">\u00a0Prendiamo atto della ratifica del CETA da parte del Parlamento europeo il 15 febbraio 2017, che implica la sua imminente applicazione provvisoria; rimaniamo uniti e decisi nella nostra decisione di combatterlo ed esortiamo i governi nazionali degli Stati membri a non ratificare il CETA;<\/span><\/span><\/span><\/p>\n<p>_ <span style=\"color: #333333;\"><span style=\"font-family: 'Helvetica Neue', Helvetica, sans-serif;\"><span style=\"font-size: small;\">\u00a0Ora pi\u00f9 che mai, la mobilitazione locale deve crescere, in questa fase delle ratifiche nazionali, quando i dibattiti democratici possono essere vivaci e nella quale i cittadini possono effettivamente appropriarsi della questione, perch\u00e9 \u00e8 localmente che le conseguenze negative si faranno sentire; ci lavoreremo con tutti i nostri partner e le nostre comunit\u00e0, e continueremo inoltre ad allargare la rete dei comuni e territori coinvolti;<\/span><\/span><\/span><\/p>\n<p><span style=\"color: #333333;\">\u2013<\/span><span style=\"color: #333333;\"> Sono\u00a0<span style=\"font-family: 'Helvetica Neue', Helvetica, sans-serif;\"><span style=\"font-size: small;\">la ricostruzione democratica e la re-invenzione del legame con i cittadini a far s\u00ec che si possa combattere l&#8217;ascesa di idee nazionaliste e xenofobe cos\u00ec come delle forze che le portano, alle quali l&#8217;estensione del libero scambio ha ampiamento contribuito. \u00c8 ora di passare dall&#8217;opposizione alla proposta. Dichiariamo e costruiamo giorno per giorno il mondo che vogliamo;<\/span><\/span><\/span><\/p>\n<p><span style=\"color: #333333;\">\u2013<\/span><span style=\"color: #333333;\"> <span style=\"font-family: 'Helvetica Neue', Helvetica, sans-serif;\"><span style=\"font-size: small;\">Migliaia di alternative sono gi\u00e0 in marcia intorno a noi, nelle citt\u00e0, nei territori, e noi vogliamo amplificare la cooperazione tra i rappresentanti politici e i territori, con la societ\u00e0 civile impegnata, con gli attori economici locali, per svilupparle ulteriormente, promuovere le alternative necessarie a dare il via alla transizione e far nascere un mondo equo e solidale;<\/span><\/span><\/span><\/p>\n<p><span style=\"color: #333333;\">\u2013<\/span><span style=\"color: #333333;\"> <span style=\"font-family: 'Helvetica Neue', Helvetica, sans-serif;\"><span style=\"font-size: small;\">Per resistere alla deregolamentazione del commercio e degli investimenti, le citt\u00e0 e i territori devono rafforzare le loro capacit\u00e0 di resilienza e di cooperazione per riappropriarsi dei beni comuni, recuperare i mezzi per dinamizzare l&#8217;occupazione locale, preservare l&#8217;agricoltura biologica, proteggere gli ecosistemi, in particolare municipalizzando i servizi pubblici e con una gestione della cosa pubblica sostenibile e responsabile.<\/span><\/span><\/span><\/p>\n<p><span style=\"color: #333333;\">\u2013<\/span><span style=\"color: #333333;\"> <span style=\"font-family: 'Helvetica Neue', Helvetica, sans-serif;\"><span style=\"font-size: small;\">Noi vogliamo definire e promuovere le regole del commercio equo e sostenibile, nell&#8217;interesse non di alcuni ma di tutti.<\/span><\/span><\/span><\/p>\n<p><span style=\"color: #333333;\"><span style=\"font-family: 'Helvetica Neue', Helvetica, sans-serif;\"><span style=\"font-size: small;\">Noi, sindaci e rappresentanti eletti delle citt\u00e0 e dei territori, riuniti il 17 febbraio a Grenoble, vogliamo contribuire insieme a ricostruire l&#8217;Europa, partendo dai territori e con i cittadini, che ne sono la forza e danno loro vivacit\u00e0 democratica e popolare. Un&#8217;altra governance \u00e8 possibile, ed \u00e8 gi\u00e0 in cammino.<br \/>\nNoi ci impegniamo a comunicare questa dichiarazione, proposta dalle citt\u00e0 e dai territori presenti o rappresentati, ai responsabili dell&#8217;Unione europea, ai governi nazionali e alle istituzioni e agli organi pertinenti.<\/span><\/span><\/span><\/p>\n<p><span style=\"color: #333333;\"><span style=\"font-family: 'Helvetica Neue', Helvetica, sans-serif;\"><span style=\"font-size: small;\">Traduzione dal francese di <a href=\"http:\/\/it.linkedin.com\/pub\/giuseppina-vecchia\/2b\/942\/802\/en\">Giuseppina Vecchia<\/a> per Pressenza<\/span><\/span><\/span><\/p>\n","protected":false},"excerpt":{"rendered":"<p>Il 17 e il 18 febbraio scorso, la citt\u00e0 di Grenoble ha ospitato il secondo vertice pan-europeo &#8220;Le autorit\u00e0 locali e la nuova generazione di trattati di libero scambio&#8221;. Questo evento ha riunito i rappresentanti locali francesi ed europei che,&hellip;<\/p>\n","protected":false},"author":1085,"featured_media":443110,"comment_status":"closed","ping_status":"closed","sticky":false,"template":"","format":"standard","meta":{"footnotes":""},"categories":[60,47,38],"tags":[14329,7363,12894,7807],"class_list":["post-443206","post","type-post","status-publish","format-standard","has-post-thumbnail","hentry","category-diritti-umani","category-europa","category-internazionale","tag-accordi-commerciali","tag-ceta-it","tag-grenoble","tag-tafta-it"],"yoast_head":"<!-- This site is optimized with the Yoast SEO plugin v27.1.1 - https:\/\/yoast.com\/product\/yoast-seo-wordpress\/ -->\n<title>La risposta di Grenoble: dichiarazione delle collettivit\u00e0 europee fuori CETA-TAFTA<\/title>\n<meta name=\"description\" content=\"Il 17 e il 18 febbraio scorso, la citt\u00e0 di Grenoble ha ospitato il secondo vertice pan-europeo &quot;Le autorit\u00e0 locali e la nuova generazione di trattati di\" \/>\n<meta name=\"robots\" content=\"index, follow, max-snippet:-1, max-image-preview:large, max-video-preview:-1\" \/>\n<link rel=\"canonical\" href=\"https:\/\/www.pressenza.com\/it\/2017\/03\/la-risposta-grenoble-dichiarazione-delle-collettivita-europee-ceta-tafta\/\" \/>\n<meta property=\"og:locale\" content=\"it_IT\" \/>\n<meta property=\"og:type\" content=\"article\" \/>\n<meta property=\"og:title\" content=\"La risposta di Grenoble: dichiarazione delle collettivit\u00e0 europee fuori CETA-TAFTA\" \/>\n<meta property=\"og:description\" content=\"Il 17 e il 18 febbraio scorso, la citt\u00e0 di Grenoble ha ospitato il secondo vertice pan-europeo &quot;Le autorit\u00e0 locali e la nuova generazione di trattati di\" \/>\n<meta property=\"og:url\" content=\"https:\/\/www.pressenza.com\/it\/2017\/03\/la-risposta-grenoble-dichiarazione-delle-collettivita-europee-ceta-tafta\/\" \/>\n<meta property=\"og:site_name\" content=\"Pressenza\" \/>\n<meta property=\"article:publisher\" content=\"https:\/\/www.facebook.com\/PressenzaItalia\" \/>\n<meta property=\"article:published_time\" content=\"2017-03-15T13:11:14+00:00\" \/>\n<meta property=\"og:image\" content=\"https:\/\/www.pressenza.com\/wp-content\/uploads\/2017\/03\/replique-de-grenoble.jpg\" \/>\n\t<meta property=\"og:image:width\" content=\"750\" \/>\n\t<meta property=\"og:image:height\" content=\"500\" \/>\n\t<meta property=\"og:image:type\" content=\"image\/jpeg\" \/>\n<meta name=\"author\" content=\"Association Internationale de Techniciens, Experts et Chercheurs\" \/>\n<meta name=\"twitter:card\" content=\"summary_large_image\" \/>\n<meta name=\"twitter:creator\" content=\"@PressenzaIPA\" \/>\n<meta name=\"twitter:site\" content=\"@PressenzaIPA\" \/>\n<meta name=\"twitter:label1\" content=\"Scritto da\" \/>\n\t<meta name=\"twitter:data1\" content=\"Association Internationale de Techniciens, Experts et Chercheurs\" \/>\n\t<meta name=\"twitter:label2\" content=\"Tempo di lettura stimato\" \/>\n\t<meta name=\"twitter:data2\" content=\"3 minuti\" \/>\n<script type=\"application\/ld+json\" class=\"yoast-schema-graph\">{\"@context\":\"https:\/\/schema.org\",\"@graph\":[{\"@type\":\"Article\",\"@id\":\"https:\/\/www.pressenza.com\/it\/2017\/03\/la-risposta-grenoble-dichiarazione-delle-collettivita-europee-ceta-tafta\/#article\",\"isPartOf\":{\"@id\":\"https:\/\/www.pressenza.com\/it\/2017\/03\/la-risposta-grenoble-dichiarazione-delle-collettivita-europee-ceta-tafta\/\"},\"author\":{\"name\":\"Association Internationale de Techniciens, Experts et Chercheurs\",\"@id\":\"https:\/\/www.pressenza.com\/it\/#\/schema\/person\/66ef138ad4c7fad6a91a23d6953e64ad\"},\"headline\":\"La risposta di Grenoble: dichiarazione delle collettivit\u00e0 europee fuori CETA-TAFTA\",\"datePublished\":\"2017-03-15T13:11:14+00:00\",\"mainEntityOfPage\":{\"@id\":\"https:\/\/www.pressenza.com\/it\/2017\/03\/la-risposta-grenoble-dichiarazione-delle-collettivita-europee-ceta-tafta\/\"},\"wordCount\":664,\"publisher\":{\"@id\":\"https:\/\/www.pressenza.com\/it\/#organization\"},\"image\":{\"@id\":\"https:\/\/www.pressenza.com\/it\/2017\/03\/la-risposta-grenoble-dichiarazione-delle-collettivita-europee-ceta-tafta\/#primaryimage\"},\"thumbnailUrl\":\"https:\/\/www.pressenza.com\/wp-content\/uploads\/2017\/03\/replique-de-grenoble.jpg\",\"keywords\":[\"accordi commerciali\",\"CETA\",\"Grenoble\",\"TAFTA\"],\"articleSection\":[\"Diritti Umani\",\"Europa\",\"Internazionale\"],\"inLanguage\":\"it-IT\"},{\"@type\":\"WebPage\",\"@id\":\"https:\/\/www.pressenza.com\/it\/2017\/03\/la-risposta-grenoble-dichiarazione-delle-collettivita-europee-ceta-tafta\/\",\"url\":\"https:\/\/www.pressenza.com\/it\/2017\/03\/la-risposta-grenoble-dichiarazione-delle-collettivita-europee-ceta-tafta\/\",\"name\":\"La risposta di Grenoble: dichiarazione delle collettivit\u00e0 europee fuori CETA-TAFTA\",\"isPartOf\":{\"@id\":\"https:\/\/www.pressenza.com\/it\/#website\"},\"primaryImageOfPage\":{\"@id\":\"https:\/\/www.pressenza.com\/it\/2017\/03\/la-risposta-grenoble-dichiarazione-delle-collettivita-europee-ceta-tafta\/#primaryimage\"},\"image\":{\"@id\":\"https:\/\/www.pressenza.com\/it\/2017\/03\/la-risposta-grenoble-dichiarazione-delle-collettivita-europee-ceta-tafta\/#primaryimage\"},\"thumbnailUrl\":\"https:\/\/www.pressenza.com\/wp-content\/uploads\/2017\/03\/replique-de-grenoble.jpg\",\"datePublished\":\"2017-03-15T13:11:14+00:00\",\"description\":\"Il 17 e il 18 febbraio scorso, la citt\u00e0 di Grenoble ha ospitato il secondo vertice pan-europeo \\\"Le autorit\u00e0 locali e la nuova generazione di trattati di\",\"breadcrumb\":{\"@id\":\"https:\/\/www.pressenza.com\/it\/2017\/03\/la-risposta-grenoble-dichiarazione-delle-collettivita-europee-ceta-tafta\/#breadcrumb\"},\"inLanguage\":\"it-IT\",\"potentialAction\":[{\"@type\":\"ReadAction\",\"target\":[\"https:\/\/www.pressenza.com\/it\/2017\/03\/la-risposta-grenoble-dichiarazione-delle-collettivita-europee-ceta-tafta\/\"]}]},{\"@type\":\"ImageObject\",\"inLanguage\":\"it-IT\",\"@id\":\"https:\/\/www.pressenza.com\/it\/2017\/03\/la-risposta-grenoble-dichiarazione-delle-collettivita-europee-ceta-tafta\/#primaryimage\",\"url\":\"https:\/\/www.pressenza.com\/wp-content\/uploads\/2017\/03\/replique-de-grenoble.jpg\",\"contentUrl\":\"https:\/\/www.pressenza.com\/wp-content\/uploads\/2017\/03\/replique-de-grenoble.jpg\",\"width\":750,\"height\":500},{\"@type\":\"BreadcrumbList\",\"@id\":\"https:\/\/www.pressenza.com\/it\/2017\/03\/la-risposta-grenoble-dichiarazione-delle-collettivita-europee-ceta-tafta\/#breadcrumb\",\"itemListElement\":[{\"@type\":\"ListItem\",\"position\":1,\"name\":\"Accueil\",\"item\":\"https:\/\/www.pressenza.com\/it\/\"},{\"@type\":\"ListItem\",\"position\":2,\"name\":\"La risposta di Grenoble: dichiarazione delle collettivit\u00e0 europee fuori CETA-TAFTA\"}]},{\"@type\":\"WebSite\",\"@id\":\"https:\/\/www.pressenza.com\/it\/#website\",\"url\":\"https:\/\/www.pressenza.com\/it\/\",\"name\":\"Pressenza\",\"description\":\"Agenzia di Stampa Internazionale\",\"publisher\":{\"@id\":\"https:\/\/www.pressenza.com\/it\/#organization\"},\"potentialAction\":[{\"@type\":\"SearchAction\",\"target\":{\"@type\":\"EntryPoint\",\"urlTemplate\":\"https:\/\/www.pressenza.com\/it\/?s={search_term_string}\"},\"query-input\":{\"@type\":\"PropertyValueSpecification\",\"valueRequired\":true,\"valueName\":\"search_term_string\"}}],\"inLanguage\":\"it-IT\"},{\"@type\":\"Organization\",\"@id\":\"https:\/\/www.pressenza.com\/it\/#organization\",\"name\":\"Pressenza\",\"url\":\"https:\/\/www.pressenza.com\/it\/\",\"logo\":{\"@type\":\"ImageObject\",\"inLanguage\":\"it-IT\",\"@id\":\"https:\/\/www.pressenza.com\/it\/#\/schema\/logo\/image\/\",\"url\":\"https:\/\/www.pressenza.com\/wp-content\/uploads\/2022\/10\/pressenza_logo_200x200.jpg\",\"contentUrl\":\"https:\/\/www.pressenza.com\/wp-content\/uploads\/2022\/10\/pressenza_logo_200x200.jpg\",\"width\":200,\"height\":200,\"caption\":\"Pressenza\"},\"image\":{\"@id\":\"https:\/\/www.pressenza.com\/it\/#\/schema\/logo\/image\/\"},\"sameAs\":[\"https:\/\/www.facebook.com\/PressenzaItalia\",\"https:\/\/x.com\/PressenzaIPA\"]},{\"@type\":\"Person\",\"@id\":\"https:\/\/www.pressenza.com\/it\/#\/schema\/person\/66ef138ad4c7fad6a91a23d6953e64ad\",\"name\":\"Association Internationale de Techniciens, Experts et Chercheurs\",\"description\":\"Un r\u00e9seau de professionnels, de chercheurs et de citoyens engag\u00e9s dans le mouvement social. Une expertise citoyenne et des propositions alternatives sur l'urbain, les services publics et le financement du d\u00e9veloppement. aitec.reseau-ipam.org\",\"sameAs\":[\"http:\/\/aitec.reseau-ipam.org\/\"],\"url\":\"https:\/\/www.pressenza.com\/it\/author\/aitec\/\"}]}<\/script>\n<!-- \/ Yoast SEO plugin. -->","yoast_head_json":{"title":"La risposta di Grenoble: dichiarazione delle collettivit\u00e0 europee fuori CETA-TAFTA","description":"Il 17 e il 18 febbraio scorso, la citt\u00e0 di Grenoble ha ospitato il secondo vertice pan-europeo \"Le autorit\u00e0 locali e la nuova generazione di trattati di","robots":{"index":"index","follow":"follow","max-snippet":"max-snippet:-1","max-image-preview":"max-image-preview:large","max-video-preview":"max-video-preview:-1"},"canonical":"https:\/\/www.pressenza.com\/it\/2017\/03\/la-risposta-grenoble-dichiarazione-delle-collettivita-europee-ceta-tafta\/","og_locale":"it_IT","og_type":"article","og_title":"La risposta di Grenoble: dichiarazione delle collettivit\u00e0 europee fuori CETA-TAFTA","og_description":"Il 17 e il 18 febbraio scorso, la citt\u00e0 di Grenoble ha ospitato il secondo vertice pan-europeo \"Le autorit\u00e0 locali e la nuova generazione di trattati di","og_url":"https:\/\/www.pressenza.com\/it\/2017\/03\/la-risposta-grenoble-dichiarazione-delle-collettivita-europee-ceta-tafta\/","og_site_name":"Pressenza","article_publisher":"https:\/\/www.facebook.com\/PressenzaItalia","article_published_time":"2017-03-15T13:11:14+00:00","og_image":[{"width":750,"height":500,"url":"https:\/\/www.pressenza.com\/wp-content\/uploads\/2017\/03\/replique-de-grenoble.jpg","type":"image\/jpeg"}],"author":"Association Internationale de Techniciens, Experts et Chercheurs","twitter_card":"summary_large_image","twitter_creator":"@PressenzaIPA","twitter_site":"@PressenzaIPA","twitter_misc":{"Scritto da":"Association Internationale de Techniciens, Experts et Chercheurs","Tempo di lettura stimato":"3 minuti"},"schema":{"@context":"https:\/\/schema.org","@graph":[{"@type":"Article","@id":"https:\/\/www.pressenza.com\/it\/2017\/03\/la-risposta-grenoble-dichiarazione-delle-collettivita-europee-ceta-tafta\/#article","isPartOf":{"@id":"https:\/\/www.pressenza.com\/it\/2017\/03\/la-risposta-grenoble-dichiarazione-delle-collettivita-europee-ceta-tafta\/"},"author":{"name":"Association Internationale de Techniciens, Experts et Chercheurs","@id":"https:\/\/www.pressenza.com\/it\/#\/schema\/person\/66ef138ad4c7fad6a91a23d6953e64ad"},"headline":"La risposta di Grenoble: dichiarazione delle collettivit\u00e0 europee fuori CETA-TAFTA","datePublished":"2017-03-15T13:11:14+00:00","mainEntityOfPage":{"@id":"https:\/\/www.pressenza.com\/it\/2017\/03\/la-risposta-grenoble-dichiarazione-delle-collettivita-europee-ceta-tafta\/"},"wordCount":664,"publisher":{"@id":"https:\/\/www.pressenza.com\/it\/#organization"},"image":{"@id":"https:\/\/www.pressenza.com\/it\/2017\/03\/la-risposta-grenoble-dichiarazione-delle-collettivita-europee-ceta-tafta\/#primaryimage"},"thumbnailUrl":"https:\/\/www.pressenza.com\/wp-content\/uploads\/2017\/03\/replique-de-grenoble.jpg","keywords":["accordi commerciali","CETA","Grenoble","TAFTA"],"articleSection":["Diritti Umani","Europa","Internazionale"],"inLanguage":"it-IT"},{"@type":"WebPage","@id":"https:\/\/www.pressenza.com\/it\/2017\/03\/la-risposta-grenoble-dichiarazione-delle-collettivita-europee-ceta-tafta\/","url":"https:\/\/www.pressenza.com\/it\/2017\/03\/la-risposta-grenoble-dichiarazione-delle-collettivita-europee-ceta-tafta\/","name":"La risposta di Grenoble: dichiarazione delle collettivit\u00e0 europee fuori CETA-TAFTA","isPartOf":{"@id":"https:\/\/www.pressenza.com\/it\/#website"},"primaryImageOfPage":{"@id":"https:\/\/www.pressenza.com\/it\/2017\/03\/la-risposta-grenoble-dichiarazione-delle-collettivita-europee-ceta-tafta\/#primaryimage"},"image":{"@id":"https:\/\/www.pressenza.com\/it\/2017\/03\/la-risposta-grenoble-dichiarazione-delle-collettivita-europee-ceta-tafta\/#primaryimage"},"thumbnailUrl":"https:\/\/www.pressenza.com\/wp-content\/uploads\/2017\/03\/replique-de-grenoble.jpg","datePublished":"2017-03-15T13:11:14+00:00","description":"Il 17 e il 18 febbraio scorso, la citt\u00e0 di Grenoble ha ospitato il secondo vertice pan-europeo \"Le autorit\u00e0 locali e la nuova generazione di trattati di","breadcrumb":{"@id":"https:\/\/www.pressenza.com\/it\/2017\/03\/la-risposta-grenoble-dichiarazione-delle-collettivita-europee-ceta-tafta\/#breadcrumb"},"inLanguage":"it-IT","potentialAction":[{"@type":"ReadAction","target":["https:\/\/www.pressenza.com\/it\/2017\/03\/la-risposta-grenoble-dichiarazione-delle-collettivita-europee-ceta-tafta\/"]}]},{"@type":"ImageObject","inLanguage":"it-IT","@id":"https:\/\/www.pressenza.com\/it\/2017\/03\/la-risposta-grenoble-dichiarazione-delle-collettivita-europee-ceta-tafta\/#primaryimage","url":"https:\/\/www.pressenza.com\/wp-content\/uploads\/2017\/03\/replique-de-grenoble.jpg","contentUrl":"https:\/\/www.pressenza.com\/wp-content\/uploads\/2017\/03\/replique-de-grenoble.jpg","width":750,"height":500},{"@type":"BreadcrumbList","@id":"https:\/\/www.pressenza.com\/it\/2017\/03\/la-risposta-grenoble-dichiarazione-delle-collettivita-europee-ceta-tafta\/#breadcrumb","itemListElement":[{"@type":"ListItem","position":1,"name":"Accueil","item":"https:\/\/www.pressenza.com\/it\/"},{"@type":"ListItem","position":2,"name":"La risposta di Grenoble: dichiarazione delle collettivit\u00e0 europee fuori CETA-TAFTA"}]},{"@type":"WebSite","@id":"https:\/\/www.pressenza.com\/it\/#website","url":"https:\/\/www.pressenza.com\/it\/","name":"Pressenza","description":"Agenzia di Stampa Internazionale","publisher":{"@id":"https:\/\/www.pressenza.com\/it\/#organization"},"potentialAction":[{"@type":"SearchAction","target":{"@type":"EntryPoint","urlTemplate":"https:\/\/www.pressenza.com\/it\/?s={search_term_string}"},"query-input":{"@type":"PropertyValueSpecification","valueRequired":true,"valueName":"search_term_string"}}],"inLanguage":"it-IT"},{"@type":"Organization","@id":"https:\/\/www.pressenza.com\/it\/#organization","name":"Pressenza","url":"https:\/\/www.pressenza.com\/it\/","logo":{"@type":"ImageObject","inLanguage":"it-IT","@id":"https:\/\/www.pressenza.com\/it\/#\/schema\/logo\/image\/","url":"https:\/\/www.pressenza.com\/wp-content\/uploads\/2022\/10\/pressenza_logo_200x200.jpg","contentUrl":"https:\/\/www.pressenza.com\/wp-content\/uploads\/2022\/10\/pressenza_logo_200x200.jpg","width":200,"height":200,"caption":"Pressenza"},"image":{"@id":"https:\/\/www.pressenza.com\/it\/#\/schema\/logo\/image\/"},"sameAs":["https:\/\/www.facebook.com\/PressenzaItalia","https:\/\/x.com\/PressenzaIPA"]},{"@type":"Person","@id":"https:\/\/www.pressenza.com\/it\/#\/schema\/person\/66ef138ad4c7fad6a91a23d6953e64ad","name":"Association Internationale de Techniciens, Experts et Chercheurs","description":"Un r\u00e9seau de professionnels, de chercheurs et de citoyens engag\u00e9s dans le mouvement social. Une expertise citoyenne et des propositions alternatives sur l'urbain, les services publics et le financement du d\u00e9veloppement. aitec.reseau-ipam.org","sameAs":["http:\/\/aitec.reseau-ipam.org\/"],"url":"https:\/\/www.pressenza.com\/it\/author\/aitec\/"}]}},"place":"","original_article_url":"http:\/\/aitec.reseau-ipam.org\/spip.php?article1609#","_links":{"self":[{"href":"https:\/\/www.pressenza.com\/it\/wp-json\/wp\/v2\/posts\/443206","targetHints":{"allow":["GET"]}}],"collection":[{"href":"https:\/\/www.pressenza.com\/it\/wp-json\/wp\/v2\/posts"}],"about":[{"href":"https:\/\/www.pressenza.com\/it\/wp-json\/wp\/v2\/types\/post"}],"author":[{"embeddable":true,"href":"https:\/\/www.pressenza.com\/it\/wp-json\/wp\/v2\/users\/1085"}],"replies":[{"embeddable":true,"href":"https:\/\/www.pressenza.com\/it\/wp-json\/wp\/v2\/comments?post=443206"}],"version-history":[{"count":0,"href":"https:\/\/www.pressenza.com\/it\/wp-json\/wp\/v2\/posts\/443206\/revisions"}],"wp:featuredmedia":[{"embeddable":true,"href":"https:\/\/www.pressenza.com\/it\/wp-json\/wp\/v2\/media\/443110"}],"wp:attachment":[{"href":"https:\/\/www.pressenza.com\/it\/wp-json\/wp\/v2\/media?parent=443206"}],"wp:term":[{"taxonomy":"category","embeddable":true,"href":"https:\/\/www.pressenza.com\/it\/wp-json\/wp\/v2\/categories?post=443206"},{"taxonomy":"post_tag","embeddable":true,"href":"https:\/\/www.pressenza.com\/it\/wp-json\/wp\/v2\/tags?post=443206"}],"curies":[{"name":"wp","href":"https:\/\/api.w.org\/{rel}","templated":true}]}}