{"id":436150,"date":"2017-02-25T17:29:35","date_gmt":"2017-02-25T17:29:35","guid":{"rendered":"https:\/\/www.pressenza.com\/?p=436150\/"},"modified":"2017-02-25T17:31:24","modified_gmt":"2017-02-25T17:31:24","slug":"un-vuoto-terribile-indotto-crisi-mondiale","status":"publish","type":"post","link":"https:\/\/www.pressenza.com\/it\/2017\/02\/un-vuoto-terribile-indotto-crisi-mondiale\/","title":{"rendered":"Un vuoto terribile ha indotto una crisi mondiale"},"content":{"rendered":"<p>&nbsp;<\/p>\n<p>\u201cIl mondo \u00e8 in crisi e, cosa non meno importante, questo \u00e8 dovuto all\u2019allontanamento delle \u00e9lite governative dalle necessit\u00e0 e dalle aspirazioni della gente. La sensazione di essere rimasti indietro ha fatto in modo che la gente si ribellasse all\u2019establishment governativo dei propri paesi\u201d sottolineano gli specialisti.<\/p>\n<p>\u201cAllo stesso modo, le critiche all\u2019ingiustizia della globalizzazione sono state messe a tacere o ignorate quando quest\u2019ultima ha colpito i pi\u00fa poveri nei paesi del Sud del mondo, ma da quando il problema \u00e8 stato avvertito nei paesi del Nord del mondo, il tema \u00e8 diventato prioritario nell\u2019agenda dei mezzi di comunicazione\u201d indica lo studio del Centro per l\u2019avanzamento dei diritti umani e del dialogo globale di Ginevra.<\/p>\n<p>\u00c8 stato osservato che in questo contesto si sono esacerbati i movimenti populisti che restringono il concetto di cittadinanza a definizioni che richiamano un\u2019identit\u00e0 legata a religioni o gruppi etnici dominanti.<\/p>\n<p>D\u2019altro canto, le invasioni militari in Medio Oriente, con le successive esclusioni e vittime, hanno generato risentimenti ed hanno distrutto meccanismi sociali per la risoluzione di conflitti, aggiunge Ginevra.<\/p>\n<p>\u201cQuesti eventi hanno creato un vuoto, occupato dalle organizzazioni terroristiche che cercano legittimit\u00e0 nell\u2019interpretazione distorta dell\u2019Islam\u201d, emerge dalle analisi di Ginevra.<\/p>\n<p>\u201c\u00c8 in questa modo, e per diverse ragioni, che le due religioni principali si sono rese responsabili dell\u2019aumento delle ideologie estremiste ed \u00e8 sempre pi\u00f9 accettata la visione che le considera parte integrante del problema alla base della crisi mondiale\u201d continua il rapporto.<\/p>\n<p>Per analizzare la congiuntura attuale, il Centro di Ginevra organizzer\u00e0 il 15 marzo un forum di dibattito all\u2019interno della riunione del Consiglio per i Diritti umani dell\u2019Organizzazione delle Nazioni Unite (ONU), che avr\u00e0 luogo dal 27 di questo mese fino al 24 marzo attorno al tema \u201cIslam e Cristianesimo, la grande convergenza: lavorare insieme per una cittadinanza paritaria\u201d.<\/p>\n<p>L\u2019obiettivo \u00e8 incoraggiare la creazione di una grande coalizione affinch\u00e9 le due grandi religioni partecipino alla soluzione della crisi attuale e utilizzino tutto il loro potenziale per raggiungere la pace a beneficio di una nazionalit\u00e0 ugualitaria, basata sull\u2019identit\u00e0 relazionata con il concetto di cittadinanza, pi\u00f9 che a quello di religione, gruppo etnico o altro tipo di affiliazione.<\/p>\n<p>Inoltre, si tratter\u00e0 la questione delle minoranze, tanto musulmane in Occidente come cristiane in Medio Oriente, per non parlare della difficile situazione delle minoranze musulmane di alcune parti dell\u2019Asia o delle tensioni religiose tra musulmani e cristiani in alcune zone dell\u2019Africa, cos\u00ec come la lessicofobia che tende a inasprire le tensioni sociali, spiega il centro di Ginevra.<\/p>\n<p>\u201cUna attivit\u00e0 parallela \u00e8 solo una prima opportunit\u00e0 per creare una certa consapevolezza sul tema, ma a questa dovranno seguire altre, si spera all\u2019interno dello stesso Consiglio dei Diritti umani e in altri ambiti\u201d, aggiunge.<\/p>\n<p>Il forum fa parte di altre iniziative del Centro di Ginevra, in collaborazione con diverse organizzazioni con il fine di promuovere e proteggere i diritti umani nel mondo arabo e in Europa, ma anche di far fronte alla violenza estremista e all\u2019islamofobia.<\/p>\n<p>Nel 2016 il centro studi ha organizzato numerose conferenze dal titolo \u201cProgressi nella condizione delle donne nel mondo arabo\u201d, \u201cislamofobia e attuazione della risoluzione 16\/18 del Consiglio dei diritti umani\u201d, \u201cSradicalizzazione o smantellamento della violenza estremista\u201d e \u201cmusulmani in Europa: il cammino verso l\u2019armonia sociale\u201d.<\/p>\n<p>Secondo i suoi organizzatori, quest\u2019attivit\u00e0 parallela cerca di promuovere la diversit\u00e0 religiosa e consolidare l\u2019idea che il cristianesimo e l\u2019Islam siano vettori di pace, puntando alla convergenza di entrambe le religioni sulla base dei valori comuni a entrambe.<\/p>\n<p><strong>Fondamentalizzazione<\/strong><\/p>\n<p>\u201cNegli ultimi anni, gli attuali conflitti armati e gli attacchi terroristici indiscriminati hanno portato a gravi lutti, pricipalmente nei paesi arabi e in alcune zone dell\u2019Africa e, una volta arrivati in Occidente, hanno contribuito a esacerbare le violazioni dei diritti umani con un impatto sempre peggiore e dalle proporzioni senza precedenti dalla seconda guerra mondiale (1939-1945)\u201d spiega il Consiglio di Ginevra, in relazione all&#8217;attivit\u00e0 del 15 marzo.<\/p>\n<p>\u201cQuesto pu\u00f2 trasformarsi in violazioni dei diritti umani e minacciare la libert\u00e0 di culto, di espressione, la libert\u00e0 di movimento, l\u2019accesso libero all\u2019educazione, la tutela delle donne e la libert\u00e0 di pensiero, di coscienza e di religione\u201d, precisa.<\/p>\n<p>\u201cIn questo contesto difficile, il mondo sperimenta l\u2019aumento di populismi di destra e le ideologie estremiste, lontano dallo Stato dell\u2019elettorato\u201d analizza.<\/p>\n<p>\u201cA partire dalla violenza e dalle tendenze prevenute, l\u2019islamofobia \u00e8 aumentata in maniera esponenziale e preoccupante negli ultimi anni; solo negli Stati Uniti, i crimini d\u2019odio contro i musulmani sono aumentati di uno spaventoso 67% dal 2015\u201d osserva il centro di Ginevra.<\/p>\n<p>La moinoranza rohingya musulmana di Myanmar (Birmania) ha anche sofferto persecuzioni etniche e religiose per mano di estremisti buddisti dello stato di Rakhine, evento largamente ignorato dalla comunit\u00e0 internazionale\u201d ricorda.<\/p>\n<p>\u201cAltri esempi di persecuzione religiosa possono includere genocidio perpetrato a mano dei serbo-bosniaci contro i bosniaci musulmani della Bosnia-Herzegovina nel massacro di Srebrenica nel 1995, la pi\u00f9 grande in Europa dalla fine della seconda guerra mondiale, in cui morirono oltre 8000 musulmani\u201d ricorda il centro studi.<\/p>\n<p>\u201cNegli anni 80, i turchi bulgari furono vittime di violazioni di diritti umani per mano del governo, che lanci\u00f2 una campagna per eliminare la loro identit\u00e0 etnica e religiosa\u201d ha aggiunto.<\/p>\n<p>\u201cInoltre, la demolizione della moschea di Baburi da parte degli estremisti hindu nel 1992, ha generato tensioni tra musulmani e hindu in India\u201d, indica.<\/p>\n<p>\u201cAllo stesso modo, la rappresentazione distorta delle comunit\u00e0 musulmane, cosi come dell\u2019Islam nei mezzi di comunicazione, ha inciso sull\u2019incremento delle tendenze xenofobe nel mondo, perpetuando stereotipi e descrizioni negative dei musulmani\u201d spiega il centro di Ginevra.<\/p>\n<p>\u201cPossiamo esplorare forme di cui i media possono servirsi per mitigare il loro ruolo nella presentazione di un\u2019immagine distorta delle minoranze religiose e contribuire ad una maggiore tolleranza e comprensione interreligiosa tramite messaggi di pace al pubblico\u201d suggerisce.<\/p>\n<p>Il risultato principale dell\u2019attivit\u00e0 parallela a quella della sessione del Consiglio dei Diritti umani, potrebbe essere l\u2019adozione di una bozza di una agenda per una conferenza internazionale su questo tema e che si propone nell\u2019annesso alla nota concettuale del forum.<\/p>\n<p>Traduzione dalo spagnolo di Maria Scolamacchia tramite piattaforma <a href=\"http:\/\/www.trommons.org\">Trommons<\/a><\/p>\n","protected":false},"excerpt":{"rendered":"<p>&nbsp; \u201cIl mondo \u00e8 in crisi e, cosa non meno importante, questo \u00e8 dovuto all\u2019allontanamento delle \u00e9lite governative dalle necessit\u00e0 e dalle aspirazioni della gente. La sensazione di essere rimasti indietro ha fatto in modo che la gente si ribellasse&hellip;<\/p>\n","protected":false},"author":530,"featured_media":432371,"comment_status":"closed","ping_status":"closed","sticky":false,"template":"","format":"standard","meta":{"footnotes":""},"categories":[60,57],"tags":[11973,897,16095,363],"class_list":["post-436150","post","type-post","status-publish","format-standard","has-post-thumbnail","hentry","category-diritti-umani","category-affari-esteri","tag-alto-commissariato-per-i-diritti-umani","tag-diritti-umani","tag-fondamentalismo","tag-ginevra"],"yoast_head":"<!-- This site is optimized with the Yoast SEO plugin v27.1.1 - https:\/\/yoast.com\/product\/yoast-seo-wordpress\/ -->\n<title>Un vuoto terribile ha indotto una crisi mondiale<\/title>\n<meta name=\"description\" content=\"&nbsp; \u201cIl mondo \u00e8 in crisi e, cosa non meno importante, questo \u00e8 dovuto all\u2019allontanamento delle \u00e9lite governative dalle necessit\u00e0 e dalle aspirazioni\" \/>\n<meta name=\"robots\" content=\"index, follow, max-snippet:-1, max-image-preview:large, max-video-preview:-1\" \/>\n<link rel=\"canonical\" href=\"https:\/\/www.pressenza.com\/it\/2017\/02\/un-vuoto-terribile-indotto-crisi-mondiale\/\" \/>\n<meta property=\"og:locale\" content=\"it_IT\" \/>\n<meta property=\"og:type\" content=\"article\" \/>\n<meta property=\"og:title\" content=\"Un vuoto terribile ha indotto una crisi mondiale\" \/>\n<meta property=\"og:description\" content=\"&nbsp; \u201cIl mondo \u00e8 in crisi e, cosa non meno importante, questo \u00e8 dovuto all\u2019allontanamento delle \u00e9lite governative dalle necessit\u00e0 e dalle aspirazioni\" \/>\n<meta property=\"og:url\" content=\"https:\/\/www.pressenza.com\/it\/2017\/02\/un-vuoto-terribile-indotto-crisi-mondiale\/\" \/>\n<meta property=\"og:site_name\" content=\"Pressenza\" \/>\n<meta property=\"article:publisher\" content=\"https:\/\/www.facebook.com\/PressenzaItalia\" \/>\n<meta property=\"article:published_time\" content=\"2017-02-25T17:29:35+00:00\" \/>\n<meta property=\"article:modified_time\" content=\"2017-02-25T17:31:24+00:00\" \/>\n<meta property=\"og:image\" content=\"https:\/\/www.pressenza.com\/wp-content\/uploads\/2017\/02\/ciudadania-629x455.jpg\" \/>\n\t<meta property=\"og:image:width\" content=\"629\" \/>\n\t<meta property=\"og:image:height\" content=\"455\" \/>\n\t<meta property=\"og:image:type\" content=\"image\/jpeg\" \/>\n<meta name=\"author\" content=\"Baher Kamal\" \/>\n<meta name=\"twitter:card\" content=\"summary_large_image\" \/>\n<meta name=\"twitter:creator\" content=\"@PressenzaIPA\" \/>\n<meta name=\"twitter:site\" content=\"@PressenzaIPA\" \/>\n<meta name=\"twitter:label1\" content=\"Scritto da\" \/>\n\t<meta name=\"twitter:data1\" content=\"Baher Kamal\" \/>\n\t<meta name=\"twitter:label2\" content=\"Tempo di lettura stimato\" \/>\n\t<meta name=\"twitter:data2\" content=\"5 minuti\" \/>\n<script type=\"application\/ld+json\" class=\"yoast-schema-graph\">{\"@context\":\"https:\/\/schema.org\",\"@graph\":[{\"@type\":\"Article\",\"@id\":\"https:\/\/www.pressenza.com\/it\/2017\/02\/un-vuoto-terribile-indotto-crisi-mondiale\/#article\",\"isPartOf\":{\"@id\":\"https:\/\/www.pressenza.com\/it\/2017\/02\/un-vuoto-terribile-indotto-crisi-mondiale\/\"},\"author\":{\"name\":\"Baher Kamal\",\"@id\":\"https:\/\/www.pressenza.com\/it\/#\/schema\/person\/a78eb664d1a2baf4d9b26dc0c0fc5b1b\"},\"headline\":\"Un vuoto terribile ha indotto una crisi mondiale\",\"datePublished\":\"2017-02-25T17:29:35+00:00\",\"dateModified\":\"2017-02-25T17:31:24+00:00\",\"mainEntityOfPage\":{\"@id\":\"https:\/\/www.pressenza.com\/it\/2017\/02\/un-vuoto-terribile-indotto-crisi-mondiale\/\"},\"wordCount\":1018,\"publisher\":{\"@id\":\"https:\/\/www.pressenza.com\/it\/#organization\"},\"image\":{\"@id\":\"https:\/\/www.pressenza.com\/it\/2017\/02\/un-vuoto-terribile-indotto-crisi-mondiale\/#primaryimage\"},\"thumbnailUrl\":\"https:\/\/www.pressenza.com\/wp-content\/uploads\/2017\/02\/ciudadania-629x455.jpg\",\"keywords\":[\"Alto commissariato per i Diritti Umani\",\"diritti umani\",\"fondamentalismo\",\"Ginevra\"],\"articleSection\":[\"Diritti Umani\",\"Questioni internazionali\"],\"inLanguage\":\"it-IT\"},{\"@type\":\"WebPage\",\"@id\":\"https:\/\/www.pressenza.com\/it\/2017\/02\/un-vuoto-terribile-indotto-crisi-mondiale\/\",\"url\":\"https:\/\/www.pressenza.com\/it\/2017\/02\/un-vuoto-terribile-indotto-crisi-mondiale\/\",\"name\":\"Un vuoto terribile ha indotto una crisi mondiale\",\"isPartOf\":{\"@id\":\"https:\/\/www.pressenza.com\/it\/#website\"},\"primaryImageOfPage\":{\"@id\":\"https:\/\/www.pressenza.com\/it\/2017\/02\/un-vuoto-terribile-indotto-crisi-mondiale\/#primaryimage\"},\"image\":{\"@id\":\"https:\/\/www.pressenza.com\/it\/2017\/02\/un-vuoto-terribile-indotto-crisi-mondiale\/#primaryimage\"},\"thumbnailUrl\":\"https:\/\/www.pressenza.com\/wp-content\/uploads\/2017\/02\/ciudadania-629x455.jpg\",\"datePublished\":\"2017-02-25T17:29:35+00:00\",\"dateModified\":\"2017-02-25T17:31:24+00:00\",\"description\":\"&nbsp; \u201cIl mondo \u00e8 in crisi e, cosa non meno importante, questo \u00e8 dovuto all\u2019allontanamento delle \u00e9lite governative dalle necessit\u00e0 e dalle aspirazioni\",\"breadcrumb\":{\"@id\":\"https:\/\/www.pressenza.com\/it\/2017\/02\/un-vuoto-terribile-indotto-crisi-mondiale\/#breadcrumb\"},\"inLanguage\":\"it-IT\",\"potentialAction\":[{\"@type\":\"ReadAction\",\"target\":[\"https:\/\/www.pressenza.com\/it\/2017\/02\/un-vuoto-terribile-indotto-crisi-mondiale\/\"]}]},{\"@type\":\"ImageObject\",\"inLanguage\":\"it-IT\",\"@id\":\"https:\/\/www.pressenza.com\/it\/2017\/02\/un-vuoto-terribile-indotto-crisi-mondiale\/#primaryimage\",\"url\":\"https:\/\/www.pressenza.com\/wp-content\/uploads\/2017\/02\/ciudadania-629x455.jpg\",\"contentUrl\":\"https:\/\/www.pressenza.com\/wp-content\/uploads\/2017\/02\/ciudadania-629x455.jpg\",\"width\":629,\"height\":455},{\"@type\":\"BreadcrumbList\",\"@id\":\"https:\/\/www.pressenza.com\/it\/2017\/02\/un-vuoto-terribile-indotto-crisi-mondiale\/#breadcrumb\",\"itemListElement\":[{\"@type\":\"ListItem\",\"position\":1,\"name\":\"Accueil\",\"item\":\"https:\/\/www.pressenza.com\/it\/\"},{\"@type\":\"ListItem\",\"position\":2,\"name\":\"Un vuoto terribile ha indotto una crisi mondiale\"}]},{\"@type\":\"WebSite\",\"@id\":\"https:\/\/www.pressenza.com\/it\/#website\",\"url\":\"https:\/\/www.pressenza.com\/it\/\",\"name\":\"Pressenza\",\"description\":\"Agenzia di Stampa Internazionale\",\"publisher\":{\"@id\":\"https:\/\/www.pressenza.com\/it\/#organization\"},\"potentialAction\":[{\"@type\":\"SearchAction\",\"target\":{\"@type\":\"EntryPoint\",\"urlTemplate\":\"https:\/\/www.pressenza.com\/it\/?s={search_term_string}\"},\"query-input\":{\"@type\":\"PropertyValueSpecification\",\"valueRequired\":true,\"valueName\":\"search_term_string\"}}],\"inLanguage\":\"it-IT\"},{\"@type\":\"Organization\",\"@id\":\"https:\/\/www.pressenza.com\/it\/#organization\",\"name\":\"Pressenza\",\"url\":\"https:\/\/www.pressenza.com\/it\/\",\"logo\":{\"@type\":\"ImageObject\",\"inLanguage\":\"it-IT\",\"@id\":\"https:\/\/www.pressenza.com\/it\/#\/schema\/logo\/image\/\",\"url\":\"https:\/\/www.pressenza.com\/wp-content\/uploads\/2022\/10\/pressenza_logo_200x200.jpg\",\"contentUrl\":\"https:\/\/www.pressenza.com\/wp-content\/uploads\/2022\/10\/pressenza_logo_200x200.jpg\",\"width\":200,\"height\":200,\"caption\":\"Pressenza\"},\"image\":{\"@id\":\"https:\/\/www.pressenza.com\/it\/#\/schema\/logo\/image\/\"},\"sameAs\":[\"https:\/\/www.facebook.com\/PressenzaItalia\",\"https:\/\/x.com\/PressenzaIPA\"]},{\"@type\":\"Person\",\"@id\":\"https:\/\/www.pressenza.com\/it\/#\/schema\/person\/a78eb664d1a2baf4d9b26dc0c0fc5b1b\",\"name\":\"Baher Kamal\",\"description\":\"Baher Kamal, Egyptian-born, Spanish national secular journalist. He is founder and publisher of Human Wrongs Watch Kamal is a pro-peace, non-violence, human rights, harmonious coexistence defender among human beings and with Nature, with more than 43 years of professional experience. With these issues in sight, he covered practically all professional posts, from correspondent to chief editor of dailies and international news agencies. human-wrongs-watch.net\",\"url\":\"https:\/\/www.pressenza.com\/it\/author\/baher-kamal\/\"}]}<\/script>\n<!-- \/ Yoast SEO plugin. -->","yoast_head_json":{"title":"Un vuoto terribile ha indotto una crisi mondiale","description":"&nbsp; \u201cIl mondo \u00e8 in crisi e, cosa non meno importante, questo \u00e8 dovuto all\u2019allontanamento delle \u00e9lite governative dalle necessit\u00e0 e dalle aspirazioni","robots":{"index":"index","follow":"follow","max-snippet":"max-snippet:-1","max-image-preview":"max-image-preview:large","max-video-preview":"max-video-preview:-1"},"canonical":"https:\/\/www.pressenza.com\/it\/2017\/02\/un-vuoto-terribile-indotto-crisi-mondiale\/","og_locale":"it_IT","og_type":"article","og_title":"Un vuoto terribile ha indotto una crisi mondiale","og_description":"&nbsp; \u201cIl mondo \u00e8 in crisi e, cosa non meno importante, questo \u00e8 dovuto all\u2019allontanamento delle \u00e9lite governative dalle necessit\u00e0 e dalle aspirazioni","og_url":"https:\/\/www.pressenza.com\/it\/2017\/02\/un-vuoto-terribile-indotto-crisi-mondiale\/","og_site_name":"Pressenza","article_publisher":"https:\/\/www.facebook.com\/PressenzaItalia","article_published_time":"2017-02-25T17:29:35+00:00","article_modified_time":"2017-02-25T17:31:24+00:00","og_image":[{"width":629,"height":455,"url":"https:\/\/www.pressenza.com\/wp-content\/uploads\/2017\/02\/ciudadania-629x455.jpg","type":"image\/jpeg"}],"author":"Baher Kamal","twitter_card":"summary_large_image","twitter_creator":"@PressenzaIPA","twitter_site":"@PressenzaIPA","twitter_misc":{"Scritto da":"Baher Kamal","Tempo di lettura stimato":"5 minuti"},"schema":{"@context":"https:\/\/schema.org","@graph":[{"@type":"Article","@id":"https:\/\/www.pressenza.com\/it\/2017\/02\/un-vuoto-terribile-indotto-crisi-mondiale\/#article","isPartOf":{"@id":"https:\/\/www.pressenza.com\/it\/2017\/02\/un-vuoto-terribile-indotto-crisi-mondiale\/"},"author":{"name":"Baher Kamal","@id":"https:\/\/www.pressenza.com\/it\/#\/schema\/person\/a78eb664d1a2baf4d9b26dc0c0fc5b1b"},"headline":"Un vuoto terribile ha indotto una crisi mondiale","datePublished":"2017-02-25T17:29:35+00:00","dateModified":"2017-02-25T17:31:24+00:00","mainEntityOfPage":{"@id":"https:\/\/www.pressenza.com\/it\/2017\/02\/un-vuoto-terribile-indotto-crisi-mondiale\/"},"wordCount":1018,"publisher":{"@id":"https:\/\/www.pressenza.com\/it\/#organization"},"image":{"@id":"https:\/\/www.pressenza.com\/it\/2017\/02\/un-vuoto-terribile-indotto-crisi-mondiale\/#primaryimage"},"thumbnailUrl":"https:\/\/www.pressenza.com\/wp-content\/uploads\/2017\/02\/ciudadania-629x455.jpg","keywords":["Alto commissariato per i Diritti Umani","diritti umani","fondamentalismo","Ginevra"],"articleSection":["Diritti Umani","Questioni internazionali"],"inLanguage":"it-IT"},{"@type":"WebPage","@id":"https:\/\/www.pressenza.com\/it\/2017\/02\/un-vuoto-terribile-indotto-crisi-mondiale\/","url":"https:\/\/www.pressenza.com\/it\/2017\/02\/un-vuoto-terribile-indotto-crisi-mondiale\/","name":"Un vuoto terribile ha indotto una crisi mondiale","isPartOf":{"@id":"https:\/\/www.pressenza.com\/it\/#website"},"primaryImageOfPage":{"@id":"https:\/\/www.pressenza.com\/it\/2017\/02\/un-vuoto-terribile-indotto-crisi-mondiale\/#primaryimage"},"image":{"@id":"https:\/\/www.pressenza.com\/it\/2017\/02\/un-vuoto-terribile-indotto-crisi-mondiale\/#primaryimage"},"thumbnailUrl":"https:\/\/www.pressenza.com\/wp-content\/uploads\/2017\/02\/ciudadania-629x455.jpg","datePublished":"2017-02-25T17:29:35+00:00","dateModified":"2017-02-25T17:31:24+00:00","description":"&nbsp; \u201cIl mondo \u00e8 in crisi e, cosa non meno importante, questo \u00e8 dovuto all\u2019allontanamento delle \u00e9lite governative dalle necessit\u00e0 e dalle aspirazioni","breadcrumb":{"@id":"https:\/\/www.pressenza.com\/it\/2017\/02\/un-vuoto-terribile-indotto-crisi-mondiale\/#breadcrumb"},"inLanguage":"it-IT","potentialAction":[{"@type":"ReadAction","target":["https:\/\/www.pressenza.com\/it\/2017\/02\/un-vuoto-terribile-indotto-crisi-mondiale\/"]}]},{"@type":"ImageObject","inLanguage":"it-IT","@id":"https:\/\/www.pressenza.com\/it\/2017\/02\/un-vuoto-terribile-indotto-crisi-mondiale\/#primaryimage","url":"https:\/\/www.pressenza.com\/wp-content\/uploads\/2017\/02\/ciudadania-629x455.jpg","contentUrl":"https:\/\/www.pressenza.com\/wp-content\/uploads\/2017\/02\/ciudadania-629x455.jpg","width":629,"height":455},{"@type":"BreadcrumbList","@id":"https:\/\/www.pressenza.com\/it\/2017\/02\/un-vuoto-terribile-indotto-crisi-mondiale\/#breadcrumb","itemListElement":[{"@type":"ListItem","position":1,"name":"Accueil","item":"https:\/\/www.pressenza.com\/it\/"},{"@type":"ListItem","position":2,"name":"Un vuoto terribile ha indotto una crisi mondiale"}]},{"@type":"WebSite","@id":"https:\/\/www.pressenza.com\/it\/#website","url":"https:\/\/www.pressenza.com\/it\/","name":"Pressenza","description":"Agenzia di Stampa Internazionale","publisher":{"@id":"https:\/\/www.pressenza.com\/it\/#organization"},"potentialAction":[{"@type":"SearchAction","target":{"@type":"EntryPoint","urlTemplate":"https:\/\/www.pressenza.com\/it\/?s={search_term_string}"},"query-input":{"@type":"PropertyValueSpecification","valueRequired":true,"valueName":"search_term_string"}}],"inLanguage":"it-IT"},{"@type":"Organization","@id":"https:\/\/www.pressenza.com\/it\/#organization","name":"Pressenza","url":"https:\/\/www.pressenza.com\/it\/","logo":{"@type":"ImageObject","inLanguage":"it-IT","@id":"https:\/\/www.pressenza.com\/it\/#\/schema\/logo\/image\/","url":"https:\/\/www.pressenza.com\/wp-content\/uploads\/2022\/10\/pressenza_logo_200x200.jpg","contentUrl":"https:\/\/www.pressenza.com\/wp-content\/uploads\/2022\/10\/pressenza_logo_200x200.jpg","width":200,"height":200,"caption":"Pressenza"},"image":{"@id":"https:\/\/www.pressenza.com\/it\/#\/schema\/logo\/image\/"},"sameAs":["https:\/\/www.facebook.com\/PressenzaItalia","https:\/\/x.com\/PressenzaIPA"]},{"@type":"Person","@id":"https:\/\/www.pressenza.com\/it\/#\/schema\/person\/a78eb664d1a2baf4d9b26dc0c0fc5b1b","name":"Baher Kamal","description":"Baher Kamal, Egyptian-born, Spanish national secular journalist. He is founder and publisher of Human Wrongs Watch Kamal is a pro-peace, non-violence, human rights, harmonious coexistence defender among human beings and with Nature, with more than 43 years of professional experience. With these issues in sight, he covered practically all professional posts, from correspondent to chief editor of dailies and international news agencies. human-wrongs-watch.net","url":"https:\/\/www.pressenza.com\/it\/author\/baher-kamal\/"}]}},"place":"","original_article_url":"","_links":{"self":[{"href":"https:\/\/www.pressenza.com\/it\/wp-json\/wp\/v2\/posts\/436150","targetHints":{"allow":["GET"]}}],"collection":[{"href":"https:\/\/www.pressenza.com\/it\/wp-json\/wp\/v2\/posts"}],"about":[{"href":"https:\/\/www.pressenza.com\/it\/wp-json\/wp\/v2\/types\/post"}],"author":[{"embeddable":true,"href":"https:\/\/www.pressenza.com\/it\/wp-json\/wp\/v2\/users\/530"}],"replies":[{"embeddable":true,"href":"https:\/\/www.pressenza.com\/it\/wp-json\/wp\/v2\/comments?post=436150"}],"version-history":[{"count":0,"href":"https:\/\/www.pressenza.com\/it\/wp-json\/wp\/v2\/posts\/436150\/revisions"}],"wp:featuredmedia":[{"embeddable":true,"href":"https:\/\/www.pressenza.com\/it\/wp-json\/wp\/v2\/media\/432371"}],"wp:attachment":[{"href":"https:\/\/www.pressenza.com\/it\/wp-json\/wp\/v2\/media?parent=436150"}],"wp:term":[{"taxonomy":"category","embeddable":true,"href":"https:\/\/www.pressenza.com\/it\/wp-json\/wp\/v2\/categories?post=436150"},{"taxonomy":"post_tag","embeddable":true,"href":"https:\/\/www.pressenza.com\/it\/wp-json\/wp\/v2\/tags?post=436150"}],"curies":[{"name":"wp","href":"https:\/\/api.w.org\/{rel}","templated":true}]}}