{"id":433046,"date":"2017-02-17T16:37:51","date_gmt":"2017-02-17T16:37:51","guid":{"rendered":"https:\/\/www.pressenza.com\/?p=433046\/"},"modified":"2017-02-17T16:37:51","modified_gmt":"2017-02-17T16:37:51","slug":"non-siamo-ne-morti-ne-vivi-siamo-sospesi-gaza-rimane-in-uno-stato-di-crisi-perpetua","status":"publish","type":"post","link":"https:\/\/www.pressenza.com\/it\/2017\/02\/non-siamo-ne-morti-ne-vivi-siamo-sospesi-gaza-rimane-in-uno-stato-di-crisi-perpetua\/","title":{"rendered":"\u201cNon siamo n\u00e9 morti n\u00e9 vivi, siamo sospesi\u201d: Gaza rimane in uno stato di crisi perpetua"},"content":{"rendered":"<p><strong>di\u00a0Ahmed Alkabariti<\/strong><\/p>\n<p><span style=\"font-weight: 400;\">Cinque anni fa l&#8217;ONU ha fatto una delle dichiarazioni pi\u00f9 shockanti sul futuro della Striscia di Gaza: non sar\u00e0 pi\u00f9 un \u201cluogo vivibile\u201d entro il 2020. Da allora una serie di delegazioni straniere e di conferenze stampa di personalit\u00e0 preoccupate ha attirato una maggiore attenzione sulla catastrofe imminente.<\/span><\/p>\n<p><span style=\"font-weight: 400;\">Nel 2014 l&#8217;Autorit\u00e0 palestinese dell&#8217;acqua ha dichiarato che l&#8217;acqua di Gaza \u00e8, tra il 90% e il 95%, \u201cinadatta al consumo\u201d. Tale quota non ha fatto in seguito che aumentare. L&#8217;anno successivo Oxfam ha stimato che la ricostruzione successiva alla guerra del 2014 potrebbe \u201cdurare pi\u00f9 di cent&#8217;anni\u201d, a causa dell&#8217;occupazione israeliana, che limita i materiali da costruzione. Nello stesso anno la Banca Mondiale ha dichiarato: \u201cCirca l&#8217;80% della popolazione di Gaza riceve qualche forma di assistenza sociale, e circa il 40% resta al di sotto della soglia di povert\u00e0\u201d.<\/span><\/p>\n<p><span style=\"font-weight: 400;\">L&#8217;Osservatorio euro-mediterraneo dei diritti dell&#8217;uomo ha inoltre rivelato che, a inizio 2016, gli abitanti di Gaza non resistono in questo ambiente devastato: secondo un comunicato, \u201cil 55% soffre di depressione clinica\u201d.<\/span><\/p>\n<p><span style=\"font-weight: 400;\">La popolazione non ha altra scelta che perseverare, nonostante l&#8217;atroce realt\u00e0 di vita dopo decenni di occupazione, tre guerre devastanti e una scissione governativa, che hanno ogni sorta di conseguenza rischiosa in una delle zone pi\u00f9 densamente popolate al mondo.<\/span><\/p>\n<p><span style=\"font-weight: 400;\">Mentre i quasi due milioni di abitanti di Gaza prendono coscienza di tali nuove angoscianti statistiche, non sono messi in guardia da premonizioni sconvolgenti; preferiscono piuttosto affrontare queste dichiarazioni con impassibilit\u00e0. Anche se la loro vita \u00e8 direttamente toccata dal fatto che nel 2020 la loro terra non sar\u00e0 pi\u00f9 abitabile, girano lo sguardo verso i loro comportamenti quotidiani che non rivelano alcuna seria inquietudine.<\/span><\/p>\n<p><span style=\"font-weight: 400;\">In un mercatino delle pulci molto frequentato nel centro di Gaza, i Palestinesi si descrivono come in uno stato di emergenza costante, aggravatosi durante la guerra del 2014 (Operazione \u201cProtective Edge\u201d, <em>NdT<\/em>). Al termine del conflitto durato 51 giorni contro Israele, un quarto della popolazione di Gaza si trovava in stato di insicurezza alimentare e pi\u00f9 di 10 mila abitazioni, 15 ospedali e l&#8217;unica centrale elettrica di Gaza erano in macerie. La ricostruzione \u00e8 stata marginale a causa delle limitazioni sull&#8217;importazione dei materiali da costruzione, che ha reso i prodotti usati nei mercati all&#8217;aperto ancora pi\u00f9 preziosi.<\/span><\/p>\n<p>&nbsp;<\/p>\n<div id=\"attachment_429814\" class=\"wp-caption aligncenter\"><img loading=\"lazy\" decoding=\"async\" aria-describedby=\"caption-attachment-429814\" class=\"wp-image-429814 size-full\" src=\"https:\/\/www.pressenza.com\/wp-content\/uploads\/2017\/02\/gal_15287.jpg\" width=\"700\" height=\"466\" srcset=\"https:\/\/www.pressenza.com\/wp-content\/uploads\/2017\/02\/gal_15287.jpg 700w, https:\/\/www.pressenza.com\/wp-content\/uploads\/2017\/02\/gal_15287-300x200.jpg 300w\" sizes=\"auto, (max-width: 700px) 100vw, 700px\" \/><p id=\"caption-attachment-429814\" class=\"wp-caption-text\">Adnan Abou Shamala, 87 anni, antiquario a\u00a0Gaza<\/p><\/div>\n<p><span style=\"font-weight: 400;\">\u201cLa comunit\u00e0 internazionale continua a ripetere che c&#8217;\u00e8 una crisi a Gaza, e fa dichiarazioni allarmanti. Noi avevamo paura in passato, ma oggi le persone sono diventate pi\u00f9 insensibili\u201d, dice Adnan Abou Shamala, 87 anni, un antiquario di bazar. \u201cSono stato ad Amman quattro anni fa, ho sentito le persone ridere forte nei caff\u00e8. Ho detto alla gente da quelle parti che non avevo neppure sorriso da sei anni a causa della tragica situazione nella mia patria\u201d.<\/span><\/p>\n<p><span style=\"font-weight: 400;\">\u201cNon occorre grande sforzo per trovare scene di disperazione\u201d, prosegue, \u201cbasta sedersi ad un angolo di strada e osservare. Vi potrete allora fare un&#8217;idea della disperazione solo guardando volti che non hanno mai sorriso\u201d.<\/span><\/p>\n<p><span style=\"font-weight: 400;\">\u201cQui non siamo n\u00e9 vivi n\u00e9 morti, viviamo sospesi come se non ci fosse nulla di certo. La paura e l&#8217;impotenza dominano le vite delle persone\u201d, aggiunge Abou Shamala, spiegando di non fare pi\u00f9 riserve con le razioni, anche se il cibo pu\u00f2 venire a mancare. \u201cLo stoccaggio di farina, olio e zucchero era una misura preventiva in caso di urgenza, ma oggi non facciamo pi\u00f9 scorte come ne facevamo nelle guerre del 1948 e del 1967\u201d, dice.<\/span><\/p>\n<p>&nbsp;<\/p>\n<p>&nbsp;<\/p>\n<div id=\"attachment_429821\" class=\"wp-caption aligncenter\"><img loading=\"lazy\" decoding=\"async\" aria-describedby=\"caption-attachment-429821\" class=\"wp-image-429821 size-full\" src=\"https:\/\/www.pressenza.com\/wp-content\/uploads\/2017\/02\/gal_15289.jpg\" width=\"700\" height=\"466\" srcset=\"https:\/\/www.pressenza.com\/wp-content\/uploads\/2017\/02\/gal_15289.jpg 700w, https:\/\/www.pressenza.com\/wp-content\/uploads\/2017\/02\/gal_15289-300x200.jpg 300w\" sizes=\"auto, (max-width: 700px) 100vw, 700px\" \/><p id=\"caption-attachment-429821\" class=\"wp-caption-text\">Hani Mezaini, 38 anni, fabbricante di tende nella citt\u00e0 di\u00a0Gaza<\/p><\/div>\n<p><span style=\"font-weight: 400;\">Hani Mezaini, 38 anni, fabbricante di tende con uno stallo sul mercato, ha una visione pessimista della comunit\u00e0 internazionale e delle organizzazioni di soccorso che citano spesso la sua citt\u00e0 come zona di catastrofe. Dice che non \u00e8 altro che un gioco di calcolo politico destinato alle orecchie dei funzionari e non al beneficio degli abitanti di Gaza. <\/span><\/p>\n<p><span style=\"font-weight: 400;\">\u201cPer tutta la vita non ho conosciuto altro che conflitti, fazioni politiche e occupazione\u201d, dice pensieroso Mezaini. \u201cChi mi avvertir\u00e0 dunque di una crisi imminente e mi persuader\u00e0 a cambiare idea? Non cambier\u00e0 nulla a Gaza fintanto che Israele continuer\u00e0 la sua occupazione\u201d.<\/span><\/p>\n<div id=\"attachment_429828\" class=\"wp-caption aligncenter\"><img loading=\"lazy\" decoding=\"async\" aria-describedby=\"caption-attachment-429828\" class=\"wp-image-429828 size-full\" src=\"https:\/\/www.pressenza.com\/wp-content\/uploads\/2017\/02\/gal_15290.jpg\" width=\"700\" height=\"466\" srcset=\"https:\/\/www.pressenza.com\/wp-content\/uploads\/2017\/02\/gal_15290.jpg 700w, https:\/\/www.pressenza.com\/wp-content\/uploads\/2017\/02\/gal_15290-300x200.jpg 300w\" sizes=\"auto, (max-width: 700px) 100vw, 700px\" \/><p id=\"caption-attachment-429828\" class=\"wp-caption-text\"><span style=\"font-weight: 400;\">Hani Mezaini mostra una foto di lui dall&#8217;aspetto molto pi\u00f9 giovane, scattata in Cina<\/span><\/p><\/div>\n<p><span style=\"font-weight: 400;\">Sul suo cellulare Mezaini ci mostra una foto di lui fatta in Cina un anno e mezzo fa. Sembra davvero avere l\u2019aria pi\u00f9 giovane di dieci anni.<\/span><\/p>\n<p><span style=\"font-weight: 400;\">\u201cInvecchiamo di dieci anni per ogni anno trascorso a Gaza\u201d, dice Mezaini, aggiungendo che qui la gente si interessa a questioni pi\u00f9 a breve termine che quelle previste dalle Nazioni Unite di qui al 2020. \u201cRiuscite a comprendere lo stato fisiologico di una terra che vive nel blackout per 12 ore al giorno a causa della mancanza di energia elettrica?\u201d<\/span><\/p>\n<p><span style=\"font-weight: 400;\">\u201cSe si lanciano dei preallarmi, questi spingeranno la gente a emigrare e ad abbandonare Gaza a favore degli israeliani, e quindi le persone sviluppano le proprie difese di insensibilit\u00e0 per adattarsi al deteriorarsi della situazione\u201d, spiega Mezaini.<\/span><\/p>\n<div id=\"attachment_429835\" class=\"wp-caption aligncenter\"><img loading=\"lazy\" decoding=\"async\" aria-describedby=\"caption-attachment-429835\" class=\"wp-image-429835 size-full\" src=\"https:\/\/www.pressenza.com\/wp-content\/uploads\/2017\/02\/gal_15291.jpg\" width=\"700\" height=\"466\" srcset=\"https:\/\/www.pressenza.com\/wp-content\/uploads\/2017\/02\/gal_15291.jpg 700w, https:\/\/www.pressenza.com\/wp-content\/uploads\/2017\/02\/gal_15291-300x200.jpg 300w\" sizes=\"auto, (max-width: 700px) 100vw, 700px\" \/><p id=\"caption-attachment-429835\" class=\"wp-caption-text\">Compiti a lume di candela<\/p><\/div>\n<p><span style=\"font-weight: 400;\">Lo psichiatra Jamil Tahrawi conduce ricerche sui traumi infantili a Gaza e dice che coloro che sono stati esposti a crisi successive evitano abitualmente i dirigenti e i decisori. Secondo lui i palestinesi hanno acquisito questo atteggiamento e diffidano delle dichiarazioni delle Nazioni Unite o le ignorano: \u201cla popolazione di Gaza vive in uno stadio di estinzione psicologica\u201d, sostiene.<\/span><\/p>\n<p><span style=\"font-weight: 400;\">Professore di Scienze politiche all\u2019Universit\u00e0 Al Azhar a Gaza, Naji Shurrab ammette che gli avvertimenti negativi su ci\u00f2 che succede a Gaza hanno l\u2019effetto nefasto di causare frustrazione piuttosto che speranza. \u201cI dirigenti delle comunit\u00e0 locali e quelli che influenzano l\u2019opinione pubblica contribuiscono involontariamente a diffondere grida d\u2019allarme ingiustificate che deteriorano quel poco di morale che resta nelle persone\u201d, dice Shurrab, \u201cma agiscono in buona fede cercando di attirare l&#8217;attenzione del mondo su questa tragedia umanitaria intollerabile\u201d.<\/span><\/p>\n<p>&nbsp;<\/p>\n<p>&nbsp;<\/p>\n<div id=\"attachment_429849\" class=\"wp-caption aligncenter\"><img loading=\"lazy\" decoding=\"async\" aria-describedby=\"caption-attachment-429849\" class=\"wp-image-429849 size-full\" src=\"https:\/\/www.pressenza.com\/wp-content\/uploads\/2017\/02\/gal_15293.jpg\" width=\"700\" height=\"481\" srcset=\"https:\/\/www.pressenza.com\/wp-content\/uploads\/2017\/02\/gal_15293.jpg 700w, https:\/\/www.pressenza.com\/wp-content\/uploads\/2017\/02\/gal_15293-300x206.jpg 300w\" sizes=\"auto, (max-width: 700px) 100vw, 700px\" \/><p id=\"caption-attachment-429849\" class=\"wp-caption-text\">Rifugiati palestinesi ricevono cibo dall&#8217;UNRWA <em>(Agenzia ONU\u00a0per l\u2019assistenza e la ricostruzione a favore dei rifugiati di Palestina nel Vicino Oriente)<\/em><\/p><\/div>\n<p>&nbsp;<\/p>\n<div id=\"attachment_429842\" class=\"wp-caption aligncenter\"><img loading=\"lazy\" decoding=\"async\" aria-describedby=\"caption-attachment-429842\" class=\"wp-image-429842 size-full\" src=\"https:\/\/www.pressenza.com\/wp-content\/uploads\/2017\/02\/gal_15292.jpg\" width=\"700\" height=\"466\" srcset=\"https:\/\/www.pressenza.com\/wp-content\/uploads\/2017\/02\/gal_15292.jpg 700w, https:\/\/www.pressenza.com\/wp-content\/uploads\/2017\/02\/gal_15292-300x200.jpg 300w\" sizes=\"auto, (max-width: 700px) 100vw, 700px\" \/><p id=\"caption-attachment-429842\" class=\"wp-caption-text\">Famiglia palestinese a Gaza<\/p><\/div>\n<p>&nbsp;<\/p>\n<div id=\"attachment_429856\" class=\"wp-caption aligncenter\"><img loading=\"lazy\" decoding=\"async\" aria-describedby=\"caption-attachment-429856\" class=\"wp-image-429856 size-full\" src=\"https:\/\/www.pressenza.com\/wp-content\/uploads\/2017\/02\/gal_15294.jpg\" width=\"700\" height=\"466\" srcset=\"https:\/\/www.pressenza.com\/wp-content\/uploads\/2017\/02\/gal_15294.jpg 700w, https:\/\/www.pressenza.com\/wp-content\/uploads\/2017\/02\/gal_15294-300x200.jpg 300w\" sizes=\"auto, (max-width: 700px) 100vw, 700px\" \/><p id=\"caption-attachment-429856\" class=\"wp-caption-text\">Una ragazzina palestinese davanti casa sua nella citt\u00e0 di\u00a0Gaza<\/p><\/div>\n<p>&nbsp;<\/p>\n<div id=\"attachment_429863\" class=\"wp-caption aligncenter\"><img loading=\"lazy\" decoding=\"async\" aria-describedby=\"caption-attachment-429863\" class=\"wp-image-429863 size-full\" src=\"https:\/\/www.pressenza.com\/wp-content\/uploads\/2017\/02\/gal_15295.jpg\" width=\"700\" height=\"466\" srcset=\"https:\/\/www.pressenza.com\/wp-content\/uploads\/2017\/02\/gal_15295.jpg 700w, https:\/\/www.pressenza.com\/wp-content\/uploads\/2017\/02\/gal_15295-300x200.jpg 300w\" sizes=\"auto, (max-width: 700px) 100vw, 700px\" \/><p id=\"caption-attachment-429863\" class=\"wp-caption-text\">La penuria di gas costringe i panettieri ad alimentare i propri\u00a0forni con legna<\/p><\/div>\n<p><span class=\"texte1\">Foto: Mohammed Assad<\/span><\/p>\n<p>Fonte\u00a0: <a href=\"http:\/\/mondoweiss.net\/2017\/02\/suspended-perpetual-crisis\/\" target=\"_blank\">http:\/\/mondoweiss.net\/2017\/02\/suspended-perpetual-crisis\/<\/a><\/p>\n<p>&nbsp;<\/p>\n<p><i><span style=\"font-weight: 400;\">Traduzione dal francese di Diego Guardiani<\/span><\/i><\/p>\n<p>&nbsp;<\/p>\n<p>&nbsp;<\/p>\n","protected":false},"excerpt":{"rendered":"<p>di\u00a0Ahmed Alkabariti Cinque anni fa l&#8217;ONU ha fatto una delle dichiarazioni pi\u00f9 shockanti sul futuro della Striscia di Gaza: non sar\u00e0 pi\u00f9 un \u201cluogo vivibile\u201d entro il 2020. Da allora una serie di delegazioni straniere e di conferenze stampa di&hellip;<\/p>\n","protected":false},"author":617,"featured_media":429811,"comment_status":"closed","ping_status":"closed","sticky":false,"template":"","format":"standard","meta":{"footnotes":""},"categories":[60,5677,52],"tags":[11113,1005,31858,1486],"class_list":["post-433046","post","type-post","status-publish","format-standard","has-post-thumbnail","hentry","category-diritti-umani","category-fotoreportages","category-medio-oriente","tag-conflitto-israelo-palestinese","tag-gaza","tag-palestina-occupata","tag-striscia-di-gaza"],"yoast_head":"<!-- This site is optimized with the Yoast SEO plugin v27.1.1 - https:\/\/yoast.com\/product\/yoast-seo-wordpress\/ -->\n<title>\u201cNon siamo n\u00e9 morti n\u00e9 vivi, siamo sospesi\u201d: Gaza rimane in uno stato di crisi perpetua<\/title>\n<meta name=\"description\" content=\"Cinque anni fa l&#039;ONU ha fatto una delle dichiarazioni pi\u00f9 shockanti sul futuro della Striscia di Gaza: non sar\u00e0 pi\u00f9 un \u201cluogo vivibile\u201d entro il 2020.\" \/>\n<meta name=\"robots\" content=\"index, follow, max-snippet:-1, max-image-preview:large, max-video-preview:-1\" \/>\n<link rel=\"canonical\" href=\"https:\/\/www.pressenza.com\/it\/2017\/02\/non-siamo-ne-morti-ne-vivi-siamo-sospesi-gaza-rimane-in-uno-stato-di-crisi-perpetua\/\" \/>\n<meta property=\"og:locale\" content=\"it_IT\" \/>\n<meta property=\"og:type\" content=\"article\" \/>\n<meta property=\"og:title\" content=\"\u201cNon siamo n\u00e9 morti n\u00e9 vivi, siamo sospesi\u201d: Gaza rimane in uno stato di crisi perpetua\" \/>\n<meta property=\"og:description\" content=\"Cinque anni fa l&#039;ONU ha fatto una delle dichiarazioni pi\u00f9 shockanti sul futuro della Striscia di Gaza: non sar\u00e0 pi\u00f9 un \u201cluogo vivibile\u201d entro il 2020.\" \/>\n<meta property=\"og:url\" content=\"https:\/\/www.pressenza.com\/it\/2017\/02\/non-siamo-ne-morti-ne-vivi-siamo-sospesi-gaza-rimane-in-uno-stato-di-crisi-perpetua\/\" \/>\n<meta property=\"og:site_name\" content=\"Pressenza\" \/>\n<meta property=\"article:publisher\" content=\"https:\/\/www.facebook.com\/PressenzaItalia\" \/>\n<meta property=\"article:published_time\" content=\"2017-02-17T16:37:51+00:00\" \/>\n<meta property=\"og:image\" content=\"https:\/\/www.pressenza.com\/wp-content\/uploads\/2017\/02\/gal_15286.jpg\" \/>\n\t<meta property=\"og:image:width\" content=\"700\" \/>\n\t<meta property=\"og:image:height\" content=\"466\" \/>\n\t<meta property=\"og:image:type\" content=\"image\/jpeg\" \/>\n<meta name=\"author\" content=\"Tlaxcala Translators\" \/>\n<meta name=\"twitter:card\" content=\"summary_large_image\" \/>\n<meta name=\"twitter:creator\" content=\"@PressenzaIPA\" \/>\n<meta name=\"twitter:site\" content=\"@PressenzaIPA\" \/>\n<meta name=\"twitter:label1\" content=\"Scritto da\" \/>\n\t<meta name=\"twitter:data1\" content=\"Tlaxcala Translators\" \/>\n\t<meta name=\"twitter:label2\" content=\"Tempo di lettura stimato\" \/>\n\t<meta name=\"twitter:data2\" content=\"5 minuti\" \/>\n<script type=\"application\/ld+json\" class=\"yoast-schema-graph\">{\"@context\":\"https:\/\/schema.org\",\"@graph\":[{\"@type\":\"Article\",\"@id\":\"https:\/\/www.pressenza.com\/it\/2017\/02\/non-siamo-ne-morti-ne-vivi-siamo-sospesi-gaza-rimane-in-uno-stato-di-crisi-perpetua\/#article\",\"isPartOf\":{\"@id\":\"https:\/\/www.pressenza.com\/it\/2017\/02\/non-siamo-ne-morti-ne-vivi-siamo-sospesi-gaza-rimane-in-uno-stato-di-crisi-perpetua\/\"},\"author\":{\"name\":\"Tlaxcala Translators\",\"@id\":\"https:\/\/www.pressenza.com\/it\/#\/schema\/person\/6c9eec58480b2fc8fd20df6fae19ffff\"},\"headline\":\"\u201cNon siamo n\u00e9 morti n\u00e9 vivi, siamo sospesi\u201d: Gaza rimane in uno stato di crisi perpetua\",\"datePublished\":\"2017-02-17T16:37:51+00:00\",\"mainEntityOfPage\":{\"@id\":\"https:\/\/www.pressenza.com\/it\/2017\/02\/non-siamo-ne-morti-ne-vivi-siamo-sospesi-gaza-rimane-in-uno-stato-di-crisi-perpetua\/\"},\"wordCount\":1107,\"publisher\":{\"@id\":\"https:\/\/www.pressenza.com\/it\/#organization\"},\"image\":{\"@id\":\"https:\/\/www.pressenza.com\/it\/2017\/02\/non-siamo-ne-morti-ne-vivi-siamo-sospesi-gaza-rimane-in-uno-stato-di-crisi-perpetua\/#primaryimage\"},\"thumbnailUrl\":\"https:\/\/www.pressenza.com\/wp-content\/uploads\/2017\/02\/gal_15286.jpg\",\"keywords\":[\"conflitto israelo-palestinese\",\"Gaza\",\"Palestina Occupata\",\"striscia di Gaza\"],\"articleSection\":[\"Diritti Umani\",\"Fotoreportages\",\"Medio Oriente\"],\"inLanguage\":\"it-IT\"},{\"@type\":\"WebPage\",\"@id\":\"https:\/\/www.pressenza.com\/it\/2017\/02\/non-siamo-ne-morti-ne-vivi-siamo-sospesi-gaza-rimane-in-uno-stato-di-crisi-perpetua\/\",\"url\":\"https:\/\/www.pressenza.com\/it\/2017\/02\/non-siamo-ne-morti-ne-vivi-siamo-sospesi-gaza-rimane-in-uno-stato-di-crisi-perpetua\/\",\"name\":\"\u201cNon siamo n\u00e9 morti n\u00e9 vivi, siamo sospesi\u201d: Gaza rimane in uno stato di crisi perpetua\",\"isPartOf\":{\"@id\":\"https:\/\/www.pressenza.com\/it\/#website\"},\"primaryImageOfPage\":{\"@id\":\"https:\/\/www.pressenza.com\/it\/2017\/02\/non-siamo-ne-morti-ne-vivi-siamo-sospesi-gaza-rimane-in-uno-stato-di-crisi-perpetua\/#primaryimage\"},\"image\":{\"@id\":\"https:\/\/www.pressenza.com\/it\/2017\/02\/non-siamo-ne-morti-ne-vivi-siamo-sospesi-gaza-rimane-in-uno-stato-di-crisi-perpetua\/#primaryimage\"},\"thumbnailUrl\":\"https:\/\/www.pressenza.com\/wp-content\/uploads\/2017\/02\/gal_15286.jpg\",\"datePublished\":\"2017-02-17T16:37:51+00:00\",\"description\":\"Cinque anni fa l'ONU ha fatto una delle dichiarazioni pi\u00f9 shockanti sul futuro della Striscia di Gaza: non sar\u00e0 pi\u00f9 un \u201cluogo vivibile\u201d entro il 2020.\",\"breadcrumb\":{\"@id\":\"https:\/\/www.pressenza.com\/it\/2017\/02\/non-siamo-ne-morti-ne-vivi-siamo-sospesi-gaza-rimane-in-uno-stato-di-crisi-perpetua\/#breadcrumb\"},\"inLanguage\":\"it-IT\",\"potentialAction\":[{\"@type\":\"ReadAction\",\"target\":[\"https:\/\/www.pressenza.com\/it\/2017\/02\/non-siamo-ne-morti-ne-vivi-siamo-sospesi-gaza-rimane-in-uno-stato-di-crisi-perpetua\/\"]}]},{\"@type\":\"ImageObject\",\"inLanguage\":\"it-IT\",\"@id\":\"https:\/\/www.pressenza.com\/it\/2017\/02\/non-siamo-ne-morti-ne-vivi-siamo-sospesi-gaza-rimane-in-uno-stato-di-crisi-perpetua\/#primaryimage\",\"url\":\"https:\/\/www.pressenza.com\/wp-content\/uploads\/2017\/02\/gal_15286.jpg\",\"contentUrl\":\"https:\/\/www.pressenza.com\/wp-content\/uploads\/2017\/02\/gal_15286.jpg\",\"width\":700,\"height\":466},{\"@type\":\"BreadcrumbList\",\"@id\":\"https:\/\/www.pressenza.com\/it\/2017\/02\/non-siamo-ne-morti-ne-vivi-siamo-sospesi-gaza-rimane-in-uno-stato-di-crisi-perpetua\/#breadcrumb\",\"itemListElement\":[{\"@type\":\"ListItem\",\"position\":1,\"name\":\"Accueil\",\"item\":\"https:\/\/www.pressenza.com\/it\/\"},{\"@type\":\"ListItem\",\"position\":2,\"name\":\"\u201cNon siamo n\u00e9 morti n\u00e9 vivi, siamo sospesi\u201d: Gaza rimane in uno stato di crisi perpetua\"}]},{\"@type\":\"WebSite\",\"@id\":\"https:\/\/www.pressenza.com\/it\/#website\",\"url\":\"https:\/\/www.pressenza.com\/it\/\",\"name\":\"Pressenza\",\"description\":\"Agenzia di Stampa Internazionale\",\"publisher\":{\"@id\":\"https:\/\/www.pressenza.com\/it\/#organization\"},\"potentialAction\":[{\"@type\":\"SearchAction\",\"target\":{\"@type\":\"EntryPoint\",\"urlTemplate\":\"https:\/\/www.pressenza.com\/it\/?s={search_term_string}\"},\"query-input\":{\"@type\":\"PropertyValueSpecification\",\"valueRequired\":true,\"valueName\":\"search_term_string\"}}],\"inLanguage\":\"it-IT\"},{\"@type\":\"Organization\",\"@id\":\"https:\/\/www.pressenza.com\/it\/#organization\",\"name\":\"Pressenza\",\"url\":\"https:\/\/www.pressenza.com\/it\/\",\"logo\":{\"@type\":\"ImageObject\",\"inLanguage\":\"it-IT\",\"@id\":\"https:\/\/www.pressenza.com\/it\/#\/schema\/logo\/image\/\",\"url\":\"https:\/\/www.pressenza.com\/wp-content\/uploads\/2022\/10\/pressenza_logo_200x200.jpg\",\"contentUrl\":\"https:\/\/www.pressenza.com\/wp-content\/uploads\/2022\/10\/pressenza_logo_200x200.jpg\",\"width\":200,\"height\":200,\"caption\":\"Pressenza\"},\"image\":{\"@id\":\"https:\/\/www.pressenza.com\/it\/#\/schema\/logo\/image\/\"},\"sameAs\":[\"https:\/\/www.facebook.com\/PressenzaItalia\",\"https:\/\/x.com\/PressenzaIPA\"]},{\"@type\":\"Person\",\"@id\":\"https:\/\/www.pressenza.com\/it\/#\/schema\/person\/6c9eec58480b2fc8fd20df6fae19ffff\",\"name\":\"Tlaxcala Translators\",\"description\":\"Les traducteurs de Tlaxcala sont un groupe multinational et interculturel, ayant des membres sur les cinq continents, unis par un objectif commun : la transposition horizontale et sans censure d\u2019informations sociopolitiques entre les langues que nous utilisons. Notre travail est enti\u00e8rement b\u00e9n\u00e9vole. Notre philosophie est expos\u00e9e dans le Manifeste de Tlaxcala et les pages de notre site sont r\u00e9gies par le principe du Copyleft (copie autoris\u00e9e). www.tlaxcala-int.org\",\"url\":\"https:\/\/www.pressenza.com\/it\/author\/tlaxcala-translators\/\"}]}<\/script>\n<!-- \/ Yoast SEO plugin. -->","yoast_head_json":{"title":"\u201cNon siamo n\u00e9 morti n\u00e9 vivi, siamo sospesi\u201d: Gaza rimane in uno stato di crisi perpetua","description":"Cinque anni fa l'ONU ha fatto una delle dichiarazioni pi\u00f9 shockanti sul futuro della Striscia di Gaza: non sar\u00e0 pi\u00f9 un \u201cluogo vivibile\u201d entro il 2020.","robots":{"index":"index","follow":"follow","max-snippet":"max-snippet:-1","max-image-preview":"max-image-preview:large","max-video-preview":"max-video-preview:-1"},"canonical":"https:\/\/www.pressenza.com\/it\/2017\/02\/non-siamo-ne-morti-ne-vivi-siamo-sospesi-gaza-rimane-in-uno-stato-di-crisi-perpetua\/","og_locale":"it_IT","og_type":"article","og_title":"\u201cNon siamo n\u00e9 morti n\u00e9 vivi, siamo sospesi\u201d: Gaza rimane in uno stato di crisi perpetua","og_description":"Cinque anni fa l'ONU ha fatto una delle dichiarazioni pi\u00f9 shockanti sul futuro della Striscia di Gaza: non sar\u00e0 pi\u00f9 un \u201cluogo vivibile\u201d entro il 2020.","og_url":"https:\/\/www.pressenza.com\/it\/2017\/02\/non-siamo-ne-morti-ne-vivi-siamo-sospesi-gaza-rimane-in-uno-stato-di-crisi-perpetua\/","og_site_name":"Pressenza","article_publisher":"https:\/\/www.facebook.com\/PressenzaItalia","article_published_time":"2017-02-17T16:37:51+00:00","og_image":[{"width":700,"height":466,"url":"https:\/\/www.pressenza.com\/wp-content\/uploads\/2017\/02\/gal_15286.jpg","type":"image\/jpeg"}],"author":"Tlaxcala Translators","twitter_card":"summary_large_image","twitter_creator":"@PressenzaIPA","twitter_site":"@PressenzaIPA","twitter_misc":{"Scritto da":"Tlaxcala Translators","Tempo di lettura stimato":"5 minuti"},"schema":{"@context":"https:\/\/schema.org","@graph":[{"@type":"Article","@id":"https:\/\/www.pressenza.com\/it\/2017\/02\/non-siamo-ne-morti-ne-vivi-siamo-sospesi-gaza-rimane-in-uno-stato-di-crisi-perpetua\/#article","isPartOf":{"@id":"https:\/\/www.pressenza.com\/it\/2017\/02\/non-siamo-ne-morti-ne-vivi-siamo-sospesi-gaza-rimane-in-uno-stato-di-crisi-perpetua\/"},"author":{"name":"Tlaxcala Translators","@id":"https:\/\/www.pressenza.com\/it\/#\/schema\/person\/6c9eec58480b2fc8fd20df6fae19ffff"},"headline":"\u201cNon siamo n\u00e9 morti n\u00e9 vivi, siamo sospesi\u201d: Gaza rimane in uno stato di crisi perpetua","datePublished":"2017-02-17T16:37:51+00:00","mainEntityOfPage":{"@id":"https:\/\/www.pressenza.com\/it\/2017\/02\/non-siamo-ne-morti-ne-vivi-siamo-sospesi-gaza-rimane-in-uno-stato-di-crisi-perpetua\/"},"wordCount":1107,"publisher":{"@id":"https:\/\/www.pressenza.com\/it\/#organization"},"image":{"@id":"https:\/\/www.pressenza.com\/it\/2017\/02\/non-siamo-ne-morti-ne-vivi-siamo-sospesi-gaza-rimane-in-uno-stato-di-crisi-perpetua\/#primaryimage"},"thumbnailUrl":"https:\/\/www.pressenza.com\/wp-content\/uploads\/2017\/02\/gal_15286.jpg","keywords":["conflitto israelo-palestinese","Gaza","Palestina Occupata","striscia di Gaza"],"articleSection":["Diritti Umani","Fotoreportages","Medio Oriente"],"inLanguage":"it-IT"},{"@type":"WebPage","@id":"https:\/\/www.pressenza.com\/it\/2017\/02\/non-siamo-ne-morti-ne-vivi-siamo-sospesi-gaza-rimane-in-uno-stato-di-crisi-perpetua\/","url":"https:\/\/www.pressenza.com\/it\/2017\/02\/non-siamo-ne-morti-ne-vivi-siamo-sospesi-gaza-rimane-in-uno-stato-di-crisi-perpetua\/","name":"\u201cNon siamo n\u00e9 morti n\u00e9 vivi, siamo sospesi\u201d: Gaza rimane in uno stato di crisi perpetua","isPartOf":{"@id":"https:\/\/www.pressenza.com\/it\/#website"},"primaryImageOfPage":{"@id":"https:\/\/www.pressenza.com\/it\/2017\/02\/non-siamo-ne-morti-ne-vivi-siamo-sospesi-gaza-rimane-in-uno-stato-di-crisi-perpetua\/#primaryimage"},"image":{"@id":"https:\/\/www.pressenza.com\/it\/2017\/02\/non-siamo-ne-morti-ne-vivi-siamo-sospesi-gaza-rimane-in-uno-stato-di-crisi-perpetua\/#primaryimage"},"thumbnailUrl":"https:\/\/www.pressenza.com\/wp-content\/uploads\/2017\/02\/gal_15286.jpg","datePublished":"2017-02-17T16:37:51+00:00","description":"Cinque anni fa l'ONU ha fatto una delle dichiarazioni pi\u00f9 shockanti sul futuro della Striscia di Gaza: non sar\u00e0 pi\u00f9 un \u201cluogo vivibile\u201d entro il 2020.","breadcrumb":{"@id":"https:\/\/www.pressenza.com\/it\/2017\/02\/non-siamo-ne-morti-ne-vivi-siamo-sospesi-gaza-rimane-in-uno-stato-di-crisi-perpetua\/#breadcrumb"},"inLanguage":"it-IT","potentialAction":[{"@type":"ReadAction","target":["https:\/\/www.pressenza.com\/it\/2017\/02\/non-siamo-ne-morti-ne-vivi-siamo-sospesi-gaza-rimane-in-uno-stato-di-crisi-perpetua\/"]}]},{"@type":"ImageObject","inLanguage":"it-IT","@id":"https:\/\/www.pressenza.com\/it\/2017\/02\/non-siamo-ne-morti-ne-vivi-siamo-sospesi-gaza-rimane-in-uno-stato-di-crisi-perpetua\/#primaryimage","url":"https:\/\/www.pressenza.com\/wp-content\/uploads\/2017\/02\/gal_15286.jpg","contentUrl":"https:\/\/www.pressenza.com\/wp-content\/uploads\/2017\/02\/gal_15286.jpg","width":700,"height":466},{"@type":"BreadcrumbList","@id":"https:\/\/www.pressenza.com\/it\/2017\/02\/non-siamo-ne-morti-ne-vivi-siamo-sospesi-gaza-rimane-in-uno-stato-di-crisi-perpetua\/#breadcrumb","itemListElement":[{"@type":"ListItem","position":1,"name":"Accueil","item":"https:\/\/www.pressenza.com\/it\/"},{"@type":"ListItem","position":2,"name":"\u201cNon siamo n\u00e9 morti n\u00e9 vivi, siamo sospesi\u201d: Gaza rimane in uno stato di crisi perpetua"}]},{"@type":"WebSite","@id":"https:\/\/www.pressenza.com\/it\/#website","url":"https:\/\/www.pressenza.com\/it\/","name":"Pressenza","description":"Agenzia di Stampa Internazionale","publisher":{"@id":"https:\/\/www.pressenza.com\/it\/#organization"},"potentialAction":[{"@type":"SearchAction","target":{"@type":"EntryPoint","urlTemplate":"https:\/\/www.pressenza.com\/it\/?s={search_term_string}"},"query-input":{"@type":"PropertyValueSpecification","valueRequired":true,"valueName":"search_term_string"}}],"inLanguage":"it-IT"},{"@type":"Organization","@id":"https:\/\/www.pressenza.com\/it\/#organization","name":"Pressenza","url":"https:\/\/www.pressenza.com\/it\/","logo":{"@type":"ImageObject","inLanguage":"it-IT","@id":"https:\/\/www.pressenza.com\/it\/#\/schema\/logo\/image\/","url":"https:\/\/www.pressenza.com\/wp-content\/uploads\/2022\/10\/pressenza_logo_200x200.jpg","contentUrl":"https:\/\/www.pressenza.com\/wp-content\/uploads\/2022\/10\/pressenza_logo_200x200.jpg","width":200,"height":200,"caption":"Pressenza"},"image":{"@id":"https:\/\/www.pressenza.com\/it\/#\/schema\/logo\/image\/"},"sameAs":["https:\/\/www.facebook.com\/PressenzaItalia","https:\/\/x.com\/PressenzaIPA"]},{"@type":"Person","@id":"https:\/\/www.pressenza.com\/it\/#\/schema\/person\/6c9eec58480b2fc8fd20df6fae19ffff","name":"Tlaxcala Translators","description":"Les traducteurs de Tlaxcala sont un groupe multinational et interculturel, ayant des membres sur les cinq continents, unis par un objectif commun : la transposition horizontale et sans censure d\u2019informations sociopolitiques entre les langues que nous utilisons. Notre travail est enti\u00e8rement b\u00e9n\u00e9vole. Notre philosophie est expos\u00e9e dans le Manifeste de Tlaxcala et les pages de notre site sont r\u00e9gies par le principe du Copyleft (copie autoris\u00e9e). www.tlaxcala-int.org","url":"https:\/\/www.pressenza.com\/it\/author\/tlaxcala-translators\/"}]}},"place":"","original_article_url":"http:\/\/www.tlaxcala-int.org\/article.asp?reference=19843#","_links":{"self":[{"href":"https:\/\/www.pressenza.com\/it\/wp-json\/wp\/v2\/posts\/433046","targetHints":{"allow":["GET"]}}],"collection":[{"href":"https:\/\/www.pressenza.com\/it\/wp-json\/wp\/v2\/posts"}],"about":[{"href":"https:\/\/www.pressenza.com\/it\/wp-json\/wp\/v2\/types\/post"}],"author":[{"embeddable":true,"href":"https:\/\/www.pressenza.com\/it\/wp-json\/wp\/v2\/users\/617"}],"replies":[{"embeddable":true,"href":"https:\/\/www.pressenza.com\/it\/wp-json\/wp\/v2\/comments?post=433046"}],"version-history":[{"count":0,"href":"https:\/\/www.pressenza.com\/it\/wp-json\/wp\/v2\/posts\/433046\/revisions"}],"wp:featuredmedia":[{"embeddable":true,"href":"https:\/\/www.pressenza.com\/it\/wp-json\/wp\/v2\/media\/429811"}],"wp:attachment":[{"href":"https:\/\/www.pressenza.com\/it\/wp-json\/wp\/v2\/media?parent=433046"}],"wp:term":[{"taxonomy":"category","embeddable":true,"href":"https:\/\/www.pressenza.com\/it\/wp-json\/wp\/v2\/categories?post=433046"},{"taxonomy":"post_tag","embeddable":true,"href":"https:\/\/www.pressenza.com\/it\/wp-json\/wp\/v2\/tags?post=433046"}],"curies":[{"name":"wp","href":"https:\/\/api.w.org\/{rel}","templated":true}]}}