{"id":43263,"date":"2013-03-17T17:40:16","date_gmt":"2013-03-17T17:40:16","guid":{"rendered":"http:\/\/www.pressenza.com\/?p=43263"},"modified":"2020-11-30T11:26:43","modified_gmt":"2020-11-30T11:26:43","slug":"progetto-di-affido-a-distanza-di-bambinei-palestinesi-di-gaza","status":"publish","type":"post","link":"https:\/\/www.pressenza.com\/it\/2013\/03\/progetto-di-affido-a-distanza-di-bambinei-palestinesi-di-gaza\/","title":{"rendered":"Progetto di affido a distanza di bambine\/i palestinesi di Gaza"},"content":{"rendered":"<p><strong>Salaam Ragazzi dell\u2019Olivo-Comitato di Milano-Onlus<\/strong> \u00e8 una associazione di volontariato, che da molti anni opera con attivit\u00e0 e progetti in Palestina, finalizzati alla solidariet\u00e0 a favore dell\u2019infanzia e del popolo palestinese.<\/p>\n<p>Ci siamo impegnati, in particolare, con il \u201c<b>progetto Shady di affido contestualizzato\u201d<\/b>,\u00a0 nel territorio del campo profughi di Jabalia e dei villaggi circostanti (nel nord della striscia di Gaza).<\/p>\n<p>\u201cAffido contestualizzato\u201d significa inserire l\u2019affido a distanza del singolo bambino o adolescente\u00a0 in un progetto che coinvolge una comunit\u00e0 territoriale.<\/p>\n<p>Il soggetto collettivo palestinese con cui dal 2000 abbiamo scelto di attuare questo progetto \u00e8 il Remedial Education Center di Jabalia (R.E.C.): un\u2019associazione laica e democratica, che opera nella striscia di Gaza e che si occupa di rispondere ai bisogni dei bambini\/e e ragazzi\/e, che presentano disagio psichico e difficolt\u00e0 di apprendimento a causa delle condizioni sociali, economiche e familiari in cui sono costretti a vivere e crescere sotto il controllo e l\u2019oppressione\u00a0 israeliana.<\/p>\n<p>Questo tipo di progetto ci permette anche di instaurare relazioni, scambi reciproci e di sostenere una struttura dell\u2019associazionismo palestinese, che svolge un ruolo significativo all\u2019interno della societ\u00e0 civile locale.<\/p>\n<p>Come sapete, la striscia di Gaza \u00e8 una grande \u201cprigione a cielo aperto\u201d, dove sono bloccati i movimenti delle persone e gli scambi commerciali, dove le incursioni militari israeliane all\u2019interno dell\u2019area sono continue (l\u2019ultimo \u00a0gravissimo attacco \u201cPilastro di difesa\u201d del novembre 2012, \u00a0ha portato l\u2019uccisione \u00a0di 177\u00a0 persone, tra cui 40 bambini, 1.700 feriti, case, scuole \u00a0e infrastrutture distrutte), con il conseguente continuo\u00a0 peggioramento delle condizioni di vita quotidiana delle famiglie palestinesi.<\/p>\n<p>La popolazione di Gaza necessita ancor\u00a0 pi\u00f9 della nostra solidariet\u00e0 umana, economica, politica e quindi,\u00a0 in questo momento, ci sembra\u00a0 ancora pi\u00f9 importante proseguire e consolidare questo progetto<\/p>\n<p align=\"left\">Invitiamo\u00a0 persone singole, famiglie, associazioni, gruppi e chiunque creda in un futuro di libert\u00e0 e di pace per il popolo palestinese ad impegnarsi nell\u2019affido a distanza di un bambino\/a palestinese all\u2019interno di questo nostro progetto e a diffondere l\u2019iniziativa.<\/p>\n<p align=\"left\">Per avere maggiori informazioni su Salaam e sul nostro progetto potete vedere il sito: <a href=\"http:\/\/www.salaam-milano.org\">www.salaam-milano.org<\/a><\/p>\n<p align=\"left\">Per aderire o avere informazioni potete scriverci all\u2019indirizzo : <a href=\"mailto:comitatosalaam@gmail.com\">comitatosalaam@gmail.com<\/a>.<\/p>\n<p align=\"left\">\n","protected":false},"excerpt":{"rendered":"<p>Salaam Ragazzi dell\u2019Olivo-Comitato di Milano-Onlus \u00e8 una associazione di volontariato, che da molti anni opera con attivit\u00e0 e progetti in Palestina, finalizzati alla solidariet\u00e0 a favore dell\u2019infanzia e del popolo palestinese. Ci siamo impegnati, in particolare, con il \u201cprogetto Shady&hellip;<\/p>\n","protected":false},"author":594,"featured_media":43264,"comment_status":"closed","ping_status":"open","sticky":false,"template":"","format":"standard","meta":{"footnotes":""},"categories":[150,60,1258,52],"tags":[9586,1486],"class_list":["post-43263","post","type-post","status-publish","format-standard","has-post-thumbnail","hentry","category-comunicati-stampa","category-diritti-umani","category-educazione","category-medio-oriente","tag-affido","tag-striscia-di-gaza"],"yoast_head":"<!-- This site is optimized with the Yoast SEO plugin v27.1.1 - https:\/\/yoast.com\/product\/yoast-seo-wordpress\/ -->\n<title>Progetto di affido a distanza di bambine\/i palestinesi di Gaza<\/title>\n<meta name=\"description\" content=\"Salaam Ragazzi dell\u2019Olivo-Comitato di Milano-Onlus \u00e8 una associazione di volontariato, che da molti anni opera con attivit\u00e0 e progetti in Palestina,\" \/>\n<meta name=\"robots\" content=\"index, follow, max-snippet:-1, max-image-preview:large, max-video-preview:-1\" \/>\n<link rel=\"canonical\" href=\"https:\/\/www.pressenza.com\/it\/2013\/03\/progetto-di-affido-a-distanza-di-bambinei-palestinesi-di-gaza\/\" \/>\n<meta property=\"og:locale\" content=\"it_IT\" \/>\n<meta property=\"og:type\" content=\"article\" \/>\n<meta property=\"og:title\" content=\"Progetto di affido a distanza di bambine\/i palestinesi di Gaza\" \/>\n<meta property=\"og:description\" content=\"Salaam Ragazzi dell\u2019Olivo-Comitato di Milano-Onlus \u00e8 una associazione di volontariato, che da molti anni opera con attivit\u00e0 e progetti in Palestina,\" \/>\n<meta property=\"og:url\" content=\"https:\/\/www.pressenza.com\/it\/2013\/03\/progetto-di-affido-a-distanza-di-bambinei-palestinesi-di-gaza\/\" \/>\n<meta property=\"og:site_name\" content=\"Pressenza\" \/>\n<meta property=\"article:publisher\" content=\"https:\/\/www.facebook.com\/PressenzaItalia\" \/>\n<meta property=\"article:author\" content=\"https:\/\/www.facebook.com\/PressenzaItalia\" \/>\n<meta property=\"article:published_time\" content=\"2013-03-17T17:40:16+00:00\" \/>\n<meta property=\"article:modified_time\" content=\"2020-11-30T11:26:43+00:00\" \/>\n<meta property=\"og:image\" content=\"https:\/\/www.pressenza.com\/wp-content\/uploads\/2013\/03\/palestina-muro-960.jpg\" \/>\n\t<meta property=\"og:image:width\" content=\"960\" \/>\n\t<meta property=\"og:image:height\" content=\"380\" \/>\n\t<meta property=\"og:image:type\" content=\"image\/jpeg\" \/>\n<meta name=\"author\" content=\"Redazione Italia\" \/>\n<meta name=\"twitter:card\" content=\"summary_large_image\" \/>\n<meta name=\"twitter:creator\" content=\"@pressenza_it\" \/>\n<meta name=\"twitter:site\" content=\"@PressenzaIPA\" \/>\n<meta name=\"twitter:label1\" content=\"Scritto da\" \/>\n\t<meta name=\"twitter:data1\" content=\"Redazione Italia\" \/>\n\t<meta name=\"twitter:label2\" content=\"Tempo di lettura stimato\" \/>\n\t<meta name=\"twitter:data2\" content=\"2 minuti\" \/>\n<script type=\"application\/ld+json\" class=\"yoast-schema-graph\">{\"@context\":\"https:\/\/schema.org\",\"@graph\":[{\"@type\":\"Article\",\"@id\":\"https:\/\/www.pressenza.com\/it\/2013\/03\/progetto-di-affido-a-distanza-di-bambinei-palestinesi-di-gaza\/#article\",\"isPartOf\":{\"@id\":\"https:\/\/www.pressenza.com\/it\/2013\/03\/progetto-di-affido-a-distanza-di-bambinei-palestinesi-di-gaza\/\"},\"author\":{\"name\":\"Redazione Italia\",\"@id\":\"https:\/\/www.pressenza.com\/it\/#\/schema\/person\/d983e81827ae24f2c7b1a2123d197f8d\"},\"headline\":\"Progetto di affido a distanza di bambine\/i palestinesi di Gaza\",\"datePublished\":\"2013-03-17T17:40:16+00:00\",\"dateModified\":\"2020-11-30T11:26:43+00:00\",\"mainEntityOfPage\":{\"@id\":\"https:\/\/www.pressenza.com\/it\/2013\/03\/progetto-di-affido-a-distanza-di-bambinei-palestinesi-di-gaza\/\"},\"wordCount\":373,\"publisher\":{\"@id\":\"https:\/\/www.pressenza.com\/it\/#organization\"},\"image\":{\"@id\":\"https:\/\/www.pressenza.com\/it\/2013\/03\/progetto-di-affido-a-distanza-di-bambinei-palestinesi-di-gaza\/#primaryimage\"},\"thumbnailUrl\":\"https:\/\/www.pressenza.com\/wp-content\/uploads\/2013\/03\/palestina-muro-960.jpg\",\"keywords\":[\"affido\",\"striscia di Gaza\"],\"articleSection\":[\"Comunicati Stampa\",\"Diritti Umani\",\"Educazione\",\"Medio Oriente\"],\"inLanguage\":\"it-IT\"},{\"@type\":\"WebPage\",\"@id\":\"https:\/\/www.pressenza.com\/it\/2013\/03\/progetto-di-affido-a-distanza-di-bambinei-palestinesi-di-gaza\/\",\"url\":\"https:\/\/www.pressenza.com\/it\/2013\/03\/progetto-di-affido-a-distanza-di-bambinei-palestinesi-di-gaza\/\",\"name\":\"Progetto di affido a distanza di bambine\/i palestinesi di Gaza\",\"isPartOf\":{\"@id\":\"https:\/\/www.pressenza.com\/it\/#website\"},\"primaryImageOfPage\":{\"@id\":\"https:\/\/www.pressenza.com\/it\/2013\/03\/progetto-di-affido-a-distanza-di-bambinei-palestinesi-di-gaza\/#primaryimage\"},\"image\":{\"@id\":\"https:\/\/www.pressenza.com\/it\/2013\/03\/progetto-di-affido-a-distanza-di-bambinei-palestinesi-di-gaza\/#primaryimage\"},\"thumbnailUrl\":\"https:\/\/www.pressenza.com\/wp-content\/uploads\/2013\/03\/palestina-muro-960.jpg\",\"datePublished\":\"2013-03-17T17:40:16+00:00\",\"dateModified\":\"2020-11-30T11:26:43+00:00\",\"description\":\"Salaam Ragazzi dell\u2019Olivo-Comitato di Milano-Onlus \u00e8 una associazione di volontariato, che da molti anni opera con attivit\u00e0 e progetti in Palestina,\",\"breadcrumb\":{\"@id\":\"https:\/\/www.pressenza.com\/it\/2013\/03\/progetto-di-affido-a-distanza-di-bambinei-palestinesi-di-gaza\/#breadcrumb\"},\"inLanguage\":\"it-IT\",\"potentialAction\":[{\"@type\":\"ReadAction\",\"target\":[\"https:\/\/www.pressenza.com\/it\/2013\/03\/progetto-di-affido-a-distanza-di-bambinei-palestinesi-di-gaza\/\"]}]},{\"@type\":\"ImageObject\",\"inLanguage\":\"it-IT\",\"@id\":\"https:\/\/www.pressenza.com\/it\/2013\/03\/progetto-di-affido-a-distanza-di-bambinei-palestinesi-di-gaza\/#primaryimage\",\"url\":\"https:\/\/www.pressenza.com\/wp-content\/uploads\/2013\/03\/palestina-muro-960.jpg\",\"contentUrl\":\"https:\/\/www.pressenza.com\/wp-content\/uploads\/2013\/03\/palestina-muro-960.jpg\",\"width\":960,\"height\":380},{\"@type\":\"BreadcrumbList\",\"@id\":\"https:\/\/www.pressenza.com\/it\/2013\/03\/progetto-di-affido-a-distanza-di-bambinei-palestinesi-di-gaza\/#breadcrumb\",\"itemListElement\":[{\"@type\":\"ListItem\",\"position\":1,\"name\":\"Accueil\",\"item\":\"https:\/\/www.pressenza.com\/it\/\"},{\"@type\":\"ListItem\",\"position\":2,\"name\":\"Progetto di affido a distanza di bambine\/i palestinesi di Gaza\"}]},{\"@type\":\"WebSite\",\"@id\":\"https:\/\/www.pressenza.com\/it\/#website\",\"url\":\"https:\/\/www.pressenza.com\/it\/\",\"name\":\"Pressenza\",\"description\":\"Agenzia di Stampa Internazionale\",\"publisher\":{\"@id\":\"https:\/\/www.pressenza.com\/it\/#organization\"},\"potentialAction\":[{\"@type\":\"SearchAction\",\"target\":{\"@type\":\"EntryPoint\",\"urlTemplate\":\"https:\/\/www.pressenza.com\/it\/?s={search_term_string}\"},\"query-input\":{\"@type\":\"PropertyValueSpecification\",\"valueRequired\":true,\"valueName\":\"search_term_string\"}}],\"inLanguage\":\"it-IT\"},{\"@type\":\"Organization\",\"@id\":\"https:\/\/www.pressenza.com\/it\/#organization\",\"name\":\"Pressenza\",\"url\":\"https:\/\/www.pressenza.com\/it\/\",\"logo\":{\"@type\":\"ImageObject\",\"inLanguage\":\"it-IT\",\"@id\":\"https:\/\/www.pressenza.com\/it\/#\/schema\/logo\/image\/\",\"url\":\"https:\/\/www.pressenza.com\/wp-content\/uploads\/2022\/10\/pressenza_logo_200x200.jpg\",\"contentUrl\":\"https:\/\/www.pressenza.com\/wp-content\/uploads\/2022\/10\/pressenza_logo_200x200.jpg\",\"width\":200,\"height\":200,\"caption\":\"Pressenza\"},\"image\":{\"@id\":\"https:\/\/www.pressenza.com\/it\/#\/schema\/logo\/image\/\"},\"sameAs\":[\"https:\/\/www.facebook.com\/PressenzaItalia\",\"https:\/\/x.com\/PressenzaIPA\"]},{\"@type\":\"Person\",\"@id\":\"https:\/\/www.pressenza.com\/it\/#\/schema\/person\/d983e81827ae24f2c7b1a2123d197f8d\",\"name\":\"Redazione Italia\",\"description\":\"News from the Pressenza Bureau in Italy\",\"sameAs\":[\"https:\/\/www.pressenza.com\/it\/author\/redazione-italia\/\",\"https:\/\/www.facebook.com\/PressenzaItalia\",\"https:\/\/www.instagram.com\/pressenza_italia\/\",\"https:\/\/x.com\/pressenza_it\",\"https:\/\/www.youtube.com\/channel\/UCSalEIWjE1RSxkwjfftFuqg\"],\"url\":\"https:\/\/www.pressenza.com\/it\/author\/redazione-italia\/\"}]}<\/script>\n<!-- \/ Yoast SEO plugin. -->","yoast_head_json":{"title":"Progetto di affido a distanza di bambine\/i palestinesi di Gaza","description":"Salaam Ragazzi dell\u2019Olivo-Comitato di Milano-Onlus \u00e8 una associazione di volontariato, che da molti anni opera con attivit\u00e0 e progetti in Palestina,","robots":{"index":"index","follow":"follow","max-snippet":"max-snippet:-1","max-image-preview":"max-image-preview:large","max-video-preview":"max-video-preview:-1"},"canonical":"https:\/\/www.pressenza.com\/it\/2013\/03\/progetto-di-affido-a-distanza-di-bambinei-palestinesi-di-gaza\/","og_locale":"it_IT","og_type":"article","og_title":"Progetto di affido a distanza di bambine\/i palestinesi di Gaza","og_description":"Salaam Ragazzi dell\u2019Olivo-Comitato di Milano-Onlus \u00e8 una associazione di volontariato, che da molti anni opera con attivit\u00e0 e progetti in Palestina,","og_url":"https:\/\/www.pressenza.com\/it\/2013\/03\/progetto-di-affido-a-distanza-di-bambinei-palestinesi-di-gaza\/","og_site_name":"Pressenza","article_publisher":"https:\/\/www.facebook.com\/PressenzaItalia","article_author":"https:\/\/www.facebook.com\/PressenzaItalia","article_published_time":"2013-03-17T17:40:16+00:00","article_modified_time":"2020-11-30T11:26:43+00:00","og_image":[{"width":960,"height":380,"url":"https:\/\/www.pressenza.com\/wp-content\/uploads\/2013\/03\/palestina-muro-960.jpg","type":"image\/jpeg"}],"author":"Redazione Italia","twitter_card":"summary_large_image","twitter_creator":"@pressenza_it","twitter_site":"@PressenzaIPA","twitter_misc":{"Scritto da":"Redazione Italia","Tempo di lettura stimato":"2 minuti"},"schema":{"@context":"https:\/\/schema.org","@graph":[{"@type":"Article","@id":"https:\/\/www.pressenza.com\/it\/2013\/03\/progetto-di-affido-a-distanza-di-bambinei-palestinesi-di-gaza\/#article","isPartOf":{"@id":"https:\/\/www.pressenza.com\/it\/2013\/03\/progetto-di-affido-a-distanza-di-bambinei-palestinesi-di-gaza\/"},"author":{"name":"Redazione Italia","@id":"https:\/\/www.pressenza.com\/it\/#\/schema\/person\/d983e81827ae24f2c7b1a2123d197f8d"},"headline":"Progetto di affido a distanza di bambine\/i palestinesi di Gaza","datePublished":"2013-03-17T17:40:16+00:00","dateModified":"2020-11-30T11:26:43+00:00","mainEntityOfPage":{"@id":"https:\/\/www.pressenza.com\/it\/2013\/03\/progetto-di-affido-a-distanza-di-bambinei-palestinesi-di-gaza\/"},"wordCount":373,"publisher":{"@id":"https:\/\/www.pressenza.com\/it\/#organization"},"image":{"@id":"https:\/\/www.pressenza.com\/it\/2013\/03\/progetto-di-affido-a-distanza-di-bambinei-palestinesi-di-gaza\/#primaryimage"},"thumbnailUrl":"https:\/\/www.pressenza.com\/wp-content\/uploads\/2013\/03\/palestina-muro-960.jpg","keywords":["affido","striscia di Gaza"],"articleSection":["Comunicati Stampa","Diritti Umani","Educazione","Medio Oriente"],"inLanguage":"it-IT"},{"@type":"WebPage","@id":"https:\/\/www.pressenza.com\/it\/2013\/03\/progetto-di-affido-a-distanza-di-bambinei-palestinesi-di-gaza\/","url":"https:\/\/www.pressenza.com\/it\/2013\/03\/progetto-di-affido-a-distanza-di-bambinei-palestinesi-di-gaza\/","name":"Progetto di affido a distanza di bambine\/i palestinesi di Gaza","isPartOf":{"@id":"https:\/\/www.pressenza.com\/it\/#website"},"primaryImageOfPage":{"@id":"https:\/\/www.pressenza.com\/it\/2013\/03\/progetto-di-affido-a-distanza-di-bambinei-palestinesi-di-gaza\/#primaryimage"},"image":{"@id":"https:\/\/www.pressenza.com\/it\/2013\/03\/progetto-di-affido-a-distanza-di-bambinei-palestinesi-di-gaza\/#primaryimage"},"thumbnailUrl":"https:\/\/www.pressenza.com\/wp-content\/uploads\/2013\/03\/palestina-muro-960.jpg","datePublished":"2013-03-17T17:40:16+00:00","dateModified":"2020-11-30T11:26:43+00:00","description":"Salaam Ragazzi dell\u2019Olivo-Comitato di Milano-Onlus \u00e8 una associazione di volontariato, che da molti anni opera con attivit\u00e0 e progetti in Palestina,","breadcrumb":{"@id":"https:\/\/www.pressenza.com\/it\/2013\/03\/progetto-di-affido-a-distanza-di-bambinei-palestinesi-di-gaza\/#breadcrumb"},"inLanguage":"it-IT","potentialAction":[{"@type":"ReadAction","target":["https:\/\/www.pressenza.com\/it\/2013\/03\/progetto-di-affido-a-distanza-di-bambinei-palestinesi-di-gaza\/"]}]},{"@type":"ImageObject","inLanguage":"it-IT","@id":"https:\/\/www.pressenza.com\/it\/2013\/03\/progetto-di-affido-a-distanza-di-bambinei-palestinesi-di-gaza\/#primaryimage","url":"https:\/\/www.pressenza.com\/wp-content\/uploads\/2013\/03\/palestina-muro-960.jpg","contentUrl":"https:\/\/www.pressenza.com\/wp-content\/uploads\/2013\/03\/palestina-muro-960.jpg","width":960,"height":380},{"@type":"BreadcrumbList","@id":"https:\/\/www.pressenza.com\/it\/2013\/03\/progetto-di-affido-a-distanza-di-bambinei-palestinesi-di-gaza\/#breadcrumb","itemListElement":[{"@type":"ListItem","position":1,"name":"Accueil","item":"https:\/\/www.pressenza.com\/it\/"},{"@type":"ListItem","position":2,"name":"Progetto di affido a distanza di bambine\/i palestinesi di Gaza"}]},{"@type":"WebSite","@id":"https:\/\/www.pressenza.com\/it\/#website","url":"https:\/\/www.pressenza.com\/it\/","name":"Pressenza","description":"Agenzia di Stampa Internazionale","publisher":{"@id":"https:\/\/www.pressenza.com\/it\/#organization"},"potentialAction":[{"@type":"SearchAction","target":{"@type":"EntryPoint","urlTemplate":"https:\/\/www.pressenza.com\/it\/?s={search_term_string}"},"query-input":{"@type":"PropertyValueSpecification","valueRequired":true,"valueName":"search_term_string"}}],"inLanguage":"it-IT"},{"@type":"Organization","@id":"https:\/\/www.pressenza.com\/it\/#organization","name":"Pressenza","url":"https:\/\/www.pressenza.com\/it\/","logo":{"@type":"ImageObject","inLanguage":"it-IT","@id":"https:\/\/www.pressenza.com\/it\/#\/schema\/logo\/image\/","url":"https:\/\/www.pressenza.com\/wp-content\/uploads\/2022\/10\/pressenza_logo_200x200.jpg","contentUrl":"https:\/\/www.pressenza.com\/wp-content\/uploads\/2022\/10\/pressenza_logo_200x200.jpg","width":200,"height":200,"caption":"Pressenza"},"image":{"@id":"https:\/\/www.pressenza.com\/it\/#\/schema\/logo\/image\/"},"sameAs":["https:\/\/www.facebook.com\/PressenzaItalia","https:\/\/x.com\/PressenzaIPA"]},{"@type":"Person","@id":"https:\/\/www.pressenza.com\/it\/#\/schema\/person\/d983e81827ae24f2c7b1a2123d197f8d","name":"Redazione Italia","description":"News from the Pressenza Bureau in Italy","sameAs":["https:\/\/www.pressenza.com\/it\/author\/redazione-italia\/","https:\/\/www.facebook.com\/PressenzaItalia","https:\/\/www.instagram.com\/pressenza_italia\/","https:\/\/x.com\/pressenza_it","https:\/\/www.youtube.com\/channel\/UCSalEIWjE1RSxkwjfftFuqg"],"url":"https:\/\/www.pressenza.com\/it\/author\/redazione-italia\/"}]}},"place":"Milano","original_article_url":"","_links":{"self":[{"href":"https:\/\/www.pressenza.com\/it\/wp-json\/wp\/v2\/posts\/43263","targetHints":{"allow":["GET"]}}],"collection":[{"href":"https:\/\/www.pressenza.com\/it\/wp-json\/wp\/v2\/posts"}],"about":[{"href":"https:\/\/www.pressenza.com\/it\/wp-json\/wp\/v2\/types\/post"}],"author":[{"embeddable":true,"href":"https:\/\/www.pressenza.com\/it\/wp-json\/wp\/v2\/users\/594"}],"replies":[{"embeddable":true,"href":"https:\/\/www.pressenza.com\/it\/wp-json\/wp\/v2\/comments?post=43263"}],"version-history":[{"count":0,"href":"https:\/\/www.pressenza.com\/it\/wp-json\/wp\/v2\/posts\/43263\/revisions"}],"wp:featuredmedia":[{"embeddable":true,"href":"https:\/\/www.pressenza.com\/it\/wp-json\/wp\/v2\/media\/43264"}],"wp:attachment":[{"href":"https:\/\/www.pressenza.com\/it\/wp-json\/wp\/v2\/media?parent=43263"}],"wp:term":[{"taxonomy":"category","embeddable":true,"href":"https:\/\/www.pressenza.com\/it\/wp-json\/wp\/v2\/categories?post=43263"},{"taxonomy":"post_tag","embeddable":true,"href":"https:\/\/www.pressenza.com\/it\/wp-json\/wp\/v2\/tags?post=43263"}],"curies":[{"name":"wp","href":"https:\/\/api.w.org\/{rel}","templated":true}]}}