{"id":427485,"date":"2017-02-03T10:09:58","date_gmt":"2017-02-03T10:09:58","guid":{"rendered":"http:\/\/www.pressenza.com\/?p=427485\/"},"modified":"2017-02-03T10:09:58","modified_gmt":"2017-02-03T10:09:58","slug":"giulio-regeni-quel-corpo-torturato-chiede-verita","status":"publish","type":"post","link":"https:\/\/www.pressenza.com\/it\/2017\/02\/giulio-regeni-quel-corpo-torturato-chiede-verita\/","title":{"rendered":"Giulio Regeni, quel corpo torturato che chiede verit\u00e0"},"content":{"rendered":"<p>La mattina del 3 febbraio di un anno fa, in un fosso lungo l\u2019autostrada Cairo \u2013 Alessandria, veniva ritrovato\u00a0il corpo, orribilmente torturato, di Giulio Regeni: una prassi comune sin dai tempi di Hosni Mubarak, quella di disfarsi dei corpi delle persone fatte sparire e torturate a morte.<\/p>\n<p>Sono trascorsi 365 giorni esatti. Da allora, nonostante gli sforzi della procura di Roma,<strong>\u00a0<\/strong>la verit\u00e0 su chi abbia sequestrato, sottoposto a sparizione forzata, torturato e ucciso Giulio non \u00e8 ancora emersa.<\/p>\n<p>Dopo\u00a0mesi e mesi di depistaggi e versioni grottesche e insultanti\u00a0(una delle quali costata la morte a cinque innocenti), la\u00a0timida e tardiva collaborazione delle autorit\u00e0 giudiziarie egiziane\u00a0ha portato ad almeno una conclusione: che qualche persona appartenente agli apparati di sicurezza del Cairo sia stata coinvolta.<\/p>\n<p>Siamo a quella cosiddetta\u00a0\u201cverit\u00e0 di comodo\u201d, che chiama in causa singole \u201cmele marce\u201d\u00a0che avrebbero\u00a0agito fuori controllo, senza ricevere ordini e senza riferire ad altri, in altre parole\u00a0senza una catena di comando.<\/p>\n<p><a href=\"http:\/\/lepersoneeladignita.corriere.it\/2016\/12\/25\/natalepergiulio-e-per-una-verita-che-non-sia-di-comodo\/\"><strong>Una verit\u00e0 che non sta in piedi<\/strong><\/a>,\u00a0ma che rischia di essere quella finale, per stanchezza, per impossibilit\u00e0 di ottenere di pi\u00f9, perch\u00e9 in qualche modo, a un certo punto, \u201cquesta storia deve finire\u201d.<\/p>\n<p>\u00c8 quello che ci dicono espressamente dal Cairo, in questi ultimi giorni: disposti a proseguire nella collaborazione (beninteso, non oltre la \u201cverit\u00e0 di comodo\u201d), ma i rapporti devono tornare normali.<\/p>\n<p>Ed \u00e8 quello che, ancora con un certo pudore, si dice anche in Italia:\u00a0accontentiamoci.<\/p>\n<p>La risposta, da parte di chi considera\u00a0l\u2019omicidio di Giulio una grave violazione dei diritti umani\u00a0e non un intralcio alle normali relazioni tra Italia ed Egitto (peraltro quelle economiche, nel settore energetico, sono proseguite senza problemi), \u00e8 semplice:\u00a0non ci accontentiamo.<\/p>\n<p>Non ci accontentiamo di una verit\u00e0 parziale e continuiamo a giudicare\u00a0il ritorno dell\u2019ambasciatore italiano al Cairo intempestivo e controproducente.<\/p>\n<p>Intanto, per tenere viva la sua memoria, gli amici di Giulio e il Collegio del mondo unito dell\u2019Adriatico Onlus presentano oggi alla Camera dei Deputati\u00a0<a href=\"https:\/\/www.justgiving.com\/fundraising\/uwcad4giulio\"><strong>una sottoscrizione pubblica<\/strong><\/a>\u00a0per la<strong>\u00a0<\/strong>raccolta di borse di studio.<\/p>\n<p>Tali borse, su richiesta della famiglia Regeni, saranno\u00a0destinate a studenti egiziani\u00a0selezionati esclusivamente in base al merito dalla Commissione nazionale dei collegi del mondo unito in Egitto.<\/p>\n<p>Gli studenti andranno a studiare al\u00a0<a href=\"http:\/\/www.it.uwc.org\/collegi-e-scuole\/uwc-adriatic\"><strong>Collegio del mondo unito dell\u2019Adriatico<\/strong><\/a>\u00a0Onlus di Duino (Trieste). Giulio si era diplomato presso il Collegio del New Mexico, Usa ed era nato e cresciuto a pochi chilometri da quello di\u00a0Duino. Le borse saranno quindi legate a un luogo dove la memoria di Giulio concretamente perdurer\u00e0 nel tempo.<\/p>\n<p>Ripubblicazione autorizzata dall&#8217;autore.<\/p>\n","protected":false},"excerpt":{"rendered":"<p>La mattina del 3 febbraio di un anno fa, in un fosso lungo l\u2019autostrada Cairo \u2013 Alessandria, veniva ritrovato\u00a0il corpo, orribilmente torturato, di Giulio Regeni: una prassi comune sin dai tempi di Hosni Mubarak, quella di disfarsi dei corpi delle&hellip;<\/p>\n","protected":false},"author":1334,"featured_media":424604,"comment_status":"closed","ping_status":"closed","sticky":false,"template":"","format":"standard","meta":{"footnotes":""},"categories":[45,60,47,162],"tags":[2827,23843,370],"class_list":["post-427485","post","type-post","status-publish","format-standard","has-post-thumbnail","hentry","category-africa-it","category-diritti-umani","category-europa","category-opinioni","tag-egitto","tag-giulio-regeni","tag-italia"],"yoast_head":"<!-- This site is optimized with the Yoast SEO plugin v27.1.1 - https:\/\/yoast.com\/product\/yoast-seo-wordpress\/ -->\n<title>Giulio Regeni, quel corpo torturato che chiede verit\u00e0<\/title>\n<meta name=\"description\" content=\"La mattina del 3 febbraio di un anno fa, in un fosso lungo l\u2019autostrada Cairo \u2013 Alessandria, veniva ritrovato\u00a0il corpo, orribilmente torturato, di Giulio\" \/>\n<meta name=\"robots\" content=\"index, follow, max-snippet:-1, max-image-preview:large, max-video-preview:-1\" \/>\n<link rel=\"canonical\" href=\"https:\/\/www.pressenza.com\/it\/2017\/02\/giulio-regeni-quel-corpo-torturato-chiede-verita\/\" \/>\n<meta property=\"og:locale\" content=\"it_IT\" \/>\n<meta property=\"og:type\" content=\"article\" \/>\n<meta property=\"og:title\" content=\"Giulio Regeni, quel corpo torturato che chiede verit\u00e0\" \/>\n<meta property=\"og:description\" content=\"La mattina del 3 febbraio di un anno fa, in un fosso lungo l\u2019autostrada Cairo \u2013 Alessandria, veniva ritrovato\u00a0il corpo, orribilmente torturato, di Giulio\" \/>\n<meta property=\"og:url\" content=\"https:\/\/www.pressenza.com\/it\/2017\/02\/giulio-regeni-quel-corpo-torturato-chiede-verita\/\" \/>\n<meta property=\"og:site_name\" content=\"Pressenza\" \/>\n<meta property=\"article:publisher\" content=\"https:\/\/www.facebook.com\/PressenzaItalia\" \/>\n<meta property=\"article:author\" content=\"https:\/\/www.facebook.com\/p\/Riccardo-Noury-100041166531808\/\" \/>\n<meta property=\"article:published_time\" content=\"2017-02-03T10:09:58+00:00\" \/>\n<meta property=\"og:image\" content=\"https:\/\/www.pressenza.com\/wp-content\/uploads\/2017\/01\/giulioregeni365.jpg\" \/>\n\t<meta property=\"og:image:width\" content=\"918\" \/>\n\t<meta property=\"og:image:height\" content=\"551\" \/>\n\t<meta property=\"og:image:type\" content=\"image\/jpeg\" \/>\n<meta name=\"author\" content=\"Riccardo Noury\" \/>\n<meta name=\"twitter:card\" content=\"summary_large_image\" \/>\n<meta name=\"twitter:creator\" content=\"@riccardonoury\" \/>\n<meta name=\"twitter:site\" content=\"@PressenzaIPA\" \/>\n<meta name=\"twitter:label1\" content=\"Scritto da\" \/>\n\t<meta name=\"twitter:data1\" content=\"Riccardo Noury\" \/>\n\t<meta name=\"twitter:label2\" content=\"Tempo di lettura stimato\" \/>\n\t<meta name=\"twitter:data2\" content=\"2 minuti\" \/>\n<script type=\"application\/ld+json\" class=\"yoast-schema-graph\">{\"@context\":\"https:\/\/schema.org\",\"@graph\":[{\"@type\":\"Article\",\"@id\":\"https:\/\/www.pressenza.com\/it\/2017\/02\/giulio-regeni-quel-corpo-torturato-chiede-verita\/#article\",\"isPartOf\":{\"@id\":\"https:\/\/www.pressenza.com\/it\/2017\/02\/giulio-regeni-quel-corpo-torturato-chiede-verita\/\"},\"author\":{\"name\":\"Riccardo Noury\",\"@id\":\"https:\/\/www.pressenza.com\/it\/#\/schema\/person\/8f342cd59f9d5aae911255240684f81e\"},\"headline\":\"Giulio Regeni, quel corpo torturato che chiede verit\u00e0\",\"datePublished\":\"2017-02-03T10:09:58+00:00\",\"mainEntityOfPage\":{\"@id\":\"https:\/\/www.pressenza.com\/it\/2017\/02\/giulio-regeni-quel-corpo-torturato-chiede-verita\/\"},\"wordCount\":432,\"publisher\":{\"@id\":\"https:\/\/www.pressenza.com\/it\/#organization\"},\"image\":{\"@id\":\"https:\/\/www.pressenza.com\/it\/2017\/02\/giulio-regeni-quel-corpo-torturato-chiede-verita\/#primaryimage\"},\"thumbnailUrl\":\"https:\/\/www.pressenza.com\/wp-content\/uploads\/2017\/01\/giulioregeni365.jpg\",\"keywords\":[\"Egitto\",\"Giulio Regeni\",\"Italia\"],\"articleSection\":[\"Africa\",\"Diritti Umani\",\"Europa\",\"Opinioni\"],\"inLanguage\":\"it-IT\"},{\"@type\":\"WebPage\",\"@id\":\"https:\/\/www.pressenza.com\/it\/2017\/02\/giulio-regeni-quel-corpo-torturato-chiede-verita\/\",\"url\":\"https:\/\/www.pressenza.com\/it\/2017\/02\/giulio-regeni-quel-corpo-torturato-chiede-verita\/\",\"name\":\"Giulio Regeni, quel corpo torturato che chiede verit\u00e0\",\"isPartOf\":{\"@id\":\"https:\/\/www.pressenza.com\/it\/#website\"},\"primaryImageOfPage\":{\"@id\":\"https:\/\/www.pressenza.com\/it\/2017\/02\/giulio-regeni-quel-corpo-torturato-chiede-verita\/#primaryimage\"},\"image\":{\"@id\":\"https:\/\/www.pressenza.com\/it\/2017\/02\/giulio-regeni-quel-corpo-torturato-chiede-verita\/#primaryimage\"},\"thumbnailUrl\":\"https:\/\/www.pressenza.com\/wp-content\/uploads\/2017\/01\/giulioregeni365.jpg\",\"datePublished\":\"2017-02-03T10:09:58+00:00\",\"description\":\"La mattina del 3 febbraio di un anno fa, in un fosso lungo l\u2019autostrada Cairo \u2013 Alessandria, veniva ritrovato\u00a0il corpo, orribilmente torturato, di Giulio\",\"breadcrumb\":{\"@id\":\"https:\/\/www.pressenza.com\/it\/2017\/02\/giulio-regeni-quel-corpo-torturato-chiede-verita\/#breadcrumb\"},\"inLanguage\":\"it-IT\",\"potentialAction\":[{\"@type\":\"ReadAction\",\"target\":[\"https:\/\/www.pressenza.com\/it\/2017\/02\/giulio-regeni-quel-corpo-torturato-chiede-verita\/\"]}]},{\"@type\":\"ImageObject\",\"inLanguage\":\"it-IT\",\"@id\":\"https:\/\/www.pressenza.com\/it\/2017\/02\/giulio-regeni-quel-corpo-torturato-chiede-verita\/#primaryimage\",\"url\":\"https:\/\/www.pressenza.com\/wp-content\/uploads\/2017\/01\/giulioregeni365.jpg\",\"contentUrl\":\"https:\/\/www.pressenza.com\/wp-content\/uploads\/2017\/01\/giulioregeni365.jpg\",\"width\":918,\"height\":551},{\"@type\":\"BreadcrumbList\",\"@id\":\"https:\/\/www.pressenza.com\/it\/2017\/02\/giulio-regeni-quel-corpo-torturato-chiede-verita\/#breadcrumb\",\"itemListElement\":[{\"@type\":\"ListItem\",\"position\":1,\"name\":\"Accueil\",\"item\":\"https:\/\/www.pressenza.com\/it\/\"},{\"@type\":\"ListItem\",\"position\":2,\"name\":\"Giulio Regeni, quel corpo torturato che chiede verit\u00e0\"}]},{\"@type\":\"WebSite\",\"@id\":\"https:\/\/www.pressenza.com\/it\/#website\",\"url\":\"https:\/\/www.pressenza.com\/it\/\",\"name\":\"Pressenza\",\"description\":\"Agenzia di Stampa Internazionale\",\"publisher\":{\"@id\":\"https:\/\/www.pressenza.com\/it\/#organization\"},\"potentialAction\":[{\"@type\":\"SearchAction\",\"target\":{\"@type\":\"EntryPoint\",\"urlTemplate\":\"https:\/\/www.pressenza.com\/it\/?s={search_term_string}\"},\"query-input\":{\"@type\":\"PropertyValueSpecification\",\"valueRequired\":true,\"valueName\":\"search_term_string\"}}],\"inLanguage\":\"it-IT\"},{\"@type\":\"Organization\",\"@id\":\"https:\/\/www.pressenza.com\/it\/#organization\",\"name\":\"Pressenza\",\"url\":\"https:\/\/www.pressenza.com\/it\/\",\"logo\":{\"@type\":\"ImageObject\",\"inLanguage\":\"it-IT\",\"@id\":\"https:\/\/www.pressenza.com\/it\/#\/schema\/logo\/image\/\",\"url\":\"https:\/\/www.pressenza.com\/wp-content\/uploads\/2022\/10\/pressenza_logo_200x200.jpg\",\"contentUrl\":\"https:\/\/www.pressenza.com\/wp-content\/uploads\/2022\/10\/pressenza_logo_200x200.jpg\",\"width\":200,\"height\":200,\"caption\":\"Pressenza\"},\"image\":{\"@id\":\"https:\/\/www.pressenza.com\/it\/#\/schema\/logo\/image\/\"},\"sameAs\":[\"https:\/\/www.facebook.com\/PressenzaItalia\",\"https:\/\/x.com\/PressenzaIPA\"]},{\"@type\":\"Person\",\"@id\":\"https:\/\/www.pressenza.com\/it\/#\/schema\/person\/8f342cd59f9d5aae911255240684f81e\",\"name\":\"Riccardo Noury\",\"sameAs\":[\"http:\/\/www.amnesty.it\/\",\"https:\/\/www.facebook.com\/p\/Riccardo-Noury-100041166531808\/\",\"https:\/\/www.instagram.com\/riccardonoury9241\",\"https:\/\/x.com\/riccardonoury\"],\"url\":\"https:\/\/www.pressenza.com\/it\/author\/riccardo-noury\/\"}]}<\/script>\n<!-- \/ Yoast SEO plugin. -->","yoast_head_json":{"title":"Giulio Regeni, quel corpo torturato che chiede verit\u00e0","description":"La mattina del 3 febbraio di un anno fa, in un fosso lungo l\u2019autostrada Cairo \u2013 Alessandria, veniva ritrovato\u00a0il corpo, orribilmente torturato, di Giulio","robots":{"index":"index","follow":"follow","max-snippet":"max-snippet:-1","max-image-preview":"max-image-preview:large","max-video-preview":"max-video-preview:-1"},"canonical":"https:\/\/www.pressenza.com\/it\/2017\/02\/giulio-regeni-quel-corpo-torturato-chiede-verita\/","og_locale":"it_IT","og_type":"article","og_title":"Giulio Regeni, quel corpo torturato che chiede verit\u00e0","og_description":"La mattina del 3 febbraio di un anno fa, in un fosso lungo l\u2019autostrada Cairo \u2013 Alessandria, veniva ritrovato\u00a0il corpo, orribilmente torturato, di Giulio","og_url":"https:\/\/www.pressenza.com\/it\/2017\/02\/giulio-regeni-quel-corpo-torturato-chiede-verita\/","og_site_name":"Pressenza","article_publisher":"https:\/\/www.facebook.com\/PressenzaItalia","article_author":"https:\/\/www.facebook.com\/p\/Riccardo-Noury-100041166531808\/","article_published_time":"2017-02-03T10:09:58+00:00","og_image":[{"width":918,"height":551,"url":"https:\/\/www.pressenza.com\/wp-content\/uploads\/2017\/01\/giulioregeni365.jpg","type":"image\/jpeg"}],"author":"Riccardo Noury","twitter_card":"summary_large_image","twitter_creator":"@riccardonoury","twitter_site":"@PressenzaIPA","twitter_misc":{"Scritto da":"Riccardo Noury","Tempo di lettura stimato":"2 minuti"},"schema":{"@context":"https:\/\/schema.org","@graph":[{"@type":"Article","@id":"https:\/\/www.pressenza.com\/it\/2017\/02\/giulio-regeni-quel-corpo-torturato-chiede-verita\/#article","isPartOf":{"@id":"https:\/\/www.pressenza.com\/it\/2017\/02\/giulio-regeni-quel-corpo-torturato-chiede-verita\/"},"author":{"name":"Riccardo Noury","@id":"https:\/\/www.pressenza.com\/it\/#\/schema\/person\/8f342cd59f9d5aae911255240684f81e"},"headline":"Giulio Regeni, quel corpo torturato che chiede verit\u00e0","datePublished":"2017-02-03T10:09:58+00:00","mainEntityOfPage":{"@id":"https:\/\/www.pressenza.com\/it\/2017\/02\/giulio-regeni-quel-corpo-torturato-chiede-verita\/"},"wordCount":432,"publisher":{"@id":"https:\/\/www.pressenza.com\/it\/#organization"},"image":{"@id":"https:\/\/www.pressenza.com\/it\/2017\/02\/giulio-regeni-quel-corpo-torturato-chiede-verita\/#primaryimage"},"thumbnailUrl":"https:\/\/www.pressenza.com\/wp-content\/uploads\/2017\/01\/giulioregeni365.jpg","keywords":["Egitto","Giulio Regeni","Italia"],"articleSection":["Africa","Diritti Umani","Europa","Opinioni"],"inLanguage":"it-IT"},{"@type":"WebPage","@id":"https:\/\/www.pressenza.com\/it\/2017\/02\/giulio-regeni-quel-corpo-torturato-chiede-verita\/","url":"https:\/\/www.pressenza.com\/it\/2017\/02\/giulio-regeni-quel-corpo-torturato-chiede-verita\/","name":"Giulio Regeni, quel corpo torturato che chiede verit\u00e0","isPartOf":{"@id":"https:\/\/www.pressenza.com\/it\/#website"},"primaryImageOfPage":{"@id":"https:\/\/www.pressenza.com\/it\/2017\/02\/giulio-regeni-quel-corpo-torturato-chiede-verita\/#primaryimage"},"image":{"@id":"https:\/\/www.pressenza.com\/it\/2017\/02\/giulio-regeni-quel-corpo-torturato-chiede-verita\/#primaryimage"},"thumbnailUrl":"https:\/\/www.pressenza.com\/wp-content\/uploads\/2017\/01\/giulioregeni365.jpg","datePublished":"2017-02-03T10:09:58+00:00","description":"La mattina del 3 febbraio di un anno fa, in un fosso lungo l\u2019autostrada Cairo \u2013 Alessandria, veniva ritrovato\u00a0il corpo, orribilmente torturato, di Giulio","breadcrumb":{"@id":"https:\/\/www.pressenza.com\/it\/2017\/02\/giulio-regeni-quel-corpo-torturato-chiede-verita\/#breadcrumb"},"inLanguage":"it-IT","potentialAction":[{"@type":"ReadAction","target":["https:\/\/www.pressenza.com\/it\/2017\/02\/giulio-regeni-quel-corpo-torturato-chiede-verita\/"]}]},{"@type":"ImageObject","inLanguage":"it-IT","@id":"https:\/\/www.pressenza.com\/it\/2017\/02\/giulio-regeni-quel-corpo-torturato-chiede-verita\/#primaryimage","url":"https:\/\/www.pressenza.com\/wp-content\/uploads\/2017\/01\/giulioregeni365.jpg","contentUrl":"https:\/\/www.pressenza.com\/wp-content\/uploads\/2017\/01\/giulioregeni365.jpg","width":918,"height":551},{"@type":"BreadcrumbList","@id":"https:\/\/www.pressenza.com\/it\/2017\/02\/giulio-regeni-quel-corpo-torturato-chiede-verita\/#breadcrumb","itemListElement":[{"@type":"ListItem","position":1,"name":"Accueil","item":"https:\/\/www.pressenza.com\/it\/"},{"@type":"ListItem","position":2,"name":"Giulio Regeni, quel corpo torturato che chiede verit\u00e0"}]},{"@type":"WebSite","@id":"https:\/\/www.pressenza.com\/it\/#website","url":"https:\/\/www.pressenza.com\/it\/","name":"Pressenza","description":"Agenzia di Stampa Internazionale","publisher":{"@id":"https:\/\/www.pressenza.com\/it\/#organization"},"potentialAction":[{"@type":"SearchAction","target":{"@type":"EntryPoint","urlTemplate":"https:\/\/www.pressenza.com\/it\/?s={search_term_string}"},"query-input":{"@type":"PropertyValueSpecification","valueRequired":true,"valueName":"search_term_string"}}],"inLanguage":"it-IT"},{"@type":"Organization","@id":"https:\/\/www.pressenza.com\/it\/#organization","name":"Pressenza","url":"https:\/\/www.pressenza.com\/it\/","logo":{"@type":"ImageObject","inLanguage":"it-IT","@id":"https:\/\/www.pressenza.com\/it\/#\/schema\/logo\/image\/","url":"https:\/\/www.pressenza.com\/wp-content\/uploads\/2022\/10\/pressenza_logo_200x200.jpg","contentUrl":"https:\/\/www.pressenza.com\/wp-content\/uploads\/2022\/10\/pressenza_logo_200x200.jpg","width":200,"height":200,"caption":"Pressenza"},"image":{"@id":"https:\/\/www.pressenza.com\/it\/#\/schema\/logo\/image\/"},"sameAs":["https:\/\/www.facebook.com\/PressenzaItalia","https:\/\/x.com\/PressenzaIPA"]},{"@type":"Person","@id":"https:\/\/www.pressenza.com\/it\/#\/schema\/person\/8f342cd59f9d5aae911255240684f81e","name":"Riccardo Noury","sameAs":["http:\/\/www.amnesty.it\/","https:\/\/www.facebook.com\/p\/Riccardo-Noury-100041166531808\/","https:\/\/www.instagram.com\/riccardonoury9241","https:\/\/x.com\/riccardonoury"],"url":"https:\/\/www.pressenza.com\/it\/author\/riccardo-noury\/"}]}},"place":"","original_article_url":"http:\/\/www.agoravox.it\/Giulio-Regeni-quel-corpo-torturato.html?#","_links":{"self":[{"href":"https:\/\/www.pressenza.com\/it\/wp-json\/wp\/v2\/posts\/427485","targetHints":{"allow":["GET"]}}],"collection":[{"href":"https:\/\/www.pressenza.com\/it\/wp-json\/wp\/v2\/posts"}],"about":[{"href":"https:\/\/www.pressenza.com\/it\/wp-json\/wp\/v2\/types\/post"}],"author":[{"embeddable":true,"href":"https:\/\/www.pressenza.com\/it\/wp-json\/wp\/v2\/users\/1334"}],"replies":[{"embeddable":true,"href":"https:\/\/www.pressenza.com\/it\/wp-json\/wp\/v2\/comments?post=427485"}],"version-history":[{"count":0,"href":"https:\/\/www.pressenza.com\/it\/wp-json\/wp\/v2\/posts\/427485\/revisions"}],"wp:featuredmedia":[{"embeddable":true,"href":"https:\/\/www.pressenza.com\/it\/wp-json\/wp\/v2\/media\/424604"}],"wp:attachment":[{"href":"https:\/\/www.pressenza.com\/it\/wp-json\/wp\/v2\/media?parent=427485"}],"wp:term":[{"taxonomy":"category","embeddable":true,"href":"https:\/\/www.pressenza.com\/it\/wp-json\/wp\/v2\/categories?post=427485"},{"taxonomy":"post_tag","embeddable":true,"href":"https:\/\/www.pressenza.com\/it\/wp-json\/wp\/v2\/tags?post=427485"}],"curies":[{"name":"wp","href":"https:\/\/api.w.org\/{rel}","templated":true}]}}