{"id":426264,"date":"2017-01-31T14:54:14","date_gmt":"2017-01-31T14:54:14","guid":{"rendered":"http:\/\/www.pressenza.com\/?p=426264\/"},"modified":"2017-01-31T14:54:14","modified_gmt":"2017-01-31T14:54:14","slug":"abruzzo-e-mafie-quando-si-scuoteranno-e-muoveranno-le-coscienze","status":"publish","type":"post","link":"https:\/\/www.pressenza.com\/it\/2017\/01\/abruzzo-e-mafie-quando-si-scuoteranno-e-muoveranno-le-coscienze\/","title":{"rendered":"Abruzzo e mafie, quando si scuoteranno (e muoveranno) le coscienze?"},"content":{"rendered":"<p>&nbsp;<\/p>\n<p><em>Le recenti parole di Claudio Fava, vicepresidente della Commissione parlamentare antimafia, \u00a0sembrano calzare perfettamente anche alla nostra Regione: le mafie ci sono ma si preferisce troppo spesso non vedere, non cercare, girare la testa dall\u2019altro. Per cullarsi nell\u2019inganno dell\u2019isola felice<\/em><\/p>\n<p>&nbsp;<\/p>\n<p>Le mafie cercatele in \u201c<em>certi insospettabili consigli d\u2019amministrazione. Nelle logge massoniche coperte. Nelle carriere fulminee di certi oscuri ragionieri. Nei cantieri della civilissima Brianza. Nei subappalti per il movimento terra a mille chilometri dalla Sicilia. Cercatela a Reggio Calabria e ad Abu Dhabi (nell\u2019ordine che preferite). Cercate la mafia in prossimit\u00e0 delle parole eleganti e discrete con cui vi spiegano che la mafia \u00e8 sempre altrove, altre sono le emergenze, ben altro chiede il Paese. Infine, cercatela tra i vivi, non solo nel mesto elenco dei morti<\/em>\u201d. Sono frasi di un recente articolo di Claudio Fava (qui l\u2019originale integrale<a href=\"http:\/\/mafie.blogautore.repubblica.it\/2017\/01\/cerchiamola-dove-la-non-cerca-piu-nessuno\/\" data-saferedirecturl=\"https:\/\/www.google.com\/url?hl=it&amp;q=http:\/\/mafie.blogautore.repubblica.it\/2017\/01\/cerchiamola-dove-la-non-cerca-piu-nessuno\/&amp;source=gmail&amp;ust=1485939829986000&amp;usg=AFQjCNHlaKLPjpVXc0a4KqvvhVjnWs6Rew\">http:\/\/mafie.blogautore.repubblica.it\/2017\/01\/cerchiamola-dove-la-non-cerca-piu-nessuno\/<\/a> ), vicepresidente della Commissione Parlamentare Antimafia.<\/p>\n<p>Quanti sono nella nostra regione le sale, le strade e altri luoghi dedicati ai morti ammazzati dalle mafie? Quante le cerimonie, le commemorazioni, le sfilate per la legalit\u00e0 e la memoria? Tante, tantissime. Quanti invece gli occhi aperti, i megafoni aperti su quel che ci circonda, sul malaffare, sulla penetrazione delle mafie? Immensamente di meno, molto ma molto meno anche dei tantissimi che continuano a (s)parlare di un Abruzzo sano, immune, lindo e pulito. Al massimo sussurrando che qualcosina c\u2019\u00e8, \u201cma giusto nel post terremoto e nulla di significativo\u201d. Eppure inchieste, arresti, fatti di cronaca, processi \u00a0dimostrano che le mafie in Abruzzo ci sono da decenni, s\u2019infiltrano nella gestione del \u201cbene pubblico\u201d, nell\u2019economia, nel tessuto sociale. Investono, manovrano, trafficano.<\/p>\n<p>Ma ammetterlo costerebbe troppe domande, pretenderebbe troppe indignazioni di fronte a connivenze e convenienze, imporrebbe una mobilitazione coraggiosa, vera e reale di fronte a trhttps:\/\/www.pressenza.com\/wp-admin\/post.php?post=426264&amp;action=edit&amp;lang=itoppi comportamenti omertosi, criminali, mafiosi che quotidianamente animano la provincia delle clientele e dei perbenismi, dell\u2019alta borghesia della \u201csociet\u00e0 bene\u201d che delle mafie si serve e ne \u00e8 cliente. Droga, rifiuti, traffico d\u2019armi, estorsione, corruzione, appalti, sfruttamento della prostituzione, caporalato e lavoro nero, in Abruzzo l\u2019attivit\u00e0 \u00e8 fiorente e l\u2019elenco \u00e8 sterminato. Ci sono immensi prati dove nascono affari, traffici, intrecci criminali ripetutamente, costantemente, nell\u2019imperversare di consorterie e comitati d\u2019affari. La DIA un anno e mezzo fa scrisse nero su bianco che ci sono <em>\u201cimprenditori senza scrupoli che potrebbero rappresentare un\u2019efficace testa di ponte per i gruppi camorristici\u201d<\/em>. Basta semplicemente vedere, leggere, ascoltare, aprire gli occhi.\u00a0 E non accontentarsi di vivere in una mediocre sopravvivenza, non pensare che non ci interessa , che basta semplicemente scansarsi e \u201cfarsi i fatti propri\u201d. Per poi lamentarsi solo quando si pu\u00f2 far sfoggio di moralismo a buon mercato, di ipocrita conformismo, di borghese corporativismo (ma \u00e8 tanto una \u201cbrava persona\u201d, \u201cma lo conosco\u201d, \u201ccerte cose si sanno ma non si dicono, non sono fatti nostri\u201d) o il fastidio di chi non vuol mobilitarsi e non vuole che altri lo facciano. E\u2019 troppo facile sfoggiare morale e pudore sulla prostituzione, sulla presenza delle \u201clucciole\u201d in alberghi e strade. Ma quel traffico esiste perch\u00e9 qualcuno lo alimenta, il mercato c\u2019\u00e8 se ci sono clienti. E ci sono luoghi, strade, contrade chiacchierati e ben conosciuti, basta girare per bar e piazze, case e ville per scoprire che tanti, tantissimi sanno benissimo dove lo sfruttamento \u00e8 florido. Ma proferiscono solo risolini maschilisti, battute indegne. O preferiscono il silenzio pi\u00f9 omertoso possibile. L\u2019ipocrisia \u00e8 vomitevole, \u00e8 ripugnante. Perch\u00e9 le risposte sono nelle \u201ctiepide case\u201d, nei borghesi divani dell\u2019alta societ\u00e0, nel jet set della \u201ccitt\u00e0 bene\u201d. Sono i padri, i fratelli, i figli di \u201cbuona famiglia\u201d. Gli stessi che regalano soldi alle mafie il sabato sera in ben conosciute stanze d\u2019albergo o ai margini di viali altrettanto noti. Se questa regione \u00e8 uno dei maggiori crocevia nazionali (inserita anche, come anche di recente hanno dimostrato inchieste giudiziarie) del traffico di stupefacenti, se sono state costruite vere e proprie cosche locali sulla droga, qualche domanda sarebbe d\u2019obbligo. E la risposta \u00e8 una sola: il mercato \u00e8 florido, la domanda \u00e8 sempre in aumento. Le lacrime davanti alle tragedie personali e familiari, lo stupore perbenista e benpensante non servono a nulla. Anzi, sono complici. Ogni volta che si rimane in silenzio, che non si denuncia, non si mette la faccia, si rimane inerti di fronte ad un luogo di spaccio, ad una persona che diventa ingranaggio del \u201cmercato\u201d, si diventa complici, mafiosi, assassini di ognuno delle vittime (dirette e indirette) della droga.<\/p>\n<p>E\u2019 inutile, offensivo, complice continuare a far suonare fanfare per cerimonie e sfilate, a intitolare strade e riempire \u201cgiornate\u201d della legalit\u00e0 e della memoria se si continua a credere che \u00e8 tutto confinato al passato e a latitudini lontane, a riempirsi la bocca coi morti ma dimenticandosi dei vivi. Il malaffare delle eco camorre sui rifiuti e nel ciclo del cemento era ed \u00e8 ancora ben presente. E non \u00e8 mai stato completamente portato alla luce. Ma quei potenti clientelari e mafiosi, quei pupari e pupi appaiono comodi quando bisogna chiedere un \u201cfavore\u201d, bussare ad una porta, perseguire interessi personali tramite facili scorciatoie clientelari. Ma nel momento in cui ci si disinteressa (o meglio, ci si interessar solo quando si pu\u00f2 servire ed essere favoriti), si gira la testa dall\u2019altra parte di fronte a corruttele e consorterie, non ci si schiera (trincerandosi dietro fatalismo e qualunquismo d\u2019accatto) o ci si schiera con il forte (arrivando anche ad infangare, insultare, colpire il debole), si \u00e8 gi\u00e0 scelta la mafia, la si favorisce e si \u00e8 votato contro il proprio territorio, per incatenarlo e devastarlo.\u00a0 Si sono scelti i criminali, i colletti bianchi, le piovre. Quella massoneria a cui fa riferimento Claudio Fava \u00e8 presente anche qui, nel nostro Abruzzo. Ambienti e influenze compaiono \u00a0improvvisamente nelle cronache, cercando sul web si trova qualcuno che sembra voler denunciare una sua presunta influenza, notizie fanno riferimento a personaggi che entrerebbero in sodalizi per far carriera o che sono protetti nelle loro posizioni perch\u00e9 gi\u00e0 affiliati, enti e uffici sono pi\u00f9 che chiacchierati perch\u00e9 senza grembiule e compasso non si muoverebbe foglia (ma mai uno solo che abbia il coraggio di metterci la faccia, di denunciare e non sussurrare)\u00a0 ma alla fine tutto si perde come in un porto delle nebbie. Si riuscir\u00e0 mai a risalire dal porto delle nebbie? L\u2019Abruzzo trover\u00e0 mai i fari giusti per illuminare le zone grigie e far emergere senza remore la reale realt\u00e0 dei fatti?<\/p>\n<p>&nbsp;<\/p>\n<p><strong>Alessio Di Florio<\/strong><\/p>\n<p><em>Associazione Antimafie Rita Atria \u2013 <a href=\"http:\/\/www.ritaatria.it\/\" data-saferedirecturl=\"https:\/\/www.google.com\/url?hl=it&amp;q=http:\/\/www.ritaatria.it&amp;source=gmail&amp;ust=1485939829986000&amp;usg=AFQjCNGacNlFMjZOC5TyAYGpLuwukANLaQ\">http:\/\/www.ritaatria.it<\/a><\/em><\/p>\n<p><em>PeaceLink Abruzzo \u2013 <a href=\"http:\/\/www.peacelink.it\/abruzzo\" data-saferedirecturl=\"https:\/\/www.google.com\/url?hl=it&amp;q=http:\/\/www.peacelink.it\/abruzzo&amp;source=gmail&amp;ust=1485939829986000&amp;usg=AFQjCNFSflfljHdeFietf50Wt6XLoqAyeA\">http:\/\/www.peacelink.it\/abruzzo<\/a><\/em><\/p>\n","protected":false},"excerpt":{"rendered":"<p>&nbsp; Le recenti parole di Claudio Fava, vicepresidente della Commissione parlamentare antimafia, \u00a0sembrano calzare perfettamente anche alla nostra Regione: le mafie ci sono ma si preferisce troppo spesso non vedere, non cercare, girare la testa dall\u2019altro. Per cullarsi nell\u2019inganno dell\u2019isola&hellip;<\/p>\n","protected":false},"author":902,"featured_media":426341,"comment_status":"closed","ping_status":"closed","sticky":false,"template":"","format":"standard","meta":{"footnotes":""},"categories":[47,162,55],"tags":[4285,34680,2846],"class_list":["post-426264","post","type-post","status-publish","format-standard","has-post-thumbnail","hentry","category-europa","category-opinioni","category-politica","tag-abruzzo","tag-alessio-di-florio","tag-mafia-it"],"yoast_head":"<!-- This site is optimized with the Yoast SEO plugin v27.1.1 - https:\/\/yoast.com\/product\/yoast-seo-wordpress\/ -->\n<title>Abruzzo e mafie, quando si scuoteranno (e muoveranno) le coscienze?<\/title>\n<meta name=\"description\" content=\"&nbsp; Le recenti parole di Claudio Fava, vicepresidente della Commissione parlamentare antimafia, \u00a0sembrano calzare perfettamente anche alla nostra\" \/>\n<meta name=\"robots\" content=\"index, follow, max-snippet:-1, max-image-preview:large, max-video-preview:-1\" \/>\n<link rel=\"canonical\" href=\"https:\/\/www.pressenza.com\/it\/2017\/01\/abruzzo-e-mafie-quando-si-scuoteranno-e-muoveranno-le-coscienze\/\" \/>\n<meta property=\"og:locale\" content=\"it_IT\" \/>\n<meta property=\"og:type\" content=\"article\" \/>\n<meta property=\"og:title\" content=\"Abruzzo e mafie, quando si scuoteranno (e muoveranno) le coscienze?\" \/>\n<meta property=\"og:description\" content=\"&nbsp; Le recenti parole di Claudio Fava, vicepresidente della Commissione parlamentare antimafia, \u00a0sembrano calzare perfettamente anche alla nostra\" \/>\n<meta property=\"og:url\" content=\"https:\/\/www.pressenza.com\/it\/2017\/01\/abruzzo-e-mafie-quando-si-scuoteranno-e-muoveranno-le-coscienze\/\" \/>\n<meta property=\"og:site_name\" content=\"Pressenza\" \/>\n<meta property=\"article:publisher\" content=\"https:\/\/www.facebook.com\/PressenzaItalia\" \/>\n<meta property=\"article:published_time\" content=\"2017-01-31T14:54:14+00:00\" \/>\n<meta property=\"og:image\" content=\"https:\/\/www.pressenza.com\/wp-content\/uploads\/2017\/01\/rita-atria.jpeg\" \/>\n\t<meta property=\"og:image:width\" content=\"460\" \/>\n\t<meta property=\"og:image:height\" content=\"345\" \/>\n\t<meta property=\"og:image:type\" content=\"image\/jpeg\" \/>\n<meta name=\"author\" content=\"Alessio Di Florio\" \/>\n<meta name=\"twitter:card\" content=\"summary_large_image\" \/>\n<meta name=\"twitter:creator\" content=\"@PressenzaIPA\" \/>\n<meta name=\"twitter:site\" content=\"@PressenzaIPA\" \/>\n<meta name=\"twitter:label1\" content=\"Scritto da\" \/>\n\t<meta name=\"twitter:data1\" content=\"Alessio Di Florio\" \/>\n\t<meta name=\"twitter:label2\" content=\"Tempo di lettura stimato\" \/>\n\t<meta name=\"twitter:data2\" content=\"5 minuti\" \/>\n<script type=\"application\/ld+json\" class=\"yoast-schema-graph\">{\"@context\":\"https:\/\/schema.org\",\"@graph\":[{\"@type\":\"Article\",\"@id\":\"https:\/\/www.pressenza.com\/it\/2017\/01\/abruzzo-e-mafie-quando-si-scuoteranno-e-muoveranno-le-coscienze\/#article\",\"isPartOf\":{\"@id\":\"https:\/\/www.pressenza.com\/it\/2017\/01\/abruzzo-e-mafie-quando-si-scuoteranno-e-muoveranno-le-coscienze\/\"},\"author\":{\"name\":\"Alessio Di Florio\",\"@id\":\"https:\/\/www.pressenza.com\/it\/#\/schema\/person\/727eb83f95962ed83c06040905743f28\"},\"headline\":\"Abruzzo e mafie, quando si scuoteranno (e muoveranno) le coscienze?\",\"datePublished\":\"2017-01-31T14:54:14+00:00\",\"mainEntityOfPage\":{\"@id\":\"https:\/\/www.pressenza.com\/it\/2017\/01\/abruzzo-e-mafie-quando-si-scuoteranno-e-muoveranno-le-coscienze\/\"},\"wordCount\":1107,\"publisher\":{\"@id\":\"https:\/\/www.pressenza.com\/it\/#organization\"},\"image\":{\"@id\":\"https:\/\/www.pressenza.com\/it\/2017\/01\/abruzzo-e-mafie-quando-si-scuoteranno-e-muoveranno-le-coscienze\/#primaryimage\"},\"thumbnailUrl\":\"https:\/\/www.pressenza.com\/wp-content\/uploads\/2017\/01\/rita-atria.jpeg\",\"keywords\":[\"Abruzzo\",\"Alessio Di Florio\",\"mafia\"],\"articleSection\":[\"Europa\",\"Opinioni\",\"Politica\"],\"inLanguage\":\"it-IT\"},{\"@type\":\"WebPage\",\"@id\":\"https:\/\/www.pressenza.com\/it\/2017\/01\/abruzzo-e-mafie-quando-si-scuoteranno-e-muoveranno-le-coscienze\/\",\"url\":\"https:\/\/www.pressenza.com\/it\/2017\/01\/abruzzo-e-mafie-quando-si-scuoteranno-e-muoveranno-le-coscienze\/\",\"name\":\"Abruzzo e mafie, quando si scuoteranno (e muoveranno) le coscienze?\",\"isPartOf\":{\"@id\":\"https:\/\/www.pressenza.com\/it\/#website\"},\"primaryImageOfPage\":{\"@id\":\"https:\/\/www.pressenza.com\/it\/2017\/01\/abruzzo-e-mafie-quando-si-scuoteranno-e-muoveranno-le-coscienze\/#primaryimage\"},\"image\":{\"@id\":\"https:\/\/www.pressenza.com\/it\/2017\/01\/abruzzo-e-mafie-quando-si-scuoteranno-e-muoveranno-le-coscienze\/#primaryimage\"},\"thumbnailUrl\":\"https:\/\/www.pressenza.com\/wp-content\/uploads\/2017\/01\/rita-atria.jpeg\",\"datePublished\":\"2017-01-31T14:54:14+00:00\",\"description\":\"&nbsp; Le recenti parole di Claudio Fava, vicepresidente della Commissione parlamentare antimafia, \u00a0sembrano calzare perfettamente anche alla nostra\",\"breadcrumb\":{\"@id\":\"https:\/\/www.pressenza.com\/it\/2017\/01\/abruzzo-e-mafie-quando-si-scuoteranno-e-muoveranno-le-coscienze\/#breadcrumb\"},\"inLanguage\":\"it-IT\",\"potentialAction\":[{\"@type\":\"ReadAction\",\"target\":[\"https:\/\/www.pressenza.com\/it\/2017\/01\/abruzzo-e-mafie-quando-si-scuoteranno-e-muoveranno-le-coscienze\/\"]}]},{\"@type\":\"ImageObject\",\"inLanguage\":\"it-IT\",\"@id\":\"https:\/\/www.pressenza.com\/it\/2017\/01\/abruzzo-e-mafie-quando-si-scuoteranno-e-muoveranno-le-coscienze\/#primaryimage\",\"url\":\"https:\/\/www.pressenza.com\/wp-content\/uploads\/2017\/01\/rita-atria.jpeg\",\"contentUrl\":\"https:\/\/www.pressenza.com\/wp-content\/uploads\/2017\/01\/rita-atria.jpeg\",\"width\":460,\"height\":345},{\"@type\":\"BreadcrumbList\",\"@id\":\"https:\/\/www.pressenza.com\/it\/2017\/01\/abruzzo-e-mafie-quando-si-scuoteranno-e-muoveranno-le-coscienze\/#breadcrumb\",\"itemListElement\":[{\"@type\":\"ListItem\",\"position\":1,\"name\":\"Accueil\",\"item\":\"https:\/\/www.pressenza.com\/it\/\"},{\"@type\":\"ListItem\",\"position\":2,\"name\":\"Abruzzo e mafie, quando si scuoteranno (e muoveranno) le coscienze?\"}]},{\"@type\":\"WebSite\",\"@id\":\"https:\/\/www.pressenza.com\/it\/#website\",\"url\":\"https:\/\/www.pressenza.com\/it\/\",\"name\":\"Pressenza\",\"description\":\"Agenzia di Stampa Internazionale\",\"publisher\":{\"@id\":\"https:\/\/www.pressenza.com\/it\/#organization\"},\"potentialAction\":[{\"@type\":\"SearchAction\",\"target\":{\"@type\":\"EntryPoint\",\"urlTemplate\":\"https:\/\/www.pressenza.com\/it\/?s={search_term_string}\"},\"query-input\":{\"@type\":\"PropertyValueSpecification\",\"valueRequired\":true,\"valueName\":\"search_term_string\"}}],\"inLanguage\":\"it-IT\"},{\"@type\":\"Organization\",\"@id\":\"https:\/\/www.pressenza.com\/it\/#organization\",\"name\":\"Pressenza\",\"url\":\"https:\/\/www.pressenza.com\/it\/\",\"logo\":{\"@type\":\"ImageObject\",\"inLanguage\":\"it-IT\",\"@id\":\"https:\/\/www.pressenza.com\/it\/#\/schema\/logo\/image\/\",\"url\":\"https:\/\/www.pressenza.com\/wp-content\/uploads\/2022\/10\/pressenza_logo_200x200.jpg\",\"contentUrl\":\"https:\/\/www.pressenza.com\/wp-content\/uploads\/2022\/10\/pressenza_logo_200x200.jpg\",\"width\":200,\"height\":200,\"caption\":\"Pressenza\"},\"image\":{\"@id\":\"https:\/\/www.pressenza.com\/it\/#\/schema\/logo\/image\/\"},\"sameAs\":[\"https:\/\/www.facebook.com\/PressenzaItalia\",\"https:\/\/x.com\/PressenzaIPA\"]},{\"@type\":\"Person\",\"@id\":\"https:\/\/www.pressenza.com\/it\/#\/schema\/person\/727eb83f95962ed83c06040905743f28\",\"name\":\"Alessio Di Florio\",\"url\":\"https:\/\/www.pressenza.com\/it\/author\/alessio-di-florio\/\"}]}<\/script>\n<!-- \/ Yoast SEO plugin. -->","yoast_head_json":{"title":"Abruzzo e mafie, quando si scuoteranno (e muoveranno) le coscienze?","description":"&nbsp; Le recenti parole di Claudio Fava, vicepresidente della Commissione parlamentare antimafia, \u00a0sembrano calzare perfettamente anche alla nostra","robots":{"index":"index","follow":"follow","max-snippet":"max-snippet:-1","max-image-preview":"max-image-preview:large","max-video-preview":"max-video-preview:-1"},"canonical":"https:\/\/www.pressenza.com\/it\/2017\/01\/abruzzo-e-mafie-quando-si-scuoteranno-e-muoveranno-le-coscienze\/","og_locale":"it_IT","og_type":"article","og_title":"Abruzzo e mafie, quando si scuoteranno (e muoveranno) le coscienze?","og_description":"&nbsp; Le recenti parole di Claudio Fava, vicepresidente della Commissione parlamentare antimafia, \u00a0sembrano calzare perfettamente anche alla nostra","og_url":"https:\/\/www.pressenza.com\/it\/2017\/01\/abruzzo-e-mafie-quando-si-scuoteranno-e-muoveranno-le-coscienze\/","og_site_name":"Pressenza","article_publisher":"https:\/\/www.facebook.com\/PressenzaItalia","article_published_time":"2017-01-31T14:54:14+00:00","og_image":[{"width":460,"height":345,"url":"https:\/\/www.pressenza.com\/wp-content\/uploads\/2017\/01\/rita-atria.jpeg","type":"image\/jpeg"}],"author":"Alessio Di Florio","twitter_card":"summary_large_image","twitter_creator":"@PressenzaIPA","twitter_site":"@PressenzaIPA","twitter_misc":{"Scritto da":"Alessio Di Florio","Tempo di lettura stimato":"5 minuti"},"schema":{"@context":"https:\/\/schema.org","@graph":[{"@type":"Article","@id":"https:\/\/www.pressenza.com\/it\/2017\/01\/abruzzo-e-mafie-quando-si-scuoteranno-e-muoveranno-le-coscienze\/#article","isPartOf":{"@id":"https:\/\/www.pressenza.com\/it\/2017\/01\/abruzzo-e-mafie-quando-si-scuoteranno-e-muoveranno-le-coscienze\/"},"author":{"name":"Alessio Di Florio","@id":"https:\/\/www.pressenza.com\/it\/#\/schema\/person\/727eb83f95962ed83c06040905743f28"},"headline":"Abruzzo e mafie, quando si scuoteranno (e muoveranno) le coscienze?","datePublished":"2017-01-31T14:54:14+00:00","mainEntityOfPage":{"@id":"https:\/\/www.pressenza.com\/it\/2017\/01\/abruzzo-e-mafie-quando-si-scuoteranno-e-muoveranno-le-coscienze\/"},"wordCount":1107,"publisher":{"@id":"https:\/\/www.pressenza.com\/it\/#organization"},"image":{"@id":"https:\/\/www.pressenza.com\/it\/2017\/01\/abruzzo-e-mafie-quando-si-scuoteranno-e-muoveranno-le-coscienze\/#primaryimage"},"thumbnailUrl":"https:\/\/www.pressenza.com\/wp-content\/uploads\/2017\/01\/rita-atria.jpeg","keywords":["Abruzzo","Alessio Di Florio","mafia"],"articleSection":["Europa","Opinioni","Politica"],"inLanguage":"it-IT"},{"@type":"WebPage","@id":"https:\/\/www.pressenza.com\/it\/2017\/01\/abruzzo-e-mafie-quando-si-scuoteranno-e-muoveranno-le-coscienze\/","url":"https:\/\/www.pressenza.com\/it\/2017\/01\/abruzzo-e-mafie-quando-si-scuoteranno-e-muoveranno-le-coscienze\/","name":"Abruzzo e mafie, quando si scuoteranno (e muoveranno) le coscienze?","isPartOf":{"@id":"https:\/\/www.pressenza.com\/it\/#website"},"primaryImageOfPage":{"@id":"https:\/\/www.pressenza.com\/it\/2017\/01\/abruzzo-e-mafie-quando-si-scuoteranno-e-muoveranno-le-coscienze\/#primaryimage"},"image":{"@id":"https:\/\/www.pressenza.com\/it\/2017\/01\/abruzzo-e-mafie-quando-si-scuoteranno-e-muoveranno-le-coscienze\/#primaryimage"},"thumbnailUrl":"https:\/\/www.pressenza.com\/wp-content\/uploads\/2017\/01\/rita-atria.jpeg","datePublished":"2017-01-31T14:54:14+00:00","description":"&nbsp; Le recenti parole di Claudio Fava, vicepresidente della Commissione parlamentare antimafia, \u00a0sembrano calzare perfettamente anche alla nostra","breadcrumb":{"@id":"https:\/\/www.pressenza.com\/it\/2017\/01\/abruzzo-e-mafie-quando-si-scuoteranno-e-muoveranno-le-coscienze\/#breadcrumb"},"inLanguage":"it-IT","potentialAction":[{"@type":"ReadAction","target":["https:\/\/www.pressenza.com\/it\/2017\/01\/abruzzo-e-mafie-quando-si-scuoteranno-e-muoveranno-le-coscienze\/"]}]},{"@type":"ImageObject","inLanguage":"it-IT","@id":"https:\/\/www.pressenza.com\/it\/2017\/01\/abruzzo-e-mafie-quando-si-scuoteranno-e-muoveranno-le-coscienze\/#primaryimage","url":"https:\/\/www.pressenza.com\/wp-content\/uploads\/2017\/01\/rita-atria.jpeg","contentUrl":"https:\/\/www.pressenza.com\/wp-content\/uploads\/2017\/01\/rita-atria.jpeg","width":460,"height":345},{"@type":"BreadcrumbList","@id":"https:\/\/www.pressenza.com\/it\/2017\/01\/abruzzo-e-mafie-quando-si-scuoteranno-e-muoveranno-le-coscienze\/#breadcrumb","itemListElement":[{"@type":"ListItem","position":1,"name":"Accueil","item":"https:\/\/www.pressenza.com\/it\/"},{"@type":"ListItem","position":2,"name":"Abruzzo e mafie, quando si scuoteranno (e muoveranno) le coscienze?"}]},{"@type":"WebSite","@id":"https:\/\/www.pressenza.com\/it\/#website","url":"https:\/\/www.pressenza.com\/it\/","name":"Pressenza","description":"Agenzia di Stampa Internazionale","publisher":{"@id":"https:\/\/www.pressenza.com\/it\/#organization"},"potentialAction":[{"@type":"SearchAction","target":{"@type":"EntryPoint","urlTemplate":"https:\/\/www.pressenza.com\/it\/?s={search_term_string}"},"query-input":{"@type":"PropertyValueSpecification","valueRequired":true,"valueName":"search_term_string"}}],"inLanguage":"it-IT"},{"@type":"Organization","@id":"https:\/\/www.pressenza.com\/it\/#organization","name":"Pressenza","url":"https:\/\/www.pressenza.com\/it\/","logo":{"@type":"ImageObject","inLanguage":"it-IT","@id":"https:\/\/www.pressenza.com\/it\/#\/schema\/logo\/image\/","url":"https:\/\/www.pressenza.com\/wp-content\/uploads\/2022\/10\/pressenza_logo_200x200.jpg","contentUrl":"https:\/\/www.pressenza.com\/wp-content\/uploads\/2022\/10\/pressenza_logo_200x200.jpg","width":200,"height":200,"caption":"Pressenza"},"image":{"@id":"https:\/\/www.pressenza.com\/it\/#\/schema\/logo\/image\/"},"sameAs":["https:\/\/www.facebook.com\/PressenzaItalia","https:\/\/x.com\/PressenzaIPA"]},{"@type":"Person","@id":"https:\/\/www.pressenza.com\/it\/#\/schema\/person\/727eb83f95962ed83c06040905743f28","name":"Alessio Di Florio","url":"https:\/\/www.pressenza.com\/it\/author\/alessio-di-florio\/"}]}},"place":"","original_article_url":"","_links":{"self":[{"href":"https:\/\/www.pressenza.com\/it\/wp-json\/wp\/v2\/posts\/426264","targetHints":{"allow":["GET"]}}],"collection":[{"href":"https:\/\/www.pressenza.com\/it\/wp-json\/wp\/v2\/posts"}],"about":[{"href":"https:\/\/www.pressenza.com\/it\/wp-json\/wp\/v2\/types\/post"}],"author":[{"embeddable":true,"href":"https:\/\/www.pressenza.com\/it\/wp-json\/wp\/v2\/users\/902"}],"replies":[{"embeddable":true,"href":"https:\/\/www.pressenza.com\/it\/wp-json\/wp\/v2\/comments?post=426264"}],"version-history":[{"count":0,"href":"https:\/\/www.pressenza.com\/it\/wp-json\/wp\/v2\/posts\/426264\/revisions"}],"wp:featuredmedia":[{"embeddable":true,"href":"https:\/\/www.pressenza.com\/it\/wp-json\/wp\/v2\/media\/426341"}],"wp:attachment":[{"href":"https:\/\/www.pressenza.com\/it\/wp-json\/wp\/v2\/media?parent=426264"}],"wp:term":[{"taxonomy":"category","embeddable":true,"href":"https:\/\/www.pressenza.com\/it\/wp-json\/wp\/v2\/categories?post=426264"},{"taxonomy":"post_tag","embeddable":true,"href":"https:\/\/www.pressenza.com\/it\/wp-json\/wp\/v2\/tags?post=426264"}],"curies":[{"name":"wp","href":"https:\/\/api.w.org\/{rel}","templated":true}]}}