{"id":42624,"date":"2013-03-13T08:55:11","date_gmt":"2013-03-13T08:55:11","guid":{"rendered":"http:\/\/www.pressenza.com\/?p=42624"},"modified":"2013-03-13T19:35:46","modified_gmt":"2013-03-13T19:35:46","slug":"a-new-york-la-polizia-perseguita-i-musulmani","status":"publish","type":"post","link":"https:\/\/www.pressenza.com\/it\/2013\/03\/a-new-york-la-polizia-perseguita-i-musulmani\/","title":{"rendered":"A New York la polizia perseguita i musulmani"},"content":{"rendered":"<p align=\"left\">Secondo un rapporto pubblicato di recente dall\u2019 organizzazione non governativa American Civil Liberties Union (ACLU), il programma con cui la polizia di New York \u201csegue\u201d i mussulmani \u00a0ha un \u201ceffetto spaventoso\u201d sulle loro vite.<\/p>\n<p align=\"left\">Il rapporto dell\u2019ACLU rivela il timore generalizzato che la polizia di New York genera nei mussulmani, spiandoli in luoghi pubblici come moschee, ristoranti, caffetterie, ecc.<\/p>\n<p align=\"left\">Secondo Shamas Diala, coautore dello studio, il documento \u201cdimostra le conseguenze inquietanti di questo programma irresponsabile, costoso, dannoso e completamente inefficace.\u201d<\/p>\n<p align=\"left\">Durante la sua elaborazione sono state realizzate interviste a decine di mussulmani, comprese figure religiose, giovani, imprenditori, professori e agenti delle forze dell\u2019ordine.<\/p>\n<p align=\"left\">\u201cLa gente sente che quando va alla moschea non pu\u00f2 fidarsi di nessuno e diffida di chi si dimostra interessato alla sua religione\u201d ha aggiunto Diala.<\/p>\n<p align=\"left\">Secondo questo rapporto, nonostante l\u2019ondata di razzismo e islamofobia che si \u00e8 scatenata negli Stati Uniti contro i mussulmani, in particolare dopo l\u2019attacco dell\u201911 settembre 2001 alle Torri Gemelle, l\u2019Islam \u00e8 la religione che si diffonde di pi\u00f9 nel paese.<\/p>\n","protected":false},"excerpt":{"rendered":"<p>Secondo un rapporto pubblicato di recente dall\u2019 organizzazione non governativa American Civil Liberties Union (ACLU), il programma con cui la polizia di New York \u201csegue\u201d i mussulmani \u00a0ha un \u201ceffetto spaventoso\u201d sulle loro vite. Il rapporto dell\u2019ACLU rivela il timore&hellip;<\/p>\n","protected":false},"author":954,"featured_media":42626,"comment_status":"closed","ping_status":"open","sticky":false,"template":"","format":"standard","meta":{"footnotes":""},"categories":[1261,49],"tags":[4002,229,1470],"class_list":["post-42624","post","type-post","status-publish","format-standard","has-post-thumbnail","hentry","category-diversita","category-nord-america","tag-mussulmani","tag-new-york","tag-polizia"],"yoast_head":"<!-- This site is optimized with the Yoast SEO plugin v27.1.1 - https:\/\/yoast.com\/product\/yoast-seo-wordpress\/ -->\n<title>A New York la polizia perseguita i musulmani<\/title>\n<meta name=\"description\" content=\"Secondo un rapporto pubblicato di recente dall\u2019 organizzazione non governativa American Civil Liberties Union (ACLU), il programma con cui la polizia di\" \/>\n<meta name=\"robots\" content=\"index, follow, max-snippet:-1, max-image-preview:large, max-video-preview:-1\" \/>\n<link rel=\"canonical\" href=\"https:\/\/www.pressenza.com\/it\/2013\/03\/a-new-york-la-polizia-perseguita-i-musulmani\/\" \/>\n<meta property=\"og:locale\" content=\"it_IT\" \/>\n<meta property=\"og:type\" content=\"article\" \/>\n<meta property=\"og:title\" content=\"A New York la polizia perseguita i musulmani\" \/>\n<meta property=\"og:description\" content=\"Secondo un rapporto pubblicato di recente dall\u2019 organizzazione non governativa American Civil Liberties Union (ACLU), il programma con cui la polizia di\" \/>\n<meta property=\"og:url\" content=\"https:\/\/www.pressenza.com\/it\/2013\/03\/a-new-york-la-polizia-perseguita-i-musulmani\/\" \/>\n<meta property=\"og:site_name\" content=\"Pressenza\" \/>\n<meta property=\"article:publisher\" content=\"https:\/\/www.facebook.com\/PressenzaItalia\" \/>\n<meta property=\"article:author\" content=\"https:\/\/www.facebook.com\/Hispantv\" \/>\n<meta property=\"article:published_time\" content=\"2013-03-13T08:55:11+00:00\" \/>\n<meta property=\"article:modified_time\" content=\"2013-03-13T19:35:46+00:00\" \/>\n<meta property=\"og:image\" content=\"https:\/\/www.pressenza.com\/wp-content\/uploads\/2013\/03\/usa.jpg\" \/>\n\t<meta property=\"og:image:width\" content=\"450\" \/>\n\t<meta property=\"og:image:height\" content=\"282\" \/>\n\t<meta property=\"og:image:type\" content=\"image\/jpeg\" \/>\n<meta name=\"author\" content=\"HispanTV\" \/>\n<meta name=\"twitter:card\" content=\"summary_large_image\" \/>\n<meta name=\"twitter:creator\" content=\"@Hispantv\" \/>\n<meta name=\"twitter:site\" content=\"@PressenzaIPA\" \/>\n<meta name=\"twitter:label1\" content=\"Scritto da\" \/>\n\t<meta name=\"twitter:data1\" content=\"HispanTV\" \/>\n\t<meta name=\"twitter:label2\" content=\"Tempo di lettura stimato\" \/>\n\t<meta name=\"twitter:data2\" content=\"1 minuto\" \/>\n<script type=\"application\/ld+json\" class=\"yoast-schema-graph\">{\"@context\":\"https:\/\/schema.org\",\"@graph\":[{\"@type\":\"Article\",\"@id\":\"https:\/\/www.pressenza.com\/it\/2013\/03\/a-new-york-la-polizia-perseguita-i-musulmani\/#article\",\"isPartOf\":{\"@id\":\"https:\/\/www.pressenza.com\/it\/2013\/03\/a-new-york-la-polizia-perseguita-i-musulmani\/\"},\"author\":{\"name\":\"HispanTV\",\"@id\":\"https:\/\/www.pressenza.com\/it\/#\/schema\/person\/2e5ffdf0e238fbba512bcf5c97959187\"},\"headline\":\"A New York la polizia perseguita i musulmani\",\"datePublished\":\"2013-03-13T08:55:11+00:00\",\"dateModified\":\"2013-03-13T19:35:46+00:00\",\"mainEntityOfPage\":{\"@id\":\"https:\/\/www.pressenza.com\/it\/2013\/03\/a-new-york-la-polizia-perseguita-i-musulmani\/\"},\"wordCount\":179,\"publisher\":{\"@id\":\"https:\/\/www.pressenza.com\/it\/#organization\"},\"image\":{\"@id\":\"https:\/\/www.pressenza.com\/it\/2013\/03\/a-new-york-la-polizia-perseguita-i-musulmani\/#primaryimage\"},\"thumbnailUrl\":\"https:\/\/www.pressenza.com\/wp-content\/uploads\/2013\/03\/usa.jpg\",\"keywords\":[\"mussulmani\",\"New York\",\"polizia\"],\"articleSection\":[\"Non discriminazione\",\"Nord America\"],\"inLanguage\":\"it-IT\"},{\"@type\":\"WebPage\",\"@id\":\"https:\/\/www.pressenza.com\/it\/2013\/03\/a-new-york-la-polizia-perseguita-i-musulmani\/\",\"url\":\"https:\/\/www.pressenza.com\/it\/2013\/03\/a-new-york-la-polizia-perseguita-i-musulmani\/\",\"name\":\"A New York la polizia perseguita i musulmani\",\"isPartOf\":{\"@id\":\"https:\/\/www.pressenza.com\/it\/#website\"},\"primaryImageOfPage\":{\"@id\":\"https:\/\/www.pressenza.com\/it\/2013\/03\/a-new-york-la-polizia-perseguita-i-musulmani\/#primaryimage\"},\"image\":{\"@id\":\"https:\/\/www.pressenza.com\/it\/2013\/03\/a-new-york-la-polizia-perseguita-i-musulmani\/#primaryimage\"},\"thumbnailUrl\":\"https:\/\/www.pressenza.com\/wp-content\/uploads\/2013\/03\/usa.jpg\",\"datePublished\":\"2013-03-13T08:55:11+00:00\",\"dateModified\":\"2013-03-13T19:35:46+00:00\",\"description\":\"Secondo un rapporto pubblicato di recente dall\u2019 organizzazione non governativa American Civil Liberties Union (ACLU), il programma con cui la polizia di\",\"breadcrumb\":{\"@id\":\"https:\/\/www.pressenza.com\/it\/2013\/03\/a-new-york-la-polizia-perseguita-i-musulmani\/#breadcrumb\"},\"inLanguage\":\"it-IT\",\"potentialAction\":[{\"@type\":\"ReadAction\",\"target\":[\"https:\/\/www.pressenza.com\/it\/2013\/03\/a-new-york-la-polizia-perseguita-i-musulmani\/\"]}]},{\"@type\":\"ImageObject\",\"inLanguage\":\"it-IT\",\"@id\":\"https:\/\/www.pressenza.com\/it\/2013\/03\/a-new-york-la-polizia-perseguita-i-musulmani\/#primaryimage\",\"url\":\"https:\/\/www.pressenza.com\/wp-content\/uploads\/2013\/03\/usa.jpg\",\"contentUrl\":\"https:\/\/www.pressenza.com\/wp-content\/uploads\/2013\/03\/usa.jpg\",\"width\":450,\"height\":282},{\"@type\":\"BreadcrumbList\",\"@id\":\"https:\/\/www.pressenza.com\/it\/2013\/03\/a-new-york-la-polizia-perseguita-i-musulmani\/#breadcrumb\",\"itemListElement\":[{\"@type\":\"ListItem\",\"position\":1,\"name\":\"Accueil\",\"item\":\"https:\/\/www.pressenza.com\/it\/\"},{\"@type\":\"ListItem\",\"position\":2,\"name\":\"A New York la polizia perseguita i musulmani\"}]},{\"@type\":\"WebSite\",\"@id\":\"https:\/\/www.pressenza.com\/it\/#website\",\"url\":\"https:\/\/www.pressenza.com\/it\/\",\"name\":\"Pressenza\",\"description\":\"Agenzia di Stampa Internazionale\",\"publisher\":{\"@id\":\"https:\/\/www.pressenza.com\/it\/#organization\"},\"potentialAction\":[{\"@type\":\"SearchAction\",\"target\":{\"@type\":\"EntryPoint\",\"urlTemplate\":\"https:\/\/www.pressenza.com\/it\/?s={search_term_string}\"},\"query-input\":{\"@type\":\"PropertyValueSpecification\",\"valueRequired\":true,\"valueName\":\"search_term_string\"}}],\"inLanguage\":\"it-IT\"},{\"@type\":\"Organization\",\"@id\":\"https:\/\/www.pressenza.com\/it\/#organization\",\"name\":\"Pressenza\",\"url\":\"https:\/\/www.pressenza.com\/it\/\",\"logo\":{\"@type\":\"ImageObject\",\"inLanguage\":\"it-IT\",\"@id\":\"https:\/\/www.pressenza.com\/it\/#\/schema\/logo\/image\/\",\"url\":\"https:\/\/www.pressenza.com\/wp-content\/uploads\/2022\/10\/pressenza_logo_200x200.jpg\",\"contentUrl\":\"https:\/\/www.pressenza.com\/wp-content\/uploads\/2022\/10\/pressenza_logo_200x200.jpg\",\"width\":200,\"height\":200,\"caption\":\"Pressenza\"},\"image\":{\"@id\":\"https:\/\/www.pressenza.com\/it\/#\/schema\/logo\/image\/\"},\"sameAs\":[\"https:\/\/www.facebook.com\/PressenzaItalia\",\"https:\/\/x.com\/PressenzaIPA\"]},{\"@type\":\"Person\",\"@id\":\"https:\/\/www.pressenza.com\/it\/#\/schema\/person\/2e5ffdf0e238fbba512bcf5c97959187\",\"name\":\"HispanTV\",\"description\":\"Trabajar bajo el f\u00e9rreo compromiso como medio de comunicaci\u00f3n para fomentar el acercamiento entre los pueblos de Ir\u00e1n, el Hispanoamericano y los de Medio Oriente, considerando adem\u00e1s la necesidad de crear una mayor cercan\u00eda entre todos los pueblos de Am\u00e9rica Latina. http:\/\/www.hispantv.com\/\",\"sameAs\":[\"http:\/\/www.hispantv.ir\",\"https:\/\/www.facebook.com\/Hispantv\",\"https:\/\/x.com\/Hispantv\"],\"url\":\"https:\/\/www.pressenza.com\/it\/author\/hispantv\/\"}]}<\/script>\n<!-- \/ Yoast SEO plugin. -->","yoast_head_json":{"title":"A New York la polizia perseguita i musulmani","description":"Secondo un rapporto pubblicato di recente dall\u2019 organizzazione non governativa American Civil Liberties Union (ACLU), il programma con cui la polizia di","robots":{"index":"index","follow":"follow","max-snippet":"max-snippet:-1","max-image-preview":"max-image-preview:large","max-video-preview":"max-video-preview:-1"},"canonical":"https:\/\/www.pressenza.com\/it\/2013\/03\/a-new-york-la-polizia-perseguita-i-musulmani\/","og_locale":"it_IT","og_type":"article","og_title":"A New York la polizia perseguita i musulmani","og_description":"Secondo un rapporto pubblicato di recente dall\u2019 organizzazione non governativa American Civil Liberties Union (ACLU), il programma con cui la polizia di","og_url":"https:\/\/www.pressenza.com\/it\/2013\/03\/a-new-york-la-polizia-perseguita-i-musulmani\/","og_site_name":"Pressenza","article_publisher":"https:\/\/www.facebook.com\/PressenzaItalia","article_author":"https:\/\/www.facebook.com\/Hispantv","article_published_time":"2013-03-13T08:55:11+00:00","article_modified_time":"2013-03-13T19:35:46+00:00","og_image":[{"width":450,"height":282,"url":"https:\/\/www.pressenza.com\/wp-content\/uploads\/2013\/03\/usa.jpg","type":"image\/jpeg"}],"author":"HispanTV","twitter_card":"summary_large_image","twitter_creator":"@Hispantv","twitter_site":"@PressenzaIPA","twitter_misc":{"Scritto da":"HispanTV","Tempo di lettura stimato":"1 minuto"},"schema":{"@context":"https:\/\/schema.org","@graph":[{"@type":"Article","@id":"https:\/\/www.pressenza.com\/it\/2013\/03\/a-new-york-la-polizia-perseguita-i-musulmani\/#article","isPartOf":{"@id":"https:\/\/www.pressenza.com\/it\/2013\/03\/a-new-york-la-polizia-perseguita-i-musulmani\/"},"author":{"name":"HispanTV","@id":"https:\/\/www.pressenza.com\/it\/#\/schema\/person\/2e5ffdf0e238fbba512bcf5c97959187"},"headline":"A New York la polizia perseguita i musulmani","datePublished":"2013-03-13T08:55:11+00:00","dateModified":"2013-03-13T19:35:46+00:00","mainEntityOfPage":{"@id":"https:\/\/www.pressenza.com\/it\/2013\/03\/a-new-york-la-polizia-perseguita-i-musulmani\/"},"wordCount":179,"publisher":{"@id":"https:\/\/www.pressenza.com\/it\/#organization"},"image":{"@id":"https:\/\/www.pressenza.com\/it\/2013\/03\/a-new-york-la-polizia-perseguita-i-musulmani\/#primaryimage"},"thumbnailUrl":"https:\/\/www.pressenza.com\/wp-content\/uploads\/2013\/03\/usa.jpg","keywords":["mussulmani","New York","polizia"],"articleSection":["Non discriminazione","Nord America"],"inLanguage":"it-IT"},{"@type":"WebPage","@id":"https:\/\/www.pressenza.com\/it\/2013\/03\/a-new-york-la-polizia-perseguita-i-musulmani\/","url":"https:\/\/www.pressenza.com\/it\/2013\/03\/a-new-york-la-polizia-perseguita-i-musulmani\/","name":"A New York la polizia perseguita i musulmani","isPartOf":{"@id":"https:\/\/www.pressenza.com\/it\/#website"},"primaryImageOfPage":{"@id":"https:\/\/www.pressenza.com\/it\/2013\/03\/a-new-york-la-polizia-perseguita-i-musulmani\/#primaryimage"},"image":{"@id":"https:\/\/www.pressenza.com\/it\/2013\/03\/a-new-york-la-polizia-perseguita-i-musulmani\/#primaryimage"},"thumbnailUrl":"https:\/\/www.pressenza.com\/wp-content\/uploads\/2013\/03\/usa.jpg","datePublished":"2013-03-13T08:55:11+00:00","dateModified":"2013-03-13T19:35:46+00:00","description":"Secondo un rapporto pubblicato di recente dall\u2019 organizzazione non governativa American Civil Liberties Union (ACLU), il programma con cui la polizia di","breadcrumb":{"@id":"https:\/\/www.pressenza.com\/it\/2013\/03\/a-new-york-la-polizia-perseguita-i-musulmani\/#breadcrumb"},"inLanguage":"it-IT","potentialAction":[{"@type":"ReadAction","target":["https:\/\/www.pressenza.com\/it\/2013\/03\/a-new-york-la-polizia-perseguita-i-musulmani\/"]}]},{"@type":"ImageObject","inLanguage":"it-IT","@id":"https:\/\/www.pressenza.com\/it\/2013\/03\/a-new-york-la-polizia-perseguita-i-musulmani\/#primaryimage","url":"https:\/\/www.pressenza.com\/wp-content\/uploads\/2013\/03\/usa.jpg","contentUrl":"https:\/\/www.pressenza.com\/wp-content\/uploads\/2013\/03\/usa.jpg","width":450,"height":282},{"@type":"BreadcrumbList","@id":"https:\/\/www.pressenza.com\/it\/2013\/03\/a-new-york-la-polizia-perseguita-i-musulmani\/#breadcrumb","itemListElement":[{"@type":"ListItem","position":1,"name":"Accueil","item":"https:\/\/www.pressenza.com\/it\/"},{"@type":"ListItem","position":2,"name":"A New York la polizia perseguita i musulmani"}]},{"@type":"WebSite","@id":"https:\/\/www.pressenza.com\/it\/#website","url":"https:\/\/www.pressenza.com\/it\/","name":"Pressenza","description":"Agenzia di Stampa Internazionale","publisher":{"@id":"https:\/\/www.pressenza.com\/it\/#organization"},"potentialAction":[{"@type":"SearchAction","target":{"@type":"EntryPoint","urlTemplate":"https:\/\/www.pressenza.com\/it\/?s={search_term_string}"},"query-input":{"@type":"PropertyValueSpecification","valueRequired":true,"valueName":"search_term_string"}}],"inLanguage":"it-IT"},{"@type":"Organization","@id":"https:\/\/www.pressenza.com\/it\/#organization","name":"Pressenza","url":"https:\/\/www.pressenza.com\/it\/","logo":{"@type":"ImageObject","inLanguage":"it-IT","@id":"https:\/\/www.pressenza.com\/it\/#\/schema\/logo\/image\/","url":"https:\/\/www.pressenza.com\/wp-content\/uploads\/2022\/10\/pressenza_logo_200x200.jpg","contentUrl":"https:\/\/www.pressenza.com\/wp-content\/uploads\/2022\/10\/pressenza_logo_200x200.jpg","width":200,"height":200,"caption":"Pressenza"},"image":{"@id":"https:\/\/www.pressenza.com\/it\/#\/schema\/logo\/image\/"},"sameAs":["https:\/\/www.facebook.com\/PressenzaItalia","https:\/\/x.com\/PressenzaIPA"]},{"@type":"Person","@id":"https:\/\/www.pressenza.com\/it\/#\/schema\/person\/2e5ffdf0e238fbba512bcf5c97959187","name":"HispanTV","description":"Trabajar bajo el f\u00e9rreo compromiso como medio de comunicaci\u00f3n para fomentar el acercamiento entre los pueblos de Ir\u00e1n, el Hispanoamericano y los de Medio Oriente, considerando adem\u00e1s la necesidad de crear una mayor cercan\u00eda entre todos los pueblos de Am\u00e9rica Latina. http:\/\/www.hispantv.com\/","sameAs":["http:\/\/www.hispantv.ir","https:\/\/www.facebook.com\/Hispantv","https:\/\/x.com\/Hispantv"],"url":"https:\/\/www.pressenza.com\/it\/author\/hispantv\/"}]}},"place":"","original_article_url":"","_links":{"self":[{"href":"https:\/\/www.pressenza.com\/it\/wp-json\/wp\/v2\/posts\/42624","targetHints":{"allow":["GET"]}}],"collection":[{"href":"https:\/\/www.pressenza.com\/it\/wp-json\/wp\/v2\/posts"}],"about":[{"href":"https:\/\/www.pressenza.com\/it\/wp-json\/wp\/v2\/types\/post"}],"author":[{"embeddable":true,"href":"https:\/\/www.pressenza.com\/it\/wp-json\/wp\/v2\/users\/954"}],"replies":[{"embeddable":true,"href":"https:\/\/www.pressenza.com\/it\/wp-json\/wp\/v2\/comments?post=42624"}],"version-history":[{"count":0,"href":"https:\/\/www.pressenza.com\/it\/wp-json\/wp\/v2\/posts\/42624\/revisions"}],"wp:featuredmedia":[{"embeddable":true,"href":"https:\/\/www.pressenza.com\/it\/wp-json\/wp\/v2\/media\/42626"}],"wp:attachment":[{"href":"https:\/\/www.pressenza.com\/it\/wp-json\/wp\/v2\/media?parent=42624"}],"wp:term":[{"taxonomy":"category","embeddable":true,"href":"https:\/\/www.pressenza.com\/it\/wp-json\/wp\/v2\/categories?post=42624"},{"taxonomy":"post_tag","embeddable":true,"href":"https:\/\/www.pressenza.com\/it\/wp-json\/wp\/v2\/tags?post=42624"}],"curies":[{"name":"wp","href":"https:\/\/api.w.org\/{rel}","templated":true}]}}