{"id":424660,"date":"2017-01-27T08:58:23","date_gmt":"2017-01-27T08:58:23","guid":{"rendered":"http:\/\/www.pressenza.com\/?p=424660\/"},"modified":"2017-01-27T18:59:44","modified_gmt":"2017-01-27T18:59:44","slug":"umilta-fierezza-lettera-aperta-renato-accorinti-sindaco-messina","status":"publish","type":"post","link":"https:\/\/www.pressenza.com\/it\/2017\/01\/umilta-fierezza-lettera-aperta-renato-accorinti-sindaco-messina\/","title":{"rendered":"Umilt\u00e0 e fierezza &#8211; Lettera aperta di Renato Accorinti, sindaco di Messina"},"content":{"rendered":"<p><em>Da ieri circola in rete, ma \u00e8 ignorata dai media nazionali, la lettera che Renato Accorinti, sincaco di Messina, ha scritto sul suo profilo Facebook a tutti i cittadini di Messina in relazione alla possibilit\u00e0 di essere &#8220;dimesso&#8221; da una mozione di sfiducia in Consiglio Comunale. Volentieri la riproduciamo integralmente qui.<\/em><\/p>\n<p>Ogni volta che perdi, o intravedi il rischio di perdere, qualcuno o qualcosa ti accorgi all\u2019improvviso del suo valore. E ti svegli, prendi coscienza e riscopri la preziosa ed imperfetta bellezza della sua interezza, senza pi\u00f9 concentrarti sui particolari, sui difetti che non sei mai riuscito ad accettare. Oggi ci troviamo di fronte alla possibilit\u00e0 che il Consiglio Comunale voti la sfiducia all\u2019azione amministrativa della giunta Accorinti.<\/p>\n<p>Per questo molti cittadini, anche quelli con posizioni critiche, si stringono forte a questa esperienza collettiva e la difendono da un atto di forza che vorrebbe porre fine a essa in modo anticipato. La mozione di sfiducia mette a nudo quella \u201cpolitica\u201d che politica non \u00e8. Fa gola tornare adesso, nel tempo del raccolto, dopo la durissima e instancabile semina di questi tre anni e mezzo, fatta passo dopo passo, risalendo con fatica e a mani nude quell\u2019abisso dentro il quale la citt\u00e0 \u00e8 stata sprofondata per decenni da sporchi affari e clientelismo.<\/p>\n<p>Questo gesto mette a nudo quella politica che \u00e8 solita agire non avendo scrupolo di compiere azioni nefaste per la citt\u00e0 di Messina, senza pensare un solo attimo alle conseguenze di un possibile ennesimo commissariamento, paralizzando cos\u00ec gli atti di rinnovamento e tutti i delicati processi in corso che hanno bisogno di continuit\u00e0 e cura. C\u2019\u00e8 chi vive dentro confini ristretti, avendo cura solo del proprio tornaconto di bottega, bramando le prossime elezioni, studiando a tavolino i propri posizionamenti, passando da uno schieramento all\u2019altro in base agli accordi pi\u00f9 vantaggiosi, senza nessuna idea o ideale. Io, \u201cscusate, non mi lego a questa schiera, morr\u00f2 pecora nera\u201d.<\/p>\n<p>C\u2019\u00e8 poi chi prova a vivere il proprio ruolo in politica come un servizio, una missione, pensando a valori alti di comunit\u00e0. De Gasperi diceva: \u201cUn politico guarda alle prossime elezioni. Uno statista guarda alle prossime generazioni\u201d. Certamente non sono uno statista. Nel mio piccolo, cerco di agire col cuore nel cielo e i piedi ben piantati per terra, col desiderio di dare intensit\u00e0 e profondit\u00e0 a un cammino di comunit\u00e0. Cerco di compiere lo sforzo emozionante di darci, tutti insieme, la possibilit\u00e0 di umanizzare la politica. Stiamo amministrando impegnandoci a togliere le montagne di macerie, a rimediare all\u2019immane disastro della macchina amministrativa, delle partecipate e dei bilanci. Ci siamo rimboccati le maniche, abbiamo ricostruito le fondamenta, abbiamo creato la possibilit\u00e0 di fare le opere pi\u00f9 importanti che cambieranno per sempre il futuro della citt\u00e0. Siamo stati \u201cconcreti come dei sognatori\u201d. Per questo sono sereno pensando che, sfiducia o non sfiducia, sono comunque arrivati troppo tardi.<\/p>\n<p>Noi abbiamo gi\u00e0 vinto. Abbiamo gi\u00e0 cambiato i connotati della politica, restituendo valore alla parola \u201cpolitica\u201d, provando a mettere al centro l\u2019uomo e il cittadino nei suoi fondamentali diritti a partire dagli ultimi. L\u2019avvio di una rivoluzione culturale. Lo abbiamo fatto noi, liberi cittadini messinesi, societ\u00e0 civile che ha scelto di compattarsi, non con vuoti slogan, ma con la pienezza e la forza degli ideali, fino a vincere un\u2019elezione, sconfessando tutti i pronostici, irrompendo come un fiume in piena dentro il Palazzo, scardinando come arieti tutte le porte delle stanze del potere. Abbiamo fatto rinascere la fiducia nella politica, dimostrato che davvero nulla \u00e8 ineluttabile, che tutto pu\u00f2 essere ribaltato. Che anche oggi si possono fare le rivoluzioni. Che i sogni possono diventare realt\u00e0. Soprattutto se sognati da una intera collettivit\u00e0. E questo \u00e8 il senso di <em>Cambiamo Messina dal Basso<\/em>.<\/p>\n<p>Abbiamo dato l\u2019opportunit\u00e0 di riflettere a milioni di persone, in Italia e in Europa. A loro abbiamo detto e diciamo ancora: \u201cNoi non sapevamo che era impossibile, quindi lo abbiamo fatto.<\/p>\n<p>Ci ha guidato l\u2019Utopia, ora provateci anche voi!\u201d. Ormai niente sar\u00e0 pi\u00f9 come prima, perch\u00e9 questa esperienza ha dato prova che si pu\u00f2 realizzare l\u2019irrealizzabile. Perch\u00e9 da una presa di coscienza collettiva <em>indietro non si torna<\/em>. Questa \u00e8 la nostra vera vittoria. Nonostante i limiti, gli errori e le imperfezioni.<\/p>\n<p><strong>Renato Accorinti<\/strong><\/p>\n","protected":false},"excerpt":{"rendered":"<p>Da ieri circola in rete, ma \u00e8 ignorata dai media nazionali, la lettera che Renato Accorinti, sincaco di Messina, ha scritto sul suo profilo Facebook a tutti i cittadini di Messina in relazione alla possibilit\u00e0 di essere &#8220;dimesso&#8221; da una&hellip;<\/p>\n","protected":false},"author":594,"featured_media":424661,"comment_status":"closed","ping_status":"closed","sticky":false,"template":"","format":"standard","meta":{"footnotes":""},"categories":[55],"tags":[636,6402,691],"class_list":["post-424660","post","type-post","status-publish","format-standard","has-post-thumbnail","hentry","category-politica","tag-messina","tag-renato-accorinti","tag-sicilia"],"yoast_head":"<!-- This site is optimized with the Yoast SEO plugin v27.1.1 - https:\/\/yoast.com\/product\/yoast-seo-wordpress\/ -->\n<title>Umilt\u00e0 e fierezza - Lettera aperta di Renato Accorinti, sindaco di Messina<\/title>\n<meta name=\"description\" content=\"Da ieri circola in rete, ma \u00e8 ignorata dai media nazionali, la lettera che Renato Accorinti, sincaco di Messina, ha scritto sul suo profilo Facebook a\" \/>\n<meta name=\"robots\" content=\"index, follow, max-snippet:-1, max-image-preview:large, max-video-preview:-1\" \/>\n<link rel=\"canonical\" href=\"https:\/\/www.pressenza.com\/it\/2017\/01\/umilta-fierezza-lettera-aperta-renato-accorinti-sindaco-messina\/\" \/>\n<meta property=\"og:locale\" content=\"it_IT\" \/>\n<meta property=\"og:type\" content=\"article\" \/>\n<meta property=\"og:title\" content=\"Umilt\u00e0 e fierezza - Lettera aperta di Renato Accorinti, sindaco di Messina\" \/>\n<meta property=\"og:description\" content=\"Da ieri circola in rete, ma \u00e8 ignorata dai media nazionali, la lettera che Renato Accorinti, sincaco di Messina, ha scritto sul suo profilo Facebook a\" \/>\n<meta property=\"og:url\" content=\"https:\/\/www.pressenza.com\/it\/2017\/01\/umilta-fierezza-lettera-aperta-renato-accorinti-sindaco-messina\/\" \/>\n<meta property=\"og:site_name\" content=\"Pressenza\" \/>\n<meta property=\"article:publisher\" content=\"https:\/\/www.facebook.com\/PressenzaItalia\" \/>\n<meta property=\"article:author\" content=\"https:\/\/www.facebook.com\/PressenzaItalia\" \/>\n<meta property=\"article:published_time\" content=\"2017-01-27T08:58:23+00:00\" \/>\n<meta property=\"article:modified_time\" content=\"2017-01-27T18:59:44+00:00\" \/>\n<meta property=\"og:image\" content=\"https:\/\/www.pressenza.com\/wp-content\/uploads\/2017\/01\/municipio-messina.jpg\" \/>\n\t<meta property=\"og:image:width\" content=\"1440\" \/>\n\t<meta property=\"og:image:height\" content=\"1075\" \/>\n\t<meta property=\"og:image:type\" content=\"image\/jpeg\" \/>\n<meta name=\"author\" content=\"Redazione Italia\" \/>\n<meta name=\"twitter:card\" content=\"summary_large_image\" \/>\n<meta name=\"twitter:creator\" content=\"@pressenza_it\" \/>\n<meta name=\"twitter:site\" content=\"@PressenzaIPA\" \/>\n<meta name=\"twitter:label1\" content=\"Scritto da\" \/>\n\t<meta name=\"twitter:data1\" content=\"Redazione Italia\" \/>\n\t<meta name=\"twitter:label2\" content=\"Tempo di lettura stimato\" \/>\n\t<meta name=\"twitter:data2\" content=\"4 minuti\" \/>\n<script type=\"application\/ld+json\" class=\"yoast-schema-graph\">{\"@context\":\"https:\/\/schema.org\",\"@graph\":[{\"@type\":\"Article\",\"@id\":\"https:\/\/www.pressenza.com\/it\/2017\/01\/umilta-fierezza-lettera-aperta-renato-accorinti-sindaco-messina\/#article\",\"isPartOf\":{\"@id\":\"https:\/\/www.pressenza.com\/it\/2017\/01\/umilta-fierezza-lettera-aperta-renato-accorinti-sindaco-messina\/\"},\"author\":{\"name\":\"Redazione Italia\",\"@id\":\"https:\/\/www.pressenza.com\/it\/#\/schema\/person\/d983e81827ae24f2c7b1a2123d197f8d\"},\"headline\":\"Umilt\u00e0 e fierezza &#8211; Lettera aperta di Renato Accorinti, sindaco di Messina\",\"datePublished\":\"2017-01-27T08:58:23+00:00\",\"dateModified\":\"2017-01-27T18:59:44+00:00\",\"mainEntityOfPage\":{\"@id\":\"https:\/\/www.pressenza.com\/it\/2017\/01\/umilta-fierezza-lettera-aperta-renato-accorinti-sindaco-messina\/\"},\"wordCount\":713,\"publisher\":{\"@id\":\"https:\/\/www.pressenza.com\/it\/#organization\"},\"image\":{\"@id\":\"https:\/\/www.pressenza.com\/it\/2017\/01\/umilta-fierezza-lettera-aperta-renato-accorinti-sindaco-messina\/#primaryimage\"},\"thumbnailUrl\":\"https:\/\/www.pressenza.com\/wp-content\/uploads\/2017\/01\/municipio-messina.jpg\",\"keywords\":[\"Messina\",\"Renato Accorinti\",\"Sicilia\"],\"articleSection\":[\"Politica\"],\"inLanguage\":\"it-IT\"},{\"@type\":\"WebPage\",\"@id\":\"https:\/\/www.pressenza.com\/it\/2017\/01\/umilta-fierezza-lettera-aperta-renato-accorinti-sindaco-messina\/\",\"url\":\"https:\/\/www.pressenza.com\/it\/2017\/01\/umilta-fierezza-lettera-aperta-renato-accorinti-sindaco-messina\/\",\"name\":\"Umilt\u00e0 e fierezza - Lettera aperta di Renato Accorinti, sindaco di Messina\",\"isPartOf\":{\"@id\":\"https:\/\/www.pressenza.com\/it\/#website\"},\"primaryImageOfPage\":{\"@id\":\"https:\/\/www.pressenza.com\/it\/2017\/01\/umilta-fierezza-lettera-aperta-renato-accorinti-sindaco-messina\/#primaryimage\"},\"image\":{\"@id\":\"https:\/\/www.pressenza.com\/it\/2017\/01\/umilta-fierezza-lettera-aperta-renato-accorinti-sindaco-messina\/#primaryimage\"},\"thumbnailUrl\":\"https:\/\/www.pressenza.com\/wp-content\/uploads\/2017\/01\/municipio-messina.jpg\",\"datePublished\":\"2017-01-27T08:58:23+00:00\",\"dateModified\":\"2017-01-27T18:59:44+00:00\",\"description\":\"Da ieri circola in rete, ma \u00e8 ignorata dai media nazionali, la lettera che Renato Accorinti, sincaco di Messina, ha scritto sul suo profilo Facebook a\",\"breadcrumb\":{\"@id\":\"https:\/\/www.pressenza.com\/it\/2017\/01\/umilta-fierezza-lettera-aperta-renato-accorinti-sindaco-messina\/#breadcrumb\"},\"inLanguage\":\"it-IT\",\"potentialAction\":[{\"@type\":\"ReadAction\",\"target\":[\"https:\/\/www.pressenza.com\/it\/2017\/01\/umilta-fierezza-lettera-aperta-renato-accorinti-sindaco-messina\/\"]}]},{\"@type\":\"ImageObject\",\"inLanguage\":\"it-IT\",\"@id\":\"https:\/\/www.pressenza.com\/it\/2017\/01\/umilta-fierezza-lettera-aperta-renato-accorinti-sindaco-messina\/#primaryimage\",\"url\":\"https:\/\/www.pressenza.com\/wp-content\/uploads\/2017\/01\/municipio-messina.jpg\",\"contentUrl\":\"https:\/\/www.pressenza.com\/wp-content\/uploads\/2017\/01\/municipio-messina.jpg\",\"width\":1440,\"height\":1075},{\"@type\":\"BreadcrumbList\",\"@id\":\"https:\/\/www.pressenza.com\/it\/2017\/01\/umilta-fierezza-lettera-aperta-renato-accorinti-sindaco-messina\/#breadcrumb\",\"itemListElement\":[{\"@type\":\"ListItem\",\"position\":1,\"name\":\"Accueil\",\"item\":\"https:\/\/www.pressenza.com\/it\/\"},{\"@type\":\"ListItem\",\"position\":2,\"name\":\"Umilt\u00e0 e fierezza &#8211; Lettera aperta di Renato Accorinti, sindaco di Messina\"}]},{\"@type\":\"WebSite\",\"@id\":\"https:\/\/www.pressenza.com\/it\/#website\",\"url\":\"https:\/\/www.pressenza.com\/it\/\",\"name\":\"Pressenza\",\"description\":\"Agenzia di Stampa Internazionale\",\"publisher\":{\"@id\":\"https:\/\/www.pressenza.com\/it\/#organization\"},\"potentialAction\":[{\"@type\":\"SearchAction\",\"target\":{\"@type\":\"EntryPoint\",\"urlTemplate\":\"https:\/\/www.pressenza.com\/it\/?s={search_term_string}\"},\"query-input\":{\"@type\":\"PropertyValueSpecification\",\"valueRequired\":true,\"valueName\":\"search_term_string\"}}],\"inLanguage\":\"it-IT\"},{\"@type\":\"Organization\",\"@id\":\"https:\/\/www.pressenza.com\/it\/#organization\",\"name\":\"Pressenza\",\"url\":\"https:\/\/www.pressenza.com\/it\/\",\"logo\":{\"@type\":\"ImageObject\",\"inLanguage\":\"it-IT\",\"@id\":\"https:\/\/www.pressenza.com\/it\/#\/schema\/logo\/image\/\",\"url\":\"https:\/\/www.pressenza.com\/wp-content\/uploads\/2022\/10\/pressenza_logo_200x200.jpg\",\"contentUrl\":\"https:\/\/www.pressenza.com\/wp-content\/uploads\/2022\/10\/pressenza_logo_200x200.jpg\",\"width\":200,\"height\":200,\"caption\":\"Pressenza\"},\"image\":{\"@id\":\"https:\/\/www.pressenza.com\/it\/#\/schema\/logo\/image\/\"},\"sameAs\":[\"https:\/\/www.facebook.com\/PressenzaItalia\",\"https:\/\/x.com\/PressenzaIPA\"]},{\"@type\":\"Person\",\"@id\":\"https:\/\/www.pressenza.com\/it\/#\/schema\/person\/d983e81827ae24f2c7b1a2123d197f8d\",\"name\":\"Redazione Italia\",\"description\":\"News from the Pressenza Bureau in Italy\",\"sameAs\":[\"https:\/\/www.pressenza.com\/it\/author\/redazione-italia\/\",\"https:\/\/www.facebook.com\/PressenzaItalia\",\"https:\/\/www.instagram.com\/pressenza_italia\/\",\"https:\/\/x.com\/pressenza_it\",\"https:\/\/www.youtube.com\/channel\/UCSalEIWjE1RSxkwjfftFuqg\"],\"url\":\"https:\/\/www.pressenza.com\/it\/author\/redazione-italia\/\"}]}<\/script>\n<!-- \/ Yoast SEO plugin. -->","yoast_head_json":{"title":"Umilt\u00e0 e fierezza - Lettera aperta di Renato Accorinti, sindaco di Messina","description":"Da ieri circola in rete, ma \u00e8 ignorata dai media nazionali, la lettera che Renato Accorinti, sincaco di Messina, ha scritto sul suo profilo Facebook a","robots":{"index":"index","follow":"follow","max-snippet":"max-snippet:-1","max-image-preview":"max-image-preview:large","max-video-preview":"max-video-preview:-1"},"canonical":"https:\/\/www.pressenza.com\/it\/2017\/01\/umilta-fierezza-lettera-aperta-renato-accorinti-sindaco-messina\/","og_locale":"it_IT","og_type":"article","og_title":"Umilt\u00e0 e fierezza - Lettera aperta di Renato Accorinti, sindaco di Messina","og_description":"Da ieri circola in rete, ma \u00e8 ignorata dai media nazionali, la lettera che Renato Accorinti, sincaco di Messina, ha scritto sul suo profilo Facebook a","og_url":"https:\/\/www.pressenza.com\/it\/2017\/01\/umilta-fierezza-lettera-aperta-renato-accorinti-sindaco-messina\/","og_site_name":"Pressenza","article_publisher":"https:\/\/www.facebook.com\/PressenzaItalia","article_author":"https:\/\/www.facebook.com\/PressenzaItalia","article_published_time":"2017-01-27T08:58:23+00:00","article_modified_time":"2017-01-27T18:59:44+00:00","og_image":[{"width":1440,"height":1075,"url":"https:\/\/www.pressenza.com\/wp-content\/uploads\/2017\/01\/municipio-messina.jpg","type":"image\/jpeg"}],"author":"Redazione Italia","twitter_card":"summary_large_image","twitter_creator":"@pressenza_it","twitter_site":"@PressenzaIPA","twitter_misc":{"Scritto da":"Redazione Italia","Tempo di lettura stimato":"4 minuti"},"schema":{"@context":"https:\/\/schema.org","@graph":[{"@type":"Article","@id":"https:\/\/www.pressenza.com\/it\/2017\/01\/umilta-fierezza-lettera-aperta-renato-accorinti-sindaco-messina\/#article","isPartOf":{"@id":"https:\/\/www.pressenza.com\/it\/2017\/01\/umilta-fierezza-lettera-aperta-renato-accorinti-sindaco-messina\/"},"author":{"name":"Redazione Italia","@id":"https:\/\/www.pressenza.com\/it\/#\/schema\/person\/d983e81827ae24f2c7b1a2123d197f8d"},"headline":"Umilt\u00e0 e fierezza &#8211; Lettera aperta di Renato Accorinti, sindaco di Messina","datePublished":"2017-01-27T08:58:23+00:00","dateModified":"2017-01-27T18:59:44+00:00","mainEntityOfPage":{"@id":"https:\/\/www.pressenza.com\/it\/2017\/01\/umilta-fierezza-lettera-aperta-renato-accorinti-sindaco-messina\/"},"wordCount":713,"publisher":{"@id":"https:\/\/www.pressenza.com\/it\/#organization"},"image":{"@id":"https:\/\/www.pressenza.com\/it\/2017\/01\/umilta-fierezza-lettera-aperta-renato-accorinti-sindaco-messina\/#primaryimage"},"thumbnailUrl":"https:\/\/www.pressenza.com\/wp-content\/uploads\/2017\/01\/municipio-messina.jpg","keywords":["Messina","Renato Accorinti","Sicilia"],"articleSection":["Politica"],"inLanguage":"it-IT"},{"@type":"WebPage","@id":"https:\/\/www.pressenza.com\/it\/2017\/01\/umilta-fierezza-lettera-aperta-renato-accorinti-sindaco-messina\/","url":"https:\/\/www.pressenza.com\/it\/2017\/01\/umilta-fierezza-lettera-aperta-renato-accorinti-sindaco-messina\/","name":"Umilt\u00e0 e fierezza - Lettera aperta di Renato Accorinti, sindaco di Messina","isPartOf":{"@id":"https:\/\/www.pressenza.com\/it\/#website"},"primaryImageOfPage":{"@id":"https:\/\/www.pressenza.com\/it\/2017\/01\/umilta-fierezza-lettera-aperta-renato-accorinti-sindaco-messina\/#primaryimage"},"image":{"@id":"https:\/\/www.pressenza.com\/it\/2017\/01\/umilta-fierezza-lettera-aperta-renato-accorinti-sindaco-messina\/#primaryimage"},"thumbnailUrl":"https:\/\/www.pressenza.com\/wp-content\/uploads\/2017\/01\/municipio-messina.jpg","datePublished":"2017-01-27T08:58:23+00:00","dateModified":"2017-01-27T18:59:44+00:00","description":"Da ieri circola in rete, ma \u00e8 ignorata dai media nazionali, la lettera che Renato Accorinti, sincaco di Messina, ha scritto sul suo profilo Facebook a","breadcrumb":{"@id":"https:\/\/www.pressenza.com\/it\/2017\/01\/umilta-fierezza-lettera-aperta-renato-accorinti-sindaco-messina\/#breadcrumb"},"inLanguage":"it-IT","potentialAction":[{"@type":"ReadAction","target":["https:\/\/www.pressenza.com\/it\/2017\/01\/umilta-fierezza-lettera-aperta-renato-accorinti-sindaco-messina\/"]}]},{"@type":"ImageObject","inLanguage":"it-IT","@id":"https:\/\/www.pressenza.com\/it\/2017\/01\/umilta-fierezza-lettera-aperta-renato-accorinti-sindaco-messina\/#primaryimage","url":"https:\/\/www.pressenza.com\/wp-content\/uploads\/2017\/01\/municipio-messina.jpg","contentUrl":"https:\/\/www.pressenza.com\/wp-content\/uploads\/2017\/01\/municipio-messina.jpg","width":1440,"height":1075},{"@type":"BreadcrumbList","@id":"https:\/\/www.pressenza.com\/it\/2017\/01\/umilta-fierezza-lettera-aperta-renato-accorinti-sindaco-messina\/#breadcrumb","itemListElement":[{"@type":"ListItem","position":1,"name":"Accueil","item":"https:\/\/www.pressenza.com\/it\/"},{"@type":"ListItem","position":2,"name":"Umilt\u00e0 e fierezza &#8211; Lettera aperta di Renato Accorinti, sindaco di Messina"}]},{"@type":"WebSite","@id":"https:\/\/www.pressenza.com\/it\/#website","url":"https:\/\/www.pressenza.com\/it\/","name":"Pressenza","description":"Agenzia di Stampa Internazionale","publisher":{"@id":"https:\/\/www.pressenza.com\/it\/#organization"},"potentialAction":[{"@type":"SearchAction","target":{"@type":"EntryPoint","urlTemplate":"https:\/\/www.pressenza.com\/it\/?s={search_term_string}"},"query-input":{"@type":"PropertyValueSpecification","valueRequired":true,"valueName":"search_term_string"}}],"inLanguage":"it-IT"},{"@type":"Organization","@id":"https:\/\/www.pressenza.com\/it\/#organization","name":"Pressenza","url":"https:\/\/www.pressenza.com\/it\/","logo":{"@type":"ImageObject","inLanguage":"it-IT","@id":"https:\/\/www.pressenza.com\/it\/#\/schema\/logo\/image\/","url":"https:\/\/www.pressenza.com\/wp-content\/uploads\/2022\/10\/pressenza_logo_200x200.jpg","contentUrl":"https:\/\/www.pressenza.com\/wp-content\/uploads\/2022\/10\/pressenza_logo_200x200.jpg","width":200,"height":200,"caption":"Pressenza"},"image":{"@id":"https:\/\/www.pressenza.com\/it\/#\/schema\/logo\/image\/"},"sameAs":["https:\/\/www.facebook.com\/PressenzaItalia","https:\/\/x.com\/PressenzaIPA"]},{"@type":"Person","@id":"https:\/\/www.pressenza.com\/it\/#\/schema\/person\/d983e81827ae24f2c7b1a2123d197f8d","name":"Redazione Italia","description":"News from the Pressenza Bureau in Italy","sameAs":["https:\/\/www.pressenza.com\/it\/author\/redazione-italia\/","https:\/\/www.facebook.com\/PressenzaItalia","https:\/\/www.instagram.com\/pressenza_italia\/","https:\/\/x.com\/pressenza_it","https:\/\/www.youtube.com\/channel\/UCSalEIWjE1RSxkwjfftFuqg"],"url":"https:\/\/www.pressenza.com\/it\/author\/redazione-italia\/"}]}},"place":"Messina","original_article_url":"","_links":{"self":[{"href":"https:\/\/www.pressenza.com\/it\/wp-json\/wp\/v2\/posts\/424660","targetHints":{"allow":["GET"]}}],"collection":[{"href":"https:\/\/www.pressenza.com\/it\/wp-json\/wp\/v2\/posts"}],"about":[{"href":"https:\/\/www.pressenza.com\/it\/wp-json\/wp\/v2\/types\/post"}],"author":[{"embeddable":true,"href":"https:\/\/www.pressenza.com\/it\/wp-json\/wp\/v2\/users\/594"}],"replies":[{"embeddable":true,"href":"https:\/\/www.pressenza.com\/it\/wp-json\/wp\/v2\/comments?post=424660"}],"version-history":[{"count":0,"href":"https:\/\/www.pressenza.com\/it\/wp-json\/wp\/v2\/posts\/424660\/revisions"}],"wp:featuredmedia":[{"embeddable":true,"href":"https:\/\/www.pressenza.com\/it\/wp-json\/wp\/v2\/media\/424661"}],"wp:attachment":[{"href":"https:\/\/www.pressenza.com\/it\/wp-json\/wp\/v2\/media?parent=424660"}],"wp:term":[{"taxonomy":"category","embeddable":true,"href":"https:\/\/www.pressenza.com\/it\/wp-json\/wp\/v2\/categories?post=424660"},{"taxonomy":"post_tag","embeddable":true,"href":"https:\/\/www.pressenza.com\/it\/wp-json\/wp\/v2\/tags?post=424660"}],"curies":[{"name":"wp","href":"https:\/\/api.w.org\/{rel}","templated":true}]}}