{"id":422677,"date":"2017-01-23T20:12:06","date_gmt":"2017-01-23T20:12:06","guid":{"rendered":"http:\/\/www.pressenza.com\/?p=422677\/"},"modified":"2017-01-23T20:12:06","modified_gmt":"2017-01-23T20:12:06","slug":"2017-italia-guerra","status":"publish","type":"post","link":"https:\/\/www.pressenza.com\/it\/2017\/01\/2017-italia-guerra\/","title":{"rendered":"2017, Italia in guerra"},"content":{"rendered":"<p><strong>\u00a0<\/strong><\/p>\n<p>&nbsp;<\/p>\n<p>&nbsp;<\/p>\n<p>Mentre in questo mese di gennaio 2017, l\u2019Italia, innanzitutto al centro e al sud, sta perdendo battaglie contro terremoti, nevi e piogge, dal 31 dicembre 2016 la Legge quadro che regola le missioni militari all\u2019estero \u00e8 diventata operativa.<\/p>\n<p>Anche se gi\u00e0 pubblicata sulla Gazzetta Ufficiale fin dal 1 agosto, la Legge quadro sulle missioni militari all\u2019estero \u00e8 entrata in vigore ufficialmente dallo scorso 31 dicembre.<\/p>\n<p><em>Nella <strong>Costituzione<\/strong> tutte le operazioni fuori dai confini nazionali sono vietate, tranne che per lo Stato di Guerra. Con questo nuovo regolamento sulle missioni militari fuori dai confini nazionali, vengono cos\u00ec a cadere tutte quelle <strong>problematiche di incostituzionalit\u00e0<\/strong> sull\u2019invio di forze armate per interventi in operazioni internazionali. Ecco i principali punti della legge.<\/em><\/p>\n<ul>\n<li><em>Tutte le missioni militari italiane all\u2019estero, sia quelle di peace-keeping che quelle di peace-enforcement, sono da considerarsi non solo quelle con il mandato delle Nazioni Unite, ma anche tutte quelle istituite nell\u2019ambito dell\u2019Unione Europea e delle organizzazioni internazionali di cui l\u2019Italia \u00e8 facente parte.<\/em><\/li>\n<li><em>Il regolamento avr\u00e0 come oggetto tutte quelle missioni militari decise per partecipare a coalizioni riguardanti una crisi specifica, in base alle decisioni dei paesi aderenti. Lo stesso criterio \u00e8 ugualmente valido anche per le missioni \u201cfinalizzate ad eccezionali interventi umanitari\u201d.<\/em><\/li>\n<li><em>La nuova Legge quadro autorizza l\u2019invio di nostri militari fuori dal territorio nazionale in ottemperanza di obblighi di alleanze, di accordi internazionali o intergovernativi e per eccezionali interventi umanitari. Il tutto per\u00f2 deve avvenire sempre nel rispetto della legalit\u00e0 internazionale e delle disposizioni e finalit\u00e0 costituzionali.<\/em><\/li>\n<\/ul>\n<p><em>\u00a0<\/em><\/p>\n<p>Nel 2017 in Iraq il contingente italiano di militari sar\u00e0 secondo solo a quello statunitense. Lo ha deciso il Consiglio dei Ministri, stabilendo di inviare fino a 1.497 militari , nell&#8217;ambito della Coalizione dei &#8216;willing&#8217; per la lotta contro il Daesh. I militari avranno anche compiti di <em>&#8216;force protection&#8217;<\/em> nell&#8217;area di Mosul, in particolare per quanto riguarda la diga, i cui lavori sono in corso eseguiti dalla societ\u00e0 Trevi. Lo stanziamento per il 2017 \u00e8 di 300,7 milioni. Complessivamente nel 2017 l&#8217;Italia spender\u00e0 per le missioni all&#8217;estero 1,13 miliardi pi\u00f9 295 milioni per la cooperazione. Gli uomini impiegati saranno 7.459 militari e 167 agenti delle forze di polizia. Novit\u00e0 anche per la Libia. Nell&#8217;ambito dell&#8217;operazione &#8216;Ippocrate&#8217;, continuer\u00e0 a funzionare l&#8217;ospedale da campo di Misurata. Oltre al personale sanitario, ci saranno unit\u00e0 con compiti di <em>&#8216;Force protection&#8217;.<\/em> In tutto saranno impiegati fino a 300 uomini e lo stanziamento per il 2017 e&#8217; di 43,6 milioni. Per fronteggiare l&#8217;immigrazione clandestina e assistere la Guardia costiera libica, lo stanziamento e&#8217; di ulteriori 3,6 milioni. Per proteggere il traffico mercantile e le piattaforme petrolifere antistanti la costa libica (operazione Mare sicuro), lo stanziamento \u00e8 di 84 milioni con 700 uomini. Per l&#8217;operazione Sophia-Eunavformed contro gli scafisti nel Mediterraneo lo stanziamento \u00e8 di 43,1 milioni per 585 uomini.<\/p>\n<p>Nel 2018 poi anche 140 militari partiranno per la <strong>Lettonia<\/strong>, si andr\u00e0 a rafforzare anche la presenza in operazioni in Europa, con quella pi\u00f9 numerosa che al momento vede impegnati 550 nostri soldati in <strong>Kosovo<\/strong><strong>.<\/strong><\/p>\n<p><strong>Di fronte a questa situazione deve crescere in Italia un movimento contro le missioni di guerra mascherate come missioni di pace, contro le spese militari, per l\u2019uscita dalla NATO e costringere le opposizioni in parlamento , SEL\/FI, M5s e sinistra PD, al governo Renzi, prima,\u00a0 e, ora, al governo Gentiloni a prendere un\u2019energica posizione.<\/strong><\/p>\n<p>&nbsp;<\/p>\n","protected":false},"excerpt":{"rendered":"<p>\u00a0 &nbsp; &nbsp; Mentre in questo mese di gennaio 2017, l\u2019Italia, innanzitutto al centro e al sud, sta perdendo battaglie contro terremoti, nevi e piogge, dal 31 dicembre 2016 la Legge quadro che regola le missioni militari all\u2019estero \u00e8 diventata&hellip;<\/p>\n","protected":false},"author":1190,"featured_media":312427,"comment_status":"closed","ping_status":"closed","sticky":false,"template":"","format":"standard","meta":{"footnotes":""},"categories":[47,1263],"tags":[1562,1070,370,34474,10992],"class_list":["post-422677","post","type-post","status-publish","format-standard","has-post-thumbnail","hentry","category-europa","category-pace-disarmo","tag-esercito","tag-iraq","tag-italia","tag-missioni-militari","tag-mosul"],"yoast_head":"<!-- This site is optimized with the Yoast SEO plugin v27.1.1 - https:\/\/yoast.com\/product\/yoast-seo-wordpress\/ -->\n<title>2017, Italia in guerra<\/title>\n<meta name=\"description\" content=\"\u00a0 &nbsp; &nbsp; Mentre in questo mese di gennaio 2017, l\u2019Italia, innanzitutto al centro e al sud, sta perdendo battaglie contro terremoti, nevi e piogge,\" \/>\n<meta name=\"robots\" content=\"index, follow, max-snippet:-1, max-image-preview:large, max-video-preview:-1\" \/>\n<link rel=\"canonical\" href=\"https:\/\/www.pressenza.com\/it\/2017\/01\/2017-italia-guerra\/\" \/>\n<meta property=\"og:locale\" content=\"it_IT\" \/>\n<meta property=\"og:type\" content=\"article\" \/>\n<meta property=\"og:title\" content=\"2017, Italia in guerra\" \/>\n<meta property=\"og:description\" content=\"\u00a0 &nbsp; &nbsp; Mentre in questo mese di gennaio 2017, l\u2019Italia, innanzitutto al centro e al sud, sta perdendo battaglie contro terremoti, nevi e piogge,\" \/>\n<meta property=\"og:url\" content=\"https:\/\/www.pressenza.com\/it\/2017\/01\/2017-italia-guerra\/\" \/>\n<meta property=\"og:site_name\" content=\"Pressenza\" \/>\n<meta property=\"article:publisher\" content=\"https:\/\/www.facebook.com\/PressenzaItalia\" \/>\n<meta property=\"article:published_time\" content=\"2017-01-23T20:12:06+00:00\" \/>\n<meta property=\"og:image\" content=\"https:\/\/www.pressenza.com\/wp-content\/uploads\/2016\/05\/diga-mosul-m-1000x666.jpg\" \/>\n\t<meta property=\"og:image:width\" content=\"1000\" \/>\n\t<meta property=\"og:image:height\" content=\"666\" \/>\n\t<meta property=\"og:image:type\" content=\"image\/jpeg\" \/>\n<meta name=\"author\" content=\"Francesco Cecchini\" \/>\n<meta name=\"twitter:card\" content=\"summary_large_image\" \/>\n<meta name=\"twitter:creator\" content=\"@PressenzaIPA\" \/>\n<meta name=\"twitter:site\" content=\"@PressenzaIPA\" \/>\n<meta name=\"twitter:label1\" content=\"Scritto da\" \/>\n\t<meta name=\"twitter:data1\" content=\"Francesco Cecchini\" \/>\n\t<meta name=\"twitter:label2\" content=\"Tempo di lettura stimato\" \/>\n\t<meta name=\"twitter:data2\" content=\"3 minuti\" \/>\n<script type=\"application\/ld+json\" class=\"yoast-schema-graph\">{\"@context\":\"https:\/\/schema.org\",\"@graph\":[{\"@type\":\"Article\",\"@id\":\"https:\/\/www.pressenza.com\/it\/2017\/01\/2017-italia-guerra\/#article\",\"isPartOf\":{\"@id\":\"https:\/\/www.pressenza.com\/it\/2017\/01\/2017-italia-guerra\/\"},\"author\":{\"name\":\"Francesco Cecchini\",\"@id\":\"https:\/\/www.pressenza.com\/it\/#\/schema\/person\/921a58376e7663992b698cbe6e394c53\"},\"headline\":\"2017, Italia in guerra\",\"datePublished\":\"2017-01-23T20:12:06+00:00\",\"mainEntityOfPage\":{\"@id\":\"https:\/\/www.pressenza.com\/it\/2017\/01\/2017-italia-guerra\/\"},\"wordCount\":544,\"publisher\":{\"@id\":\"https:\/\/www.pressenza.com\/it\/#organization\"},\"image\":{\"@id\":\"https:\/\/www.pressenza.com\/it\/2017\/01\/2017-italia-guerra\/#primaryimage\"},\"thumbnailUrl\":\"https:\/\/www.pressenza.com\/wp-content\/uploads\/2016\/05\/diga-mosul-m-1000x666.jpg\",\"keywords\":[\"esercito\",\"Iraq\",\"Italia\",\"missioni militari\",\"Mosul\"],\"articleSection\":[\"Europa\",\"Pace e Disarmo\"],\"inLanguage\":\"it-IT\"},{\"@type\":\"WebPage\",\"@id\":\"https:\/\/www.pressenza.com\/it\/2017\/01\/2017-italia-guerra\/\",\"url\":\"https:\/\/www.pressenza.com\/it\/2017\/01\/2017-italia-guerra\/\",\"name\":\"2017, Italia in guerra\",\"isPartOf\":{\"@id\":\"https:\/\/www.pressenza.com\/it\/#website\"},\"primaryImageOfPage\":{\"@id\":\"https:\/\/www.pressenza.com\/it\/2017\/01\/2017-italia-guerra\/#primaryimage\"},\"image\":{\"@id\":\"https:\/\/www.pressenza.com\/it\/2017\/01\/2017-italia-guerra\/#primaryimage\"},\"thumbnailUrl\":\"https:\/\/www.pressenza.com\/wp-content\/uploads\/2016\/05\/diga-mosul-m-1000x666.jpg\",\"datePublished\":\"2017-01-23T20:12:06+00:00\",\"description\":\"\u00a0 &nbsp; &nbsp; Mentre in questo mese di gennaio 2017, l\u2019Italia, innanzitutto al centro e al sud, sta perdendo battaglie contro terremoti, nevi e piogge,\",\"breadcrumb\":{\"@id\":\"https:\/\/www.pressenza.com\/it\/2017\/01\/2017-italia-guerra\/#breadcrumb\"},\"inLanguage\":\"it-IT\",\"potentialAction\":[{\"@type\":\"ReadAction\",\"target\":[\"https:\/\/www.pressenza.com\/it\/2017\/01\/2017-italia-guerra\/\"]}]},{\"@type\":\"ImageObject\",\"inLanguage\":\"it-IT\",\"@id\":\"https:\/\/www.pressenza.com\/it\/2017\/01\/2017-italia-guerra\/#primaryimage\",\"url\":\"https:\/\/www.pressenza.com\/wp-content\/uploads\/2016\/05\/diga-mosul-m-1000x666.jpg\",\"contentUrl\":\"https:\/\/www.pressenza.com\/wp-content\/uploads\/2016\/05\/diga-mosul-m-1000x666.jpg\",\"width\":1000,\"height\":666},{\"@type\":\"BreadcrumbList\",\"@id\":\"https:\/\/www.pressenza.com\/it\/2017\/01\/2017-italia-guerra\/#breadcrumb\",\"itemListElement\":[{\"@type\":\"ListItem\",\"position\":1,\"name\":\"Accueil\",\"item\":\"https:\/\/www.pressenza.com\/it\/\"},{\"@type\":\"ListItem\",\"position\":2,\"name\":\"2017, Italia in guerra\"}]},{\"@type\":\"WebSite\",\"@id\":\"https:\/\/www.pressenza.com\/it\/#website\",\"url\":\"https:\/\/www.pressenza.com\/it\/\",\"name\":\"Pressenza\",\"description\":\"Agenzia di Stampa Internazionale\",\"publisher\":{\"@id\":\"https:\/\/www.pressenza.com\/it\/#organization\"},\"potentialAction\":[{\"@type\":\"SearchAction\",\"target\":{\"@type\":\"EntryPoint\",\"urlTemplate\":\"https:\/\/www.pressenza.com\/it\/?s={search_term_string}\"},\"query-input\":{\"@type\":\"PropertyValueSpecification\",\"valueRequired\":true,\"valueName\":\"search_term_string\"}}],\"inLanguage\":\"it-IT\"},{\"@type\":\"Organization\",\"@id\":\"https:\/\/www.pressenza.com\/it\/#organization\",\"name\":\"Pressenza\",\"url\":\"https:\/\/www.pressenza.com\/it\/\",\"logo\":{\"@type\":\"ImageObject\",\"inLanguage\":\"it-IT\",\"@id\":\"https:\/\/www.pressenza.com\/it\/#\/schema\/logo\/image\/\",\"url\":\"https:\/\/www.pressenza.com\/wp-content\/uploads\/2022\/10\/pressenza_logo_200x200.jpg\",\"contentUrl\":\"https:\/\/www.pressenza.com\/wp-content\/uploads\/2022\/10\/pressenza_logo_200x200.jpg\",\"width\":200,\"height\":200,\"caption\":\"Pressenza\"},\"image\":{\"@id\":\"https:\/\/www.pressenza.com\/it\/#\/schema\/logo\/image\/\"},\"sameAs\":[\"https:\/\/www.facebook.com\/PressenzaItalia\",\"https:\/\/x.com\/PressenzaIPA\"]},{\"@type\":\"Person\",\"@id\":\"https:\/\/www.pressenza.com\/it\/#\/schema\/person\/921a58376e7663992b698cbe6e394c53\",\"name\":\"Francesco Cecchini\",\"url\":\"https:\/\/www.pressenza.com\/it\/author\/francesco-cecchini\/\"}]}<\/script>\n<!-- \/ Yoast SEO plugin. -->","yoast_head_json":{"title":"2017, Italia in guerra","description":"\u00a0 &nbsp; &nbsp; Mentre in questo mese di gennaio 2017, l\u2019Italia, innanzitutto al centro e al sud, sta perdendo battaglie contro terremoti, nevi e piogge,","robots":{"index":"index","follow":"follow","max-snippet":"max-snippet:-1","max-image-preview":"max-image-preview:large","max-video-preview":"max-video-preview:-1"},"canonical":"https:\/\/www.pressenza.com\/it\/2017\/01\/2017-italia-guerra\/","og_locale":"it_IT","og_type":"article","og_title":"2017, Italia in guerra","og_description":"\u00a0 &nbsp; &nbsp; Mentre in questo mese di gennaio 2017, l\u2019Italia, innanzitutto al centro e al sud, sta perdendo battaglie contro terremoti, nevi e piogge,","og_url":"https:\/\/www.pressenza.com\/it\/2017\/01\/2017-italia-guerra\/","og_site_name":"Pressenza","article_publisher":"https:\/\/www.facebook.com\/PressenzaItalia","article_published_time":"2017-01-23T20:12:06+00:00","og_image":[{"width":1000,"height":666,"url":"https:\/\/www.pressenza.com\/wp-content\/uploads\/2016\/05\/diga-mosul-m-1000x666.jpg","type":"image\/jpeg"}],"author":"Francesco Cecchini","twitter_card":"summary_large_image","twitter_creator":"@PressenzaIPA","twitter_site":"@PressenzaIPA","twitter_misc":{"Scritto da":"Francesco Cecchini","Tempo di lettura stimato":"3 minuti"},"schema":{"@context":"https:\/\/schema.org","@graph":[{"@type":"Article","@id":"https:\/\/www.pressenza.com\/it\/2017\/01\/2017-italia-guerra\/#article","isPartOf":{"@id":"https:\/\/www.pressenza.com\/it\/2017\/01\/2017-italia-guerra\/"},"author":{"name":"Francesco Cecchini","@id":"https:\/\/www.pressenza.com\/it\/#\/schema\/person\/921a58376e7663992b698cbe6e394c53"},"headline":"2017, Italia in guerra","datePublished":"2017-01-23T20:12:06+00:00","mainEntityOfPage":{"@id":"https:\/\/www.pressenza.com\/it\/2017\/01\/2017-italia-guerra\/"},"wordCount":544,"publisher":{"@id":"https:\/\/www.pressenza.com\/it\/#organization"},"image":{"@id":"https:\/\/www.pressenza.com\/it\/2017\/01\/2017-italia-guerra\/#primaryimage"},"thumbnailUrl":"https:\/\/www.pressenza.com\/wp-content\/uploads\/2016\/05\/diga-mosul-m-1000x666.jpg","keywords":["esercito","Iraq","Italia","missioni militari","Mosul"],"articleSection":["Europa","Pace e Disarmo"],"inLanguage":"it-IT"},{"@type":"WebPage","@id":"https:\/\/www.pressenza.com\/it\/2017\/01\/2017-italia-guerra\/","url":"https:\/\/www.pressenza.com\/it\/2017\/01\/2017-italia-guerra\/","name":"2017, Italia in guerra","isPartOf":{"@id":"https:\/\/www.pressenza.com\/it\/#website"},"primaryImageOfPage":{"@id":"https:\/\/www.pressenza.com\/it\/2017\/01\/2017-italia-guerra\/#primaryimage"},"image":{"@id":"https:\/\/www.pressenza.com\/it\/2017\/01\/2017-italia-guerra\/#primaryimage"},"thumbnailUrl":"https:\/\/www.pressenza.com\/wp-content\/uploads\/2016\/05\/diga-mosul-m-1000x666.jpg","datePublished":"2017-01-23T20:12:06+00:00","description":"\u00a0 &nbsp; &nbsp; Mentre in questo mese di gennaio 2017, l\u2019Italia, innanzitutto al centro e al sud, sta perdendo battaglie contro terremoti, nevi e piogge,","breadcrumb":{"@id":"https:\/\/www.pressenza.com\/it\/2017\/01\/2017-italia-guerra\/#breadcrumb"},"inLanguage":"it-IT","potentialAction":[{"@type":"ReadAction","target":["https:\/\/www.pressenza.com\/it\/2017\/01\/2017-italia-guerra\/"]}]},{"@type":"ImageObject","inLanguage":"it-IT","@id":"https:\/\/www.pressenza.com\/it\/2017\/01\/2017-italia-guerra\/#primaryimage","url":"https:\/\/www.pressenza.com\/wp-content\/uploads\/2016\/05\/diga-mosul-m-1000x666.jpg","contentUrl":"https:\/\/www.pressenza.com\/wp-content\/uploads\/2016\/05\/diga-mosul-m-1000x666.jpg","width":1000,"height":666},{"@type":"BreadcrumbList","@id":"https:\/\/www.pressenza.com\/it\/2017\/01\/2017-italia-guerra\/#breadcrumb","itemListElement":[{"@type":"ListItem","position":1,"name":"Accueil","item":"https:\/\/www.pressenza.com\/it\/"},{"@type":"ListItem","position":2,"name":"2017, Italia in guerra"}]},{"@type":"WebSite","@id":"https:\/\/www.pressenza.com\/it\/#website","url":"https:\/\/www.pressenza.com\/it\/","name":"Pressenza","description":"Agenzia di Stampa Internazionale","publisher":{"@id":"https:\/\/www.pressenza.com\/it\/#organization"},"potentialAction":[{"@type":"SearchAction","target":{"@type":"EntryPoint","urlTemplate":"https:\/\/www.pressenza.com\/it\/?s={search_term_string}"},"query-input":{"@type":"PropertyValueSpecification","valueRequired":true,"valueName":"search_term_string"}}],"inLanguage":"it-IT"},{"@type":"Organization","@id":"https:\/\/www.pressenza.com\/it\/#organization","name":"Pressenza","url":"https:\/\/www.pressenza.com\/it\/","logo":{"@type":"ImageObject","inLanguage":"it-IT","@id":"https:\/\/www.pressenza.com\/it\/#\/schema\/logo\/image\/","url":"https:\/\/www.pressenza.com\/wp-content\/uploads\/2022\/10\/pressenza_logo_200x200.jpg","contentUrl":"https:\/\/www.pressenza.com\/wp-content\/uploads\/2022\/10\/pressenza_logo_200x200.jpg","width":200,"height":200,"caption":"Pressenza"},"image":{"@id":"https:\/\/www.pressenza.com\/it\/#\/schema\/logo\/image\/"},"sameAs":["https:\/\/www.facebook.com\/PressenzaItalia","https:\/\/x.com\/PressenzaIPA"]},{"@type":"Person","@id":"https:\/\/www.pressenza.com\/it\/#\/schema\/person\/921a58376e7663992b698cbe6e394c53","name":"Francesco Cecchini","url":"https:\/\/www.pressenza.com\/it\/author\/francesco-cecchini\/"}]}},"place":"","original_article_url":"","_links":{"self":[{"href":"https:\/\/www.pressenza.com\/it\/wp-json\/wp\/v2\/posts\/422677","targetHints":{"allow":["GET"]}}],"collection":[{"href":"https:\/\/www.pressenza.com\/it\/wp-json\/wp\/v2\/posts"}],"about":[{"href":"https:\/\/www.pressenza.com\/it\/wp-json\/wp\/v2\/types\/post"}],"author":[{"embeddable":true,"href":"https:\/\/www.pressenza.com\/it\/wp-json\/wp\/v2\/users\/1190"}],"replies":[{"embeddable":true,"href":"https:\/\/www.pressenza.com\/it\/wp-json\/wp\/v2\/comments?post=422677"}],"version-history":[{"count":0,"href":"https:\/\/www.pressenza.com\/it\/wp-json\/wp\/v2\/posts\/422677\/revisions"}],"wp:featuredmedia":[{"embeddable":true,"href":"https:\/\/www.pressenza.com\/it\/wp-json\/wp\/v2\/media\/312427"}],"wp:attachment":[{"href":"https:\/\/www.pressenza.com\/it\/wp-json\/wp\/v2\/media?parent=422677"}],"wp:term":[{"taxonomy":"category","embeddable":true,"href":"https:\/\/www.pressenza.com\/it\/wp-json\/wp\/v2\/categories?post=422677"},{"taxonomy":"post_tag","embeddable":true,"href":"https:\/\/www.pressenza.com\/it\/wp-json\/wp\/v2\/tags?post=422677"}],"curies":[{"name":"wp","href":"https:\/\/api.w.org\/{rel}","templated":true}]}}