{"id":421490,"date":"2017-01-20T20:15:51","date_gmt":"2017-01-20T20:15:51","guid":{"rendered":"http:\/\/www.pressenza.com\/?p=421490\/"},"modified":"2017-01-20T20:15:51","modified_gmt":"2017-01-20T20:15:51","slug":"legge-elettorale-presentato-oggi-lappello-allitalia-civile","status":"publish","type":"post","link":"https:\/\/www.pressenza.com\/it\/2017\/01\/legge-elettorale-presentato-oggi-lappello-allitalia-civile\/","title":{"rendered":"Legge elettorale. Presentato oggi l&#8217;Appello all&#8217;Italia civile"},"content":{"rendered":"<p><span style=\"font-weight: 400;\">Con una conferenza presso il &#8220;Centro di ricerca per la pace e i diritti umani&#8221; di Viterbo \u00e8 stato presentato la mattina di venerd\u00ec 20 gennaio 2017 l'&#8221;Appello all&#8217;Italia civile&#8221; che, sottoscritto da illustri personalit\u00e0 della cultura, della riflessione morale\u00a0e dell&#8217;impegno sociale e\u00a0civile, richiede che nella prossima legge elettorale sia finalmente riconosciuto il diritto di voto a tutte le persone residenti in Italia.<\/span><\/p>\n<p><span style=\"font-weight: 400;\">In un passo centrale dell&#8217;appello si ricorda che &#8220;vivono stabilmente in Italia oltre cinque milioni di persone non native, che qui risiedono, qui lavorano, qui pagano le tasse, qui mandano a scuola i loro figli che crescono nella lingua e nella cultura del nostro paese; queste persone rispettano le nostre leggi, contribuiscono intensamente alla nostra economia, contribuiscono in misura determinante a sostenere il nostro sistema pensionistico, contribuiscono in modo decisivo ad impedire il declino demografico del nostro paese; sono insomma milioni di nostri effettivi conterranei che arrecano all&#8217;Italia ingenti benefici ma che tuttora sono privi del diritto di contribuire alle decisioni pubbliche che anche le loro vite riguardano&#8221;.<\/span><\/p>\n<p><span style=\"font-weight: 400;\">E dopo aver sottolineato che il fondamento della democrazia \u00e8 il principio &#8220;una persona, un voto&#8221;; l&#8217;appello conclude che &#8220;l&#8217;Italia essendo una repubblica democratica non pu\u00f2 continuare a negare il primo diritto democratico a milioni di persone che vivono stabilmente qui. Una persona, un voto. Il momento \u00e8 ora&#8221;.<\/span><\/p>\n<p><b>\u00a0<\/b><\/p>\n<p><span style=\"font-weight: 400;\">L'&#8221;Appello all&#8217;Italia civile&#8221; ha gi\u00e0 raccolto numerosissimi sostegni, e tra i primi quelli di padre Alex Zanotelli, Lidia Menapace, don Franco Barbero, don Gianni Bergamaschi, Michele Boato, Dario Borso, Anna Bravo, Giancarla Codrignani, don Franco Corbo, Francuccio Gesualdi, Carlo Gubitosa, Paolo Hutter, Francesca Koch, Alberto L&#8217;Abate, Antonella Litta, Daniele Lugli, Luisa Morgantini, Giorgio Nebbia, don Gianni Novelli, Enrico Peyretti, Rocco Pompeo, Giuliano Pontara, Annamaria Rivera, Adriano Sansa, don Alessandro Santoro, Giovanni Sarubbi, Pietro Soldini, Olivier Turquet, Mao Valpiana&#8230;<\/span><\/p>\n<p><b>\u00a0<\/b><\/p>\n<p><span style=\"font-weight: 400;\">Il responsabile della struttura nonviolenta viterbese che coordina l&#8217;iniziativa dell'&#8221;Appello all&#8217;Italia civile: una persona, un voto&#8221;,\u00a0e che negli anni &#8217;80 del secolo scorso\u00a0coordin\u00f2 per l&#8217;Italia la pi\u00f9 ampia campagna di solidariet\u00e0 con Nelson Mandela, allora detenuto nelle prigioni del regime razzista sudafricano, ha ringraziato le persone che hanno gi\u00e0 aderito all&#8217;iniziativa ed invitato ad estenderla ulteriormente. Ha altres\u00ec annunciato che dalla prossima settimana inizieranno incontri con i parlamentari a Roma (alcuni dei quali, di diverse forze politiche,\u00a0hanno gi\u00e0 aderito all&#8217;appello o espresso attenzione e disponibilit\u00e0) per illustrare loro la proposta e\u00a0le modalit\u00e0 tecnico-giuridiche per la sua concreta realizzazione.<\/span><\/p>\n<p><span style=\"font-weight: 400;\">La conferenza si \u00e8 aperta con un minuto di silenzio per le vittime del maltempo e del sisma, delle guerre e delle\u00a0dittature, dei poteri criminali e dei mancati soccorsi; e si \u00e8 conclusa con l&#8217;invito a ricordare sempre che il primo diritto di ogni essere umano \u00e8 il diritto alla vita, e che il primo dovere di ogni essere umano, ed a maggior ragione di ogni umano istituto, \u00e8 salvare le vite.<\/span><\/p>\n<p><b>\u00a0<\/b><\/p>\n<p><span style=\"font-weight: 400;\">Per adesioni all'&#8221;Appello all&#8217;Italia civile: una persona, un voto&#8221;: <\/span><a href=\"mailto:centropacevt@gmail.com\"><span style=\"font-weight: 400;\">centropacevt@gmail.com<\/span><\/a><span style=\"font-weight: 400;\">, <\/span><a href=\"mailto:crpviterbo@yahoo.it\"><span style=\"font-weight: 400;\">crpviterbo@yahoo.it<\/span><\/a><\/p>\n<p><span style=\"font-weight: 400;\">\u00a0<\/span><\/p>\n<p><i><span style=\"font-weight: 400;\">Il &#8220;Centro di ricerca per la pace e i diritti umani&#8221; di Viterbo<\/span><\/i><\/p>\n<p><span style=\"font-weight: 400;\">\u00a0<\/span><\/p>\n<p><span style=\"font-weight: 400;\">Viterbo,\u00a020\u00a0gennaio\u00a02017<\/span><\/p>\n","protected":false},"excerpt":{"rendered":"<p>Con una conferenza presso il &#8220;Centro di ricerca per la pace e i diritti umani&#8221; di Viterbo \u00e8 stato presentato la mattina di venerd\u00ec 20 gennaio 2017 l&#8217;&#8221;Appello all&#8217;Italia civile&#8221; che, sottoscritto da illustri personalit\u00e0 della cultura, della riflessione morale\u00a0e&hellip;<\/p>\n","protected":false},"author":457,"featured_media":421504,"comment_status":"closed","ping_status":"closed","sticky":false,"template":"","format":"standard","meta":{"footnotes":""},"categories":[150,47,1261,55],"tags":[4318,173,370,1659,24470,24469],"class_list":["post-421490","post","type-post","status-publish","format-standard","has-post-thumbnail","hentry","category-comunicati-stampa","category-europa","category-diversita","category-politica","tag-centro-di-ricerca-per-la-pace-e-i-diritti-umani","tag-democrazia","tag-italia","tag-legge-elettorale","tag-un-voto","tag-una-testa"],"yoast_head":"<!-- This site is optimized with the Yoast SEO plugin v27.1.1 - https:\/\/yoast.com\/product\/yoast-seo-wordpress\/ -->\n<title>Legge elettorale. Presentato oggi l&#039;Appello all&#039;Italia civile<\/title>\n<meta name=\"description\" content=\"Con una conferenza presso il &quot;Centro di ricerca per la pace e i diritti umani&quot; di Viterbo \u00e8 stato presentato la mattina di venerd\u00ec 20 gennaio 2017\" \/>\n<meta name=\"robots\" content=\"index, follow, max-snippet:-1, max-image-preview:large, max-video-preview:-1\" \/>\n<link rel=\"canonical\" href=\"https:\/\/www.pressenza.com\/it\/2017\/01\/legge-elettorale-presentato-oggi-lappello-allitalia-civile\/\" \/>\n<meta property=\"og:locale\" content=\"it_IT\" \/>\n<meta property=\"og:type\" content=\"article\" \/>\n<meta property=\"og:title\" content=\"Legge elettorale. Presentato oggi l&#039;Appello all&#039;Italia civile\" \/>\n<meta property=\"og:description\" content=\"Con una conferenza presso il &quot;Centro di ricerca per la pace e i diritti umani&quot; di Viterbo \u00e8 stato presentato la mattina di venerd\u00ec 20 gennaio 2017\" \/>\n<meta property=\"og:url\" content=\"https:\/\/www.pressenza.com\/it\/2017\/01\/legge-elettorale-presentato-oggi-lappello-allitalia-civile\/\" \/>\n<meta property=\"og:site_name\" content=\"Pressenza\" \/>\n<meta property=\"article:publisher\" content=\"https:\/\/www.facebook.com\/PressenzaItalia\" \/>\n<meta property=\"article:published_time\" content=\"2017-01-20T20:15:51+00:00\" \/>\n<meta property=\"og:image\" content=\"https:\/\/www.pressenza.com\/wp-content\/uploads\/2017\/01\/legge-elettorale.jpg\" \/>\n\t<meta property=\"og:image:width\" content=\"750\" \/>\n\t<meta property=\"og:image:height\" content=\"415\" \/>\n\t<meta property=\"og:image:type\" content=\"image\/jpeg\" \/>\n<meta name=\"author\" content=\"Peppe Sini\" \/>\n<meta name=\"twitter:card\" content=\"summary_large_image\" \/>\n<meta name=\"twitter:creator\" content=\"@PressenzaIPA\" \/>\n<meta name=\"twitter:site\" content=\"@PressenzaIPA\" \/>\n<meta name=\"twitter:label1\" content=\"Scritto da\" \/>\n\t<meta name=\"twitter:data1\" content=\"Peppe Sini\" \/>\n\t<meta name=\"twitter:label2\" content=\"Tempo di lettura stimato\" \/>\n\t<meta name=\"twitter:data2\" content=\"3 minuti\" \/>\n<script type=\"application\/ld+json\" class=\"yoast-schema-graph\">{\"@context\":\"https:\/\/schema.org\",\"@graph\":[{\"@type\":\"Article\",\"@id\":\"https:\/\/www.pressenza.com\/it\/2017\/01\/legge-elettorale-presentato-oggi-lappello-allitalia-civile\/#article\",\"isPartOf\":{\"@id\":\"https:\/\/www.pressenza.com\/it\/2017\/01\/legge-elettorale-presentato-oggi-lappello-allitalia-civile\/\"},\"author\":{\"name\":\"Peppe Sini\",\"@id\":\"https:\/\/www.pressenza.com\/it\/#\/schema\/person\/3836c97be58c0a429fb8ca24bf5062e8\"},\"headline\":\"Legge elettorale. Presentato oggi l&#8217;Appello all&#8217;Italia civile\",\"datePublished\":\"2017-01-20T20:15:51+00:00\",\"mainEntityOfPage\":{\"@id\":\"https:\/\/www.pressenza.com\/it\/2017\/01\/legge-elettorale-presentato-oggi-lappello-allitalia-civile\/\"},\"wordCount\":523,\"publisher\":{\"@id\":\"https:\/\/www.pressenza.com\/it\/#organization\"},\"image\":{\"@id\":\"https:\/\/www.pressenza.com\/it\/2017\/01\/legge-elettorale-presentato-oggi-lappello-allitalia-civile\/#primaryimage\"},\"thumbnailUrl\":\"https:\/\/www.pressenza.com\/wp-content\/uploads\/2017\/01\/legge-elettorale.jpg\",\"keywords\":[\"Centro di ricerca per la pace e i diritti umani\",\"Democrazia\",\"Italia\",\"legge elettorale\",\"un voto\",\"una testa\"],\"articleSection\":[\"Comunicati Stampa\",\"Europa\",\"Non discriminazione\",\"Politica\"],\"inLanguage\":\"it-IT\"},{\"@type\":\"WebPage\",\"@id\":\"https:\/\/www.pressenza.com\/it\/2017\/01\/legge-elettorale-presentato-oggi-lappello-allitalia-civile\/\",\"url\":\"https:\/\/www.pressenza.com\/it\/2017\/01\/legge-elettorale-presentato-oggi-lappello-allitalia-civile\/\",\"name\":\"Legge elettorale. Presentato oggi l'Appello all'Italia civile\",\"isPartOf\":{\"@id\":\"https:\/\/www.pressenza.com\/it\/#website\"},\"primaryImageOfPage\":{\"@id\":\"https:\/\/www.pressenza.com\/it\/2017\/01\/legge-elettorale-presentato-oggi-lappello-allitalia-civile\/#primaryimage\"},\"image\":{\"@id\":\"https:\/\/www.pressenza.com\/it\/2017\/01\/legge-elettorale-presentato-oggi-lappello-allitalia-civile\/#primaryimage\"},\"thumbnailUrl\":\"https:\/\/www.pressenza.com\/wp-content\/uploads\/2017\/01\/legge-elettorale.jpg\",\"datePublished\":\"2017-01-20T20:15:51+00:00\",\"description\":\"Con una conferenza presso il \\\"Centro di ricerca per la pace e i diritti umani\\\" di Viterbo \u00e8 stato presentato la mattina di venerd\u00ec 20 gennaio 2017\",\"breadcrumb\":{\"@id\":\"https:\/\/www.pressenza.com\/it\/2017\/01\/legge-elettorale-presentato-oggi-lappello-allitalia-civile\/#breadcrumb\"},\"inLanguage\":\"it-IT\",\"potentialAction\":[{\"@type\":\"ReadAction\",\"target\":[\"https:\/\/www.pressenza.com\/it\/2017\/01\/legge-elettorale-presentato-oggi-lappello-allitalia-civile\/\"]}]},{\"@type\":\"ImageObject\",\"inLanguage\":\"it-IT\",\"@id\":\"https:\/\/www.pressenza.com\/it\/2017\/01\/legge-elettorale-presentato-oggi-lappello-allitalia-civile\/#primaryimage\",\"url\":\"https:\/\/www.pressenza.com\/wp-content\/uploads\/2017\/01\/legge-elettorale.jpg\",\"contentUrl\":\"https:\/\/www.pressenza.com\/wp-content\/uploads\/2017\/01\/legge-elettorale.jpg\",\"width\":750,\"height\":415,\"caption\":\"legge elettorale\"},{\"@type\":\"BreadcrumbList\",\"@id\":\"https:\/\/www.pressenza.com\/it\/2017\/01\/legge-elettorale-presentato-oggi-lappello-allitalia-civile\/#breadcrumb\",\"itemListElement\":[{\"@type\":\"ListItem\",\"position\":1,\"name\":\"Accueil\",\"item\":\"https:\/\/www.pressenza.com\/it\/\"},{\"@type\":\"ListItem\",\"position\":2,\"name\":\"Legge elettorale. Presentato oggi l&#8217;Appello all&#8217;Italia civile\"}]},{\"@type\":\"WebSite\",\"@id\":\"https:\/\/www.pressenza.com\/it\/#website\",\"url\":\"https:\/\/www.pressenza.com\/it\/\",\"name\":\"Pressenza\",\"description\":\"Agenzia di Stampa Internazionale\",\"publisher\":{\"@id\":\"https:\/\/www.pressenza.com\/it\/#organization\"},\"potentialAction\":[{\"@type\":\"SearchAction\",\"target\":{\"@type\":\"EntryPoint\",\"urlTemplate\":\"https:\/\/www.pressenza.com\/it\/?s={search_term_string}\"},\"query-input\":{\"@type\":\"PropertyValueSpecification\",\"valueRequired\":true,\"valueName\":\"search_term_string\"}}],\"inLanguage\":\"it-IT\"},{\"@type\":\"Organization\",\"@id\":\"https:\/\/www.pressenza.com\/it\/#organization\",\"name\":\"Pressenza\",\"url\":\"https:\/\/www.pressenza.com\/it\/\",\"logo\":{\"@type\":\"ImageObject\",\"inLanguage\":\"it-IT\",\"@id\":\"https:\/\/www.pressenza.com\/it\/#\/schema\/logo\/image\/\",\"url\":\"https:\/\/www.pressenza.com\/wp-content\/uploads\/2022\/10\/pressenza_logo_200x200.jpg\",\"contentUrl\":\"https:\/\/www.pressenza.com\/wp-content\/uploads\/2022\/10\/pressenza_logo_200x200.jpg\",\"width\":200,\"height\":200,\"caption\":\"Pressenza\"},\"image\":{\"@id\":\"https:\/\/www.pressenza.com\/it\/#\/schema\/logo\/image\/\"},\"sameAs\":[\"https:\/\/www.facebook.com\/PressenzaItalia\",\"https:\/\/x.com\/PressenzaIPA\"]},{\"@type\":\"Person\",\"@id\":\"https:\/\/www.pressenza.com\/it\/#\/schema\/person\/3836c97be58c0a429fb8ca24bf5062e8\",\"name\":\"Peppe Sini\",\"description\":\"Responsabile del Centro di Ricerca per la Pace di Viterbo.\",\"url\":\"https:\/\/www.pressenza.com\/it\/author\/peppe-sini\/\"}]}<\/script>\n<!-- \/ Yoast SEO plugin. -->","yoast_head_json":{"title":"Legge elettorale. Presentato oggi l'Appello all'Italia civile","description":"Con una conferenza presso il \"Centro di ricerca per la pace e i diritti umani\" di Viterbo \u00e8 stato presentato la mattina di venerd\u00ec 20 gennaio 2017","robots":{"index":"index","follow":"follow","max-snippet":"max-snippet:-1","max-image-preview":"max-image-preview:large","max-video-preview":"max-video-preview:-1"},"canonical":"https:\/\/www.pressenza.com\/it\/2017\/01\/legge-elettorale-presentato-oggi-lappello-allitalia-civile\/","og_locale":"it_IT","og_type":"article","og_title":"Legge elettorale. Presentato oggi l'Appello all'Italia civile","og_description":"Con una conferenza presso il \"Centro di ricerca per la pace e i diritti umani\" di Viterbo \u00e8 stato presentato la mattina di venerd\u00ec 20 gennaio 2017","og_url":"https:\/\/www.pressenza.com\/it\/2017\/01\/legge-elettorale-presentato-oggi-lappello-allitalia-civile\/","og_site_name":"Pressenza","article_publisher":"https:\/\/www.facebook.com\/PressenzaItalia","article_published_time":"2017-01-20T20:15:51+00:00","og_image":[{"width":750,"height":415,"url":"https:\/\/www.pressenza.com\/wp-content\/uploads\/2017\/01\/legge-elettorale.jpg","type":"image\/jpeg"}],"author":"Peppe Sini","twitter_card":"summary_large_image","twitter_creator":"@PressenzaIPA","twitter_site":"@PressenzaIPA","twitter_misc":{"Scritto da":"Peppe Sini","Tempo di lettura stimato":"3 minuti"},"schema":{"@context":"https:\/\/schema.org","@graph":[{"@type":"Article","@id":"https:\/\/www.pressenza.com\/it\/2017\/01\/legge-elettorale-presentato-oggi-lappello-allitalia-civile\/#article","isPartOf":{"@id":"https:\/\/www.pressenza.com\/it\/2017\/01\/legge-elettorale-presentato-oggi-lappello-allitalia-civile\/"},"author":{"name":"Peppe Sini","@id":"https:\/\/www.pressenza.com\/it\/#\/schema\/person\/3836c97be58c0a429fb8ca24bf5062e8"},"headline":"Legge elettorale. Presentato oggi l&#8217;Appello all&#8217;Italia civile","datePublished":"2017-01-20T20:15:51+00:00","mainEntityOfPage":{"@id":"https:\/\/www.pressenza.com\/it\/2017\/01\/legge-elettorale-presentato-oggi-lappello-allitalia-civile\/"},"wordCount":523,"publisher":{"@id":"https:\/\/www.pressenza.com\/it\/#organization"},"image":{"@id":"https:\/\/www.pressenza.com\/it\/2017\/01\/legge-elettorale-presentato-oggi-lappello-allitalia-civile\/#primaryimage"},"thumbnailUrl":"https:\/\/www.pressenza.com\/wp-content\/uploads\/2017\/01\/legge-elettorale.jpg","keywords":["Centro di ricerca per la pace e i diritti umani","Democrazia","Italia","legge elettorale","un voto","una testa"],"articleSection":["Comunicati Stampa","Europa","Non discriminazione","Politica"],"inLanguage":"it-IT"},{"@type":"WebPage","@id":"https:\/\/www.pressenza.com\/it\/2017\/01\/legge-elettorale-presentato-oggi-lappello-allitalia-civile\/","url":"https:\/\/www.pressenza.com\/it\/2017\/01\/legge-elettorale-presentato-oggi-lappello-allitalia-civile\/","name":"Legge elettorale. Presentato oggi l'Appello all'Italia civile","isPartOf":{"@id":"https:\/\/www.pressenza.com\/it\/#website"},"primaryImageOfPage":{"@id":"https:\/\/www.pressenza.com\/it\/2017\/01\/legge-elettorale-presentato-oggi-lappello-allitalia-civile\/#primaryimage"},"image":{"@id":"https:\/\/www.pressenza.com\/it\/2017\/01\/legge-elettorale-presentato-oggi-lappello-allitalia-civile\/#primaryimage"},"thumbnailUrl":"https:\/\/www.pressenza.com\/wp-content\/uploads\/2017\/01\/legge-elettorale.jpg","datePublished":"2017-01-20T20:15:51+00:00","description":"Con una conferenza presso il \"Centro di ricerca per la pace e i diritti umani\" di Viterbo \u00e8 stato presentato la mattina di venerd\u00ec 20 gennaio 2017","breadcrumb":{"@id":"https:\/\/www.pressenza.com\/it\/2017\/01\/legge-elettorale-presentato-oggi-lappello-allitalia-civile\/#breadcrumb"},"inLanguage":"it-IT","potentialAction":[{"@type":"ReadAction","target":["https:\/\/www.pressenza.com\/it\/2017\/01\/legge-elettorale-presentato-oggi-lappello-allitalia-civile\/"]}]},{"@type":"ImageObject","inLanguage":"it-IT","@id":"https:\/\/www.pressenza.com\/it\/2017\/01\/legge-elettorale-presentato-oggi-lappello-allitalia-civile\/#primaryimage","url":"https:\/\/www.pressenza.com\/wp-content\/uploads\/2017\/01\/legge-elettorale.jpg","contentUrl":"https:\/\/www.pressenza.com\/wp-content\/uploads\/2017\/01\/legge-elettorale.jpg","width":750,"height":415,"caption":"legge elettorale"},{"@type":"BreadcrumbList","@id":"https:\/\/www.pressenza.com\/it\/2017\/01\/legge-elettorale-presentato-oggi-lappello-allitalia-civile\/#breadcrumb","itemListElement":[{"@type":"ListItem","position":1,"name":"Accueil","item":"https:\/\/www.pressenza.com\/it\/"},{"@type":"ListItem","position":2,"name":"Legge elettorale. Presentato oggi l&#8217;Appello all&#8217;Italia civile"}]},{"@type":"WebSite","@id":"https:\/\/www.pressenza.com\/it\/#website","url":"https:\/\/www.pressenza.com\/it\/","name":"Pressenza","description":"Agenzia di Stampa Internazionale","publisher":{"@id":"https:\/\/www.pressenza.com\/it\/#organization"},"potentialAction":[{"@type":"SearchAction","target":{"@type":"EntryPoint","urlTemplate":"https:\/\/www.pressenza.com\/it\/?s={search_term_string}"},"query-input":{"@type":"PropertyValueSpecification","valueRequired":true,"valueName":"search_term_string"}}],"inLanguage":"it-IT"},{"@type":"Organization","@id":"https:\/\/www.pressenza.com\/it\/#organization","name":"Pressenza","url":"https:\/\/www.pressenza.com\/it\/","logo":{"@type":"ImageObject","inLanguage":"it-IT","@id":"https:\/\/www.pressenza.com\/it\/#\/schema\/logo\/image\/","url":"https:\/\/www.pressenza.com\/wp-content\/uploads\/2022\/10\/pressenza_logo_200x200.jpg","contentUrl":"https:\/\/www.pressenza.com\/wp-content\/uploads\/2022\/10\/pressenza_logo_200x200.jpg","width":200,"height":200,"caption":"Pressenza"},"image":{"@id":"https:\/\/www.pressenza.com\/it\/#\/schema\/logo\/image\/"},"sameAs":["https:\/\/www.facebook.com\/PressenzaItalia","https:\/\/x.com\/PressenzaIPA"]},{"@type":"Person","@id":"https:\/\/www.pressenza.com\/it\/#\/schema\/person\/3836c97be58c0a429fb8ca24bf5062e8","name":"Peppe Sini","description":"Responsabile del Centro di Ricerca per la Pace di Viterbo.","url":"https:\/\/www.pressenza.com\/it\/author\/peppe-sini\/"}]}},"place":"","original_article_url":"","_links":{"self":[{"href":"https:\/\/www.pressenza.com\/it\/wp-json\/wp\/v2\/posts\/421490","targetHints":{"allow":["GET"]}}],"collection":[{"href":"https:\/\/www.pressenza.com\/it\/wp-json\/wp\/v2\/posts"}],"about":[{"href":"https:\/\/www.pressenza.com\/it\/wp-json\/wp\/v2\/types\/post"}],"author":[{"embeddable":true,"href":"https:\/\/www.pressenza.com\/it\/wp-json\/wp\/v2\/users\/457"}],"replies":[{"embeddable":true,"href":"https:\/\/www.pressenza.com\/it\/wp-json\/wp\/v2\/comments?post=421490"}],"version-history":[{"count":0,"href":"https:\/\/www.pressenza.com\/it\/wp-json\/wp\/v2\/posts\/421490\/revisions"}],"wp:featuredmedia":[{"embeddable":true,"href":"https:\/\/www.pressenza.com\/it\/wp-json\/wp\/v2\/media\/421504"}],"wp:attachment":[{"href":"https:\/\/www.pressenza.com\/it\/wp-json\/wp\/v2\/media?parent=421490"}],"wp:term":[{"taxonomy":"category","embeddable":true,"href":"https:\/\/www.pressenza.com\/it\/wp-json\/wp\/v2\/categories?post=421490"},{"taxonomy":"post_tag","embeddable":true,"href":"https:\/\/www.pressenza.com\/it\/wp-json\/wp\/v2\/tags?post=421490"}],"curies":[{"name":"wp","href":"https:\/\/api.w.org\/{rel}","templated":true}]}}