{"id":421052,"date":"2017-01-19T15:45:43","date_gmt":"2017-01-19T15:45:43","guid":{"rendered":"http:\/\/www.pressenza.com\/?p=421052\/"},"modified":"2017-01-19T15:45:43","modified_gmt":"2017-01-19T15:45:43","slug":"discriminatorio-negare-la-registrazione-un-giornale-perche-la-direttrice-straniera","status":"publish","type":"post","link":"https:\/\/www.pressenza.com\/it\/2017\/01\/discriminatorio-negare-la-registrazione-un-giornale-perche-la-direttrice-straniera\/","title":{"rendered":"Discriminatorio negare la registrazione di un giornale perch\u00e9 la direttrice \u00e8 straniera"},"content":{"rendered":"<p>Lo ha affermato la Corte d\u2019Appello di Torino nella sentenza n. 86\/2017 a seguito di un ricorso promosso da una giornalista straniera lungosoggiornante(oggi cittadina italiana) .<\/p>\n<p>La causa, proposta anche da ASGI e ANSI (Associazione Nazionale Stampa Interculturale), oltre che dal direttore della testata, \u00e8 sorta dopo il rifiuto del Presidente del Tribunale di Torino, in funzione di responsabile dell\u2019iscrizione dei giornali e dei periodici, di effettuare l\u2019iscrizione della rivista \u201cProspettiveAltre\u201d al registro, in applicazione dell\u2019art. 3 L. n.47\/48 che richiede il possesso della cittadinanza italiana o comunitaria.<\/p>\n<p>La Corte d\u2019Appello di Torino ha affermato che non \u00e8 possibile ipotizzare un\u2019abrogazione della norma, ma ha riconosciuto che<em>\u00a0la ratio<\/em>\u00a0della stessa non \u00e8 inficiata dalla mancanza della cittadinanza italiana del direttore responsabile, poich\u00e9 il cittadino lungosoggiornante, stante i requisiti richiesti per il rilascio del relativo permesso,\u00a0<em>\u201crisiede in modo continuativo nel territorio dello stato<\/em>\u201d.<\/p>\n<p>Afferma, infatti, la Corte nella sentenza: &#8220;<em>Appare perci\u00f2 evidente che la finalit\u00e0 del disposto normativo in esame non \u00e8 tanto garantita dalla nazionalit\u00e0 del direttore responsabile quanto dal suo rapporto continuativo, destinato a perdurare nel tempo, con lo Stato nel cui ambito territoriale il soggetto opera e risiede, dalla specifica possibilit\u00e0 della sua identificazione<\/em>\u2026<em> nonch\u00e9 dalla sua affidabilit\u00e0 nel rispetto dei diritti civili fondanti la convivenza sociale .<\/em>&#8230;&#8221; .<\/p>\n<p>Il collegio ha pertanto concluso che non solo \u00e8 possibile, ma \u00e8 addirittura doverosa un\u2019interpretazione costituzionalmente orientata del citato art.3, che assimili alla cittadinanza italiana e a quella comunitaria il possesso del permesso di soggiorno di lunga durata in capo al cittadino extra UE.<\/p>\n<p>&nbsp;<\/p>\n","protected":false},"excerpt":{"rendered":"<p>Lo ha affermato la Corte d\u2019Appello di Torino nella sentenza n. 86\/2017 a seguito di un ricorso promosso da una giornalista straniera lungosoggiornante(oggi cittadina italiana) . La causa, proposta anche da ASGI e ANSI (Associazione Nazionale Stampa Interculturale), oltre che&hellip;<\/p>\n","protected":false},"author":1399,"featured_media":421061,"comment_status":"closed","ping_status":"closed","sticky":false,"template":"","format":"standard","meta":{"footnotes":""},"categories":[150,56,47,1261],"tags":[34407,34405,34408,34406],"class_list":["post-421052","post","type-post","status-publish","format-standard","has-post-thumbnail","hentry","category-comunicati-stampa","category-cultura","category-europa","category-diversita","tag-cittadinanza-italiana","tag-corte-dappello-di-torino","tag-permesso-di-soggiorno","tag-prospettive-altre"],"yoast_head":"<!-- This site is optimized with the Yoast SEO plugin v27.1.1 - https:\/\/yoast.com\/product\/yoast-seo-wordpress\/ -->\n<title>Discriminatorio negare la registrazione di un giornale perch\u00e9 la direttrice \u00e8 straniera<\/title>\n<meta name=\"description\" content=\"Lo ha affermato la Corte d\u2019Appello di Torino nella sentenza n. 86\/2017 a seguito di un ricorso promosso da una giornalista straniera\" \/>\n<meta name=\"robots\" content=\"index, follow, max-snippet:-1, max-image-preview:large, max-video-preview:-1\" \/>\n<link rel=\"canonical\" href=\"https:\/\/www.pressenza.com\/it\/2017\/01\/discriminatorio-negare-la-registrazione-un-giornale-perche-la-direttrice-straniera\/\" \/>\n<meta property=\"og:locale\" content=\"it_IT\" \/>\n<meta property=\"og:type\" content=\"article\" \/>\n<meta property=\"og:title\" content=\"Discriminatorio negare la registrazione di un giornale perch\u00e9 la direttrice \u00e8 straniera\" \/>\n<meta property=\"og:description\" content=\"Lo ha affermato la Corte d\u2019Appello di Torino nella sentenza n. 86\/2017 a seguito di un ricorso promosso da una giornalista straniera\" \/>\n<meta property=\"og:url\" content=\"https:\/\/www.pressenza.com\/it\/2017\/01\/discriminatorio-negare-la-registrazione-un-giornale-perche-la-direttrice-straniera\/\" \/>\n<meta property=\"og:site_name\" content=\"Pressenza\" \/>\n<meta property=\"article:publisher\" content=\"https:\/\/www.facebook.com\/PressenzaItalia\" \/>\n<meta property=\"article:published_time\" content=\"2017-01-19T15:45:43+00:00\" \/>\n<meta property=\"og:image\" content=\"https:\/\/www.pressenza.com\/wp-content\/uploads\/2017\/01\/prospettive-altre.jpg\" \/>\n\t<meta property=\"og:image:width\" content=\"1772\" \/>\n\t<meta property=\"og:image:height\" content=\"1181\" \/>\n\t<meta property=\"og:image:type\" content=\"image\/jpeg\" \/>\n<meta name=\"author\" content=\"ASGI Associazione per gli studi giuridici sull\u2019immigrazione\" \/>\n<meta name=\"twitter:card\" content=\"summary_large_image\" \/>\n<meta name=\"twitter:creator\" content=\"@asgi_it\" \/>\n<meta name=\"twitter:site\" content=\"@PressenzaIPA\" \/>\n<meta name=\"twitter:label1\" content=\"Scritto da\" \/>\n\t<meta name=\"twitter:data1\" content=\"ASGI Associazione per gli studi giuridici sull\u2019immigrazione\" \/>\n\t<meta name=\"twitter:label2\" content=\"Tempo di lettura stimato\" \/>\n\t<meta name=\"twitter:data2\" content=\"1 minuto\" \/>\n<script type=\"application\/ld+json\" class=\"yoast-schema-graph\">{\"@context\":\"https:\/\/schema.org\",\"@graph\":[{\"@type\":\"Article\",\"@id\":\"https:\/\/www.pressenza.com\/it\/2017\/01\/discriminatorio-negare-la-registrazione-un-giornale-perche-la-direttrice-straniera\/#article\",\"isPartOf\":{\"@id\":\"https:\/\/www.pressenza.com\/it\/2017\/01\/discriminatorio-negare-la-registrazione-un-giornale-perche-la-direttrice-straniera\/\"},\"author\":{\"name\":\"ASGI Associazione per gli studi giuridici sull\u2019immigrazione\",\"@id\":\"https:\/\/www.pressenza.com\/it\/#\/schema\/person\/b7b0caf788af126e7c3da8fee8954a1c\"},\"headline\":\"Discriminatorio negare la registrazione di un giornale perch\u00e9 la direttrice \u00e8 straniera\",\"datePublished\":\"2017-01-19T15:45:43+00:00\",\"mainEntityOfPage\":{\"@id\":\"https:\/\/www.pressenza.com\/it\/2017\/01\/discriminatorio-negare-la-registrazione-un-giornale-perche-la-direttrice-straniera\/\"},\"wordCount\":266,\"publisher\":{\"@id\":\"https:\/\/www.pressenza.com\/it\/#organization\"},\"image\":{\"@id\":\"https:\/\/www.pressenza.com\/it\/2017\/01\/discriminatorio-negare-la-registrazione-un-giornale-perche-la-direttrice-straniera\/#primaryimage\"},\"thumbnailUrl\":\"https:\/\/www.pressenza.com\/wp-content\/uploads\/2017\/01\/prospettive-altre.jpg\",\"keywords\":[\"cittadinanza italiana\",\"Corte d\u2019Appello di Torino\",\"permesso di soggiorno\",\"Prospettive Altre\"],\"articleSection\":[\"Comunicati Stampa\",\"Cultura e Media\",\"Europa\",\"Non discriminazione\"],\"inLanguage\":\"it-IT\"},{\"@type\":\"WebPage\",\"@id\":\"https:\/\/www.pressenza.com\/it\/2017\/01\/discriminatorio-negare-la-registrazione-un-giornale-perche-la-direttrice-straniera\/\",\"url\":\"https:\/\/www.pressenza.com\/it\/2017\/01\/discriminatorio-negare-la-registrazione-un-giornale-perche-la-direttrice-straniera\/\",\"name\":\"Discriminatorio negare la registrazione di un giornale perch\u00e9 la direttrice \u00e8 straniera\",\"isPartOf\":{\"@id\":\"https:\/\/www.pressenza.com\/it\/#website\"},\"primaryImageOfPage\":{\"@id\":\"https:\/\/www.pressenza.com\/it\/2017\/01\/discriminatorio-negare-la-registrazione-un-giornale-perche-la-direttrice-straniera\/#primaryimage\"},\"image\":{\"@id\":\"https:\/\/www.pressenza.com\/it\/2017\/01\/discriminatorio-negare-la-registrazione-un-giornale-perche-la-direttrice-straniera\/#primaryimage\"},\"thumbnailUrl\":\"https:\/\/www.pressenza.com\/wp-content\/uploads\/2017\/01\/prospettive-altre.jpg\",\"datePublished\":\"2017-01-19T15:45:43+00:00\",\"description\":\"Lo ha affermato la Corte d\u2019Appello di Torino nella sentenza n. 86\/2017 a seguito di un ricorso promosso da una giornalista straniera\",\"breadcrumb\":{\"@id\":\"https:\/\/www.pressenza.com\/it\/2017\/01\/discriminatorio-negare-la-registrazione-un-giornale-perche-la-direttrice-straniera\/#breadcrumb\"},\"inLanguage\":\"it-IT\",\"potentialAction\":[{\"@type\":\"ReadAction\",\"target\":[\"https:\/\/www.pressenza.com\/it\/2017\/01\/discriminatorio-negare-la-registrazione-un-giornale-perche-la-direttrice-straniera\/\"]}]},{\"@type\":\"ImageObject\",\"inLanguage\":\"it-IT\",\"@id\":\"https:\/\/www.pressenza.com\/it\/2017\/01\/discriminatorio-negare-la-registrazione-un-giornale-perche-la-direttrice-straniera\/#primaryimage\",\"url\":\"https:\/\/www.pressenza.com\/wp-content\/uploads\/2017\/01\/prospettive-altre.jpg\",\"contentUrl\":\"https:\/\/www.pressenza.com\/wp-content\/uploads\/2017\/01\/prospettive-altre.jpg\",\"width\":1772,\"height\":1181},{\"@type\":\"BreadcrumbList\",\"@id\":\"https:\/\/www.pressenza.com\/it\/2017\/01\/discriminatorio-negare-la-registrazione-un-giornale-perche-la-direttrice-straniera\/#breadcrumb\",\"itemListElement\":[{\"@type\":\"ListItem\",\"position\":1,\"name\":\"Accueil\",\"item\":\"https:\/\/www.pressenza.com\/it\/\"},{\"@type\":\"ListItem\",\"position\":2,\"name\":\"Discriminatorio negare la registrazione di un giornale perch\u00e9 la direttrice \u00e8 straniera\"}]},{\"@type\":\"WebSite\",\"@id\":\"https:\/\/www.pressenza.com\/it\/#website\",\"url\":\"https:\/\/www.pressenza.com\/it\/\",\"name\":\"Pressenza\",\"description\":\"Agenzia di Stampa Internazionale\",\"publisher\":{\"@id\":\"https:\/\/www.pressenza.com\/it\/#organization\"},\"potentialAction\":[{\"@type\":\"SearchAction\",\"target\":{\"@type\":\"EntryPoint\",\"urlTemplate\":\"https:\/\/www.pressenza.com\/it\/?s={search_term_string}\"},\"query-input\":{\"@type\":\"PropertyValueSpecification\",\"valueRequired\":true,\"valueName\":\"search_term_string\"}}],\"inLanguage\":\"it-IT\"},{\"@type\":\"Organization\",\"@id\":\"https:\/\/www.pressenza.com\/it\/#organization\",\"name\":\"Pressenza\",\"url\":\"https:\/\/www.pressenza.com\/it\/\",\"logo\":{\"@type\":\"ImageObject\",\"inLanguage\":\"it-IT\",\"@id\":\"https:\/\/www.pressenza.com\/it\/#\/schema\/logo\/image\/\",\"url\":\"https:\/\/www.pressenza.com\/wp-content\/uploads\/2022\/10\/pressenza_logo_200x200.jpg\",\"contentUrl\":\"https:\/\/www.pressenza.com\/wp-content\/uploads\/2022\/10\/pressenza_logo_200x200.jpg\",\"width\":200,\"height\":200,\"caption\":\"Pressenza\"},\"image\":{\"@id\":\"https:\/\/www.pressenza.com\/it\/#\/schema\/logo\/image\/\"},\"sameAs\":[\"https:\/\/www.facebook.com\/PressenzaItalia\",\"https:\/\/x.com\/PressenzaIPA\"]},{\"@type\":\"Person\",\"@id\":\"https:\/\/www.pressenza.com\/it\/#\/schema\/person\/b7b0caf788af126e7c3da8fee8954a1c\",\"name\":\"ASGI Associazione per gli studi giuridici sull\u2019immigrazione\",\"description\":\"http:\/\/www.asgi.it\/\",\"sameAs\":[\"http:\/\/www.asgi.it\/\",\"https:\/\/x.com\/asgi_it\"],\"url\":\"https:\/\/www.pressenza.com\/it\/author\/asgi\/\"}]}<\/script>\n<!-- \/ Yoast SEO plugin. -->","yoast_head_json":{"title":"Discriminatorio negare la registrazione di un giornale perch\u00e9 la direttrice \u00e8 straniera","description":"Lo ha affermato la Corte d\u2019Appello di Torino nella sentenza n. 86\/2017 a seguito di un ricorso promosso da una giornalista straniera","robots":{"index":"index","follow":"follow","max-snippet":"max-snippet:-1","max-image-preview":"max-image-preview:large","max-video-preview":"max-video-preview:-1"},"canonical":"https:\/\/www.pressenza.com\/it\/2017\/01\/discriminatorio-negare-la-registrazione-un-giornale-perche-la-direttrice-straniera\/","og_locale":"it_IT","og_type":"article","og_title":"Discriminatorio negare la registrazione di un giornale perch\u00e9 la direttrice \u00e8 straniera","og_description":"Lo ha affermato la Corte d\u2019Appello di Torino nella sentenza n. 86\/2017 a seguito di un ricorso promosso da una giornalista straniera","og_url":"https:\/\/www.pressenza.com\/it\/2017\/01\/discriminatorio-negare-la-registrazione-un-giornale-perche-la-direttrice-straniera\/","og_site_name":"Pressenza","article_publisher":"https:\/\/www.facebook.com\/PressenzaItalia","article_published_time":"2017-01-19T15:45:43+00:00","og_image":[{"width":1772,"height":1181,"url":"https:\/\/www.pressenza.com\/wp-content\/uploads\/2017\/01\/prospettive-altre.jpg","type":"image\/jpeg"}],"author":"ASGI Associazione per gli studi giuridici sull\u2019immigrazione","twitter_card":"summary_large_image","twitter_creator":"@asgi_it","twitter_site":"@PressenzaIPA","twitter_misc":{"Scritto da":"ASGI Associazione per gli studi giuridici sull\u2019immigrazione","Tempo di lettura stimato":"1 minuto"},"schema":{"@context":"https:\/\/schema.org","@graph":[{"@type":"Article","@id":"https:\/\/www.pressenza.com\/it\/2017\/01\/discriminatorio-negare-la-registrazione-un-giornale-perche-la-direttrice-straniera\/#article","isPartOf":{"@id":"https:\/\/www.pressenza.com\/it\/2017\/01\/discriminatorio-negare-la-registrazione-un-giornale-perche-la-direttrice-straniera\/"},"author":{"name":"ASGI Associazione per gli studi giuridici sull\u2019immigrazione","@id":"https:\/\/www.pressenza.com\/it\/#\/schema\/person\/b7b0caf788af126e7c3da8fee8954a1c"},"headline":"Discriminatorio negare la registrazione di un giornale perch\u00e9 la direttrice \u00e8 straniera","datePublished":"2017-01-19T15:45:43+00:00","mainEntityOfPage":{"@id":"https:\/\/www.pressenza.com\/it\/2017\/01\/discriminatorio-negare-la-registrazione-un-giornale-perche-la-direttrice-straniera\/"},"wordCount":266,"publisher":{"@id":"https:\/\/www.pressenza.com\/it\/#organization"},"image":{"@id":"https:\/\/www.pressenza.com\/it\/2017\/01\/discriminatorio-negare-la-registrazione-un-giornale-perche-la-direttrice-straniera\/#primaryimage"},"thumbnailUrl":"https:\/\/www.pressenza.com\/wp-content\/uploads\/2017\/01\/prospettive-altre.jpg","keywords":["cittadinanza italiana","Corte d\u2019Appello di Torino","permesso di soggiorno","Prospettive Altre"],"articleSection":["Comunicati Stampa","Cultura e Media","Europa","Non discriminazione"],"inLanguage":"it-IT"},{"@type":"WebPage","@id":"https:\/\/www.pressenza.com\/it\/2017\/01\/discriminatorio-negare-la-registrazione-un-giornale-perche-la-direttrice-straniera\/","url":"https:\/\/www.pressenza.com\/it\/2017\/01\/discriminatorio-negare-la-registrazione-un-giornale-perche-la-direttrice-straniera\/","name":"Discriminatorio negare la registrazione di un giornale perch\u00e9 la direttrice \u00e8 straniera","isPartOf":{"@id":"https:\/\/www.pressenza.com\/it\/#website"},"primaryImageOfPage":{"@id":"https:\/\/www.pressenza.com\/it\/2017\/01\/discriminatorio-negare-la-registrazione-un-giornale-perche-la-direttrice-straniera\/#primaryimage"},"image":{"@id":"https:\/\/www.pressenza.com\/it\/2017\/01\/discriminatorio-negare-la-registrazione-un-giornale-perche-la-direttrice-straniera\/#primaryimage"},"thumbnailUrl":"https:\/\/www.pressenza.com\/wp-content\/uploads\/2017\/01\/prospettive-altre.jpg","datePublished":"2017-01-19T15:45:43+00:00","description":"Lo ha affermato la Corte d\u2019Appello di Torino nella sentenza n. 86\/2017 a seguito di un ricorso promosso da una giornalista straniera","breadcrumb":{"@id":"https:\/\/www.pressenza.com\/it\/2017\/01\/discriminatorio-negare-la-registrazione-un-giornale-perche-la-direttrice-straniera\/#breadcrumb"},"inLanguage":"it-IT","potentialAction":[{"@type":"ReadAction","target":["https:\/\/www.pressenza.com\/it\/2017\/01\/discriminatorio-negare-la-registrazione-un-giornale-perche-la-direttrice-straniera\/"]}]},{"@type":"ImageObject","inLanguage":"it-IT","@id":"https:\/\/www.pressenza.com\/it\/2017\/01\/discriminatorio-negare-la-registrazione-un-giornale-perche-la-direttrice-straniera\/#primaryimage","url":"https:\/\/www.pressenza.com\/wp-content\/uploads\/2017\/01\/prospettive-altre.jpg","contentUrl":"https:\/\/www.pressenza.com\/wp-content\/uploads\/2017\/01\/prospettive-altre.jpg","width":1772,"height":1181},{"@type":"BreadcrumbList","@id":"https:\/\/www.pressenza.com\/it\/2017\/01\/discriminatorio-negare-la-registrazione-un-giornale-perche-la-direttrice-straniera\/#breadcrumb","itemListElement":[{"@type":"ListItem","position":1,"name":"Accueil","item":"https:\/\/www.pressenza.com\/it\/"},{"@type":"ListItem","position":2,"name":"Discriminatorio negare la registrazione di un giornale perch\u00e9 la direttrice \u00e8 straniera"}]},{"@type":"WebSite","@id":"https:\/\/www.pressenza.com\/it\/#website","url":"https:\/\/www.pressenza.com\/it\/","name":"Pressenza","description":"Agenzia di Stampa Internazionale","publisher":{"@id":"https:\/\/www.pressenza.com\/it\/#organization"},"potentialAction":[{"@type":"SearchAction","target":{"@type":"EntryPoint","urlTemplate":"https:\/\/www.pressenza.com\/it\/?s={search_term_string}"},"query-input":{"@type":"PropertyValueSpecification","valueRequired":true,"valueName":"search_term_string"}}],"inLanguage":"it-IT"},{"@type":"Organization","@id":"https:\/\/www.pressenza.com\/it\/#organization","name":"Pressenza","url":"https:\/\/www.pressenza.com\/it\/","logo":{"@type":"ImageObject","inLanguage":"it-IT","@id":"https:\/\/www.pressenza.com\/it\/#\/schema\/logo\/image\/","url":"https:\/\/www.pressenza.com\/wp-content\/uploads\/2022\/10\/pressenza_logo_200x200.jpg","contentUrl":"https:\/\/www.pressenza.com\/wp-content\/uploads\/2022\/10\/pressenza_logo_200x200.jpg","width":200,"height":200,"caption":"Pressenza"},"image":{"@id":"https:\/\/www.pressenza.com\/it\/#\/schema\/logo\/image\/"},"sameAs":["https:\/\/www.facebook.com\/PressenzaItalia","https:\/\/x.com\/PressenzaIPA"]},{"@type":"Person","@id":"https:\/\/www.pressenza.com\/it\/#\/schema\/person\/b7b0caf788af126e7c3da8fee8954a1c","name":"ASGI Associazione per gli studi giuridici sull\u2019immigrazione","description":"http:\/\/www.asgi.it\/","sameAs":["http:\/\/www.asgi.it\/","https:\/\/x.com\/asgi_it"],"url":"https:\/\/www.pressenza.com\/it\/author\/asgi\/"}]}},"place":"","original_article_url":"","_links":{"self":[{"href":"https:\/\/www.pressenza.com\/it\/wp-json\/wp\/v2\/posts\/421052","targetHints":{"allow":["GET"]}}],"collection":[{"href":"https:\/\/www.pressenza.com\/it\/wp-json\/wp\/v2\/posts"}],"about":[{"href":"https:\/\/www.pressenza.com\/it\/wp-json\/wp\/v2\/types\/post"}],"author":[{"embeddable":true,"href":"https:\/\/www.pressenza.com\/it\/wp-json\/wp\/v2\/users\/1399"}],"replies":[{"embeddable":true,"href":"https:\/\/www.pressenza.com\/it\/wp-json\/wp\/v2\/comments?post=421052"}],"version-history":[{"count":0,"href":"https:\/\/www.pressenza.com\/it\/wp-json\/wp\/v2\/posts\/421052\/revisions"}],"wp:featuredmedia":[{"embeddable":true,"href":"https:\/\/www.pressenza.com\/it\/wp-json\/wp\/v2\/media\/421061"}],"wp:attachment":[{"href":"https:\/\/www.pressenza.com\/it\/wp-json\/wp\/v2\/media?parent=421052"}],"wp:term":[{"taxonomy":"category","embeddable":true,"href":"https:\/\/www.pressenza.com\/it\/wp-json\/wp\/v2\/categories?post=421052"},{"taxonomy":"post_tag","embeddable":true,"href":"https:\/\/www.pressenza.com\/it\/wp-json\/wp\/v2\/tags?post=421052"}],"curies":[{"name":"wp","href":"https:\/\/api.w.org\/{rel}","templated":true}]}}