{"id":419628,"date":"2017-01-16T10:35:42","date_gmt":"2017-01-16T10:35:42","guid":{"rendered":"http:\/\/www.pressenza.com\/?p=419628\/"},"modified":"2017-01-16T10:35:42","modified_gmt":"2017-01-16T10:35:42","slug":"patto-dei-sindaci-vera-rivoluzione-energetica-dal-basso","status":"publish","type":"post","link":"https:\/\/www.pressenza.com\/it\/2017\/01\/patto-dei-sindaci-vera-rivoluzione-energetica-dal-basso\/","title":{"rendered":"Il Patto dei Sindaci per una vera rivoluzione energetica dal basso"},"content":{"rendered":"<div class=\"subTitle\">\n<p><span style=\"color: #800000;\"><em>In quanti conoscono il Patto dei Sindaci a sostegno delle politiche europee sul clima? Si fatica a trovarne traccia e informazioni, eppure potrebbe essere uno strumento molto efficace per agire concretamente.<\/em><\/span><\/p>\n<div class=\"entry-content\">\n<p>Nonostante il grande successo in Europa e il ruolo di leader dei Comuni italiani, \u00e8 difficile trovare informazioni su questa iniziativa negli organi di informazione nazionale. Si presenta qui una breve analisi dello stato dell\u2019arte del <a href=\"http:\/\/www.pattodeisindaci.eu\/index_it.html\" target=\"_blank\">Patto dei Sindaci<\/a>. In successivi articoli, nel corso delle prossime settimane, si presenteranno alcune delle azioni concrete in atto da parte degli Enti locali europei per mostrare come nei territori \u00e8 sempre pi\u00f9 viva la speranza e la convinzione di un futuro energeticamente diverso.<\/p>\n<p>Fu lanciato nel 2008 a sostegno delle politiche europee sul clima, subito dopo l\u2019approvazione del \u201cpacchetto clima ed energia\u201d che vedeva l\u2019orizzonte del 2020 quale tappa fondamentale per rivoluzionare il sistema energetico europeo. Gli obiettivi fissati allora dai governi europei per il 2020 riguardavano la riduzione delle emissioni climalteranti, l\u2019aumento della quota di fonti rinnovabili e l\u2019aumento dell\u2019efficienza energetica, ognuno del 20% rispetto alla situazione vigente 30 anni prima (1990, considerato come anno base di riferimento a livello internazionale). Il messaggio era sintetizzato con lo slogan: 20-20-20 al 2020. Tali obiettivi, vincolanti sotto alcuni aspetti per gli Stati europei, furono appunto adottati nel 2008 dal Patto dei Sindaci al fine di coinvolgere fin da subito in questa sfida, seppur in modo volontario, gli Enti locali e regionali di tutta Europa, consapevoli che una vera rivoluzione energetica non si pu\u00f2 intraprendere e portare a compimento senza un concreto coinvolgimento degli attori principali (cio\u00e8 dei soggetti che presentano sui propri territori i maggiori consumi energetici), cio\u00e8 le citt\u00e0 e i sistemi urbani in generale.<\/p>\n<p>Il Patto dei Sindaci rappresenta quindi l\u2019iniziativa territoriale pi\u00f9 importante a livello europeo per la transizione da un sistema basato sulle fonti fossili ad uno basato sulle fonti rinnovabili e l\u2019efficienza energetica. Almeno in teoria \u00e8 cos\u00ec, in quanto raramente le politiche nazionali, tengono conto del ruolo degli Enti locali. In Italia, al di l\u00e0 del coinvolgimento, a volte \u201cforzato\u201d, degli Enti regionali, non si \u00e8 mai vista una politica energetica nazionale che valorizzasse il ruolo degli Enti locali, pur sapendo che oltre il 50% dell\u2019energia viene consumata proprio in ambito urbano.<\/p>\n<p>Da poco pi\u00f9 di un anno il Patto dei Sindaci \u00e8 stato rinnovato, inserendo al proprio interno anche il tema dell\u2019adattamento ai cambiamenti climatici. Come \u00e8 ormai noto, ridurre i consumi energetici al fine di ridurre le emissioni di gas climalteranti potrebbe ormai non essere pi\u00f9 sufficiente, almeno in alcuni specifici casi. Alcuni impatti (eventi meteorologici estremi) si verificheranno comunque, visto il ritardo con il quale si \u00e8 deciso di affrontare il problema, ed \u00e8 quindi necessario attrezzarsi per rispondere a tali impatti. Fare in modo che i rischi conseguenti a tali impatti siano minimi e, soprattutto, che le popolazioni in zone a rischio sappiano cosa fare in caso di emergenza. Per un breve periodo il tema dell\u2019adattamento \u00e8 stato gestito \u201cin parallelo\u201d nell\u2019ambito del Patto dei Sindaci, nel senso che si doveva aderire ad una specifica iniziativa (Mayors Adapt), distinta dal Patto dei Sindaci vero e proprio, sebbene ad esso correlata. Si \u00e8 doverosamente superata questa incongruenza presso la Commissione Europea, forse dovuta alle modalit\u00e0 di gestione di tali iniziative a Bruxelles, ed oggi si pu\u00f2 affermare che il Patto dei Sindaci risulta completo ed in linea con una visione strategica che considera parimenti importante il tema della mitigazione (riduzione delle emissioni) e il tema dell\u2019adattamento (gestione dei rischi dovuti agli impatti attesi), tanto da suggerirne un approccio integrato.<\/p>\n<p>Ancor di pi\u00f9 il Patto dei Sindaci risulta completo e strategico con il promulgamento dei propri obiettivi oltre il 2020 (ormai alle porte); i nuovi aderenti al Patto dei Sindaci avranno come orizzonte temporale il 2030, in linea con le decisioni assunte dai governi europei che nell\u2019Ottobre 2014 hanno concordato i nuovi obiettivi della politica energetica europea al 2030, tra i quali la riduzione delle emissioni di gas serra del 40% rispetto ai livelli del 1990, una quota di fonti di energia rinnovabile pari al 27% del consumo energetico, lasciando poi la flessibilit\u00e0 agli Stati membri di definire obiettivi nazionali, e una maggiore efficienza energetica\u00a0attraverso modifiche della direttiva sull&#8217;efficienza energetica. La riduzione di almeno il 40% delle emissioni di gas serra e l\u2019inserimento dell\u2019adattamento sono gli elementi principali di novit\u00e0 per il nuovo Patto dei Sindaci per il Clima e l\u2019Energia con orizzonte temporale il 2030 ma con una chiara visione fino al 2050.<\/p>\n<p>Oltre al Patto dei Sindaci &#8211; che gi\u00e0 adesso vede operativi alcuni uffici in territori extra-europei &#8211; a livello internazionale \u00e8 attivo anche il \u201cCompact of Mayors\u201d, un\u2019iniziativa lanciata dal segretario ONU Ban Ki-moon e dal suo inviato speciale per le citt\u00e0 e i cambiamenti climatici, Michael R. Bloomberg. Il \u201cCompact of Mayors\u201d opera sotto l\u2019egida dei principali network urbani globali, quali C40 (Cities Climate Leadership Group), ICLEI (Local Governments for Sustainability) e UCLG (United Cities and Local Governments). Entro la fine di Gennaio 2017 le due iniziative si fonderanno e verr\u00e0 lanciato il \u201cPatto dei Sindaci globale per il clima e l\u2019energia\u201d in modo da rafforzare ed ottimizzare gli sforzi delle comunit\u00e0 locali verso un futuro pi\u00f9 sostenibile.<\/p>\n<p>I numeri confermano la rilevanza del Patto dei Sindaci. Dal 2008 ad oggi[1] sono 7.201 i firmatari del Patto in Europa, cio\u00e8 gli Enti locali e regionali che hanno formalmente aderito attraverso l\u2019approvazione di una delibera del Consiglio (municipale o regionale) ed assumendosi l\u2019impegno di ridurre di almeno il 20% le emissioni di gas climalteranti entro il 2020. Oltre il 40% di tali firmatari sono Enti locali e regionali italiani. Inoltre, vi sono 572 firmatari del nuovo Patto dei Sindaci che si sono impegnati a ridurre le proprie emissioni del 40% entro il 2030. In totale, stiamo parlando di territori ove vivono oltre 220 milioni di persone che, viste le modalit\u00e0 di adesione all\u2019iniziativa, implica una maggiore consapevolezza dei cittadini sui temi dell\u2019energia e dell\u2019ambiente.<\/p>\n<p>Gli intenti e i buoni propositi degli amministratori locali che aderiscono al Patto dei Sindaci vengono monitorati attraverso l\u2019analisi delle azioni (monitoraggio biennale) inserite nel Piano di Azione per l\u2019Energia Sostenibile (PAES), che, con il nuovo Patto dei Sindaci, \u00e8 stato ribattezzato Piano di Azione per l\u2019Energia Sostenibile e il Clima (PAESC), che gli aderenti hanno dovuto presentare entro un anno (entro due anni per il PAESC) dalla formale adesione all\u2019iniziativa. Sono 5.672 (pari al 79% del totale dei firmatari) coloro che hanno presentato un PAES (di cui 3.014, pari al 53%, sono di Enti locali italiani). Nel totale dei PAES indicato sono inclusi anche i primi 17 PAESC presentati, di cui 8 sono di Enti locali italiani.<\/p>\n<p>I numeri confermano anche il ruolo dell\u2019Italia, o meglio degli Enti locali italiani che trainano il Patto dei Sindaci europeo e danno massa e consistenza a tale iniziativa. Non sempre il nostro Paese assume un ruolo di leader sulle tematiche energetiche e ambientali ma questa volta \u00e8 cos\u00ec, anche se il ruolo di leader va riconosciuto alle migliaia di Comuni che, a volte con fatica, hanno redatto il proprio PAES\/PAESC e ne attuano le azioni. Anche in controtendenza con le indicazioni che provengono dal governo nazionale che ha sempre rinunciato a tale ruolo di leader in sede europea e che al momento ribadisce sempre di pi\u00f9 la volont\u00e0 di perseguire una politica energetica fossile.<\/p>\n<p>Da sempre il nostro paese difetta di una chiara politica energetica basata sulle fonti rinnovabili e l\u2019efficienza energetica e un\u2019ancor meno chiara visione di abbandono delle fonti fossili. Azione questa che si dovrebbe dare per scontata vista la totale o quasi dipendenza del nostro paese dalle fonti fossili provenienti dall\u2019estero. Ci si augura che il rinnovato Patto dei Sindaci e le azioni concrete che si stanno portando avanti a livello locale vengano al pi\u00f9 presto recepiti quali elementi sui quali ragionare a livello nazionale e permettere all\u2019Italia di valorizzare al massimo le proprie risorse energetiche ri<\/p>\n<p>[1] Tutti i dati riportati nell\u2019articolo si riferiscono alla data di accesso al portale europeo del Patto dei Sindaci (10\/1\/2017).<\/p>\n<\/div>\n<\/div>\n","protected":false},"excerpt":{"rendered":"<p>In quanti conoscono il Patto dei Sindaci a sostegno delle politiche europee sul clima? Si fatica a trovarne traccia e informazioni, eppure potrebbe essere uno strumento molto efficace per agire concretamente. Nonostante il grande successo in Europa e il ruolo&hellip;<\/p>\n","protected":false},"author":665,"featured_media":419629,"comment_status":"closed","ping_status":"closed","sticky":false,"template":"","format":"standard","meta":{"footnotes":""},"categories":[59,47,162],"tags":[225,6933,7908,1463,34314],"class_list":["post-419628","post","type-post","status-publish","format-standard","has-post-thumbnail","hentry","category-ambiente-ecologia","category-europa","category-opinioni","tag-ambiente","tag-cambiamenti-climatici","tag-clima","tag-energia","tag-patti-dei-sindaci"],"yoast_head":"<!-- This site is optimized with the Yoast SEO plugin v27.1.1 - https:\/\/yoast.com\/product\/yoast-seo-wordpress\/ -->\n<title>Il Patto dei Sindaci per una vera rivoluzione energetica dal basso<\/title>\n<meta name=\"description\" content=\"In quanti conoscono il Patto dei Sindaci a sostegno delle politiche europee sul clima? Si fatica a trovarne traccia e informazioni, eppure potrebbe essere\" \/>\n<meta name=\"robots\" content=\"index, follow, max-snippet:-1, max-image-preview:large, max-video-preview:-1\" \/>\n<link rel=\"canonical\" href=\"https:\/\/www.pressenza.com\/it\/2017\/01\/patto-dei-sindaci-vera-rivoluzione-energetica-dal-basso\/\" \/>\n<meta property=\"og:locale\" content=\"it_IT\" \/>\n<meta property=\"og:type\" content=\"article\" \/>\n<meta property=\"og:title\" content=\"Il Patto dei Sindaci per una vera rivoluzione energetica dal basso\" \/>\n<meta property=\"og:description\" content=\"In quanti conoscono il Patto dei Sindaci a sostegno delle politiche europee sul clima? Si fatica a trovarne traccia e informazioni, eppure potrebbe essere\" \/>\n<meta property=\"og:url\" content=\"https:\/\/www.pressenza.com\/it\/2017\/01\/patto-dei-sindaci-vera-rivoluzione-energetica-dal-basso\/\" \/>\n<meta property=\"og:site_name\" content=\"Pressenza\" \/>\n<meta property=\"article:publisher\" content=\"https:\/\/www.facebook.com\/PressenzaItalia\" \/>\n<meta property=\"article:author\" content=\"https:\/\/www.facebook.com\/ilcambiamento.it\" \/>\n<meta property=\"article:published_time\" content=\"2017-01-16T10:35:42+00:00\" \/>\n<meta property=\"og:image\" content=\"https:\/\/www.pressenza.com\/wp-content\/uploads\/2017\/01\/9464-10202.jpeg\" \/>\n\t<meta property=\"og:image:width\" content=\"2048\" \/>\n\t<meta property=\"og:image:height\" content=\"1367\" \/>\n\t<meta property=\"og:image:type\" content=\"image\/jpeg\" \/>\n<meta name=\"author\" content=\"Il Cambiamento\" \/>\n<meta name=\"twitter:card\" content=\"summary_large_image\" \/>\n<meta name=\"twitter:creator\" content=\"@Il_Cambiamento\" \/>\n<meta name=\"twitter:site\" content=\"@PressenzaIPA\" \/>\n<meta name=\"twitter:label1\" content=\"Scritto da\" \/>\n\t<meta name=\"twitter:data1\" content=\"Il Cambiamento\" \/>\n\t<meta name=\"twitter:label2\" content=\"Tempo di lettura stimato\" \/>\n\t<meta name=\"twitter:data2\" content=\"7 minuti\" \/>\n<script type=\"application\/ld+json\" class=\"yoast-schema-graph\">{\"@context\":\"https:\/\/schema.org\",\"@graph\":[{\"@type\":\"Article\",\"@id\":\"https:\/\/www.pressenza.com\/it\/2017\/01\/patto-dei-sindaci-vera-rivoluzione-energetica-dal-basso\/#article\",\"isPartOf\":{\"@id\":\"https:\/\/www.pressenza.com\/it\/2017\/01\/patto-dei-sindaci-vera-rivoluzione-energetica-dal-basso\/\"},\"author\":{\"name\":\"Il Cambiamento\",\"@id\":\"https:\/\/www.pressenza.com\/it\/#\/schema\/person\/39392bb9ae1201c4b749453969a04008\"},\"headline\":\"Il Patto dei Sindaci per una vera rivoluzione energetica dal basso\",\"datePublished\":\"2017-01-16T10:35:42+00:00\",\"mainEntityOfPage\":{\"@id\":\"https:\/\/www.pressenza.com\/it\/2017\/01\/patto-dei-sindaci-vera-rivoluzione-energetica-dal-basso\/\"},\"wordCount\":1341,\"publisher\":{\"@id\":\"https:\/\/www.pressenza.com\/it\/#organization\"},\"image\":{\"@id\":\"https:\/\/www.pressenza.com\/it\/2017\/01\/patto-dei-sindaci-vera-rivoluzione-energetica-dal-basso\/#primaryimage\"},\"thumbnailUrl\":\"https:\/\/www.pressenza.com\/wp-content\/uploads\/2017\/01\/9464-10202.jpeg\",\"keywords\":[\"ambiente\",\"cambiamenti climatici\",\"clima\",\"energia\",\"Patti dei Sindaci\"],\"articleSection\":[\"Ecologia ed Ambiente\",\"Europa\",\"Opinioni\"],\"inLanguage\":\"it-IT\"},{\"@type\":\"WebPage\",\"@id\":\"https:\/\/www.pressenza.com\/it\/2017\/01\/patto-dei-sindaci-vera-rivoluzione-energetica-dal-basso\/\",\"url\":\"https:\/\/www.pressenza.com\/it\/2017\/01\/patto-dei-sindaci-vera-rivoluzione-energetica-dal-basso\/\",\"name\":\"Il Patto dei Sindaci per una vera rivoluzione energetica dal basso\",\"isPartOf\":{\"@id\":\"https:\/\/www.pressenza.com\/it\/#website\"},\"primaryImageOfPage\":{\"@id\":\"https:\/\/www.pressenza.com\/it\/2017\/01\/patto-dei-sindaci-vera-rivoluzione-energetica-dal-basso\/#primaryimage\"},\"image\":{\"@id\":\"https:\/\/www.pressenza.com\/it\/2017\/01\/patto-dei-sindaci-vera-rivoluzione-energetica-dal-basso\/#primaryimage\"},\"thumbnailUrl\":\"https:\/\/www.pressenza.com\/wp-content\/uploads\/2017\/01\/9464-10202.jpeg\",\"datePublished\":\"2017-01-16T10:35:42+00:00\",\"description\":\"In quanti conoscono il Patto dei Sindaci a sostegno delle politiche europee sul clima? Si fatica a trovarne traccia e informazioni, eppure potrebbe essere\",\"breadcrumb\":{\"@id\":\"https:\/\/www.pressenza.com\/it\/2017\/01\/patto-dei-sindaci-vera-rivoluzione-energetica-dal-basso\/#breadcrumb\"},\"inLanguage\":\"it-IT\",\"potentialAction\":[{\"@type\":\"ReadAction\",\"target\":[\"https:\/\/www.pressenza.com\/it\/2017\/01\/patto-dei-sindaci-vera-rivoluzione-energetica-dal-basso\/\"]}]},{\"@type\":\"ImageObject\",\"inLanguage\":\"it-IT\",\"@id\":\"https:\/\/www.pressenza.com\/it\/2017\/01\/patto-dei-sindaci-vera-rivoluzione-energetica-dal-basso\/#primaryimage\",\"url\":\"https:\/\/www.pressenza.com\/wp-content\/uploads\/2017\/01\/9464-10202.jpeg\",\"contentUrl\":\"https:\/\/www.pressenza.com\/wp-content\/uploads\/2017\/01\/9464-10202.jpeg\",\"width\":2048,\"height\":1367},{\"@type\":\"BreadcrumbList\",\"@id\":\"https:\/\/www.pressenza.com\/it\/2017\/01\/patto-dei-sindaci-vera-rivoluzione-energetica-dal-basso\/#breadcrumb\",\"itemListElement\":[{\"@type\":\"ListItem\",\"position\":1,\"name\":\"Accueil\",\"item\":\"https:\/\/www.pressenza.com\/it\/\"},{\"@type\":\"ListItem\",\"position\":2,\"name\":\"Il Patto dei Sindaci per una vera rivoluzione energetica dal basso\"}]},{\"@type\":\"WebSite\",\"@id\":\"https:\/\/www.pressenza.com\/it\/#website\",\"url\":\"https:\/\/www.pressenza.com\/it\/\",\"name\":\"Pressenza\",\"description\":\"Agenzia di Stampa Internazionale\",\"publisher\":{\"@id\":\"https:\/\/www.pressenza.com\/it\/#organization\"},\"potentialAction\":[{\"@type\":\"SearchAction\",\"target\":{\"@type\":\"EntryPoint\",\"urlTemplate\":\"https:\/\/www.pressenza.com\/it\/?s={search_term_string}\"},\"query-input\":{\"@type\":\"PropertyValueSpecification\",\"valueRequired\":true,\"valueName\":\"search_term_string\"}}],\"inLanguage\":\"it-IT\"},{\"@type\":\"Organization\",\"@id\":\"https:\/\/www.pressenza.com\/it\/#organization\",\"name\":\"Pressenza\",\"url\":\"https:\/\/www.pressenza.com\/it\/\",\"logo\":{\"@type\":\"ImageObject\",\"inLanguage\":\"it-IT\",\"@id\":\"https:\/\/www.pressenza.com\/it\/#\/schema\/logo\/image\/\",\"url\":\"https:\/\/www.pressenza.com\/wp-content\/uploads\/2022\/10\/pressenza_logo_200x200.jpg\",\"contentUrl\":\"https:\/\/www.pressenza.com\/wp-content\/uploads\/2022\/10\/pressenza_logo_200x200.jpg\",\"width\":200,\"height\":200,\"caption\":\"Pressenza\"},\"image\":{\"@id\":\"https:\/\/www.pressenza.com\/it\/#\/schema\/logo\/image\/\"},\"sameAs\":[\"https:\/\/www.facebook.com\/PressenzaItalia\",\"https:\/\/x.com\/PressenzaIPA\"]},{\"@type\":\"Person\",\"@id\":\"https:\/\/www.pressenza.com\/it\/#\/schema\/person\/39392bb9ae1201c4b749453969a04008\",\"name\":\"Il Cambiamento\",\"description\":\"www.ilcambiamento.it\",\"sameAs\":[\"https:\/\/www.facebook.com\/ilcambiamento.it\",\"https:\/\/x.com\/Il_Cambiamento\"],\"url\":\"https:\/\/www.pressenza.com\/it\/author\/il-cambiamento\/\"}]}<\/script>\n<!-- \/ Yoast SEO plugin. -->","yoast_head_json":{"title":"Il Patto dei Sindaci per una vera rivoluzione energetica dal basso","description":"In quanti conoscono il Patto dei Sindaci a sostegno delle politiche europee sul clima? Si fatica a trovarne traccia e informazioni, eppure potrebbe essere","robots":{"index":"index","follow":"follow","max-snippet":"max-snippet:-1","max-image-preview":"max-image-preview:large","max-video-preview":"max-video-preview:-1"},"canonical":"https:\/\/www.pressenza.com\/it\/2017\/01\/patto-dei-sindaci-vera-rivoluzione-energetica-dal-basso\/","og_locale":"it_IT","og_type":"article","og_title":"Il Patto dei Sindaci per una vera rivoluzione energetica dal basso","og_description":"In quanti conoscono il Patto dei Sindaci a sostegno delle politiche europee sul clima? Si fatica a trovarne traccia e informazioni, eppure potrebbe essere","og_url":"https:\/\/www.pressenza.com\/it\/2017\/01\/patto-dei-sindaci-vera-rivoluzione-energetica-dal-basso\/","og_site_name":"Pressenza","article_publisher":"https:\/\/www.facebook.com\/PressenzaItalia","article_author":"https:\/\/www.facebook.com\/ilcambiamento.it","article_published_time":"2017-01-16T10:35:42+00:00","og_image":[{"width":2048,"height":1367,"url":"https:\/\/www.pressenza.com\/wp-content\/uploads\/2017\/01\/9464-10202.jpeg","type":"image\/jpeg"}],"author":"Il Cambiamento","twitter_card":"summary_large_image","twitter_creator":"@Il_Cambiamento","twitter_site":"@PressenzaIPA","twitter_misc":{"Scritto da":"Il Cambiamento","Tempo di lettura stimato":"7 minuti"},"schema":{"@context":"https:\/\/schema.org","@graph":[{"@type":"Article","@id":"https:\/\/www.pressenza.com\/it\/2017\/01\/patto-dei-sindaci-vera-rivoluzione-energetica-dal-basso\/#article","isPartOf":{"@id":"https:\/\/www.pressenza.com\/it\/2017\/01\/patto-dei-sindaci-vera-rivoluzione-energetica-dal-basso\/"},"author":{"name":"Il Cambiamento","@id":"https:\/\/www.pressenza.com\/it\/#\/schema\/person\/39392bb9ae1201c4b749453969a04008"},"headline":"Il Patto dei Sindaci per una vera rivoluzione energetica dal basso","datePublished":"2017-01-16T10:35:42+00:00","mainEntityOfPage":{"@id":"https:\/\/www.pressenza.com\/it\/2017\/01\/patto-dei-sindaci-vera-rivoluzione-energetica-dal-basso\/"},"wordCount":1341,"publisher":{"@id":"https:\/\/www.pressenza.com\/it\/#organization"},"image":{"@id":"https:\/\/www.pressenza.com\/it\/2017\/01\/patto-dei-sindaci-vera-rivoluzione-energetica-dal-basso\/#primaryimage"},"thumbnailUrl":"https:\/\/www.pressenza.com\/wp-content\/uploads\/2017\/01\/9464-10202.jpeg","keywords":["ambiente","cambiamenti climatici","clima","energia","Patti dei Sindaci"],"articleSection":["Ecologia ed Ambiente","Europa","Opinioni"],"inLanguage":"it-IT"},{"@type":"WebPage","@id":"https:\/\/www.pressenza.com\/it\/2017\/01\/patto-dei-sindaci-vera-rivoluzione-energetica-dal-basso\/","url":"https:\/\/www.pressenza.com\/it\/2017\/01\/patto-dei-sindaci-vera-rivoluzione-energetica-dal-basso\/","name":"Il Patto dei Sindaci per una vera rivoluzione energetica dal basso","isPartOf":{"@id":"https:\/\/www.pressenza.com\/it\/#website"},"primaryImageOfPage":{"@id":"https:\/\/www.pressenza.com\/it\/2017\/01\/patto-dei-sindaci-vera-rivoluzione-energetica-dal-basso\/#primaryimage"},"image":{"@id":"https:\/\/www.pressenza.com\/it\/2017\/01\/patto-dei-sindaci-vera-rivoluzione-energetica-dal-basso\/#primaryimage"},"thumbnailUrl":"https:\/\/www.pressenza.com\/wp-content\/uploads\/2017\/01\/9464-10202.jpeg","datePublished":"2017-01-16T10:35:42+00:00","description":"In quanti conoscono il Patto dei Sindaci a sostegno delle politiche europee sul clima? Si fatica a trovarne traccia e informazioni, eppure potrebbe essere","breadcrumb":{"@id":"https:\/\/www.pressenza.com\/it\/2017\/01\/patto-dei-sindaci-vera-rivoluzione-energetica-dal-basso\/#breadcrumb"},"inLanguage":"it-IT","potentialAction":[{"@type":"ReadAction","target":["https:\/\/www.pressenza.com\/it\/2017\/01\/patto-dei-sindaci-vera-rivoluzione-energetica-dal-basso\/"]}]},{"@type":"ImageObject","inLanguage":"it-IT","@id":"https:\/\/www.pressenza.com\/it\/2017\/01\/patto-dei-sindaci-vera-rivoluzione-energetica-dal-basso\/#primaryimage","url":"https:\/\/www.pressenza.com\/wp-content\/uploads\/2017\/01\/9464-10202.jpeg","contentUrl":"https:\/\/www.pressenza.com\/wp-content\/uploads\/2017\/01\/9464-10202.jpeg","width":2048,"height":1367},{"@type":"BreadcrumbList","@id":"https:\/\/www.pressenza.com\/it\/2017\/01\/patto-dei-sindaci-vera-rivoluzione-energetica-dal-basso\/#breadcrumb","itemListElement":[{"@type":"ListItem","position":1,"name":"Accueil","item":"https:\/\/www.pressenza.com\/it\/"},{"@type":"ListItem","position":2,"name":"Il Patto dei Sindaci per una vera rivoluzione energetica dal basso"}]},{"@type":"WebSite","@id":"https:\/\/www.pressenza.com\/it\/#website","url":"https:\/\/www.pressenza.com\/it\/","name":"Pressenza","description":"Agenzia di Stampa Internazionale","publisher":{"@id":"https:\/\/www.pressenza.com\/it\/#organization"},"potentialAction":[{"@type":"SearchAction","target":{"@type":"EntryPoint","urlTemplate":"https:\/\/www.pressenza.com\/it\/?s={search_term_string}"},"query-input":{"@type":"PropertyValueSpecification","valueRequired":true,"valueName":"search_term_string"}}],"inLanguage":"it-IT"},{"@type":"Organization","@id":"https:\/\/www.pressenza.com\/it\/#organization","name":"Pressenza","url":"https:\/\/www.pressenza.com\/it\/","logo":{"@type":"ImageObject","inLanguage":"it-IT","@id":"https:\/\/www.pressenza.com\/it\/#\/schema\/logo\/image\/","url":"https:\/\/www.pressenza.com\/wp-content\/uploads\/2022\/10\/pressenza_logo_200x200.jpg","contentUrl":"https:\/\/www.pressenza.com\/wp-content\/uploads\/2022\/10\/pressenza_logo_200x200.jpg","width":200,"height":200,"caption":"Pressenza"},"image":{"@id":"https:\/\/www.pressenza.com\/it\/#\/schema\/logo\/image\/"},"sameAs":["https:\/\/www.facebook.com\/PressenzaItalia","https:\/\/x.com\/PressenzaIPA"]},{"@type":"Person","@id":"https:\/\/www.pressenza.com\/it\/#\/schema\/person\/39392bb9ae1201c4b749453969a04008","name":"Il Cambiamento","description":"www.ilcambiamento.it","sameAs":["https:\/\/www.facebook.com\/ilcambiamento.it","https:\/\/x.com\/Il_Cambiamento"],"url":"https:\/\/www.pressenza.com\/it\/author\/il-cambiamento\/"}]}},"place":"Antonio Lumicisi","original_article_url":"http:\/\/www.ilcambiamento.it\/articoli\/il-patto-dei-sindaci-per-una-vera-rivoluzione-energetica-dal-basso?#","_links":{"self":[{"href":"https:\/\/www.pressenza.com\/it\/wp-json\/wp\/v2\/posts\/419628","targetHints":{"allow":["GET"]}}],"collection":[{"href":"https:\/\/www.pressenza.com\/it\/wp-json\/wp\/v2\/posts"}],"about":[{"href":"https:\/\/www.pressenza.com\/it\/wp-json\/wp\/v2\/types\/post"}],"author":[{"embeddable":true,"href":"https:\/\/www.pressenza.com\/it\/wp-json\/wp\/v2\/users\/665"}],"replies":[{"embeddable":true,"href":"https:\/\/www.pressenza.com\/it\/wp-json\/wp\/v2\/comments?post=419628"}],"version-history":[{"count":0,"href":"https:\/\/www.pressenza.com\/it\/wp-json\/wp\/v2\/posts\/419628\/revisions"}],"wp:featuredmedia":[{"embeddable":true,"href":"https:\/\/www.pressenza.com\/it\/wp-json\/wp\/v2\/media\/419629"}],"wp:attachment":[{"href":"https:\/\/www.pressenza.com\/it\/wp-json\/wp\/v2\/media?parent=419628"}],"wp:term":[{"taxonomy":"category","embeddable":true,"href":"https:\/\/www.pressenza.com\/it\/wp-json\/wp\/v2\/categories?post=419628"},{"taxonomy":"post_tag","embeddable":true,"href":"https:\/\/www.pressenza.com\/it\/wp-json\/wp\/v2\/tags?post=419628"}],"curies":[{"name":"wp","href":"https:\/\/api.w.org\/{rel}","templated":true}]}}