{"id":41641,"date":"2013-03-06T19:44:06","date_gmt":"2013-03-06T19:44:06","guid":{"rendered":"http:\/\/www.pressenza.com\/?p=41641"},"modified":"2013-03-06T19:44:19","modified_gmt":"2013-03-06T19:44:19","slug":"non-dimentichiamo-fukushima-11-marzo-2011-11-marzo-2013","status":"publish","type":"post","link":"https:\/\/www.pressenza.com\/it\/2013\/03\/non-dimentichiamo-fukushima-11-marzo-2011-11-marzo-2013\/","title":{"rendered":"Non dimentichiamo Fukushima.  11 marzo 2011 \u2013 11 marzo 2013"},"content":{"rendered":"<p align=\"left\"><i>&#8220;Nessuna dichiarazione di cessato allarme del governo n\u00e9 la sua promessa dell&#8217;energia nucleare pi\u00f9 sicura del mondo potr\u00e0 mai restituirci le vite perdute, le famiglie frammentate, gli amici strappati, le abitazioni, il lavoro, la salute e la pace interiore devastati, n\u00e9 la nostra amata Fukushima&#8230;.&#8221;<\/i><\/p>\n<p align=\"left\">Sono parole terribili, contenute nell\u2019appello lanciato dal gruppo di donne giapponesi \u201cLe donne di Fukushima No more Nuclear Energy\u201d, che non dobbiamo n\u00e9 vogliamo dimenticare. Il nuovo Governo Giapponese sembra per\u00f2 ignorare la lezione e ha gi\u00e0 dichiarato di voler rilanciare il nucleare, riaprire le centrali spente in seguito al disastro di Fukushima e realizzarne di nuove. Tutto questo va combattuto.<\/p>\n<p align=\"left\">Il popolo italiano con il referendum del 2011 ha espresso chiaramente la sua volont\u00e0 contro l&#8217;utilizzo dell&#8217;energia nucleare. Ma non possiamo fermarci fino a quando l\u2019ultima centrale nel mondo sar\u00e0 spenta. Per questo nel secondo anniversario del disastro di Fukushima <b><i>Legambiente<\/i><\/b>, insieme a <i>Semi sotto la neve<\/i>, <b>aderisce e promuove in Italia l&#8217;appello delle donne giapponesi e invita tutti a far arrivare un messaggio<\/b> <b>di solidariet\u00e0 <\/b>ai bambini, alle donne e agli uomini di Fukushima che continuano a soffrire e a tutto il popolo giapponese, con l\u2019augurio che anche loro possano liberarsi presto delle loro pericolose centrali nucleari.<\/p>\n<p align=\"left\"><a href=\"http:\/\/www.legambiente.it\/remember-fukushima\">http:\/\/www.legambiente.it\/remember-fukushima<\/a><b><\/b><\/p>\n<p align=\"left\">Il tuo messaggio di solidariet\u00e0 su Twitter: #rememberFukushima<\/p>\n<p align=\"left\">http:\/\/www.acandleforfukushima.com\/<\/p>\n<p align=\"left\">\n","protected":false},"excerpt":{"rendered":"<p>&#8220;Nessuna dichiarazione di cessato allarme del governo n\u00e9 la sua promessa dell&#8217;energia nucleare pi\u00f9 sicura del mondo potr\u00e0 mai restituirci le vite perdute, le famiglie frammentate, gli amici strappati, le abitazioni, il lavoro, la salute e la pace interiore devastati,&hellip;<\/p>\n","protected":false},"author":594,"featured_media":41644,"comment_status":"closed","ping_status":"open","sticky":false,"template":"","format":"standard","meta":{"footnotes":""},"categories":[46,150,59,1259,496],"tags":[3900,331],"class_list":["post-41641","post","type-post","status-publish","format-standard","has-post-thumbnail","hentry","category-asia-it","category-comunicati-stampa","category-ambiente-ecologia","category-salute-argomento","category-scienza-tecnologia","tag-fukushima-it","tag-nucleare"],"yoast_head":"<!-- This site is optimized with the Yoast SEO plugin v27.1.1 - https:\/\/yoast.com\/product\/yoast-seo-wordpress\/ -->\n<title>Non dimentichiamo Fukushima. 11 marzo 2011 \u2013 11 marzo 2013<\/title>\n<meta name=\"description\" content=\"&quot;Nessuna dichiarazione di cessato allarme del governo n\u00e9 la sua promessa dell&#039;energia nucleare pi\u00f9 sicura del mondo potr\u00e0 mai restituirci le vite perdute,\" \/>\n<meta name=\"robots\" content=\"index, follow, max-snippet:-1, max-image-preview:large, max-video-preview:-1\" \/>\n<link rel=\"canonical\" href=\"https:\/\/www.pressenza.com\/it\/2013\/03\/non-dimentichiamo-fukushima-11-marzo-2011-11-marzo-2013\/\" \/>\n<meta property=\"og:locale\" content=\"it_IT\" \/>\n<meta property=\"og:type\" content=\"article\" \/>\n<meta property=\"og:title\" content=\"Non dimentichiamo Fukushima. 11 marzo 2011 \u2013 11 marzo 2013\" \/>\n<meta property=\"og:description\" content=\"&quot;Nessuna dichiarazione di cessato allarme del governo n\u00e9 la sua promessa dell&#039;energia nucleare pi\u00f9 sicura del mondo potr\u00e0 mai restituirci le vite perdute,\" \/>\n<meta property=\"og:url\" content=\"https:\/\/www.pressenza.com\/it\/2013\/03\/non-dimentichiamo-fukushima-11-marzo-2011-11-marzo-2013\/\" \/>\n<meta property=\"og:site_name\" content=\"Pressenza\" \/>\n<meta property=\"article:publisher\" content=\"https:\/\/www.facebook.com\/PressenzaItalia\" \/>\n<meta property=\"article:author\" content=\"https:\/\/www.facebook.com\/PressenzaItalia\" \/>\n<meta property=\"article:published_time\" content=\"2013-03-06T19:44:06+00:00\" \/>\n<meta property=\"article:modified_time\" content=\"2013-03-06T19:44:19+00:00\" \/>\n<meta property=\"og:image\" content=\"https:\/\/www.pressenza.com\/wp-content\/uploads\/2013\/03\/protesta_legambiente.jpg\" \/>\n\t<meta property=\"og:image:width\" content=\"550\" \/>\n\t<meta property=\"og:image:height\" content=\"314\" \/>\n\t<meta property=\"og:image:type\" content=\"image\/jpeg\" \/>\n<meta name=\"author\" content=\"Redazione Italia\" \/>\n<meta name=\"twitter:card\" content=\"summary_large_image\" \/>\n<meta name=\"twitter:creator\" content=\"@pressenza_it\" \/>\n<meta name=\"twitter:site\" content=\"@PressenzaIPA\" \/>\n<meta name=\"twitter:label1\" content=\"Scritto da\" \/>\n\t<meta name=\"twitter:data1\" content=\"Redazione Italia\" \/>\n\t<meta name=\"twitter:label2\" content=\"Tempo di lettura stimato\" \/>\n\t<meta name=\"twitter:data2\" content=\"1 minuto\" \/>\n<script type=\"application\/ld+json\" class=\"yoast-schema-graph\">{\"@context\":\"https:\/\/schema.org\",\"@graph\":[{\"@type\":\"Article\",\"@id\":\"https:\/\/www.pressenza.com\/it\/2013\/03\/non-dimentichiamo-fukushima-11-marzo-2011-11-marzo-2013\/#article\",\"isPartOf\":{\"@id\":\"https:\/\/www.pressenza.com\/it\/2013\/03\/non-dimentichiamo-fukushima-11-marzo-2011-11-marzo-2013\/\"},\"author\":{\"name\":\"Redazione Italia\",\"@id\":\"https:\/\/www.pressenza.com\/it\/#\/schema\/person\/d983e81827ae24f2c7b1a2123d197f8d\"},\"headline\":\"Non dimentichiamo Fukushima. 11 marzo 2011 \u2013 11 marzo 2013\",\"datePublished\":\"2013-03-06T19:44:06+00:00\",\"dateModified\":\"2013-03-06T19:44:19+00:00\",\"mainEntityOfPage\":{\"@id\":\"https:\/\/www.pressenza.com\/it\/2013\/03\/non-dimentichiamo-fukushima-11-marzo-2011-11-marzo-2013\/\"},\"wordCount\":232,\"publisher\":{\"@id\":\"https:\/\/www.pressenza.com\/it\/#organization\"},\"image\":{\"@id\":\"https:\/\/www.pressenza.com\/it\/2013\/03\/non-dimentichiamo-fukushima-11-marzo-2011-11-marzo-2013\/#primaryimage\"},\"thumbnailUrl\":\"https:\/\/www.pressenza.com\/wp-content\/uploads\/2013\/03\/protesta_legambiente.jpg\",\"keywords\":[\"Fukushima\",\"nucleare\"],\"articleSection\":[\"Asia\",\"Comunicati Stampa\",\"Ecologia ed Ambiente\",\"Salute\",\"Scienza e Tecnologia\"],\"inLanguage\":\"it-IT\"},{\"@type\":\"WebPage\",\"@id\":\"https:\/\/www.pressenza.com\/it\/2013\/03\/non-dimentichiamo-fukushima-11-marzo-2011-11-marzo-2013\/\",\"url\":\"https:\/\/www.pressenza.com\/it\/2013\/03\/non-dimentichiamo-fukushima-11-marzo-2011-11-marzo-2013\/\",\"name\":\"Non dimentichiamo Fukushima. 11 marzo 2011 \u2013 11 marzo 2013\",\"isPartOf\":{\"@id\":\"https:\/\/www.pressenza.com\/it\/#website\"},\"primaryImageOfPage\":{\"@id\":\"https:\/\/www.pressenza.com\/it\/2013\/03\/non-dimentichiamo-fukushima-11-marzo-2011-11-marzo-2013\/#primaryimage\"},\"image\":{\"@id\":\"https:\/\/www.pressenza.com\/it\/2013\/03\/non-dimentichiamo-fukushima-11-marzo-2011-11-marzo-2013\/#primaryimage\"},\"thumbnailUrl\":\"https:\/\/www.pressenza.com\/wp-content\/uploads\/2013\/03\/protesta_legambiente.jpg\",\"datePublished\":\"2013-03-06T19:44:06+00:00\",\"dateModified\":\"2013-03-06T19:44:19+00:00\",\"description\":\"\\\"Nessuna dichiarazione di cessato allarme del governo n\u00e9 la sua promessa dell'energia nucleare pi\u00f9 sicura del mondo potr\u00e0 mai restituirci le vite perdute,\",\"breadcrumb\":{\"@id\":\"https:\/\/www.pressenza.com\/it\/2013\/03\/non-dimentichiamo-fukushima-11-marzo-2011-11-marzo-2013\/#breadcrumb\"},\"inLanguage\":\"it-IT\",\"potentialAction\":[{\"@type\":\"ReadAction\",\"target\":[\"https:\/\/www.pressenza.com\/it\/2013\/03\/non-dimentichiamo-fukushima-11-marzo-2011-11-marzo-2013\/\"]}]},{\"@type\":\"ImageObject\",\"inLanguage\":\"it-IT\",\"@id\":\"https:\/\/www.pressenza.com\/it\/2013\/03\/non-dimentichiamo-fukushima-11-marzo-2011-11-marzo-2013\/#primaryimage\",\"url\":\"https:\/\/www.pressenza.com\/wp-content\/uploads\/2013\/03\/protesta_legambiente.jpg\",\"contentUrl\":\"https:\/\/www.pressenza.com\/wp-content\/uploads\/2013\/03\/protesta_legambiente.jpg\",\"width\":550,\"height\":314},{\"@type\":\"BreadcrumbList\",\"@id\":\"https:\/\/www.pressenza.com\/it\/2013\/03\/non-dimentichiamo-fukushima-11-marzo-2011-11-marzo-2013\/#breadcrumb\",\"itemListElement\":[{\"@type\":\"ListItem\",\"position\":1,\"name\":\"Accueil\",\"item\":\"https:\/\/www.pressenza.com\/it\/\"},{\"@type\":\"ListItem\",\"position\":2,\"name\":\"Non dimentichiamo Fukushima. 11 marzo 2011 \u2013 11 marzo 2013\"}]},{\"@type\":\"WebSite\",\"@id\":\"https:\/\/www.pressenza.com\/it\/#website\",\"url\":\"https:\/\/www.pressenza.com\/it\/\",\"name\":\"Pressenza\",\"description\":\"Agenzia di Stampa Internazionale\",\"publisher\":{\"@id\":\"https:\/\/www.pressenza.com\/it\/#organization\"},\"potentialAction\":[{\"@type\":\"SearchAction\",\"target\":{\"@type\":\"EntryPoint\",\"urlTemplate\":\"https:\/\/www.pressenza.com\/it\/?s={search_term_string}\"},\"query-input\":{\"@type\":\"PropertyValueSpecification\",\"valueRequired\":true,\"valueName\":\"search_term_string\"}}],\"inLanguage\":\"it-IT\"},{\"@type\":\"Organization\",\"@id\":\"https:\/\/www.pressenza.com\/it\/#organization\",\"name\":\"Pressenza\",\"url\":\"https:\/\/www.pressenza.com\/it\/\",\"logo\":{\"@type\":\"ImageObject\",\"inLanguage\":\"it-IT\",\"@id\":\"https:\/\/www.pressenza.com\/it\/#\/schema\/logo\/image\/\",\"url\":\"https:\/\/www.pressenza.com\/wp-content\/uploads\/2022\/10\/pressenza_logo_200x200.jpg\",\"contentUrl\":\"https:\/\/www.pressenza.com\/wp-content\/uploads\/2022\/10\/pressenza_logo_200x200.jpg\",\"width\":200,\"height\":200,\"caption\":\"Pressenza\"},\"image\":{\"@id\":\"https:\/\/www.pressenza.com\/it\/#\/schema\/logo\/image\/\"},\"sameAs\":[\"https:\/\/www.facebook.com\/PressenzaItalia\",\"https:\/\/x.com\/PressenzaIPA\"]},{\"@type\":\"Person\",\"@id\":\"https:\/\/www.pressenza.com\/it\/#\/schema\/person\/d983e81827ae24f2c7b1a2123d197f8d\",\"name\":\"Redazione Italia\",\"description\":\"News from the Pressenza Bureau in Italy\",\"sameAs\":[\"https:\/\/www.pressenza.com\/it\/author\/redazione-italia\/\",\"https:\/\/www.facebook.com\/PressenzaItalia\",\"https:\/\/www.instagram.com\/pressenza_italia\/\",\"https:\/\/x.com\/pressenza_it\",\"https:\/\/www.youtube.com\/channel\/UCSalEIWjE1RSxkwjfftFuqg\"],\"url\":\"https:\/\/www.pressenza.com\/it\/author\/redazione-italia\/\"}]}<\/script>\n<!-- \/ Yoast SEO plugin. -->","yoast_head_json":{"title":"Non dimentichiamo Fukushima. 11 marzo 2011 \u2013 11 marzo 2013","description":"\"Nessuna dichiarazione di cessato allarme del governo n\u00e9 la sua promessa dell'energia nucleare pi\u00f9 sicura del mondo potr\u00e0 mai restituirci le vite perdute,","robots":{"index":"index","follow":"follow","max-snippet":"max-snippet:-1","max-image-preview":"max-image-preview:large","max-video-preview":"max-video-preview:-1"},"canonical":"https:\/\/www.pressenza.com\/it\/2013\/03\/non-dimentichiamo-fukushima-11-marzo-2011-11-marzo-2013\/","og_locale":"it_IT","og_type":"article","og_title":"Non dimentichiamo Fukushima. 11 marzo 2011 \u2013 11 marzo 2013","og_description":"\"Nessuna dichiarazione di cessato allarme del governo n\u00e9 la sua promessa dell'energia nucleare pi\u00f9 sicura del mondo potr\u00e0 mai restituirci le vite perdute,","og_url":"https:\/\/www.pressenza.com\/it\/2013\/03\/non-dimentichiamo-fukushima-11-marzo-2011-11-marzo-2013\/","og_site_name":"Pressenza","article_publisher":"https:\/\/www.facebook.com\/PressenzaItalia","article_author":"https:\/\/www.facebook.com\/PressenzaItalia","article_published_time":"2013-03-06T19:44:06+00:00","article_modified_time":"2013-03-06T19:44:19+00:00","og_image":[{"width":550,"height":314,"url":"https:\/\/www.pressenza.com\/wp-content\/uploads\/2013\/03\/protesta_legambiente.jpg","type":"image\/jpeg"}],"author":"Redazione Italia","twitter_card":"summary_large_image","twitter_creator":"@pressenza_it","twitter_site":"@PressenzaIPA","twitter_misc":{"Scritto da":"Redazione Italia","Tempo di lettura stimato":"1 minuto"},"schema":{"@context":"https:\/\/schema.org","@graph":[{"@type":"Article","@id":"https:\/\/www.pressenza.com\/it\/2013\/03\/non-dimentichiamo-fukushima-11-marzo-2011-11-marzo-2013\/#article","isPartOf":{"@id":"https:\/\/www.pressenza.com\/it\/2013\/03\/non-dimentichiamo-fukushima-11-marzo-2011-11-marzo-2013\/"},"author":{"name":"Redazione Italia","@id":"https:\/\/www.pressenza.com\/it\/#\/schema\/person\/d983e81827ae24f2c7b1a2123d197f8d"},"headline":"Non dimentichiamo Fukushima. 11 marzo 2011 \u2013 11 marzo 2013","datePublished":"2013-03-06T19:44:06+00:00","dateModified":"2013-03-06T19:44:19+00:00","mainEntityOfPage":{"@id":"https:\/\/www.pressenza.com\/it\/2013\/03\/non-dimentichiamo-fukushima-11-marzo-2011-11-marzo-2013\/"},"wordCount":232,"publisher":{"@id":"https:\/\/www.pressenza.com\/it\/#organization"},"image":{"@id":"https:\/\/www.pressenza.com\/it\/2013\/03\/non-dimentichiamo-fukushima-11-marzo-2011-11-marzo-2013\/#primaryimage"},"thumbnailUrl":"https:\/\/www.pressenza.com\/wp-content\/uploads\/2013\/03\/protesta_legambiente.jpg","keywords":["Fukushima","nucleare"],"articleSection":["Asia","Comunicati Stampa","Ecologia ed Ambiente","Salute","Scienza e Tecnologia"],"inLanguage":"it-IT"},{"@type":"WebPage","@id":"https:\/\/www.pressenza.com\/it\/2013\/03\/non-dimentichiamo-fukushima-11-marzo-2011-11-marzo-2013\/","url":"https:\/\/www.pressenza.com\/it\/2013\/03\/non-dimentichiamo-fukushima-11-marzo-2011-11-marzo-2013\/","name":"Non dimentichiamo Fukushima. 11 marzo 2011 \u2013 11 marzo 2013","isPartOf":{"@id":"https:\/\/www.pressenza.com\/it\/#website"},"primaryImageOfPage":{"@id":"https:\/\/www.pressenza.com\/it\/2013\/03\/non-dimentichiamo-fukushima-11-marzo-2011-11-marzo-2013\/#primaryimage"},"image":{"@id":"https:\/\/www.pressenza.com\/it\/2013\/03\/non-dimentichiamo-fukushima-11-marzo-2011-11-marzo-2013\/#primaryimage"},"thumbnailUrl":"https:\/\/www.pressenza.com\/wp-content\/uploads\/2013\/03\/protesta_legambiente.jpg","datePublished":"2013-03-06T19:44:06+00:00","dateModified":"2013-03-06T19:44:19+00:00","description":"\"Nessuna dichiarazione di cessato allarme del governo n\u00e9 la sua promessa dell'energia nucleare pi\u00f9 sicura del mondo potr\u00e0 mai restituirci le vite perdute,","breadcrumb":{"@id":"https:\/\/www.pressenza.com\/it\/2013\/03\/non-dimentichiamo-fukushima-11-marzo-2011-11-marzo-2013\/#breadcrumb"},"inLanguage":"it-IT","potentialAction":[{"@type":"ReadAction","target":["https:\/\/www.pressenza.com\/it\/2013\/03\/non-dimentichiamo-fukushima-11-marzo-2011-11-marzo-2013\/"]}]},{"@type":"ImageObject","inLanguage":"it-IT","@id":"https:\/\/www.pressenza.com\/it\/2013\/03\/non-dimentichiamo-fukushima-11-marzo-2011-11-marzo-2013\/#primaryimage","url":"https:\/\/www.pressenza.com\/wp-content\/uploads\/2013\/03\/protesta_legambiente.jpg","contentUrl":"https:\/\/www.pressenza.com\/wp-content\/uploads\/2013\/03\/protesta_legambiente.jpg","width":550,"height":314},{"@type":"BreadcrumbList","@id":"https:\/\/www.pressenza.com\/it\/2013\/03\/non-dimentichiamo-fukushima-11-marzo-2011-11-marzo-2013\/#breadcrumb","itemListElement":[{"@type":"ListItem","position":1,"name":"Accueil","item":"https:\/\/www.pressenza.com\/it\/"},{"@type":"ListItem","position":2,"name":"Non dimentichiamo Fukushima. 11 marzo 2011 \u2013 11 marzo 2013"}]},{"@type":"WebSite","@id":"https:\/\/www.pressenza.com\/it\/#website","url":"https:\/\/www.pressenza.com\/it\/","name":"Pressenza","description":"Agenzia di Stampa Internazionale","publisher":{"@id":"https:\/\/www.pressenza.com\/it\/#organization"},"potentialAction":[{"@type":"SearchAction","target":{"@type":"EntryPoint","urlTemplate":"https:\/\/www.pressenza.com\/it\/?s={search_term_string}"},"query-input":{"@type":"PropertyValueSpecification","valueRequired":true,"valueName":"search_term_string"}}],"inLanguage":"it-IT"},{"@type":"Organization","@id":"https:\/\/www.pressenza.com\/it\/#organization","name":"Pressenza","url":"https:\/\/www.pressenza.com\/it\/","logo":{"@type":"ImageObject","inLanguage":"it-IT","@id":"https:\/\/www.pressenza.com\/it\/#\/schema\/logo\/image\/","url":"https:\/\/www.pressenza.com\/wp-content\/uploads\/2022\/10\/pressenza_logo_200x200.jpg","contentUrl":"https:\/\/www.pressenza.com\/wp-content\/uploads\/2022\/10\/pressenza_logo_200x200.jpg","width":200,"height":200,"caption":"Pressenza"},"image":{"@id":"https:\/\/www.pressenza.com\/it\/#\/schema\/logo\/image\/"},"sameAs":["https:\/\/www.facebook.com\/PressenzaItalia","https:\/\/x.com\/PressenzaIPA"]},{"@type":"Person","@id":"https:\/\/www.pressenza.com\/it\/#\/schema\/person\/d983e81827ae24f2c7b1a2123d197f8d","name":"Redazione Italia","description":"News from the Pressenza Bureau in Italy","sameAs":["https:\/\/www.pressenza.com\/it\/author\/redazione-italia\/","https:\/\/www.facebook.com\/PressenzaItalia","https:\/\/www.instagram.com\/pressenza_italia\/","https:\/\/x.com\/pressenza_it","https:\/\/www.youtube.com\/channel\/UCSalEIWjE1RSxkwjfftFuqg"],"url":"https:\/\/www.pressenza.com\/it\/author\/redazione-italia\/"}]}},"place":"","original_article_url":"","_links":{"self":[{"href":"https:\/\/www.pressenza.com\/it\/wp-json\/wp\/v2\/posts\/41641","targetHints":{"allow":["GET"]}}],"collection":[{"href":"https:\/\/www.pressenza.com\/it\/wp-json\/wp\/v2\/posts"}],"about":[{"href":"https:\/\/www.pressenza.com\/it\/wp-json\/wp\/v2\/types\/post"}],"author":[{"embeddable":true,"href":"https:\/\/www.pressenza.com\/it\/wp-json\/wp\/v2\/users\/594"}],"replies":[{"embeddable":true,"href":"https:\/\/www.pressenza.com\/it\/wp-json\/wp\/v2\/comments?post=41641"}],"version-history":[{"count":0,"href":"https:\/\/www.pressenza.com\/it\/wp-json\/wp\/v2\/posts\/41641\/revisions"}],"wp:featuredmedia":[{"embeddable":true,"href":"https:\/\/www.pressenza.com\/it\/wp-json\/wp\/v2\/media\/41644"}],"wp:attachment":[{"href":"https:\/\/www.pressenza.com\/it\/wp-json\/wp\/v2\/media?parent=41641"}],"wp:term":[{"taxonomy":"category","embeddable":true,"href":"https:\/\/www.pressenza.com\/it\/wp-json\/wp\/v2\/categories?post=41641"},{"taxonomy":"post_tag","embeddable":true,"href":"https:\/\/www.pressenza.com\/it\/wp-json\/wp\/v2\/tags?post=41641"}],"curies":[{"name":"wp","href":"https:\/\/api.w.org\/{rel}","templated":true}]}}