{"id":416238,"date":"2017-01-06T11:40:13","date_gmt":"2017-01-06T11:40:13","guid":{"rendered":"http:\/\/www.pressenza.com\/it\/?p=416238"},"modified":"2017-01-06T11:44:41","modified_gmt":"2017-01-06T11:44:41","slug":"resistenza-e-speranza-12-lotte-di-movimenti-sociali-che-ci-hanno-ispiratie-nel-2016","status":"publish","type":"post","link":"https:\/\/www.pressenza.com\/it\/2017\/01\/resistenza-e-speranza-12-lotte-di-movimenti-sociali-che-ci-hanno-ispiratie-nel-2016\/","title":{"rendered":"Resistenza e speranza: 12 lotte di movimenti sociali che ci hanno ispirati\/e nel 2016"},"content":{"rendered":"<div class=\"entry-content\">\n<p><em>Questo testo \u00e8 stato pubblicato sul sito del <a href=\"https:\/\/www.tni.org\/en\/transnational-institute\">Transnational Institute<\/a> (TNI), un Istituto Internazionale impegnato nel costruire un mondo giusto, democratico e sostenibile. Fondato nel 1974 da un gruppo di \u2018ricercatori attivisti\u2019, per pi\u00f9 di 40 anni TNI ha fornito una opportunit\u00e0 unica di collegamento tra movimenti sociali, studiosi impegnati e politici.<\/em><\/p>\n<p><em>Inutile negarlo: il 2016 \u00e8 stato un anno terribile per tutti coloro che hanno a cuore la giustizia sociale e ambientale. Tuttavia, anche in questo scenario sconfortante ci sono state lotte e vittorie importanti dei movimenti sociali. Vi presentiamo qui 12 storie che sono fonte di ispirazione per noi, ora che stiamo per iniziare il 2017.<\/em><\/p>\n<p>&nbsp;<\/p>\n<p><strong><img decoding=\"async\" class=\"alignleft\" src=\"http:\/\/serenoregis.wpengine.netdna-cdn.com\/wp-content\/uploads\/2016\/12\/stop-ttip-300x200.jpeg\" alt=\"\/nas\/content\/live\/cssr\/wp content\/uploads\/2016\/12\/stop ttip\" \/>Sono stati bloccati importanti accordi commerciali di grandi aziende\u00a0<\/strong>Anni di impegno nel promuovere campagne, e una crescita di consapevolezza del pubblico rispetto ai costi economici e sociali degli accordi di \u2018libero scambio\u2019 delle imprese stanno cominciando ad avere effetto. L\u2019accordo tra gli Stati Uniti e i Paesi del Pacifico (Trans-Pacific Partnership \u2013 TPP) \u00e8 morto nel 2016 dopo che tutti i candidati alle elezioni degli Stati Uniti avevano espresso la loro opposizione. Quanto agli altri accordi, il Transatlantic Trade and Investment Partnership (TTIP) \u00e8 in difficolt\u00e0, e il Trattato tra Europa e Canada (Comprehensive Economic and Trade Agreement -CETA) rischia di incontrare ostacoli importanti se sar\u00e0 alla fine ratificato.<\/p>\n<p><a href=\"https:\/\/www.theguardian.com\/commentisfree\/2016\/oct\/19\/people-power-ending-ttip-eu-free-trade-deals-ceta\">approfondisci&gt;&gt;<\/a><\/p>\n<p><strong><img decoding=\"async\" class=\"alignleft\" src=\"http:\/\/serenoregis.wpengine.netdna-cdn.com\/wp-content\/uploads\/2016\/12\/candele-park-sud-corea-200x300.jpeg\" alt=\"\/nas\/content\/live\/cssr\/wp content\/uploads\/2016\/12\/candele park sud corea\" \/>Una storica protesta a lume di candela fa crollare la Presidente Park<\/strong><\/p>\n<p>Una serie di manifestazioni di milioni di persone, culminata con una incredibile mega-protesta di 2-3 milioni di partecipanti ha costretto il parlamento ad approvare l\u2019impeachement della Presidente Sud-Coreana Park Geun-hye. Le proteste sono esplose dopo che i media avevano rivelato che la Presidente aveva stornato fondi pubblici a favore della \u2018consigliera\u2019 Choi Soon-sil.<\/p>\n<p><a href=\"http:\/\/links.org.au\/south-korea-park-impeachment-candlelight-protests\">approfondisci&gt;&gt;<\/a><\/p>\n<p>&nbsp;<\/p>\n<p><strong>Lo sciopero pi\u00f9 grande della storia<\/strong><\/p>\n<p><strong><img decoding=\"async\" class=\"alignright\" src=\"http:\/\/serenoregis.wpengine.netdna-cdn.com\/wp-content\/uploads\/2016\/12\/03-sciopero-india-300x225.jpeg\" alt=\"03-sciopero-india\" \/><\/strong><\/p>\n<p>Circa 180 milioni di lavoratori sono scesi in sciopero in India il 2 settembre, chiedendo aumenti del minimo salariale, previdenza sociale per i lavoratori temporanei, e blocco della privatizzazione delle aziende statali. Lo sciopero ha visto la presenza di lavoratori organizzati e non, di settori pubblici e privati, di dipartimenti centrali e dei singoli Stati dell\u2019unione indiana, e testimonia la crescente insoddisfazione del pubblico nei confronti delle politiche pro-multinazionali esercitate dal Governo Modi.<\/p>\n<p><a href=\"http:\/\/www.alternet.org\/world\/india-worlds-largest-strike\">approfondisci&gt;&gt;<\/a><\/p>\n<p><strong><img decoding=\"async\" class=\"alignleft\" src=\"http:\/\/serenoregis.wpengine.netdna-cdn.com\/wp-content\/uploads\/2016\/12\/04-catalani-impresa-300x200.jpeg\" alt=\"04-catalani-impresa\" \/>I Catalani agiscono con decisione sulla responsabilit\u00e0 d\u2019impresa<\/strong><\/p>\n<p>In Novembre, il Parlamento Catalano ha approvato la creazione di un centro innovativo per monitorare le attivit\u00e0 all\u2019estero delle imprese trans-nazionali, con la prospettiva persino di imporre delle penali alla aziende coinvolte in abusi. Questa decisione potrebbe costituire un precedente, e diventare un esempio per altri governi. Si tratta di una decisione che risponde agli sforzi internazionali del Consiglio per i Diritti Umani delle Nazioni Unite di mettere a punto uno strumento \u2018giuridicamente vincolante\u2019 nei confronti della attivit\u00e0 delle compagnie multinazionali.<\/p>\n<p><a href=\"http:\/\/www.taulacolombia.org\/es\/noticias\/el-parlament-de-catalunya-aprueba-por-unanimidad-una-propuesta-pionera-de-control-de-las\">approfondisci&gt;&gt;<\/a><\/p>\n<p><strong><br \/>\n<img decoding=\"async\" class=\"alignleft\" src=\"http:\/\/serenoregis.wpengine.netdna-cdn.com\/wp-content\/uploads\/2016\/12\/05-acqua-barcellona-300x225.jpeg\" alt=\"05-acqua-barcellona\" \/>Barcellona e Valladolid all\u2019avanguardia del movimento per l\u2019acqua pubblica<\/strong><\/p>\n<p>Entrambe le citt\u00e0 hanno votato per ri-municipalizzare il servizio pubblico dell\u2019acqua, sottolineando un crescente orientamento globale: pi\u00f9 di 240 citt\u00e0 hanno riportato la gestione dell\u2019acqua dal settore privato a quello pubblico. E\u2019 stata istituita una nuova e potente rete di 10 citt\u00e0 spagnole impegnata a fornire i servizi pubblici dell\u2019acqua sulla base dei principi di solidariet\u00e0, sostenibilit\u00e0 ambientale, cooperazione, accesso collettivo, equit\u00e0 e controllo democratico.<\/p>\n<p><a href=\"https:\/\/www.tni.org\/en\/article\/consolidation-of-the-public-water-movement-in-spain\">approfondisci&gt;&gt;<\/a><\/p>\n<p><strong><br \/>\n<img decoding=\"async\" class=\"alignright\" src=\"http:\/\/serenoregis.wpengine.netdna-cdn.com\/wp-content\/uploads\/2016\/12\/06-standing-rock-300x300.jpeg\" alt=\"06-standing-rock\" \/>Standing Rock si oppone con fermezza all\u2019oleodotto<\/strong><\/p>\n<p>Il primo Aprile 2016 la trib\u00f9 Sioux di Standing Rock nel Nord Dakota ha dato il via a un insediamento, il Sacred Stone Camp, per protestare contro la costruzione dell\u2019oleodotto North Dakota Access Pipeline, che minaccerebbe il fiume Missouri, l\u2019unica fonte di acqua della popolazione, e violerebbe vari trattati federali stipulati con la Nazione dei Sioux. Al campo sono confluiti centinaia di migliaia di \u2018protettori dell\u2019acqua\u2019 che hanno affrontato ripetute violenze della polizia, e sono diventate il pi\u00f9 grande raduno delle Trib\u00f9 Native degli ultimi cento anni. In Dicembre il Corpo degli Ingegneri dell\u2019esercito USA, sotto la forte pressione dell\u2019opinione pubblica, ha negato l\u2019autorizzazione a scavare sotto il letto del fiume: una vittoria temporanea ma importante.<\/p>\n<p><a href=\"http:\/\/www.yesmagazine.org\/people-power\/the-big-difference-at-standing-rock-native-leadership-all-around-20160911\">approfondisci&gt;&gt;<\/a><\/p>\n<p><strong><br \/>\n<img decoding=\"async\" class=\"alignright\" src=\"http:\/\/serenoregis.wpengine.netdna-cdn.com\/wp-content\/uploads\/2016\/12\/07-polonia-aborto-300x214.jpeg\" alt=\"07-polonia-aborto\" \/>Lo sciopero delle donne polacche blocca la legge anti-aborto<\/strong><\/p>\n<p>Decine di migliaia di donne in 60 citt\u00e0 della Polonia non sono andate al lavoro, lo scorso ottobre, obbligando gli uffici governativi, le universit\u00e0 e le scuole a rimanere chiuse. Le proteste riguardavano i piani annunciati dal governo di trasformare le leggi sull\u2019aborto \u2013 gi\u00e0 restrittive \u2013 in un divieto totale, punitivo. La vastit\u00e0 della protesta ha obbligato il governo polacco a rinunciare.<\/p>\n<p><a href=\"http:\/\/www.independent.co.uk\/news\/world\/europe\/poland-women-abortion-strike-protests-black-monday-polish-protestors-industrial-action-a7343136.html\">approfondisci&gt;&gt;<\/a><\/p>\n<p><strong><br \/>\n<img decoding=\"async\" class=\"alignright\" src=\"http:\/\/serenoregis.wpengine.netdna-cdn.com\/wp-content\/uploads\/2016\/12\/08-piante-proibite-300x200.jpeg\" alt=\"08-piante-proibite\" \/>Coltivatori di piante proibite ottengono ascolto presso le Nazioni Unite<\/strong><\/p>\n<p>A lungo emarginati e oppressi dai governi nella fallimentare \u2018guerra alle droghe\u2019, movimenti di agricoltori coinvolti nella produzione di piante considerate illecite si sono mobilitati nel 2016 per far s\u00ec che i loro punti di vista fossero ascoltati in occasione di una Sessione Speciale dell\u2019Assemblea Generale dell\u2019ONU sul tema delle droghe. In una storica dichiarazione (\u201cHeemskerk Declaration\u201d) hanno chiesto che si ponga fine alla pratica di sradicamento forzato, e hanno chiesto di essere coinvolti in tutte le tappe che riguardano la messa a punto di decisioni politiche sulle droghe, in modo da controllare che siano rispettati i diritti umani e venga protetto il bene-essere delle comunit\u00e0.<\/p>\n<p><a href=\"http:\/\/growersforum.org\/index.php\/heemskerk-report\/\">approfondisci&gt;&gt;<\/a><\/p>\n<p><strong><br \/>\n<img decoding=\"async\" class=\"alignleft\" src=\"http:\/\/serenoregis.wpengine.netdna-cdn.com\/wp-content\/uploads\/2016\/12\/09-black-lives-matter-300x200.jpeg\" alt=\"09-black-lives-matter\" \/>Black Lives Matter inserisce nell\u2019agenda politica degli Stati Uniti il tema del razzismo e della violenza della polizia<\/strong><\/p>\n<p>Il movimento Black Lives Matter inizi\u00f2 nel 2013 dopo l\u2019assoluzione di George Zimmerman per l\u2019uccisione dell\u2019adolescente Afro-Americano Trayvon Martin. Da allora il movimento si \u00e8 rafforzato, raggiungendo dimensioni nazionali. Nel 2016 ha denunciato con forza le ripetute uccisioni da parte della polizia, e gli atti sistematici di razzismo negli Stati Uniti, obbligando i candidati alle elezioni presidenziali a inserire il tema nei loro programmi elettorali. Nella prima met\u00e0 di luglio ci sono state almeno 112 proteste in 88 citt\u00e0 americane. Attraverso consultazioni collettive il movimento ha presentato, nel 2016, una piattaforma dettagliata, sia ponendo domande cruciali, sia proponendo azioni che si potrebbero intraprendere a livello locale, statale e federale per incominciare ad affrontare il razzismo sistemico.<\/p>\n<p><a href=\"https:\/\/policy.m4bl.org\/end-war-on-black-people\/\">approfondisci&gt;&gt;<\/a><\/p>\n<p><strong><br \/>\n<img decoding=\"async\" class=\"alignleft\" src=\"http:\/\/serenoregis.wpengine.netdna-cdn.com\/wp-content\/uploads\/2016\/12\/10-costituzione-islanda-300x225.jpeg\" alt=\"10-costituzione-islanda\" \/>La Costituzione dell\u2019Islanda<\/strong><\/p>\n<p>La nuova costituzione dell\u2019Islanda, votata dai cittadini nel 2012, sar\u00e0 finalmente approvata nel prossimo anno, dopo che cinque partiti politici si erano impegnati a realizzarla entro due anni. La costituzione include clausole di protezione ambientale, d\u00e0 particolare enfasi alla legge sui diritti umani internazionali e ai diritti dei rifugiati e dei migranti; propone una ridistribuzione dei frutti delle risorse naturali dell\u2019Islanda \u2013 principalmente la pesca \u2013 e consente ai cittadini di modificare la legislazione e di proporre nuove leggi. Uno dei principali sostenitori, il Pirate Party, ha triplicato i suoi seggi nelle elezioni di ottobre, assumendo la terza posizione come dimensione tra i partiti.<\/p>\n<p><a href=\"https:\/\/theconversation.com\/icelands-crowd-sourced-constitution-hope-for-disillusioned-voters-everywhere-67803\">approfondisci&gt;&gt;<\/a><\/p>\n<p><strong><br \/>\n<img decoding=\"async\" class=\"alignleft\" src=\"http:\/\/serenoregis.wpengine.netdna-cdn.com\/wp-content\/uploads\/2016\/12\/11-non-una-di-meno-america-latina-300x184.jpeg\" alt=\"11-non-una-di-meno-america-latina\" \/>Il movimento \u201cNi una menos\u201d si afferma in America Latina<\/strong><\/p>\n<p>Il movimento \u2018Ni una menos\u2019 \u00e8 iniziato nel 2015 a Buenos Aires, come espressione spontanea di dignit\u00e0 contro tutte le forme di violenza contro le donne. Nel 2016 si \u00e8 diffuso in tutte le grandi citt\u00e0 del Paese, con manifestazioni anche il Peru, Uruguay, Cile e Messico. Queste manifestazioni di protesta hanno contribuito ad aumentare il livello di consapevolezza sull\u2019intensit\u00e0 degli attacchi sessuali e dei femminicidi, e hanno stimolato il sostegno di artisti, giornalisti, celebrit\u00e0 dello sport e politici. In Argentina la pressione pubblica ha indotto la Corte Suprema a istituire un registro dei femminicidi.<\/p>\n<p><a href=\"https:\/\/notas.org.ar\/2016\/06\/09\/dimensiones-ni-una-menos-genealogia-feminista\/\">approfondisci&gt;&gt;<\/a><\/p>\n<p><strong><br \/>\n<img decoding=\"async\" class=\"alignleft\" src=\"http:\/\/serenoregis.wpengine.netdna-cdn.com\/wp-content\/uploads\/2016\/12\/12-insegnanti-kenia-300x230.jpeg\" alt=\"12-insegnanti-kenia\" \/>Gli insegnanti del Kenya hanno ottenuto un nuovo contratto di lavoro<\/strong><\/p>\n<p>Grazie a una serie di scioperi effettuati nel 2015 e 2016 gli insegnanti kenioti hanno ottenuto una modifica del contratto di lavoro, con un aumento di stipendio del 25% per i maestri elementari. La lotta continua, tuttavia, contro la crescente apertura di scuole private gestite da grosse organizzazioni a scopo di lucro.<\/p>\n<p><a href=\"http:\/\/www.teachersolidarity.com\/blog\/kenyan-teachers-still-fighting-for-public-education\">approfondisci&gt;&gt;<\/a><\/p>\n<p>&nbsp;<\/p>\n<p><b>Originale in: Resistance and Hope <\/b><b>12 social movement struggles that inspired us in 2016 (<a href=\"http:\/\/12victories.tni.org\/\">http:\/\/12victories.tni.org\/<\/a>)<\/b><\/p>\n<p><i>(Traduzione e sintesi di Elena Camino per il Centro Studi Sereno Regis)<\/i><\/p>\n<\/div>\n","protected":false},"excerpt":{"rendered":"<p>Questo testo \u00e8 stato pubblicato sul sito del Transnational Institute (TNI), un Istituto Internazionale impegnato nel costruire un mondo giusto, democratico e sostenibile. Fondato nel 1974 da un gruppo di \u2018ricercatori attivisti\u2019, per pi\u00f9 di 40 anni TNI ha fornito&hellip;<\/p>\n","protected":false},"author":766,"featured_media":416243,"comment_status":"closed","ping_status":"closed","sticky":false,"template":"","format":"standard","meta":{"footnotes":""},"categories":[38,1262,162],"tags":[28590,3461,32010,10462,19659,4603,460,4000,4834,10099,34049],"class_list":["post-416238","post","type-post","status-publish","format-standard","has-post-thumbnail","hentry","category-internazionale","category-nonviolenza-argomento","category-opinioni","tag-28590","tag-centro-sereno-regis-2","tag-lotte","tag-lotte-pacifiste","tag-movimenti","tag-movimenti-sociali","tag-nonviolenza","tag-resistenza","tag-resistenza-nonviolenta","tag-speranza","tag-transnational-institute"],"yoast_head":"<!-- This site is optimized with the Yoast SEO plugin v27.1.1 - https:\/\/yoast.com\/product\/yoast-seo-wordpress\/ -->\n<title>Resistenza e speranza: 12 lotte di movimenti sociali che ci hanno ispirati\/e nel 2016<\/title>\n<meta name=\"description\" content=\"Il 2016 \u00e8 stato un anno terribile per la giustizia sociale e ambientale. Tuttavia, ci sono state anche lotte e vittorie importanti dei movimenti sociali...\" \/>\n<meta name=\"robots\" content=\"index, follow, max-snippet:-1, max-image-preview:large, max-video-preview:-1\" \/>\n<link rel=\"canonical\" href=\"https:\/\/www.pressenza.com\/it\/2017\/01\/resistenza-e-speranza-12-lotte-di-movimenti-sociali-che-ci-hanno-ispiratie-nel-2016\/\" \/>\n<meta property=\"og:locale\" content=\"it_IT\" \/>\n<meta property=\"og:type\" content=\"article\" \/>\n<meta property=\"og:title\" content=\"Resistenza e speranza: 12 lotte di movimenti sociali che ci hanno ispirati\/e nel 2016\" \/>\n<meta property=\"og:description\" content=\"Il 2016 \u00e8 stato un anno terribile per la giustizia sociale e ambientale. Tuttavia, ci sono state anche lotte e vittorie importanti dei movimenti sociali...\" \/>\n<meta property=\"og:url\" content=\"https:\/\/www.pressenza.com\/it\/2017\/01\/resistenza-e-speranza-12-lotte-di-movimenti-sociali-che-ci-hanno-ispiratie-nel-2016\/\" \/>\n<meta property=\"og:site_name\" content=\"Pressenza\" \/>\n<meta property=\"article:publisher\" content=\"https:\/\/www.facebook.com\/PressenzaItalia\" \/>\n<meta property=\"article:author\" content=\"https:\/\/www.facebook.com\/serenoregis\" \/>\n<meta property=\"article:published_time\" content=\"2017-01-06T11:40:13+00:00\" \/>\n<meta property=\"article:modified_time\" content=\"2017-01-06T11:44:41+00:00\" \/>\n<meta property=\"og:image\" content=\"https:\/\/www.pressenza.com\/wp-content\/uploads\/2017\/01\/03-sciopero-india-300x225.jpeg\" \/>\n\t<meta property=\"og:image:width\" content=\"600\" \/>\n\t<meta property=\"og:image:height\" content=\"450\" \/>\n\t<meta property=\"og:image:type\" content=\"image\/jpeg\" \/>\n<meta name=\"author\" content=\"Centro Sereno Regis\" \/>\n<meta name=\"twitter:card\" content=\"summary_large_image\" \/>\n<meta name=\"twitter:creator\" content=\"@Sereno_Regis\" \/>\n<meta name=\"twitter:site\" content=\"@PressenzaIPA\" \/>\n<meta name=\"twitter:label1\" content=\"Scritto da\" \/>\n\t<meta name=\"twitter:data1\" content=\"Centro Sereno Regis\" \/>\n\t<meta name=\"twitter:label2\" content=\"Tempo di lettura stimato\" \/>\n\t<meta name=\"twitter:data2\" content=\"7 minuti\" \/>\n<script type=\"application\/ld+json\" class=\"yoast-schema-graph\">{\"@context\":\"https:\/\/schema.org\",\"@graph\":[{\"@type\":\"Article\",\"@id\":\"https:\/\/www.pressenza.com\/it\/2017\/01\/resistenza-e-speranza-12-lotte-di-movimenti-sociali-che-ci-hanno-ispiratie-nel-2016\/#article\",\"isPartOf\":{\"@id\":\"https:\/\/www.pressenza.com\/it\/2017\/01\/resistenza-e-speranza-12-lotte-di-movimenti-sociali-che-ci-hanno-ispiratie-nel-2016\/\"},\"author\":{\"name\":\"Centro Sereno Regis\",\"@id\":\"https:\/\/www.pressenza.com\/it\/#\/schema\/person\/d8d4bb868e9033b87b22f9ac47dfc5d3\"},\"headline\":\"Resistenza e speranza: 12 lotte di movimenti sociali che ci hanno ispirati\/e nel 2016\",\"datePublished\":\"2017-01-06T11:40:13+00:00\",\"dateModified\":\"2017-01-06T11:44:41+00:00\",\"mainEntityOfPage\":{\"@id\":\"https:\/\/www.pressenza.com\/it\/2017\/01\/resistenza-e-speranza-12-lotte-di-movimenti-sociali-che-ci-hanno-ispiratie-nel-2016\/\"},\"wordCount\":1317,\"publisher\":{\"@id\":\"https:\/\/www.pressenza.com\/it\/#organization\"},\"image\":{\"@id\":\"https:\/\/www.pressenza.com\/it\/2017\/01\/resistenza-e-speranza-12-lotte-di-movimenti-sociali-che-ci-hanno-ispiratie-nel-2016\/#primaryimage\"},\"thumbnailUrl\":\"https:\/\/www.pressenza.com\/wp-content\/uploads\/2017\/01\/03-sciopero-india-300x225.jpeg\",\"keywords\":[\"2016\",\"Centro Sereno Regis\",\"lotte\",\"lotte pacifiste\",\"movimenti\",\"movimenti sociali\",\"nonviolenza\",\"Resistenza\",\"resistenza nonviolenta\",\"speranza\",\"Transnational Institute\"],\"articleSection\":[\"Internazionale\",\"Nonviolenza\",\"Opinioni\"],\"inLanguage\":\"it-IT\"},{\"@type\":\"WebPage\",\"@id\":\"https:\/\/www.pressenza.com\/it\/2017\/01\/resistenza-e-speranza-12-lotte-di-movimenti-sociali-che-ci-hanno-ispiratie-nel-2016\/\",\"url\":\"https:\/\/www.pressenza.com\/it\/2017\/01\/resistenza-e-speranza-12-lotte-di-movimenti-sociali-che-ci-hanno-ispiratie-nel-2016\/\",\"name\":\"Resistenza e speranza: 12 lotte di movimenti sociali che ci hanno ispirati\/e nel 2016\",\"isPartOf\":{\"@id\":\"https:\/\/www.pressenza.com\/it\/#website\"},\"primaryImageOfPage\":{\"@id\":\"https:\/\/www.pressenza.com\/it\/2017\/01\/resistenza-e-speranza-12-lotte-di-movimenti-sociali-che-ci-hanno-ispiratie-nel-2016\/#primaryimage\"},\"image\":{\"@id\":\"https:\/\/www.pressenza.com\/it\/2017\/01\/resistenza-e-speranza-12-lotte-di-movimenti-sociali-che-ci-hanno-ispiratie-nel-2016\/#primaryimage\"},\"thumbnailUrl\":\"https:\/\/www.pressenza.com\/wp-content\/uploads\/2017\/01\/03-sciopero-india-300x225.jpeg\",\"datePublished\":\"2017-01-06T11:40:13+00:00\",\"dateModified\":\"2017-01-06T11:44:41+00:00\",\"description\":\"Il 2016 \u00e8 stato un anno terribile per la giustizia sociale e ambientale. Tuttavia, ci sono state anche lotte e vittorie importanti dei movimenti sociali...\",\"breadcrumb\":{\"@id\":\"https:\/\/www.pressenza.com\/it\/2017\/01\/resistenza-e-speranza-12-lotte-di-movimenti-sociali-che-ci-hanno-ispiratie-nel-2016\/#breadcrumb\"},\"inLanguage\":\"it-IT\",\"potentialAction\":[{\"@type\":\"ReadAction\",\"target\":[\"https:\/\/www.pressenza.com\/it\/2017\/01\/resistenza-e-speranza-12-lotte-di-movimenti-sociali-che-ci-hanno-ispiratie-nel-2016\/\"]}]},{\"@type\":\"ImageObject\",\"inLanguage\":\"it-IT\",\"@id\":\"https:\/\/www.pressenza.com\/it\/2017\/01\/resistenza-e-speranza-12-lotte-di-movimenti-sociali-che-ci-hanno-ispiratie-nel-2016\/#primaryimage\",\"url\":\"https:\/\/www.pressenza.com\/wp-content\/uploads\/2017\/01\/03-sciopero-india-300x225.jpeg\",\"contentUrl\":\"https:\/\/www.pressenza.com\/wp-content\/uploads\/2017\/01\/03-sciopero-india-300x225.jpeg\",\"width\":600,\"height\":450,\"caption\":\"movimenti india\"},{\"@type\":\"BreadcrumbList\",\"@id\":\"https:\/\/www.pressenza.com\/it\/2017\/01\/resistenza-e-speranza-12-lotte-di-movimenti-sociali-che-ci-hanno-ispiratie-nel-2016\/#breadcrumb\",\"itemListElement\":[{\"@type\":\"ListItem\",\"position\":1,\"name\":\"Accueil\",\"item\":\"https:\/\/www.pressenza.com\/it\/\"},{\"@type\":\"ListItem\",\"position\":2,\"name\":\"Resistenza e speranza: 12 lotte di movimenti sociali che ci hanno ispirati\/e nel 2016\"}]},{\"@type\":\"WebSite\",\"@id\":\"https:\/\/www.pressenza.com\/it\/#website\",\"url\":\"https:\/\/www.pressenza.com\/it\/\",\"name\":\"Pressenza\",\"description\":\"Agenzia di Stampa Internazionale\",\"publisher\":{\"@id\":\"https:\/\/www.pressenza.com\/it\/#organization\"},\"potentialAction\":[{\"@type\":\"SearchAction\",\"target\":{\"@type\":\"EntryPoint\",\"urlTemplate\":\"https:\/\/www.pressenza.com\/it\/?s={search_term_string}\"},\"query-input\":{\"@type\":\"PropertyValueSpecification\",\"valueRequired\":true,\"valueName\":\"search_term_string\"}}],\"inLanguage\":\"it-IT\"},{\"@type\":\"Organization\",\"@id\":\"https:\/\/www.pressenza.com\/it\/#organization\",\"name\":\"Pressenza\",\"url\":\"https:\/\/www.pressenza.com\/it\/\",\"logo\":{\"@type\":\"ImageObject\",\"inLanguage\":\"it-IT\",\"@id\":\"https:\/\/www.pressenza.com\/it\/#\/schema\/logo\/image\/\",\"url\":\"https:\/\/www.pressenza.com\/wp-content\/uploads\/2022\/10\/pressenza_logo_200x200.jpg\",\"contentUrl\":\"https:\/\/www.pressenza.com\/wp-content\/uploads\/2022\/10\/pressenza_logo_200x200.jpg\",\"width\":200,\"height\":200,\"caption\":\"Pressenza\"},\"image\":{\"@id\":\"https:\/\/www.pressenza.com\/it\/#\/schema\/logo\/image\/\"},\"sameAs\":[\"https:\/\/www.facebook.com\/PressenzaItalia\",\"https:\/\/x.com\/PressenzaIPA\"]},{\"@type\":\"Person\",\"@id\":\"https:\/\/www.pressenza.com\/it\/#\/schema\/person\/d8d4bb868e9033b87b22f9ac47dfc5d3\",\"name\":\"Centro Sereno Regis\",\"description\":\"Il Centro Studi Sereno Regis \u00e8 una ONLUS (Organizzazione Non Lucrativa di Utilit\u00e0 Sociale) che promuove programmi di ricerca, educazione e azione sui temi della partecipazione politica, della difesa popolare nonviolenta, dell\u2019educazione alla pace e all\u2019interculturalit\u00e0, della trasformazione nonviolenta dei conflitti, dei modelli di sviluppo, delle energie rinnovabili e dell\u2019ecologia. Il Centro Studi \u00e8 stato costituito nel 1982 su iniziativa del Movimento Internazionale della Riconciliazione (MIR) e del Movimento Nonviolento (MN), attivi nella nostra regione sin dalla seconda met\u00e0 degli anni \u201960. serenoregis.org\/\",\"sameAs\":[\"https:\/\/www.facebook.com\/serenoregis\",\"https:\/\/x.com\/Sereno_Regis\"],\"url\":\"https:\/\/www.pressenza.com\/it\/author\/centro-sereno-regis\/\"}]}<\/script>\n<!-- \/ Yoast SEO plugin. -->","yoast_head_json":{"title":"Resistenza e speranza: 12 lotte di movimenti sociali che ci hanno ispirati\/e nel 2016","description":"Il 2016 \u00e8 stato un anno terribile per la giustizia sociale e ambientale. Tuttavia, ci sono state anche lotte e vittorie importanti dei movimenti sociali...","robots":{"index":"index","follow":"follow","max-snippet":"max-snippet:-1","max-image-preview":"max-image-preview:large","max-video-preview":"max-video-preview:-1"},"canonical":"https:\/\/www.pressenza.com\/it\/2017\/01\/resistenza-e-speranza-12-lotte-di-movimenti-sociali-che-ci-hanno-ispiratie-nel-2016\/","og_locale":"it_IT","og_type":"article","og_title":"Resistenza e speranza: 12 lotte di movimenti sociali che ci hanno ispirati\/e nel 2016","og_description":"Il 2016 \u00e8 stato un anno terribile per la giustizia sociale e ambientale. Tuttavia, ci sono state anche lotte e vittorie importanti dei movimenti sociali...","og_url":"https:\/\/www.pressenza.com\/it\/2017\/01\/resistenza-e-speranza-12-lotte-di-movimenti-sociali-che-ci-hanno-ispiratie-nel-2016\/","og_site_name":"Pressenza","article_publisher":"https:\/\/www.facebook.com\/PressenzaItalia","article_author":"https:\/\/www.facebook.com\/serenoregis","article_published_time":"2017-01-06T11:40:13+00:00","article_modified_time":"2017-01-06T11:44:41+00:00","og_image":[{"width":600,"height":450,"url":"https:\/\/www.pressenza.com\/wp-content\/uploads\/2017\/01\/03-sciopero-india-300x225.jpeg","type":"image\/jpeg"}],"author":"Centro Sereno Regis","twitter_card":"summary_large_image","twitter_creator":"@Sereno_Regis","twitter_site":"@PressenzaIPA","twitter_misc":{"Scritto da":"Centro Sereno Regis","Tempo di lettura stimato":"7 minuti"},"schema":{"@context":"https:\/\/schema.org","@graph":[{"@type":"Article","@id":"https:\/\/www.pressenza.com\/it\/2017\/01\/resistenza-e-speranza-12-lotte-di-movimenti-sociali-che-ci-hanno-ispiratie-nel-2016\/#article","isPartOf":{"@id":"https:\/\/www.pressenza.com\/it\/2017\/01\/resistenza-e-speranza-12-lotte-di-movimenti-sociali-che-ci-hanno-ispiratie-nel-2016\/"},"author":{"name":"Centro Sereno Regis","@id":"https:\/\/www.pressenza.com\/it\/#\/schema\/person\/d8d4bb868e9033b87b22f9ac47dfc5d3"},"headline":"Resistenza e speranza: 12 lotte di movimenti sociali che ci hanno ispirati\/e nel 2016","datePublished":"2017-01-06T11:40:13+00:00","dateModified":"2017-01-06T11:44:41+00:00","mainEntityOfPage":{"@id":"https:\/\/www.pressenza.com\/it\/2017\/01\/resistenza-e-speranza-12-lotte-di-movimenti-sociali-che-ci-hanno-ispiratie-nel-2016\/"},"wordCount":1317,"publisher":{"@id":"https:\/\/www.pressenza.com\/it\/#organization"},"image":{"@id":"https:\/\/www.pressenza.com\/it\/2017\/01\/resistenza-e-speranza-12-lotte-di-movimenti-sociali-che-ci-hanno-ispiratie-nel-2016\/#primaryimage"},"thumbnailUrl":"https:\/\/www.pressenza.com\/wp-content\/uploads\/2017\/01\/03-sciopero-india-300x225.jpeg","keywords":["2016","Centro Sereno Regis","lotte","lotte pacifiste","movimenti","movimenti sociali","nonviolenza","Resistenza","resistenza nonviolenta","speranza","Transnational Institute"],"articleSection":["Internazionale","Nonviolenza","Opinioni"],"inLanguage":"it-IT"},{"@type":"WebPage","@id":"https:\/\/www.pressenza.com\/it\/2017\/01\/resistenza-e-speranza-12-lotte-di-movimenti-sociali-che-ci-hanno-ispiratie-nel-2016\/","url":"https:\/\/www.pressenza.com\/it\/2017\/01\/resistenza-e-speranza-12-lotte-di-movimenti-sociali-che-ci-hanno-ispiratie-nel-2016\/","name":"Resistenza e speranza: 12 lotte di movimenti sociali che ci hanno ispirati\/e nel 2016","isPartOf":{"@id":"https:\/\/www.pressenza.com\/it\/#website"},"primaryImageOfPage":{"@id":"https:\/\/www.pressenza.com\/it\/2017\/01\/resistenza-e-speranza-12-lotte-di-movimenti-sociali-che-ci-hanno-ispiratie-nel-2016\/#primaryimage"},"image":{"@id":"https:\/\/www.pressenza.com\/it\/2017\/01\/resistenza-e-speranza-12-lotte-di-movimenti-sociali-che-ci-hanno-ispiratie-nel-2016\/#primaryimage"},"thumbnailUrl":"https:\/\/www.pressenza.com\/wp-content\/uploads\/2017\/01\/03-sciopero-india-300x225.jpeg","datePublished":"2017-01-06T11:40:13+00:00","dateModified":"2017-01-06T11:44:41+00:00","description":"Il 2016 \u00e8 stato un anno terribile per la giustizia sociale e ambientale. Tuttavia, ci sono state anche lotte e vittorie importanti dei movimenti sociali...","breadcrumb":{"@id":"https:\/\/www.pressenza.com\/it\/2017\/01\/resistenza-e-speranza-12-lotte-di-movimenti-sociali-che-ci-hanno-ispiratie-nel-2016\/#breadcrumb"},"inLanguage":"it-IT","potentialAction":[{"@type":"ReadAction","target":["https:\/\/www.pressenza.com\/it\/2017\/01\/resistenza-e-speranza-12-lotte-di-movimenti-sociali-che-ci-hanno-ispiratie-nel-2016\/"]}]},{"@type":"ImageObject","inLanguage":"it-IT","@id":"https:\/\/www.pressenza.com\/it\/2017\/01\/resistenza-e-speranza-12-lotte-di-movimenti-sociali-che-ci-hanno-ispiratie-nel-2016\/#primaryimage","url":"https:\/\/www.pressenza.com\/wp-content\/uploads\/2017\/01\/03-sciopero-india-300x225.jpeg","contentUrl":"https:\/\/www.pressenza.com\/wp-content\/uploads\/2017\/01\/03-sciopero-india-300x225.jpeg","width":600,"height":450,"caption":"movimenti india"},{"@type":"BreadcrumbList","@id":"https:\/\/www.pressenza.com\/it\/2017\/01\/resistenza-e-speranza-12-lotte-di-movimenti-sociali-che-ci-hanno-ispiratie-nel-2016\/#breadcrumb","itemListElement":[{"@type":"ListItem","position":1,"name":"Accueil","item":"https:\/\/www.pressenza.com\/it\/"},{"@type":"ListItem","position":2,"name":"Resistenza e speranza: 12 lotte di movimenti sociali che ci hanno ispirati\/e nel 2016"}]},{"@type":"WebSite","@id":"https:\/\/www.pressenza.com\/it\/#website","url":"https:\/\/www.pressenza.com\/it\/","name":"Pressenza","description":"Agenzia di Stampa Internazionale","publisher":{"@id":"https:\/\/www.pressenza.com\/it\/#organization"},"potentialAction":[{"@type":"SearchAction","target":{"@type":"EntryPoint","urlTemplate":"https:\/\/www.pressenza.com\/it\/?s={search_term_string}"},"query-input":{"@type":"PropertyValueSpecification","valueRequired":true,"valueName":"search_term_string"}}],"inLanguage":"it-IT"},{"@type":"Organization","@id":"https:\/\/www.pressenza.com\/it\/#organization","name":"Pressenza","url":"https:\/\/www.pressenza.com\/it\/","logo":{"@type":"ImageObject","inLanguage":"it-IT","@id":"https:\/\/www.pressenza.com\/it\/#\/schema\/logo\/image\/","url":"https:\/\/www.pressenza.com\/wp-content\/uploads\/2022\/10\/pressenza_logo_200x200.jpg","contentUrl":"https:\/\/www.pressenza.com\/wp-content\/uploads\/2022\/10\/pressenza_logo_200x200.jpg","width":200,"height":200,"caption":"Pressenza"},"image":{"@id":"https:\/\/www.pressenza.com\/it\/#\/schema\/logo\/image\/"},"sameAs":["https:\/\/www.facebook.com\/PressenzaItalia","https:\/\/x.com\/PressenzaIPA"]},{"@type":"Person","@id":"https:\/\/www.pressenza.com\/it\/#\/schema\/person\/d8d4bb868e9033b87b22f9ac47dfc5d3","name":"Centro Sereno Regis","description":"Il Centro Studi Sereno Regis \u00e8 una ONLUS (Organizzazione Non Lucrativa di Utilit\u00e0 Sociale) che promuove programmi di ricerca, educazione e azione sui temi della partecipazione politica, della difesa popolare nonviolenta, dell\u2019educazione alla pace e all\u2019interculturalit\u00e0, della trasformazione nonviolenta dei conflitti, dei modelli di sviluppo, delle energie rinnovabili e dell\u2019ecologia. Il Centro Studi \u00e8 stato costituito nel 1982 su iniziativa del Movimento Internazionale della Riconciliazione (MIR) e del Movimento Nonviolento (MN), attivi nella nostra regione sin dalla seconda met\u00e0 degli anni \u201960. serenoregis.org\/","sameAs":["https:\/\/www.facebook.com\/serenoregis","https:\/\/x.com\/Sereno_Regis"],"url":"https:\/\/www.pressenza.com\/it\/author\/centro-sereno-regis\/"}]}},"place":"","original_article_url":"http:\/\/serenoregis.org\/2016\/12\/30\/resistenza-e-speranza-12-lotte-di-movimenti-sociali-che-ci-hanno-ispiratie-nel-2016\/?#","_links":{"self":[{"href":"https:\/\/www.pressenza.com\/it\/wp-json\/wp\/v2\/posts\/416238","targetHints":{"allow":["GET"]}}],"collection":[{"href":"https:\/\/www.pressenza.com\/it\/wp-json\/wp\/v2\/posts"}],"about":[{"href":"https:\/\/www.pressenza.com\/it\/wp-json\/wp\/v2\/types\/post"}],"author":[{"embeddable":true,"href":"https:\/\/www.pressenza.com\/it\/wp-json\/wp\/v2\/users\/766"}],"replies":[{"embeddable":true,"href":"https:\/\/www.pressenza.com\/it\/wp-json\/wp\/v2\/comments?post=416238"}],"version-history":[{"count":0,"href":"https:\/\/www.pressenza.com\/it\/wp-json\/wp\/v2\/posts\/416238\/revisions"}],"wp:featuredmedia":[{"embeddable":true,"href":"https:\/\/www.pressenza.com\/it\/wp-json\/wp\/v2\/media\/416243"}],"wp:attachment":[{"href":"https:\/\/www.pressenza.com\/it\/wp-json\/wp\/v2\/media?parent=416238"}],"wp:term":[{"taxonomy":"category","embeddable":true,"href":"https:\/\/www.pressenza.com\/it\/wp-json\/wp\/v2\/categories?post=416238"},{"taxonomy":"post_tag","embeddable":true,"href":"https:\/\/www.pressenza.com\/it\/wp-json\/wp\/v2\/tags?post=416238"}],"curies":[{"name":"wp","href":"https:\/\/api.w.org\/{rel}","templated":true}]}}