{"id":412768,"date":"2016-12-22T14:34:26","date_gmt":"2016-12-22T14:34:26","guid":{"rendered":"http:\/\/www.pressenza.com\/it\/?p=412768"},"modified":"2016-12-22T14:34:26","modified_gmt":"2016-12-22T14:34:26","slug":"le-elezioni-francesi-nel-mondo-della-paura","status":"publish","type":"post","link":"https:\/\/www.pressenza.com\/it\/2016\/12\/le-elezioni-francesi-nel-mondo-della-paura\/","title":{"rendered":"Le elezioni francesi nel mondo della paura"},"content":{"rendered":"<p>C\u2019\u00e8 un appuntamento elettorale previsto per il 2017 che, pi\u00f9 di tutti gli altri, preoccupa gli studiosi di integrazione europea: \u00e8 quello delle presidenziali francesi, con la prima tornata in calendario per il 23 aprile e il ballottaggio fissato per il 7 maggio. Gi\u00e0 due anni fa, il consulente politico Rapha\u00ebl Glucksmann\u00a0<a href=\"http:\/\/www.repubblica.it\/esteri\/2016\/12\/12\/news\/nel_quartier-153921744\/\">aveva immaginato in un pamphlet<\/a>\u00a0il discorso di investitura che potrebbe essere pronunciato dalla leader del Front National la sera di questo fatidico 7 maggio: &#8220;Cari compatrioti, oggi si scrive una nuova pagina della Storia e a scriverla sar\u00e0 la Francia, non Bruxelles o Washington&#8230;&#8221;.\u00a0<strong>Nel caso in cui vincesse le elezioni, Marine Le Pen ha gi\u00e0 annunciato di voler riprendere il controllo delle frontiere e indire un referendum sull\u2019uscita della Francia dall\u2019Unione Europea<\/strong>. Lei stessa in precedenza\u00a0<a href=\"https:\/\/twitter.com\/mlp_officiel\/status\/746209726673760262\">aveva giudicato positivamente il successo della Brexit al referendum nel Regno Unito ed aveva chiesto una votazione simile in Francia e per gli altri Paesi<\/a>, nonostante in Francia \u2013 come pure in Italia &#8211; la Costituzione non prevede la possibilit\u00e0 di tenere un referendum su trattati internazionali.<\/p>\n<p>Marine Le Pen \u00e8 arrivata alla guida del partito nel 2011 con un solo obiettivo: \u2018D\u00e9diaboliser\u2019,\u00a0<strong>ripulire l\u2019immagine del Front National che nel 1972 era nato dall\u2019unione di ex collaborazionisti, neofascisti, aspiranti golpisti, nostalgici dell\u2019Algeria francese<\/strong>. I reietti della Storia,\u00a0<a href=\"http:\/\/www.repubblica.it\/esteri\/2016\/12\/12\/news\/nel_quartier-153921744\/\">come li definisce Anais Ginori<\/a>. Quel partito aveva sconvolto l\u2019Europa nel 2002, quando il suo fondatore, il fascista Jean-Marie Le Pen,\u00a0<a href=\"https:\/\/www.theguardian.com\/world\/2002\/apr\/22\/thefarright.france\">era arrivato al ballottaggio contro il candidato del partito gollista, Jaques Chirac<\/a>. Allora tutti gli altri partiti avevano supportato quest\u2019ultimo: perfino gli elettori socialisti e comunisti, per cui era\u00a0<a href=\"https:\/\/www.theguardian.com\/commentisfree\/2016\/dec\/08\/think-unthinkable-president-marine-le-pen-trump-brexit\">\u2018meglio un ladro che un fascista\u2019<\/a>. Chirac che aveva facilmente vinto il secondo turno con l\u201982 per cento dei voti e da allora il Front National non ha pi\u00f9 raggiunto il secondo turno.<\/p>\n<p>Questa volta, per\u00f2, ci sono buone ragioni per pensare che Marine Le Pen sia una contendente seria alla presidenza. Nel 2015 la Francia \u00e8 stata martoriata da una serie di attacchi terroristici. Ancora oggi in quasi tutte le grandi citt\u00e0 ci sono importanti minoranze islamiche la cui integrazione \u00e8 pessima, per via di una lunga serie di ragioni che non possiamo approfondire in questa sede ma per cui rimandiamo ad\u00a0<a href=\"http:\/\/www.internazionale.it\/opinione\/olivier-roy\/2015\/11\/27\/islam-giovani-jihad\">un\u2019analisi di Olivier Roy<\/a>\u00a0che spiega come\u00a0<strong>la questione dell\u2019integrazione generazionale, culturale e religiosa \u00e8 fonte di profondissime tensioni<\/strong>. Accanto a queste fratture identitarie, ci sono anche i problemi economici.\u00a0<a href=\"https:\/\/www.theguardian.com\/commentisfree\/2016\/dec\/08\/think-unthinkable-president-marine-le-pen-trump-brexit\">La crescita economica del paese \u00e8 ferma all\u2019uno per cento dell\u2019ultimo anno e quasi un giovane su quattro \u00e8 disoccupato<\/a>. Insomma, \u00e8 una combinazione perfetta per alimentare il discontento sociale. Non c\u2019\u00e8 da stupirsi se il presidente in carica, Francois Hollande,\u00a0<a href=\"http:\/\/foreignpolicy.com\/2016\/11\/02\/mon-dieu-francois-hollandes-approval-rating-is-at-four-percent\/\">ha un tasso di gradimento del quattro per cento<\/a>: probabilmente il pi\u00f9 basso mai registrato in una democrazia occidentale.<\/p>\n<p>Al contempo, lo scenario internazionale induce a pensare che molti degli elettori che erano titubanti a votare per il Front National nel 2002 oggi potrebbero non esserlo pi\u00f9.\u00a0<strong>Le vittorie del fronte Brexit nel referendum britannico e del candidato repubblicano Donald Trump nelle elezioni presidenziali americane hanno galvanizzato i sostenitori della destra in tutto il mondo occidentale<\/strong>. Le Pen oggi rivendica di essere stata una delle prime a puntare sul rifiuto della globalizzazione e dell\u2019establishment, la re-introduzione delle frontiere e l\u2019esclusione degli immigrati dai sistemi sociali. Tutti cavalli di battaglia propri del nuovo populismo, incarnato da leader carismatici come Nigel Farage, Donald Trump, Viktor Orban e anche, per molti versi, da Beppe Grillo. Come tutti loro, Marine Le Pen parla il linguaggio dell\u2019uomo qualunque, diretto e politicamente scorretto. Anche lei, come i leader di cui sopra, si candida nel nome del popolo, che poi \u00e8 anche il suo motto elettorale; mentre i suoi sfidanti, da Francois Fillon a Manuel Valls e Emmanuel Macron, sono visti come i candidati del sistema, consapevoli dell\u2019importanza della Commissione Europea, delle banche, delle alleanze internazionali, degli immigrati internazionali.<\/p>\n<p>Nel mondo in cui sono cresciuto io, sapersi muovere in una realt\u00e0 aperta e globalizzata era una qualit\u00e0. Ma il mondo di oggi \u00e8 diverso: elettrizzati da una serie di vittorie e legittimati dal linguaggio dei loro leader, gli sconfitti della globalizzazione vogliono diventare i vincitori di un nuovo ordine internazionale in cui la protezione della nazione val bene il rifiuto della libert\u00e0 di movimento, degli accordi internazionali, della tolleranza e della laicit\u00e0. Le elezioni della primavera saranno un nuovo capitolo in quest\u2019importante scontro all\u2019interno della democrazia occidentale. Vale la pena arrivarci preparati.<\/p>\n<p>Lorenzo Piccoli<\/p>\n<p>&nbsp;<\/p>\n","protected":false},"excerpt":{"rendered":"<p>C\u2019\u00e8 un appuntamento elettorale previsto per il 2017 che, pi\u00f9 di tutti gli altri, preoccupa gli studiosi di integrazione europea: \u00e8 quello delle presidenziali francesi, con la prima tornata in calendario per il 23 aprile e il ballottaggio fissato per&hellip;<\/p>\n","protected":false},"author":599,"featured_media":412769,"comment_status":"closed","ping_status":"closed","sticky":false,"template":"","format":"standard","meta":{"footnotes":""},"categories":[47,162,55],"tags":[33765,3208,9654,4188,2563,9655],"class_list":["post-412768","post","type-post","status-publish","format-standard","has-post-thumbnail","hentry","category-europa","category-opinioni","category-politica","tag-elezioni-presidenziali-2017","tag-francia-it","tag-front-national","tag-frontiere","tag-immigrati","tag-marine-le-pen"],"yoast_head":"<!-- This site is optimized with the Yoast SEO plugin v27.1.1 - https:\/\/yoast.com\/product\/yoast-seo-wordpress\/ -->\n<title>Le elezioni francesi nel mondo della paura<\/title>\n<meta name=\"description\" content=\"C\u2019\u00e8 un appuntamento elettorale previsto per il 2017 che, pi\u00f9 di tutti gli altri, preoccupa gli studiosi di integrazione europea: \u00e8 quello delle\" \/>\n<meta name=\"robots\" content=\"index, follow, max-snippet:-1, max-image-preview:large, max-video-preview:-1\" \/>\n<link rel=\"canonical\" href=\"https:\/\/www.pressenza.com\/it\/2016\/12\/le-elezioni-francesi-nel-mondo-della-paura\/\" \/>\n<meta property=\"og:locale\" content=\"it_IT\" \/>\n<meta property=\"og:type\" content=\"article\" \/>\n<meta property=\"og:title\" content=\"Le elezioni francesi nel mondo della paura\" \/>\n<meta property=\"og:description\" content=\"C\u2019\u00e8 un appuntamento elettorale previsto per il 2017 che, pi\u00f9 di tutti gli altri, preoccupa gli studiosi di integrazione europea: \u00e8 quello delle\" \/>\n<meta property=\"og:url\" content=\"https:\/\/www.pressenza.com\/it\/2016\/12\/le-elezioni-francesi-nel-mondo-della-paura\/\" \/>\n<meta property=\"og:site_name\" content=\"Pressenza\" \/>\n<meta property=\"article:publisher\" content=\"https:\/\/www.facebook.com\/PressenzaItalia\" \/>\n<meta property=\"article:published_time\" content=\"2016-12-22T14:34:26+00:00\" \/>\n<meta property=\"og:image\" content=\"https:\/\/www.pressenza.com\/wp-content\/uploads\/2016\/12\/Marine_Le_Pen.jpg\" \/>\n\t<meta property=\"og:image:width\" content=\"1024\" \/>\n\t<meta property=\"og:image:height\" content=\"692\" \/>\n\t<meta property=\"og:image:type\" content=\"image\/jpeg\" \/>\n<meta name=\"author\" content=\"Unimondo\" \/>\n<meta name=\"twitter:card\" content=\"summary_large_image\" \/>\n<meta name=\"twitter:creator\" content=\"@PressenzaIPA\" \/>\n<meta name=\"twitter:site\" content=\"@PressenzaIPA\" \/>\n<meta name=\"twitter:label1\" content=\"Scritto da\" \/>\n\t<meta name=\"twitter:data1\" content=\"Unimondo\" \/>\n\t<meta name=\"twitter:label2\" content=\"Tempo di lettura stimato\" \/>\n\t<meta name=\"twitter:data2\" content=\"4 minuti\" \/>\n<script type=\"application\/ld+json\" class=\"yoast-schema-graph\">{\"@context\":\"https:\/\/schema.org\",\"@graph\":[{\"@type\":\"Article\",\"@id\":\"https:\/\/www.pressenza.com\/it\/2016\/12\/le-elezioni-francesi-nel-mondo-della-paura\/#article\",\"isPartOf\":{\"@id\":\"https:\/\/www.pressenza.com\/it\/2016\/12\/le-elezioni-francesi-nel-mondo-della-paura\/\"},\"author\":{\"name\":\"Unimondo\",\"@id\":\"https:\/\/www.pressenza.com\/it\/#\/schema\/person\/c1522125703ef99487d4e50b9fbc1ecf\"},\"headline\":\"Le elezioni francesi nel mondo della paura\",\"datePublished\":\"2016-12-22T14:34:26+00:00\",\"mainEntityOfPage\":{\"@id\":\"https:\/\/www.pressenza.com\/it\/2016\/12\/le-elezioni-francesi-nel-mondo-della-paura\/\"},\"wordCount\":745,\"publisher\":{\"@id\":\"https:\/\/www.pressenza.com\/it\/#organization\"},\"image\":{\"@id\":\"https:\/\/www.pressenza.com\/it\/2016\/12\/le-elezioni-francesi-nel-mondo-della-paura\/#primaryimage\"},\"thumbnailUrl\":\"https:\/\/www.pressenza.com\/wp-content\/uploads\/2016\/12\/Marine_Le_Pen.jpg\",\"keywords\":[\"elezioni presidenziali 2017\",\"Francia\",\"Front National\",\"frontiere\",\"immigrati\",\"Marine Le Pen\"],\"articleSection\":[\"Europa\",\"Opinioni\",\"Politica\"],\"inLanguage\":\"it-IT\"},{\"@type\":\"WebPage\",\"@id\":\"https:\/\/www.pressenza.com\/it\/2016\/12\/le-elezioni-francesi-nel-mondo-della-paura\/\",\"url\":\"https:\/\/www.pressenza.com\/it\/2016\/12\/le-elezioni-francesi-nel-mondo-della-paura\/\",\"name\":\"Le elezioni francesi nel mondo della paura\",\"isPartOf\":{\"@id\":\"https:\/\/www.pressenza.com\/it\/#website\"},\"primaryImageOfPage\":{\"@id\":\"https:\/\/www.pressenza.com\/it\/2016\/12\/le-elezioni-francesi-nel-mondo-della-paura\/#primaryimage\"},\"image\":{\"@id\":\"https:\/\/www.pressenza.com\/it\/2016\/12\/le-elezioni-francesi-nel-mondo-della-paura\/#primaryimage\"},\"thumbnailUrl\":\"https:\/\/www.pressenza.com\/wp-content\/uploads\/2016\/12\/Marine_Le_Pen.jpg\",\"datePublished\":\"2016-12-22T14:34:26+00:00\",\"description\":\"C\u2019\u00e8 un appuntamento elettorale previsto per il 2017 che, pi\u00f9 di tutti gli altri, preoccupa gli studiosi di integrazione europea: \u00e8 quello delle\",\"breadcrumb\":{\"@id\":\"https:\/\/www.pressenza.com\/it\/2016\/12\/le-elezioni-francesi-nel-mondo-della-paura\/#breadcrumb\"},\"inLanguage\":\"it-IT\",\"potentialAction\":[{\"@type\":\"ReadAction\",\"target\":[\"https:\/\/www.pressenza.com\/it\/2016\/12\/le-elezioni-francesi-nel-mondo-della-paura\/\"]}]},{\"@type\":\"ImageObject\",\"inLanguage\":\"it-IT\",\"@id\":\"https:\/\/www.pressenza.com\/it\/2016\/12\/le-elezioni-francesi-nel-mondo-della-paura\/#primaryimage\",\"url\":\"https:\/\/www.pressenza.com\/wp-content\/uploads\/2016\/12\/Marine_Le_Pen.jpg\",\"contentUrl\":\"https:\/\/www.pressenza.com\/wp-content\/uploads\/2016\/12\/Marine_Le_Pen.jpg\",\"width\":1024,\"height\":692},{\"@type\":\"BreadcrumbList\",\"@id\":\"https:\/\/www.pressenza.com\/it\/2016\/12\/le-elezioni-francesi-nel-mondo-della-paura\/#breadcrumb\",\"itemListElement\":[{\"@type\":\"ListItem\",\"position\":1,\"name\":\"Accueil\",\"item\":\"https:\/\/www.pressenza.com\/it\/\"},{\"@type\":\"ListItem\",\"position\":2,\"name\":\"Le elezioni francesi nel mondo della paura\"}]},{\"@type\":\"WebSite\",\"@id\":\"https:\/\/www.pressenza.com\/it\/#website\",\"url\":\"https:\/\/www.pressenza.com\/it\/\",\"name\":\"Pressenza\",\"description\":\"Agenzia di Stampa Internazionale\",\"publisher\":{\"@id\":\"https:\/\/www.pressenza.com\/it\/#organization\"},\"potentialAction\":[{\"@type\":\"SearchAction\",\"target\":{\"@type\":\"EntryPoint\",\"urlTemplate\":\"https:\/\/www.pressenza.com\/it\/?s={search_term_string}\"},\"query-input\":{\"@type\":\"PropertyValueSpecification\",\"valueRequired\":true,\"valueName\":\"search_term_string\"}}],\"inLanguage\":\"it-IT\"},{\"@type\":\"Organization\",\"@id\":\"https:\/\/www.pressenza.com\/it\/#organization\",\"name\":\"Pressenza\",\"url\":\"https:\/\/www.pressenza.com\/it\/\",\"logo\":{\"@type\":\"ImageObject\",\"inLanguage\":\"it-IT\",\"@id\":\"https:\/\/www.pressenza.com\/it\/#\/schema\/logo\/image\/\",\"url\":\"https:\/\/www.pressenza.com\/wp-content\/uploads\/2022\/10\/pressenza_logo_200x200.jpg\",\"contentUrl\":\"https:\/\/www.pressenza.com\/wp-content\/uploads\/2022\/10\/pressenza_logo_200x200.jpg\",\"width\":200,\"height\":200,\"caption\":\"Pressenza\"},\"image\":{\"@id\":\"https:\/\/www.pressenza.com\/it\/#\/schema\/logo\/image\/\"},\"sameAs\":[\"https:\/\/www.facebook.com\/PressenzaItalia\",\"https:\/\/x.com\/PressenzaIPA\"]},{\"@type\":\"Person\",\"@id\":\"https:\/\/www.pressenza.com\/it\/#\/schema\/person\/c1522125703ef99487d4e50b9fbc1ecf\",\"name\":\"Unimondo\",\"description\":\"www.unimondo.org\",\"url\":\"https:\/\/www.pressenza.com\/it\/author\/unimondo\/\"}]}<\/script>\n<!-- \/ Yoast SEO plugin. -->","yoast_head_json":{"title":"Le elezioni francesi nel mondo della paura","description":"C\u2019\u00e8 un appuntamento elettorale previsto per il 2017 che, pi\u00f9 di tutti gli altri, preoccupa gli studiosi di integrazione europea: \u00e8 quello delle","robots":{"index":"index","follow":"follow","max-snippet":"max-snippet:-1","max-image-preview":"max-image-preview:large","max-video-preview":"max-video-preview:-1"},"canonical":"https:\/\/www.pressenza.com\/it\/2016\/12\/le-elezioni-francesi-nel-mondo-della-paura\/","og_locale":"it_IT","og_type":"article","og_title":"Le elezioni francesi nel mondo della paura","og_description":"C\u2019\u00e8 un appuntamento elettorale previsto per il 2017 che, pi\u00f9 di tutti gli altri, preoccupa gli studiosi di integrazione europea: \u00e8 quello delle","og_url":"https:\/\/www.pressenza.com\/it\/2016\/12\/le-elezioni-francesi-nel-mondo-della-paura\/","og_site_name":"Pressenza","article_publisher":"https:\/\/www.facebook.com\/PressenzaItalia","article_published_time":"2016-12-22T14:34:26+00:00","og_image":[{"width":1024,"height":692,"url":"https:\/\/www.pressenza.com\/wp-content\/uploads\/2016\/12\/Marine_Le_Pen.jpg","type":"image\/jpeg"}],"author":"Unimondo","twitter_card":"summary_large_image","twitter_creator":"@PressenzaIPA","twitter_site":"@PressenzaIPA","twitter_misc":{"Scritto da":"Unimondo","Tempo di lettura stimato":"4 minuti"},"schema":{"@context":"https:\/\/schema.org","@graph":[{"@type":"Article","@id":"https:\/\/www.pressenza.com\/it\/2016\/12\/le-elezioni-francesi-nel-mondo-della-paura\/#article","isPartOf":{"@id":"https:\/\/www.pressenza.com\/it\/2016\/12\/le-elezioni-francesi-nel-mondo-della-paura\/"},"author":{"name":"Unimondo","@id":"https:\/\/www.pressenza.com\/it\/#\/schema\/person\/c1522125703ef99487d4e50b9fbc1ecf"},"headline":"Le elezioni francesi nel mondo della paura","datePublished":"2016-12-22T14:34:26+00:00","mainEntityOfPage":{"@id":"https:\/\/www.pressenza.com\/it\/2016\/12\/le-elezioni-francesi-nel-mondo-della-paura\/"},"wordCount":745,"publisher":{"@id":"https:\/\/www.pressenza.com\/it\/#organization"},"image":{"@id":"https:\/\/www.pressenza.com\/it\/2016\/12\/le-elezioni-francesi-nel-mondo-della-paura\/#primaryimage"},"thumbnailUrl":"https:\/\/www.pressenza.com\/wp-content\/uploads\/2016\/12\/Marine_Le_Pen.jpg","keywords":["elezioni presidenziali 2017","Francia","Front National","frontiere","immigrati","Marine Le Pen"],"articleSection":["Europa","Opinioni","Politica"],"inLanguage":"it-IT"},{"@type":"WebPage","@id":"https:\/\/www.pressenza.com\/it\/2016\/12\/le-elezioni-francesi-nel-mondo-della-paura\/","url":"https:\/\/www.pressenza.com\/it\/2016\/12\/le-elezioni-francesi-nel-mondo-della-paura\/","name":"Le elezioni francesi nel mondo della paura","isPartOf":{"@id":"https:\/\/www.pressenza.com\/it\/#website"},"primaryImageOfPage":{"@id":"https:\/\/www.pressenza.com\/it\/2016\/12\/le-elezioni-francesi-nel-mondo-della-paura\/#primaryimage"},"image":{"@id":"https:\/\/www.pressenza.com\/it\/2016\/12\/le-elezioni-francesi-nel-mondo-della-paura\/#primaryimage"},"thumbnailUrl":"https:\/\/www.pressenza.com\/wp-content\/uploads\/2016\/12\/Marine_Le_Pen.jpg","datePublished":"2016-12-22T14:34:26+00:00","description":"C\u2019\u00e8 un appuntamento elettorale previsto per il 2017 che, pi\u00f9 di tutti gli altri, preoccupa gli studiosi di integrazione europea: \u00e8 quello delle","breadcrumb":{"@id":"https:\/\/www.pressenza.com\/it\/2016\/12\/le-elezioni-francesi-nel-mondo-della-paura\/#breadcrumb"},"inLanguage":"it-IT","potentialAction":[{"@type":"ReadAction","target":["https:\/\/www.pressenza.com\/it\/2016\/12\/le-elezioni-francesi-nel-mondo-della-paura\/"]}]},{"@type":"ImageObject","inLanguage":"it-IT","@id":"https:\/\/www.pressenza.com\/it\/2016\/12\/le-elezioni-francesi-nel-mondo-della-paura\/#primaryimage","url":"https:\/\/www.pressenza.com\/wp-content\/uploads\/2016\/12\/Marine_Le_Pen.jpg","contentUrl":"https:\/\/www.pressenza.com\/wp-content\/uploads\/2016\/12\/Marine_Le_Pen.jpg","width":1024,"height":692},{"@type":"BreadcrumbList","@id":"https:\/\/www.pressenza.com\/it\/2016\/12\/le-elezioni-francesi-nel-mondo-della-paura\/#breadcrumb","itemListElement":[{"@type":"ListItem","position":1,"name":"Accueil","item":"https:\/\/www.pressenza.com\/it\/"},{"@type":"ListItem","position":2,"name":"Le elezioni francesi nel mondo della paura"}]},{"@type":"WebSite","@id":"https:\/\/www.pressenza.com\/it\/#website","url":"https:\/\/www.pressenza.com\/it\/","name":"Pressenza","description":"Agenzia di Stampa Internazionale","publisher":{"@id":"https:\/\/www.pressenza.com\/it\/#organization"},"potentialAction":[{"@type":"SearchAction","target":{"@type":"EntryPoint","urlTemplate":"https:\/\/www.pressenza.com\/it\/?s={search_term_string}"},"query-input":{"@type":"PropertyValueSpecification","valueRequired":true,"valueName":"search_term_string"}}],"inLanguage":"it-IT"},{"@type":"Organization","@id":"https:\/\/www.pressenza.com\/it\/#organization","name":"Pressenza","url":"https:\/\/www.pressenza.com\/it\/","logo":{"@type":"ImageObject","inLanguage":"it-IT","@id":"https:\/\/www.pressenza.com\/it\/#\/schema\/logo\/image\/","url":"https:\/\/www.pressenza.com\/wp-content\/uploads\/2022\/10\/pressenza_logo_200x200.jpg","contentUrl":"https:\/\/www.pressenza.com\/wp-content\/uploads\/2022\/10\/pressenza_logo_200x200.jpg","width":200,"height":200,"caption":"Pressenza"},"image":{"@id":"https:\/\/www.pressenza.com\/it\/#\/schema\/logo\/image\/"},"sameAs":["https:\/\/www.facebook.com\/PressenzaItalia","https:\/\/x.com\/PressenzaIPA"]},{"@type":"Person","@id":"https:\/\/www.pressenza.com\/it\/#\/schema\/person\/c1522125703ef99487d4e50b9fbc1ecf","name":"Unimondo","description":"www.unimondo.org","url":"https:\/\/www.pressenza.com\/it\/author\/unimondo\/"}]}},"place":"","original_article_url":"","_links":{"self":[{"href":"https:\/\/www.pressenza.com\/it\/wp-json\/wp\/v2\/posts\/412768","targetHints":{"allow":["GET"]}}],"collection":[{"href":"https:\/\/www.pressenza.com\/it\/wp-json\/wp\/v2\/posts"}],"about":[{"href":"https:\/\/www.pressenza.com\/it\/wp-json\/wp\/v2\/types\/post"}],"author":[{"embeddable":true,"href":"https:\/\/www.pressenza.com\/it\/wp-json\/wp\/v2\/users\/599"}],"replies":[{"embeddable":true,"href":"https:\/\/www.pressenza.com\/it\/wp-json\/wp\/v2\/comments?post=412768"}],"version-history":[{"count":0,"href":"https:\/\/www.pressenza.com\/it\/wp-json\/wp\/v2\/posts\/412768\/revisions"}],"wp:featuredmedia":[{"embeddable":true,"href":"https:\/\/www.pressenza.com\/it\/wp-json\/wp\/v2\/media\/412769"}],"wp:attachment":[{"href":"https:\/\/www.pressenza.com\/it\/wp-json\/wp\/v2\/media?parent=412768"}],"wp:term":[{"taxonomy":"category","embeddable":true,"href":"https:\/\/www.pressenza.com\/it\/wp-json\/wp\/v2\/categories?post=412768"},{"taxonomy":"post_tag","embeddable":true,"href":"https:\/\/www.pressenza.com\/it\/wp-json\/wp\/v2\/tags?post=412768"}],"curies":[{"name":"wp","href":"https:\/\/api.w.org\/{rel}","templated":true}]}}