{"id":411077,"date":"2016-12-18T16:40:54","date_gmt":"2016-12-18T16:40:54","guid":{"rendered":"http:\/\/www.pressenza.com\/it\/?p=411077"},"modified":"2016-12-18T16:42:11","modified_gmt":"2016-12-18T16:42:11","slug":"legge-elettorale-e-se-adottassimo-quella-australiana","status":"publish","type":"post","link":"https:\/\/www.pressenza.com\/it\/2016\/12\/legge-elettorale-e-se-adottassimo-quella-australiana\/","title":{"rendered":"Legge elettorale: e se adottassimo quella australiana?"},"content":{"rendered":"<p>Tutti concordano sulla necessit\u00e0 di rendere omogenee le regole elettorali per Camera e Senato, ma poi ci si divide sul sistema da utilizzare: maggioritario o proporzionale?<\/p>\n<p>Il Presidente del Consiglio dei Ministri Paolo Gentiloni ha espresso la posizione del nuovo esecutivo: \u00a0&#8220;Cercher\u00f2 di svolgere il compito con dignit\u00e0 e responsabilit\u00e0 per accompagnare e facilitare il lavoro parlamentare nel definire le nuove regole elettorali&#8221;. Qui si pu\u00f2 cogliere immediatamente \u2013 almeno nelle intenzioni \u2013 una significativa differenza rispetto al governo precedente. Al Parlamento spetta il compito di approvare le leggi elettorali, auspicando che non si ripeta la forzatura realizzata da Matteo Renzi, il quale sulla nuova legge per l\u2019elezione dei deputati (detta \u201citalicum\u201d) aveva posto la questione di fiducia, che dal 1948 ad oggi aveva come unico precedente la cosiddetta legge \u201ctruffa\u201d nel 1953. Quest\u2019ultima fu abrogata nel 1954 e pare molto probabile che anche l\u2019attuale testo dell\u2019\u201ditalicum\u201d avr\u00e0 vita breve, a riprova che le forzature istituzionali hanno le gambe corte.<\/p>\n<p>La scelta tra proporzionale o maggioritario (seppure il modo in cui viene realizzato pu\u00f2 essere alquanto diverso) porta con s\u00e9 tendenzialmente due concezioni della politica. Chi propone il proporzionale privilegia il valore della rappresentanza, cio\u00e8 ritiene che il Parlamento debba essere lo specchio del popolo sovrano.<\/p>\n<p>Di conseguenza ogni governo necessariamente dovr\u00e0 essere sostenuto dalla maggioranza dei parlamentari in rappresentanza della maggioranza degli elettori. Ci\u00f2 significa che le coalizioni dovranno essere ampie e perci\u00f2 composte da forze politiche anche molto disomogenee.<\/p>\n<p>Chi opta per una legge maggioritaria (con premio di maggioranza o attraverso collegi uninominali, che favoriscono i partiti maggiori) si pone l\u2019obiettivo di formare maggioranze pi\u00f9 coese, per dare maggiore stabilit\u00e0 al governo, sacrificando per questo una rappresentanza corrispondente al volere popolare.<\/p>\n<p>La storia politica italiana ha mostrato che il sistema proporzionale tende a dare continuit\u00e0 alle coalizioni parlamentari: per decenni la maggioranza \u00e8 stata formata dal primo partito (la DC) e dai suoi alleati, con variazioni minime. I sistemi maggioritari, introdotti negli ultimi due decenni, hanno portato a continue alternanze nelle maggioranze parlamentari, che talvolta non hanno garantito nemmeno una maggiore coesione e stabilit\u00e0. Basti ricordare che gli ultimi due governi (Letta e Renzi) sono caduti sostanzialmente per ragioni interne al principale partito della maggioranza (PD).<\/p>\n<p>Nella discussione sulle leggi elettorali di solito si prende esempio dalla legislazione in vigore in alcuni importanti paesi europei: Germania (proporzionale), Gran Bretagna (maggioritario uninominale) e Francia (maggioritario a doppio turno). In realt\u00e0 ci sono anche altre esperienze che potrebbero essere considerate come punto di riferimento.<\/p>\n<p>Tra i sistemi maggioritari con collegi uninominali forse il metodo pi\u00f9 interessante \u00e8 quello utilizzato in Australia. Gli elettori non mettono una croce sul candidato preferito, ma devono indicare il numero di preferenza accanto a ciascun candidato del collegio uninominale. In fase di scrutinio in un primo momento si conteggia soltanto la prima preferenza. Se nessuno dei candidati raggiunge il 50% dei voti, si procede alla riassegnazione delle seconde preferenze del candidato che ha ottenuto il minor numero di consensi come prima preferenza. Se anche dopo questa riassegnazione dei voti, nessun candidato raggiunge la maggioranza, si procede ulteriormente a riassegnare le successive preferenze del candidato con minori voti, fino ad arrivare al superamento della soglia del 50%: il che al limite accade quando restano soltanto due candidati.<\/p>\n<p>Questo sistema elettorale ha alcuni evidenti pregi. Anzitutto, nessun voto viene sprecato, poich\u00e9 ogni elettore concorre comunque a determinare il vincitore di un collegio, tenendo conto delle sue preferenze. Non esiste il problema del voto utile, che spinge alcuni elettori a votare per i candidati dei maggiori partiti anzich\u00e9 per quello preferito. Il candidato vincitore \u00e8 necessariamente rappresentativo del territorio, poich\u00e9 viene scelto da almeno il 50% dei votanti. Si vota in un turno unico, ma con un sistema che contiene implicitamente tutti i successivi turni di confronto tra i candidati, grazie all\u2019ordine delle preferenze indicate nella scheda.<\/p>\n<p>Questo metodo \u00e8 sicuramente valido ogni volta che occorre scegliere un solo eletto: per esempio per le primarie di un collegio, per il segretario di un partito o per il leader di una coalizione. Teoricamente questo sistema potrebbe essere applicato anche alle coalizioni, che in questo modo verrebbero determinate dagli elettori, anzich\u00e9 da trattative tra forze politiche successivamente al voto o tra il primo e il secondo turno.<\/p>\n<p>Il sistema australiano &#8211; cos\u00ec come il sistema proporzionale &#8211; non pu\u00f2 garantire una maggioranza certa, ma occorre ricordare che nemmeno la legge elettorale approvata nel 1993 (il cosiddetto \u201cmattarellum\u201d) poteva dare questa garanzia.<\/p>\n<p>Soltanto sistemi elettorali come i successivi \u201cporcellum\u201d ed \u201citalicum\u201d, con l\u2019assegnazione di un premio di maggioranza, possono avere come esito una maggioranza sicura. Ma questa certezza va a scapito del valore costituzionale della rappresentanza, come ha rilevato la Corte Costituzionale a proposito del \u201cporcellum\u201d (e si attende il pronunciamento di fine gennaio 2017 sulla legge \u201ditalicum\u201d). D\u2019altra parte, si \u00e8 verificato che, anche con l\u2019assegnazione di premi di maggioranza, le maggioranze restano comunque incerte, perch\u00e9 le divisioni politiche tra partiti di una coalizione o tra correnti di un partito possono far venir meno qualsiasi maggioranza per quanto numericamente consistente.<\/p>\n<p>Anche per questa ragione sarebbe importante e prioritario restituire protagonismo ai cittadini elettori, affinch\u00e9 possano scegliere in piena libert\u00e0 i propri rappresentanti. Il che significa anzitutto che andrebbero abolite le liste o i capilista bloccati, che violano palesemente i diritti dell\u2019elettore garantiti dall\u2019art. 48 della Costituzione. Dopo molte elezioni che hanno portato in Parlamento schiere di nominati e non di prescelti dal popolo, il sistema australiano potrebbe essere utile anche per restituire credibilit\u00e0 alla classe politica italiana. Oggi \u00e8 necessario dare spazio ad una spinta democratica che proviene dalla sovranit\u00e0 popolare, in modo che l\u2019elettore si possa riconoscere nel rappresentante del proprio territorio, che ha direttamente contribuito ad eleggere in Parlamento.<\/p>\n<p>&nbsp;<\/p>\n","protected":false},"excerpt":{"rendered":"<p>Tutti concordano sulla necessit\u00e0 di rendere omogenee le regole elettorali per Camera e Senato, ma poi ci si divide sul sistema da utilizzare: maggioritario o proporzionale? Il Presidente del Consiglio dei Ministri Paolo Gentiloni ha espresso la posizione del nuovo&hellip;<\/p>\n","protected":false},"author":1280,"featured_media":411094,"comment_status":"closed","ping_status":"closed","sticky":false,"template":"","format":"standard","meta":{"footnotes":""},"categories":[11388,47,162,55],"tags":[8808,1659,33660,8113,33661,33662],"class_list":["post-411077","post","type-post","status-publish","format-standard","has-post-thumbnail","hentry","category-contenuti-originali","category-europa","category-opinioni","category-politica","tag-italicum","tag-legge-elettorale","tag-maggioritario","tag-porcellum","tag-proporzionale","tag-sistema-australiano"],"yoast_head":"<!-- This site is optimized with the Yoast SEO plugin v27.1.1 - https:\/\/yoast.com\/product\/yoast-seo-wordpress\/ -->\n<title>Legge elettorale: e se adottassimo quella australiana?<\/title>\n<meta name=\"description\" content=\"Tutti concordano sulla necessit\u00e0 di rendere omogenee le regole elettorali per Camera e Senato, ma poi ci si divide sul sistema da utilizzare:\" \/>\n<meta name=\"robots\" content=\"index, follow, max-snippet:-1, max-image-preview:large, max-video-preview:-1\" \/>\n<link rel=\"canonical\" href=\"https:\/\/www.pressenza.com\/it\/2016\/12\/legge-elettorale-e-se-adottassimo-quella-australiana\/\" \/>\n<meta property=\"og:locale\" content=\"it_IT\" \/>\n<meta property=\"og:type\" content=\"article\" \/>\n<meta property=\"og:title\" content=\"Legge elettorale: e se adottassimo quella australiana?\" \/>\n<meta property=\"og:description\" content=\"Tutti concordano sulla necessit\u00e0 di rendere omogenee le regole elettorali per Camera e Senato, ma poi ci si divide sul sistema da utilizzare:\" \/>\n<meta property=\"og:url\" content=\"https:\/\/www.pressenza.com\/it\/2016\/12\/legge-elettorale-e-se-adottassimo-quella-australiana\/\" \/>\n<meta property=\"og:site_name\" content=\"Pressenza\" \/>\n<meta property=\"article:publisher\" content=\"https:\/\/www.facebook.com\/PressenzaItalia\" \/>\n<meta property=\"article:published_time\" content=\"2016-12-18T16:40:54+00:00\" \/>\n<meta property=\"article:modified_time\" content=\"2016-12-18T16:42:11+00:00\" \/>\n<meta property=\"og:image\" content=\"https:\/\/www.pressenza.com\/wp-content\/uploads\/2016\/12\/Flag_of_Australia.svg_.png\" \/>\n\t<meta property=\"og:image:width\" content=\"800\" \/>\n\t<meta property=\"og:image:height\" content=\"400\" \/>\n\t<meta property=\"og:image:type\" content=\"image\/png\" \/>\n<meta name=\"author\" content=\"Rocco Artifoni\" \/>\n<meta name=\"twitter:card\" content=\"summary_large_image\" \/>\n<meta name=\"twitter:creator\" content=\"@PressenzaIPA\" \/>\n<meta name=\"twitter:site\" content=\"@PressenzaIPA\" \/>\n<meta name=\"twitter:label1\" content=\"Scritto da\" \/>\n\t<meta name=\"twitter:data1\" content=\"Rocco Artifoni\" \/>\n\t<meta name=\"twitter:label2\" content=\"Tempo di lettura stimato\" \/>\n\t<meta name=\"twitter:data2\" content=\"5 minuti\" \/>\n<script type=\"application\/ld+json\" class=\"yoast-schema-graph\">{\"@context\":\"https:\/\/schema.org\",\"@graph\":[{\"@type\":\"Article\",\"@id\":\"https:\/\/www.pressenza.com\/it\/2016\/12\/legge-elettorale-e-se-adottassimo-quella-australiana\/#article\",\"isPartOf\":{\"@id\":\"https:\/\/www.pressenza.com\/it\/2016\/12\/legge-elettorale-e-se-adottassimo-quella-australiana\/\"},\"author\":{\"name\":\"Rocco Artifoni\",\"@id\":\"https:\/\/www.pressenza.com\/it\/#\/schema\/person\/47253bd773bfdc8f669fc1a490a0d099\"},\"headline\":\"Legge elettorale: e se adottassimo quella australiana?\",\"datePublished\":\"2016-12-18T16:40:54+00:00\",\"dateModified\":\"2016-12-18T16:42:11+00:00\",\"mainEntityOfPage\":{\"@id\":\"https:\/\/www.pressenza.com\/it\/2016\/12\/legge-elettorale-e-se-adottassimo-quella-australiana\/\"},\"wordCount\":954,\"publisher\":{\"@id\":\"https:\/\/www.pressenza.com\/it\/#organization\"},\"image\":{\"@id\":\"https:\/\/www.pressenza.com\/it\/2016\/12\/legge-elettorale-e-se-adottassimo-quella-australiana\/#primaryimage\"},\"thumbnailUrl\":\"https:\/\/www.pressenza.com\/wp-content\/uploads\/2016\/12\/Flag_of_Australia.svg_.png\",\"keywords\":[\"Italicum\",\"legge elettorale\",\"maggioritario\",\"porcellum\",\"proporzionale\",\"sistema australiano\"],\"articleSection\":[\"contenuti originali\",\"Europa\",\"Opinioni\",\"Politica\"],\"inLanguage\":\"it-IT\"},{\"@type\":\"WebPage\",\"@id\":\"https:\/\/www.pressenza.com\/it\/2016\/12\/legge-elettorale-e-se-adottassimo-quella-australiana\/\",\"url\":\"https:\/\/www.pressenza.com\/it\/2016\/12\/legge-elettorale-e-se-adottassimo-quella-australiana\/\",\"name\":\"Legge elettorale: e se adottassimo quella australiana?\",\"isPartOf\":{\"@id\":\"https:\/\/www.pressenza.com\/it\/#website\"},\"primaryImageOfPage\":{\"@id\":\"https:\/\/www.pressenza.com\/it\/2016\/12\/legge-elettorale-e-se-adottassimo-quella-australiana\/#primaryimage\"},\"image\":{\"@id\":\"https:\/\/www.pressenza.com\/it\/2016\/12\/legge-elettorale-e-se-adottassimo-quella-australiana\/#primaryimage\"},\"thumbnailUrl\":\"https:\/\/www.pressenza.com\/wp-content\/uploads\/2016\/12\/Flag_of_Australia.svg_.png\",\"datePublished\":\"2016-12-18T16:40:54+00:00\",\"dateModified\":\"2016-12-18T16:42:11+00:00\",\"description\":\"Tutti concordano sulla necessit\u00e0 di rendere omogenee le regole elettorali per Camera e Senato, ma poi ci si divide sul sistema da utilizzare:\",\"breadcrumb\":{\"@id\":\"https:\/\/www.pressenza.com\/it\/2016\/12\/legge-elettorale-e-se-adottassimo-quella-australiana\/#breadcrumb\"},\"inLanguage\":\"it-IT\",\"potentialAction\":[{\"@type\":\"ReadAction\",\"target\":[\"https:\/\/www.pressenza.com\/it\/2016\/12\/legge-elettorale-e-se-adottassimo-quella-australiana\/\"]}]},{\"@type\":\"ImageObject\",\"inLanguage\":\"it-IT\",\"@id\":\"https:\/\/www.pressenza.com\/it\/2016\/12\/legge-elettorale-e-se-adottassimo-quella-australiana\/#primaryimage\",\"url\":\"https:\/\/www.pressenza.com\/wp-content\/uploads\/2016\/12\/Flag_of_Australia.svg_.png\",\"contentUrl\":\"https:\/\/www.pressenza.com\/wp-content\/uploads\/2016\/12\/Flag_of_Australia.svg_.png\",\"width\":800,\"height\":400},{\"@type\":\"BreadcrumbList\",\"@id\":\"https:\/\/www.pressenza.com\/it\/2016\/12\/legge-elettorale-e-se-adottassimo-quella-australiana\/#breadcrumb\",\"itemListElement\":[{\"@type\":\"ListItem\",\"position\":1,\"name\":\"Accueil\",\"item\":\"https:\/\/www.pressenza.com\/it\/\"},{\"@type\":\"ListItem\",\"position\":2,\"name\":\"Legge elettorale: e se adottassimo quella australiana?\"}]},{\"@type\":\"WebSite\",\"@id\":\"https:\/\/www.pressenza.com\/it\/#website\",\"url\":\"https:\/\/www.pressenza.com\/it\/\",\"name\":\"Pressenza\",\"description\":\"Agenzia di Stampa Internazionale\",\"publisher\":{\"@id\":\"https:\/\/www.pressenza.com\/it\/#organization\"},\"potentialAction\":[{\"@type\":\"SearchAction\",\"target\":{\"@type\":\"EntryPoint\",\"urlTemplate\":\"https:\/\/www.pressenza.com\/it\/?s={search_term_string}\"},\"query-input\":{\"@type\":\"PropertyValueSpecification\",\"valueRequired\":true,\"valueName\":\"search_term_string\"}}],\"inLanguage\":\"it-IT\"},{\"@type\":\"Organization\",\"@id\":\"https:\/\/www.pressenza.com\/it\/#organization\",\"name\":\"Pressenza\",\"url\":\"https:\/\/www.pressenza.com\/it\/\",\"logo\":{\"@type\":\"ImageObject\",\"inLanguage\":\"it-IT\",\"@id\":\"https:\/\/www.pressenza.com\/it\/#\/schema\/logo\/image\/\",\"url\":\"https:\/\/www.pressenza.com\/wp-content\/uploads\/2022\/10\/pressenza_logo_200x200.jpg\",\"contentUrl\":\"https:\/\/www.pressenza.com\/wp-content\/uploads\/2022\/10\/pressenza_logo_200x200.jpg\",\"width\":200,\"height\":200,\"caption\":\"Pressenza\"},\"image\":{\"@id\":\"https:\/\/www.pressenza.com\/it\/#\/schema\/logo\/image\/\"},\"sameAs\":[\"https:\/\/www.facebook.com\/PressenzaItalia\",\"https:\/\/x.com\/PressenzaIPA\"]},{\"@type\":\"Person\",\"@id\":\"https:\/\/www.pressenza.com\/it\/#\/schema\/person\/47253bd773bfdc8f669fc1a490a0d099\",\"name\":\"Rocco Artifoni\",\"description\":\"Rocco Artifoni \u00e8 nato a Bergamo nel 1960. \u00c8 presidente nazionale dell\u2019Associazione per la Riduzione del Debito Pubblico (www.ardep.it) e referente per la Lombardia dell\u2019Associazione Art. 53 (www.articolo53.it). Principali appartenenze e impegni locali (provincia di Bergamo): Consiglio Direttivo della Fondazione Serughetti La Porta (www.laportabergamo.it), Comitato provinciale per l\u2019abolizione delle barriere architettoniche (www.diversabile.it), Coordinamento provinciale di Libera (www.liberabg.it), Comitato bergamasco per la difesa della Costituzione (www.salviamolacostituzione.bg.it), Scuola di educazione e formazione alla politica We Care (www.scuolawecare.it), Redazione della rivista L\u2019Incontro e delle Edizioni Gruppo Aeper (www.aeper.it). Nel 2014 ha pubblicato insieme a Filippo Pizzolato \u201cL\u2019ABC della Costituzione\u201d per le Edizioni Gruppo Aeper con prefazione di don Luigi Ciotti. Nel 2018, insieme a Francesco Gesualdi e Antonio De Lellis, per CADTM Italia ha pubblicato il dossier \u201cFisco &amp; Debito. Gli effetti delle controriforme fiscali sul nostro debito pubblico\u201d.\",\"url\":\"https:\/\/www.pressenza.com\/it\/author\/rocco-artifoni\/\"}]}<\/script>\n<!-- \/ Yoast SEO plugin. -->","yoast_head_json":{"title":"Legge elettorale: e se adottassimo quella australiana?","description":"Tutti concordano sulla necessit\u00e0 di rendere omogenee le regole elettorali per Camera e Senato, ma poi ci si divide sul sistema da utilizzare:","robots":{"index":"index","follow":"follow","max-snippet":"max-snippet:-1","max-image-preview":"max-image-preview:large","max-video-preview":"max-video-preview:-1"},"canonical":"https:\/\/www.pressenza.com\/it\/2016\/12\/legge-elettorale-e-se-adottassimo-quella-australiana\/","og_locale":"it_IT","og_type":"article","og_title":"Legge elettorale: e se adottassimo quella australiana?","og_description":"Tutti concordano sulla necessit\u00e0 di rendere omogenee le regole elettorali per Camera e Senato, ma poi ci si divide sul sistema da utilizzare:","og_url":"https:\/\/www.pressenza.com\/it\/2016\/12\/legge-elettorale-e-se-adottassimo-quella-australiana\/","og_site_name":"Pressenza","article_publisher":"https:\/\/www.facebook.com\/PressenzaItalia","article_published_time":"2016-12-18T16:40:54+00:00","article_modified_time":"2016-12-18T16:42:11+00:00","og_image":[{"width":800,"height":400,"url":"https:\/\/www.pressenza.com\/wp-content\/uploads\/2016\/12\/Flag_of_Australia.svg_.png","type":"image\/png"}],"author":"Rocco Artifoni","twitter_card":"summary_large_image","twitter_creator":"@PressenzaIPA","twitter_site":"@PressenzaIPA","twitter_misc":{"Scritto da":"Rocco Artifoni","Tempo di lettura stimato":"5 minuti"},"schema":{"@context":"https:\/\/schema.org","@graph":[{"@type":"Article","@id":"https:\/\/www.pressenza.com\/it\/2016\/12\/legge-elettorale-e-se-adottassimo-quella-australiana\/#article","isPartOf":{"@id":"https:\/\/www.pressenza.com\/it\/2016\/12\/legge-elettorale-e-se-adottassimo-quella-australiana\/"},"author":{"name":"Rocco Artifoni","@id":"https:\/\/www.pressenza.com\/it\/#\/schema\/person\/47253bd773bfdc8f669fc1a490a0d099"},"headline":"Legge elettorale: e se adottassimo quella australiana?","datePublished":"2016-12-18T16:40:54+00:00","dateModified":"2016-12-18T16:42:11+00:00","mainEntityOfPage":{"@id":"https:\/\/www.pressenza.com\/it\/2016\/12\/legge-elettorale-e-se-adottassimo-quella-australiana\/"},"wordCount":954,"publisher":{"@id":"https:\/\/www.pressenza.com\/it\/#organization"},"image":{"@id":"https:\/\/www.pressenza.com\/it\/2016\/12\/legge-elettorale-e-se-adottassimo-quella-australiana\/#primaryimage"},"thumbnailUrl":"https:\/\/www.pressenza.com\/wp-content\/uploads\/2016\/12\/Flag_of_Australia.svg_.png","keywords":["Italicum","legge elettorale","maggioritario","porcellum","proporzionale","sistema australiano"],"articleSection":["contenuti originali","Europa","Opinioni","Politica"],"inLanguage":"it-IT"},{"@type":"WebPage","@id":"https:\/\/www.pressenza.com\/it\/2016\/12\/legge-elettorale-e-se-adottassimo-quella-australiana\/","url":"https:\/\/www.pressenza.com\/it\/2016\/12\/legge-elettorale-e-se-adottassimo-quella-australiana\/","name":"Legge elettorale: e se adottassimo quella australiana?","isPartOf":{"@id":"https:\/\/www.pressenza.com\/it\/#website"},"primaryImageOfPage":{"@id":"https:\/\/www.pressenza.com\/it\/2016\/12\/legge-elettorale-e-se-adottassimo-quella-australiana\/#primaryimage"},"image":{"@id":"https:\/\/www.pressenza.com\/it\/2016\/12\/legge-elettorale-e-se-adottassimo-quella-australiana\/#primaryimage"},"thumbnailUrl":"https:\/\/www.pressenza.com\/wp-content\/uploads\/2016\/12\/Flag_of_Australia.svg_.png","datePublished":"2016-12-18T16:40:54+00:00","dateModified":"2016-12-18T16:42:11+00:00","description":"Tutti concordano sulla necessit\u00e0 di rendere omogenee le regole elettorali per Camera e Senato, ma poi ci si divide sul sistema da utilizzare:","breadcrumb":{"@id":"https:\/\/www.pressenza.com\/it\/2016\/12\/legge-elettorale-e-se-adottassimo-quella-australiana\/#breadcrumb"},"inLanguage":"it-IT","potentialAction":[{"@type":"ReadAction","target":["https:\/\/www.pressenza.com\/it\/2016\/12\/legge-elettorale-e-se-adottassimo-quella-australiana\/"]}]},{"@type":"ImageObject","inLanguage":"it-IT","@id":"https:\/\/www.pressenza.com\/it\/2016\/12\/legge-elettorale-e-se-adottassimo-quella-australiana\/#primaryimage","url":"https:\/\/www.pressenza.com\/wp-content\/uploads\/2016\/12\/Flag_of_Australia.svg_.png","contentUrl":"https:\/\/www.pressenza.com\/wp-content\/uploads\/2016\/12\/Flag_of_Australia.svg_.png","width":800,"height":400},{"@type":"BreadcrumbList","@id":"https:\/\/www.pressenza.com\/it\/2016\/12\/legge-elettorale-e-se-adottassimo-quella-australiana\/#breadcrumb","itemListElement":[{"@type":"ListItem","position":1,"name":"Accueil","item":"https:\/\/www.pressenza.com\/it\/"},{"@type":"ListItem","position":2,"name":"Legge elettorale: e se adottassimo quella australiana?"}]},{"@type":"WebSite","@id":"https:\/\/www.pressenza.com\/it\/#website","url":"https:\/\/www.pressenza.com\/it\/","name":"Pressenza","description":"Agenzia di Stampa Internazionale","publisher":{"@id":"https:\/\/www.pressenza.com\/it\/#organization"},"potentialAction":[{"@type":"SearchAction","target":{"@type":"EntryPoint","urlTemplate":"https:\/\/www.pressenza.com\/it\/?s={search_term_string}"},"query-input":{"@type":"PropertyValueSpecification","valueRequired":true,"valueName":"search_term_string"}}],"inLanguage":"it-IT"},{"@type":"Organization","@id":"https:\/\/www.pressenza.com\/it\/#organization","name":"Pressenza","url":"https:\/\/www.pressenza.com\/it\/","logo":{"@type":"ImageObject","inLanguage":"it-IT","@id":"https:\/\/www.pressenza.com\/it\/#\/schema\/logo\/image\/","url":"https:\/\/www.pressenza.com\/wp-content\/uploads\/2022\/10\/pressenza_logo_200x200.jpg","contentUrl":"https:\/\/www.pressenza.com\/wp-content\/uploads\/2022\/10\/pressenza_logo_200x200.jpg","width":200,"height":200,"caption":"Pressenza"},"image":{"@id":"https:\/\/www.pressenza.com\/it\/#\/schema\/logo\/image\/"},"sameAs":["https:\/\/www.facebook.com\/PressenzaItalia","https:\/\/x.com\/PressenzaIPA"]},{"@type":"Person","@id":"https:\/\/www.pressenza.com\/it\/#\/schema\/person\/47253bd773bfdc8f669fc1a490a0d099","name":"Rocco Artifoni","description":"Rocco Artifoni \u00e8 nato a Bergamo nel 1960. \u00c8 presidente nazionale dell\u2019Associazione per la Riduzione del Debito Pubblico (www.ardep.it) e referente per la Lombardia dell\u2019Associazione Art. 53 (www.articolo53.it). Principali appartenenze e impegni locali (provincia di Bergamo): Consiglio Direttivo della Fondazione Serughetti La Porta (www.laportabergamo.it), Comitato provinciale per l\u2019abolizione delle barriere architettoniche (www.diversabile.it), Coordinamento provinciale di Libera (www.liberabg.it), Comitato bergamasco per la difesa della Costituzione (www.salviamolacostituzione.bg.it), Scuola di educazione e formazione alla politica We Care (www.scuolawecare.it), Redazione della rivista L\u2019Incontro e delle Edizioni Gruppo Aeper (www.aeper.it). Nel 2014 ha pubblicato insieme a Filippo Pizzolato \u201cL\u2019ABC della Costituzione\u201d per le Edizioni Gruppo Aeper con prefazione di don Luigi Ciotti. Nel 2018, insieme a Francesco Gesualdi e Antonio De Lellis, per CADTM Italia ha pubblicato il dossier \u201cFisco &amp; Debito. Gli effetti delle controriforme fiscali sul nostro debito pubblico\u201d.","url":"https:\/\/www.pressenza.com\/it\/author\/rocco-artifoni\/"}]}},"place":"","original_article_url":"","_links":{"self":[{"href":"https:\/\/www.pressenza.com\/it\/wp-json\/wp\/v2\/posts\/411077","targetHints":{"allow":["GET"]}}],"collection":[{"href":"https:\/\/www.pressenza.com\/it\/wp-json\/wp\/v2\/posts"}],"about":[{"href":"https:\/\/www.pressenza.com\/it\/wp-json\/wp\/v2\/types\/post"}],"author":[{"embeddable":true,"href":"https:\/\/www.pressenza.com\/it\/wp-json\/wp\/v2\/users\/1280"}],"replies":[{"embeddable":true,"href":"https:\/\/www.pressenza.com\/it\/wp-json\/wp\/v2\/comments?post=411077"}],"version-history":[{"count":0,"href":"https:\/\/www.pressenza.com\/it\/wp-json\/wp\/v2\/posts\/411077\/revisions"}],"wp:featuredmedia":[{"embeddable":true,"href":"https:\/\/www.pressenza.com\/it\/wp-json\/wp\/v2\/media\/411094"}],"wp:attachment":[{"href":"https:\/\/www.pressenza.com\/it\/wp-json\/wp\/v2\/media?parent=411077"}],"wp:term":[{"taxonomy":"category","embeddable":true,"href":"https:\/\/www.pressenza.com\/it\/wp-json\/wp\/v2\/categories?post=411077"},{"taxonomy":"post_tag","embeddable":true,"href":"https:\/\/www.pressenza.com\/it\/wp-json\/wp\/v2\/tags?post=411077"}],"curies":[{"name":"wp","href":"https:\/\/api.w.org\/{rel}","templated":true}]}}