{"id":410140,"date":"2016-12-15T20:22:40","date_gmt":"2016-12-15T20:22:40","guid":{"rendered":"http:\/\/www.pressenza.com\/it\/?p=410140"},"modified":"2016-12-16T16:51:26","modified_gmt":"2016-12-16T16:51:26","slug":"numeri-del-golpe-una-vita-sotto-lo-stato-demergenza","status":"publish","type":"post","link":"https:\/\/www.pressenza.com\/it\/2016\/12\/numeri-del-golpe-una-vita-sotto-lo-stato-demergenza\/","title":{"rendered":"I numeri del golpe, una vita sotto lo stato d&#8217;emergenza"},"content":{"rendered":"<p>Secondo la notizia diffusa il 14 dicembre dall\u2019agenzia di stato Anadolu Ajansi, sono 40.832 \u00a0le persone arrestate con l\u2019accusa di partecipare al tentativo di colpo di stato, oppure di appartenere alla comunit\u00e0 di Gulen, definita dallo Stato organizzazione terrorista.<\/p>\n<p>Dal 15 luglio fino ad oggi, in cinque mesi, i tribunali hanno aperto indagini che hanno coinvolto 101.799 persone. Grazie a queste indagini sono state arrestate 40.832 persone, tra cui varie appartenenti a apparati dello Stato: 2.279 tra \u00a0giudici e procuratori, 104 membri della Corte Suprema, 41 membri del Consiglio di Stato, 2 membri della Corte Costituzionale, 3 membri del Consiglio superiore della Magistratura, 168 alti ufficiali dell\u2019esercito, 6.341 soldati, 7.596 poliziotti, 17 governatori provinciali, 74 vice governatori provinciali e 69 prefetti.<\/p>\n<p>Delle 101.799 persone 34.907 sono state rilasciate con la condizionale, 9 .795 \u00a0dopo l\u2019interrogatorio e 3.512 persone dopo un periodo di detenzione cautelare. Tuttora ci sono 5.139 persone ricercate, tra cui poliziotti, soldati, alti ufficiali, governatori locali e membri del sistema giudiziario.<\/p>\n<p>Sotto lo stato d\u2019emergenza, dichiarato il 22 luglio, sono stati sospesi 85.000 impiegati statali, di cui circa 18.000 sono stati riassunti.<\/p>\n<p>Secondo una ricerca pubblicata sul sito del quotidiano nazionale Cumhuriyet il 14 dicembre, in questo periodo sono stati chiusi 121 mezzi di comunicazione di massa &#8211; giornali, canali televisivi e radiofonici, agenzie stampa, riviste &#8211; e sono stati arrestati circa 170 giornalisti.<\/p>\n<p>Sotto lo stato d\u2019emergenza le operazioni non hanno colpito soltanto i presunti golpisti, ma anche altri cittadini accusati dallo Stato di appartenere a diverse organizzazioni definite \u201cterroristiche\u201d, o di fare propaganda a favore di queste. Infatti 11.500 insegnanti sono stati sospesi con l\u2019accusa di avere dei legami con il Partito dei Lavoratori del Kurdistan (PKK); \u00a06.000 sono stati riassunti in seguito.<\/p>\n<p>Tra i settori colpiti di pi\u00f9 in questo periodo c\u2019\u00e8 anche il sistema scolastico. 15 universit\u00e0, 60 scuole private e 2.249 strutture private d\u2019istruzione sono state chiuse. Sono state sospese le elezioni autonome universitarie per eleggere il rettore. Attraverso diversi decreti sono stati licenziati 3.850 accademici.<\/p>\n<p>Anche nel mondo dell\u2019associazionismo sono state vissute le ripercussioni dello stato d\u2019emergenza. 1229 associazioni non governative sono state chiuse definitivamente; alcune di esse si occupavano dei diritti dei minori, lottavano per i diritti delle donne, oppure offrivano dei servizi di consulenza legale a carcerati o a persone accusate di attivit\u00e0 politica.<\/p>\n<p>Lo stato d\u2019emergenza dichiarato poco dopo il tentativo di colpo di stato ha coinvolto anche il mondo politico. Tuttora si trovano in carcere 12 parlamentari nazionali appartenenti al Partito Democratico dei Popoli (HDP). Secondo la dichiarazione rilasciata dalla vice co-presidente del partito, Aysel Tugluk, dal mese di luglio del 2015 a oggi 2.360 persone iscritte all\u2019HDP sono state arrestate. Secondo Tugluk grazie ai decreti legge emessi durante lo stato d\u2019emergenza 62 sindaci sono stati arrestati e 43 municipalit\u00e0 governate dall\u2019HDP e dal Partito delle Regioni Democratiche (DBP) sono state commissariate. Aysel Tugluk specifica che solo in questi ultimi due mesi 831 membri del partito sono stati arrestati in regima di detenzione preventiva e 360 membri sono stati arrestati.<\/p>\n<p>In questi mesi la Turchia, sotto lo stato d\u2019emergenza, ha vissuto dieci attentati in cui sono morte 149 persone e 702 sono rimaste ferite. Alcuni di questi attentati sono stati rivendicati dall\u2019IS (Stato Islamico), dal PKK, oppure dal TAK (Falconi della Libert\u00e0 del Kurdistan), mentre altri sono rimasti senza rivendicazione.<\/p>\n","protected":false},"excerpt":{"rendered":"<p>Secondo la notizia diffusa il 14 dicembre dall\u2019agenzia di stato Anadolu Ajansi, sono 40.832 \u00a0le persone arrestate con l\u2019accusa di partecipare al tentativo di colpo di stato, oppure di appartenere alla comunit\u00e0 di Gulen, definita dallo Stato organizzazione terrorista. Dal&hellip;<\/p>\n","protected":false},"author":899,"featured_media":346704,"comment_status":"closed","ping_status":"closed","sticky":false,"template":"","format":"standard","meta":{"footnotes":""},"categories":[11388,60,47,52],"tags":[],"class_list":["post-410140","post","type-post","status-publish","format-standard","has-post-thumbnail","hentry","category-contenuti-originali","category-diritti-umani","category-europa","category-medio-oriente"],"yoast_head":"<!-- This site is optimized with the Yoast SEO plugin v27.1.1 - https:\/\/yoast.com\/product\/yoast-seo-wordpress\/ -->\n<title>I numeri del golpe, una vita sotto lo stato d&#039;emergenza<\/title>\n<meta name=\"description\" content=\"Secondo la notizia diffusa il 14 dicembre dall\u2019agenzia di stato Anadolu Ajansi, sono 40.832 \u00a0le persone arrestate con l\u2019accusa di partecipare al tentativo\" \/>\n<meta name=\"robots\" content=\"index, follow, max-snippet:-1, max-image-preview:large, max-video-preview:-1\" \/>\n<link rel=\"canonical\" href=\"https:\/\/www.pressenza.com\/it\/2016\/12\/numeri-del-golpe-una-vita-sotto-lo-stato-demergenza\/\" \/>\n<meta property=\"og:locale\" content=\"it_IT\" \/>\n<meta property=\"og:type\" content=\"article\" \/>\n<meta property=\"og:title\" content=\"I numeri del golpe, una vita sotto lo stato d&#039;emergenza\" \/>\n<meta property=\"og:description\" content=\"Secondo la notizia diffusa il 14 dicembre dall\u2019agenzia di stato Anadolu Ajansi, sono 40.832 \u00a0le persone arrestate con l\u2019accusa di partecipare al tentativo\" \/>\n<meta property=\"og:url\" content=\"https:\/\/www.pressenza.com\/it\/2016\/12\/numeri-del-golpe-una-vita-sotto-lo-stato-demergenza\/\" \/>\n<meta property=\"og:site_name\" content=\"Pressenza\" \/>\n<meta property=\"article:publisher\" content=\"https:\/\/www.facebook.com\/PressenzaItalia\" \/>\n<meta property=\"article:author\" content=\"https:\/\/www.facebook.com\/muratcinartorino\" \/>\n<meta property=\"article:published_time\" content=\"2016-12-15T20:22:40+00:00\" \/>\n<meta property=\"article:modified_time\" content=\"2016-12-16T16:51:26+00:00\" \/>\n<meta property=\"og:image\" content=\"https:\/\/www.pressenza.com\/wp-content\/uploads\/2016\/07\/Las_calles_se_alzan.jpg\" \/>\n\t<meta property=\"og:image:width\" content=\"4800\" \/>\n\t<meta property=\"og:image:height\" content=\"3195\" \/>\n\t<meta property=\"og:image:type\" content=\"image\/jpeg\" \/>\n<meta name=\"author\" content=\"Murat Cinar\" \/>\n<meta name=\"twitter:card\" content=\"summary_large_image\" \/>\n<meta name=\"twitter:creator\" content=\"@muratcinar\" \/>\n<meta name=\"twitter:site\" content=\"@PressenzaIPA\" \/>\n<meta name=\"twitter:label1\" content=\"Scritto da\" \/>\n\t<meta name=\"twitter:data1\" content=\"Murat Cinar\" \/>\n\t<meta name=\"twitter:label2\" content=\"Tempo di lettura stimato\" \/>\n\t<meta name=\"twitter:data2\" content=\"3 minuti\" \/>\n<script type=\"application\/ld+json\" class=\"yoast-schema-graph\">{\"@context\":\"https:\/\/schema.org\",\"@graph\":[{\"@type\":\"Article\",\"@id\":\"https:\/\/www.pressenza.com\/it\/2016\/12\/numeri-del-golpe-una-vita-sotto-lo-stato-demergenza\/#article\",\"isPartOf\":{\"@id\":\"https:\/\/www.pressenza.com\/it\/2016\/12\/numeri-del-golpe-una-vita-sotto-lo-stato-demergenza\/\"},\"author\":{\"name\":\"Murat Cinar\",\"@id\":\"https:\/\/www.pressenza.com\/it\/#\/schema\/person\/e3b28c9575cd63576a05d54f8d67d1ac\"},\"headline\":\"I numeri del golpe, una vita sotto lo stato d&#8217;emergenza\",\"datePublished\":\"2016-12-15T20:22:40+00:00\",\"dateModified\":\"2016-12-16T16:51:26+00:00\",\"mainEntityOfPage\":{\"@id\":\"https:\/\/www.pressenza.com\/it\/2016\/12\/numeri-del-golpe-una-vita-sotto-lo-stato-demergenza\/\"},\"wordCount\":535,\"publisher\":{\"@id\":\"https:\/\/www.pressenza.com\/it\/#organization\"},\"image\":{\"@id\":\"https:\/\/www.pressenza.com\/it\/2016\/12\/numeri-del-golpe-una-vita-sotto-lo-stato-demergenza\/#primaryimage\"},\"thumbnailUrl\":\"https:\/\/www.pressenza.com\/wp-content\/uploads\/2016\/07\/Las_calles_se_alzan.jpg\",\"articleSection\":[\"contenuti originali\",\"Diritti Umani\",\"Europa\",\"Medio Oriente\"],\"inLanguage\":\"it-IT\"},{\"@type\":\"WebPage\",\"@id\":\"https:\/\/www.pressenza.com\/it\/2016\/12\/numeri-del-golpe-una-vita-sotto-lo-stato-demergenza\/\",\"url\":\"https:\/\/www.pressenza.com\/it\/2016\/12\/numeri-del-golpe-una-vita-sotto-lo-stato-demergenza\/\",\"name\":\"I numeri del golpe, una vita sotto lo stato d'emergenza\",\"isPartOf\":{\"@id\":\"https:\/\/www.pressenza.com\/it\/#website\"},\"primaryImageOfPage\":{\"@id\":\"https:\/\/www.pressenza.com\/it\/2016\/12\/numeri-del-golpe-una-vita-sotto-lo-stato-demergenza\/#primaryimage\"},\"image\":{\"@id\":\"https:\/\/www.pressenza.com\/it\/2016\/12\/numeri-del-golpe-una-vita-sotto-lo-stato-demergenza\/#primaryimage\"},\"thumbnailUrl\":\"https:\/\/www.pressenza.com\/wp-content\/uploads\/2016\/07\/Las_calles_se_alzan.jpg\",\"datePublished\":\"2016-12-15T20:22:40+00:00\",\"dateModified\":\"2016-12-16T16:51:26+00:00\",\"description\":\"Secondo la notizia diffusa il 14 dicembre dall\u2019agenzia di stato Anadolu Ajansi, sono 40.832 \u00a0le persone arrestate con l\u2019accusa di partecipare al tentativo\",\"breadcrumb\":{\"@id\":\"https:\/\/www.pressenza.com\/it\/2016\/12\/numeri-del-golpe-una-vita-sotto-lo-stato-demergenza\/#breadcrumb\"},\"inLanguage\":\"it-IT\",\"potentialAction\":[{\"@type\":\"ReadAction\",\"target\":[\"https:\/\/www.pressenza.com\/it\/2016\/12\/numeri-del-golpe-una-vita-sotto-lo-stato-demergenza\/\"]}]},{\"@type\":\"ImageObject\",\"inLanguage\":\"it-IT\",\"@id\":\"https:\/\/www.pressenza.com\/it\/2016\/12\/numeri-del-golpe-una-vita-sotto-lo-stato-demergenza\/#primaryimage\",\"url\":\"https:\/\/www.pressenza.com\/wp-content\/uploads\/2016\/07\/Las_calles_se_alzan.jpg\",\"contentUrl\":\"https:\/\/www.pressenza.com\/wp-content\/uploads\/2016\/07\/Las_calles_se_alzan.jpg\",\"width\":4800,\"height\":3195,\"caption\":\"El 19\/07\/2016 las calles de Estambul vivieron manifestaciones contra el intento de golpe de Estado del 15 de julio contra el Gobierno de Recep Tayyip Erdogan. El operativo lanzado desde el Gobierno para limpiar las administraciones p\u00fablicas de posibles simpatizantes del golpe lleg\u00f3 a sectores como la educaci\u00f3n, la religi\u00f3n y los medios, mientras que sigue planeando la posibilidad de que el pa\u00eds reintroduzca la pena de muerte. Foto:\u00a0Depo Photos via ZUMA Wire\/dpa\"},{\"@type\":\"BreadcrumbList\",\"@id\":\"https:\/\/www.pressenza.com\/it\/2016\/12\/numeri-del-golpe-una-vita-sotto-lo-stato-demergenza\/#breadcrumb\",\"itemListElement\":[{\"@type\":\"ListItem\",\"position\":1,\"name\":\"Accueil\",\"item\":\"https:\/\/www.pressenza.com\/it\/\"},{\"@type\":\"ListItem\",\"position\":2,\"name\":\"I numeri del golpe, una vita sotto lo stato d&#8217;emergenza\"}]},{\"@type\":\"WebSite\",\"@id\":\"https:\/\/www.pressenza.com\/it\/#website\",\"url\":\"https:\/\/www.pressenza.com\/it\/\",\"name\":\"Pressenza\",\"description\":\"Agenzia di Stampa Internazionale\",\"publisher\":{\"@id\":\"https:\/\/www.pressenza.com\/it\/#organization\"},\"potentialAction\":[{\"@type\":\"SearchAction\",\"target\":{\"@type\":\"EntryPoint\",\"urlTemplate\":\"https:\/\/www.pressenza.com\/it\/?s={search_term_string}\"},\"query-input\":{\"@type\":\"PropertyValueSpecification\",\"valueRequired\":true,\"valueName\":\"search_term_string\"}}],\"inLanguage\":\"it-IT\"},{\"@type\":\"Organization\",\"@id\":\"https:\/\/www.pressenza.com\/it\/#organization\",\"name\":\"Pressenza\",\"url\":\"https:\/\/www.pressenza.com\/it\/\",\"logo\":{\"@type\":\"ImageObject\",\"inLanguage\":\"it-IT\",\"@id\":\"https:\/\/www.pressenza.com\/it\/#\/schema\/logo\/image\/\",\"url\":\"https:\/\/www.pressenza.com\/wp-content\/uploads\/2022\/10\/pressenza_logo_200x200.jpg\",\"contentUrl\":\"https:\/\/www.pressenza.com\/wp-content\/uploads\/2022\/10\/pressenza_logo_200x200.jpg\",\"width\":200,\"height\":200,\"caption\":\"Pressenza\"},\"image\":{\"@id\":\"https:\/\/www.pressenza.com\/it\/#\/schema\/logo\/image\/\"},\"sameAs\":[\"https:\/\/www.facebook.com\/PressenzaItalia\",\"https:\/\/x.com\/PressenzaIPA\"]},{\"@type\":\"Person\",\"@id\":\"https:\/\/www.pressenza.com\/it\/#\/schema\/person\/e3b28c9575cd63576a05d54f8d67d1ac\",\"name\":\"Murat Cinar\",\"description\":\"One of the sons of Constantine, was born in 1981. Fruit of love of an immigrant couple in the former Ottoman city, she from Sebastia (Turkey) he from Batum (Georgia). Raised two steps away from the old Pera, between the Armenian and Jewish cultures. Big passion for photography, cinema, politics and inevitably journalism. After a short academic adventure in International Finance he landed in Italy back in 2001, first in Siena then in Turin, with the desire to study journalism, but he ended up attending Cinema and Television. He specializes in shooting and editing videos, photography and, lately, web marketing. Occasionally he writes in Turkey for the national magazine KaosGL, for the national daily Birgun and for various independent news portals such as Bianet and Sendika. In Italy he wrote for Il Manifesto and the monthly E-il mensile. He is one of the founders of the Glob011 monthly freepress, he worked for BabelMed and Prospettive Altre. Currently has collaborations with Pressenza and Caff\u00e8 dei Giornalisti. As long as he can get a little oxygen out of the city and a few hours free from work, he tries to write stories, frequenrly ironic ones, taken from what he observes and experiences. He tries to enrich his journey with Shiatsu, TaiChi and the passion for Fenerbah\u00e7e.\",\"sameAs\":[\"http:\/\/www.muratcinar.net\",\"https:\/\/www.facebook.com\/muratcinartorino\",\"https:\/\/www.instagram.com\/mcinar1981\",\"https:\/\/x.com\/muratcinar\",\"https:\/\/youtube.com\/c\/muratcinar\"],\"url\":\"https:\/\/www.pressenza.com\/it\/author\/murat-cinar\/\"}]}<\/script>\n<!-- \/ Yoast SEO plugin. -->","yoast_head_json":{"title":"I numeri del golpe, una vita sotto lo stato d'emergenza","description":"Secondo la notizia diffusa il 14 dicembre dall\u2019agenzia di stato Anadolu Ajansi, sono 40.832 \u00a0le persone arrestate con l\u2019accusa di partecipare al tentativo","robots":{"index":"index","follow":"follow","max-snippet":"max-snippet:-1","max-image-preview":"max-image-preview:large","max-video-preview":"max-video-preview:-1"},"canonical":"https:\/\/www.pressenza.com\/it\/2016\/12\/numeri-del-golpe-una-vita-sotto-lo-stato-demergenza\/","og_locale":"it_IT","og_type":"article","og_title":"I numeri del golpe, una vita sotto lo stato d'emergenza","og_description":"Secondo la notizia diffusa il 14 dicembre dall\u2019agenzia di stato Anadolu Ajansi, sono 40.832 \u00a0le persone arrestate con l\u2019accusa di partecipare al tentativo","og_url":"https:\/\/www.pressenza.com\/it\/2016\/12\/numeri-del-golpe-una-vita-sotto-lo-stato-demergenza\/","og_site_name":"Pressenza","article_publisher":"https:\/\/www.facebook.com\/PressenzaItalia","article_author":"https:\/\/www.facebook.com\/muratcinartorino","article_published_time":"2016-12-15T20:22:40+00:00","article_modified_time":"2016-12-16T16:51:26+00:00","og_image":[{"width":4800,"height":3195,"url":"https:\/\/www.pressenza.com\/wp-content\/uploads\/2016\/07\/Las_calles_se_alzan.jpg","type":"image\/jpeg"}],"author":"Murat Cinar","twitter_card":"summary_large_image","twitter_creator":"@muratcinar","twitter_site":"@PressenzaIPA","twitter_misc":{"Scritto da":"Murat Cinar","Tempo di lettura stimato":"3 minuti"},"schema":{"@context":"https:\/\/schema.org","@graph":[{"@type":"Article","@id":"https:\/\/www.pressenza.com\/it\/2016\/12\/numeri-del-golpe-una-vita-sotto-lo-stato-demergenza\/#article","isPartOf":{"@id":"https:\/\/www.pressenza.com\/it\/2016\/12\/numeri-del-golpe-una-vita-sotto-lo-stato-demergenza\/"},"author":{"name":"Murat Cinar","@id":"https:\/\/www.pressenza.com\/it\/#\/schema\/person\/e3b28c9575cd63576a05d54f8d67d1ac"},"headline":"I numeri del golpe, una vita sotto lo stato d&#8217;emergenza","datePublished":"2016-12-15T20:22:40+00:00","dateModified":"2016-12-16T16:51:26+00:00","mainEntityOfPage":{"@id":"https:\/\/www.pressenza.com\/it\/2016\/12\/numeri-del-golpe-una-vita-sotto-lo-stato-demergenza\/"},"wordCount":535,"publisher":{"@id":"https:\/\/www.pressenza.com\/it\/#organization"},"image":{"@id":"https:\/\/www.pressenza.com\/it\/2016\/12\/numeri-del-golpe-una-vita-sotto-lo-stato-demergenza\/#primaryimage"},"thumbnailUrl":"https:\/\/www.pressenza.com\/wp-content\/uploads\/2016\/07\/Las_calles_se_alzan.jpg","articleSection":["contenuti originali","Diritti Umani","Europa","Medio Oriente"],"inLanguage":"it-IT"},{"@type":"WebPage","@id":"https:\/\/www.pressenza.com\/it\/2016\/12\/numeri-del-golpe-una-vita-sotto-lo-stato-demergenza\/","url":"https:\/\/www.pressenza.com\/it\/2016\/12\/numeri-del-golpe-una-vita-sotto-lo-stato-demergenza\/","name":"I numeri del golpe, una vita sotto lo stato d'emergenza","isPartOf":{"@id":"https:\/\/www.pressenza.com\/it\/#website"},"primaryImageOfPage":{"@id":"https:\/\/www.pressenza.com\/it\/2016\/12\/numeri-del-golpe-una-vita-sotto-lo-stato-demergenza\/#primaryimage"},"image":{"@id":"https:\/\/www.pressenza.com\/it\/2016\/12\/numeri-del-golpe-una-vita-sotto-lo-stato-demergenza\/#primaryimage"},"thumbnailUrl":"https:\/\/www.pressenza.com\/wp-content\/uploads\/2016\/07\/Las_calles_se_alzan.jpg","datePublished":"2016-12-15T20:22:40+00:00","dateModified":"2016-12-16T16:51:26+00:00","description":"Secondo la notizia diffusa il 14 dicembre dall\u2019agenzia di stato Anadolu Ajansi, sono 40.832 \u00a0le persone arrestate con l\u2019accusa di partecipare al tentativo","breadcrumb":{"@id":"https:\/\/www.pressenza.com\/it\/2016\/12\/numeri-del-golpe-una-vita-sotto-lo-stato-demergenza\/#breadcrumb"},"inLanguage":"it-IT","potentialAction":[{"@type":"ReadAction","target":["https:\/\/www.pressenza.com\/it\/2016\/12\/numeri-del-golpe-una-vita-sotto-lo-stato-demergenza\/"]}]},{"@type":"ImageObject","inLanguage":"it-IT","@id":"https:\/\/www.pressenza.com\/it\/2016\/12\/numeri-del-golpe-una-vita-sotto-lo-stato-demergenza\/#primaryimage","url":"https:\/\/www.pressenza.com\/wp-content\/uploads\/2016\/07\/Las_calles_se_alzan.jpg","contentUrl":"https:\/\/www.pressenza.com\/wp-content\/uploads\/2016\/07\/Las_calles_se_alzan.jpg","width":4800,"height":3195,"caption":"El 19\/07\/2016 las calles de Estambul vivieron manifestaciones contra el intento de golpe de Estado del 15 de julio contra el Gobierno de Recep Tayyip Erdogan. El operativo lanzado desde el Gobierno para limpiar las administraciones p\u00fablicas de posibles simpatizantes del golpe lleg\u00f3 a sectores como la educaci\u00f3n, la religi\u00f3n y los medios, mientras que sigue planeando la posibilidad de que el pa\u00eds reintroduzca la pena de muerte. Foto:\u00a0Depo Photos via ZUMA Wire\/dpa"},{"@type":"BreadcrumbList","@id":"https:\/\/www.pressenza.com\/it\/2016\/12\/numeri-del-golpe-una-vita-sotto-lo-stato-demergenza\/#breadcrumb","itemListElement":[{"@type":"ListItem","position":1,"name":"Accueil","item":"https:\/\/www.pressenza.com\/it\/"},{"@type":"ListItem","position":2,"name":"I numeri del golpe, una vita sotto lo stato d&#8217;emergenza"}]},{"@type":"WebSite","@id":"https:\/\/www.pressenza.com\/it\/#website","url":"https:\/\/www.pressenza.com\/it\/","name":"Pressenza","description":"Agenzia di Stampa Internazionale","publisher":{"@id":"https:\/\/www.pressenza.com\/it\/#organization"},"potentialAction":[{"@type":"SearchAction","target":{"@type":"EntryPoint","urlTemplate":"https:\/\/www.pressenza.com\/it\/?s={search_term_string}"},"query-input":{"@type":"PropertyValueSpecification","valueRequired":true,"valueName":"search_term_string"}}],"inLanguage":"it-IT"},{"@type":"Organization","@id":"https:\/\/www.pressenza.com\/it\/#organization","name":"Pressenza","url":"https:\/\/www.pressenza.com\/it\/","logo":{"@type":"ImageObject","inLanguage":"it-IT","@id":"https:\/\/www.pressenza.com\/it\/#\/schema\/logo\/image\/","url":"https:\/\/www.pressenza.com\/wp-content\/uploads\/2022\/10\/pressenza_logo_200x200.jpg","contentUrl":"https:\/\/www.pressenza.com\/wp-content\/uploads\/2022\/10\/pressenza_logo_200x200.jpg","width":200,"height":200,"caption":"Pressenza"},"image":{"@id":"https:\/\/www.pressenza.com\/it\/#\/schema\/logo\/image\/"},"sameAs":["https:\/\/www.facebook.com\/PressenzaItalia","https:\/\/x.com\/PressenzaIPA"]},{"@type":"Person","@id":"https:\/\/www.pressenza.com\/it\/#\/schema\/person\/e3b28c9575cd63576a05d54f8d67d1ac","name":"Murat Cinar","description":"One of the sons of Constantine, was born in 1981. Fruit of love of an immigrant couple in the former Ottoman city, she from Sebastia (Turkey) he from Batum (Georgia). Raised two steps away from the old Pera, between the Armenian and Jewish cultures. Big passion for photography, cinema, politics and inevitably journalism. After a short academic adventure in International Finance he landed in Italy back in 2001, first in Siena then in Turin, with the desire to study journalism, but he ended up attending Cinema and Television. He specializes in shooting and editing videos, photography and, lately, web marketing. Occasionally he writes in Turkey for the national magazine KaosGL, for the national daily Birgun and for various independent news portals such as Bianet and Sendika. In Italy he wrote for Il Manifesto and the monthly E-il mensile. He is one of the founders of the Glob011 monthly freepress, he worked for BabelMed and Prospettive Altre. Currently has collaborations with Pressenza and Caff\u00e8 dei Giornalisti. As long as he can get a little oxygen out of the city and a few hours free from work, he tries to write stories, frequenrly ironic ones, taken from what he observes and experiences. He tries to enrich his journey with Shiatsu, TaiChi and the passion for Fenerbah\u00e7e.","sameAs":["http:\/\/www.muratcinar.net","https:\/\/www.facebook.com\/muratcinartorino","https:\/\/www.instagram.com\/mcinar1981","https:\/\/x.com\/muratcinar","https:\/\/youtube.com\/c\/muratcinar"],"url":"https:\/\/www.pressenza.com\/it\/author\/murat-cinar\/"}]}},"place":"","original_article_url":"","_links":{"self":[{"href":"https:\/\/www.pressenza.com\/it\/wp-json\/wp\/v2\/posts\/410140","targetHints":{"allow":["GET"]}}],"collection":[{"href":"https:\/\/www.pressenza.com\/it\/wp-json\/wp\/v2\/posts"}],"about":[{"href":"https:\/\/www.pressenza.com\/it\/wp-json\/wp\/v2\/types\/post"}],"author":[{"embeddable":true,"href":"https:\/\/www.pressenza.com\/it\/wp-json\/wp\/v2\/users\/899"}],"replies":[{"embeddable":true,"href":"https:\/\/www.pressenza.com\/it\/wp-json\/wp\/v2\/comments?post=410140"}],"version-history":[{"count":0,"href":"https:\/\/www.pressenza.com\/it\/wp-json\/wp\/v2\/posts\/410140\/revisions"}],"wp:featuredmedia":[{"embeddable":true,"href":"https:\/\/www.pressenza.com\/it\/wp-json\/wp\/v2\/media\/346704"}],"wp:attachment":[{"href":"https:\/\/www.pressenza.com\/it\/wp-json\/wp\/v2\/media?parent=410140"}],"wp:term":[{"taxonomy":"category","embeddable":true,"href":"https:\/\/www.pressenza.com\/it\/wp-json\/wp\/v2\/categories?post=410140"},{"taxonomy":"post_tag","embeddable":true,"href":"https:\/\/www.pressenza.com\/it\/wp-json\/wp\/v2\/tags?post=410140"}],"curies":[{"name":"wp","href":"https:\/\/api.w.org\/{rel}","templated":true}]}}