{"id":410023,"date":"2016-12-15T16:53:54","date_gmt":"2016-12-15T16:53:54","guid":{"rendered":"http:\/\/www.pressenza.com\/it\/?p=410023"},"modified":"2016-12-15T16:53:54","modified_gmt":"2016-12-15T16:53:54","slug":"il-20-dicembre-e-stopceta-facciamoci-sentire","status":"publish","type":"post","link":"https:\/\/www.pressenza.com\/it\/2016\/12\/il-20-dicembre-e-stopceta-facciamoci-sentire\/","title":{"rendered":"Il 20 dicembre \u00e8 #StopCETA: facciamoci sentire"},"content":{"rendered":"<p>Il CETA \u00e8 un accordo tossico per i diritti e il pianeta. Fermiamolo insieme!<\/p>\n<p><strong>Marted\u00ec 20 dicembre, dalle 11, chiediamo con un tweetstorm agli eurodeputati italiani di farci\u00a0trovare, sotto l\u2019albero di Natale, la promessa di un voto contrario al trattato UE-Canada il prossimo 3 febbraio<\/strong>.<\/p>\n<p>La Commissione Lavoro del Parlamento Europeo ha espresso il suo NO al CETA, per i troppi rischi sull\u2019occupazione e la bozza di parere della Commissione Ambiente potrebbe giungere alle stesse conclusioni, ma senza la pressione della societ\u00e0 civile molti europarlamentari cederanno alle lusinghe delle lobby, che chiedono meno vincoli al commercio\u00a0e meno regole a tutela di consumatori e lavoratori.<\/p>\n<p>Il momento della ratifica \u00e8 vicino, soltanto la nostra pressione pu\u00f2 cambiarne le sorti. Per questo il tweetstorm del 20 dicembre\u00a0\u00e8 un passo verso la\u00a0<strong>mobilitazione internazionale contro il CETA che avr\u00e0 luogo in tutta Europa il 21 gennaio<\/strong>.<\/p>\n<h3><strong><u>Cosa puoi fare tu:<\/u><\/strong><\/h3>\n<p><strong>\u2013 Invio di email agli europarlamentari della tua circoscrizione: a<\/strong>\u00a0<a href=\"https:\/\/stop-ttip-italia.net\/adotta-un-europarlamentare\/\"><strong>questo link<\/strong><\/a>\u00a0trovi tutti i contatti e il testo dell\u2019email;<\/p>\n<p>\u2013\u00a0<strong>Condividi su Facebook e twitter<\/strong>\u00a0<a href=\"https:\/\/stop-ttip-italia.net\/il-ceta-e-un-accordo-tossico-aiutali-a-smettere\/\"><strong>i banner\u00a0creati da Stop TTIP Italia<\/strong><\/a>\u00a0e coinvolgi i tuoi contatti nell\u2019adozione degli europarlamentari della tua zona;<\/p>\n<p><strong>\u2013 Tweetstorm:<\/strong>\u00a0copia e incolla i\u00a0tweet sottostanti sul tuo account personale, taggando gli eurodeputati della tua circoscrizione (<a href=\"https:\/\/stop-ttip-italia.net\/lelenco-degli-europarlamentari\/\"><strong>la lista \u00e8 a questo link<\/strong><\/a>) e rilancia quelli degli altri attivisti;<\/p>\n<ul>\n<li><em>#CETA indebolisce principio di precauzione su\u00a0#OGM e #pesticidi oggi vietati. Voti #StopCETA<strong>@europarlamentare<\/strong>!\u00a0@StopTTIP_Italia<\/em><\/li>\n<li><em>.<\/em><strong><em>@europarlamentare<\/em><\/strong><em>perch\u00e9 sostiene #CETA che non porta occupazione e taglia tutele sociali?\u00a0@StopTTIP_Italia<\/em><\/li>\n<li><em>Chiediamo voto contrario a ratifica #CETA<\/em><strong><em>@europarlamentare<\/em><\/strong><em>! Risponda a richieste societ\u00e0 civile!\u00a0@StopTTIP_Italia<\/em><\/li>\n<li><em>Perch\u00e9 sostiene #CETA che mette sul mercato i servizi pubblici<\/em><strong><em>@europarlamentare<\/em><\/strong><em>? Voti #StopCETA!\u00a0@StopTTIP_Italia<\/em><\/li>\n<li><em>Sindacati europei contrari a #CETA per impatti negativi su occupazione. Lei perch\u00e9 lo sostiene<\/em><strong><em>@europarlamentare<\/em><\/strong><em>?\u00a0@StopTTIP_Italia<\/em><\/li>\n<li><em>Voti #StopCETA alla ratifica,<\/em><strong><em>@europarlamentare<\/em><\/strong><em>. La teniamo d\u2019occhio! @StopTTIP_Italia<\/em><\/li>\n<li><em>Con #CETA aumenta commercio #petrolio da sabbie bituminose. Perch\u00e9 sostiene scempio ambientale,<\/em><strong><em>@europarlamentare<\/em><\/strong><em>?\u00a0@StopTTIP_Italia<\/em><\/li>\n<li><em>#CETA avr\u00e0 impatti negativi su #agricoltura italiana,<\/em><strong><em>@europarlamentare<\/em><\/strong><em>. Perch\u00e9 lo sostiene? Voti #StopCETA!\u00a0@StopTTIP_Italia<\/em><\/li>\n<li><em>#CETA protegge solo 41 DOP e IGP\u00a0italiane su 280. Non svenda #MadeInItaly,<\/em><strong><em>@europarlamentare<\/em><\/strong><em>. Dica #StopCETA! @StopTTIP_Italia<\/em><\/li>\n<\/ul>\n<p><a href=\"https:\/\/stop-ttip-italia.net\">https:\/\/stop-ttip-italia.net<\/a><\/p>\n<p>&nbsp;<\/p>\n","protected":false},"excerpt":{"rendered":"<p>Il CETA \u00e8 un accordo tossico per i diritti e il pianeta. Fermiamolo insieme! Marted\u00ec 20 dicembre, dalle 11, chiediamo con un tweetstorm agli eurodeputati italiani di farci\u00a0trovare, sotto l\u2019albero di Natale, la promessa di un voto contrario al trattato&hellip;<\/p>\n","protected":false},"author":1312,"featured_media":338829,"comment_status":"closed","ping_status":"closed","sticky":false,"template":"","format":"standard","meta":{"footnotes":""},"categories":[150,47,55],"tags":[7363,817,7364],"class_list":["post-410023","post","type-post","status-publish","format-standard","has-post-thumbnail","hentry","category-comunicati-stampa","category-europa","category-politica","tag-ceta-it","tag-parlamento-europeo","tag-ttip-it"],"yoast_head":"<!-- This site is optimized with the Yoast SEO plugin v27.1.1 - https:\/\/yoast.com\/product\/yoast-seo-wordpress\/ -->\n<title>Il 20 dicembre \u00e8 #StopCETA: facciamoci sentire<\/title>\n<meta name=\"description\" content=\"Il CETA \u00e8 un accordo tossico per i diritti e il pianeta. Fermiamolo insieme! Marted\u00ec 20 dicembre, dalle 11, chiediamo con un tweetstorm agli eurodeputati\" \/>\n<meta name=\"robots\" content=\"index, follow, max-snippet:-1, max-image-preview:large, max-video-preview:-1\" \/>\n<link rel=\"canonical\" href=\"https:\/\/www.pressenza.com\/it\/2016\/12\/il-20-dicembre-e-stopceta-facciamoci-sentire\/\" \/>\n<meta property=\"og:locale\" content=\"it_IT\" \/>\n<meta property=\"og:type\" content=\"article\" \/>\n<meta property=\"og:title\" content=\"Il 20 dicembre \u00e8 #StopCETA: facciamoci sentire\" \/>\n<meta property=\"og:description\" content=\"Il CETA \u00e8 un accordo tossico per i diritti e il pianeta. Fermiamolo insieme! Marted\u00ec 20 dicembre, dalle 11, chiediamo con un tweetstorm agli eurodeputati\" \/>\n<meta property=\"og:url\" content=\"https:\/\/www.pressenza.com\/it\/2016\/12\/il-20-dicembre-e-stopceta-facciamoci-sentire\/\" \/>\n<meta property=\"og:site_name\" content=\"Pressenza\" \/>\n<meta property=\"article:publisher\" content=\"https:\/\/www.facebook.com\/PressenzaItalia\" \/>\n<meta property=\"article:published_time\" content=\"2016-12-15T16:53:54+00:00\" \/>\n<meta property=\"og:image\" content=\"https:\/\/www.pressenza.com\/wp-content\/uploads\/2016\/07\/stop-TTIP-Ceta-Tisa.jpg\" \/>\n\t<meta property=\"og:image:width\" content=\"1024\" \/>\n\t<meta property=\"og:image:height\" content=\"683\" \/>\n\t<meta property=\"og:image:type\" content=\"image\/jpeg\" \/>\n<meta name=\"author\" content=\"Stop TTIP Italia\" \/>\n<meta name=\"twitter:card\" content=\"summary_large_image\" \/>\n<meta name=\"twitter:creator\" content=\"@PressenzaIPA\" \/>\n<meta name=\"twitter:site\" content=\"@PressenzaIPA\" \/>\n<meta name=\"twitter:label1\" content=\"Scritto da\" \/>\n\t<meta name=\"twitter:data1\" content=\"Stop TTIP Italia\" \/>\n\t<meta name=\"twitter:label2\" content=\"Tempo di lettura stimato\" \/>\n\t<meta name=\"twitter:data2\" content=\"2 minuti\" \/>\n<script type=\"application\/ld+json\" class=\"yoast-schema-graph\">{\"@context\":\"https:\/\/schema.org\",\"@graph\":[{\"@type\":\"Article\",\"@id\":\"https:\/\/www.pressenza.com\/it\/2016\/12\/il-20-dicembre-e-stopceta-facciamoci-sentire\/#article\",\"isPartOf\":{\"@id\":\"https:\/\/www.pressenza.com\/it\/2016\/12\/il-20-dicembre-e-stopceta-facciamoci-sentire\/\"},\"author\":{\"name\":\"Stop TTIP Italia\",\"@id\":\"https:\/\/www.pressenza.com\/it\/#\/schema\/person\/c0501dbec9d707cf205836a6ab4ac41f\"},\"headline\":\"Il 20 dicembre \u00e8 #StopCETA: facciamoci sentire\",\"datePublished\":\"2016-12-15T16:53:54+00:00\",\"mainEntityOfPage\":{\"@id\":\"https:\/\/www.pressenza.com\/it\/2016\/12\/il-20-dicembre-e-stopceta-facciamoci-sentire\/\"},\"wordCount\":358,\"publisher\":{\"@id\":\"https:\/\/www.pressenza.com\/it\/#organization\"},\"image\":{\"@id\":\"https:\/\/www.pressenza.com\/it\/2016\/12\/il-20-dicembre-e-stopceta-facciamoci-sentire\/#primaryimage\"},\"thumbnailUrl\":\"https:\/\/www.pressenza.com\/wp-content\/uploads\/2016\/07\/stop-TTIP-Ceta-Tisa.jpg\",\"keywords\":[\"CETA\",\"Parlamento Europeo\",\"TTIP\"],\"articleSection\":[\"Comunicati Stampa\",\"Europa\",\"Politica\"],\"inLanguage\":\"it-IT\"},{\"@type\":\"WebPage\",\"@id\":\"https:\/\/www.pressenza.com\/it\/2016\/12\/il-20-dicembre-e-stopceta-facciamoci-sentire\/\",\"url\":\"https:\/\/www.pressenza.com\/it\/2016\/12\/il-20-dicembre-e-stopceta-facciamoci-sentire\/\",\"name\":\"Il 20 dicembre \u00e8 #StopCETA: facciamoci sentire\",\"isPartOf\":{\"@id\":\"https:\/\/www.pressenza.com\/it\/#website\"},\"primaryImageOfPage\":{\"@id\":\"https:\/\/www.pressenza.com\/it\/2016\/12\/il-20-dicembre-e-stopceta-facciamoci-sentire\/#primaryimage\"},\"image\":{\"@id\":\"https:\/\/www.pressenza.com\/it\/2016\/12\/il-20-dicembre-e-stopceta-facciamoci-sentire\/#primaryimage\"},\"thumbnailUrl\":\"https:\/\/www.pressenza.com\/wp-content\/uploads\/2016\/07\/stop-TTIP-Ceta-Tisa.jpg\",\"datePublished\":\"2016-12-15T16:53:54+00:00\",\"description\":\"Il CETA \u00e8 un accordo tossico per i diritti e il pianeta. Fermiamolo insieme! Marted\u00ec 20 dicembre, dalle 11, chiediamo con un tweetstorm agli eurodeputati\",\"breadcrumb\":{\"@id\":\"https:\/\/www.pressenza.com\/it\/2016\/12\/il-20-dicembre-e-stopceta-facciamoci-sentire\/#breadcrumb\"},\"inLanguage\":\"it-IT\",\"potentialAction\":[{\"@type\":\"ReadAction\",\"target\":[\"https:\/\/www.pressenza.com\/it\/2016\/12\/il-20-dicembre-e-stopceta-facciamoci-sentire\/\"]}]},{\"@type\":\"ImageObject\",\"inLanguage\":\"it-IT\",\"@id\":\"https:\/\/www.pressenza.com\/it\/2016\/12\/il-20-dicembre-e-stopceta-facciamoci-sentire\/#primaryimage\",\"url\":\"https:\/\/www.pressenza.com\/wp-content\/uploads\/2016\/07\/stop-TTIP-Ceta-Tisa.jpg\",\"contentUrl\":\"https:\/\/www.pressenza.com\/wp-content\/uploads\/2016\/07\/stop-TTIP-Ceta-Tisa.jpg\",\"width\":1024,\"height\":683},{\"@type\":\"BreadcrumbList\",\"@id\":\"https:\/\/www.pressenza.com\/it\/2016\/12\/il-20-dicembre-e-stopceta-facciamoci-sentire\/#breadcrumb\",\"itemListElement\":[{\"@type\":\"ListItem\",\"position\":1,\"name\":\"Accueil\",\"item\":\"https:\/\/www.pressenza.com\/it\/\"},{\"@type\":\"ListItem\",\"position\":2,\"name\":\"Il 20 dicembre \u00e8 #StopCETA: facciamoci sentire\"}]},{\"@type\":\"WebSite\",\"@id\":\"https:\/\/www.pressenza.com\/it\/#website\",\"url\":\"https:\/\/www.pressenza.com\/it\/\",\"name\":\"Pressenza\",\"description\":\"Agenzia di Stampa Internazionale\",\"publisher\":{\"@id\":\"https:\/\/www.pressenza.com\/it\/#organization\"},\"potentialAction\":[{\"@type\":\"SearchAction\",\"target\":{\"@type\":\"EntryPoint\",\"urlTemplate\":\"https:\/\/www.pressenza.com\/it\/?s={search_term_string}\"},\"query-input\":{\"@type\":\"PropertyValueSpecification\",\"valueRequired\":true,\"valueName\":\"search_term_string\"}}],\"inLanguage\":\"it-IT\"},{\"@type\":\"Organization\",\"@id\":\"https:\/\/www.pressenza.com\/it\/#organization\",\"name\":\"Pressenza\",\"url\":\"https:\/\/www.pressenza.com\/it\/\",\"logo\":{\"@type\":\"ImageObject\",\"inLanguage\":\"it-IT\",\"@id\":\"https:\/\/www.pressenza.com\/it\/#\/schema\/logo\/image\/\",\"url\":\"https:\/\/www.pressenza.com\/wp-content\/uploads\/2022\/10\/pressenza_logo_200x200.jpg\",\"contentUrl\":\"https:\/\/www.pressenza.com\/wp-content\/uploads\/2022\/10\/pressenza_logo_200x200.jpg\",\"width\":200,\"height\":200,\"caption\":\"Pressenza\"},\"image\":{\"@id\":\"https:\/\/www.pressenza.com\/it\/#\/schema\/logo\/image\/\"},\"sameAs\":[\"https:\/\/www.facebook.com\/PressenzaItalia\",\"https:\/\/x.com\/PressenzaIPA\"]},{\"@type\":\"Person\",\"@id\":\"https:\/\/www.pressenza.com\/it\/#\/schema\/person\/c0501dbec9d707cf205836a6ab4ac41f\",\"name\":\"Stop TTIP Italia\",\"sameAs\":[\"https:\/\/stop-ttip-italia.net\/\"],\"url\":\"https:\/\/www.pressenza.com\/it\/author\/stop-ttip-italia\/\"}]}<\/script>\n<!-- \/ Yoast SEO plugin. -->","yoast_head_json":{"title":"Il 20 dicembre \u00e8 #StopCETA: facciamoci sentire","description":"Il CETA \u00e8 un accordo tossico per i diritti e il pianeta. Fermiamolo insieme! Marted\u00ec 20 dicembre, dalle 11, chiediamo con un tweetstorm agli eurodeputati","robots":{"index":"index","follow":"follow","max-snippet":"max-snippet:-1","max-image-preview":"max-image-preview:large","max-video-preview":"max-video-preview:-1"},"canonical":"https:\/\/www.pressenza.com\/it\/2016\/12\/il-20-dicembre-e-stopceta-facciamoci-sentire\/","og_locale":"it_IT","og_type":"article","og_title":"Il 20 dicembre \u00e8 #StopCETA: facciamoci sentire","og_description":"Il CETA \u00e8 un accordo tossico per i diritti e il pianeta. Fermiamolo insieme! Marted\u00ec 20 dicembre, dalle 11, chiediamo con un tweetstorm agli eurodeputati","og_url":"https:\/\/www.pressenza.com\/it\/2016\/12\/il-20-dicembre-e-stopceta-facciamoci-sentire\/","og_site_name":"Pressenza","article_publisher":"https:\/\/www.facebook.com\/PressenzaItalia","article_published_time":"2016-12-15T16:53:54+00:00","og_image":[{"width":1024,"height":683,"url":"https:\/\/www.pressenza.com\/wp-content\/uploads\/2016\/07\/stop-TTIP-Ceta-Tisa.jpg","type":"image\/jpeg"}],"author":"Stop TTIP Italia","twitter_card":"summary_large_image","twitter_creator":"@PressenzaIPA","twitter_site":"@PressenzaIPA","twitter_misc":{"Scritto da":"Stop TTIP Italia","Tempo di lettura stimato":"2 minuti"},"schema":{"@context":"https:\/\/schema.org","@graph":[{"@type":"Article","@id":"https:\/\/www.pressenza.com\/it\/2016\/12\/il-20-dicembre-e-stopceta-facciamoci-sentire\/#article","isPartOf":{"@id":"https:\/\/www.pressenza.com\/it\/2016\/12\/il-20-dicembre-e-stopceta-facciamoci-sentire\/"},"author":{"name":"Stop TTIP Italia","@id":"https:\/\/www.pressenza.com\/it\/#\/schema\/person\/c0501dbec9d707cf205836a6ab4ac41f"},"headline":"Il 20 dicembre \u00e8 #StopCETA: facciamoci sentire","datePublished":"2016-12-15T16:53:54+00:00","mainEntityOfPage":{"@id":"https:\/\/www.pressenza.com\/it\/2016\/12\/il-20-dicembre-e-stopceta-facciamoci-sentire\/"},"wordCount":358,"publisher":{"@id":"https:\/\/www.pressenza.com\/it\/#organization"},"image":{"@id":"https:\/\/www.pressenza.com\/it\/2016\/12\/il-20-dicembre-e-stopceta-facciamoci-sentire\/#primaryimage"},"thumbnailUrl":"https:\/\/www.pressenza.com\/wp-content\/uploads\/2016\/07\/stop-TTIP-Ceta-Tisa.jpg","keywords":["CETA","Parlamento Europeo","TTIP"],"articleSection":["Comunicati Stampa","Europa","Politica"],"inLanguage":"it-IT"},{"@type":"WebPage","@id":"https:\/\/www.pressenza.com\/it\/2016\/12\/il-20-dicembre-e-stopceta-facciamoci-sentire\/","url":"https:\/\/www.pressenza.com\/it\/2016\/12\/il-20-dicembre-e-stopceta-facciamoci-sentire\/","name":"Il 20 dicembre \u00e8 #StopCETA: facciamoci sentire","isPartOf":{"@id":"https:\/\/www.pressenza.com\/it\/#website"},"primaryImageOfPage":{"@id":"https:\/\/www.pressenza.com\/it\/2016\/12\/il-20-dicembre-e-stopceta-facciamoci-sentire\/#primaryimage"},"image":{"@id":"https:\/\/www.pressenza.com\/it\/2016\/12\/il-20-dicembre-e-stopceta-facciamoci-sentire\/#primaryimage"},"thumbnailUrl":"https:\/\/www.pressenza.com\/wp-content\/uploads\/2016\/07\/stop-TTIP-Ceta-Tisa.jpg","datePublished":"2016-12-15T16:53:54+00:00","description":"Il CETA \u00e8 un accordo tossico per i diritti e il pianeta. Fermiamolo insieme! Marted\u00ec 20 dicembre, dalle 11, chiediamo con un tweetstorm agli eurodeputati","breadcrumb":{"@id":"https:\/\/www.pressenza.com\/it\/2016\/12\/il-20-dicembre-e-stopceta-facciamoci-sentire\/#breadcrumb"},"inLanguage":"it-IT","potentialAction":[{"@type":"ReadAction","target":["https:\/\/www.pressenza.com\/it\/2016\/12\/il-20-dicembre-e-stopceta-facciamoci-sentire\/"]}]},{"@type":"ImageObject","inLanguage":"it-IT","@id":"https:\/\/www.pressenza.com\/it\/2016\/12\/il-20-dicembre-e-stopceta-facciamoci-sentire\/#primaryimage","url":"https:\/\/www.pressenza.com\/wp-content\/uploads\/2016\/07\/stop-TTIP-Ceta-Tisa.jpg","contentUrl":"https:\/\/www.pressenza.com\/wp-content\/uploads\/2016\/07\/stop-TTIP-Ceta-Tisa.jpg","width":1024,"height":683},{"@type":"BreadcrumbList","@id":"https:\/\/www.pressenza.com\/it\/2016\/12\/il-20-dicembre-e-stopceta-facciamoci-sentire\/#breadcrumb","itemListElement":[{"@type":"ListItem","position":1,"name":"Accueil","item":"https:\/\/www.pressenza.com\/it\/"},{"@type":"ListItem","position":2,"name":"Il 20 dicembre \u00e8 #StopCETA: facciamoci sentire"}]},{"@type":"WebSite","@id":"https:\/\/www.pressenza.com\/it\/#website","url":"https:\/\/www.pressenza.com\/it\/","name":"Pressenza","description":"Agenzia di Stampa Internazionale","publisher":{"@id":"https:\/\/www.pressenza.com\/it\/#organization"},"potentialAction":[{"@type":"SearchAction","target":{"@type":"EntryPoint","urlTemplate":"https:\/\/www.pressenza.com\/it\/?s={search_term_string}"},"query-input":{"@type":"PropertyValueSpecification","valueRequired":true,"valueName":"search_term_string"}}],"inLanguage":"it-IT"},{"@type":"Organization","@id":"https:\/\/www.pressenza.com\/it\/#organization","name":"Pressenza","url":"https:\/\/www.pressenza.com\/it\/","logo":{"@type":"ImageObject","inLanguage":"it-IT","@id":"https:\/\/www.pressenza.com\/it\/#\/schema\/logo\/image\/","url":"https:\/\/www.pressenza.com\/wp-content\/uploads\/2022\/10\/pressenza_logo_200x200.jpg","contentUrl":"https:\/\/www.pressenza.com\/wp-content\/uploads\/2022\/10\/pressenza_logo_200x200.jpg","width":200,"height":200,"caption":"Pressenza"},"image":{"@id":"https:\/\/www.pressenza.com\/it\/#\/schema\/logo\/image\/"},"sameAs":["https:\/\/www.facebook.com\/PressenzaItalia","https:\/\/x.com\/PressenzaIPA"]},{"@type":"Person","@id":"https:\/\/www.pressenza.com\/it\/#\/schema\/person\/c0501dbec9d707cf205836a6ab4ac41f","name":"Stop TTIP Italia","sameAs":["https:\/\/stop-ttip-italia.net\/"],"url":"https:\/\/www.pressenza.com\/it\/author\/stop-ttip-italia\/"}]}},"place":"","original_article_url":"","_links":{"self":[{"href":"https:\/\/www.pressenza.com\/it\/wp-json\/wp\/v2\/posts\/410023","targetHints":{"allow":["GET"]}}],"collection":[{"href":"https:\/\/www.pressenza.com\/it\/wp-json\/wp\/v2\/posts"}],"about":[{"href":"https:\/\/www.pressenza.com\/it\/wp-json\/wp\/v2\/types\/post"}],"author":[{"embeddable":true,"href":"https:\/\/www.pressenza.com\/it\/wp-json\/wp\/v2\/users\/1312"}],"replies":[{"embeddable":true,"href":"https:\/\/www.pressenza.com\/it\/wp-json\/wp\/v2\/comments?post=410023"}],"version-history":[{"count":0,"href":"https:\/\/www.pressenza.com\/it\/wp-json\/wp\/v2\/posts\/410023\/revisions"}],"wp:featuredmedia":[{"embeddable":true,"href":"https:\/\/www.pressenza.com\/it\/wp-json\/wp\/v2\/media\/338829"}],"wp:attachment":[{"href":"https:\/\/www.pressenza.com\/it\/wp-json\/wp\/v2\/media?parent=410023"}],"wp:term":[{"taxonomy":"category","embeddable":true,"href":"https:\/\/www.pressenza.com\/it\/wp-json\/wp\/v2\/categories?post=410023"},{"taxonomy":"post_tag","embeddable":true,"href":"https:\/\/www.pressenza.com\/it\/wp-json\/wp\/v2\/tags?post=410023"}],"curies":[{"name":"wp","href":"https:\/\/api.w.org\/{rel}","templated":true}]}}