{"id":409175,"date":"2016-12-13T23:53:40","date_gmt":"2016-12-13T23:53:40","guid":{"rendered":"http:\/\/www.pressenza.com\/it\/?p=409175"},"modified":"2016-12-13T23:53:40","modified_gmt":"2016-12-13T23:53:40","slug":"olivier-turquet-non-ce-miglior-parola-di-antiumanesimo-per-definire-la-destra","status":"publish","type":"post","link":"https:\/\/www.pressenza.com\/it\/2016\/12\/olivier-turquet-non-ce-miglior-parola-di-antiumanesimo-per-definire-la-destra\/","title":{"rendered":"Olivier Turquet \u201cNon c&#8217;\u00e8 miglior parola di antiumanesimo per definire la destra\u201d"},"content":{"rendered":"<p><em>A Pressenza Internazionale En la Oreja abbiamo intervistato Olivier Turquet, qui l&#8217;audio e la trascrizione:<br \/>\n<\/em><\/p>\n<!--[if lt IE 9]><script>document.createElement('audio');<\/script><![endif]-->\n<audio class=\"wp-audio-shortcode\" id=\"audio-409175-1\" preload=\"none\" style=\"width: 100%;\" controls=\"controls\"><source type=\"audio\/mpeg\" src=\"http:\/\/mx.ivoox.com\/es\/la-gente-esta-votando-antisistema-olivier-turquet_md_14809796_wp_1.mp3?_=1\" \/><a href=\"http:\/\/mx.ivoox.com\/es\/la-gente-esta-votando-antisistema-olivier-turquet_md_14809796_wp_1.mp3\">http:\/\/mx.ivoox.com\/es\/la-gente-esta-votando-antisistema-olivier-turquet_md_14809796_wp_1.mp3<\/a><\/audio>\n<p><a title=\"'La gente est\u00e1 votando antisistema' Olivier Turquet\" href=\"http:\/\/mx.ivoox.com\/es\/la-gente-esta-votando-antisistema-olivier-turquet-audios-mp3_rf_14809796_1.html\">scaricare<\/a><\/p>\n<p><em>L&#8217;Europa continua ad essere luogo di grande movimento politico, con la crescita della destra xenofoba sia in termini di appoggio popolare sia di spazio ceduto alle sue opinioni razziste e intolleranti sui mezzi di comunicazione.<\/em><\/p>\n<p><em>Lo scorso fine settimana si sono svolti due atti elettorali che cercheremo di decifrare un po&#8217;. Uno in Austria, dove per la seconda volta si \u00e8 ripetuta la seconda tornata delle elezioni presidenziali: il candidato del partito verde ha vinto con un vantaggio del 7,8% sul concorrente del partito di ultra-destra.<\/em><\/p>\n<p><em>Dall&#8217;altra parte, l&#8217;Italia ha consultato la sua popolazione sulla possibilit\u00e0 di effettuare alcuni cambiamenti costituzionali che presumibilmente le avrebbero dato una maggiore stabilit\u00e0 politica, in un paese che ha avuto 64 governi diversi nei 72 anni successivi alla seconda guerra mondiale.<\/em><\/p>\n<p><em>Con noi, dalla citt\u00e0 di Firenze, culla dell&#8217;umanesimo storico, per parlare di questi due temi <\/em><em>\u00e8 presente Olivier Turquet, coordinatore della redazione italiana di Pressenza.<\/em><\/p>\n<p><em>Olivier \u00e8 autore, professore e editore con una propria casa editrice, che pubblica libri sulla pace, la nonviolenza e l&#8217;umanesimo universalista.<\/em><\/p>\n<p><b>Prima di parlare del fenomeno austriaco, racconta ai nostri ascoltatori equadoriani, che magari non hanno prestato molta attenzione agli avvenimenti italiani, quali sono state le proposte del governo che si sarebbero volute approvare, e gli antecedenti di queste proposte? E qual \u00e8 stato il risultato?<\/b><\/p>\n<p>Prima di tutto, credo sia necessario spiegare che la costituzione italiana \u00e8 una costituzione relativamente nuova, ha circa 70 anni ed \u00e8 figlia della fine della Seconda Guerra mondiale. E&#8217; contemporanea della Dichiarazione Universale dei Diritti dell&#8217;Uomo, con un anno di differenza, e dello stesso clima politico e culturale dell&#8217;epoca. Un clima, cio\u00e8, di ricostruzione nazionale, europea, mondiale. Questo \u00e8 un fattore molto importante. C&#8217;\u00e8 una parte importante della societ\u00e0 italiana che, nonostante il colore politico, tiene molto a questa costituzione, perch\u00e9 l&#8217;hanno costruita insieme comunisti e democristiani, repubblicani e liberali.<\/p>\n<p>La questione del cambiamento della costituzione ha un lungo processo, questa \u00e8 stata la terza volta che hanno cercato di cambiarla e la terza volta che hanno fallito. In questo caso, nel plebiscito che si \u00e8 svolto per confermare il cambiamento, si \u00e8 trattato di secco no. Da una parte c&#8217;\u00e8 stata una partecipazione popolare molto importante, quasi il 70% dei votanti, cosa che non \u00e8 accaduta in altri recenti plebisciti, e il no ha vinto con quasi il 60% dei voti. C&#8217;erano due fattori, uno era il tema del cambiamento, che era molto confuso e mescolava molte cose, ma ci\u00f2 di cui parlava il governo, che diceva Matteo Renzi, era la questione della stabilit\u00e0. La gente ha detto che la stabilit\u00e0 non vale la mancanza di diritti politici. Questo \u00e8 il tema pi\u00f9 importante.<\/p>\n<p>Il fronte del no era molto vario, c&#8217;era la destra, qualcuno di centro, l&#8217;estrema sinistra, gli umanisti, la Lista Civica, il movimento di Beppe Grillo. Praticamente, Renzi ha finito per mettersi contro tutti e ha cominciato a personalizzare molto questa riforma. Cos\u00ec questo no \u00e8 stato anche un no a Renzi. Comunque, noi come Pressenza abbiamo dato molta informazione sui temi specifici, perch\u00e9 ci \u00e8 sembrato importante informare la gente e ci \u00e8 sembrato importante che potesse decidere per il s\u00ec o per il no. Nei nostri commenti abbiamo sottolineato che bisognava differenziare la politicizzazione del plebiscito dalla decisione del si o no al cambiamento della costituzione. Una costituzione assai progressista, una delle poche al mondo che rifiuta la guerra come strumento di risoluzione dei conflitti. Questo articolo non era in discussione, era piuttosto nel contesto; il contesto era quello di semplificare, di eliminare una delle due camere, c&#8217;erano vari temi. Tutto in senso autoritario, di restrizione della libert\u00e0 e, inoltre, molti analisti dicono che si trattava di quello che la Goldman Sachs aveva richiesto ai governi europei per continuare con i suoi investimenti. Cosicch\u00e9 c&#8217;era un&#8217;influenza molto forte da parte delle imprese internazionali di speculazione finanziaria per evitare che i popoli potessero decidere.<\/p>\n<p><b>Possiamo dire che questo risultato \u00e8 stato sorprendente, come quello della Brexit, di Trump o il no alla pace in Colombia? O \u00e8 stato ci\u00f2 che ci si aspettava?<\/b><\/p>\n<p>Questo risultato \u00e8 stato inaspettato. Effettivamente \u00e8 stata fatta molta pressione per il s\u00ec. In realt\u00e0, fino all&#8217;ultimo Beppe Grillo, che era per il no, nel suo discorso diceva di essere preoccupato per la tremenda divisione del paese. Alla fine la tremenda divisione del paese non c&#8217;\u00e8 stata, perch\u00e9 quasi il 60% ha votato no. In queste situazioni, normalmente, non c&#8217;\u00e8 una maggioranza cos\u00ec grande. Alcuni ricordavano il referendum per confermare il divorzio, che pure \u00e8 stato vinto in modo molto chiaro, 60 a 40. Ha sorpreso alcuni che in malafede volevano dire in tutti i modi che avrebbe vinto il s\u00ec.<\/p>\n<p><b>Ormai pi\u00f9 nessuno si sorprende per nessun risultato. Allargando un poco lo sguardo a tutta l&#8217;Europa e al paese a nord, l&#8217;Austria, sembra che ci sia stata una crescita popolare molto grande per la destra, cosa che fa parte di un fenomeno in aumento nel vecchio continente. Come lo si vede dall&#8217;Italia? Il fenomeno \u00e8 reale o \u00e8 un effetto dei mezzi di comunicazione?<\/b><\/p>\n<p>Sicuramente i media hanno un punto di vista che non \u00e8 molto interessante, perch\u00e9 se si guardano i diversi fenomeni, ci si rende conto che c&#8217;\u00e8 un denominatore comune che non \u00e8 la destra tradizionale. Non \u00e8 che vincano quelli di destra, vincono gli antisistema. In Italia ora gli antisistema sono rappresentati dal Movimento 5 Stelle, in cui c&#8217;\u00e8 di tutto, all&#8217;interno ci sono anche fascisti, che in pi\u00f9 dichiarano che la divisione tra destra e sinistra \u00e8 ormai superata. Noi non siamo d&#8217;accordo con questo, pensiamo che la sinistra, con tutti gli errori, sia migliore della destra. Non ci sono parole migliori dell&#8217;antiumanesimo per definire la destra, non servono altre parole. Ma loro, con questa cosa di mischiare un po&#8217; tutto, di avere una posizione anti-immigrazione, e allo stesso tempo posizioni molto ecologiste, sono una mistura strana. Ma sicuramente loro stessi non dicono di essere un movimento di destra. E ora prendono circa un terzo dei voti in Italia. Pi\u00f9 di Marine Le Pen, meno che in questa polarizzazione, il candidato di estrema destra austriaco. Bisogna considerare che in Austria aveva dietro tutta la destra. I due partiti storici che in Austria hanno sempre vinto, hanno perso entrambi, e hanno lasciato spazio a uno strano ecologista a sinistra, per cos\u00ec dire, e a quest&#8217;uomo, Hofer, di estrema destra, a destra. Ma il realt\u00e0, prima di tutto ci\u00f2, e non se ne parla gi\u00e0 pi\u00f9, i due partiti che vincevano sempre, i liberali e i socialdemocratici, hanno perso le elezioni. Questo \u00e8 antisistema. Cio\u00e8 i due elementi, molto diversi tra loro, l&#8217;ecologista e il nazi, erano i due antisistema. Io direi che in questo momento sta vincendo la confusione, quello che grida pi\u00f9 forte e l&#8217;antisistema. Tornando al plebiscito, direi anche che una compositiva, che a me non piace ma che riconosco nel no, \u00e8 stata antisistema. In quel momento Renzi rappresentava il sistema.<\/p>\n<p>&nbsp;<\/p>\n<p><i>Traduzione dallo spagnolo di Matilde Mirabella<\/i><\/p>\n<p>&nbsp;<\/p>\n","protected":false},"excerpt":{"rendered":"<p>A Pressenza Internazionale En la Oreja abbiamo intervistato Olivier Turquet, qui l&#8217;audio e la trascrizione: scaricare L&#8217;Europa continua ad essere luogo di grande movimento politico, con la crescita della destra xenofoba sia in termini di appoggio popolare sia di spazio&hellip;<\/p>\n","protected":false},"author":1011,"featured_media":407839,"comment_status":"closed","ping_status":"closed","sticky":false,"template":"","format":"standard","meta":{"footnotes":""},"categories":[11388,56,47,38,157,55,27993],"tags":[9191,173,616,4649],"class_list":["post-409175","post","type-post","status-publish","format-standard","has-post-thumbnail","hentry","category-contenuti-originali","category-cultura","category-europa","category-internazionale","category-interviste","category-politica","category-radio-it","tag-austria-it","tag-democrazia","tag-elezioni","tag-matteo-renzi"],"yoast_head":"<!-- This site is optimized with the Yoast SEO plugin v27.1.1 - https:\/\/yoast.com\/product\/yoast-seo-wordpress\/ -->\n<title>Olivier Turquet \u201cNon c&#039;\u00e8 miglior parola di antiumanesimo per definire la destra\u201d<\/title>\n<meta name=\"description\" content=\"A Pressenza Internazionale En la Oreja abbiamo intervistato Olivier Turquet, qui l&#039;audio e la trascrizione: scaricare L&#039;Europa continua ad essere luogo di\" \/>\n<meta name=\"robots\" content=\"index, follow, max-snippet:-1, max-image-preview:large, max-video-preview:-1\" \/>\n<link rel=\"canonical\" href=\"https:\/\/www.pressenza.com\/it\/2016\/12\/olivier-turquet-non-ce-miglior-parola-di-antiumanesimo-per-definire-la-destra\/\" \/>\n<meta property=\"og:locale\" content=\"it_IT\" \/>\n<meta property=\"og:type\" content=\"article\" \/>\n<meta property=\"og:title\" content=\"Olivier Turquet \u201cNon c&#039;\u00e8 miglior parola di antiumanesimo per definire la destra\u201d\" \/>\n<meta property=\"og:description\" content=\"A Pressenza Internazionale En la Oreja abbiamo intervistato Olivier Turquet, qui l&#039;audio e la trascrizione: scaricare L&#039;Europa continua ad essere luogo di\" \/>\n<meta property=\"og:url\" content=\"https:\/\/www.pressenza.com\/it\/2016\/12\/olivier-turquet-non-ce-miglior-parola-di-antiumanesimo-per-definire-la-destra\/\" \/>\n<meta property=\"og:site_name\" content=\"Pressenza\" \/>\n<meta property=\"article:publisher\" content=\"https:\/\/www.facebook.com\/PressenzaItalia\" \/>\n<meta property=\"article:published_time\" content=\"2016-12-13T23:53:40+00:00\" \/>\n<meta property=\"og:image\" content=\"https:\/\/www.pressenza.com\/wp-content\/uploads\/2016\/12\/oli-1.png\" \/>\n\t<meta property=\"og:image:width\" content=\"926\" \/>\n\t<meta property=\"og:image:height\" content=\"653\" \/>\n\t<meta property=\"og:image:type\" content=\"image\/png\" \/>\n<meta name=\"author\" content=\"Redacci\u00f3n Ecuador\" \/>\n<meta name=\"twitter:card\" content=\"summary_large_image\" \/>\n<meta name=\"twitter:creator\" content=\"@PressenzaIPA\" \/>\n<meta name=\"twitter:site\" content=\"@PressenzaIPA\" \/>\n<meta name=\"twitter:label1\" content=\"Scritto da\" \/>\n\t<meta name=\"twitter:data1\" content=\"Redacci\u00f3n Ecuador\" \/>\n\t<meta name=\"twitter:label2\" content=\"Tempo di lettura stimato\" \/>\n\t<meta name=\"twitter:data2\" content=\"6 minuti\" \/>\n<script type=\"application\/ld+json\" class=\"yoast-schema-graph\">{\"@context\":\"https:\/\/schema.org\",\"@graph\":[{\"@type\":\"Article\",\"@id\":\"https:\/\/www.pressenza.com\/it\/2016\/12\/olivier-turquet-non-ce-miglior-parola-di-antiumanesimo-per-definire-la-destra\/#article\",\"isPartOf\":{\"@id\":\"https:\/\/www.pressenza.com\/it\/2016\/12\/olivier-turquet-non-ce-miglior-parola-di-antiumanesimo-per-definire-la-destra\/\"},\"author\":{\"name\":\"Redacci\u00f3n Ecuador\",\"@id\":\"https:\/\/www.pressenza.com\/it\/#\/schema\/person\/883a735c40665759bcc6fe0c26bcb46f\"},\"headline\":\"Olivier Turquet \u201cNon c&#8217;\u00e8 miglior parola di antiumanesimo per definire la destra\u201d\",\"datePublished\":\"2016-12-13T23:53:40+00:00\",\"mainEntityOfPage\":{\"@id\":\"https:\/\/www.pressenza.com\/it\/2016\/12\/olivier-turquet-non-ce-miglior-parola-di-antiumanesimo-per-definire-la-destra\/\"},\"wordCount\":1191,\"publisher\":{\"@id\":\"https:\/\/www.pressenza.com\/it\/#organization\"},\"image\":{\"@id\":\"https:\/\/www.pressenza.com\/it\/2016\/12\/olivier-turquet-non-ce-miglior-parola-di-antiumanesimo-per-definire-la-destra\/#primaryimage\"},\"thumbnailUrl\":\"https:\/\/www.pressenza.com\/wp-content\/uploads\/2016\/12\/oli-1.png\",\"keywords\":[\"Austria\",\"Democrazia\",\"elezioni\",\"Matteo Renzi\"],\"articleSection\":[\"contenuti originali\",\"Cultura e Media\",\"Europa\",\"Internazionale\",\"Interviste\",\"Politica\",\"Radio\"],\"inLanguage\":\"it-IT\"},{\"@type\":\"WebPage\",\"@id\":\"https:\/\/www.pressenza.com\/it\/2016\/12\/olivier-turquet-non-ce-miglior-parola-di-antiumanesimo-per-definire-la-destra\/\",\"url\":\"https:\/\/www.pressenza.com\/it\/2016\/12\/olivier-turquet-non-ce-miglior-parola-di-antiumanesimo-per-definire-la-destra\/\",\"name\":\"Olivier Turquet \u201cNon c'\u00e8 miglior parola di antiumanesimo per definire la destra\u201d\",\"isPartOf\":{\"@id\":\"https:\/\/www.pressenza.com\/it\/#website\"},\"primaryImageOfPage\":{\"@id\":\"https:\/\/www.pressenza.com\/it\/2016\/12\/olivier-turquet-non-ce-miglior-parola-di-antiumanesimo-per-definire-la-destra\/#primaryimage\"},\"image\":{\"@id\":\"https:\/\/www.pressenza.com\/it\/2016\/12\/olivier-turquet-non-ce-miglior-parola-di-antiumanesimo-per-definire-la-destra\/#primaryimage\"},\"thumbnailUrl\":\"https:\/\/www.pressenza.com\/wp-content\/uploads\/2016\/12\/oli-1.png\",\"datePublished\":\"2016-12-13T23:53:40+00:00\",\"description\":\"A Pressenza Internazionale En la Oreja abbiamo intervistato Olivier Turquet, qui l'audio e la trascrizione: scaricare L'Europa continua ad essere luogo di\",\"breadcrumb\":{\"@id\":\"https:\/\/www.pressenza.com\/it\/2016\/12\/olivier-turquet-non-ce-miglior-parola-di-antiumanesimo-per-definire-la-destra\/#breadcrumb\"},\"inLanguage\":\"it-IT\",\"potentialAction\":[{\"@type\":\"ReadAction\",\"target\":[\"https:\/\/www.pressenza.com\/it\/2016\/12\/olivier-turquet-non-ce-miglior-parola-di-antiumanesimo-per-definire-la-destra\/\"]}]},{\"@type\":\"ImageObject\",\"inLanguage\":\"it-IT\",\"@id\":\"https:\/\/www.pressenza.com\/it\/2016\/12\/olivier-turquet-non-ce-miglior-parola-di-antiumanesimo-per-definire-la-destra\/#primaryimage\",\"url\":\"https:\/\/www.pressenza.com\/wp-content\/uploads\/2016\/12\/oli-1.png\",\"contentUrl\":\"https:\/\/www.pressenza.com\/wp-content\/uploads\/2016\/12\/oli-1.png\",\"width\":926,\"height\":653},{\"@type\":\"BreadcrumbList\",\"@id\":\"https:\/\/www.pressenza.com\/it\/2016\/12\/olivier-turquet-non-ce-miglior-parola-di-antiumanesimo-per-definire-la-destra\/#breadcrumb\",\"itemListElement\":[{\"@type\":\"ListItem\",\"position\":1,\"name\":\"Accueil\",\"item\":\"https:\/\/www.pressenza.com\/it\/\"},{\"@type\":\"ListItem\",\"position\":2,\"name\":\"Olivier Turquet \u201cNon c&#8217;\u00e8 miglior parola di antiumanesimo per definire la destra\u201d\"}]},{\"@type\":\"WebSite\",\"@id\":\"https:\/\/www.pressenza.com\/it\/#website\",\"url\":\"https:\/\/www.pressenza.com\/it\/\",\"name\":\"Pressenza\",\"description\":\"Agenzia di Stampa Internazionale\",\"publisher\":{\"@id\":\"https:\/\/www.pressenza.com\/it\/#organization\"},\"potentialAction\":[{\"@type\":\"SearchAction\",\"target\":{\"@type\":\"EntryPoint\",\"urlTemplate\":\"https:\/\/www.pressenza.com\/it\/?s={search_term_string}\"},\"query-input\":{\"@type\":\"PropertyValueSpecification\",\"valueRequired\":true,\"valueName\":\"search_term_string\"}}],\"inLanguage\":\"it-IT\"},{\"@type\":\"Organization\",\"@id\":\"https:\/\/www.pressenza.com\/it\/#organization\",\"name\":\"Pressenza\",\"url\":\"https:\/\/www.pressenza.com\/it\/\",\"logo\":{\"@type\":\"ImageObject\",\"inLanguage\":\"it-IT\",\"@id\":\"https:\/\/www.pressenza.com\/it\/#\/schema\/logo\/image\/\",\"url\":\"https:\/\/www.pressenza.com\/wp-content\/uploads\/2022\/10\/pressenza_logo_200x200.jpg\",\"contentUrl\":\"https:\/\/www.pressenza.com\/wp-content\/uploads\/2022\/10\/pressenza_logo_200x200.jpg\",\"width\":200,\"height\":200,\"caption\":\"Pressenza\"},\"image\":{\"@id\":\"https:\/\/www.pressenza.com\/it\/#\/schema\/logo\/image\/\"},\"sameAs\":[\"https:\/\/www.facebook.com\/PressenzaItalia\",\"https:\/\/x.com\/PressenzaIPA\"]},{\"@type\":\"Person\",\"@id\":\"https:\/\/www.pressenza.com\/it\/#\/schema\/person\/883a735c40665759bcc6fe0c26bcb46f\",\"name\":\"Redacci\u00f3n Ecuador\",\"description\":\"News published by the Pressenza bureau in Quito, Ecuador\",\"url\":\"https:\/\/www.pressenza.com\/it\/author\/redaccion-ecuador\/\"}]}<\/script>\n<!-- \/ Yoast SEO plugin. -->","yoast_head_json":{"title":"Olivier Turquet \u201cNon c'\u00e8 miglior parola di antiumanesimo per definire la destra\u201d","description":"A Pressenza Internazionale En la Oreja abbiamo intervistato Olivier Turquet, qui l'audio e la trascrizione: scaricare L'Europa continua ad essere luogo di","robots":{"index":"index","follow":"follow","max-snippet":"max-snippet:-1","max-image-preview":"max-image-preview:large","max-video-preview":"max-video-preview:-1"},"canonical":"https:\/\/www.pressenza.com\/it\/2016\/12\/olivier-turquet-non-ce-miglior-parola-di-antiumanesimo-per-definire-la-destra\/","og_locale":"it_IT","og_type":"article","og_title":"Olivier Turquet \u201cNon c'\u00e8 miglior parola di antiumanesimo per definire la destra\u201d","og_description":"A Pressenza Internazionale En la Oreja abbiamo intervistato Olivier Turquet, qui l'audio e la trascrizione: scaricare L'Europa continua ad essere luogo di","og_url":"https:\/\/www.pressenza.com\/it\/2016\/12\/olivier-turquet-non-ce-miglior-parola-di-antiumanesimo-per-definire-la-destra\/","og_site_name":"Pressenza","article_publisher":"https:\/\/www.facebook.com\/PressenzaItalia","article_published_time":"2016-12-13T23:53:40+00:00","og_image":[{"width":926,"height":653,"url":"https:\/\/www.pressenza.com\/wp-content\/uploads\/2016\/12\/oli-1.png","type":"image\/png"}],"author":"Redacci\u00f3n Ecuador","twitter_card":"summary_large_image","twitter_creator":"@PressenzaIPA","twitter_site":"@PressenzaIPA","twitter_misc":{"Scritto da":"Redacci\u00f3n Ecuador","Tempo di lettura stimato":"6 minuti"},"schema":{"@context":"https:\/\/schema.org","@graph":[{"@type":"Article","@id":"https:\/\/www.pressenza.com\/it\/2016\/12\/olivier-turquet-non-ce-miglior-parola-di-antiumanesimo-per-definire-la-destra\/#article","isPartOf":{"@id":"https:\/\/www.pressenza.com\/it\/2016\/12\/olivier-turquet-non-ce-miglior-parola-di-antiumanesimo-per-definire-la-destra\/"},"author":{"name":"Redacci\u00f3n Ecuador","@id":"https:\/\/www.pressenza.com\/it\/#\/schema\/person\/883a735c40665759bcc6fe0c26bcb46f"},"headline":"Olivier Turquet \u201cNon c&#8217;\u00e8 miglior parola di antiumanesimo per definire la destra\u201d","datePublished":"2016-12-13T23:53:40+00:00","mainEntityOfPage":{"@id":"https:\/\/www.pressenza.com\/it\/2016\/12\/olivier-turquet-non-ce-miglior-parola-di-antiumanesimo-per-definire-la-destra\/"},"wordCount":1191,"publisher":{"@id":"https:\/\/www.pressenza.com\/it\/#organization"},"image":{"@id":"https:\/\/www.pressenza.com\/it\/2016\/12\/olivier-turquet-non-ce-miglior-parola-di-antiumanesimo-per-definire-la-destra\/#primaryimage"},"thumbnailUrl":"https:\/\/www.pressenza.com\/wp-content\/uploads\/2016\/12\/oli-1.png","keywords":["Austria","Democrazia","elezioni","Matteo Renzi"],"articleSection":["contenuti originali","Cultura e Media","Europa","Internazionale","Interviste","Politica","Radio"],"inLanguage":"it-IT"},{"@type":"WebPage","@id":"https:\/\/www.pressenza.com\/it\/2016\/12\/olivier-turquet-non-ce-miglior-parola-di-antiumanesimo-per-definire-la-destra\/","url":"https:\/\/www.pressenza.com\/it\/2016\/12\/olivier-turquet-non-ce-miglior-parola-di-antiumanesimo-per-definire-la-destra\/","name":"Olivier Turquet \u201cNon c'\u00e8 miglior parola di antiumanesimo per definire la destra\u201d","isPartOf":{"@id":"https:\/\/www.pressenza.com\/it\/#website"},"primaryImageOfPage":{"@id":"https:\/\/www.pressenza.com\/it\/2016\/12\/olivier-turquet-non-ce-miglior-parola-di-antiumanesimo-per-definire-la-destra\/#primaryimage"},"image":{"@id":"https:\/\/www.pressenza.com\/it\/2016\/12\/olivier-turquet-non-ce-miglior-parola-di-antiumanesimo-per-definire-la-destra\/#primaryimage"},"thumbnailUrl":"https:\/\/www.pressenza.com\/wp-content\/uploads\/2016\/12\/oli-1.png","datePublished":"2016-12-13T23:53:40+00:00","description":"A Pressenza Internazionale En la Oreja abbiamo intervistato Olivier Turquet, qui l'audio e la trascrizione: scaricare L'Europa continua ad essere luogo di","breadcrumb":{"@id":"https:\/\/www.pressenza.com\/it\/2016\/12\/olivier-turquet-non-ce-miglior-parola-di-antiumanesimo-per-definire-la-destra\/#breadcrumb"},"inLanguage":"it-IT","potentialAction":[{"@type":"ReadAction","target":["https:\/\/www.pressenza.com\/it\/2016\/12\/olivier-turquet-non-ce-miglior-parola-di-antiumanesimo-per-definire-la-destra\/"]}]},{"@type":"ImageObject","inLanguage":"it-IT","@id":"https:\/\/www.pressenza.com\/it\/2016\/12\/olivier-turquet-non-ce-miglior-parola-di-antiumanesimo-per-definire-la-destra\/#primaryimage","url":"https:\/\/www.pressenza.com\/wp-content\/uploads\/2016\/12\/oli-1.png","contentUrl":"https:\/\/www.pressenza.com\/wp-content\/uploads\/2016\/12\/oli-1.png","width":926,"height":653},{"@type":"BreadcrumbList","@id":"https:\/\/www.pressenza.com\/it\/2016\/12\/olivier-turquet-non-ce-miglior-parola-di-antiumanesimo-per-definire-la-destra\/#breadcrumb","itemListElement":[{"@type":"ListItem","position":1,"name":"Accueil","item":"https:\/\/www.pressenza.com\/it\/"},{"@type":"ListItem","position":2,"name":"Olivier Turquet \u201cNon c&#8217;\u00e8 miglior parola di antiumanesimo per definire la destra\u201d"}]},{"@type":"WebSite","@id":"https:\/\/www.pressenza.com\/it\/#website","url":"https:\/\/www.pressenza.com\/it\/","name":"Pressenza","description":"Agenzia di Stampa Internazionale","publisher":{"@id":"https:\/\/www.pressenza.com\/it\/#organization"},"potentialAction":[{"@type":"SearchAction","target":{"@type":"EntryPoint","urlTemplate":"https:\/\/www.pressenza.com\/it\/?s={search_term_string}"},"query-input":{"@type":"PropertyValueSpecification","valueRequired":true,"valueName":"search_term_string"}}],"inLanguage":"it-IT"},{"@type":"Organization","@id":"https:\/\/www.pressenza.com\/it\/#organization","name":"Pressenza","url":"https:\/\/www.pressenza.com\/it\/","logo":{"@type":"ImageObject","inLanguage":"it-IT","@id":"https:\/\/www.pressenza.com\/it\/#\/schema\/logo\/image\/","url":"https:\/\/www.pressenza.com\/wp-content\/uploads\/2022\/10\/pressenza_logo_200x200.jpg","contentUrl":"https:\/\/www.pressenza.com\/wp-content\/uploads\/2022\/10\/pressenza_logo_200x200.jpg","width":200,"height":200,"caption":"Pressenza"},"image":{"@id":"https:\/\/www.pressenza.com\/it\/#\/schema\/logo\/image\/"},"sameAs":["https:\/\/www.facebook.com\/PressenzaItalia","https:\/\/x.com\/PressenzaIPA"]},{"@type":"Person","@id":"https:\/\/www.pressenza.com\/it\/#\/schema\/person\/883a735c40665759bcc6fe0c26bcb46f","name":"Redacci\u00f3n Ecuador","description":"News published by the Pressenza bureau in Quito, Ecuador","url":"https:\/\/www.pressenza.com\/it\/author\/redaccion-ecuador\/"}]}},"place":"Quito - Firenze","original_article_url":"","_links":{"self":[{"href":"https:\/\/www.pressenza.com\/it\/wp-json\/wp\/v2\/posts\/409175","targetHints":{"allow":["GET"]}}],"collection":[{"href":"https:\/\/www.pressenza.com\/it\/wp-json\/wp\/v2\/posts"}],"about":[{"href":"https:\/\/www.pressenza.com\/it\/wp-json\/wp\/v2\/types\/post"}],"author":[{"embeddable":true,"href":"https:\/\/www.pressenza.com\/it\/wp-json\/wp\/v2\/users\/1011"}],"replies":[{"embeddable":true,"href":"https:\/\/www.pressenza.com\/it\/wp-json\/wp\/v2\/comments?post=409175"}],"version-history":[{"count":0,"href":"https:\/\/www.pressenza.com\/it\/wp-json\/wp\/v2\/posts\/409175\/revisions"}],"wp:featuredmedia":[{"embeddable":true,"href":"https:\/\/www.pressenza.com\/it\/wp-json\/wp\/v2\/media\/407839"}],"wp:attachment":[{"href":"https:\/\/www.pressenza.com\/it\/wp-json\/wp\/v2\/media?parent=409175"}],"wp:term":[{"taxonomy":"category","embeddable":true,"href":"https:\/\/www.pressenza.com\/it\/wp-json\/wp\/v2\/categories?post=409175"},{"taxonomy":"post_tag","embeddable":true,"href":"https:\/\/www.pressenza.com\/it\/wp-json\/wp\/v2\/tags?post=409175"}],"curies":[{"name":"wp","href":"https:\/\/api.w.org\/{rel}","templated":true}]}}