{"id":408786,"date":"2016-12-13T09:47:52","date_gmt":"2016-12-13T09:47:52","guid":{"rendered":"http:\/\/www.pressenza.com\/it\/?p=408786"},"modified":"2016-12-13T09:47:52","modified_gmt":"2016-12-13T09:47:52","slug":"la-legittimita-costituzionale-del-governo","status":"publish","type":"post","link":"https:\/\/www.pressenza.com\/it\/2016\/12\/la-legittimita-costituzionale-del-governo\/","title":{"rendered":"La legittimit\u00e0 costituzionale del governo"},"content":{"rendered":"<p>Ci risiamo. Era gi\u00e0 accaduto con Monti, poi con Letta, a seguire con Renzi ed infine con Gentiloni. Diversi esponenti politici anche di primo piano hanno affermato che si tratterebbe di un governo illegittimo, poich\u00e9 non \u00e8 stato eletto dal popolo italiano.<\/p>\n<p>Sorge spontanea la domanda: per fare politica \u00e8 proprio necessario ignorare la Costituzione vigente? Perch\u00e9 basterebbe conoscere l\u2019ABC delle norme costituzionali per sapere che la \u201csovranit\u00e0 appartiene al popolo, che la esercita nelle forme e nei limiti della Costituzione\u201d (art. 1) e che la seconda parte della Carta (di cui a lungo si \u00e8 discusso in vista del referendum) non prevede che il governo sia eletto dal popolo. Infatti, l\u2019art. 92 stabilisce che \u201cil Presidente della Repubblica nomina il Presidente del Consiglio dei Ministri e, su proposta di questo, i Ministri\u201d, mentre l\u2019art. 94 afferma che \u201cil governo deve avere la fiducia delle due Camere\u201d.<\/p>\n<p>Pertanto, in Italia dal 1948 non ci sono mai stati governi o Presidenti del Consiglio eletti dal popolo. I cittadini italiani votano per eleggere i propri rappresentanti in Parlamento, i quali possono dare o revocare la fiducia al governo. Fa parte delle prerogative del Presidente della Repubblica la libert\u00e0 di scegliere la persona alla quale affidare l\u2019incarico per cercare di formare un governo. Fino a prova contraria, l\u2019Italia \u00e8 anzitutto una Repubblica parlamentare (e non governativa).<\/p>\n<p>Detto questo, si pu\u00f2 discutere del problema relativo alla legittimit\u00e0 dell\u2019attuale Parlamento e di conseguenza di tutti i governi che hanno ricevuto la sua fiducia. Non va dimenticata, infatti, la sentenza della Corte Costituzionale n. 1 del 2014, che ha dichiarato incostituzionali alcune parti della precedente legge elettorale (detta \u201cporcellum\u201d), con la quale sono stati eletti i parlamentari in carica: \u201cLe assemblee parlamentari sono sedi esclusive della rappresentanza politica nazionale, si fondano sull\u2019espressione del voto e quindi della sovranit\u00e0 popolare, ed in virt\u00f9 di ci\u00f2 ad esse sono affidate funzioni fondamentali, fra le quali vi sono, accanto a quelle di indirizzo e controllo del governo, anche le delicate funzioni connesse alla stessa garanzia della Costituzione (art. 138 Cost.)\u201d.<\/p>\n<p>Alla luce di questa sentenza \u00e8 stato giustamente sottolineato che l\u2019attuale Parlamento avrebbe dovuto evitare di porre mano alla revisione costituzionale, visto che non esiste alcun obbligo di procedere in tal senso. Discorso opposto si potrebbe fare per le funzioni \u201cdi indirizzo e controllo del governo\u201d, poich\u00e9 \u201cle Camere sono organi costituzionalmente necessari ed indefettibili e non possono in alcun momento cessare di esistere o perdere la capacit\u00e0 di deliberare\u201d. In altre parole, l\u2019attuale Parlamento nasce con un vizio costituzionale, da tenere ben presente per le deliberazioni \u201cstraordinarie\u201d, ma che non pu\u00f2 inficiare il funzionamento delle istituzioni vigenti, sulla base del \u201cprincipio fondamentale della continuit\u00e0 dello Stato, che non \u00e8 un\u2019astrazione e dunque si realizza in concreto attraverso la continuit\u00e0 in particolare dei suoi organi costituzionali: di tutti gli organi costituzionali, a cominciare dal Parlamento\u201d.<\/p>\n<p>Pertanto, un governo pu\u00f2 essere sostenuto o contrastato dalle forze parlamentari, ma non pu\u00f2 certamente essere considerato illegittimo. Confondere la normale dialettica politica con l\u2019applicazione delle norme costituzionali \u00e8 un grave errore. \u00c8 essenziale che nel regime democratico tutti gli attori politici si riconoscano nelle regole comuni, a cominciare dalla Costituzione. Quando ci\u00f2 non accade, ci si assume la responsabilit\u00e0 di lacerare la trama sulla quale \u00e8 possibile costruire la convivenza nella diversit\u00e0. Non riconoscere la legittimit\u00e0 di un governo significa disconoscere la Costituzione vigente. Il fatto che in questa operazione siano oggi in prima fila partiti che nella recente campagna referendaria si erano schierati a difesa della Costituzione mostra quanto la politica italiana sia strumentale.<\/p>\n<p>Una sana e robusta cultura costituzionale esige rispetto delle regole e coerenza di principi. Il problema dell\u2019Italia non \u00e8 cambiare la Costituzione, ma \u2013 come scriveva Giuseppe Dossetti &#8211; \u201ccomprendere in profondit\u00e0 i suoi princ\u00ecpi fondanti\u201d. Abbiamo ancora molto da imparare.<\/p>\n<p>&nbsp;<\/p>\n","protected":false},"excerpt":{"rendered":"<p>Ci risiamo. Era gi\u00e0 accaduto con Monti, poi con Letta, a seguire con Renzi ed infine con Gentiloni. Diversi esponenti politici anche di primo piano hanno affermato che si tratterebbe di un governo illegittimo, poich\u00e9 non \u00e8 stato eletto dal&hellip;<\/p>\n","protected":false},"author":1280,"featured_media":408787,"comment_status":"closed","ping_status":"closed","sticky":false,"template":"","format":"standard","meta":{"footnotes":""},"categories":[11388,47,162,55],"tags":[801,33516,370],"class_list":["post-408786","post","type-post","status-publish","format-standard","has-post-thumbnail","hentry","category-contenuti-originali","category-europa","category-opinioni","category-politica","tag-costituzione","tag-governo-gentiloni","tag-italia"],"yoast_head":"<!-- This site is optimized with the Yoast SEO plugin v27.1.1 - https:\/\/yoast.com\/product\/yoast-seo-wordpress\/ -->\n<title>La legittimit\u00e0 costituzionale del governo<\/title>\n<meta name=\"description\" content=\"Ci risiamo. Era gi\u00e0 accaduto con Monti, poi con Letta, a seguire con Renzi ed infine con Gentiloni. Diversi esponenti politici anche di primo piano hanno\" \/>\n<meta name=\"robots\" content=\"index, follow, max-snippet:-1, max-image-preview:large, max-video-preview:-1\" \/>\n<link rel=\"canonical\" href=\"https:\/\/www.pressenza.com\/it\/2016\/12\/la-legittimita-costituzionale-del-governo\/\" \/>\n<meta property=\"og:locale\" content=\"it_IT\" \/>\n<meta property=\"og:type\" content=\"article\" \/>\n<meta property=\"og:title\" content=\"La legittimit\u00e0 costituzionale del governo\" \/>\n<meta property=\"og:description\" content=\"Ci risiamo. Era gi\u00e0 accaduto con Monti, poi con Letta, a seguire con Renzi ed infine con Gentiloni. Diversi esponenti politici anche di primo piano hanno\" \/>\n<meta property=\"og:url\" content=\"https:\/\/www.pressenza.com\/it\/2016\/12\/la-legittimita-costituzionale-del-governo\/\" \/>\n<meta property=\"og:site_name\" content=\"Pressenza\" \/>\n<meta property=\"article:publisher\" content=\"https:\/\/www.facebook.com\/PressenzaItalia\" \/>\n<meta property=\"article:published_time\" content=\"2016-12-13T09:47:52+00:00\" \/>\n<meta property=\"og:image\" content=\"https:\/\/www.pressenza.com\/wp-content\/uploads\/2016\/12\/Governo_Gentiloni.jpg\" \/>\n\t<meta property=\"og:image:width\" content=\"1280\" \/>\n\t<meta property=\"og:image:height\" content=\"853\" \/>\n\t<meta property=\"og:image:type\" content=\"image\/jpeg\" \/>\n<meta name=\"author\" content=\"Rocco Artifoni\" \/>\n<meta name=\"twitter:card\" content=\"summary_large_image\" \/>\n<meta name=\"twitter:creator\" content=\"@PressenzaIPA\" \/>\n<meta name=\"twitter:site\" content=\"@PressenzaIPA\" \/>\n<meta name=\"twitter:label1\" content=\"Scritto da\" \/>\n\t<meta name=\"twitter:data1\" content=\"Rocco Artifoni\" \/>\n\t<meta name=\"twitter:label2\" content=\"Tempo di lettura stimato\" \/>\n\t<meta name=\"twitter:data2\" content=\"3 minuti\" \/>\n<script type=\"application\/ld+json\" class=\"yoast-schema-graph\">{\"@context\":\"https:\/\/schema.org\",\"@graph\":[{\"@type\":\"Article\",\"@id\":\"https:\/\/www.pressenza.com\/it\/2016\/12\/la-legittimita-costituzionale-del-governo\/#article\",\"isPartOf\":{\"@id\":\"https:\/\/www.pressenza.com\/it\/2016\/12\/la-legittimita-costituzionale-del-governo\/\"},\"author\":{\"name\":\"Rocco Artifoni\",\"@id\":\"https:\/\/www.pressenza.com\/it\/#\/schema\/person\/47253bd773bfdc8f669fc1a490a0d099\"},\"headline\":\"La legittimit\u00e0 costituzionale del governo\",\"datePublished\":\"2016-12-13T09:47:52+00:00\",\"mainEntityOfPage\":{\"@id\":\"https:\/\/www.pressenza.com\/it\/2016\/12\/la-legittimita-costituzionale-del-governo\/\"},\"wordCount\":634,\"publisher\":{\"@id\":\"https:\/\/www.pressenza.com\/it\/#organization\"},\"image\":{\"@id\":\"https:\/\/www.pressenza.com\/it\/2016\/12\/la-legittimita-costituzionale-del-governo\/#primaryimage\"},\"thumbnailUrl\":\"https:\/\/www.pressenza.com\/wp-content\/uploads\/2016\/12\/Governo_Gentiloni.jpg\",\"keywords\":[\"Costituzione\",\"Governo Gentiloni\",\"Italia\"],\"articleSection\":[\"contenuti originali\",\"Europa\",\"Opinioni\",\"Politica\"],\"inLanguage\":\"it-IT\"},{\"@type\":\"WebPage\",\"@id\":\"https:\/\/www.pressenza.com\/it\/2016\/12\/la-legittimita-costituzionale-del-governo\/\",\"url\":\"https:\/\/www.pressenza.com\/it\/2016\/12\/la-legittimita-costituzionale-del-governo\/\",\"name\":\"La legittimit\u00e0 costituzionale del governo\",\"isPartOf\":{\"@id\":\"https:\/\/www.pressenza.com\/it\/#website\"},\"primaryImageOfPage\":{\"@id\":\"https:\/\/www.pressenza.com\/it\/2016\/12\/la-legittimita-costituzionale-del-governo\/#primaryimage\"},\"image\":{\"@id\":\"https:\/\/www.pressenza.com\/it\/2016\/12\/la-legittimita-costituzionale-del-governo\/#primaryimage\"},\"thumbnailUrl\":\"https:\/\/www.pressenza.com\/wp-content\/uploads\/2016\/12\/Governo_Gentiloni.jpg\",\"datePublished\":\"2016-12-13T09:47:52+00:00\",\"description\":\"Ci risiamo. Era gi\u00e0 accaduto con Monti, poi con Letta, a seguire con Renzi ed infine con Gentiloni. Diversi esponenti politici anche di primo piano hanno\",\"breadcrumb\":{\"@id\":\"https:\/\/www.pressenza.com\/it\/2016\/12\/la-legittimita-costituzionale-del-governo\/#breadcrumb\"},\"inLanguage\":\"it-IT\",\"potentialAction\":[{\"@type\":\"ReadAction\",\"target\":[\"https:\/\/www.pressenza.com\/it\/2016\/12\/la-legittimita-costituzionale-del-governo\/\"]}]},{\"@type\":\"ImageObject\",\"inLanguage\":\"it-IT\",\"@id\":\"https:\/\/www.pressenza.com\/it\/2016\/12\/la-legittimita-costituzionale-del-governo\/#primaryimage\",\"url\":\"https:\/\/www.pressenza.com\/wp-content\/uploads\/2016\/12\/Governo_Gentiloni.jpg\",\"contentUrl\":\"https:\/\/www.pressenza.com\/wp-content\/uploads\/2016\/12\/Governo_Gentiloni.jpg\",\"width\":1280,\"height\":853},{\"@type\":\"BreadcrumbList\",\"@id\":\"https:\/\/www.pressenza.com\/it\/2016\/12\/la-legittimita-costituzionale-del-governo\/#breadcrumb\",\"itemListElement\":[{\"@type\":\"ListItem\",\"position\":1,\"name\":\"Accueil\",\"item\":\"https:\/\/www.pressenza.com\/it\/\"},{\"@type\":\"ListItem\",\"position\":2,\"name\":\"La legittimit\u00e0 costituzionale del governo\"}]},{\"@type\":\"WebSite\",\"@id\":\"https:\/\/www.pressenza.com\/it\/#website\",\"url\":\"https:\/\/www.pressenza.com\/it\/\",\"name\":\"Pressenza\",\"description\":\"Agenzia di Stampa Internazionale\",\"publisher\":{\"@id\":\"https:\/\/www.pressenza.com\/it\/#organization\"},\"potentialAction\":[{\"@type\":\"SearchAction\",\"target\":{\"@type\":\"EntryPoint\",\"urlTemplate\":\"https:\/\/www.pressenza.com\/it\/?s={search_term_string}\"},\"query-input\":{\"@type\":\"PropertyValueSpecification\",\"valueRequired\":true,\"valueName\":\"search_term_string\"}}],\"inLanguage\":\"it-IT\"},{\"@type\":\"Organization\",\"@id\":\"https:\/\/www.pressenza.com\/it\/#organization\",\"name\":\"Pressenza\",\"url\":\"https:\/\/www.pressenza.com\/it\/\",\"logo\":{\"@type\":\"ImageObject\",\"inLanguage\":\"it-IT\",\"@id\":\"https:\/\/www.pressenza.com\/it\/#\/schema\/logo\/image\/\",\"url\":\"https:\/\/www.pressenza.com\/wp-content\/uploads\/2022\/10\/pressenza_logo_200x200.jpg\",\"contentUrl\":\"https:\/\/www.pressenza.com\/wp-content\/uploads\/2022\/10\/pressenza_logo_200x200.jpg\",\"width\":200,\"height\":200,\"caption\":\"Pressenza\"},\"image\":{\"@id\":\"https:\/\/www.pressenza.com\/it\/#\/schema\/logo\/image\/\"},\"sameAs\":[\"https:\/\/www.facebook.com\/PressenzaItalia\",\"https:\/\/x.com\/PressenzaIPA\"]},{\"@type\":\"Person\",\"@id\":\"https:\/\/www.pressenza.com\/it\/#\/schema\/person\/47253bd773bfdc8f669fc1a490a0d099\",\"name\":\"Rocco Artifoni\",\"description\":\"Rocco Artifoni \u00e8 nato a Bergamo nel 1960. \u00c8 presidente nazionale dell\u2019Associazione per la Riduzione del Debito Pubblico (www.ardep.it) e referente per la Lombardia dell\u2019Associazione Art. 53 (www.articolo53.it). Principali appartenenze e impegni locali (provincia di Bergamo): Consiglio Direttivo della Fondazione Serughetti La Porta (www.laportabergamo.it), Comitato provinciale per l\u2019abolizione delle barriere architettoniche (www.diversabile.it), Coordinamento provinciale di Libera (www.liberabg.it), Comitato bergamasco per la difesa della Costituzione (www.salviamolacostituzione.bg.it), Scuola di educazione e formazione alla politica We Care (www.scuolawecare.it), Redazione della rivista L\u2019Incontro e delle Edizioni Gruppo Aeper (www.aeper.it). Nel 2014 ha pubblicato insieme a Filippo Pizzolato \u201cL\u2019ABC della Costituzione\u201d per le Edizioni Gruppo Aeper con prefazione di don Luigi Ciotti. Nel 2018, insieme a Francesco Gesualdi e Antonio De Lellis, per CADTM Italia ha pubblicato il dossier \u201cFisco &amp; Debito. Gli effetti delle controriforme fiscali sul nostro debito pubblico\u201d.\",\"url\":\"https:\/\/www.pressenza.com\/it\/author\/rocco-artifoni\/\"}]}<\/script>\n<!-- \/ Yoast SEO plugin. -->","yoast_head_json":{"title":"La legittimit\u00e0 costituzionale del governo","description":"Ci risiamo. Era gi\u00e0 accaduto con Monti, poi con Letta, a seguire con Renzi ed infine con Gentiloni. Diversi esponenti politici anche di primo piano hanno","robots":{"index":"index","follow":"follow","max-snippet":"max-snippet:-1","max-image-preview":"max-image-preview:large","max-video-preview":"max-video-preview:-1"},"canonical":"https:\/\/www.pressenza.com\/it\/2016\/12\/la-legittimita-costituzionale-del-governo\/","og_locale":"it_IT","og_type":"article","og_title":"La legittimit\u00e0 costituzionale del governo","og_description":"Ci risiamo. Era gi\u00e0 accaduto con Monti, poi con Letta, a seguire con Renzi ed infine con Gentiloni. Diversi esponenti politici anche di primo piano hanno","og_url":"https:\/\/www.pressenza.com\/it\/2016\/12\/la-legittimita-costituzionale-del-governo\/","og_site_name":"Pressenza","article_publisher":"https:\/\/www.facebook.com\/PressenzaItalia","article_published_time":"2016-12-13T09:47:52+00:00","og_image":[{"width":1280,"height":853,"url":"https:\/\/www.pressenza.com\/wp-content\/uploads\/2016\/12\/Governo_Gentiloni.jpg","type":"image\/jpeg"}],"author":"Rocco Artifoni","twitter_card":"summary_large_image","twitter_creator":"@PressenzaIPA","twitter_site":"@PressenzaIPA","twitter_misc":{"Scritto da":"Rocco Artifoni","Tempo di lettura stimato":"3 minuti"},"schema":{"@context":"https:\/\/schema.org","@graph":[{"@type":"Article","@id":"https:\/\/www.pressenza.com\/it\/2016\/12\/la-legittimita-costituzionale-del-governo\/#article","isPartOf":{"@id":"https:\/\/www.pressenza.com\/it\/2016\/12\/la-legittimita-costituzionale-del-governo\/"},"author":{"name":"Rocco Artifoni","@id":"https:\/\/www.pressenza.com\/it\/#\/schema\/person\/47253bd773bfdc8f669fc1a490a0d099"},"headline":"La legittimit\u00e0 costituzionale del governo","datePublished":"2016-12-13T09:47:52+00:00","mainEntityOfPage":{"@id":"https:\/\/www.pressenza.com\/it\/2016\/12\/la-legittimita-costituzionale-del-governo\/"},"wordCount":634,"publisher":{"@id":"https:\/\/www.pressenza.com\/it\/#organization"},"image":{"@id":"https:\/\/www.pressenza.com\/it\/2016\/12\/la-legittimita-costituzionale-del-governo\/#primaryimage"},"thumbnailUrl":"https:\/\/www.pressenza.com\/wp-content\/uploads\/2016\/12\/Governo_Gentiloni.jpg","keywords":["Costituzione","Governo Gentiloni","Italia"],"articleSection":["contenuti originali","Europa","Opinioni","Politica"],"inLanguage":"it-IT"},{"@type":"WebPage","@id":"https:\/\/www.pressenza.com\/it\/2016\/12\/la-legittimita-costituzionale-del-governo\/","url":"https:\/\/www.pressenza.com\/it\/2016\/12\/la-legittimita-costituzionale-del-governo\/","name":"La legittimit\u00e0 costituzionale del governo","isPartOf":{"@id":"https:\/\/www.pressenza.com\/it\/#website"},"primaryImageOfPage":{"@id":"https:\/\/www.pressenza.com\/it\/2016\/12\/la-legittimita-costituzionale-del-governo\/#primaryimage"},"image":{"@id":"https:\/\/www.pressenza.com\/it\/2016\/12\/la-legittimita-costituzionale-del-governo\/#primaryimage"},"thumbnailUrl":"https:\/\/www.pressenza.com\/wp-content\/uploads\/2016\/12\/Governo_Gentiloni.jpg","datePublished":"2016-12-13T09:47:52+00:00","description":"Ci risiamo. Era gi\u00e0 accaduto con Monti, poi con Letta, a seguire con Renzi ed infine con Gentiloni. Diversi esponenti politici anche di primo piano hanno","breadcrumb":{"@id":"https:\/\/www.pressenza.com\/it\/2016\/12\/la-legittimita-costituzionale-del-governo\/#breadcrumb"},"inLanguage":"it-IT","potentialAction":[{"@type":"ReadAction","target":["https:\/\/www.pressenza.com\/it\/2016\/12\/la-legittimita-costituzionale-del-governo\/"]}]},{"@type":"ImageObject","inLanguage":"it-IT","@id":"https:\/\/www.pressenza.com\/it\/2016\/12\/la-legittimita-costituzionale-del-governo\/#primaryimage","url":"https:\/\/www.pressenza.com\/wp-content\/uploads\/2016\/12\/Governo_Gentiloni.jpg","contentUrl":"https:\/\/www.pressenza.com\/wp-content\/uploads\/2016\/12\/Governo_Gentiloni.jpg","width":1280,"height":853},{"@type":"BreadcrumbList","@id":"https:\/\/www.pressenza.com\/it\/2016\/12\/la-legittimita-costituzionale-del-governo\/#breadcrumb","itemListElement":[{"@type":"ListItem","position":1,"name":"Accueil","item":"https:\/\/www.pressenza.com\/it\/"},{"@type":"ListItem","position":2,"name":"La legittimit\u00e0 costituzionale del governo"}]},{"@type":"WebSite","@id":"https:\/\/www.pressenza.com\/it\/#website","url":"https:\/\/www.pressenza.com\/it\/","name":"Pressenza","description":"Agenzia di Stampa Internazionale","publisher":{"@id":"https:\/\/www.pressenza.com\/it\/#organization"},"potentialAction":[{"@type":"SearchAction","target":{"@type":"EntryPoint","urlTemplate":"https:\/\/www.pressenza.com\/it\/?s={search_term_string}"},"query-input":{"@type":"PropertyValueSpecification","valueRequired":true,"valueName":"search_term_string"}}],"inLanguage":"it-IT"},{"@type":"Organization","@id":"https:\/\/www.pressenza.com\/it\/#organization","name":"Pressenza","url":"https:\/\/www.pressenza.com\/it\/","logo":{"@type":"ImageObject","inLanguage":"it-IT","@id":"https:\/\/www.pressenza.com\/it\/#\/schema\/logo\/image\/","url":"https:\/\/www.pressenza.com\/wp-content\/uploads\/2022\/10\/pressenza_logo_200x200.jpg","contentUrl":"https:\/\/www.pressenza.com\/wp-content\/uploads\/2022\/10\/pressenza_logo_200x200.jpg","width":200,"height":200,"caption":"Pressenza"},"image":{"@id":"https:\/\/www.pressenza.com\/it\/#\/schema\/logo\/image\/"},"sameAs":["https:\/\/www.facebook.com\/PressenzaItalia","https:\/\/x.com\/PressenzaIPA"]},{"@type":"Person","@id":"https:\/\/www.pressenza.com\/it\/#\/schema\/person\/47253bd773bfdc8f669fc1a490a0d099","name":"Rocco Artifoni","description":"Rocco Artifoni \u00e8 nato a Bergamo nel 1960. \u00c8 presidente nazionale dell\u2019Associazione per la Riduzione del Debito Pubblico (www.ardep.it) e referente per la Lombardia dell\u2019Associazione Art. 53 (www.articolo53.it). Principali appartenenze e impegni locali (provincia di Bergamo): Consiglio Direttivo della Fondazione Serughetti La Porta (www.laportabergamo.it), Comitato provinciale per l\u2019abolizione delle barriere architettoniche (www.diversabile.it), Coordinamento provinciale di Libera (www.liberabg.it), Comitato bergamasco per la difesa della Costituzione (www.salviamolacostituzione.bg.it), Scuola di educazione e formazione alla politica We Care (www.scuolawecare.it), Redazione della rivista L\u2019Incontro e delle Edizioni Gruppo Aeper (www.aeper.it). Nel 2014 ha pubblicato insieme a Filippo Pizzolato \u201cL\u2019ABC della Costituzione\u201d per le Edizioni Gruppo Aeper con prefazione di don Luigi Ciotti. Nel 2018, insieme a Francesco Gesualdi e Antonio De Lellis, per CADTM Italia ha pubblicato il dossier \u201cFisco &amp; Debito. Gli effetti delle controriforme fiscali sul nostro debito pubblico\u201d.","url":"https:\/\/www.pressenza.com\/it\/author\/rocco-artifoni\/"}]}},"place":"","original_article_url":"","_links":{"self":[{"href":"https:\/\/www.pressenza.com\/it\/wp-json\/wp\/v2\/posts\/408786","targetHints":{"allow":["GET"]}}],"collection":[{"href":"https:\/\/www.pressenza.com\/it\/wp-json\/wp\/v2\/posts"}],"about":[{"href":"https:\/\/www.pressenza.com\/it\/wp-json\/wp\/v2\/types\/post"}],"author":[{"embeddable":true,"href":"https:\/\/www.pressenza.com\/it\/wp-json\/wp\/v2\/users\/1280"}],"replies":[{"embeddable":true,"href":"https:\/\/www.pressenza.com\/it\/wp-json\/wp\/v2\/comments?post=408786"}],"version-history":[{"count":0,"href":"https:\/\/www.pressenza.com\/it\/wp-json\/wp\/v2\/posts\/408786\/revisions"}],"wp:featuredmedia":[{"embeddable":true,"href":"https:\/\/www.pressenza.com\/it\/wp-json\/wp\/v2\/media\/408787"}],"wp:attachment":[{"href":"https:\/\/www.pressenza.com\/it\/wp-json\/wp\/v2\/media?parent=408786"}],"wp:term":[{"taxonomy":"category","embeddable":true,"href":"https:\/\/www.pressenza.com\/it\/wp-json\/wp\/v2\/categories?post=408786"},{"taxonomy":"post_tag","embeddable":true,"href":"https:\/\/www.pressenza.com\/it\/wp-json\/wp\/v2\/tags?post=408786"}],"curies":[{"name":"wp","href":"https:\/\/api.w.org\/{rel}","templated":true}]}}