{"id":406724,"date":"2016-12-08T09:30:55","date_gmt":"2016-12-08T09:30:55","guid":{"rendered":"http:\/\/www.pressenza.com\/it\/?p=406724"},"modified":"2016-12-08T09:37:21","modified_gmt":"2016-12-08T09:37:21","slug":"brasile-il-senato-rifiuta-uningiunzione-della-magistratura","status":"publish","type":"post","link":"https:\/\/www.pressenza.com\/it\/2016\/12\/brasile-il-senato-rifiuta-uningiunzione-della-magistratura\/","title":{"rendered":"Brasile: il Senato rifiuta un&#8217;ingiunzione della Magistratura"},"content":{"rendered":"<p><strong>Di fronte a un governo indebolito e combattuto anche fra i sostenitori del colpo di stato che lo ha portato alla poltrona\u00a0presidenziale, Michel Temer, incapace di qualsiasi reazione o iniziativa, sembra attendere un destino che\u00a0non si profila\u00a0molto favorevole per lui e ancor meno\u00a0per il paese.<\/strong><\/p>\n<p>&nbsp;<\/p>\n<p>In un&#8217;iniziativa senza precedenti, le cui conseguenze si vedranno\u00a0nei prossimi giorni o forse oggi, la Direzione del Senato ha rifiutato ieri, all&#8217;unanimit\u00e0, di\u00a0adempiere la determinazione del ministro Marco Aurelio Mello, membro della Corte Suprema Federale. Il giorno precedente Mello aveva inviato una ingiunzione (atto provvisorio da sottoporre alla sessione plenaria della Corte) che determina l&#8217;immediata sospensione di Renan Calheiros dalla Presidenza del Senato. La Direzione del Senato ha detto che avrebbe accettato solo una determinazione della Corte Suprema in seduta plenaria.<\/p>\n<p>Mello ha basato la sua controversa e polemica\u00a0ingiunzione su una risoluzione che \u00e8 ancora in discussione\u00a0presso la Corte Suprema secondo cui nessun condannato\u00a0pu\u00f2 occupare una carica idonea alla successione presidenziale. Come presidente del Senato Calheiros, che \u00e8 imputato\u00a0in un processo in corso presso la Corte Suprema medesima, \u00e8 il secondo in quella linea, dopo il suo collega Rodrigo Maia che presiede la Camera dei Deputati.<\/p>\n<p>Nel primo turno di votazione, sei degli undici\u00a0membri della Corte Suprema hanno approvato la risoluzione che causerebbe la rimozione di\u00a0Calheiros dalla Presidenza del Senato. Un settimo, Dias Toffoli, ha chiesto tempo per per meglio esaminare\u00a0il provvedimento. Questa \u00e8 stata una chiarissima manovra dilatoria perch\u00e9 fra dieci giorni iniziano le vacanze al\u00a0Congresso e Calheiros -principale obiettivo di questa risoluzione- porterebbe a termine il suo mandato che scade il\u00a0primo di febbraio del prossimo anno.<\/p>\n<p>Se la decisione di Marco Aurelio Mello \u00e8 stata controversa, molto di pi\u00f9 \u00e8 stata la decisione di contrastarla. La prima resistenza \u00e8 venuta dallo stesso Calheiros che ha rifiutato per due volte (la prima nella notte di lunedi, la\u00a0seconda ieri mattina) di ricevere l&#8217;ufficiale di giustizia incaricato di consegnargli l&#8217;intimazione.<br \/>\nCome conseguenza delle mosse di Calheiros diventato chiaro che la resistenza \u00e8\u00a0non solo singola ma collettiva. Questo apre una crisi istituzionale tra il Congresso e la Corte Suprema, scuotendo ulteriormente un ambiente gi\u00e0 sovraccarico di tensione.<\/p>\n<p>Non appena si \u00e8 saputo della ribellione dei senatori che controllano la Direzione, hanno circolato illazioni che Calheiros potrebbe essere arrestato per aver disobbedito alla ingiunzione\u00a0di un ministro del Tribunale Federale. Ma i membri di quel Tribunale hanno scelto di non discutere la questione, preferendo convocare una sessione plenaria oggi per discutere e decidere il provvedimento provvisorio di Marco Aurelio Mello. Anche gli alleati\u00a0pi\u00f9 vicini a Calheiros dicono che\u00a0le sue possibilit\u00e0 di sottrarsi\u00a0alla giustizia\u00a0e restare al Senato sono quasi sotto lo zero, se fosse possibile.<\/p>\n<p>Quello che \u00e8 successo ieri ha coinciso con la presentazione del progetto di legge del governo Temer che introdurr\u00e0 drastici cambiamenti nel sistema pensionistico del paese e colpir\u00e0\u00a0aspramente i lavoratori.<br \/>\nIl progetto \u00e8 stato colpito con raffiche di dure critiche. Il deputato e figura di spicco dei Sindacati, Paulo Pereira, sostenitore incondizionato del colpo di stato e partner preferenziale di Michel Temer con gli iscritti alla sua organizzazione, \u00e8 stato schietto: cos\u00ec com&#8217;\u00e8, questo progetto non sar\u00e0 mai approvata alla Camera dei Deputati.<\/p>\n<p>Sempre ieri si doveva\u00a0presentare al Senato l&#8217;emendamento costituzionale che stabilisce un tetto per la spesa pubblica nei prossimi 20 anni, il che significa tagli significativi nei bilanci dei servizi pubblici, tra cui istruzione e sanit\u00e0.<br \/>\nOggetto del desiderio di dieci su dieci proprietari del capitale e perfetto esempio\u00a0di un neoliberismo integralista, corre il serio rischio di non essere votato entro quest&#8217;anno.<\/p>\n<p>Di fronte a un governo indebolito, inerte e combattuto anche fra i sostenitori del colpo di stato che lo ha portato alla poltrona\u00a0presidenziale, Michel Temer, incapace di qualsiasi reazione o iniziativa, sembra attendere ci\u00f2 che il destino riserva a lui e al paese.<br \/>\nIl destino, tuttavia, non appare molto favorevole per lui e ancor meno\u00a0per il paese. Ieri il governatore della provincia di Minas Gerais, la terza pi\u00f9 grande economia del Brasile, ha chiesto al legislatore provinciale di dichiarare lo stato di calamit\u00e0 finanziaria, come gi\u00e0 fatto a Rio de Janeiro e Rio Grande do Sul.<br \/>\nA Rio de Janeiro il quadro \u00e8 pi\u00f9 drammatico: il governo locale non ha di che pagare gli stipendi di novembre, dicembre e le tredicesime.<\/p>\n<p>Ieri ci sono stati gravi scontri per le strade tra impiegati pubblici che protestavano contro il fallimento della provincia e la polizia. A Brasilia si teme che questo quadro, che appare\u00a0prossimo\u00a0a un focolaio di tensioni sociali, si diffonda ad altre province.<\/p>\n<p>Come se ci\u00f2 non bastasse, ora si verifica un conflitto aperto tra Magistratura e Senato.<br \/>\nFino a quando, e in che misura reggeranno\u00a0le istituzioni di un paese in piena turbolenza?<\/p>\n<p>&nbsp;<\/p>\n<p>Traduzione di Leopoldo Salmaso<\/p>\n<p>&nbsp;<\/p>\n","protected":false},"excerpt":{"rendered":"<p>Di fronte a un governo indebolito e combattuto anche fra i sostenitori del colpo di stato che lo ha portato alla poltrona\u00a0presidenziale, Michel Temer, incapace di qualsiasi reazione o iniziativa, sembra attendere un destino che\u00a0non si profila\u00a0molto favorevole per lui&hellip;<\/p>\n","protected":false},"author":594,"featured_media":406459,"comment_status":"closed","ping_status":"closed","sticky":false,"template":"","format":"standard","meta":{"footnotes":""},"categories":[55,48],"tags":[3993,172,33360,33361,890,5045],"class_list":["post-406724","post","type-post","status-publish","format-standard","has-post-thumbnail","hentry","category-politica","category-sud-america","tag-brasile","tag-colpo-di-stato","tag-conflitto-istituzionale","tag-neoliberismo-radicale","tag-proteste-sociali","tag-tagli-alle-spese-sociali"],"yoast_head":"<!-- This site is optimized with the Yoast SEO plugin v27.1.1 - https:\/\/yoast.com\/product\/yoast-seo-wordpress\/ -->\n<title>Brasile: il Senato rifiuta un&#039;ingiunzione della Magistratura<\/title>\n<meta name=\"description\" content=\"Di fronte a un governo indebolito e combattuto anche fra i sostenitori del colpo di stato che lo ha portato alla poltrona\u00a0presidenziale, Michel Temer,\" \/>\n<meta name=\"robots\" content=\"index, follow, max-snippet:-1, max-image-preview:large, max-video-preview:-1\" \/>\n<link rel=\"canonical\" href=\"https:\/\/www.pressenza.com\/it\/2016\/12\/brasile-il-senato-rifiuta-uningiunzione-della-magistratura\/\" \/>\n<meta property=\"og:locale\" content=\"it_IT\" \/>\n<meta property=\"og:type\" content=\"article\" \/>\n<meta property=\"og:title\" content=\"Brasile: il Senato rifiuta un&#039;ingiunzione della Magistratura\" \/>\n<meta property=\"og:description\" content=\"Di fronte a un governo indebolito e combattuto anche fra i sostenitori del colpo di stato che lo ha portato alla poltrona\u00a0presidenziale, Michel Temer,\" \/>\n<meta property=\"og:url\" content=\"https:\/\/www.pressenza.com\/it\/2016\/12\/brasile-il-senato-rifiuta-uningiunzione-della-magistratura\/\" \/>\n<meta property=\"og:site_name\" content=\"Pressenza\" \/>\n<meta property=\"article:publisher\" content=\"https:\/\/www.facebook.com\/PressenzaItalia\" \/>\n<meta property=\"article:author\" content=\"https:\/\/www.facebook.com\/PressenzaItalia\" \/>\n<meta property=\"article:published_time\" content=\"2016-12-08T09:30:55+00:00\" \/>\n<meta property=\"article:modified_time\" content=\"2016-12-08T09:37:21+00:00\" \/>\n<meta property=\"og:image\" content=\"https:\/\/www.pressenza.com\/wp-content\/uploads\/2016\/12\/6-3-780x433-c-default.jpg\" \/>\n\t<meta property=\"og:image:width\" content=\"780\" \/>\n\t<meta property=\"og:image:height\" content=\"433\" \/>\n\t<meta property=\"og:image:type\" content=\"image\/jpeg\" \/>\n<meta name=\"author\" content=\"Redazione Italia\" \/>\n<meta name=\"twitter:card\" content=\"summary_large_image\" \/>\n<meta name=\"twitter:creator\" content=\"@pressenza_it\" \/>\n<meta name=\"twitter:site\" content=\"@PressenzaIPA\" \/>\n<meta name=\"twitter:label1\" content=\"Scritto da\" \/>\n\t<meta name=\"twitter:data1\" content=\"Redazione Italia\" \/>\n\t<meta name=\"twitter:label2\" content=\"Tempo di lettura stimato\" \/>\n\t<meta name=\"twitter:data2\" content=\"4 minuti\" \/>\n<script type=\"application\/ld+json\" class=\"yoast-schema-graph\">{\"@context\":\"https:\/\/schema.org\",\"@graph\":[{\"@type\":\"Article\",\"@id\":\"https:\/\/www.pressenza.com\/it\/2016\/12\/brasile-il-senato-rifiuta-uningiunzione-della-magistratura\/#article\",\"isPartOf\":{\"@id\":\"https:\/\/www.pressenza.com\/it\/2016\/12\/brasile-il-senato-rifiuta-uningiunzione-della-magistratura\/\"},\"author\":{\"name\":\"Redazione Italia\",\"@id\":\"https:\/\/www.pressenza.com\/it\/#\/schema\/person\/d983e81827ae24f2c7b1a2123d197f8d\"},\"headline\":\"Brasile: il Senato rifiuta un&#8217;ingiunzione della Magistratura\",\"datePublished\":\"2016-12-08T09:30:55+00:00\",\"dateModified\":\"2016-12-08T09:37:21+00:00\",\"mainEntityOfPage\":{\"@id\":\"https:\/\/www.pressenza.com\/it\/2016\/12\/brasile-il-senato-rifiuta-uningiunzione-della-magistratura\/\"},\"wordCount\":809,\"publisher\":{\"@id\":\"https:\/\/www.pressenza.com\/it\/#organization\"},\"image\":{\"@id\":\"https:\/\/www.pressenza.com\/it\/2016\/12\/brasile-il-senato-rifiuta-uningiunzione-della-magistratura\/#primaryimage\"},\"thumbnailUrl\":\"https:\/\/www.pressenza.com\/wp-content\/uploads\/2016\/12\/6-3-780x433-c-default.jpg\",\"keywords\":[\"Brasile\",\"colpo di stato\",\"conflitto istituzionale\",\"neoliberismo radicale\",\"proteste sociali\",\"tagli alle spese sociali\"],\"articleSection\":[\"Politica\",\"Sud America\"],\"inLanguage\":\"it-IT\"},{\"@type\":\"WebPage\",\"@id\":\"https:\/\/www.pressenza.com\/it\/2016\/12\/brasile-il-senato-rifiuta-uningiunzione-della-magistratura\/\",\"url\":\"https:\/\/www.pressenza.com\/it\/2016\/12\/brasile-il-senato-rifiuta-uningiunzione-della-magistratura\/\",\"name\":\"Brasile: il Senato rifiuta un'ingiunzione della Magistratura\",\"isPartOf\":{\"@id\":\"https:\/\/www.pressenza.com\/it\/#website\"},\"primaryImageOfPage\":{\"@id\":\"https:\/\/www.pressenza.com\/it\/2016\/12\/brasile-il-senato-rifiuta-uningiunzione-della-magistratura\/#primaryimage\"},\"image\":{\"@id\":\"https:\/\/www.pressenza.com\/it\/2016\/12\/brasile-il-senato-rifiuta-uningiunzione-della-magistratura\/#primaryimage\"},\"thumbnailUrl\":\"https:\/\/www.pressenza.com\/wp-content\/uploads\/2016\/12\/6-3-780x433-c-default.jpg\",\"datePublished\":\"2016-12-08T09:30:55+00:00\",\"dateModified\":\"2016-12-08T09:37:21+00:00\",\"description\":\"Di fronte a un governo indebolito e combattuto anche fra i sostenitori del colpo di stato che lo ha portato alla poltrona\u00a0presidenziale, Michel Temer,\",\"breadcrumb\":{\"@id\":\"https:\/\/www.pressenza.com\/it\/2016\/12\/brasile-il-senato-rifiuta-uningiunzione-della-magistratura\/#breadcrumb\"},\"inLanguage\":\"it-IT\",\"potentialAction\":[{\"@type\":\"ReadAction\",\"target\":[\"https:\/\/www.pressenza.com\/it\/2016\/12\/brasile-il-senato-rifiuta-uningiunzione-della-magistratura\/\"]}]},{\"@type\":\"ImageObject\",\"inLanguage\":\"it-IT\",\"@id\":\"https:\/\/www.pressenza.com\/it\/2016\/12\/brasile-il-senato-rifiuta-uningiunzione-della-magistratura\/#primaryimage\",\"url\":\"https:\/\/www.pressenza.com\/wp-content\/uploads\/2016\/12\/6-3-780x433-c-default.jpg\",\"contentUrl\":\"https:\/\/www.pressenza.com\/wp-content\/uploads\/2016\/12\/6-3-780x433-c-default.jpg\",\"width\":780,\"height\":433},{\"@type\":\"BreadcrumbList\",\"@id\":\"https:\/\/www.pressenza.com\/it\/2016\/12\/brasile-il-senato-rifiuta-uningiunzione-della-magistratura\/#breadcrumb\",\"itemListElement\":[{\"@type\":\"ListItem\",\"position\":1,\"name\":\"Accueil\",\"item\":\"https:\/\/www.pressenza.com\/it\/\"},{\"@type\":\"ListItem\",\"position\":2,\"name\":\"Brasile: il Senato rifiuta un&#8217;ingiunzione della Magistratura\"}]},{\"@type\":\"WebSite\",\"@id\":\"https:\/\/www.pressenza.com\/it\/#website\",\"url\":\"https:\/\/www.pressenza.com\/it\/\",\"name\":\"Pressenza\",\"description\":\"Agenzia di Stampa Internazionale\",\"publisher\":{\"@id\":\"https:\/\/www.pressenza.com\/it\/#organization\"},\"potentialAction\":[{\"@type\":\"SearchAction\",\"target\":{\"@type\":\"EntryPoint\",\"urlTemplate\":\"https:\/\/www.pressenza.com\/it\/?s={search_term_string}\"},\"query-input\":{\"@type\":\"PropertyValueSpecification\",\"valueRequired\":true,\"valueName\":\"search_term_string\"}}],\"inLanguage\":\"it-IT\"},{\"@type\":\"Organization\",\"@id\":\"https:\/\/www.pressenza.com\/it\/#organization\",\"name\":\"Pressenza\",\"url\":\"https:\/\/www.pressenza.com\/it\/\",\"logo\":{\"@type\":\"ImageObject\",\"inLanguage\":\"it-IT\",\"@id\":\"https:\/\/www.pressenza.com\/it\/#\/schema\/logo\/image\/\",\"url\":\"https:\/\/www.pressenza.com\/wp-content\/uploads\/2022\/10\/pressenza_logo_200x200.jpg\",\"contentUrl\":\"https:\/\/www.pressenza.com\/wp-content\/uploads\/2022\/10\/pressenza_logo_200x200.jpg\",\"width\":200,\"height\":200,\"caption\":\"Pressenza\"},\"image\":{\"@id\":\"https:\/\/www.pressenza.com\/it\/#\/schema\/logo\/image\/\"},\"sameAs\":[\"https:\/\/www.facebook.com\/PressenzaItalia\",\"https:\/\/x.com\/PressenzaIPA\"]},{\"@type\":\"Person\",\"@id\":\"https:\/\/www.pressenza.com\/it\/#\/schema\/person\/d983e81827ae24f2c7b1a2123d197f8d\",\"name\":\"Redazione Italia\",\"description\":\"News from the Pressenza Bureau in Italy\",\"sameAs\":[\"https:\/\/www.pressenza.com\/it\/author\/redazione-italia\/\",\"https:\/\/www.facebook.com\/PressenzaItalia\",\"https:\/\/www.instagram.com\/pressenza_italia\/\",\"https:\/\/x.com\/pressenza_it\",\"https:\/\/www.youtube.com\/channel\/UCSalEIWjE1RSxkwjfftFuqg\"],\"url\":\"https:\/\/www.pressenza.com\/it\/author\/redazione-italia\/\"}]}<\/script>\n<!-- \/ Yoast SEO plugin. -->","yoast_head_json":{"title":"Brasile: il Senato rifiuta un'ingiunzione della Magistratura","description":"Di fronte a un governo indebolito e combattuto anche fra i sostenitori del colpo di stato che lo ha portato alla poltrona\u00a0presidenziale, Michel Temer,","robots":{"index":"index","follow":"follow","max-snippet":"max-snippet:-1","max-image-preview":"max-image-preview:large","max-video-preview":"max-video-preview:-1"},"canonical":"https:\/\/www.pressenza.com\/it\/2016\/12\/brasile-il-senato-rifiuta-uningiunzione-della-magistratura\/","og_locale":"it_IT","og_type":"article","og_title":"Brasile: il Senato rifiuta un'ingiunzione della Magistratura","og_description":"Di fronte a un governo indebolito e combattuto anche fra i sostenitori del colpo di stato che lo ha portato alla poltrona\u00a0presidenziale, Michel Temer,","og_url":"https:\/\/www.pressenza.com\/it\/2016\/12\/brasile-il-senato-rifiuta-uningiunzione-della-magistratura\/","og_site_name":"Pressenza","article_publisher":"https:\/\/www.facebook.com\/PressenzaItalia","article_author":"https:\/\/www.facebook.com\/PressenzaItalia","article_published_time":"2016-12-08T09:30:55+00:00","article_modified_time":"2016-12-08T09:37:21+00:00","og_image":[{"width":780,"height":433,"url":"https:\/\/www.pressenza.com\/wp-content\/uploads\/2016\/12\/6-3-780x433-c-default.jpg","type":"image\/jpeg"}],"author":"Redazione Italia","twitter_card":"summary_large_image","twitter_creator":"@pressenza_it","twitter_site":"@PressenzaIPA","twitter_misc":{"Scritto da":"Redazione Italia","Tempo di lettura stimato":"4 minuti"},"schema":{"@context":"https:\/\/schema.org","@graph":[{"@type":"Article","@id":"https:\/\/www.pressenza.com\/it\/2016\/12\/brasile-il-senato-rifiuta-uningiunzione-della-magistratura\/#article","isPartOf":{"@id":"https:\/\/www.pressenza.com\/it\/2016\/12\/brasile-il-senato-rifiuta-uningiunzione-della-magistratura\/"},"author":{"name":"Redazione Italia","@id":"https:\/\/www.pressenza.com\/it\/#\/schema\/person\/d983e81827ae24f2c7b1a2123d197f8d"},"headline":"Brasile: il Senato rifiuta un&#8217;ingiunzione della Magistratura","datePublished":"2016-12-08T09:30:55+00:00","dateModified":"2016-12-08T09:37:21+00:00","mainEntityOfPage":{"@id":"https:\/\/www.pressenza.com\/it\/2016\/12\/brasile-il-senato-rifiuta-uningiunzione-della-magistratura\/"},"wordCount":809,"publisher":{"@id":"https:\/\/www.pressenza.com\/it\/#organization"},"image":{"@id":"https:\/\/www.pressenza.com\/it\/2016\/12\/brasile-il-senato-rifiuta-uningiunzione-della-magistratura\/#primaryimage"},"thumbnailUrl":"https:\/\/www.pressenza.com\/wp-content\/uploads\/2016\/12\/6-3-780x433-c-default.jpg","keywords":["Brasile","colpo di stato","conflitto istituzionale","neoliberismo radicale","proteste sociali","tagli alle spese sociali"],"articleSection":["Politica","Sud America"],"inLanguage":"it-IT"},{"@type":"WebPage","@id":"https:\/\/www.pressenza.com\/it\/2016\/12\/brasile-il-senato-rifiuta-uningiunzione-della-magistratura\/","url":"https:\/\/www.pressenza.com\/it\/2016\/12\/brasile-il-senato-rifiuta-uningiunzione-della-magistratura\/","name":"Brasile: il Senato rifiuta un'ingiunzione della Magistratura","isPartOf":{"@id":"https:\/\/www.pressenza.com\/it\/#website"},"primaryImageOfPage":{"@id":"https:\/\/www.pressenza.com\/it\/2016\/12\/brasile-il-senato-rifiuta-uningiunzione-della-magistratura\/#primaryimage"},"image":{"@id":"https:\/\/www.pressenza.com\/it\/2016\/12\/brasile-il-senato-rifiuta-uningiunzione-della-magistratura\/#primaryimage"},"thumbnailUrl":"https:\/\/www.pressenza.com\/wp-content\/uploads\/2016\/12\/6-3-780x433-c-default.jpg","datePublished":"2016-12-08T09:30:55+00:00","dateModified":"2016-12-08T09:37:21+00:00","description":"Di fronte a un governo indebolito e combattuto anche fra i sostenitori del colpo di stato che lo ha portato alla poltrona\u00a0presidenziale, Michel Temer,","breadcrumb":{"@id":"https:\/\/www.pressenza.com\/it\/2016\/12\/brasile-il-senato-rifiuta-uningiunzione-della-magistratura\/#breadcrumb"},"inLanguage":"it-IT","potentialAction":[{"@type":"ReadAction","target":["https:\/\/www.pressenza.com\/it\/2016\/12\/brasile-il-senato-rifiuta-uningiunzione-della-magistratura\/"]}]},{"@type":"ImageObject","inLanguage":"it-IT","@id":"https:\/\/www.pressenza.com\/it\/2016\/12\/brasile-il-senato-rifiuta-uningiunzione-della-magistratura\/#primaryimage","url":"https:\/\/www.pressenza.com\/wp-content\/uploads\/2016\/12\/6-3-780x433-c-default.jpg","contentUrl":"https:\/\/www.pressenza.com\/wp-content\/uploads\/2016\/12\/6-3-780x433-c-default.jpg","width":780,"height":433},{"@type":"BreadcrumbList","@id":"https:\/\/www.pressenza.com\/it\/2016\/12\/brasile-il-senato-rifiuta-uningiunzione-della-magistratura\/#breadcrumb","itemListElement":[{"@type":"ListItem","position":1,"name":"Accueil","item":"https:\/\/www.pressenza.com\/it\/"},{"@type":"ListItem","position":2,"name":"Brasile: il Senato rifiuta un&#8217;ingiunzione della Magistratura"}]},{"@type":"WebSite","@id":"https:\/\/www.pressenza.com\/it\/#website","url":"https:\/\/www.pressenza.com\/it\/","name":"Pressenza","description":"Agenzia di Stampa Internazionale","publisher":{"@id":"https:\/\/www.pressenza.com\/it\/#organization"},"potentialAction":[{"@type":"SearchAction","target":{"@type":"EntryPoint","urlTemplate":"https:\/\/www.pressenza.com\/it\/?s={search_term_string}"},"query-input":{"@type":"PropertyValueSpecification","valueRequired":true,"valueName":"search_term_string"}}],"inLanguage":"it-IT"},{"@type":"Organization","@id":"https:\/\/www.pressenza.com\/it\/#organization","name":"Pressenza","url":"https:\/\/www.pressenza.com\/it\/","logo":{"@type":"ImageObject","inLanguage":"it-IT","@id":"https:\/\/www.pressenza.com\/it\/#\/schema\/logo\/image\/","url":"https:\/\/www.pressenza.com\/wp-content\/uploads\/2022\/10\/pressenza_logo_200x200.jpg","contentUrl":"https:\/\/www.pressenza.com\/wp-content\/uploads\/2022\/10\/pressenza_logo_200x200.jpg","width":200,"height":200,"caption":"Pressenza"},"image":{"@id":"https:\/\/www.pressenza.com\/it\/#\/schema\/logo\/image\/"},"sameAs":["https:\/\/www.facebook.com\/PressenzaItalia","https:\/\/x.com\/PressenzaIPA"]},{"@type":"Person","@id":"https:\/\/www.pressenza.com\/it\/#\/schema\/person\/d983e81827ae24f2c7b1a2123d197f8d","name":"Redazione Italia","description":"News from the Pressenza Bureau in Italy","sameAs":["https:\/\/www.pressenza.com\/it\/author\/redazione-italia\/","https:\/\/www.facebook.com\/PressenzaItalia","https:\/\/www.instagram.com\/pressenza_italia\/","https:\/\/x.com\/pressenza_it","https:\/\/www.youtube.com\/channel\/UCSalEIWjE1RSxkwjfftFuqg"],"url":"https:\/\/www.pressenza.com\/it\/author\/redazione-italia\/"}]}},"place":"","original_article_url":"","_links":{"self":[{"href":"https:\/\/www.pressenza.com\/it\/wp-json\/wp\/v2\/posts\/406724","targetHints":{"allow":["GET"]}}],"collection":[{"href":"https:\/\/www.pressenza.com\/it\/wp-json\/wp\/v2\/posts"}],"about":[{"href":"https:\/\/www.pressenza.com\/it\/wp-json\/wp\/v2\/types\/post"}],"author":[{"embeddable":true,"href":"https:\/\/www.pressenza.com\/it\/wp-json\/wp\/v2\/users\/594"}],"replies":[{"embeddable":true,"href":"https:\/\/www.pressenza.com\/it\/wp-json\/wp\/v2\/comments?post=406724"}],"version-history":[{"count":0,"href":"https:\/\/www.pressenza.com\/it\/wp-json\/wp\/v2\/posts\/406724\/revisions"}],"wp:featuredmedia":[{"embeddable":true,"href":"https:\/\/www.pressenza.com\/it\/wp-json\/wp\/v2\/media\/406459"}],"wp:attachment":[{"href":"https:\/\/www.pressenza.com\/it\/wp-json\/wp\/v2\/media?parent=406724"}],"wp:term":[{"taxonomy":"category","embeddable":true,"href":"https:\/\/www.pressenza.com\/it\/wp-json\/wp\/v2\/categories?post=406724"},{"taxonomy":"post_tag","embeddable":true,"href":"https:\/\/www.pressenza.com\/it\/wp-json\/wp\/v2\/tags?post=406724"}],"curies":[{"name":"wp","href":"https:\/\/api.w.org\/{rel}","templated":true}]}}