{"id":406236,"date":"2016-12-07T00:29:47","date_gmt":"2016-12-07T00:29:47","guid":{"rendered":"http:\/\/www.pressenza.com\/it\/?p=406236"},"modified":"2016-12-07T00:39:28","modified_gmt":"2016-12-07T00:39:28","slug":"msf-basta-bombe-su-civili-e-ospedali-siria","status":"publish","type":"post","link":"https:\/\/www.pressenza.com\/it\/2016\/12\/msf-basta-bombe-su-civili-e-ospedali-siria\/","title":{"rendered":"MSF, basta bombe su civili e ospedali in Siria"},"content":{"rendered":"<p style=\"text-align: justify;\">Medici Senza Frontiere (MSF) \u00e8 scesa in Piazza Montecitorio lo scorso 6 dicembre 2016 per chiedere la fine dei bombardamenti indiscriminati sui civili e sulle strutture ospedaliere che da alcuni mesi si sono intensificati in Siria. Aleppo est ma anche le aree di Damasco e Homs sono ormai bersaglio di un&#8217;escalation di violenza che non risparmia neppure scuole e abitazioni.<\/p>\n<p style=\"text-align: justify;\">&#8220;Siamo in una fase drammatica del conflitto&#8221; ci dice il presidente di Medici Senza Frontiere Italia Loris De Filippi.<\/p>\n<p style=\"text-align: justify;\">La mobilitazione \u00e8 un atto di solidariet\u00e0 al popolo siriano che da oltre cinque anni sopporta le conseguenze di un conflitto atroce e disumano. MSF reclama con veemenza che vengano inoltre garantiti immediatamente il diritto alla fuga dei civili rimasti intrappolati nel tentativo di cercare protezione, la possibilit\u00e0 di fornire assistenza umanitaria e la possibilit\u00e0 di ottenere dei passaggi liberi e sicuri del personale medico e umanitario affinch\u00e8 si possa procedere all&#8217;evacuazione di malati e feriti.<\/p>\n<p style=\"text-align: justify;\">Un appello che viene indistintamente diretto a tutte le parti di un conflitto nel quale, come ci ricorda il presidente De Filippi, si \u00e8 violato sistematicamente il diritto umanitario internazionale.<\/p>\n<p style=\"text-align: justify;\"><em><span style=\"color: #800000;\">Eravamo presenti alla mobilitazione capitolina. Qui di seguito potete ascoltare la nostra intervista al Presidente di Medici Senza Frontiere Italia Loris De Filippi<\/span><\/em><\/p>\n<p><iframe loading=\"lazy\" title=\"Pressenza - MSF mobilitazione di solidariet\u00e0 con il popolo siriano\" width=\"500\" height=\"281\" src=\"https:\/\/www.youtube.com\/embed\/3Offtru9sj8?feature=oembed\" frameborder=\"0\" allow=\"accelerometer; autoplay; clipboard-write; encrypted-media; gyroscope; picture-in-picture; web-share\" referrerpolicy=\"strict-origin-when-cross-origin\" allowfullscreen><\/iframe><\/p>\n","protected":false},"excerpt":{"rendered":"<p>Medici Senza Frontiere (MSF) \u00e8 scesa in Piazza Montecitorio lo scorso 6 dicembre 2016 per chiedere la fine dei bombardamenti indiscriminati sui civili e sulle strutture ospedaliere che da alcuni mesi si sono intensificati in Siria. Aleppo est ma anche&hellip;<\/p>\n","protected":false},"author":680,"featured_media":406249,"comment_status":"closed","ping_status":"closed","sticky":false,"template":"","format":"standard","meta":{"footnotes":""},"categories":[11388,47,157,1263,27065],"tags":[5220,33324,33323,231,24934,7242,1446,10253,460,294,33322,3873,33325],"class_list":["post-406236","post","type-post","status-publish","format-standard","has-post-thumbnail","hentry","category-contenuti-originali","category-europa","category-interviste","category-pace-disarmo","category-video-it","tag-aleppo","tag-basta-bombe-su-civili-e-ospedali","tag-bombardamenti-su-civili-e-ospedali","tag-disarmo","tag-loris-de-filippi","tag-medici-senza-frontiere","tag-mobilitazione","tag-msf","tag-nonviolenza","tag-pace","tag-piazza-montecitorio","tag-roma","tag-solidarieta-alla-popolazione-siriana"],"yoast_head":"<!-- This site is optimized with the Yoast SEO plugin v27.1.1 - https:\/\/yoast.com\/product\/yoast-seo-wordpress\/ -->\n<title>MSF, basta bombe su civili e ospedali in Siria<\/title>\n<meta name=\"description\" content=\"Medici Senza Frontiere (MSF) \u00e8 scesa in Piazza Montecitorio lo scorso 6 dicembre 2016 per chiedere la fine dei bombardamenti indiscriminati sui civili e\" \/>\n<meta name=\"robots\" content=\"index, follow, max-snippet:-1, max-image-preview:large, max-video-preview:-1\" \/>\n<link rel=\"canonical\" href=\"https:\/\/www.pressenza.com\/it\/2016\/12\/msf-basta-bombe-su-civili-e-ospedali-siria\/\" \/>\n<meta property=\"og:locale\" content=\"it_IT\" \/>\n<meta property=\"og:type\" content=\"article\" \/>\n<meta property=\"og:title\" content=\"MSF, basta bombe su civili e ospedali in Siria\" \/>\n<meta property=\"og:description\" content=\"Medici Senza Frontiere (MSF) \u00e8 scesa in Piazza Montecitorio lo scorso 6 dicembre 2016 per chiedere la fine dei bombardamenti indiscriminati sui civili e\" \/>\n<meta property=\"og:url\" content=\"https:\/\/www.pressenza.com\/it\/2016\/12\/msf-basta-bombe-su-civili-e-ospedali-siria\/\" \/>\n<meta property=\"og:site_name\" content=\"Pressenza\" \/>\n<meta property=\"article:publisher\" content=\"https:\/\/www.facebook.com\/PressenzaItalia\" \/>\n<meta property=\"article:author\" content=\"https:\/\/www.facebook.com\/dariosolare\" \/>\n<meta property=\"article:published_time\" content=\"2016-12-07T00:29:47+00:00\" \/>\n<meta property=\"article:modified_time\" content=\"2016-12-07T00:39:28+00:00\" \/>\n<meta property=\"og:image\" content=\"https:\/\/www.pressenza.com\/wp-content\/uploads\/2016\/12\/DSC00844.jpg\" \/>\n\t<meta property=\"og:image:width\" content=\"3457\" \/>\n\t<meta property=\"og:image:height\" content=\"2212\" \/>\n\t<meta property=\"og:image:type\" content=\"image\/jpeg\" \/>\n<meta name=\"author\" content=\"Dario Lo Scalzo\" \/>\n<meta name=\"twitter:card\" content=\"summary_large_image\" \/>\n<meta name=\"twitter:creator\" content=\"@dario-lo-scalzo\" \/>\n<meta name=\"twitter:site\" content=\"@PressenzaIPA\" \/>\n<meta name=\"twitter:label1\" content=\"Scritto da\" \/>\n\t<meta name=\"twitter:data1\" content=\"Dario Lo Scalzo\" \/>\n\t<meta name=\"twitter:label2\" content=\"Tempo di lettura stimato\" \/>\n\t<meta name=\"twitter:data2\" content=\"1 minuto\" \/>\n<script type=\"application\/ld+json\" class=\"yoast-schema-graph\">{\"@context\":\"https:\/\/schema.org\",\"@graph\":[{\"@type\":\"Article\",\"@id\":\"https:\/\/www.pressenza.com\/it\/2016\/12\/msf-basta-bombe-su-civili-e-ospedali-siria\/#article\",\"isPartOf\":{\"@id\":\"https:\/\/www.pressenza.com\/it\/2016\/12\/msf-basta-bombe-su-civili-e-ospedali-siria\/\"},\"author\":{\"name\":\"Dario Lo Scalzo\",\"@id\":\"https:\/\/www.pressenza.com\/it\/#\/schema\/person\/4734d5a58e73e1588c6b58e2610d4390\"},\"headline\":\"MSF, basta bombe su civili e ospedali in Siria\",\"datePublished\":\"2016-12-07T00:29:47+00:00\",\"dateModified\":\"2016-12-07T00:39:28+00:00\",\"mainEntityOfPage\":{\"@id\":\"https:\/\/www.pressenza.com\/it\/2016\/12\/msf-basta-bombe-su-civili-e-ospedali-siria\/\"},\"wordCount\":225,\"publisher\":{\"@id\":\"https:\/\/www.pressenza.com\/it\/#organization\"},\"image\":{\"@id\":\"https:\/\/www.pressenza.com\/it\/2016\/12\/msf-basta-bombe-su-civili-e-ospedali-siria\/#primaryimage\"},\"thumbnailUrl\":\"https:\/\/www.pressenza.com\/wp-content\/uploads\/2016\/12\/DSC00844.jpg\",\"keywords\":[\"Aleppo\",\"Basta bombe su civili e ospedali\",\"bombardamenti su civili e ospedali\",\"disarmo\",\"Loris De Filippi\",\"Medici Senza Frontiere\",\"mobilitazione\",\"MSF\",\"nonviolenza\",\"Pace\",\"Piazza Montecitorio\",\"Roma\",\"solidariet\u00e0 alla popolazione siriana\"],\"articleSection\":[\"contenuti originali\",\"Europa\",\"Interviste\",\"Pace e Disarmo\",\"Video\"],\"inLanguage\":\"it-IT\"},{\"@type\":\"WebPage\",\"@id\":\"https:\/\/www.pressenza.com\/it\/2016\/12\/msf-basta-bombe-su-civili-e-ospedali-siria\/\",\"url\":\"https:\/\/www.pressenza.com\/it\/2016\/12\/msf-basta-bombe-su-civili-e-ospedali-siria\/\",\"name\":\"MSF, basta bombe su civili e ospedali in Siria\",\"isPartOf\":{\"@id\":\"https:\/\/www.pressenza.com\/it\/#website\"},\"primaryImageOfPage\":{\"@id\":\"https:\/\/www.pressenza.com\/it\/2016\/12\/msf-basta-bombe-su-civili-e-ospedali-siria\/#primaryimage\"},\"image\":{\"@id\":\"https:\/\/www.pressenza.com\/it\/2016\/12\/msf-basta-bombe-su-civili-e-ospedali-siria\/#primaryimage\"},\"thumbnailUrl\":\"https:\/\/www.pressenza.com\/wp-content\/uploads\/2016\/12\/DSC00844.jpg\",\"datePublished\":\"2016-12-07T00:29:47+00:00\",\"dateModified\":\"2016-12-07T00:39:28+00:00\",\"description\":\"Medici Senza Frontiere (MSF) \u00e8 scesa in Piazza Montecitorio lo scorso 6 dicembre 2016 per chiedere la fine dei bombardamenti indiscriminati sui civili e\",\"breadcrumb\":{\"@id\":\"https:\/\/www.pressenza.com\/it\/2016\/12\/msf-basta-bombe-su-civili-e-ospedali-siria\/#breadcrumb\"},\"inLanguage\":\"it-IT\",\"potentialAction\":[{\"@type\":\"ReadAction\",\"target\":[\"https:\/\/www.pressenza.com\/it\/2016\/12\/msf-basta-bombe-su-civili-e-ospedali-siria\/\"]}]},{\"@type\":\"ImageObject\",\"inLanguage\":\"it-IT\",\"@id\":\"https:\/\/www.pressenza.com\/it\/2016\/12\/msf-basta-bombe-su-civili-e-ospedali-siria\/#primaryimage\",\"url\":\"https:\/\/www.pressenza.com\/wp-content\/uploads\/2016\/12\/DSC00844.jpg\",\"contentUrl\":\"https:\/\/www.pressenza.com\/wp-content\/uploads\/2016\/12\/DSC00844.jpg\",\"width\":3457,\"height\":2212},{\"@type\":\"BreadcrumbList\",\"@id\":\"https:\/\/www.pressenza.com\/it\/2016\/12\/msf-basta-bombe-su-civili-e-ospedali-siria\/#breadcrumb\",\"itemListElement\":[{\"@type\":\"ListItem\",\"position\":1,\"name\":\"Accueil\",\"item\":\"https:\/\/www.pressenza.com\/it\/\"},{\"@type\":\"ListItem\",\"position\":2,\"name\":\"MSF, basta bombe su civili e ospedali in Siria\"}]},{\"@type\":\"WebSite\",\"@id\":\"https:\/\/www.pressenza.com\/it\/#website\",\"url\":\"https:\/\/www.pressenza.com\/it\/\",\"name\":\"Pressenza\",\"description\":\"Agenzia di Stampa Internazionale\",\"publisher\":{\"@id\":\"https:\/\/www.pressenza.com\/it\/#organization\"},\"potentialAction\":[{\"@type\":\"SearchAction\",\"target\":{\"@type\":\"EntryPoint\",\"urlTemplate\":\"https:\/\/www.pressenza.com\/it\/?s={search_term_string}\"},\"query-input\":{\"@type\":\"PropertyValueSpecification\",\"valueRequired\":true,\"valueName\":\"search_term_string\"}}],\"inLanguage\":\"it-IT\"},{\"@type\":\"Organization\",\"@id\":\"https:\/\/www.pressenza.com\/it\/#organization\",\"name\":\"Pressenza\",\"url\":\"https:\/\/www.pressenza.com\/it\/\",\"logo\":{\"@type\":\"ImageObject\",\"inLanguage\":\"it-IT\",\"@id\":\"https:\/\/www.pressenza.com\/it\/#\/schema\/logo\/image\/\",\"url\":\"https:\/\/www.pressenza.com\/wp-content\/uploads\/2022\/10\/pressenza_logo_200x200.jpg\",\"contentUrl\":\"https:\/\/www.pressenza.com\/wp-content\/uploads\/2022\/10\/pressenza_logo_200x200.jpg\",\"width\":200,\"height\":200,\"caption\":\"Pressenza\"},\"image\":{\"@id\":\"https:\/\/www.pressenza.com\/it\/#\/schema\/logo\/image\/\"},\"sameAs\":[\"https:\/\/www.facebook.com\/PressenzaItalia\",\"https:\/\/x.com\/PressenzaIPA\"]},{\"@type\":\"Person\",\"@id\":\"https:\/\/www.pressenza.com\/it\/#\/schema\/person\/4734d5a58e73e1588c6b58e2610d4390\",\"name\":\"Dario Lo Scalzo\",\"description\":\"Dario Lo Scalzo: Journalist, writer and videomaker Dario has a professional background in banking, microcredit, lean thinking and change management. For years, he has been involved in Human Rights and Nonviolence issues. As a journalist, he wrote for Terranauta and Il Cambiamento (as a columnist and creator of the \\\"Invisible Stories\\\" section). He also cooperated with other online and print newpapers (Girodivite, Left Avvenimenti, Il Clandestino con permesso di soggiorno). In 2020, he created and launched the Video Team of the online green magazine \\\"GreenMe\\\". Currently, Dario is part of the Italian editorial staff of Pressenza International Press Agency and he is a freelance video-journalist at Radiotelevisione svizzera (RSI)\",\"sameAs\":[\"https:\/\/www.facebook.com\/dariosolare\",\"https:\/\/x.com\/dario-lo-scalzo\"],\"url\":\"https:\/\/www.pressenza.com\/it\/author\/dario-lo-scalzo\/\"}]}<\/script>\n<!-- \/ Yoast SEO plugin. -->","yoast_head_json":{"title":"MSF, basta bombe su civili e ospedali in Siria","description":"Medici Senza Frontiere (MSF) \u00e8 scesa in Piazza Montecitorio lo scorso 6 dicembre 2016 per chiedere la fine dei bombardamenti indiscriminati sui civili e","robots":{"index":"index","follow":"follow","max-snippet":"max-snippet:-1","max-image-preview":"max-image-preview:large","max-video-preview":"max-video-preview:-1"},"canonical":"https:\/\/www.pressenza.com\/it\/2016\/12\/msf-basta-bombe-su-civili-e-ospedali-siria\/","og_locale":"it_IT","og_type":"article","og_title":"MSF, basta bombe su civili e ospedali in Siria","og_description":"Medici Senza Frontiere (MSF) \u00e8 scesa in Piazza Montecitorio lo scorso 6 dicembre 2016 per chiedere la fine dei bombardamenti indiscriminati sui civili e","og_url":"https:\/\/www.pressenza.com\/it\/2016\/12\/msf-basta-bombe-su-civili-e-ospedali-siria\/","og_site_name":"Pressenza","article_publisher":"https:\/\/www.facebook.com\/PressenzaItalia","article_author":"https:\/\/www.facebook.com\/dariosolare","article_published_time":"2016-12-07T00:29:47+00:00","article_modified_time":"2016-12-07T00:39:28+00:00","og_image":[{"width":3457,"height":2212,"url":"https:\/\/www.pressenza.com\/wp-content\/uploads\/2016\/12\/DSC00844.jpg","type":"image\/jpeg"}],"author":"Dario Lo Scalzo","twitter_card":"summary_large_image","twitter_creator":"@dario-lo-scalzo","twitter_site":"@PressenzaIPA","twitter_misc":{"Scritto da":"Dario Lo Scalzo","Tempo di lettura stimato":"1 minuto"},"schema":{"@context":"https:\/\/schema.org","@graph":[{"@type":"Article","@id":"https:\/\/www.pressenza.com\/it\/2016\/12\/msf-basta-bombe-su-civili-e-ospedali-siria\/#article","isPartOf":{"@id":"https:\/\/www.pressenza.com\/it\/2016\/12\/msf-basta-bombe-su-civili-e-ospedali-siria\/"},"author":{"name":"Dario Lo Scalzo","@id":"https:\/\/www.pressenza.com\/it\/#\/schema\/person\/4734d5a58e73e1588c6b58e2610d4390"},"headline":"MSF, basta bombe su civili e ospedali in Siria","datePublished":"2016-12-07T00:29:47+00:00","dateModified":"2016-12-07T00:39:28+00:00","mainEntityOfPage":{"@id":"https:\/\/www.pressenza.com\/it\/2016\/12\/msf-basta-bombe-su-civili-e-ospedali-siria\/"},"wordCount":225,"publisher":{"@id":"https:\/\/www.pressenza.com\/it\/#organization"},"image":{"@id":"https:\/\/www.pressenza.com\/it\/2016\/12\/msf-basta-bombe-su-civili-e-ospedali-siria\/#primaryimage"},"thumbnailUrl":"https:\/\/www.pressenza.com\/wp-content\/uploads\/2016\/12\/DSC00844.jpg","keywords":["Aleppo","Basta bombe su civili e ospedali","bombardamenti su civili e ospedali","disarmo","Loris De Filippi","Medici Senza Frontiere","mobilitazione","MSF","nonviolenza","Pace","Piazza Montecitorio","Roma","solidariet\u00e0 alla popolazione siriana"],"articleSection":["contenuti originali","Europa","Interviste","Pace e Disarmo","Video"],"inLanguage":"it-IT"},{"@type":"WebPage","@id":"https:\/\/www.pressenza.com\/it\/2016\/12\/msf-basta-bombe-su-civili-e-ospedali-siria\/","url":"https:\/\/www.pressenza.com\/it\/2016\/12\/msf-basta-bombe-su-civili-e-ospedali-siria\/","name":"MSF, basta bombe su civili e ospedali in Siria","isPartOf":{"@id":"https:\/\/www.pressenza.com\/it\/#website"},"primaryImageOfPage":{"@id":"https:\/\/www.pressenza.com\/it\/2016\/12\/msf-basta-bombe-su-civili-e-ospedali-siria\/#primaryimage"},"image":{"@id":"https:\/\/www.pressenza.com\/it\/2016\/12\/msf-basta-bombe-su-civili-e-ospedali-siria\/#primaryimage"},"thumbnailUrl":"https:\/\/www.pressenza.com\/wp-content\/uploads\/2016\/12\/DSC00844.jpg","datePublished":"2016-12-07T00:29:47+00:00","dateModified":"2016-12-07T00:39:28+00:00","description":"Medici Senza Frontiere (MSF) \u00e8 scesa in Piazza Montecitorio lo scorso 6 dicembre 2016 per chiedere la fine dei bombardamenti indiscriminati sui civili e","breadcrumb":{"@id":"https:\/\/www.pressenza.com\/it\/2016\/12\/msf-basta-bombe-su-civili-e-ospedali-siria\/#breadcrumb"},"inLanguage":"it-IT","potentialAction":[{"@type":"ReadAction","target":["https:\/\/www.pressenza.com\/it\/2016\/12\/msf-basta-bombe-su-civili-e-ospedali-siria\/"]}]},{"@type":"ImageObject","inLanguage":"it-IT","@id":"https:\/\/www.pressenza.com\/it\/2016\/12\/msf-basta-bombe-su-civili-e-ospedali-siria\/#primaryimage","url":"https:\/\/www.pressenza.com\/wp-content\/uploads\/2016\/12\/DSC00844.jpg","contentUrl":"https:\/\/www.pressenza.com\/wp-content\/uploads\/2016\/12\/DSC00844.jpg","width":3457,"height":2212},{"@type":"BreadcrumbList","@id":"https:\/\/www.pressenza.com\/it\/2016\/12\/msf-basta-bombe-su-civili-e-ospedali-siria\/#breadcrumb","itemListElement":[{"@type":"ListItem","position":1,"name":"Accueil","item":"https:\/\/www.pressenza.com\/it\/"},{"@type":"ListItem","position":2,"name":"MSF, basta bombe su civili e ospedali in Siria"}]},{"@type":"WebSite","@id":"https:\/\/www.pressenza.com\/it\/#website","url":"https:\/\/www.pressenza.com\/it\/","name":"Pressenza","description":"Agenzia di Stampa Internazionale","publisher":{"@id":"https:\/\/www.pressenza.com\/it\/#organization"},"potentialAction":[{"@type":"SearchAction","target":{"@type":"EntryPoint","urlTemplate":"https:\/\/www.pressenza.com\/it\/?s={search_term_string}"},"query-input":{"@type":"PropertyValueSpecification","valueRequired":true,"valueName":"search_term_string"}}],"inLanguage":"it-IT"},{"@type":"Organization","@id":"https:\/\/www.pressenza.com\/it\/#organization","name":"Pressenza","url":"https:\/\/www.pressenza.com\/it\/","logo":{"@type":"ImageObject","inLanguage":"it-IT","@id":"https:\/\/www.pressenza.com\/it\/#\/schema\/logo\/image\/","url":"https:\/\/www.pressenza.com\/wp-content\/uploads\/2022\/10\/pressenza_logo_200x200.jpg","contentUrl":"https:\/\/www.pressenza.com\/wp-content\/uploads\/2022\/10\/pressenza_logo_200x200.jpg","width":200,"height":200,"caption":"Pressenza"},"image":{"@id":"https:\/\/www.pressenza.com\/it\/#\/schema\/logo\/image\/"},"sameAs":["https:\/\/www.facebook.com\/PressenzaItalia","https:\/\/x.com\/PressenzaIPA"]},{"@type":"Person","@id":"https:\/\/www.pressenza.com\/it\/#\/schema\/person\/4734d5a58e73e1588c6b58e2610d4390","name":"Dario Lo Scalzo","description":"Dario Lo Scalzo: Journalist, writer and videomaker Dario has a professional background in banking, microcredit, lean thinking and change management. For years, he has been involved in Human Rights and Nonviolence issues. As a journalist, he wrote for Terranauta and Il Cambiamento (as a columnist and creator of the \"Invisible Stories\" section). He also cooperated with other online and print newpapers (Girodivite, Left Avvenimenti, Il Clandestino con permesso di soggiorno). In 2020, he created and launched the Video Team of the online green magazine \"GreenMe\". Currently, Dario is part of the Italian editorial staff of Pressenza International Press Agency and he is a freelance video-journalist at Radiotelevisione svizzera (RSI)","sameAs":["https:\/\/www.facebook.com\/dariosolare","https:\/\/x.com\/dario-lo-scalzo"],"url":"https:\/\/www.pressenza.com\/it\/author\/dario-lo-scalzo\/"}]}},"place":"","original_article_url":"","_links":{"self":[{"href":"https:\/\/www.pressenza.com\/it\/wp-json\/wp\/v2\/posts\/406236","targetHints":{"allow":["GET"]}}],"collection":[{"href":"https:\/\/www.pressenza.com\/it\/wp-json\/wp\/v2\/posts"}],"about":[{"href":"https:\/\/www.pressenza.com\/it\/wp-json\/wp\/v2\/types\/post"}],"author":[{"embeddable":true,"href":"https:\/\/www.pressenza.com\/it\/wp-json\/wp\/v2\/users\/680"}],"replies":[{"embeddable":true,"href":"https:\/\/www.pressenza.com\/it\/wp-json\/wp\/v2\/comments?post=406236"}],"version-history":[{"count":0,"href":"https:\/\/www.pressenza.com\/it\/wp-json\/wp\/v2\/posts\/406236\/revisions"}],"wp:featuredmedia":[{"embeddable":true,"href":"https:\/\/www.pressenza.com\/it\/wp-json\/wp\/v2\/media\/406249"}],"wp:attachment":[{"href":"https:\/\/www.pressenza.com\/it\/wp-json\/wp\/v2\/media?parent=406236"}],"wp:term":[{"taxonomy":"category","embeddable":true,"href":"https:\/\/www.pressenza.com\/it\/wp-json\/wp\/v2\/categories?post=406236"},{"taxonomy":"post_tag","embeddable":true,"href":"https:\/\/www.pressenza.com\/it\/wp-json\/wp\/v2\/tags?post=406236"}],"curies":[{"name":"wp","href":"https:\/\/api.w.org\/{rel}","templated":true}]}}