{"id":403724,"date":"2016-11-30T19:59:57","date_gmt":"2016-11-30T19:59:57","guid":{"rendered":"http:\/\/www.pressenza.com\/it\/?p=403724"},"modified":"2016-11-30T20:02:50","modified_gmt":"2016-11-30T20:02:50","slug":"italia-ripensaci-e-lavora-per-la-messa-al-bando-delle-armi-nucleari","status":"publish","type":"post","link":"https:\/\/www.pressenza.com\/it\/2016\/11\/italia-ripensaci-e-lavora-per-la-messa-al-bando-delle-armi-nucleari\/","title":{"rendered":"\u201dItalia Ripensaci\u201d e lavora per la messa al bando delle armi nucleari"},"content":{"rendered":"<p><span style=\"color: #000000;\"><em><span id=\"msgText_new_message_draft1480535424058_1810\" dir=\"ltr\"><span style=\"font-family: Helvetica Neue,sans-serif;\"><span style=\"font-size: medium;\">Lettera di Senzatomica e Rete Italiana per il Disarmo a Renzi e Gentiloni: \u201cBisogna trovare il coraggio di agire adesso, per conto dell\u2019umanit\u00e0 presente e futura\u201d<\/span><\/span><\/span><\/em><\/span><\/p>\n<p class=\"\" align=\"JUSTIFY\">\u201c<span style=\"font-family: Helvetica Neue,sans-serif;\">Sul cammino iniziato all&#8217;ONU per la messa al bando delle armi nucleari: Italia Ripensaci!\u201d. \u00c8 questa la richiesta esplicita inviata da Senzatomica e Rete Italiana per il Disarmo al Governo italiano, tramite una lettera spedita nei giorni scorsi al Presidente del Consiglio Renzi e al Ministro degli Esteri e della Cooperazione Internazionale Gentiloni, affinch\u00e9 il nostro Paese muti la propria posizione politica contraria alle iniziative internazionali che puntano alla eliminazione degli ordigni nucleari.<\/span><\/p>\n<p class=\"\" align=\"JUSTIFY\"><span style=\"font-family: Helvetica Neue,sans-serif;\">Entro il 12 dicembre l\u2019Assemblea Generale \u00e8 infatti chiamata a ribadire il voto sulla risoluzione L41 avvenuto lo scorso 27 ottobre nell\u2019ambito del Primo Comitato dell\u2019Assemblea Generale delle Nazioni Unite: con tale decisione la maggioranza degli Stati Membri ONU ha impegnato gli Stati membri a iniziare nel 2017 i negoziati al fine di elaborare uno strumento giuridicamente vincolante che proibisca le armi nucleari. L\u2019Italia non ha sostenuto la risoluzione, nonostante la grande tradizione anti-nuclearista del nostro Paese. \u201cCrediamo che l\u2019Italia potrebbe mandare un importante segnale scegliendo di modificare il proprio voto in occasione del voto in Assemblea Generale &#8211; si legge nella missiva inviata da Senzatomica e Rete Disarmo &#8211; La storia e la cultura dell\u2019Italia stanno dalla parte del multilateralismo e della fiducia nei negoziati internazionali\u201d.<\/span><\/p>\n<p class=\"\" align=\"JUSTIFY\"><span style=\"font-family: Helvetica Neue,sans-serif;\">In ogni caso, sottolineano i due organismi, il voto contrario alla L41 espresso in seno al Primo Comitato lo scorso ottobre non esclude l\u2019Italia dai negoziati che si svolgeranno nel 2017. Anzi, tutta la comunit\u00e0 internazionale per il disarmo nucleare auspica una presenza fattiva a tali negoziati da parte in particolare dei Paesi che si collocano sotto \u201cl\u2019ombrello nucleare\u201d della NATO, alla cui Alleanza \u00e8 del tutto possibile partecipare pur opponendosi in toto alle armi nucleari. La richiesta avanzata da Senzatomica e Rete Italiana per il Disarmo, e a sostegno della quale verrano a breve lanciate alcune mobilitazioni, \u00e8 dunque proprio che l\u2019Italia divenga \u201cuno dei paesi leader dei negoziati ed esprima tutto il suo potenziale di creativit\u00e0 e capacit\u00e0 diplomatica nella ricerca di un nuovo paradigma di sicurezza globale che promuova la comprensione reciproca e si lasci alle spalle la logica obsoleta della deterrenza nucleare fondata sulla sfiducia reciproca\u201d.<\/span><\/p>\n<p class=\"\" align=\"JUSTIFY\"><span style=\"font-family: Helvetica Neue,sans-serif;\">L\u2019Italia ha gi\u00e0 mostrato, in importanti occasioni, capacit\u00e0 di leadership, guidando e partecipando attivamente ad azioni politico-diplomatiche quali la moratoria sulla pena di morte, la messa al bando delle mine antiuomo e delle bombe a grappolo: qui stanno la cultura e la storia di cui andiamo fieri. <\/span><\/p>\n<p class=\"\" align=\"JUSTIFY\"><span style=\"font-family: Helvetica Neue,sans-serif;\">Ora c\u2019\u00e8 la possibilit\u00e0 di scrivere un\u2019altra grandiosa pagina di Storia, nella quale l\u2019Italia pu\u00f2 manifestare il senso pi\u00f9 alto della propria tradizione umanistica, ponendo al centro della propria azione l\u2019essere umano e contribuendo in modo significativo a porre fine alla negazione della dignit\u00e0 della vita perpetrata tramite le armi nucleari (anche quando non vengono usate).<\/span><\/p>\n<p class=\"\" align=\"JUSTIFY\">\u201c<span style=\"font-family: Helvetica Neue,sans-serif;\">Bisogna trovare il coraggio di agire adesso, per conto dell\u2019umanit\u00e0 presente e futura\u201d \u00e8 l\u2019invito ed auspicio chiaro e pressante avanzato al Presidente Renzi e al Ministro Gentiloni che Senzatomica e Rete Italiana per il Disarmo (anche nell\u2019ambito delle azioni della campagna internazionale ICAN, del PNND e sostenendo la visione di Mayors for Peace).<\/span><\/p>\n<p class=\"\" align=\"JUSTIFY\"><span style=\"font-family: Helvetica Neue,sans-serif;\"><span style=\"font-size: small;\"><i class=\"\">Alla lettera per il Presidente Renzi e per il Ministro Gentiloni Senzatomica e Rete Italiana per il Disarmo hanno allegato i seguenti documenti:<\/i><\/span><\/span><\/p>\n<p class=\"\" align=\"JUSTIFY\"><span style=\"font-family: Helvetica Neue,sans-serif;\"><span style=\"font-size: small;\"><i class=\"\">Dichiarazione pubblica della Soka Gakkai Internazionale (SGI) alla 71\u00b0 Sessione dell\u2019Assemblea Generale delle Nazioni Unite, Ottobre 2016, New York.<\/i><\/span><\/span><\/p>\n<p class=\"\" align=\"JUSTIFY\"><span style=\"font-family: Helvetica Neue,sans-serif;\"><span style=\"font-size: small;\"><i class=\"\">Appello di Mayors for Peace alle Potenze Nucleari e ai loro alleati &#8211; Inviato al Presidente del Consiglio Renzi e al Ministro degli Esteri Gentiloni da parte dei 493 membri italiani di Mayors for Peace. <\/i><\/span><\/span><\/p>\n<p class=\"\" align=\"JUSTIFY\"><span style=\"font-family: Helvetica Neue,sans-serif;\"><span style=\"font-size: small;\"><i class=\"\">Appello dei Premi Nobel per il disarmo nucleare. Inviato al Presidente del Consiglio Renzi e al Ministro degli Esteri Gentiloni da Lisa Pelletti Clark, Co-Presidente di International Peace Bureau, una delle organizzazioni Premi Nobel firmatarie. <\/i><\/span><\/span><\/p>\n<p class=\"\" align=\"JUSTIFY\"><span style=\"font-family: Helvetica Neue,sans-serif;\"><span style=\"font-size: small;\"><i class=\"\">Appello per il disarmo nucleare di Setsuko Thurlow, Hibakusha di Hiroshima. <\/i><\/span><\/span><\/p>\n<p class=\"\" align=\"JUSTIFY\"><span style=\"font-family: Helvetica Neue,sans-serif;\"><span style=\"font-size: small;\"><i class=\"\">Risoluzione del Parlamento Europeo sulla sicurezza nucleare, approvata il 25 ottobre 2016. Tra i primi firmatari: Cecile Kashetu Kyenge, Nicola Caputo, Andrea Cozzolino, Isabella De Monte, Enrico Gasbarra, Michela Giuffrida, Alessia Maria Mosca. Il punto 6 della Risoluzione: (Il Parlamento Europeo) si compiace per la conclusione delle attivit\u00e0 del gruppo di lavoro aperto dell&#8217;ONU (OEWG), incaricato di proseguire i negoziati multilaterali sul disarmo nucleare, in conformit\u00e0 della risoluzione 70\/33 dell&#8217;Assemblea generale delle Nazioni Unite; accoglie con favore la raccomandazione rivolta all&#8217;Assemblea generale delle Nazioni Unite, contenuta nella relazione finale dell&#8217;OEWG (A\/71\/371) e adottata con ampio sostegno il 19 agosto 2016, di convocare una conferenza nel 2017, aperta a tutti gli Stati, al fine di negoziare uno strumento giuridicamente vincolante che vieti le armi nucleari e apra la strada alla loro completa eliminazione; riconosce che ci\u00f2 rafforzer\u00e0 gli obiettivi di non proliferazione e disarmo nonch\u00e9 gli obblighi contenuti nel TNP, oltre a contribuire a creare le condizioni per la sicurezza globale e per un mondo senza armi nucleari. <\/i><\/span><\/span><\/p>\n<p>&nbsp;<\/p>\n","protected":false},"excerpt":{"rendered":"<p>Lettera di Senzatomica e Rete Italiana per il Disarmo a Renzi e Gentiloni: \u201cBisogna trovare il coraggio di agire adesso, per conto dell\u2019umanit\u00e0 presente e futura\u201d \u201cSul cammino iniziato all&#8217;ONU per la messa al bando delle armi nucleari: Italia Ripensaci!\u201d.&hellip;<\/p>\n","protected":false},"author":235,"featured_media":403735,"comment_status":"closed","ping_status":"closed","sticky":false,"template":"","format":"standard","meta":{"footnotes":""},"categories":[150,47,1263,55],"tags":[32030,22207,370,208,5133,33145],"class_list":["post-403724","post","type-post","status-publish","format-standard","has-post-thumbnail","hentry","category-comunicati-stampa","category-europa","category-pace-disarmo","category-politica","tag-bando-armi-nucleari","tag-europa","tag-italia","tag-onu","tag-rete-disarmo-2","tag-senzatomica"],"yoast_head":"<!-- This site is optimized with the Yoast SEO plugin v27.1.1 - https:\/\/yoast.com\/product\/yoast-seo-wordpress\/ -->\n<title>\u201dItalia Ripensaci\u201d e lavora per la messa al bando delle armi nucleari<\/title>\n<meta name=\"description\" content=\"Lettera di Senzatomica e Rete Italiana per il Disarmo a Renzi e Gentiloni: \u201cBisogna trovare il coraggio di agire adesso, per conto dell\u2019umanit\u00e0 presente e\" \/>\n<meta name=\"robots\" content=\"index, follow, max-snippet:-1, max-image-preview:large, max-video-preview:-1\" \/>\n<link rel=\"canonical\" href=\"https:\/\/www.pressenza.com\/it\/2016\/11\/italia-ripensaci-e-lavora-per-la-messa-al-bando-delle-armi-nucleari\/\" \/>\n<meta property=\"og:locale\" content=\"it_IT\" \/>\n<meta property=\"og:type\" content=\"article\" \/>\n<meta property=\"og:title\" content=\"\u201dItalia Ripensaci\u201d e lavora per la messa al bando delle armi nucleari\" \/>\n<meta property=\"og:description\" content=\"Lettera di Senzatomica e Rete Italiana per il Disarmo a Renzi e Gentiloni: \u201cBisogna trovare il coraggio di agire adesso, per conto dell\u2019umanit\u00e0 presente e\" \/>\n<meta property=\"og:url\" content=\"https:\/\/www.pressenza.com\/it\/2016\/11\/italia-ripensaci-e-lavora-per-la-messa-al-bando-delle-armi-nucleari\/\" \/>\n<meta property=\"og:site_name\" content=\"Pressenza\" \/>\n<meta property=\"article:publisher\" content=\"https:\/\/www.facebook.com\/PressenzaItalia\" \/>\n<meta property=\"article:author\" content=\"https:\/\/www.facebook.com\/retedisarmo\/\" \/>\n<meta property=\"article:published_time\" content=\"2016-11-30T19:59:57+00:00\" \/>\n<meta property=\"article:modified_time\" content=\"2016-11-30T20:02:50+00:00\" \/>\n<meta property=\"og:image\" content=\"https:\/\/www.pressenza.com\/wp-content\/uploads\/2016\/11\/disarmo.jpg\" \/>\n\t<meta property=\"og:image:width\" content=\"1024\" \/>\n\t<meta property=\"og:image:height\" content=\"683\" \/>\n\t<meta property=\"og:image:type\" content=\"image\/jpeg\" \/>\n<meta name=\"author\" content=\"Rete Italiana per il Disarmo\" \/>\n<meta name=\"twitter:card\" content=\"summary_large_image\" \/>\n<meta name=\"twitter:creator\" content=\"@PressenzaIPA\" \/>\n<meta name=\"twitter:site\" content=\"@PressenzaIPA\" \/>\n<meta name=\"twitter:label1\" content=\"Scritto da\" \/>\n\t<meta name=\"twitter:data1\" content=\"Rete Italiana per il Disarmo\" \/>\n\t<meta name=\"twitter:label2\" content=\"Tempo di lettura stimato\" \/>\n\t<meta name=\"twitter:data2\" content=\"4 minuti\" \/>\n<script type=\"application\/ld+json\" class=\"yoast-schema-graph\">{\"@context\":\"https:\/\/schema.org\",\"@graph\":[{\"@type\":\"Article\",\"@id\":\"https:\/\/www.pressenza.com\/it\/2016\/11\/italia-ripensaci-e-lavora-per-la-messa-al-bando-delle-armi-nucleari\/#article\",\"isPartOf\":{\"@id\":\"https:\/\/www.pressenza.com\/it\/2016\/11\/italia-ripensaci-e-lavora-per-la-messa-al-bando-delle-armi-nucleari\/\"},\"author\":{\"name\":\"Rete Italiana per il Disarmo\",\"@id\":\"https:\/\/www.pressenza.com\/it\/#\/schema\/person\/68db3ba40086f89be9c210065b21fb6e\"},\"headline\":\"\u201dItalia Ripensaci\u201d e lavora per la messa al bando delle armi nucleari\",\"datePublished\":\"2016-11-30T19:59:57+00:00\",\"dateModified\":\"2016-11-30T20:02:50+00:00\",\"mainEntityOfPage\":{\"@id\":\"https:\/\/www.pressenza.com\/it\/2016\/11\/italia-ripensaci-e-lavora-per-la-messa-al-bando-delle-armi-nucleari\/\"},\"wordCount\":840,\"publisher\":{\"@id\":\"https:\/\/www.pressenza.com\/it\/#organization\"},\"image\":{\"@id\":\"https:\/\/www.pressenza.com\/it\/2016\/11\/italia-ripensaci-e-lavora-per-la-messa-al-bando-delle-armi-nucleari\/#primaryimage\"},\"thumbnailUrl\":\"https:\/\/www.pressenza.com\/wp-content\/uploads\/2016\/11\/disarmo.jpg\",\"keywords\":[\"bando armi nucleari\",\"Europa\",\"Italia\",\"ONU\",\"Rete Disarmo\",\"Senzatomica\"],\"articleSection\":[\"Comunicati Stampa\",\"Europa\",\"Pace e Disarmo\",\"Politica\"],\"inLanguage\":\"it-IT\"},{\"@type\":\"WebPage\",\"@id\":\"https:\/\/www.pressenza.com\/it\/2016\/11\/italia-ripensaci-e-lavora-per-la-messa-al-bando-delle-armi-nucleari\/\",\"url\":\"https:\/\/www.pressenza.com\/it\/2016\/11\/italia-ripensaci-e-lavora-per-la-messa-al-bando-delle-armi-nucleari\/\",\"name\":\"\u201dItalia Ripensaci\u201d e lavora per la messa al bando delle armi nucleari\",\"isPartOf\":{\"@id\":\"https:\/\/www.pressenza.com\/it\/#website\"},\"primaryImageOfPage\":{\"@id\":\"https:\/\/www.pressenza.com\/it\/2016\/11\/italia-ripensaci-e-lavora-per-la-messa-al-bando-delle-armi-nucleari\/#primaryimage\"},\"image\":{\"@id\":\"https:\/\/www.pressenza.com\/it\/2016\/11\/italia-ripensaci-e-lavora-per-la-messa-al-bando-delle-armi-nucleari\/#primaryimage\"},\"thumbnailUrl\":\"https:\/\/www.pressenza.com\/wp-content\/uploads\/2016\/11\/disarmo.jpg\",\"datePublished\":\"2016-11-30T19:59:57+00:00\",\"dateModified\":\"2016-11-30T20:02:50+00:00\",\"description\":\"Lettera di Senzatomica e Rete Italiana per il Disarmo a Renzi e Gentiloni: \u201cBisogna trovare il coraggio di agire adesso, per conto dell\u2019umanit\u00e0 presente e\",\"breadcrumb\":{\"@id\":\"https:\/\/www.pressenza.com\/it\/2016\/11\/italia-ripensaci-e-lavora-per-la-messa-al-bando-delle-armi-nucleari\/#breadcrumb\"},\"inLanguage\":\"it-IT\",\"potentialAction\":[{\"@type\":\"ReadAction\",\"target\":[\"https:\/\/www.pressenza.com\/it\/2016\/11\/italia-ripensaci-e-lavora-per-la-messa-al-bando-delle-armi-nucleari\/\"]}]},{\"@type\":\"ImageObject\",\"inLanguage\":\"it-IT\",\"@id\":\"https:\/\/www.pressenza.com\/it\/2016\/11\/italia-ripensaci-e-lavora-per-la-messa-al-bando-delle-armi-nucleari\/#primaryimage\",\"url\":\"https:\/\/www.pressenza.com\/wp-content\/uploads\/2016\/11\/disarmo.jpg\",\"contentUrl\":\"https:\/\/www.pressenza.com\/wp-content\/uploads\/2016\/11\/disarmo.jpg\",\"width\":1024,\"height\":683},{\"@type\":\"BreadcrumbList\",\"@id\":\"https:\/\/www.pressenza.com\/it\/2016\/11\/italia-ripensaci-e-lavora-per-la-messa-al-bando-delle-armi-nucleari\/#breadcrumb\",\"itemListElement\":[{\"@type\":\"ListItem\",\"position\":1,\"name\":\"Accueil\",\"item\":\"https:\/\/www.pressenza.com\/it\/\"},{\"@type\":\"ListItem\",\"position\":2,\"name\":\"\u201dItalia Ripensaci\u201d e lavora per la messa al bando delle armi nucleari\"}]},{\"@type\":\"WebSite\",\"@id\":\"https:\/\/www.pressenza.com\/it\/#website\",\"url\":\"https:\/\/www.pressenza.com\/it\/\",\"name\":\"Pressenza\",\"description\":\"Agenzia di Stampa Internazionale\",\"publisher\":{\"@id\":\"https:\/\/www.pressenza.com\/it\/#organization\"},\"potentialAction\":[{\"@type\":\"SearchAction\",\"target\":{\"@type\":\"EntryPoint\",\"urlTemplate\":\"https:\/\/www.pressenza.com\/it\/?s={search_term_string}\"},\"query-input\":{\"@type\":\"PropertyValueSpecification\",\"valueRequired\":true,\"valueName\":\"search_term_string\"}}],\"inLanguage\":\"it-IT\"},{\"@type\":\"Organization\",\"@id\":\"https:\/\/www.pressenza.com\/it\/#organization\",\"name\":\"Pressenza\",\"url\":\"https:\/\/www.pressenza.com\/it\/\",\"logo\":{\"@type\":\"ImageObject\",\"inLanguage\":\"it-IT\",\"@id\":\"https:\/\/www.pressenza.com\/it\/#\/schema\/logo\/image\/\",\"url\":\"https:\/\/www.pressenza.com\/wp-content\/uploads\/2022\/10\/pressenza_logo_200x200.jpg\",\"contentUrl\":\"https:\/\/www.pressenza.com\/wp-content\/uploads\/2022\/10\/pressenza_logo_200x200.jpg\",\"width\":200,\"height\":200,\"caption\":\"Pressenza\"},\"image\":{\"@id\":\"https:\/\/www.pressenza.com\/it\/#\/schema\/logo\/image\/\"},\"sameAs\":[\"https:\/\/www.facebook.com\/PressenzaItalia\",\"https:\/\/x.com\/PressenzaIPA\"]},{\"@type\":\"Person\",\"@id\":\"https:\/\/www.pressenza.com\/it\/#\/schema\/person\/68db3ba40086f89be9c210065b21fb6e\",\"name\":\"Rete Italiana per il Disarmo\",\"description\":\"www.disarmo.org\",\"sameAs\":[\"http:\/\/www.disarmo.org\/\",\"https:\/\/www.facebook.com\/retedisarmo\/\"],\"url\":\"https:\/\/www.pressenza.com\/it\/author\/rete-disarmo\/\"}]}<\/script>\n<!-- \/ Yoast SEO plugin. -->","yoast_head_json":{"title":"\u201dItalia Ripensaci\u201d e lavora per la messa al bando delle armi nucleari","description":"Lettera di Senzatomica e Rete Italiana per il Disarmo a Renzi e Gentiloni: \u201cBisogna trovare il coraggio di agire adesso, per conto dell\u2019umanit\u00e0 presente e","robots":{"index":"index","follow":"follow","max-snippet":"max-snippet:-1","max-image-preview":"max-image-preview:large","max-video-preview":"max-video-preview:-1"},"canonical":"https:\/\/www.pressenza.com\/it\/2016\/11\/italia-ripensaci-e-lavora-per-la-messa-al-bando-delle-armi-nucleari\/","og_locale":"it_IT","og_type":"article","og_title":"\u201dItalia Ripensaci\u201d e lavora per la messa al bando delle armi nucleari","og_description":"Lettera di Senzatomica e Rete Italiana per il Disarmo a Renzi e Gentiloni: \u201cBisogna trovare il coraggio di agire adesso, per conto dell\u2019umanit\u00e0 presente e","og_url":"https:\/\/www.pressenza.com\/it\/2016\/11\/italia-ripensaci-e-lavora-per-la-messa-al-bando-delle-armi-nucleari\/","og_site_name":"Pressenza","article_publisher":"https:\/\/www.facebook.com\/PressenzaItalia","article_author":"https:\/\/www.facebook.com\/retedisarmo\/","article_published_time":"2016-11-30T19:59:57+00:00","article_modified_time":"2016-11-30T20:02:50+00:00","og_image":[{"width":1024,"height":683,"url":"https:\/\/www.pressenza.com\/wp-content\/uploads\/2016\/11\/disarmo.jpg","type":"image\/jpeg"}],"author":"Rete Italiana per il Disarmo","twitter_card":"summary_large_image","twitter_creator":"@PressenzaIPA","twitter_site":"@PressenzaIPA","twitter_misc":{"Scritto da":"Rete Italiana per il Disarmo","Tempo di lettura stimato":"4 minuti"},"schema":{"@context":"https:\/\/schema.org","@graph":[{"@type":"Article","@id":"https:\/\/www.pressenza.com\/it\/2016\/11\/italia-ripensaci-e-lavora-per-la-messa-al-bando-delle-armi-nucleari\/#article","isPartOf":{"@id":"https:\/\/www.pressenza.com\/it\/2016\/11\/italia-ripensaci-e-lavora-per-la-messa-al-bando-delle-armi-nucleari\/"},"author":{"name":"Rete Italiana per il Disarmo","@id":"https:\/\/www.pressenza.com\/it\/#\/schema\/person\/68db3ba40086f89be9c210065b21fb6e"},"headline":"\u201dItalia Ripensaci\u201d e lavora per la messa al bando delle armi nucleari","datePublished":"2016-11-30T19:59:57+00:00","dateModified":"2016-11-30T20:02:50+00:00","mainEntityOfPage":{"@id":"https:\/\/www.pressenza.com\/it\/2016\/11\/italia-ripensaci-e-lavora-per-la-messa-al-bando-delle-armi-nucleari\/"},"wordCount":840,"publisher":{"@id":"https:\/\/www.pressenza.com\/it\/#organization"},"image":{"@id":"https:\/\/www.pressenza.com\/it\/2016\/11\/italia-ripensaci-e-lavora-per-la-messa-al-bando-delle-armi-nucleari\/#primaryimage"},"thumbnailUrl":"https:\/\/www.pressenza.com\/wp-content\/uploads\/2016\/11\/disarmo.jpg","keywords":["bando armi nucleari","Europa","Italia","ONU","Rete Disarmo","Senzatomica"],"articleSection":["Comunicati Stampa","Europa","Pace e Disarmo","Politica"],"inLanguage":"it-IT"},{"@type":"WebPage","@id":"https:\/\/www.pressenza.com\/it\/2016\/11\/italia-ripensaci-e-lavora-per-la-messa-al-bando-delle-armi-nucleari\/","url":"https:\/\/www.pressenza.com\/it\/2016\/11\/italia-ripensaci-e-lavora-per-la-messa-al-bando-delle-armi-nucleari\/","name":"\u201dItalia Ripensaci\u201d e lavora per la messa al bando delle armi nucleari","isPartOf":{"@id":"https:\/\/www.pressenza.com\/it\/#website"},"primaryImageOfPage":{"@id":"https:\/\/www.pressenza.com\/it\/2016\/11\/italia-ripensaci-e-lavora-per-la-messa-al-bando-delle-armi-nucleari\/#primaryimage"},"image":{"@id":"https:\/\/www.pressenza.com\/it\/2016\/11\/italia-ripensaci-e-lavora-per-la-messa-al-bando-delle-armi-nucleari\/#primaryimage"},"thumbnailUrl":"https:\/\/www.pressenza.com\/wp-content\/uploads\/2016\/11\/disarmo.jpg","datePublished":"2016-11-30T19:59:57+00:00","dateModified":"2016-11-30T20:02:50+00:00","description":"Lettera di Senzatomica e Rete Italiana per il Disarmo a Renzi e Gentiloni: \u201cBisogna trovare il coraggio di agire adesso, per conto dell\u2019umanit\u00e0 presente e","breadcrumb":{"@id":"https:\/\/www.pressenza.com\/it\/2016\/11\/italia-ripensaci-e-lavora-per-la-messa-al-bando-delle-armi-nucleari\/#breadcrumb"},"inLanguage":"it-IT","potentialAction":[{"@type":"ReadAction","target":["https:\/\/www.pressenza.com\/it\/2016\/11\/italia-ripensaci-e-lavora-per-la-messa-al-bando-delle-armi-nucleari\/"]}]},{"@type":"ImageObject","inLanguage":"it-IT","@id":"https:\/\/www.pressenza.com\/it\/2016\/11\/italia-ripensaci-e-lavora-per-la-messa-al-bando-delle-armi-nucleari\/#primaryimage","url":"https:\/\/www.pressenza.com\/wp-content\/uploads\/2016\/11\/disarmo.jpg","contentUrl":"https:\/\/www.pressenza.com\/wp-content\/uploads\/2016\/11\/disarmo.jpg","width":1024,"height":683},{"@type":"BreadcrumbList","@id":"https:\/\/www.pressenza.com\/it\/2016\/11\/italia-ripensaci-e-lavora-per-la-messa-al-bando-delle-armi-nucleari\/#breadcrumb","itemListElement":[{"@type":"ListItem","position":1,"name":"Accueil","item":"https:\/\/www.pressenza.com\/it\/"},{"@type":"ListItem","position":2,"name":"\u201dItalia Ripensaci\u201d e lavora per la messa al bando delle armi nucleari"}]},{"@type":"WebSite","@id":"https:\/\/www.pressenza.com\/it\/#website","url":"https:\/\/www.pressenza.com\/it\/","name":"Pressenza","description":"Agenzia di Stampa Internazionale","publisher":{"@id":"https:\/\/www.pressenza.com\/it\/#organization"},"potentialAction":[{"@type":"SearchAction","target":{"@type":"EntryPoint","urlTemplate":"https:\/\/www.pressenza.com\/it\/?s={search_term_string}"},"query-input":{"@type":"PropertyValueSpecification","valueRequired":true,"valueName":"search_term_string"}}],"inLanguage":"it-IT"},{"@type":"Organization","@id":"https:\/\/www.pressenza.com\/it\/#organization","name":"Pressenza","url":"https:\/\/www.pressenza.com\/it\/","logo":{"@type":"ImageObject","inLanguage":"it-IT","@id":"https:\/\/www.pressenza.com\/it\/#\/schema\/logo\/image\/","url":"https:\/\/www.pressenza.com\/wp-content\/uploads\/2022\/10\/pressenza_logo_200x200.jpg","contentUrl":"https:\/\/www.pressenza.com\/wp-content\/uploads\/2022\/10\/pressenza_logo_200x200.jpg","width":200,"height":200,"caption":"Pressenza"},"image":{"@id":"https:\/\/www.pressenza.com\/it\/#\/schema\/logo\/image\/"},"sameAs":["https:\/\/www.facebook.com\/PressenzaItalia","https:\/\/x.com\/PressenzaIPA"]},{"@type":"Person","@id":"https:\/\/www.pressenza.com\/it\/#\/schema\/person\/68db3ba40086f89be9c210065b21fb6e","name":"Rete Italiana per il Disarmo","description":"www.disarmo.org","sameAs":["http:\/\/www.disarmo.org\/","https:\/\/www.facebook.com\/retedisarmo\/"],"url":"https:\/\/www.pressenza.com\/it\/author\/rete-disarmo\/"}]}},"place":"","original_article_url":"","_links":{"self":[{"href":"https:\/\/www.pressenza.com\/it\/wp-json\/wp\/v2\/posts\/403724","targetHints":{"allow":["GET"]}}],"collection":[{"href":"https:\/\/www.pressenza.com\/it\/wp-json\/wp\/v2\/posts"}],"about":[{"href":"https:\/\/www.pressenza.com\/it\/wp-json\/wp\/v2\/types\/post"}],"author":[{"embeddable":true,"href":"https:\/\/www.pressenza.com\/it\/wp-json\/wp\/v2\/users\/235"}],"replies":[{"embeddable":true,"href":"https:\/\/www.pressenza.com\/it\/wp-json\/wp\/v2\/comments?post=403724"}],"version-history":[{"count":0,"href":"https:\/\/www.pressenza.com\/it\/wp-json\/wp\/v2\/posts\/403724\/revisions"}],"wp:featuredmedia":[{"embeddable":true,"href":"https:\/\/www.pressenza.com\/it\/wp-json\/wp\/v2\/media\/403735"}],"wp:attachment":[{"href":"https:\/\/www.pressenza.com\/it\/wp-json\/wp\/v2\/media?parent=403724"}],"wp:term":[{"taxonomy":"category","embeddable":true,"href":"https:\/\/www.pressenza.com\/it\/wp-json\/wp\/v2\/categories?post=403724"},{"taxonomy":"post_tag","embeddable":true,"href":"https:\/\/www.pressenza.com\/it\/wp-json\/wp\/v2\/tags?post=403724"}],"curies":[{"name":"wp","href":"https:\/\/api.w.org\/{rel}","templated":true}]}}