{"id":403057,"date":"2016-11-29T17:14:54","date_gmt":"2016-11-29T17:14:54","guid":{"rendered":"http:\/\/www.pressenza.com\/it\/?p=403057"},"modified":"2016-11-29T17:14:54","modified_gmt":"2016-11-29T17:14:54","slug":"long-visita-cile-la-ridistribuzione-della-ricchezza-e-un-tema-chiave","status":"publish","type":"post","link":"https:\/\/www.pressenza.com\/it\/2016\/11\/long-visita-cile-la-ridistribuzione-della-ricchezza-e-un-tema-chiave\/","title":{"rendered":"Long in visita in Cile: la ridistribuzione della ricchezza \u00e8 un tema chiave"},"content":{"rendered":"<p><strong>Il Ministro degli Affari Esteri e della Mobilit\u00e0 Umana dell\u2019Ecuador, Guillaume Long, durante la sua recente visita a Santiago del Cile e nella cornice di un dibattito nella USACH (Universidad de Santiago de Chile), ha indicato le ragioni che hanno portato il Governo della Rivoluzione Cittadina a proporre un Patto Etico in Ecuador che fomenti la lotta, nazionale e internazionale, contro i paradisi fiscali.<\/strong><\/p>\n<p>Dopo una breve riflessione storica sulla decade antecedente alla nomina del Presidente Correa, il Ministro Long ha affermato che: \u201cL\u2019America Latina \u00e8 la regione con pi\u00f9 disuguaglianza nel mondo, con grande vergogna dei latinoamericani; qualsiasi progetto politico che noi prendiamo in considerazione deve poter fronteggiare questa situazione. Molti dei mali che i nostri paesi si trovano ad affrontare nascono dalla disuguaglianza, pi\u00f9 che dalla povert\u00e0\u201d, ha aggiunto.<\/p>\n<p>A questa disuguaglianza, ha poi spiegato, si aggiunge un altro fattore da analizzare, quello che si tratta della regione pi\u00f9 urbanizzata del pianeta. \u201cContrariamente agli stereotipi, circa il 60% della nostra popolazione \u00e8 urbana. La disuguaglianza genera alti tassi di violenza urbana, delinquenza e problemi legati alla mancanza di coesione sociale\u201d, ha continuato.<\/p>\n<p>Nello stesso contesto, il Ministro ha assicurato che per fronteggiare la disuguaglianza \u00e8 necessaria una ridistribuzione della ricchezza, che pu\u00f2 essere di due tipi: una ridistribuzione di carattere nazionale, che mira a ridistribuire il PIL\u00a0 ecuadoriano; e un\u2019altra di carattere internazionale che punta a modificare il ruolo produttivo dell\u2019Ecuador all\u2019interno del sistema, trasformandolo da un paese esclusivamente esportatore del primario, che dipende dalle materie prime, per fare un salto verso un altro tipo di produzione e attrarre cos\u00ec maggiori risorse attraverso un cambiamento di modello produttivo.<\/p>\n<p>\u201cNon solo la produzione di banane, ma anche altri tipi di beni e servizi, per avvicinarci sempre di pi\u00f9 all\u2019economia della conoscenza. Sono convinto che il XXI sar\u00e0 il secolo della conoscenza, dell\u2019innovazione, della scienza e della tecnologia e che vivremo con maggiore forza le grandi controversie in materia di propriet\u00e0 intellettuale. Sono questi i grandi temi di dibattito che abbiamo deciso di affrontare\u201d, ha assicurato Long.<\/p>\n<p>Nel suo intervento ha indicato che una volta messa in pratica la ridistribuzione si osserveranno grandi progressi. \u201cSiamo cresciuti molto, il PIL ecuadoriano \u00e8 passato da circa 50mila milioni a 100mila milioni di dollari in soli 9 anni. Siamo cresciuti con la ridistribuzione, siamo tra i paesi che pi\u00f9 hanno ridotto la povert\u00e0 in America Latina nell\u2019ultima decade e quello che pi\u00f9 di tutti ha ridotto la disuguaglianza; ci\u00f2 \u00e8 stato possibile grazie a un forte investimento pubblico\u201d.<\/p>\n<p>\u201cI nostri investimenti pubblici sono passati da un 4% del PIL a un 15% quando il valore medio in America Latina \u00e8 del 5%\u201d -ha aggiunto il Ministro- \u201cun investimento pubblico enorme. Ma \u00e8 ancor pi\u00f9 interessante la stima degli investimenti privati, che da un 2% del PIL toccherebbero ora il 7%, attratti dai grandi investimenti\u201d.<\/p>\n<p>Per quanto riguarda i discorsi che provano a minimizzare le azioni governative, il Ministro Long ha segnalato che \u201cquando \u00e8 salito il prezzo del petrolio, il governo non ha atteso passivamente il boom petrolifero; piuttosto abbiamo rinegoziato tutti i contratti petroliferi del paese. Se prima percepivamo un\u2019aliquota del 20%, adesso siamo noi a cedere un 20% alle imprese multinazionali mentre l\u201980% rimane nel paese. C\u2019\u00e8 stata una lotta politica che ci ha permesso di capitalizzare le risorse del petrolio\u201d.<\/p>\n<p>Inoltre, ha spiegato che in questo progetto per il paese iniziato nel 2008 era necessario diversificare l\u2019economia e procedere a una grande riforma tributaria. \u201cE l\u2019abbiamo fatto. L\u2019ONU lo ha detto, una delle riforme tributarie pi\u00f9 ambiziose del secolo. Siamo passati da un introito tributario di 4mila milioni di dollari nel 2006 ai 15mila milioni di dollari nel 2015\u201d.<\/p>\n<p>Secondo quanto esposto dal Ministro Long, il maggior effetto di questa misura \u00e8 stato quello di creare nella societ\u00e0 ecuadoriana una vera e propria cultura tributaria; nonostante ci\u00f2 ha segnalato che: \u201cmalgrado il miglioramento che abbiamo ottenuto in termini fiscali in Ecuador, gli studi preliminari stabiliscono che somme vicine al 30% del nostro PIL, vale a dire una terza parte della nostra economia, sarebbero nascoste in paradisi fiscali\u201d.<\/p>\n<p>Somme che potrebbero essere investite nella ricostruzione delle zone colpite dal terremoto, ha aggiunto il Ministro. Tuttavia \u201cci sono 30mila milioni di dollari nascosti nei vari paradisi fiscali. Per noi \u00e8 in via definitiva un tema inaccettabile, ma crediamo che questa nuova congiuntura politica mondiale possa aiutarci a generare i consensi necessari a porre fine a questa pratica inaccettabile\u201d.<\/p>\n<p>Da l\u00ec nasce la proposta del Presidente Correa di un Patto Etico. \u201cNei pieni poteri istituzionali, e nell\u2019ambito di una controversia a scala mondiale, l\u2019abbiamo ribadito nell\u2019Assemblea delle Nazioni Unite, questo \u00e8 stato il nostro messaggio principale per estirpare, speriamo una volta per tutte, i paradisi fiscali, che rappresentano una delle grandi contraddizioni del capitalismo contemporaneo\u201d, ha dichiarato il Ministro.<\/p>\n<p>E ha proseguito, \u201cper noi \u00e8 una questione di giustizia globale, di ridistribuzione, di giustizia fiscale, mentre per altri paesi \u00e8 una questione legata pi\u00f9 alla sfera della sicurezza; ci auguriamo di poter arrivare, anche da motivazioni diverse, a un accordo mutuo, a un consenso\u201d.<\/p>\n<p>Inoltre, ha reiterato la proposta di creare un organismo intergovernamentale che si occupi di regolare le pratiche e politiche fiscali di tutti i paesi. \u201cSono convinto che la politica estera non riguardi solamente la difesa degli interessi, ma anche quella dei grandi ideali\u201d.<\/p>\n<p>Sul finire del suo intervento, il Ministro dell\u2019Ecuador ha mostrato la sua indignazione di fronte all\u2019indolenza delle \u00e9lite che \u201cmentre per decenni i migranti ecuadoriani, gente povera, umile che \u00e8 andata negli Stati Uniti, in Europa o in altre parti del mondo in cerca di una migliore opportunit\u00e0, ha inviato risparmi che per molti anni della nostra vita hanno rappresentato le maggiori entrate di divisa estera, in alcuni anni anche pi\u00f9 del petrolio, loro (le \u00e9lite) hanno nascosto i soldi nei paradisi fiscali\u201d.<\/p>\n<p>&nbsp;<\/p>\n<p><a href=\"http:\/\/www.pressenza.com\/wp-content\/uploads\/2016\/11\/MG_8316.jpg\"><img loading=\"lazy\" decoding=\"async\" class=\"aligncenter size-full wp-image-401445\" src=\"http:\/\/www.pressenza.com\/wp-content\/uploads\/2016\/11\/MG_8316.jpg\" alt=\"_mg_8316\" width=\"3456\" height=\"2304\" srcset=\"https:\/\/www.pressenza.com\/wp-content\/uploads\/2016\/11\/MG_8316.jpg 3456w, https:\/\/www.pressenza.com\/wp-content\/uploads\/2016\/11\/MG_8316-300x200.jpg 300w, https:\/\/www.pressenza.com\/wp-content\/uploads\/2016\/11\/MG_8316-768x512.jpg 768w, https:\/\/www.pressenza.com\/wp-content\/uploads\/2016\/11\/MG_8316-720x480.jpg 720w\" sizes=\"auto, (max-width: 3456px) 100vw, 3456px\" \/><\/a><\/p>\n<p>Il Ministro ecuadoriano in visita a Santiago ha inoltre colto l\u2019occasione per consolidare l\u2019accordo stabilito col Cile riguardo le politiche di mobilit\u00e0 umana in difesa dei diritti umani dei migranti; infine ha trovato il tempo per riunirsi con la comunit\u00e0 ecuadoriana residente in Cile.<\/p>\n<p><em>Traduzione dallo spagnolo di Annabella Canneddu<\/em> <em>tramite la piattaforma <a href=\"http:\/\/www.trommons.com\">Trommons<\/a><\/em><\/p>\n","protected":false},"excerpt":{"rendered":"<p>Il Ministro degli Affari Esteri e della Mobilit\u00e0 Umana dell\u2019Ecuador, Guillaume Long, durante la sua recente visita a Santiago del Cile e nella cornice di un dibattito nella USACH (Universidad de Santiago de Chile), ha indicato le ragioni che hanno&hellip;<\/p>\n","protected":false},"author":43,"featured_media":401440,"comment_status":"closed","ping_status":"closed","sticky":false,"template":"","format":"standard","meta":{"footnotes":""},"categories":[11388,62,55,48],"tags":[540,32352,14644,1550,1088,33103,4871,6034],"class_list":["post-403057","post","type-post","status-publish","format-standard","has-post-thumbnail","hentry","category-contenuti-originali","category-economia","category-politica","category-sud-america","tag-cile","tag-correa","tag-diseguaglianza","tag-ecuador-it","tag-immigrazione","tag-long","tag-paradisi-fiscali","tag-santiago-del-cile"],"yoast_head":"<!-- This site is optimized with the Yoast SEO plugin v27.1.1 - https:\/\/yoast.com\/product\/yoast-seo-wordpress\/ -->\n<title>Long in visita in Cile: la ridistribuzione della ricchezza \u00e8 un tema chiave<\/title>\n<meta name=\"description\" content=\"Il Ministro degli Affari Esteri e della Mobilit\u00e0 Umana dell\u2019Ecuador, Guillaume Long, durante la sua recente visita a Santiago del Cile e nella cornice di\" \/>\n<meta name=\"robots\" content=\"index, follow, max-snippet:-1, max-image-preview:large, max-video-preview:-1\" \/>\n<link rel=\"canonical\" href=\"https:\/\/www.pressenza.com\/it\/2016\/11\/long-visita-cile-la-ridistribuzione-della-ricchezza-e-un-tema-chiave\/\" \/>\n<meta property=\"og:locale\" content=\"it_IT\" \/>\n<meta property=\"og:type\" content=\"article\" \/>\n<meta property=\"og:title\" content=\"Long in visita in Cile: la ridistribuzione della ricchezza \u00e8 un tema chiave\" \/>\n<meta property=\"og:description\" content=\"Il Ministro degli Affari Esteri e della Mobilit\u00e0 Umana dell\u2019Ecuador, Guillaume Long, durante la sua recente visita a Santiago del Cile e nella cornice di\" \/>\n<meta property=\"og:url\" content=\"https:\/\/www.pressenza.com\/it\/2016\/11\/long-visita-cile-la-ridistribuzione-della-ricchezza-e-un-tema-chiave\/\" \/>\n<meta property=\"og:site_name\" content=\"Pressenza\" \/>\n<meta property=\"article:publisher\" content=\"https:\/\/www.facebook.com\/PressenzaItalia\" \/>\n<meta property=\"article:author\" content=\"https:\/\/www.facebook.com\/pressenza\" \/>\n<meta property=\"article:published_time\" content=\"2016-11-29T17:14:54+00:00\" \/>\n<meta property=\"og:image\" content=\"https:\/\/www.pressenza.com\/wp-content\/uploads\/2016\/11\/MG_8295-720x480.jpg\" \/>\n\t<meta property=\"og:image:width\" content=\"720\" \/>\n\t<meta property=\"og:image:height\" content=\"480\" \/>\n\t<meta property=\"og:image:type\" content=\"image\/jpeg\" \/>\n<meta name=\"author\" content=\"Redacci\u00f3n Chile\" \/>\n<meta name=\"twitter:card\" content=\"summary_large_image\" \/>\n<meta name=\"twitter:creator\" content=\"@pressenza\" \/>\n<meta name=\"twitter:site\" content=\"@PressenzaIPA\" \/>\n<meta name=\"twitter:label1\" content=\"Scritto da\" \/>\n\t<meta name=\"twitter:data1\" content=\"Redacci\u00f3n Chile\" \/>\n\t<meta name=\"twitter:label2\" content=\"Tempo di lettura stimato\" \/>\n\t<meta name=\"twitter:data2\" content=\"5 minuti\" \/>\n<script type=\"application\/ld+json\" class=\"yoast-schema-graph\">{\"@context\":\"https:\/\/schema.org\",\"@graph\":[{\"@type\":\"Article\",\"@id\":\"https:\/\/www.pressenza.com\/it\/2016\/11\/long-visita-cile-la-ridistribuzione-della-ricchezza-e-un-tema-chiave\/#article\",\"isPartOf\":{\"@id\":\"https:\/\/www.pressenza.com\/it\/2016\/11\/long-visita-cile-la-ridistribuzione-della-ricchezza-e-un-tema-chiave\/\"},\"author\":{\"name\":\"Redacci\u00f3n Chile\",\"@id\":\"https:\/\/www.pressenza.com\/it\/#\/schema\/person\/d7db40df35d6698ba69ba9ee260944ed\"},\"headline\":\"Long in visita in Cile: la ridistribuzione della ricchezza \u00e8 un tema chiave\",\"datePublished\":\"2016-11-29T17:14:54+00:00\",\"mainEntityOfPage\":{\"@id\":\"https:\/\/www.pressenza.com\/it\/2016\/11\/long-visita-cile-la-ridistribuzione-della-ricchezza-e-un-tema-chiave\/\"},\"wordCount\":1026,\"publisher\":{\"@id\":\"https:\/\/www.pressenza.com\/it\/#organization\"},\"image\":{\"@id\":\"https:\/\/www.pressenza.com\/it\/2016\/11\/long-visita-cile-la-ridistribuzione-della-ricchezza-e-un-tema-chiave\/#primaryimage\"},\"thumbnailUrl\":\"https:\/\/www.pressenza.com\/wp-content\/uploads\/2016\/11\/MG_8295.jpg\",\"keywords\":[\"Cile\",\"Correa\",\"diseguaglianza\",\"Ecuador\",\"immigrazione\",\"Long\",\"paradisi fiscali\",\"Santiago del Cile\"],\"articleSection\":[\"contenuti originali\",\"Economia\",\"Politica\",\"Sud America\"],\"inLanguage\":\"it-IT\"},{\"@type\":\"WebPage\",\"@id\":\"https:\/\/www.pressenza.com\/it\/2016\/11\/long-visita-cile-la-ridistribuzione-della-ricchezza-e-un-tema-chiave\/\",\"url\":\"https:\/\/www.pressenza.com\/it\/2016\/11\/long-visita-cile-la-ridistribuzione-della-ricchezza-e-un-tema-chiave\/\",\"name\":\"Long in visita in Cile: la ridistribuzione della ricchezza \u00e8 un tema chiave\",\"isPartOf\":{\"@id\":\"https:\/\/www.pressenza.com\/it\/#website\"},\"primaryImageOfPage\":{\"@id\":\"https:\/\/www.pressenza.com\/it\/2016\/11\/long-visita-cile-la-ridistribuzione-della-ricchezza-e-un-tema-chiave\/#primaryimage\"},\"image\":{\"@id\":\"https:\/\/www.pressenza.com\/it\/2016\/11\/long-visita-cile-la-ridistribuzione-della-ricchezza-e-un-tema-chiave\/#primaryimage\"},\"thumbnailUrl\":\"https:\/\/www.pressenza.com\/wp-content\/uploads\/2016\/11\/MG_8295.jpg\",\"datePublished\":\"2016-11-29T17:14:54+00:00\",\"description\":\"Il Ministro degli Affari Esteri e della Mobilit\u00e0 Umana dell\u2019Ecuador, Guillaume Long, durante la sua recente visita a Santiago del Cile e nella cornice di\",\"breadcrumb\":{\"@id\":\"https:\/\/www.pressenza.com\/it\/2016\/11\/long-visita-cile-la-ridistribuzione-della-ricchezza-e-un-tema-chiave\/#breadcrumb\"},\"inLanguage\":\"it-IT\",\"potentialAction\":[{\"@type\":\"ReadAction\",\"target\":[\"https:\/\/www.pressenza.com\/it\/2016\/11\/long-visita-cile-la-ridistribuzione-della-ricchezza-e-un-tema-chiave\/\"]}]},{\"@type\":\"ImageObject\",\"inLanguage\":\"it-IT\",\"@id\":\"https:\/\/www.pressenza.com\/it\/2016\/11\/long-visita-cile-la-ridistribuzione-della-ricchezza-e-un-tema-chiave\/#primaryimage\",\"url\":\"https:\/\/www.pressenza.com\/wp-content\/uploads\/2016\/11\/MG_8295.jpg\",\"contentUrl\":\"https:\/\/www.pressenza.com\/wp-content\/uploads\/2016\/11\/MG_8295.jpg\",\"width\":3456,\"height\":2304},{\"@type\":\"BreadcrumbList\",\"@id\":\"https:\/\/www.pressenza.com\/it\/2016\/11\/long-visita-cile-la-ridistribuzione-della-ricchezza-e-un-tema-chiave\/#breadcrumb\",\"itemListElement\":[{\"@type\":\"ListItem\",\"position\":1,\"name\":\"Accueil\",\"item\":\"https:\/\/www.pressenza.com\/it\/\"},{\"@type\":\"ListItem\",\"position\":2,\"name\":\"Long in visita in Cile: la ridistribuzione della ricchezza \u00e8 un tema chiave\"}]},{\"@type\":\"WebSite\",\"@id\":\"https:\/\/www.pressenza.com\/it\/#website\",\"url\":\"https:\/\/www.pressenza.com\/it\/\",\"name\":\"Pressenza\",\"description\":\"Agenzia di Stampa Internazionale\",\"publisher\":{\"@id\":\"https:\/\/www.pressenza.com\/it\/#organization\"},\"potentialAction\":[{\"@type\":\"SearchAction\",\"target\":{\"@type\":\"EntryPoint\",\"urlTemplate\":\"https:\/\/www.pressenza.com\/it\/?s={search_term_string}\"},\"query-input\":{\"@type\":\"PropertyValueSpecification\",\"valueRequired\":true,\"valueName\":\"search_term_string\"}}],\"inLanguage\":\"it-IT\"},{\"@type\":\"Organization\",\"@id\":\"https:\/\/www.pressenza.com\/it\/#organization\",\"name\":\"Pressenza\",\"url\":\"https:\/\/www.pressenza.com\/it\/\",\"logo\":{\"@type\":\"ImageObject\",\"inLanguage\":\"it-IT\",\"@id\":\"https:\/\/www.pressenza.com\/it\/#\/schema\/logo\/image\/\",\"url\":\"https:\/\/www.pressenza.com\/wp-content\/uploads\/2022\/10\/pressenza_logo_200x200.jpg\",\"contentUrl\":\"https:\/\/www.pressenza.com\/wp-content\/uploads\/2022\/10\/pressenza_logo_200x200.jpg\",\"width\":200,\"height\":200,\"caption\":\"Pressenza\"},\"image\":{\"@id\":\"https:\/\/www.pressenza.com\/it\/#\/schema\/logo\/image\/\"},\"sameAs\":[\"https:\/\/www.facebook.com\/PressenzaItalia\",\"https:\/\/x.com\/PressenzaIPA\"]},{\"@type\":\"Person\",\"@id\":\"https:\/\/www.pressenza.com\/it\/#\/schema\/person\/d7db40df35d6698ba69ba9ee260944ed\",\"name\":\"Redacci\u00f3n Chile\",\"description\":\"News from the Pressenza Bureau in Chile\",\"sameAs\":[\"https:\/\/www.facebook.com\/pressenza\",\"https:\/\/x.com\/pressenza\"],\"url\":\"https:\/\/www.pressenza.com\/it\/author\/redaccion-chile\/\"}]}<\/script>\n<!-- \/ Yoast SEO plugin. -->","yoast_head_json":{"title":"Long in visita in Cile: la ridistribuzione della ricchezza \u00e8 un tema chiave","description":"Il Ministro degli Affari Esteri e della Mobilit\u00e0 Umana dell\u2019Ecuador, Guillaume Long, durante la sua recente visita a Santiago del Cile e nella cornice di","robots":{"index":"index","follow":"follow","max-snippet":"max-snippet:-1","max-image-preview":"max-image-preview:large","max-video-preview":"max-video-preview:-1"},"canonical":"https:\/\/www.pressenza.com\/it\/2016\/11\/long-visita-cile-la-ridistribuzione-della-ricchezza-e-un-tema-chiave\/","og_locale":"it_IT","og_type":"article","og_title":"Long in visita in Cile: la ridistribuzione della ricchezza \u00e8 un tema chiave","og_description":"Il Ministro degli Affari Esteri e della Mobilit\u00e0 Umana dell\u2019Ecuador, Guillaume Long, durante la sua recente visita a Santiago del Cile e nella cornice di","og_url":"https:\/\/www.pressenza.com\/it\/2016\/11\/long-visita-cile-la-ridistribuzione-della-ricchezza-e-un-tema-chiave\/","og_site_name":"Pressenza","article_publisher":"https:\/\/www.facebook.com\/PressenzaItalia","article_author":"https:\/\/www.facebook.com\/pressenza","article_published_time":"2016-11-29T17:14:54+00:00","og_image":[{"width":720,"height":480,"url":"https:\/\/www.pressenza.com\/wp-content\/uploads\/2016\/11\/MG_8295-720x480.jpg","type":"image\/jpeg"}],"author":"Redacci\u00f3n Chile","twitter_card":"summary_large_image","twitter_creator":"@pressenza","twitter_site":"@PressenzaIPA","twitter_misc":{"Scritto da":"Redacci\u00f3n Chile","Tempo di lettura stimato":"5 minuti"},"schema":{"@context":"https:\/\/schema.org","@graph":[{"@type":"Article","@id":"https:\/\/www.pressenza.com\/it\/2016\/11\/long-visita-cile-la-ridistribuzione-della-ricchezza-e-un-tema-chiave\/#article","isPartOf":{"@id":"https:\/\/www.pressenza.com\/it\/2016\/11\/long-visita-cile-la-ridistribuzione-della-ricchezza-e-un-tema-chiave\/"},"author":{"name":"Redacci\u00f3n Chile","@id":"https:\/\/www.pressenza.com\/it\/#\/schema\/person\/d7db40df35d6698ba69ba9ee260944ed"},"headline":"Long in visita in Cile: la ridistribuzione della ricchezza \u00e8 un tema chiave","datePublished":"2016-11-29T17:14:54+00:00","mainEntityOfPage":{"@id":"https:\/\/www.pressenza.com\/it\/2016\/11\/long-visita-cile-la-ridistribuzione-della-ricchezza-e-un-tema-chiave\/"},"wordCount":1026,"publisher":{"@id":"https:\/\/www.pressenza.com\/it\/#organization"},"image":{"@id":"https:\/\/www.pressenza.com\/it\/2016\/11\/long-visita-cile-la-ridistribuzione-della-ricchezza-e-un-tema-chiave\/#primaryimage"},"thumbnailUrl":"https:\/\/www.pressenza.com\/wp-content\/uploads\/2016\/11\/MG_8295.jpg","keywords":["Cile","Correa","diseguaglianza","Ecuador","immigrazione","Long","paradisi fiscali","Santiago del Cile"],"articleSection":["contenuti originali","Economia","Politica","Sud America"],"inLanguage":"it-IT"},{"@type":"WebPage","@id":"https:\/\/www.pressenza.com\/it\/2016\/11\/long-visita-cile-la-ridistribuzione-della-ricchezza-e-un-tema-chiave\/","url":"https:\/\/www.pressenza.com\/it\/2016\/11\/long-visita-cile-la-ridistribuzione-della-ricchezza-e-un-tema-chiave\/","name":"Long in visita in Cile: la ridistribuzione della ricchezza \u00e8 un tema chiave","isPartOf":{"@id":"https:\/\/www.pressenza.com\/it\/#website"},"primaryImageOfPage":{"@id":"https:\/\/www.pressenza.com\/it\/2016\/11\/long-visita-cile-la-ridistribuzione-della-ricchezza-e-un-tema-chiave\/#primaryimage"},"image":{"@id":"https:\/\/www.pressenza.com\/it\/2016\/11\/long-visita-cile-la-ridistribuzione-della-ricchezza-e-un-tema-chiave\/#primaryimage"},"thumbnailUrl":"https:\/\/www.pressenza.com\/wp-content\/uploads\/2016\/11\/MG_8295.jpg","datePublished":"2016-11-29T17:14:54+00:00","description":"Il Ministro degli Affari Esteri e della Mobilit\u00e0 Umana dell\u2019Ecuador, Guillaume Long, durante la sua recente visita a Santiago del Cile e nella cornice di","breadcrumb":{"@id":"https:\/\/www.pressenza.com\/it\/2016\/11\/long-visita-cile-la-ridistribuzione-della-ricchezza-e-un-tema-chiave\/#breadcrumb"},"inLanguage":"it-IT","potentialAction":[{"@type":"ReadAction","target":["https:\/\/www.pressenza.com\/it\/2016\/11\/long-visita-cile-la-ridistribuzione-della-ricchezza-e-un-tema-chiave\/"]}]},{"@type":"ImageObject","inLanguage":"it-IT","@id":"https:\/\/www.pressenza.com\/it\/2016\/11\/long-visita-cile-la-ridistribuzione-della-ricchezza-e-un-tema-chiave\/#primaryimage","url":"https:\/\/www.pressenza.com\/wp-content\/uploads\/2016\/11\/MG_8295.jpg","contentUrl":"https:\/\/www.pressenza.com\/wp-content\/uploads\/2016\/11\/MG_8295.jpg","width":3456,"height":2304},{"@type":"BreadcrumbList","@id":"https:\/\/www.pressenza.com\/it\/2016\/11\/long-visita-cile-la-ridistribuzione-della-ricchezza-e-un-tema-chiave\/#breadcrumb","itemListElement":[{"@type":"ListItem","position":1,"name":"Accueil","item":"https:\/\/www.pressenza.com\/it\/"},{"@type":"ListItem","position":2,"name":"Long in visita in Cile: la ridistribuzione della ricchezza \u00e8 un tema chiave"}]},{"@type":"WebSite","@id":"https:\/\/www.pressenza.com\/it\/#website","url":"https:\/\/www.pressenza.com\/it\/","name":"Pressenza","description":"Agenzia di Stampa Internazionale","publisher":{"@id":"https:\/\/www.pressenza.com\/it\/#organization"},"potentialAction":[{"@type":"SearchAction","target":{"@type":"EntryPoint","urlTemplate":"https:\/\/www.pressenza.com\/it\/?s={search_term_string}"},"query-input":{"@type":"PropertyValueSpecification","valueRequired":true,"valueName":"search_term_string"}}],"inLanguage":"it-IT"},{"@type":"Organization","@id":"https:\/\/www.pressenza.com\/it\/#organization","name":"Pressenza","url":"https:\/\/www.pressenza.com\/it\/","logo":{"@type":"ImageObject","inLanguage":"it-IT","@id":"https:\/\/www.pressenza.com\/it\/#\/schema\/logo\/image\/","url":"https:\/\/www.pressenza.com\/wp-content\/uploads\/2022\/10\/pressenza_logo_200x200.jpg","contentUrl":"https:\/\/www.pressenza.com\/wp-content\/uploads\/2022\/10\/pressenza_logo_200x200.jpg","width":200,"height":200,"caption":"Pressenza"},"image":{"@id":"https:\/\/www.pressenza.com\/it\/#\/schema\/logo\/image\/"},"sameAs":["https:\/\/www.facebook.com\/PressenzaItalia","https:\/\/x.com\/PressenzaIPA"]},{"@type":"Person","@id":"https:\/\/www.pressenza.com\/it\/#\/schema\/person\/d7db40df35d6698ba69ba9ee260944ed","name":"Redacci\u00f3n Chile","description":"News from the Pressenza Bureau in Chile","sameAs":["https:\/\/www.facebook.com\/pressenza","https:\/\/x.com\/pressenza"],"url":"https:\/\/www.pressenza.com\/it\/author\/redaccion-chile\/"}]}},"place":"Santiago del Cile","original_article_url":"","_links":{"self":[{"href":"https:\/\/www.pressenza.com\/it\/wp-json\/wp\/v2\/posts\/403057","targetHints":{"allow":["GET"]}}],"collection":[{"href":"https:\/\/www.pressenza.com\/it\/wp-json\/wp\/v2\/posts"}],"about":[{"href":"https:\/\/www.pressenza.com\/it\/wp-json\/wp\/v2\/types\/post"}],"author":[{"embeddable":true,"href":"https:\/\/www.pressenza.com\/it\/wp-json\/wp\/v2\/users\/43"}],"replies":[{"embeddable":true,"href":"https:\/\/www.pressenza.com\/it\/wp-json\/wp\/v2\/comments?post=403057"}],"version-history":[{"count":0,"href":"https:\/\/www.pressenza.com\/it\/wp-json\/wp\/v2\/posts\/403057\/revisions"}],"wp:featuredmedia":[{"embeddable":true,"href":"https:\/\/www.pressenza.com\/it\/wp-json\/wp\/v2\/media\/401440"}],"wp:attachment":[{"href":"https:\/\/www.pressenza.com\/it\/wp-json\/wp\/v2\/media?parent=403057"}],"wp:term":[{"taxonomy":"category","embeddable":true,"href":"https:\/\/www.pressenza.com\/it\/wp-json\/wp\/v2\/categories?post=403057"},{"taxonomy":"post_tag","embeddable":true,"href":"https:\/\/www.pressenza.com\/it\/wp-json\/wp\/v2\/tags?post=403057"}],"curies":[{"name":"wp","href":"https:\/\/api.w.org\/{rel}","templated":true}]}}