{"id":402004,"date":"2016-11-26T18:04:07","date_gmt":"2016-11-26T18:04:07","guid":{"rendered":"http:\/\/www.pressenza.com\/it\/?p=402004"},"modified":"2016-11-26T18:04:07","modified_gmt":"2016-11-26T18:04:07","slug":"upwelling-la-risalita-delle-acque-profonde-al-filmmakerfest","status":"publish","type":"post","link":"https:\/\/www.pressenza.com\/it\/2016\/11\/upwelling-la-risalita-delle-acque-profonde-al-filmmakerfest\/","title":{"rendered":"Upwelling &#8211; la risalita delle acque profonde al FilmMakerFest"},"content":{"rendered":"<p>\u00abCon l\u2019occupazione di un teatro abbandonato quel gruppo di persone era riuscito a intercettare un\u2019esigenza ben pi\u00f9 ampia e complessa, il desiderio di un\u2019intera <span class=\"text_exposed_show\">citt\u00e0 di rinascere.\u00bb<\/span><\/p>\n<p><a class=\"profileLink\" href=\"https:\/\/www.facebook.com\/upwellingfilm\/\" data-hovercard=\"\/ajax\/hovercard\/page.php?id=211817735929068\" data-hovercard-prefer-more-content-show=\"1\">Upwelling &#8211; la risalita delle acque profonde<\/a>, un film\u00a0scritto e realizzato da\u00a0Pietro Pasquetti e Silvia Jop, con Danilo Adamovich, Giulia Giordano, Max Bruno, Pietro Saitta, Renato Accorinti \u00e8 in concorso alla 36esima edizione del festival internazionale FilmMakerFest.<\/p>\n<p>La prima proiezione avverr\u00e0 sabato 26 novembre alle\u00a0ore 21 presso la\u00a0<a class=\"profileLink\" href=\"https:\/\/www.facebook.com\/pages\/Cineteca-Italiana-Spazio-Oberdan\/229931343742898\" data-hovercard=\"\/ajax\/hovercard\/page.php?id=229931343742898\" data-hovercard-prefer-more-content-show=\"1\">Cineteca Italiana- Spazio Oberdan<\/a>, Milano.<\/p>\n<p>&nbsp;<\/p>\n<p><em>Dal <a href=\"http:\/\/www.filmmakerfest.com\/FilmFestival\/769\">sito del FilmMakerFest<\/a>:<\/em><\/p>\n<p>Tra i frammenti di una citt\u00e0 ricostruita sopra alle macerie di un disastro, nell\u2019eco di una catastrofe che non si \u00e8 mai del tutto consumata, Upwelling, come un\u2019onda che nasce dal fondo del mare, porta gli abissi in superficie. In un\u2019apparizione continua di personaggi, che si muovono come satelliti di un universo vivo e inaspettato, si raccolgono tentativi di resistenza e di rivitalizzazione che a volte assumono tratti assurdi e surreali. Siamo a Messina, una citt\u00e0 che \u00e8 stata completamente ricostruita in seguito a una delle pi\u00f9 devastanti catastrofi naturali del Novecento. Ed \u00e8 qui che gli autori hanno vissuto per due anni, creando un\u2019intima intesa con i suoi abitanti e dando vita a un film che muove i propri passi tra catastrofe e risalita.<\/p>\n<p align=\"JUSTIFY\"><strong>Pietro Pasquetti<\/strong> (Prato, 1984), studi presso l&#8217;Accademia del cinema e della televisione di Roma a Cinecitt\u00e0 e il Master Ied a Venezia, esordisce con il documentario Roma Residence, in concorso al Torino Film Festival nel 2007. Il Vangelo secondo Maria \u00e8 un documentario su una famiglia Rom aristocratica divenuta sedentaria ed evangelista. Presentato al Torino Film Festival nel 2009 ha ottenuto la qualifica di film d&#8217;essai da parte del Ministero dei Beni Culturali.<\/p>\n<p align=\"JUSTIFY\"><strong>Silvia Jop <\/strong>(Venezia, 1983) laureata in Antropologia Culturale ed Etnologia all Universit\u00e0 di Siena con una tesi sul diritto d&#8217;asilo in Italia, \u00e8 coordinatrice redazionale della rivista lavoroculturale.org. Ideatrice e curatrice di Com\u2019\u00e8 bella l\u2019imprudenza dedicato alle autobiografie dei teatri occupati in Italia e di #imprudenze2013 progetto di ricerca sulla stessa materia. Lavora come social media manager presso la Fondazione lettera27 e collabora al progetto Cosa Pensano Le Ragazze, una produzione Dora Maar, in collaborazione con Repubblica.it.<\/p>\n<p align=\"JUSTIFY\">Ecco il trailer del film:<\/p>\n<p><iframe loading=\"lazy\" src=\"https:\/\/www.youtube.com\/embed\/i6d_KTI9huw\" width=\"560\" height=\"315\" frameborder=\"0\" allowfullscreen=\"allowfullscreen\"><\/iframe><\/p>\n","protected":false},"excerpt":{"rendered":"<p>\u00abCon l\u2019occupazione di un teatro abbandonato quel gruppo di persone era riuscito a intercettare un\u2019esigenza ben pi\u00f9 ampia e complessa, il desiderio di un\u2019intera citt\u00e0 di rinascere.\u00bb Upwelling &#8211; la risalita delle acque profonde, un film\u00a0scritto e realizzato da\u00a0Pietro Pasquetti&hellip;<\/p>\n","protected":false},"author":594,"featured_media":401996,"comment_status":"closed","ping_status":"closed","sticky":false,"template":"","format":"standard","meta":{"footnotes":""},"categories":[150,56,47],"tags":[3462,3241,636,33018,6402,33019,33016],"class_list":["post-402004","post","type-post","status-publish","format-standard","has-post-thumbnail","hentry","category-comunicati-stampa","category-cultura","category-europa","tag-cinema-it","tag-film-it","tag-messina","tag-pietro-pasquetti","tag-renato-accorinti","tag-silvia-jop","tag-upwelling"],"yoast_head":"<!-- This site is optimized with the Yoast SEO plugin v27.1.1 - https:\/\/yoast.com\/product\/yoast-seo-wordpress\/ -->\n<title>Upwelling - la risalita delle acque profonde al FilmMakerFest<\/title>\n<meta name=\"description\" content=\"Upwelling: Con l\u2019occupazione di un teatro abbandonato quel gruppo di persone era riuscito a intercettare un\u2019esigenza ben pi\u00f9 ampia e complessa...\" \/>\n<meta name=\"robots\" content=\"index, follow, max-snippet:-1, max-image-preview:large, max-video-preview:-1\" \/>\n<link rel=\"canonical\" href=\"https:\/\/www.pressenza.com\/it\/2016\/11\/upwelling-la-risalita-delle-acque-profonde-al-filmmakerfest\/\" \/>\n<meta property=\"og:locale\" content=\"it_IT\" \/>\n<meta property=\"og:type\" content=\"article\" \/>\n<meta property=\"og:title\" content=\"Upwelling - la risalita delle acque profonde al FilmMakerFest\" \/>\n<meta property=\"og:description\" content=\"Upwelling: Con l\u2019occupazione di un teatro abbandonato quel gruppo di persone era riuscito a intercettare un\u2019esigenza ben pi\u00f9 ampia e complessa...\" \/>\n<meta property=\"og:url\" content=\"https:\/\/www.pressenza.com\/it\/2016\/11\/upwelling-la-risalita-delle-acque-profonde-al-filmmakerfest\/\" \/>\n<meta property=\"og:site_name\" content=\"Pressenza\" \/>\n<meta property=\"article:publisher\" content=\"https:\/\/www.facebook.com\/PressenzaItalia\" \/>\n<meta property=\"article:author\" content=\"https:\/\/www.facebook.com\/PressenzaItalia\" \/>\n<meta property=\"article:published_time\" content=\"2016-11-26T18:04:07+00:00\" \/>\n<meta property=\"og:image\" content=\"https:\/\/www.pressenza.com\/wp-content\/uploads\/2016\/11\/upwelling.jpg\" \/>\n\t<meta property=\"og:image:width\" content=\"750\" \/>\n\t<meta property=\"og:image:height\" content=\"415\" \/>\n\t<meta property=\"og:image:type\" content=\"image\/jpeg\" \/>\n<meta name=\"author\" content=\"Redazione Italia\" \/>\n<meta name=\"twitter:card\" content=\"summary_large_image\" \/>\n<meta name=\"twitter:creator\" content=\"@pressenza_it\" \/>\n<meta name=\"twitter:site\" content=\"@PressenzaIPA\" \/>\n<meta name=\"twitter:label1\" content=\"Scritto da\" \/>\n\t<meta name=\"twitter:data1\" content=\"Redazione Italia\" \/>\n\t<meta name=\"twitter:label2\" content=\"Tempo di lettura stimato\" \/>\n\t<meta name=\"twitter:data2\" content=\"2 minuti\" \/>\n<script type=\"application\/ld+json\" class=\"yoast-schema-graph\">{\"@context\":\"https:\/\/schema.org\",\"@graph\":[{\"@type\":\"Article\",\"@id\":\"https:\/\/www.pressenza.com\/it\/2016\/11\/upwelling-la-risalita-delle-acque-profonde-al-filmmakerfest\/#article\",\"isPartOf\":{\"@id\":\"https:\/\/www.pressenza.com\/it\/2016\/11\/upwelling-la-risalita-delle-acque-profonde-al-filmmakerfest\/\"},\"author\":{\"name\":\"Redazione Italia\",\"@id\":\"https:\/\/www.pressenza.com\/it\/#\/schema\/person\/d983e81827ae24f2c7b1a2123d197f8d\"},\"headline\":\"Upwelling &#8211; la risalita delle acque profonde al FilmMakerFest\",\"datePublished\":\"2016-11-26T18:04:07+00:00\",\"mainEntityOfPage\":{\"@id\":\"https:\/\/www.pressenza.com\/it\/2016\/11\/upwelling-la-risalita-delle-acque-profonde-al-filmmakerfest\/\"},\"wordCount\":378,\"publisher\":{\"@id\":\"https:\/\/www.pressenza.com\/it\/#organization\"},\"image\":{\"@id\":\"https:\/\/www.pressenza.com\/it\/2016\/11\/upwelling-la-risalita-delle-acque-profonde-al-filmmakerfest\/#primaryimage\"},\"thumbnailUrl\":\"https:\/\/www.pressenza.com\/wp-content\/uploads\/2016\/11\/upwelling.jpg\",\"keywords\":[\"cinema\",\"film\",\"Messina\",\"Pietro Pasquetti\",\"Renato Accorinti\",\"Silvia Jop\",\"Upwelling\"],\"articleSection\":[\"Comunicati Stampa\",\"Cultura e Media\",\"Europa\"],\"inLanguage\":\"it-IT\"},{\"@type\":\"WebPage\",\"@id\":\"https:\/\/www.pressenza.com\/it\/2016\/11\/upwelling-la-risalita-delle-acque-profonde-al-filmmakerfest\/\",\"url\":\"https:\/\/www.pressenza.com\/it\/2016\/11\/upwelling-la-risalita-delle-acque-profonde-al-filmmakerfest\/\",\"name\":\"Upwelling - la risalita delle acque profonde al FilmMakerFest\",\"isPartOf\":{\"@id\":\"https:\/\/www.pressenza.com\/it\/#website\"},\"primaryImageOfPage\":{\"@id\":\"https:\/\/www.pressenza.com\/it\/2016\/11\/upwelling-la-risalita-delle-acque-profonde-al-filmmakerfest\/#primaryimage\"},\"image\":{\"@id\":\"https:\/\/www.pressenza.com\/it\/2016\/11\/upwelling-la-risalita-delle-acque-profonde-al-filmmakerfest\/#primaryimage\"},\"thumbnailUrl\":\"https:\/\/www.pressenza.com\/wp-content\/uploads\/2016\/11\/upwelling.jpg\",\"datePublished\":\"2016-11-26T18:04:07+00:00\",\"description\":\"Upwelling: Con l\u2019occupazione di un teatro abbandonato quel gruppo di persone era riuscito a intercettare un\u2019esigenza ben pi\u00f9 ampia e complessa...\",\"breadcrumb\":{\"@id\":\"https:\/\/www.pressenza.com\/it\/2016\/11\/upwelling-la-risalita-delle-acque-profonde-al-filmmakerfest\/#breadcrumb\"},\"inLanguage\":\"it-IT\",\"potentialAction\":[{\"@type\":\"ReadAction\",\"target\":[\"https:\/\/www.pressenza.com\/it\/2016\/11\/upwelling-la-risalita-delle-acque-profonde-al-filmmakerfest\/\"]}]},{\"@type\":\"ImageObject\",\"inLanguage\":\"it-IT\",\"@id\":\"https:\/\/www.pressenza.com\/it\/2016\/11\/upwelling-la-risalita-delle-acque-profonde-al-filmmakerfest\/#primaryimage\",\"url\":\"https:\/\/www.pressenza.com\/wp-content\/uploads\/2016\/11\/upwelling.jpg\",\"contentUrl\":\"https:\/\/www.pressenza.com\/wp-content\/uploads\/2016\/11\/upwelling.jpg\",\"width\":750,\"height\":415},{\"@type\":\"BreadcrumbList\",\"@id\":\"https:\/\/www.pressenza.com\/it\/2016\/11\/upwelling-la-risalita-delle-acque-profonde-al-filmmakerfest\/#breadcrumb\",\"itemListElement\":[{\"@type\":\"ListItem\",\"position\":1,\"name\":\"Accueil\",\"item\":\"https:\/\/www.pressenza.com\/it\/\"},{\"@type\":\"ListItem\",\"position\":2,\"name\":\"Upwelling &#8211; la risalita delle acque profonde al FilmMakerFest\"}]},{\"@type\":\"WebSite\",\"@id\":\"https:\/\/www.pressenza.com\/it\/#website\",\"url\":\"https:\/\/www.pressenza.com\/it\/\",\"name\":\"Pressenza\",\"description\":\"Agenzia di Stampa Internazionale\",\"publisher\":{\"@id\":\"https:\/\/www.pressenza.com\/it\/#organization\"},\"potentialAction\":[{\"@type\":\"SearchAction\",\"target\":{\"@type\":\"EntryPoint\",\"urlTemplate\":\"https:\/\/www.pressenza.com\/it\/?s={search_term_string}\"},\"query-input\":{\"@type\":\"PropertyValueSpecification\",\"valueRequired\":true,\"valueName\":\"search_term_string\"}}],\"inLanguage\":\"it-IT\"},{\"@type\":\"Organization\",\"@id\":\"https:\/\/www.pressenza.com\/it\/#organization\",\"name\":\"Pressenza\",\"url\":\"https:\/\/www.pressenza.com\/it\/\",\"logo\":{\"@type\":\"ImageObject\",\"inLanguage\":\"it-IT\",\"@id\":\"https:\/\/www.pressenza.com\/it\/#\/schema\/logo\/image\/\",\"url\":\"https:\/\/www.pressenza.com\/wp-content\/uploads\/2022\/10\/pressenza_logo_200x200.jpg\",\"contentUrl\":\"https:\/\/www.pressenza.com\/wp-content\/uploads\/2022\/10\/pressenza_logo_200x200.jpg\",\"width\":200,\"height\":200,\"caption\":\"Pressenza\"},\"image\":{\"@id\":\"https:\/\/www.pressenza.com\/it\/#\/schema\/logo\/image\/\"},\"sameAs\":[\"https:\/\/www.facebook.com\/PressenzaItalia\",\"https:\/\/x.com\/PressenzaIPA\"]},{\"@type\":\"Person\",\"@id\":\"https:\/\/www.pressenza.com\/it\/#\/schema\/person\/d983e81827ae24f2c7b1a2123d197f8d\",\"name\":\"Redazione Italia\",\"description\":\"News from the Pressenza Bureau in Italy\",\"sameAs\":[\"https:\/\/www.pressenza.com\/it\/author\/redazione-italia\/\",\"https:\/\/www.facebook.com\/PressenzaItalia\",\"https:\/\/www.instagram.com\/pressenza_italia\/\",\"https:\/\/x.com\/pressenza_it\",\"https:\/\/www.youtube.com\/channel\/UCSalEIWjE1RSxkwjfftFuqg\"],\"url\":\"https:\/\/www.pressenza.com\/it\/author\/redazione-italia\/\"}]}<\/script>\n<!-- \/ Yoast SEO plugin. -->","yoast_head_json":{"title":"Upwelling - la risalita delle acque profonde al FilmMakerFest","description":"Upwelling: Con l\u2019occupazione di un teatro abbandonato quel gruppo di persone era riuscito a intercettare un\u2019esigenza ben pi\u00f9 ampia e complessa...","robots":{"index":"index","follow":"follow","max-snippet":"max-snippet:-1","max-image-preview":"max-image-preview:large","max-video-preview":"max-video-preview:-1"},"canonical":"https:\/\/www.pressenza.com\/it\/2016\/11\/upwelling-la-risalita-delle-acque-profonde-al-filmmakerfest\/","og_locale":"it_IT","og_type":"article","og_title":"Upwelling - la risalita delle acque profonde al FilmMakerFest","og_description":"Upwelling: Con l\u2019occupazione di un teatro abbandonato quel gruppo di persone era riuscito a intercettare un\u2019esigenza ben pi\u00f9 ampia e complessa...","og_url":"https:\/\/www.pressenza.com\/it\/2016\/11\/upwelling-la-risalita-delle-acque-profonde-al-filmmakerfest\/","og_site_name":"Pressenza","article_publisher":"https:\/\/www.facebook.com\/PressenzaItalia","article_author":"https:\/\/www.facebook.com\/PressenzaItalia","article_published_time":"2016-11-26T18:04:07+00:00","og_image":[{"width":750,"height":415,"url":"https:\/\/www.pressenza.com\/wp-content\/uploads\/2016\/11\/upwelling.jpg","type":"image\/jpeg"}],"author":"Redazione Italia","twitter_card":"summary_large_image","twitter_creator":"@pressenza_it","twitter_site":"@PressenzaIPA","twitter_misc":{"Scritto da":"Redazione Italia","Tempo di lettura stimato":"2 minuti"},"schema":{"@context":"https:\/\/schema.org","@graph":[{"@type":"Article","@id":"https:\/\/www.pressenza.com\/it\/2016\/11\/upwelling-la-risalita-delle-acque-profonde-al-filmmakerfest\/#article","isPartOf":{"@id":"https:\/\/www.pressenza.com\/it\/2016\/11\/upwelling-la-risalita-delle-acque-profonde-al-filmmakerfest\/"},"author":{"name":"Redazione Italia","@id":"https:\/\/www.pressenza.com\/it\/#\/schema\/person\/d983e81827ae24f2c7b1a2123d197f8d"},"headline":"Upwelling &#8211; la risalita delle acque profonde al FilmMakerFest","datePublished":"2016-11-26T18:04:07+00:00","mainEntityOfPage":{"@id":"https:\/\/www.pressenza.com\/it\/2016\/11\/upwelling-la-risalita-delle-acque-profonde-al-filmmakerfest\/"},"wordCount":378,"publisher":{"@id":"https:\/\/www.pressenza.com\/it\/#organization"},"image":{"@id":"https:\/\/www.pressenza.com\/it\/2016\/11\/upwelling-la-risalita-delle-acque-profonde-al-filmmakerfest\/#primaryimage"},"thumbnailUrl":"https:\/\/www.pressenza.com\/wp-content\/uploads\/2016\/11\/upwelling.jpg","keywords":["cinema","film","Messina","Pietro Pasquetti","Renato Accorinti","Silvia Jop","Upwelling"],"articleSection":["Comunicati Stampa","Cultura e Media","Europa"],"inLanguage":"it-IT"},{"@type":"WebPage","@id":"https:\/\/www.pressenza.com\/it\/2016\/11\/upwelling-la-risalita-delle-acque-profonde-al-filmmakerfest\/","url":"https:\/\/www.pressenza.com\/it\/2016\/11\/upwelling-la-risalita-delle-acque-profonde-al-filmmakerfest\/","name":"Upwelling - la risalita delle acque profonde al FilmMakerFest","isPartOf":{"@id":"https:\/\/www.pressenza.com\/it\/#website"},"primaryImageOfPage":{"@id":"https:\/\/www.pressenza.com\/it\/2016\/11\/upwelling-la-risalita-delle-acque-profonde-al-filmmakerfest\/#primaryimage"},"image":{"@id":"https:\/\/www.pressenza.com\/it\/2016\/11\/upwelling-la-risalita-delle-acque-profonde-al-filmmakerfest\/#primaryimage"},"thumbnailUrl":"https:\/\/www.pressenza.com\/wp-content\/uploads\/2016\/11\/upwelling.jpg","datePublished":"2016-11-26T18:04:07+00:00","description":"Upwelling: Con l\u2019occupazione di un teatro abbandonato quel gruppo di persone era riuscito a intercettare un\u2019esigenza ben pi\u00f9 ampia e complessa...","breadcrumb":{"@id":"https:\/\/www.pressenza.com\/it\/2016\/11\/upwelling-la-risalita-delle-acque-profonde-al-filmmakerfest\/#breadcrumb"},"inLanguage":"it-IT","potentialAction":[{"@type":"ReadAction","target":["https:\/\/www.pressenza.com\/it\/2016\/11\/upwelling-la-risalita-delle-acque-profonde-al-filmmakerfest\/"]}]},{"@type":"ImageObject","inLanguage":"it-IT","@id":"https:\/\/www.pressenza.com\/it\/2016\/11\/upwelling-la-risalita-delle-acque-profonde-al-filmmakerfest\/#primaryimage","url":"https:\/\/www.pressenza.com\/wp-content\/uploads\/2016\/11\/upwelling.jpg","contentUrl":"https:\/\/www.pressenza.com\/wp-content\/uploads\/2016\/11\/upwelling.jpg","width":750,"height":415},{"@type":"BreadcrumbList","@id":"https:\/\/www.pressenza.com\/it\/2016\/11\/upwelling-la-risalita-delle-acque-profonde-al-filmmakerfest\/#breadcrumb","itemListElement":[{"@type":"ListItem","position":1,"name":"Accueil","item":"https:\/\/www.pressenza.com\/it\/"},{"@type":"ListItem","position":2,"name":"Upwelling &#8211; la risalita delle acque profonde al FilmMakerFest"}]},{"@type":"WebSite","@id":"https:\/\/www.pressenza.com\/it\/#website","url":"https:\/\/www.pressenza.com\/it\/","name":"Pressenza","description":"Agenzia di Stampa Internazionale","publisher":{"@id":"https:\/\/www.pressenza.com\/it\/#organization"},"potentialAction":[{"@type":"SearchAction","target":{"@type":"EntryPoint","urlTemplate":"https:\/\/www.pressenza.com\/it\/?s={search_term_string}"},"query-input":{"@type":"PropertyValueSpecification","valueRequired":true,"valueName":"search_term_string"}}],"inLanguage":"it-IT"},{"@type":"Organization","@id":"https:\/\/www.pressenza.com\/it\/#organization","name":"Pressenza","url":"https:\/\/www.pressenza.com\/it\/","logo":{"@type":"ImageObject","inLanguage":"it-IT","@id":"https:\/\/www.pressenza.com\/it\/#\/schema\/logo\/image\/","url":"https:\/\/www.pressenza.com\/wp-content\/uploads\/2022\/10\/pressenza_logo_200x200.jpg","contentUrl":"https:\/\/www.pressenza.com\/wp-content\/uploads\/2022\/10\/pressenza_logo_200x200.jpg","width":200,"height":200,"caption":"Pressenza"},"image":{"@id":"https:\/\/www.pressenza.com\/it\/#\/schema\/logo\/image\/"},"sameAs":["https:\/\/www.facebook.com\/PressenzaItalia","https:\/\/x.com\/PressenzaIPA"]},{"@type":"Person","@id":"https:\/\/www.pressenza.com\/it\/#\/schema\/person\/d983e81827ae24f2c7b1a2123d197f8d","name":"Redazione Italia","description":"News from the Pressenza Bureau in Italy","sameAs":["https:\/\/www.pressenza.com\/it\/author\/redazione-italia\/","https:\/\/www.facebook.com\/PressenzaItalia","https:\/\/www.instagram.com\/pressenza_italia\/","https:\/\/x.com\/pressenza_it","https:\/\/www.youtube.com\/channel\/UCSalEIWjE1RSxkwjfftFuqg"],"url":"https:\/\/www.pressenza.com\/it\/author\/redazione-italia\/"}]}},"place":"","original_article_url":"","_links":{"self":[{"href":"https:\/\/www.pressenza.com\/it\/wp-json\/wp\/v2\/posts\/402004","targetHints":{"allow":["GET"]}}],"collection":[{"href":"https:\/\/www.pressenza.com\/it\/wp-json\/wp\/v2\/posts"}],"about":[{"href":"https:\/\/www.pressenza.com\/it\/wp-json\/wp\/v2\/types\/post"}],"author":[{"embeddable":true,"href":"https:\/\/www.pressenza.com\/it\/wp-json\/wp\/v2\/users\/594"}],"replies":[{"embeddable":true,"href":"https:\/\/www.pressenza.com\/it\/wp-json\/wp\/v2\/comments?post=402004"}],"version-history":[{"count":0,"href":"https:\/\/www.pressenza.com\/it\/wp-json\/wp\/v2\/posts\/402004\/revisions"}],"wp:featuredmedia":[{"embeddable":true,"href":"https:\/\/www.pressenza.com\/it\/wp-json\/wp\/v2\/media\/401996"}],"wp:attachment":[{"href":"https:\/\/www.pressenza.com\/it\/wp-json\/wp\/v2\/media?parent=402004"}],"wp:term":[{"taxonomy":"category","embeddable":true,"href":"https:\/\/www.pressenza.com\/it\/wp-json\/wp\/v2\/categories?post=402004"},{"taxonomy":"post_tag","embeddable":true,"href":"https:\/\/www.pressenza.com\/it\/wp-json\/wp\/v2\/tags?post=402004"}],"curies":[{"name":"wp","href":"https:\/\/api.w.org\/{rel}","templated":true}]}}