{"id":401519,"date":"2016-11-25T10:41:23","date_gmt":"2016-11-25T10:41:23","guid":{"rendered":"http:\/\/www.pressenza.com\/it\/?p=401519"},"modified":"2016-11-25T11:48:37","modified_gmt":"2016-11-25T11:48:37","slug":"liberato-raul-noro-e-altri-tre-detenuti-della-tupac-amaru","status":"publish","type":"post","link":"https:\/\/www.pressenza.com\/it\/2016\/11\/liberato-raul-noro-e-altri-tre-detenuti-della-tupac-amaru\/","title":{"rendered":"Liberato Ra\u00fal Noro e altri tre detenuti della Tupac Amaru"},"content":{"rendered":"<p>Anche se il governo nazionale ha risposto alle Nazioni Unite in modo evasivo e caricaturale, invitando il gruppo di lavoro sulla detenzione arbitraria a visitare l&#8217;Argentina, la pressione internazionale ha effetto. Due settimana fa hanno liberato prima Elba Galarza e Mar\u00eda Molina, incarcerate con ancora meno ragioni della leader dell&#8217;organizzazione di base Tupac Amaru, Milagro Sala.<\/p>\n<p>Oggi \u00e8 terminata a tutti gli effetti la prigionia di Ra\u00fal Noro, marito di Milagro Sala, e di altri tre detenuti: Patricia Cabana, Miguel \u00c1ngel Sibila e Iv\u00e1n Altamirano.<\/p>\n<p>La visita delle agenzie per i Diritti Umani di ieri, con Estela de Carlotto in testa, Lita Boitano, il segretario generale della CTA, Hugo Yasky e altre personalit\u00e0, ha prodotto un contraccolpo mediatico che sembra obbligare a mitigare i danni al governo, ormai illegittimo, di Gerardo Morales.<\/p>\n<p>Libero infine dagli arresti domiciliari, Ra\u00fal Noro ha parlato con La Garcia e ha detto che \u201cnon saremo felici finch\u00e9 Milagro non recuperer\u00e0 la libert\u00e0, perch\u00e9 lei \u00e8 lo spirito di tutto questo. E lo spirito di tutto questo, purtroppo, \u00e8 ancora prigioniero\u201d.<\/p>\n<p>Ha fatto appello alla lotta: \u201cora dobbiamo fare pressione affinch\u00e9 vengano rispettate le risoluzioni delle Nazioni Unite, questo non \u00e8 soggetto a discussione\u201d.<\/p>\n<p>\u201cMilagro non \u00e8 ancora accusata di nulla. Prova di ci\u00f2 \u00e8 che hanno soppresso la causa relativa al sit-in, che sarebbe stato uno spettacolo; non hanno potuto fare niente perch\u00e9 non avevano prove. Hanno solo versioni di versioni di versioni\u201d, ha detto riferendosi all&#8217;annullamento del processo, che \u00e8 stato rinviato perch\u00e9 la giustizia ha ammesso di non avere ricevuto prove per sollevare il caso in tribunale.<\/p>\n<p>Alla domanda sulla persecuzione subita durante la dittatura civile-militare e genocida rispetto alla persecuzione attuale, ha replicato: \u201cmi sono sentito come quando ero prigioniero durante la dittatura di Videla nel carcere di Jujuy, con il repressore, il tenente Bulgheroni. In quell&#8217;occasione Bulgheroni mi ha detto che la legge e la Costituzione erano loro, e pertanto io ero a loro disposizione per tutto. Dopo anni, con la prigionia di Milagro e la mia, ho avuto la stessa sensazione. Con un&#8217;aggravante: siamo in democrazia. Ma oggi ho avuto la stessa sensazione e non capivo quello che stava accadendo. L&#8217;ho realizzato quando ho letto le dichiarazioni del governatore Gerardo Morales, perch\u00e9 ha detto a tutti i media e alla stampa: \u201cnon ho intenzione di liberare quella donna\u201d. Ha detto la stessa cosa che aveva affermato il tenente Bulgheroni riguardo ai militari: lui \u00e8 la legge, lui \u00e8 il potere esecutivo, il potere legislativo e giudiziario\u201d.<\/p>\n<p>Dopo la denuncia pubblica, c&#8217;\u00e8 stato tempo per ricordare e ringraziare tutte le persone che stanno lottando per la libert\u00e0 di tutti i <i>tupaqueros<\/i>. \u201cE&#8217; cos\u00ec tanta la gente che devo ringraziare che non mi bastano le parole. I comitati, i compagni e le compagne di tutto il paese e all&#8217;estero, che stanno facendo ogni sforzo affinch\u00e9 ci liberino tutti, a cominciare da Milagro. Estela de Carlotto, Lita Boitano, le Madri, Yasky, Pablo Miceli, che erano al sit-in e sono venuti a trovarci. I deputati nazionali, provinciali, e i consiglieri dei diversi blocchi politici, la gente della sinistra, P\u00e9rez Esquivel che \u00e8 venuto a vedere Milagro e le ha portato un messaggio di Rigoberta Mench\u00fa, Piedad C\u00f3rdoba, che senza conoscere Milagro ha detto che \u00e8 l&#8217;eroina americana. Sono cos\u00ec tante le persone e i compagni che il tempo non mi basterebbe. Vi mando un abbraccio, la mia solidariet\u00e0 e ancora un ringraziamento\u201d, sono state le sue parole.<\/p>\n<p>Poi si \u00e8 commosso inviando pubblicamente un messaggio di incoraggiamento a sua moglie, la prima prigioniera politica del ricco Mauricio Macri: \u201ca mia moglie, che posso dire? Quando parlavo con lei, dava forza a me, ha questa cosa cos\u00ec speciale, questa energia, che per me viene da un altro spazio e da un altro tempo, che la rafforza e rafforza tutti noi, e ci rinnova la speranza, e che neanche lei sa di avere. Milagro \u00e8 come se fosse l&#8217;incarnazione dello spirito della cultura andina nel XXI secolo. Lei, inoltre, \u00e8 la persona che adoro e voglio mandarle tutto ci\u00f2 che lei sa che sento per lei\u201d.<br \/>\n<em>Traduzione dallo spagnolo di Matilde Mirabella<\/em><\/p>\n","protected":false},"excerpt":{"rendered":"<p>Anche se il governo nazionale ha risposto alle Nazioni Unite in modo evasivo e caricaturale, invitando il gruppo di lavoro sulla detenzione arbitraria a visitare l&#8217;Argentina, la pressione internazionale ha effetto. Due settimana fa hanno liberato prima Elba Galarza e&hellip;<\/p>\n","protected":false},"author":96,"featured_media":401459,"comment_status":"closed","ping_status":"closed","sticky":false,"template":"","format":"standard","meta":{"footnotes":""},"categories":[11388,60,1262,55,48,27065],"tags":[1688,1451,27485,27487,24175],"class_list":["post-401519","post","type-post","status-publish","format-standard","has-post-thumbnail","hentry","category-contenuti-originali","category-diritti-umani","category-nonviolenza-argomento","category-politica","category-sud-america","category-video-it","tag-argentina-it","tag-giustizia","tag-jujuy-it","tag-milagro-sala-it","tag-raul-noro"],"yoast_head":"<!-- This site is optimized with the Yoast SEO plugin v27.1.1 - https:\/\/yoast.com\/product\/yoast-seo-wordpress\/ -->\n<title>Liberato Ra\u00fal Noro e altri tre detenuti della Tupac Amaru<\/title>\n<meta name=\"description\" content=\"Anche se il governo nazionale ha risposto alle Nazioni Unite in modo evasivo e caricaturale, invitando il gruppo di lavoro sulla detenzione arbitraria a\" \/>\n<meta name=\"robots\" content=\"index, follow, max-snippet:-1, max-image-preview:large, max-video-preview:-1\" \/>\n<link rel=\"canonical\" href=\"https:\/\/www.pressenza.com\/it\/2016\/11\/liberato-raul-noro-e-altri-tre-detenuti-della-tupac-amaru\/\" \/>\n<meta property=\"og:locale\" content=\"it_IT\" \/>\n<meta property=\"og:type\" content=\"article\" \/>\n<meta property=\"og:title\" content=\"Liberato Ra\u00fal Noro e altri tre detenuti della Tupac Amaru\" \/>\n<meta property=\"og:description\" content=\"Anche se il governo nazionale ha risposto alle Nazioni Unite in modo evasivo e caricaturale, invitando il gruppo di lavoro sulla detenzione arbitraria a\" \/>\n<meta property=\"og:url\" content=\"https:\/\/www.pressenza.com\/it\/2016\/11\/liberato-raul-noro-e-altri-tre-detenuti-della-tupac-amaru\/\" \/>\n<meta property=\"og:site_name\" content=\"Pressenza\" \/>\n<meta property=\"article:publisher\" content=\"https:\/\/www.facebook.com\/PressenzaItalia\" \/>\n<meta property=\"article:author\" content=\"https:\/\/www.facebook.com\/mariano.quiroga.779\" \/>\n<meta property=\"article:published_time\" content=\"2016-11-25T10:41:23+00:00\" \/>\n<meta property=\"article:modified_time\" content=\"2016-11-25T11:48:37+00:00\" \/>\n<meta property=\"og:image\" content=\"https:\/\/www.pressenza.com\/wp-content\/uploads\/2016\/11\/comite-libres.jpg\" \/>\n\t<meta property=\"og:image:width\" content=\"960\" \/>\n\t<meta property=\"og:image:height\" content=\"679\" \/>\n\t<meta property=\"og:image:type\" content=\"image\/jpeg\" \/>\n<meta name=\"author\" content=\"Mariano Quiroga\" \/>\n<meta name=\"twitter:card\" content=\"summary_large_image\" \/>\n<meta name=\"twitter:creator\" content=\"@MaruchoQuiroga\" \/>\n<meta name=\"twitter:site\" content=\"@PressenzaIPA\" \/>\n<meta name=\"twitter:label1\" content=\"Scritto da\" \/>\n\t<meta name=\"twitter:data1\" content=\"Mariano Quiroga\" \/>\n\t<meta name=\"twitter:label2\" content=\"Tempo di lettura stimato\" \/>\n\t<meta name=\"twitter:data2\" content=\"3 minuti\" \/>\n<script type=\"application\/ld+json\" class=\"yoast-schema-graph\">{\"@context\":\"https:\/\/schema.org\",\"@graph\":[{\"@type\":\"Article\",\"@id\":\"https:\/\/www.pressenza.com\/it\/2016\/11\/liberato-raul-noro-e-altri-tre-detenuti-della-tupac-amaru\/#article\",\"isPartOf\":{\"@id\":\"https:\/\/www.pressenza.com\/it\/2016\/11\/liberato-raul-noro-e-altri-tre-detenuti-della-tupac-amaru\/\"},\"author\":{\"name\":\"Mariano Quiroga\",\"@id\":\"https:\/\/www.pressenza.com\/it\/#\/schema\/person\/a0856fe41d8234b92503e6b28dc2585e\"},\"headline\":\"Liberato Ra\u00fal Noro e altri tre detenuti della Tupac Amaru\",\"datePublished\":\"2016-11-25T10:41:23+00:00\",\"dateModified\":\"2016-11-25T11:48:37+00:00\",\"mainEntityOfPage\":{\"@id\":\"https:\/\/www.pressenza.com\/it\/2016\/11\/liberato-raul-noro-e-altri-tre-detenuti-della-tupac-amaru\/\"},\"wordCount\":698,\"publisher\":{\"@id\":\"https:\/\/www.pressenza.com\/it\/#organization\"},\"image\":{\"@id\":\"https:\/\/www.pressenza.com\/it\/2016\/11\/liberato-raul-noro-e-altri-tre-detenuti-della-tupac-amaru\/#primaryimage\"},\"thumbnailUrl\":\"https:\/\/www.pressenza.com\/wp-content\/uploads\/2016\/11\/comite-libres.jpg\",\"keywords\":[\"Argentina\",\"giustizia\",\"Jujuy\",\"Milagro Sala\",\"Raul Noro\"],\"articleSection\":[\"contenuti originali\",\"Diritti Umani\",\"Nonviolenza\",\"Politica\",\"Sud America\",\"Video\"],\"inLanguage\":\"it-IT\"},{\"@type\":\"WebPage\",\"@id\":\"https:\/\/www.pressenza.com\/it\/2016\/11\/liberato-raul-noro-e-altri-tre-detenuti-della-tupac-amaru\/\",\"url\":\"https:\/\/www.pressenza.com\/it\/2016\/11\/liberato-raul-noro-e-altri-tre-detenuti-della-tupac-amaru\/\",\"name\":\"Liberato Ra\u00fal Noro e altri tre detenuti della Tupac Amaru\",\"isPartOf\":{\"@id\":\"https:\/\/www.pressenza.com\/it\/#website\"},\"primaryImageOfPage\":{\"@id\":\"https:\/\/www.pressenza.com\/it\/2016\/11\/liberato-raul-noro-e-altri-tre-detenuti-della-tupac-amaru\/#primaryimage\"},\"image\":{\"@id\":\"https:\/\/www.pressenza.com\/it\/2016\/11\/liberato-raul-noro-e-altri-tre-detenuti-della-tupac-amaru\/#primaryimage\"},\"thumbnailUrl\":\"https:\/\/www.pressenza.com\/wp-content\/uploads\/2016\/11\/comite-libres.jpg\",\"datePublished\":\"2016-11-25T10:41:23+00:00\",\"dateModified\":\"2016-11-25T11:48:37+00:00\",\"description\":\"Anche se il governo nazionale ha risposto alle Nazioni Unite in modo evasivo e caricaturale, invitando il gruppo di lavoro sulla detenzione arbitraria a\",\"breadcrumb\":{\"@id\":\"https:\/\/www.pressenza.com\/it\/2016\/11\/liberato-raul-noro-e-altri-tre-detenuti-della-tupac-amaru\/#breadcrumb\"},\"inLanguage\":\"it-IT\",\"potentialAction\":[{\"@type\":\"ReadAction\",\"target\":[\"https:\/\/www.pressenza.com\/it\/2016\/11\/liberato-raul-noro-e-altri-tre-detenuti-della-tupac-amaru\/\"]}]},{\"@type\":\"ImageObject\",\"inLanguage\":\"it-IT\",\"@id\":\"https:\/\/www.pressenza.com\/it\/2016\/11\/liberato-raul-noro-e-altri-tre-detenuti-della-tupac-amaru\/#primaryimage\",\"url\":\"https:\/\/www.pressenza.com\/wp-content\/uploads\/2016\/11\/comite-libres.jpg\",\"contentUrl\":\"https:\/\/www.pressenza.com\/wp-content\/uploads\/2016\/11\/comite-libres.jpg\",\"width\":960,\"height\":679},{\"@type\":\"BreadcrumbList\",\"@id\":\"https:\/\/www.pressenza.com\/it\/2016\/11\/liberato-raul-noro-e-altri-tre-detenuti-della-tupac-amaru\/#breadcrumb\",\"itemListElement\":[{\"@type\":\"ListItem\",\"position\":1,\"name\":\"Accueil\",\"item\":\"https:\/\/www.pressenza.com\/it\/\"},{\"@type\":\"ListItem\",\"position\":2,\"name\":\"Liberato Ra\u00fal Noro e altri tre detenuti della Tupac Amaru\"}]},{\"@type\":\"WebSite\",\"@id\":\"https:\/\/www.pressenza.com\/it\/#website\",\"url\":\"https:\/\/www.pressenza.com\/it\/\",\"name\":\"Pressenza\",\"description\":\"Agenzia di Stampa Internazionale\",\"publisher\":{\"@id\":\"https:\/\/www.pressenza.com\/it\/#organization\"},\"potentialAction\":[{\"@type\":\"SearchAction\",\"target\":{\"@type\":\"EntryPoint\",\"urlTemplate\":\"https:\/\/www.pressenza.com\/it\/?s={search_term_string}\"},\"query-input\":{\"@type\":\"PropertyValueSpecification\",\"valueRequired\":true,\"valueName\":\"search_term_string\"}}],\"inLanguage\":\"it-IT\"},{\"@type\":\"Organization\",\"@id\":\"https:\/\/www.pressenza.com\/it\/#organization\",\"name\":\"Pressenza\",\"url\":\"https:\/\/www.pressenza.com\/it\/\",\"logo\":{\"@type\":\"ImageObject\",\"inLanguage\":\"it-IT\",\"@id\":\"https:\/\/www.pressenza.com\/it\/#\/schema\/logo\/image\/\",\"url\":\"https:\/\/www.pressenza.com\/wp-content\/uploads\/2022\/10\/pressenza_logo_200x200.jpg\",\"contentUrl\":\"https:\/\/www.pressenza.com\/wp-content\/uploads\/2022\/10\/pressenza_logo_200x200.jpg\",\"width\":200,\"height\":200,\"caption\":\"Pressenza\"},\"image\":{\"@id\":\"https:\/\/www.pressenza.com\/it\/#\/schema\/logo\/image\/\"},\"sameAs\":[\"https:\/\/www.facebook.com\/PressenzaItalia\",\"https:\/\/x.com\/PressenzaIPA\"]},{\"@type\":\"Person\",\"@id\":\"https:\/\/www.pressenza.com\/it\/#\/schema\/person\/a0856fe41d8234b92503e6b28dc2585e\",\"name\":\"Mariano Quiroga\",\"description\":\"Born in Buenos Aires, Argentina, in 1976, Mariano is a journalist, poet and international editor for Pressenza. His career includes publications in different countries and languages. Currently he is presenter on radio programmes in Ecuador and Argentina. A humanist communicator specialising in international politics, his vocation has led him to seek to build bridges that allow relationships to be made between data, events, people and contexts in order to create an inclusive look that synthesises the noblest searches for social justice and humanisation of the planet.\",\"sameAs\":[\"https:\/\/www.facebook.com\/mariano.quiroga.779\",\"https:\/\/x.com\/MaruchoQuiroga\"],\"url\":\"https:\/\/www.pressenza.com\/it\/author\/mariano-quiroga\/\"}]}<\/script>\n<!-- \/ Yoast SEO plugin. -->","yoast_head_json":{"title":"Liberato Ra\u00fal Noro e altri tre detenuti della Tupac Amaru","description":"Anche se il governo nazionale ha risposto alle Nazioni Unite in modo evasivo e caricaturale, invitando il gruppo di lavoro sulla detenzione arbitraria a","robots":{"index":"index","follow":"follow","max-snippet":"max-snippet:-1","max-image-preview":"max-image-preview:large","max-video-preview":"max-video-preview:-1"},"canonical":"https:\/\/www.pressenza.com\/it\/2016\/11\/liberato-raul-noro-e-altri-tre-detenuti-della-tupac-amaru\/","og_locale":"it_IT","og_type":"article","og_title":"Liberato Ra\u00fal Noro e altri tre detenuti della Tupac Amaru","og_description":"Anche se il governo nazionale ha risposto alle Nazioni Unite in modo evasivo e caricaturale, invitando il gruppo di lavoro sulla detenzione arbitraria a","og_url":"https:\/\/www.pressenza.com\/it\/2016\/11\/liberato-raul-noro-e-altri-tre-detenuti-della-tupac-amaru\/","og_site_name":"Pressenza","article_publisher":"https:\/\/www.facebook.com\/PressenzaItalia","article_author":"https:\/\/www.facebook.com\/mariano.quiroga.779","article_published_time":"2016-11-25T10:41:23+00:00","article_modified_time":"2016-11-25T11:48:37+00:00","og_image":[{"width":960,"height":679,"url":"https:\/\/www.pressenza.com\/wp-content\/uploads\/2016\/11\/comite-libres.jpg","type":"image\/jpeg"}],"author":"Mariano Quiroga","twitter_card":"summary_large_image","twitter_creator":"@MaruchoQuiroga","twitter_site":"@PressenzaIPA","twitter_misc":{"Scritto da":"Mariano Quiroga","Tempo di lettura stimato":"3 minuti"},"schema":{"@context":"https:\/\/schema.org","@graph":[{"@type":"Article","@id":"https:\/\/www.pressenza.com\/it\/2016\/11\/liberato-raul-noro-e-altri-tre-detenuti-della-tupac-amaru\/#article","isPartOf":{"@id":"https:\/\/www.pressenza.com\/it\/2016\/11\/liberato-raul-noro-e-altri-tre-detenuti-della-tupac-amaru\/"},"author":{"name":"Mariano Quiroga","@id":"https:\/\/www.pressenza.com\/it\/#\/schema\/person\/a0856fe41d8234b92503e6b28dc2585e"},"headline":"Liberato Ra\u00fal Noro e altri tre detenuti della Tupac Amaru","datePublished":"2016-11-25T10:41:23+00:00","dateModified":"2016-11-25T11:48:37+00:00","mainEntityOfPage":{"@id":"https:\/\/www.pressenza.com\/it\/2016\/11\/liberato-raul-noro-e-altri-tre-detenuti-della-tupac-amaru\/"},"wordCount":698,"publisher":{"@id":"https:\/\/www.pressenza.com\/it\/#organization"},"image":{"@id":"https:\/\/www.pressenza.com\/it\/2016\/11\/liberato-raul-noro-e-altri-tre-detenuti-della-tupac-amaru\/#primaryimage"},"thumbnailUrl":"https:\/\/www.pressenza.com\/wp-content\/uploads\/2016\/11\/comite-libres.jpg","keywords":["Argentina","giustizia","Jujuy","Milagro Sala","Raul Noro"],"articleSection":["contenuti originali","Diritti Umani","Nonviolenza","Politica","Sud America","Video"],"inLanguage":"it-IT"},{"@type":"WebPage","@id":"https:\/\/www.pressenza.com\/it\/2016\/11\/liberato-raul-noro-e-altri-tre-detenuti-della-tupac-amaru\/","url":"https:\/\/www.pressenza.com\/it\/2016\/11\/liberato-raul-noro-e-altri-tre-detenuti-della-tupac-amaru\/","name":"Liberato Ra\u00fal Noro e altri tre detenuti della Tupac Amaru","isPartOf":{"@id":"https:\/\/www.pressenza.com\/it\/#website"},"primaryImageOfPage":{"@id":"https:\/\/www.pressenza.com\/it\/2016\/11\/liberato-raul-noro-e-altri-tre-detenuti-della-tupac-amaru\/#primaryimage"},"image":{"@id":"https:\/\/www.pressenza.com\/it\/2016\/11\/liberato-raul-noro-e-altri-tre-detenuti-della-tupac-amaru\/#primaryimage"},"thumbnailUrl":"https:\/\/www.pressenza.com\/wp-content\/uploads\/2016\/11\/comite-libres.jpg","datePublished":"2016-11-25T10:41:23+00:00","dateModified":"2016-11-25T11:48:37+00:00","description":"Anche se il governo nazionale ha risposto alle Nazioni Unite in modo evasivo e caricaturale, invitando il gruppo di lavoro sulla detenzione arbitraria a","breadcrumb":{"@id":"https:\/\/www.pressenza.com\/it\/2016\/11\/liberato-raul-noro-e-altri-tre-detenuti-della-tupac-amaru\/#breadcrumb"},"inLanguage":"it-IT","potentialAction":[{"@type":"ReadAction","target":["https:\/\/www.pressenza.com\/it\/2016\/11\/liberato-raul-noro-e-altri-tre-detenuti-della-tupac-amaru\/"]}]},{"@type":"ImageObject","inLanguage":"it-IT","@id":"https:\/\/www.pressenza.com\/it\/2016\/11\/liberato-raul-noro-e-altri-tre-detenuti-della-tupac-amaru\/#primaryimage","url":"https:\/\/www.pressenza.com\/wp-content\/uploads\/2016\/11\/comite-libres.jpg","contentUrl":"https:\/\/www.pressenza.com\/wp-content\/uploads\/2016\/11\/comite-libres.jpg","width":960,"height":679},{"@type":"BreadcrumbList","@id":"https:\/\/www.pressenza.com\/it\/2016\/11\/liberato-raul-noro-e-altri-tre-detenuti-della-tupac-amaru\/#breadcrumb","itemListElement":[{"@type":"ListItem","position":1,"name":"Accueil","item":"https:\/\/www.pressenza.com\/it\/"},{"@type":"ListItem","position":2,"name":"Liberato Ra\u00fal Noro e altri tre detenuti della Tupac Amaru"}]},{"@type":"WebSite","@id":"https:\/\/www.pressenza.com\/it\/#website","url":"https:\/\/www.pressenza.com\/it\/","name":"Pressenza","description":"Agenzia di Stampa Internazionale","publisher":{"@id":"https:\/\/www.pressenza.com\/it\/#organization"},"potentialAction":[{"@type":"SearchAction","target":{"@type":"EntryPoint","urlTemplate":"https:\/\/www.pressenza.com\/it\/?s={search_term_string}"},"query-input":{"@type":"PropertyValueSpecification","valueRequired":true,"valueName":"search_term_string"}}],"inLanguage":"it-IT"},{"@type":"Organization","@id":"https:\/\/www.pressenza.com\/it\/#organization","name":"Pressenza","url":"https:\/\/www.pressenza.com\/it\/","logo":{"@type":"ImageObject","inLanguage":"it-IT","@id":"https:\/\/www.pressenza.com\/it\/#\/schema\/logo\/image\/","url":"https:\/\/www.pressenza.com\/wp-content\/uploads\/2022\/10\/pressenza_logo_200x200.jpg","contentUrl":"https:\/\/www.pressenza.com\/wp-content\/uploads\/2022\/10\/pressenza_logo_200x200.jpg","width":200,"height":200,"caption":"Pressenza"},"image":{"@id":"https:\/\/www.pressenza.com\/it\/#\/schema\/logo\/image\/"},"sameAs":["https:\/\/www.facebook.com\/PressenzaItalia","https:\/\/x.com\/PressenzaIPA"]},{"@type":"Person","@id":"https:\/\/www.pressenza.com\/it\/#\/schema\/person\/a0856fe41d8234b92503e6b28dc2585e","name":"Mariano Quiroga","description":"Born in Buenos Aires, Argentina, in 1976, Mariano is a journalist, poet and international editor for Pressenza. His career includes publications in different countries and languages. Currently he is presenter on radio programmes in Ecuador and Argentina. A humanist communicator specialising in international politics, his vocation has led him to seek to build bridges that allow relationships to be made between data, events, people and contexts in order to create an inclusive look that synthesises the noblest searches for social justice and humanisation of the planet.","sameAs":["https:\/\/www.facebook.com\/mariano.quiroga.779","https:\/\/x.com\/MaruchoQuiroga"],"url":"https:\/\/www.pressenza.com\/it\/author\/mariano-quiroga\/"}]}},"place":"Jujuy, Argentina","original_article_url":"","_links":{"self":[{"href":"https:\/\/www.pressenza.com\/it\/wp-json\/wp\/v2\/posts\/401519","targetHints":{"allow":["GET"]}}],"collection":[{"href":"https:\/\/www.pressenza.com\/it\/wp-json\/wp\/v2\/posts"}],"about":[{"href":"https:\/\/www.pressenza.com\/it\/wp-json\/wp\/v2\/types\/post"}],"author":[{"embeddable":true,"href":"https:\/\/www.pressenza.com\/it\/wp-json\/wp\/v2\/users\/96"}],"replies":[{"embeddable":true,"href":"https:\/\/www.pressenza.com\/it\/wp-json\/wp\/v2\/comments?post=401519"}],"version-history":[{"count":0,"href":"https:\/\/www.pressenza.com\/it\/wp-json\/wp\/v2\/posts\/401519\/revisions"}],"wp:featuredmedia":[{"embeddable":true,"href":"https:\/\/www.pressenza.com\/it\/wp-json\/wp\/v2\/media\/401459"}],"wp:attachment":[{"href":"https:\/\/www.pressenza.com\/it\/wp-json\/wp\/v2\/media?parent=401519"}],"wp:term":[{"taxonomy":"category","embeddable":true,"href":"https:\/\/www.pressenza.com\/it\/wp-json\/wp\/v2\/categories?post=401519"},{"taxonomy":"post_tag","embeddable":true,"href":"https:\/\/www.pressenza.com\/it\/wp-json\/wp\/v2\/tags?post=401519"}],"curies":[{"name":"wp","href":"https:\/\/api.w.org\/{rel}","templated":true}]}}