{"id":40103,"date":"2013-02-24T10:50:10","date_gmt":"2013-02-24T10:50:10","guid":{"rendered":"http:\/\/www.pressenza.com\/?p=40103"},"modified":"2013-02-25T08:20:32","modified_gmt":"2013-02-25T08:20:32","slug":"la-marea-cittadina-e-diventata-uno-tsunami","status":"publish","type":"post","link":"https:\/\/www.pressenza.com\/it\/2013\/02\/la-marea-cittadina-e-diventata-uno-tsunami\/","title":{"rendered":"La Marea Cittadina \u00e8 diventata uno tsunami"},"content":{"rendered":"<p align=\"left\"><i>L<\/i><i>a Marea Ci<\/i><i>ttadina ha portato per strada in tutta la Spagna centinaia di migliaia di persone, per manifestare il rifiuto della corruzione e del colpo di stato finanziario, che si \u00e8 tradotto in appoggio alle banche con fondi pubblici, tagli alla sanit\u00e0, all\u2019educazione e ai servizi sociali, impoverimento di una grande parte della popolazione e scandaloso arricchimento di pochi. \u00a0<\/i><\/p>\n<p align=\"left\">Le proteste si sono svolte in decine di citt\u00e0 e piccoli centri. Nelle grandi citt\u00e0 le manifestazioni partivano da diversi punti, per incontrarsi in luoghi simbolici, legati al potere politico o alla banca.<\/p>\n<p align=\"left\">A Madrid, la Marea Cittadina si \u00e8 riunita nella Plaza de Neptuno, accanto alla Camera dei Deputati. L\u00e0, alle sette di sera, si \u00e8 levato un grido silenzioso, un minuto di silenzio seguito da un travolgente<b><i> \u201cS\u00ec, si pu\u00f2<\/i><\/b><b><i>!\u201d<\/i><\/b>, intonato da migliaia e migliaia di persone. Lungo tutto i cortei e nel concentramento finale il tono era allo stesso tempo rivendicativo e ironico, come dimostrato da uno striscione che diceva; \u201c<b>Non \u00e8 una crisi, \u00e8 che non ti voglio\u201d<\/b>; cartelli, musica e mille voci che gridavano \u201c<b>No, no, no, non ci rappresentano! <\/b><b><i>\u201d<\/i><\/b>.<\/p>\n<p align=\"left\">La manifestazione \u00e8 stata convocata da tutte le \u201cmaree\u201d, ognuna con il colore che la definisce (arancione: servizi sociali; nero: minatori; azzurro: no alla privatizzazione dell\u2019acqua; verde: per la scuola pubblica; bianca: per la sanit\u00e0 pubblica; multicolore: per convertire le spese militari in spese sociali).<\/p>\n<p align=\"left\">Tra i tanti aneddoti, citiamo l\u2019azione di un nutrito gruppo di pompieri in divisa, che hanno formato un cordone di sicurezza tra la polizia e i manifestanti. Uno di loro ha dichiarato<i>\u201cQ<\/i><i>uesto \u00e8 un servizio al<\/i><i>la<\/i><i> gente; \u00e8 questo che dobbiamo fare noi pompieri\u2026 Noi salviamo le persone, non le banche <\/i>\u201d, con una chiara allusione al ruolo che il governo gli chiede di svolgere in certe situazioni contro gruppi di cittadini e singole persone e con cui non sono d\u2019accordo.<\/p>\n<p align=\"left\">Queste manifestazioni pacifiche e aperte sono state contestate dal portavoce del Comune di Madrid, Salvador Victoria, secondo cui i manifestanti sono \u201cmanipolati da gruppi anarchici, di ultrasinistra, antisistema, che pretendono di contrastare il sistema democratico e imporre autentiche dittature\u2026\u201d.<\/p>\n<p align=\"left\">In altri paesi, dalla Francia all\u2019India, si sono svolte manifestazioni di appoggio alla protesta spagnola.<\/p>\n<p align=\"left\">Alla fine della manifestazione, man mano che la gente si disperdeva, si sono verificati arresti e per questo si \u00e8 convocata una protesta a mezzogiorno di domenica 24 febbraio.<\/p>\n<p align=\"left\">Altre foto al link: <a href=\"http:\/\/www.juanmartinzarza.com\/press\/?gallery=manifestacion-union-de-mareas-23f-23-02-2013\">http:\/\/www.juanmartinzarza.com\/press\/?gallery=manifestacion-union-de-mareas-23f-23-02-2013<\/a><\/p>\n<p align=\"left\">Traduzione dallo spagnolo di Anna Polo<\/p>\n","protected":false},"excerpt":{"rendered":"<p>La Marea Cittadina ha portato per strada in tutta la Spagna centinaia di migliaia di persone, per manifestare il rifiuto della corruzione e del colpo di stato finanziario, che si \u00e8 tradotto in appoggio alle banche con fondi pubblici, tagli&hellip;<\/p>\n","protected":false},"author":188,"featured_media":40248,"comment_status":"closed","ping_status":"open","sticky":false,"template":"","format":"standard","meta":{"footnotes":""},"categories":[60,47,38],"tags":[2675,1602],"class_list":["post-40103","post","type-post","status-publish","format-standard","has-post-thumbnail","hentry","category-diritti-umani","category-europa","category-internazionale","tag-protesta","tag-spagna"],"yoast_head":"<!-- This site is optimized with the Yoast SEO plugin v27.1.1 - https:\/\/yoast.com\/product\/yoast-seo-wordpress\/ -->\n<title>La Marea Cittadina \u00e8 diventata uno tsunami<\/title>\n<meta name=\"description\" content=\"La Marea Cittadina ha portato per strada in tutta la Spagna centinaia di migliaia di persone, per manifestare il rifiuto della corruzione e del colpo di\" \/>\n<meta name=\"robots\" content=\"index, follow, max-snippet:-1, max-image-preview:large, max-video-preview:-1\" \/>\n<link rel=\"canonical\" href=\"https:\/\/www.pressenza.com\/it\/2013\/02\/la-marea-cittadina-e-diventata-uno-tsunami\/\" \/>\n<meta property=\"og:locale\" content=\"it_IT\" \/>\n<meta property=\"og:type\" content=\"article\" \/>\n<meta property=\"og:title\" content=\"La Marea Cittadina \u00e8 diventata uno tsunami\" \/>\n<meta property=\"og:description\" content=\"La Marea Cittadina ha portato per strada in tutta la Spagna centinaia di migliaia di persone, per manifestare il rifiuto della corruzione e del colpo di\" \/>\n<meta property=\"og:url\" content=\"https:\/\/www.pressenza.com\/it\/2013\/02\/la-marea-cittadina-e-diventata-uno-tsunami\/\" \/>\n<meta property=\"og:site_name\" content=\"Pressenza\" \/>\n<meta property=\"article:publisher\" content=\"https:\/\/www.facebook.com\/PressenzaItalia\" \/>\n<meta property=\"article:published_time\" content=\"2013-02-24T10:50:10+00:00\" \/>\n<meta property=\"article:modified_time\" content=\"2013-02-25T08:20:32+00:00\" \/>\n<meta property=\"og:image\" content=\"https:\/\/www.pressenza.com\/wp-content\/uploads\/2013\/02\/marea-madrid.jpg\" \/>\n\t<meta property=\"og:image:width\" content=\"1130\" \/>\n\t<meta property=\"og:image:height\" content=\"633\" \/>\n\t<meta property=\"og:image:type\" content=\"image\/jpeg\" \/>\n<meta name=\"author\" content=\"Gabriela Amaya\" \/>\n<meta name=\"twitter:card\" content=\"summary_large_image\" \/>\n<meta name=\"twitter:creator\" content=\"@PressenzaIPA\" \/>\n<meta name=\"twitter:site\" content=\"@PressenzaIPA\" \/>\n<meta name=\"twitter:label1\" content=\"Scritto da\" \/>\n\t<meta name=\"twitter:data1\" content=\"Gabriela Amaya\" \/>\n\t<meta name=\"twitter:label2\" content=\"Tempo di lettura stimato\" \/>\n\t<meta name=\"twitter:data2\" content=\"2 minuti\" \/>\n<script type=\"application\/ld+json\" class=\"yoast-schema-graph\">{\"@context\":\"https:\/\/schema.org\",\"@graph\":[{\"@type\":\"Article\",\"@id\":\"https:\/\/www.pressenza.com\/it\/2013\/02\/la-marea-cittadina-e-diventata-uno-tsunami\/#article\",\"isPartOf\":{\"@id\":\"https:\/\/www.pressenza.com\/it\/2013\/02\/la-marea-cittadina-e-diventata-uno-tsunami\/\"},\"author\":{\"name\":\"Gabriela Amaya\",\"@id\":\"https:\/\/www.pressenza.com\/it\/#\/schema\/person\/725d47ccbea4c7854f7dd4011b6670b9\"},\"headline\":\"La Marea Cittadina \u00e8 diventata uno tsunami\",\"datePublished\":\"2013-02-24T10:50:10+00:00\",\"dateModified\":\"2013-02-25T08:20:32+00:00\",\"mainEntityOfPage\":{\"@id\":\"https:\/\/www.pressenza.com\/it\/2013\/02\/la-marea-cittadina-e-diventata-uno-tsunami\/\"},\"wordCount\":418,\"publisher\":{\"@id\":\"https:\/\/www.pressenza.com\/it\/#organization\"},\"image\":{\"@id\":\"https:\/\/www.pressenza.com\/it\/2013\/02\/la-marea-cittadina-e-diventata-uno-tsunami\/#primaryimage\"},\"thumbnailUrl\":\"https:\/\/www.pressenza.com\/wp-content\/uploads\/2013\/02\/marea-madrid.jpg\",\"keywords\":[\"protesta\",\"Spagna\"],\"articleSection\":[\"Diritti Umani\",\"Europa\",\"Internazionale\"],\"inLanguage\":\"it-IT\"},{\"@type\":\"WebPage\",\"@id\":\"https:\/\/www.pressenza.com\/it\/2013\/02\/la-marea-cittadina-e-diventata-uno-tsunami\/\",\"url\":\"https:\/\/www.pressenza.com\/it\/2013\/02\/la-marea-cittadina-e-diventata-uno-tsunami\/\",\"name\":\"La Marea Cittadina \u00e8 diventata uno tsunami\",\"isPartOf\":{\"@id\":\"https:\/\/www.pressenza.com\/it\/#website\"},\"primaryImageOfPage\":{\"@id\":\"https:\/\/www.pressenza.com\/it\/2013\/02\/la-marea-cittadina-e-diventata-uno-tsunami\/#primaryimage\"},\"image\":{\"@id\":\"https:\/\/www.pressenza.com\/it\/2013\/02\/la-marea-cittadina-e-diventata-uno-tsunami\/#primaryimage\"},\"thumbnailUrl\":\"https:\/\/www.pressenza.com\/wp-content\/uploads\/2013\/02\/marea-madrid.jpg\",\"datePublished\":\"2013-02-24T10:50:10+00:00\",\"dateModified\":\"2013-02-25T08:20:32+00:00\",\"description\":\"La Marea Cittadina ha portato per strada in tutta la Spagna centinaia di migliaia di persone, per manifestare il rifiuto della corruzione e del colpo di\",\"breadcrumb\":{\"@id\":\"https:\/\/www.pressenza.com\/it\/2013\/02\/la-marea-cittadina-e-diventata-uno-tsunami\/#breadcrumb\"},\"inLanguage\":\"it-IT\",\"potentialAction\":[{\"@type\":\"ReadAction\",\"target\":[\"https:\/\/www.pressenza.com\/it\/2013\/02\/la-marea-cittadina-e-diventata-uno-tsunami\/\"]}]},{\"@type\":\"ImageObject\",\"inLanguage\":\"it-IT\",\"@id\":\"https:\/\/www.pressenza.com\/it\/2013\/02\/la-marea-cittadina-e-diventata-uno-tsunami\/#primaryimage\",\"url\":\"https:\/\/www.pressenza.com\/wp-content\/uploads\/2013\/02\/marea-madrid.jpg\",\"contentUrl\":\"https:\/\/www.pressenza.com\/wp-content\/uploads\/2013\/02\/marea-madrid.jpg\",\"width\":1130,\"height\":633},{\"@type\":\"BreadcrumbList\",\"@id\":\"https:\/\/www.pressenza.com\/it\/2013\/02\/la-marea-cittadina-e-diventata-uno-tsunami\/#breadcrumb\",\"itemListElement\":[{\"@type\":\"ListItem\",\"position\":1,\"name\":\"Accueil\",\"item\":\"https:\/\/www.pressenza.com\/it\/\"},{\"@type\":\"ListItem\",\"position\":2,\"name\":\"La Marea Cittadina \u00e8 diventata uno tsunami\"}]},{\"@type\":\"WebSite\",\"@id\":\"https:\/\/www.pressenza.com\/it\/#website\",\"url\":\"https:\/\/www.pressenza.com\/it\/\",\"name\":\"Pressenza\",\"description\":\"Agenzia di Stampa Internazionale\",\"publisher\":{\"@id\":\"https:\/\/www.pressenza.com\/it\/#organization\"},\"potentialAction\":[{\"@type\":\"SearchAction\",\"target\":{\"@type\":\"EntryPoint\",\"urlTemplate\":\"https:\/\/www.pressenza.com\/it\/?s={search_term_string}\"},\"query-input\":{\"@type\":\"PropertyValueSpecification\",\"valueRequired\":true,\"valueName\":\"search_term_string\"}}],\"inLanguage\":\"it-IT\"},{\"@type\":\"Organization\",\"@id\":\"https:\/\/www.pressenza.com\/it\/#organization\",\"name\":\"Pressenza\",\"url\":\"https:\/\/www.pressenza.com\/it\/\",\"logo\":{\"@type\":\"ImageObject\",\"inLanguage\":\"it-IT\",\"@id\":\"https:\/\/www.pressenza.com\/it\/#\/schema\/logo\/image\/\",\"url\":\"https:\/\/www.pressenza.com\/wp-content\/uploads\/2022\/10\/pressenza_logo_200x200.jpg\",\"contentUrl\":\"https:\/\/www.pressenza.com\/wp-content\/uploads\/2022\/10\/pressenza_logo_200x200.jpg\",\"width\":200,\"height\":200,\"caption\":\"Pressenza\"},\"image\":{\"@id\":\"https:\/\/www.pressenza.com\/it\/#\/schema\/logo\/image\/\"},\"sameAs\":[\"https:\/\/www.facebook.com\/PressenzaItalia\",\"https:\/\/x.com\/PressenzaIPA\"]},{\"@type\":\"Person\",\"@id\":\"https:\/\/www.pressenza.com\/it\/#\/schema\/person\/725d47ccbea4c7854f7dd4011b6670b9\",\"name\":\"Gabriela Amaya\",\"description\":\"Editor in Spanish, Gabriel Amaya has worked in radio and written press and years ago decided to develop her journalistic work as a professional volunteer at the service of peace and nonviolence. She is also involved with different collectives and platforms which she supports with her journalism.\",\"url\":\"https:\/\/www.pressenza.com\/it\/author\/gabriela-amaya\/\"}]}<\/script>\n<!-- \/ Yoast SEO plugin. -->","yoast_head_json":{"title":"La Marea Cittadina \u00e8 diventata uno tsunami","description":"La Marea Cittadina ha portato per strada in tutta la Spagna centinaia di migliaia di persone, per manifestare il rifiuto della corruzione e del colpo di","robots":{"index":"index","follow":"follow","max-snippet":"max-snippet:-1","max-image-preview":"max-image-preview:large","max-video-preview":"max-video-preview:-1"},"canonical":"https:\/\/www.pressenza.com\/it\/2013\/02\/la-marea-cittadina-e-diventata-uno-tsunami\/","og_locale":"it_IT","og_type":"article","og_title":"La Marea Cittadina \u00e8 diventata uno tsunami","og_description":"La Marea Cittadina ha portato per strada in tutta la Spagna centinaia di migliaia di persone, per manifestare il rifiuto della corruzione e del colpo di","og_url":"https:\/\/www.pressenza.com\/it\/2013\/02\/la-marea-cittadina-e-diventata-uno-tsunami\/","og_site_name":"Pressenza","article_publisher":"https:\/\/www.facebook.com\/PressenzaItalia","article_published_time":"2013-02-24T10:50:10+00:00","article_modified_time":"2013-02-25T08:20:32+00:00","og_image":[{"width":1130,"height":633,"url":"https:\/\/www.pressenza.com\/wp-content\/uploads\/2013\/02\/marea-madrid.jpg","type":"image\/jpeg"}],"author":"Gabriela Amaya","twitter_card":"summary_large_image","twitter_creator":"@PressenzaIPA","twitter_site":"@PressenzaIPA","twitter_misc":{"Scritto da":"Gabriela Amaya","Tempo di lettura stimato":"2 minuti"},"schema":{"@context":"https:\/\/schema.org","@graph":[{"@type":"Article","@id":"https:\/\/www.pressenza.com\/it\/2013\/02\/la-marea-cittadina-e-diventata-uno-tsunami\/#article","isPartOf":{"@id":"https:\/\/www.pressenza.com\/it\/2013\/02\/la-marea-cittadina-e-diventata-uno-tsunami\/"},"author":{"name":"Gabriela Amaya","@id":"https:\/\/www.pressenza.com\/it\/#\/schema\/person\/725d47ccbea4c7854f7dd4011b6670b9"},"headline":"La Marea Cittadina \u00e8 diventata uno tsunami","datePublished":"2013-02-24T10:50:10+00:00","dateModified":"2013-02-25T08:20:32+00:00","mainEntityOfPage":{"@id":"https:\/\/www.pressenza.com\/it\/2013\/02\/la-marea-cittadina-e-diventata-uno-tsunami\/"},"wordCount":418,"publisher":{"@id":"https:\/\/www.pressenza.com\/it\/#organization"},"image":{"@id":"https:\/\/www.pressenza.com\/it\/2013\/02\/la-marea-cittadina-e-diventata-uno-tsunami\/#primaryimage"},"thumbnailUrl":"https:\/\/www.pressenza.com\/wp-content\/uploads\/2013\/02\/marea-madrid.jpg","keywords":["protesta","Spagna"],"articleSection":["Diritti Umani","Europa","Internazionale"],"inLanguage":"it-IT"},{"@type":"WebPage","@id":"https:\/\/www.pressenza.com\/it\/2013\/02\/la-marea-cittadina-e-diventata-uno-tsunami\/","url":"https:\/\/www.pressenza.com\/it\/2013\/02\/la-marea-cittadina-e-diventata-uno-tsunami\/","name":"La Marea Cittadina \u00e8 diventata uno tsunami","isPartOf":{"@id":"https:\/\/www.pressenza.com\/it\/#website"},"primaryImageOfPage":{"@id":"https:\/\/www.pressenza.com\/it\/2013\/02\/la-marea-cittadina-e-diventata-uno-tsunami\/#primaryimage"},"image":{"@id":"https:\/\/www.pressenza.com\/it\/2013\/02\/la-marea-cittadina-e-diventata-uno-tsunami\/#primaryimage"},"thumbnailUrl":"https:\/\/www.pressenza.com\/wp-content\/uploads\/2013\/02\/marea-madrid.jpg","datePublished":"2013-02-24T10:50:10+00:00","dateModified":"2013-02-25T08:20:32+00:00","description":"La Marea Cittadina ha portato per strada in tutta la Spagna centinaia di migliaia di persone, per manifestare il rifiuto della corruzione e del colpo di","breadcrumb":{"@id":"https:\/\/www.pressenza.com\/it\/2013\/02\/la-marea-cittadina-e-diventata-uno-tsunami\/#breadcrumb"},"inLanguage":"it-IT","potentialAction":[{"@type":"ReadAction","target":["https:\/\/www.pressenza.com\/it\/2013\/02\/la-marea-cittadina-e-diventata-uno-tsunami\/"]}]},{"@type":"ImageObject","inLanguage":"it-IT","@id":"https:\/\/www.pressenza.com\/it\/2013\/02\/la-marea-cittadina-e-diventata-uno-tsunami\/#primaryimage","url":"https:\/\/www.pressenza.com\/wp-content\/uploads\/2013\/02\/marea-madrid.jpg","contentUrl":"https:\/\/www.pressenza.com\/wp-content\/uploads\/2013\/02\/marea-madrid.jpg","width":1130,"height":633},{"@type":"BreadcrumbList","@id":"https:\/\/www.pressenza.com\/it\/2013\/02\/la-marea-cittadina-e-diventata-uno-tsunami\/#breadcrumb","itemListElement":[{"@type":"ListItem","position":1,"name":"Accueil","item":"https:\/\/www.pressenza.com\/it\/"},{"@type":"ListItem","position":2,"name":"La Marea Cittadina \u00e8 diventata uno tsunami"}]},{"@type":"WebSite","@id":"https:\/\/www.pressenza.com\/it\/#website","url":"https:\/\/www.pressenza.com\/it\/","name":"Pressenza","description":"Agenzia di Stampa Internazionale","publisher":{"@id":"https:\/\/www.pressenza.com\/it\/#organization"},"potentialAction":[{"@type":"SearchAction","target":{"@type":"EntryPoint","urlTemplate":"https:\/\/www.pressenza.com\/it\/?s={search_term_string}"},"query-input":{"@type":"PropertyValueSpecification","valueRequired":true,"valueName":"search_term_string"}}],"inLanguage":"it-IT"},{"@type":"Organization","@id":"https:\/\/www.pressenza.com\/it\/#organization","name":"Pressenza","url":"https:\/\/www.pressenza.com\/it\/","logo":{"@type":"ImageObject","inLanguage":"it-IT","@id":"https:\/\/www.pressenza.com\/it\/#\/schema\/logo\/image\/","url":"https:\/\/www.pressenza.com\/wp-content\/uploads\/2022\/10\/pressenza_logo_200x200.jpg","contentUrl":"https:\/\/www.pressenza.com\/wp-content\/uploads\/2022\/10\/pressenza_logo_200x200.jpg","width":200,"height":200,"caption":"Pressenza"},"image":{"@id":"https:\/\/www.pressenza.com\/it\/#\/schema\/logo\/image\/"},"sameAs":["https:\/\/www.facebook.com\/PressenzaItalia","https:\/\/x.com\/PressenzaIPA"]},{"@type":"Person","@id":"https:\/\/www.pressenza.com\/it\/#\/schema\/person\/725d47ccbea4c7854f7dd4011b6670b9","name":"Gabriela Amaya","description":"Editor in Spanish, Gabriel Amaya has worked in radio and written press and years ago decided to develop her journalistic work as a professional volunteer at the service of peace and nonviolence. She is also involved with different collectives and platforms which she supports with her journalism.","url":"https:\/\/www.pressenza.com\/it\/author\/gabriela-amaya\/"}]}},"place":"Madrid","original_article_url":"","_links":{"self":[{"href":"https:\/\/www.pressenza.com\/it\/wp-json\/wp\/v2\/posts\/40103","targetHints":{"allow":["GET"]}}],"collection":[{"href":"https:\/\/www.pressenza.com\/it\/wp-json\/wp\/v2\/posts"}],"about":[{"href":"https:\/\/www.pressenza.com\/it\/wp-json\/wp\/v2\/types\/post"}],"author":[{"embeddable":true,"href":"https:\/\/www.pressenza.com\/it\/wp-json\/wp\/v2\/users\/188"}],"replies":[{"embeddable":true,"href":"https:\/\/www.pressenza.com\/it\/wp-json\/wp\/v2\/comments?post=40103"}],"version-history":[{"count":0,"href":"https:\/\/www.pressenza.com\/it\/wp-json\/wp\/v2\/posts\/40103\/revisions"}],"wp:featuredmedia":[{"embeddable":true,"href":"https:\/\/www.pressenza.com\/it\/wp-json\/wp\/v2\/media\/40248"}],"wp:attachment":[{"href":"https:\/\/www.pressenza.com\/it\/wp-json\/wp\/v2\/media?parent=40103"}],"wp:term":[{"taxonomy":"category","embeddable":true,"href":"https:\/\/www.pressenza.com\/it\/wp-json\/wp\/v2\/categories?post=40103"},{"taxonomy":"post_tag","embeddable":true,"href":"https:\/\/www.pressenza.com\/it\/wp-json\/wp\/v2\/tags?post=40103"}],"curies":[{"name":"wp","href":"https:\/\/api.w.org\/{rel}","templated":true}]}}