{"id":39952,"date":"2013-02-23T10:09:18","date_gmt":"2013-02-23T10:09:18","guid":{"rendered":"http:\/\/www.pressenza.com\/?p=39952"},"modified":"2016-04-04T19:25:09","modified_gmt":"2016-04-04T18:25:09","slug":"tomas-hirsch-a-barcellona","status":"publish","type":"post","link":"https:\/\/www.pressenza.com\/it\/2013\/02\/tomas-hirsch-a-barcellona\/","title":{"rendered":"Tom\u00e1s Hirsch a Barcellona"},"content":{"rendered":"<p><b>\u201cL\u2019azione nonviolenta giorno per giorno \u00e8 il contributo al cambiamento sociale e al processo storico di umanizzazione\u201d\u00a0.<\/b><\/p>\n<p>L\u2019ex-candidato alla presidenza del Cile per il Partito Umanista, Tom\u00e1s Hirsch<a title=\"\" href=\"http:\/\/www.pressenza.com\/es\/2013\/02\/tomas-hirsch-en-barcelona\/?utm_source=feedburner&amp;utm_medium=email&amp;utm_campaign=Feed%3A+pressenza%2FaPKZ+%28Noticias+de+Pressenza+Int.+Press+Agency+%28old%29%29#_edn1\">[i]<\/a>, ha tenuto vari discorsi a \u00a0Barcellona<a title=\"\" href=\"http:\/\/www.pressenza.com\/es\/2013\/02\/tomas-hirsch-en-barcelona\/?utm_source=feedburner&amp;utm_medium=email&amp;utm_campaign=Feed%3A+pressenza%2FaPKZ+%28Noticias+de+Pressenza+Int.+Press+Agency+%28old%29%29#_edn2\">[ii]<\/a> affrontando il tema della complessit\u00e0 sociale del momento attuale. Nel suo passaggio per la citt\u00e0 dopo l\u2019undicesima Conferenza Internazionale per la Pace\u201d<a title=\"\" href=\"http:\/\/www.pressenza.com\/es\/2013\/02\/tomas-hirsch-en-barcelona\/?utm_source=feedburner&amp;utm_medium=email&amp;utm_campaign=Feed%3A+pressenza%2FaPKZ+%28Noticias+de+Pressenza+Int.+Press+Agency+%28old%29%29#_edn3\">[iii]<\/a>, che si \u00e8 tenuta a Monaco all\u2019inizio del mese, dove ha presentato una relazione dal titolo\u00a0 \u201cIl senso dell\u2019azione nonviolenta\u201d, ha illustrato la sua visione sulla situazione internazionale contemporanea e le possibilit\u00e0 di azione verso un cambiamento di paradigma.<\/p>\n<p>I punti principali del suo approccio \u00a0hanno sottolineato il riconoscimento della complessit\u00e0 del sistema sociale e delle sue strutture nel momento attuale, cos\u00ec come la necessit\u00e0 di affrontarlo con uno spirito positivo, lavorando senza sosta in una direzione che permetta il sorgere di qualcosa di nuovo. Ha insistito sull\u2019importanza di lasciarsi alle spalle il mondo della \u201cpreistoria umana\u201d \u2013 caratterizzata dalla disuguaglianza e della violenza costante nei diversi ambiti tra gli esseri umani \u2013 \u00a0per poter entrare in una \u201cvera storia umana\u201d.<\/p>\n<p>Sia a Monaco che a Barcellona, Hirsch ha dato alcuni esempi storici istituzionali di nonviolenza, come la Dichiarazione Universale di Diritti Umani, la creazione dell\u2019ONU e il processo di riduzione degli arsenali nucleari e fine della guerra fredda messo in moto dall\u2019URSS di Gorbachov.<\/p>\n<p>L\u2019ex portavoce umanista ha discusso con i partecipanti ai diversi eventi organizzati a Barcellona sulla possibilit\u00e0 che una nuova societ\u00e0 nasca dallo stato e dalle istituzioni esistenti, o debba invece partire da un modello radicalmente nuovo. Sebbene gli stati nazionali diano sempre meno risposta alle necessit\u00e0 delle persone, ci sono elementi di grande complessit\u00e0 nel funzionamento sociale attuale la cui trasformazione va pianificata. Nel suo libro <i>La Fine della preistoria<\/i><a title=\"\" href=\"http:\/\/www.pressenza.com\/es\/2013\/02\/tomas-hirsch-en-barcelona\/?utm_source=feedburner&amp;utm_medium=email&amp;utm_campaign=Feed%3A+pressenza%2FaPKZ+%28Noticias+de+Pressenza+Int.+Press+Agency+%28old%29%29#_edn4\">[iv]<\/a> Tom\u00e1s Hirsch ha proposto lo smantellamento della concentrazione del potere dello stato per distribuirlo nella base sociale, assegnandogli un ruolo di coordinamento, ma tale implementazione \u00e8 una delle chiavi sociali ancora da risolvere.<\/p>\n<p>Si \u00e8 parlato del risveglio di una nuova sensibilit\u00e0 che comincia a manifestarsi in vari punti del pianeta. Secondo Hirsch,\u00a0 come nel 1968 questa coscienza di una nuova generazione \u00e8 iniziata al Cairo e ha portato alla caduta del regime di Mubarak. La partecipazione popolare e la metodologia della nonviolenza sono un elemento distintivo dei movimenti sociali sorti in seguito in tutto il mondo, con le nuove generazioni come soggetto dei cambiamenti storici. \u00a0Negli ultimi vent\u2019anni questa spinta generazionale si era come assopita.<\/p>\n<p>Visto che questi \u00a0nuovi movimenti sociali non hanno ancora prodotto il cambiamento sociale a cui aspiriamo, ci siamo chiesti in cosa consiste il prossimo passo. \u00a0Mentre si vanno immaginando nuovi modelli, \u00e8 necessario delineare degli stati intermedi, con istanze che coordinino, ma non concentrino il potere, ha chiarito<i> <\/i>Tom\u00e1s Hirsch. La base di tutto questo sar\u00e0 il cammino della nonviolenza, giacch\u00e9 la storia dimostra che quello della violenza non ha portato a cambiamenti validi nel progresso dell\u2019essere umano. Ha imposto sistemi, ma non cambiamenti rivoluzionari.<\/p>\n<p>Nel momento attuale la maggiore minaccia \u00a0continua a essere un conflitto con armi nucleari. Per questo motivo gli obiettivi principali a livello mondiale continuano a essere il disarmo nucleare mondiale; il ritiro immediato delle truppe d\u2019invasione dai territori occupati; la riduzione progressiva e proporzionale degli armamenti in tutto il pianeta; la firma di trattati di non-aggressione tra paesi e la rinuncia dei governi a utilizzare la guerra come forma di risolvere i conflitti.<\/p>\n<p>Il cambiamento sar\u00e0 possibile solo attraverso la nonviolenza, il cui cammino pone l\u2019essere umano come valore centrale. Tutto ci\u00f2 che impedisce l\u2019azione trasformatrice dell\u2019essere umano si pu\u00f2 considerare una forma di violenza. Questo cambiamento si realizza allo stesso tempo come processo interno degli individui e come azione sociale. Uno non pu\u00f2 esistere senza l\u2019altro.<\/p>\n<p><strong>Note:<\/strong><\/p>\n<p><a title=\"\" href=\"http:\/\/www.pressenza.com\/es\/2013\/02\/tomas-hirsch-en-barcelona\/?utm_source=feedburner&amp;utm_medium=email&amp;utm_campaign=Feed%3A+pressenza%2FaPKZ+%28Noticias+de+Pressenza+Int.+Press+Agency+%28old%29%29#_ednref1\">[i]<\/a> Nel 1984 Tom\u00e1s Hirsch \u00e8 stato tra i fondatori del Partito Umanista in Cile. Ha promosso la lotta nonviolenta contro la dittatura di Pinochet. E\u2019 stato tra i fondatori della \u201cConcertaci\u00f3n de partidos para la democracia\u201d e ambasciatore cileno in Nuova Zelanda. Nel 1999 si \u00e8 presentato come candidato presidente per il Partito Umanista cileno e nel 2005 \u00e8 stato candidato dell\u2019alleanza di partiti di sinistra \u201cJuntos Podemos m\u00e1s\u201d. Nel 2009 \u00e8 stato\u00a0 portavoce latinoamericano della Marcia Mondiale per la Pace e la\u00a0Nonviolenza.<\/p>\n<p><a title=\"\" href=\"http:\/\/www.pressenza.com\/es\/2013\/02\/tomas-hirsch-en-barcelona\/?utm_source=feedburner&amp;utm_medium=email&amp;utm_campaign=Feed%3A+pressenza%2FaPKZ+%28Noticias+de+Pressenza+Int.+Press+Agency+%28old%29%29#_ednref2\">[ii]<\/a> Tom\u00e1s Hirsch ha tenuto discorsi nelle sedi di \u00a0<a href=\"http:\/\/www.aureasocial.org\/es\" target=\"_blank\">Aurea Social<\/a> e <a href=\"http:\/\/agora9b.org\/\" target=\"_blank\">Agora 9B<\/a>\u00a0 e ha visitato i Parchi catalani di Studio e Riflessione <a href=\"http:\/\/www.parcodena.org\" target=\"_blank\">Parc \u00d2dena<\/a>, a Barcellona\u00a0 e <a href=\"http:\/\/parcponent.org\/\" target=\"_blank\">Parc de Ponent<\/a>, a Lleida .<\/p>\n<p>I discorsi si possono vedere al link <a href=\"http:\/\/youtu.be\/BVXfLLmtSrc?t=6m58s\" target=\"_blank\">http:\/\/youtu.be\/BVXfLLmtSrc?t=6m58s<\/a><\/p>\n<p><a title=\"\" href=\"http:\/\/www.pressenza.com\/es\/2013\/02\/tomas-hirsch-en-barcelona\/?utm_source=feedburner&amp;utm_medium=email&amp;utm_campaign=Feed%3A+pressenza%2FaPKZ+%28Noticias+de+Pressenza+Int.+Press+Agency+%28old%29%29#_ednref3\">[iii]<\/a> La Conferenza Internazionale per la Pace\u00a0\u00e8 un evento che si realizza in contemporanea alla conferenza sulla sicurezza della NATO.<\/p>\n<p><a title=\"\" href=\"http:\/\/www.pressenza.com\/es\/2013\/02\/tomas-hirsch-en-barcelona\/?utm_source=feedburner&amp;utm_medium=email&amp;utm_campaign=Feed%3A+pressenza%2FaPKZ+%28Noticias+de+Pressenza+Int.+Press+Agency+%28old%29%29#_ednref4\">[iv]<\/a> \u201c<i>La fine della preistoria. Un cammino verso la libert\u00e0<\/i>\u201d. Tom\u00e1s Hirsch. Nuovi Mondi, 2008<\/p>\n<p>Traduzione dallo spagnolo di Anna Polo<\/p>\n","protected":false},"excerpt":{"rendered":"<p>\u201cL\u2019azione nonviolenta giorno per giorno \u00e8 il contributo al cambiamento sociale e al processo storico di umanizzazione\u201d\u00a0. L\u2019ex-candidato alla presidenza del Cile per il Partito Umanista, Tom\u00e1s Hirsch[i], ha tenuto vari discorsi a \u00a0Barcellona[ii] affrontando il tema della complessit\u00e0 sociale&hellip;<\/p>\n","protected":false},"author":647,"featured_media":39953,"comment_status":"closed","ping_status":"open","sticky":false,"template":"","format":"standard","meta":{"footnotes":""},"categories":[47,1262,1263,1260],"tags":[3687,173,460,890,744],"class_list":["post-39952","post","type-post","status-publish","format-standard","has-post-thumbnail","hentry","category-europa","category-nonviolenza-argomento","category-pace-disarmo","category-umanesimo-spiritualita","tag-barcellona","tag-democrazia","tag-nonviolenza","tag-proteste-sociali","tag-violenza"],"yoast_head":"<!-- This site is optimized with the Yoast SEO plugin v27.1.1 - https:\/\/yoast.com\/product\/yoast-seo-wordpress\/ -->\n<title>Tom\u00e1s Hirsch a Barcellona<\/title>\n<meta name=\"description\" content=\"\u201cL\u2019azione nonviolenta giorno per giorno \u00e8 il contributo al cambiamento sociale e al processo storico di umanizzazione\u201d\u00a0. L\u2019ex-candidato alla presidenza\" \/>\n<meta name=\"robots\" content=\"index, follow, max-snippet:-1, max-image-preview:large, max-video-preview:-1\" \/>\n<link rel=\"canonical\" href=\"https:\/\/www.pressenza.com\/it\/2013\/02\/tomas-hirsch-a-barcellona\/\" \/>\n<meta property=\"og:locale\" content=\"it_IT\" \/>\n<meta property=\"og:type\" content=\"article\" \/>\n<meta property=\"og:title\" content=\"Tom\u00e1s Hirsch a Barcellona\" \/>\n<meta property=\"og:description\" content=\"\u201cL\u2019azione nonviolenta giorno per giorno \u00e8 il contributo al cambiamento sociale e al processo storico di umanizzazione\u201d\u00a0. L\u2019ex-candidato alla presidenza\" \/>\n<meta property=\"og:url\" content=\"https:\/\/www.pressenza.com\/it\/2013\/02\/tomas-hirsch-a-barcellona\/\" \/>\n<meta property=\"og:site_name\" content=\"Pressenza\" \/>\n<meta property=\"article:publisher\" content=\"https:\/\/www.facebook.com\/PressenzaItalia\" \/>\n<meta property=\"article:published_time\" content=\"2013-02-23T10:09:18+00:00\" \/>\n<meta property=\"article:modified_time\" content=\"2016-04-04T18:25:09+00:00\" \/>\n<meta property=\"og:image\" content=\"https:\/\/www.pressenza.com\/wp-content\/uploads\/2013\/02\/tomy-barcellona.jpg\" \/>\n\t<meta property=\"og:image:width\" content=\"600\" \/>\n\t<meta property=\"og:image:height\" content=\"337\" \/>\n\t<meta property=\"og:image:type\" content=\"image\/jpeg\" \/>\n<meta name=\"author\" content=\"Raquel Paricio\" \/>\n<meta name=\"twitter:card\" content=\"summary_large_image\" \/>\n<meta name=\"twitter:creator\" content=\"@PressenzaIPA\" \/>\n<meta name=\"twitter:site\" content=\"@PressenzaIPA\" \/>\n<meta name=\"twitter:label1\" content=\"Scritto da\" \/>\n\t<meta name=\"twitter:data1\" content=\"Raquel Paricio\" \/>\n\t<meta name=\"twitter:label2\" content=\"Tempo di lettura stimato\" \/>\n\t<meta name=\"twitter:data2\" content=\"4 minuti\" \/>\n<script type=\"application\/ld+json\" class=\"yoast-schema-graph\">{\"@context\":\"https:\/\/schema.org\",\"@graph\":[{\"@type\":\"Article\",\"@id\":\"https:\/\/www.pressenza.com\/it\/2013\/02\/tomas-hirsch-a-barcellona\/#article\",\"isPartOf\":{\"@id\":\"https:\/\/www.pressenza.com\/it\/2013\/02\/tomas-hirsch-a-barcellona\/\"},\"author\":{\"name\":\"Raquel Paricio\",\"@id\":\"https:\/\/www.pressenza.com\/it\/#\/schema\/person\/7104466338f7b188aedd367b5e15c977\"},\"headline\":\"Tom\u00e1s Hirsch a Barcellona\",\"datePublished\":\"2013-02-23T10:09:18+00:00\",\"dateModified\":\"2016-04-04T18:25:09+00:00\",\"mainEntityOfPage\":{\"@id\":\"https:\/\/www.pressenza.com\/it\/2013\/02\/tomas-hirsch-a-barcellona\/\"},\"wordCount\":810,\"publisher\":{\"@id\":\"https:\/\/www.pressenza.com\/it\/#organization\"},\"image\":{\"@id\":\"https:\/\/www.pressenza.com\/it\/2013\/02\/tomas-hirsch-a-barcellona\/#primaryimage\"},\"thumbnailUrl\":\"https:\/\/www.pressenza.com\/wp-content\/uploads\/2013\/02\/tomy-barcellona.jpg\",\"keywords\":[\"Barcellona\",\"Democrazia\",\"nonviolenza\",\"proteste sociali\",\"violenza\"],\"articleSection\":[\"Europa\",\"Nonviolenza\",\"Pace e Disarmo\",\"Umanesimo e Spiritualit\u00e0\"],\"inLanguage\":\"it-IT\"},{\"@type\":\"WebPage\",\"@id\":\"https:\/\/www.pressenza.com\/it\/2013\/02\/tomas-hirsch-a-barcellona\/\",\"url\":\"https:\/\/www.pressenza.com\/it\/2013\/02\/tomas-hirsch-a-barcellona\/\",\"name\":\"Tom\u00e1s Hirsch a Barcellona\",\"isPartOf\":{\"@id\":\"https:\/\/www.pressenza.com\/it\/#website\"},\"primaryImageOfPage\":{\"@id\":\"https:\/\/www.pressenza.com\/it\/2013\/02\/tomas-hirsch-a-barcellona\/#primaryimage\"},\"image\":{\"@id\":\"https:\/\/www.pressenza.com\/it\/2013\/02\/tomas-hirsch-a-barcellona\/#primaryimage\"},\"thumbnailUrl\":\"https:\/\/www.pressenza.com\/wp-content\/uploads\/2013\/02\/tomy-barcellona.jpg\",\"datePublished\":\"2013-02-23T10:09:18+00:00\",\"dateModified\":\"2016-04-04T18:25:09+00:00\",\"description\":\"\u201cL\u2019azione nonviolenta giorno per giorno \u00e8 il contributo al cambiamento sociale e al processo storico di umanizzazione\u201d\u00a0. L\u2019ex-candidato alla presidenza\",\"breadcrumb\":{\"@id\":\"https:\/\/www.pressenza.com\/it\/2013\/02\/tomas-hirsch-a-barcellona\/#breadcrumb\"},\"inLanguage\":\"it-IT\",\"potentialAction\":[{\"@type\":\"ReadAction\",\"target\":[\"https:\/\/www.pressenza.com\/it\/2013\/02\/tomas-hirsch-a-barcellona\/\"]}]},{\"@type\":\"ImageObject\",\"inLanguage\":\"it-IT\",\"@id\":\"https:\/\/www.pressenza.com\/it\/2013\/02\/tomas-hirsch-a-barcellona\/#primaryimage\",\"url\":\"https:\/\/www.pressenza.com\/wp-content\/uploads\/2013\/02\/tomy-barcellona.jpg\",\"contentUrl\":\"https:\/\/www.pressenza.com\/wp-content\/uploads\/2013\/02\/tomy-barcellona.jpg\",\"width\":600,\"height\":337},{\"@type\":\"BreadcrumbList\",\"@id\":\"https:\/\/www.pressenza.com\/it\/2013\/02\/tomas-hirsch-a-barcellona\/#breadcrumb\",\"itemListElement\":[{\"@type\":\"ListItem\",\"position\":1,\"name\":\"Accueil\",\"item\":\"https:\/\/www.pressenza.com\/it\/\"},{\"@type\":\"ListItem\",\"position\":2,\"name\":\"Tom\u00e1s Hirsch a Barcellona\"}]},{\"@type\":\"WebSite\",\"@id\":\"https:\/\/www.pressenza.com\/it\/#website\",\"url\":\"https:\/\/www.pressenza.com\/it\/\",\"name\":\"Pressenza\",\"description\":\"Agenzia di Stampa Internazionale\",\"publisher\":{\"@id\":\"https:\/\/www.pressenza.com\/it\/#organization\"},\"potentialAction\":[{\"@type\":\"SearchAction\",\"target\":{\"@type\":\"EntryPoint\",\"urlTemplate\":\"https:\/\/www.pressenza.com\/it\/?s={search_term_string}\"},\"query-input\":{\"@type\":\"PropertyValueSpecification\",\"valueRequired\":true,\"valueName\":\"search_term_string\"}}],\"inLanguage\":\"it-IT\"},{\"@type\":\"Organization\",\"@id\":\"https:\/\/www.pressenza.com\/it\/#organization\",\"name\":\"Pressenza\",\"url\":\"https:\/\/www.pressenza.com\/it\/\",\"logo\":{\"@type\":\"ImageObject\",\"inLanguage\":\"it-IT\",\"@id\":\"https:\/\/www.pressenza.com\/it\/#\/schema\/logo\/image\/\",\"url\":\"https:\/\/www.pressenza.com\/wp-content\/uploads\/2022\/10\/pressenza_logo_200x200.jpg\",\"contentUrl\":\"https:\/\/www.pressenza.com\/wp-content\/uploads\/2022\/10\/pressenza_logo_200x200.jpg\",\"width\":200,\"height\":200,\"caption\":\"Pressenza\"},\"image\":{\"@id\":\"https:\/\/www.pressenza.com\/it\/#\/schema\/logo\/image\/\"},\"sameAs\":[\"https:\/\/www.facebook.com\/PressenzaItalia\",\"https:\/\/x.com\/PressenzaIPA\"]},{\"@type\":\"Person\",\"@id\":\"https:\/\/www.pressenza.com\/it\/#\/schema\/person\/7104466338f7b188aedd367b5e15c977\",\"name\":\"Raquel Paricio\",\"description\":\"Docente. Artista. Humanista. Doctora en Arte y Tecnolog\u00eda. Investiga en las diferentes escuelas de meditaci\u00f3n de diferentes culturas.\",\"url\":\"https:\/\/www.pressenza.com\/it\/author\/raquel-paricio\/\"}]}<\/script>\n<!-- \/ Yoast SEO plugin. -->","yoast_head_json":{"title":"Tom\u00e1s Hirsch a Barcellona","description":"\u201cL\u2019azione nonviolenta giorno per giorno \u00e8 il contributo al cambiamento sociale e al processo storico di umanizzazione\u201d\u00a0. L\u2019ex-candidato alla presidenza","robots":{"index":"index","follow":"follow","max-snippet":"max-snippet:-1","max-image-preview":"max-image-preview:large","max-video-preview":"max-video-preview:-1"},"canonical":"https:\/\/www.pressenza.com\/it\/2013\/02\/tomas-hirsch-a-barcellona\/","og_locale":"it_IT","og_type":"article","og_title":"Tom\u00e1s Hirsch a Barcellona","og_description":"\u201cL\u2019azione nonviolenta giorno per giorno \u00e8 il contributo al cambiamento sociale e al processo storico di umanizzazione\u201d\u00a0. L\u2019ex-candidato alla presidenza","og_url":"https:\/\/www.pressenza.com\/it\/2013\/02\/tomas-hirsch-a-barcellona\/","og_site_name":"Pressenza","article_publisher":"https:\/\/www.facebook.com\/PressenzaItalia","article_published_time":"2013-02-23T10:09:18+00:00","article_modified_time":"2016-04-04T18:25:09+00:00","og_image":[{"width":600,"height":337,"url":"https:\/\/www.pressenza.com\/wp-content\/uploads\/2013\/02\/tomy-barcellona.jpg","type":"image\/jpeg"}],"author":"Raquel Paricio","twitter_card":"summary_large_image","twitter_creator":"@PressenzaIPA","twitter_site":"@PressenzaIPA","twitter_misc":{"Scritto da":"Raquel Paricio","Tempo di lettura stimato":"4 minuti"},"schema":{"@context":"https:\/\/schema.org","@graph":[{"@type":"Article","@id":"https:\/\/www.pressenza.com\/it\/2013\/02\/tomas-hirsch-a-barcellona\/#article","isPartOf":{"@id":"https:\/\/www.pressenza.com\/it\/2013\/02\/tomas-hirsch-a-barcellona\/"},"author":{"name":"Raquel Paricio","@id":"https:\/\/www.pressenza.com\/it\/#\/schema\/person\/7104466338f7b188aedd367b5e15c977"},"headline":"Tom\u00e1s Hirsch a Barcellona","datePublished":"2013-02-23T10:09:18+00:00","dateModified":"2016-04-04T18:25:09+00:00","mainEntityOfPage":{"@id":"https:\/\/www.pressenza.com\/it\/2013\/02\/tomas-hirsch-a-barcellona\/"},"wordCount":810,"publisher":{"@id":"https:\/\/www.pressenza.com\/it\/#organization"},"image":{"@id":"https:\/\/www.pressenza.com\/it\/2013\/02\/tomas-hirsch-a-barcellona\/#primaryimage"},"thumbnailUrl":"https:\/\/www.pressenza.com\/wp-content\/uploads\/2013\/02\/tomy-barcellona.jpg","keywords":["Barcellona","Democrazia","nonviolenza","proteste sociali","violenza"],"articleSection":["Europa","Nonviolenza","Pace e Disarmo","Umanesimo e Spiritualit\u00e0"],"inLanguage":"it-IT"},{"@type":"WebPage","@id":"https:\/\/www.pressenza.com\/it\/2013\/02\/tomas-hirsch-a-barcellona\/","url":"https:\/\/www.pressenza.com\/it\/2013\/02\/tomas-hirsch-a-barcellona\/","name":"Tom\u00e1s Hirsch a Barcellona","isPartOf":{"@id":"https:\/\/www.pressenza.com\/it\/#website"},"primaryImageOfPage":{"@id":"https:\/\/www.pressenza.com\/it\/2013\/02\/tomas-hirsch-a-barcellona\/#primaryimage"},"image":{"@id":"https:\/\/www.pressenza.com\/it\/2013\/02\/tomas-hirsch-a-barcellona\/#primaryimage"},"thumbnailUrl":"https:\/\/www.pressenza.com\/wp-content\/uploads\/2013\/02\/tomy-barcellona.jpg","datePublished":"2013-02-23T10:09:18+00:00","dateModified":"2016-04-04T18:25:09+00:00","description":"\u201cL\u2019azione nonviolenta giorno per giorno \u00e8 il contributo al cambiamento sociale e al processo storico di umanizzazione\u201d\u00a0. L\u2019ex-candidato alla presidenza","breadcrumb":{"@id":"https:\/\/www.pressenza.com\/it\/2013\/02\/tomas-hirsch-a-barcellona\/#breadcrumb"},"inLanguage":"it-IT","potentialAction":[{"@type":"ReadAction","target":["https:\/\/www.pressenza.com\/it\/2013\/02\/tomas-hirsch-a-barcellona\/"]}]},{"@type":"ImageObject","inLanguage":"it-IT","@id":"https:\/\/www.pressenza.com\/it\/2013\/02\/tomas-hirsch-a-barcellona\/#primaryimage","url":"https:\/\/www.pressenza.com\/wp-content\/uploads\/2013\/02\/tomy-barcellona.jpg","contentUrl":"https:\/\/www.pressenza.com\/wp-content\/uploads\/2013\/02\/tomy-barcellona.jpg","width":600,"height":337},{"@type":"BreadcrumbList","@id":"https:\/\/www.pressenza.com\/it\/2013\/02\/tomas-hirsch-a-barcellona\/#breadcrumb","itemListElement":[{"@type":"ListItem","position":1,"name":"Accueil","item":"https:\/\/www.pressenza.com\/it\/"},{"@type":"ListItem","position":2,"name":"Tom\u00e1s Hirsch a Barcellona"}]},{"@type":"WebSite","@id":"https:\/\/www.pressenza.com\/it\/#website","url":"https:\/\/www.pressenza.com\/it\/","name":"Pressenza","description":"Agenzia di Stampa Internazionale","publisher":{"@id":"https:\/\/www.pressenza.com\/it\/#organization"},"potentialAction":[{"@type":"SearchAction","target":{"@type":"EntryPoint","urlTemplate":"https:\/\/www.pressenza.com\/it\/?s={search_term_string}"},"query-input":{"@type":"PropertyValueSpecification","valueRequired":true,"valueName":"search_term_string"}}],"inLanguage":"it-IT"},{"@type":"Organization","@id":"https:\/\/www.pressenza.com\/it\/#organization","name":"Pressenza","url":"https:\/\/www.pressenza.com\/it\/","logo":{"@type":"ImageObject","inLanguage":"it-IT","@id":"https:\/\/www.pressenza.com\/it\/#\/schema\/logo\/image\/","url":"https:\/\/www.pressenza.com\/wp-content\/uploads\/2022\/10\/pressenza_logo_200x200.jpg","contentUrl":"https:\/\/www.pressenza.com\/wp-content\/uploads\/2022\/10\/pressenza_logo_200x200.jpg","width":200,"height":200,"caption":"Pressenza"},"image":{"@id":"https:\/\/www.pressenza.com\/it\/#\/schema\/logo\/image\/"},"sameAs":["https:\/\/www.facebook.com\/PressenzaItalia","https:\/\/x.com\/PressenzaIPA"]},{"@type":"Person","@id":"https:\/\/www.pressenza.com\/it\/#\/schema\/person\/7104466338f7b188aedd367b5e15c977","name":"Raquel Paricio","description":"Docente. Artista. Humanista. Doctora en Arte y Tecnolog\u00eda. Investiga en las diferentes escuelas de meditaci\u00f3n de diferentes culturas.","url":"https:\/\/www.pressenza.com\/it\/author\/raquel-paricio\/"}]}},"place":"Barcellona","original_article_url":"","_links":{"self":[{"href":"https:\/\/www.pressenza.com\/it\/wp-json\/wp\/v2\/posts\/39952","targetHints":{"allow":["GET"]}}],"collection":[{"href":"https:\/\/www.pressenza.com\/it\/wp-json\/wp\/v2\/posts"}],"about":[{"href":"https:\/\/www.pressenza.com\/it\/wp-json\/wp\/v2\/types\/post"}],"author":[{"embeddable":true,"href":"https:\/\/www.pressenza.com\/it\/wp-json\/wp\/v2\/users\/647"}],"replies":[{"embeddable":true,"href":"https:\/\/www.pressenza.com\/it\/wp-json\/wp\/v2\/comments?post=39952"}],"version-history":[{"count":0,"href":"https:\/\/www.pressenza.com\/it\/wp-json\/wp\/v2\/posts\/39952\/revisions"}],"wp:featuredmedia":[{"embeddable":true,"href":"https:\/\/www.pressenza.com\/it\/wp-json\/wp\/v2\/media\/39953"}],"wp:attachment":[{"href":"https:\/\/www.pressenza.com\/it\/wp-json\/wp\/v2\/media?parent=39952"}],"wp:term":[{"taxonomy":"category","embeddable":true,"href":"https:\/\/www.pressenza.com\/it\/wp-json\/wp\/v2\/categories?post=39952"},{"taxonomy":"post_tag","embeddable":true,"href":"https:\/\/www.pressenza.com\/it\/wp-json\/wp\/v2\/tags?post=39952"}],"curies":[{"name":"wp","href":"https:\/\/api.w.org\/{rel}","templated":true}]}}