{"id":395780,"date":"2016-11-13T13:47:01","date_gmt":"2016-11-13T13:47:01","guid":{"rendered":"http:\/\/www.pressenza.com\/it\/?p=395780"},"modified":"2016-11-16T07:44:55","modified_gmt":"2016-11-16T07:44:55","slug":"trump-non-e-il-nostro-presidente-la-clinton-invece-si","status":"publish","type":"post","link":"https:\/\/www.pressenza.com\/it\/2016\/11\/trump-non-e-il-nostro-presidente-la-clinton-invece-si\/","title":{"rendered":"\u201cTrump non \u00e8 il nostro presidente!\u201d La Clinton invece si?"},"content":{"rendered":"<p>Secondo alcuni la vittoria di Trump \u00e8 una cosa gravissima. Ha vinto una persona inaffidabile che avr\u00e0 il potere di premere il bottone. E&#8217; stato eletto presidente un signore che per far presa sugli elettori ha usato, con promesse che mai si manterranno, il peggio dell&#8217;americano medio. Con l&#8217;elezione di Trump senza dubbio una certa sensibilit\u00e0 fascista si \u00e8 fatta strada.<br \/>\nSecondo altri la Clinton, dietro il velo della peggiore ipocrisia nasconde, e nemmeno tanto bene, una politica estera aggressiva e molto pericolosa. Infatti \u00e8 vero che con Obama si sono fatti alcuni progressi nella societ\u00e0 americana, ma sono solo dettagli cosmetici rispetto alle cose sostanziali della sua politica: guerra in Siria, in Libia, colpo di stato in Ucraina, nuovi investimenti nel nucleare, per elencare solo alcuni punti. Dicono che che con la Clinton avrebbe vinto il \u201cvolto umano\u201d, il \u201cmale minore\u201d di un sistema di potere. Molto probabilmente si sarebbe andati verso una guerra disastrosa con la Russia.<br \/>\nMa non so se con Trump abbiamo evitato il possibile disastro nucleare, come alcuni osservatori scrivono. Nessuno sa cosa veramente il nuovo presidente abbia in mente. Inoltre teniamo in conto che i poteri forti, i neo-conservatori e le industrie belliche, hanno accresciuto il loro potere e nulla fa pensare che cambier\u00e0 la direzione della loro politica. A meno che non si abbia un&#8217;implosione nel sistema americano&#8230;<\/p>\n<p>Senza dubbio queste elezioni ci mostrano alcune tendenze. Il malcontento nella popolazione \u00e8 grande: disoccupazione, senzatetto, ristrettezza economica e violenza, quella realt\u00e0 degli States che i mass-media mal volentieri ci mostrano. Trump ha parlato a questa gente non da politico, di cui ormai pochi si fidano. Infatti non \u00e8 servito a niente investire miliardi nella propaganda a favore della Clinton (costata il doppio di quella di Trump). Non \u00e8 servito a niente accanirsi personalmente contro il povero miliardario. In questo panorama la gente non ha creduto pi\u00f9 a questo circo, a tutta questa manipolazione. Sono crollate tutte le previsioni e tutti i sondaggi. Le persone \u2013 che non sono numeri e statistiche &#8211; hanno votato diversamente da quello che si aspettava e si voleva.<br \/>\nQuesto \u00e8 molto positivo: la gente comincia a non obbedire. D&#8217;altra parte, e questo \u00e8 molto negativo, si \u00e8 fatta per\u00f2 manipolare da una propaganda populista che si nutre di rabbia e paura.<\/p>\n<p>Ed oggi l&#8217;America giustamente grida terrorizzata: Trump NO! Non \u00e8 il nostro presidente! E giustamente la gente protesta contro la xenofobia e il razzismo. Ma anche questa \u00e8 una reazione non pensata, perch\u00e9 si dovrebbe gridare con la stessa indignazione: Clinton NO! O vogliamo dire che milioni di morti in Iraq, Siria, Libia non giustificano l&#8217;indignazione?<\/p>\n<p>Comunque non \u00e8 Trump o Clinton il nodo della questione. Theodor Adorno diceva che la scelta non \u00e8 tra il bianco e il nero ma che la libert\u00e0 \u00e8 nel sottrarsi a questa scelta obbligata. Il sistema di informazioni presenta in maniera distorta un problema, propone apparenti soluzioni, divide l&#8217;opinione pubblica e crea l&#8217;illusione della scelta. Di fatto c&#8217;erano altre possibilit\u00e0: Bernie Sanders, Jill Stein&#8230; ma il popolo americano ha preferito Paperon de&#8217; Paperoni. Forse \u00e8 un bene. Le contraddizioni si faranno pi\u00f9 evidenti e si comprender\u00e0 la necessit\u00e0 di un cambiamento profondo e reale del sistema.<br \/>\nRibellarsi al ricatto delle scelte obbligate, sottrarsi alla filosofia del \u201cmale minore\u201d e costruire e rafforzare nuove opzioni \u00e8 l&#8217;unico cammino razionale. Uun cammino che richiede fiducia, intelligenza ed amore per la propria libert\u00e0 e per quella degli altri.<\/p>\n<p>In questa democrazia che \u00e8 sempre pi\u00f9 formale, che assomiglia sempre pi\u00f9 ad uno spettacolo di intrattenimento per il cittadino, non sono per niente contento che Paperone abbia vinto ma non sarei stato contento nemmeno se avesse vinto Nonna papera.<\/p>\n","protected":false},"excerpt":{"rendered":"<p>Secondo alcuni la vittoria di Trump \u00e8 una cosa gravissima. Ha vinto una persona inaffidabile che avr\u00e0 il potere di premere il bottone. E&#8217; stato eletto presidente un signore che per far presa sugli elettori ha usato, con promesse che&hellip;<\/p>\n","protected":false},"author":995,"featured_media":395367,"comment_status":"closed","ping_status":"closed","sticky":false,"template":"","format":"standard","meta":{"footnotes":""},"categories":[11388,49,162,55,57],"tags":[26188,27253,15864,32531,32530,4616],"class_list":["post-395780","post","type-post","status-publish","format-standard","has-post-thumbnail","hentry","category-contenuti-originali","category-nord-america","category-opinioni","category-politica","category-affari-esteri","tag-donald-trump-it","tag-elezioni-americane","tag-hillary-clinton-it","tag-nonna-papera","tag-paperon-de-paperoni","tag-presidente"],"yoast_head":"<!-- This site is optimized with the Yoast SEO plugin v27.1.1 - https:\/\/yoast.com\/product\/yoast-seo-wordpress\/ -->\n<title>\u201cTrump non \u00e8 il nostro presidente!\u201d La Clinton invece si?<\/title>\n<meta name=\"description\" content=\"Secondo alcuni la vittoria di Trump \u00e8 una cosa gravissima. Ha vinto una persona inaffidabile che avr\u00e0 il potere di premere il bottone. E&#039; stato eletto\" \/>\n<meta name=\"robots\" content=\"index, follow, max-snippet:-1, max-image-preview:large, max-video-preview:-1\" \/>\n<link rel=\"canonical\" href=\"https:\/\/www.pressenza.com\/it\/2016\/11\/trump-non-e-il-nostro-presidente-la-clinton-invece-si\/\" \/>\n<meta property=\"og:locale\" content=\"it_IT\" \/>\n<meta property=\"og:type\" content=\"article\" \/>\n<meta property=\"og:title\" content=\"\u201cTrump non \u00e8 il nostro presidente!\u201d La Clinton invece si?\" \/>\n<meta property=\"og:description\" content=\"Secondo alcuni la vittoria di Trump \u00e8 una cosa gravissima. Ha vinto una persona inaffidabile che avr\u00e0 il potere di premere il bottone. E&#039; stato eletto\" \/>\n<meta property=\"og:url\" content=\"https:\/\/www.pressenza.com\/it\/2016\/11\/trump-non-e-il-nostro-presidente-la-clinton-invece-si\/\" \/>\n<meta property=\"og:site_name\" content=\"Pressenza\" \/>\n<meta property=\"article:publisher\" content=\"https:\/\/www.facebook.com\/PressenzaItalia\" \/>\n<meta property=\"article:published_time\" content=\"2016-11-13T13:47:01+00:00\" \/>\n<meta property=\"article:modified_time\" content=\"2016-11-16T07:44:55+00:00\" \/>\n<meta property=\"og:image\" content=\"https:\/\/www.pressenza.com\/wp-content\/uploads\/2016\/11\/Anti_Trump_Protest.jpg\" \/>\n\t<meta property=\"og:image:width\" content=\"960\" \/>\n\t<meta property=\"og:image:height\" content=\"540\" \/>\n\t<meta property=\"og:image:type\" content=\"image\/jpeg\" \/>\n<meta name=\"author\" content=\"Gerardo Femina\" \/>\n<meta name=\"twitter:card\" content=\"summary_large_image\" \/>\n<meta name=\"twitter:creator\" content=\"@PressenzaIPA\" \/>\n<meta name=\"twitter:site\" content=\"@PressenzaIPA\" \/>\n<meta name=\"twitter:label1\" content=\"Scritto da\" \/>\n\t<meta name=\"twitter:data1\" content=\"Gerardo Femina\" \/>\n\t<meta name=\"twitter:label2\" content=\"Tempo di lettura stimato\" \/>\n\t<meta name=\"twitter:data2\" content=\"3 minuti\" \/>\n<script type=\"application\/ld+json\" class=\"yoast-schema-graph\">{\"@context\":\"https:\/\/schema.org\",\"@graph\":[{\"@type\":\"Article\",\"@id\":\"https:\/\/www.pressenza.com\/it\/2016\/11\/trump-non-e-il-nostro-presidente-la-clinton-invece-si\/#article\",\"isPartOf\":{\"@id\":\"https:\/\/www.pressenza.com\/it\/2016\/11\/trump-non-e-il-nostro-presidente-la-clinton-invece-si\/\"},\"author\":{\"name\":\"Gerardo Femina\",\"@id\":\"https:\/\/www.pressenza.com\/it\/#\/schema\/person\/a960a95828df61811b50008db91df31a\"},\"headline\":\"\u201cTrump non \u00e8 il nostro presidente!\u201d La Clinton invece si?\",\"datePublished\":\"2016-11-13T13:47:01+00:00\",\"dateModified\":\"2016-11-16T07:44:55+00:00\",\"mainEntityOfPage\":{\"@id\":\"https:\/\/www.pressenza.com\/it\/2016\/11\/trump-non-e-il-nostro-presidente-la-clinton-invece-si\/\"},\"wordCount\":615,\"publisher\":{\"@id\":\"https:\/\/www.pressenza.com\/it\/#organization\"},\"image\":{\"@id\":\"https:\/\/www.pressenza.com\/it\/2016\/11\/trump-non-e-il-nostro-presidente-la-clinton-invece-si\/#primaryimage\"},\"thumbnailUrl\":\"https:\/\/www.pressenza.com\/wp-content\/uploads\/2016\/11\/Anti_Trump_Protest.jpg\",\"keywords\":[\"Donald Trump\",\"elezioni americane\",\"Hillary Clinton\",\"Nonna Papera\",\"Paperon de' Paperoni\",\"presidente\"],\"articleSection\":[\"contenuti originali\",\"Nord America\",\"Opinioni\",\"Politica\",\"Questioni internazionali\"],\"inLanguage\":\"it-IT\"},{\"@type\":\"WebPage\",\"@id\":\"https:\/\/www.pressenza.com\/it\/2016\/11\/trump-non-e-il-nostro-presidente-la-clinton-invece-si\/\",\"url\":\"https:\/\/www.pressenza.com\/it\/2016\/11\/trump-non-e-il-nostro-presidente-la-clinton-invece-si\/\",\"name\":\"\u201cTrump non \u00e8 il nostro presidente!\u201d La Clinton invece si?\",\"isPartOf\":{\"@id\":\"https:\/\/www.pressenza.com\/it\/#website\"},\"primaryImageOfPage\":{\"@id\":\"https:\/\/www.pressenza.com\/it\/2016\/11\/trump-non-e-il-nostro-presidente-la-clinton-invece-si\/#primaryimage\"},\"image\":{\"@id\":\"https:\/\/www.pressenza.com\/it\/2016\/11\/trump-non-e-il-nostro-presidente-la-clinton-invece-si\/#primaryimage\"},\"thumbnailUrl\":\"https:\/\/www.pressenza.com\/wp-content\/uploads\/2016\/11\/Anti_Trump_Protest.jpg\",\"datePublished\":\"2016-11-13T13:47:01+00:00\",\"dateModified\":\"2016-11-16T07:44:55+00:00\",\"description\":\"Secondo alcuni la vittoria di Trump \u00e8 una cosa gravissima. Ha vinto una persona inaffidabile che avr\u00e0 il potere di premere il bottone. E' stato eletto\",\"breadcrumb\":{\"@id\":\"https:\/\/www.pressenza.com\/it\/2016\/11\/trump-non-e-il-nostro-presidente-la-clinton-invece-si\/#breadcrumb\"},\"inLanguage\":\"it-IT\",\"potentialAction\":[{\"@type\":\"ReadAction\",\"target\":[\"https:\/\/www.pressenza.com\/it\/2016\/11\/trump-non-e-il-nostro-presidente-la-clinton-invece-si\/\"]}]},{\"@type\":\"ImageObject\",\"inLanguage\":\"it-IT\",\"@id\":\"https:\/\/www.pressenza.com\/it\/2016\/11\/trump-non-e-il-nostro-presidente-la-clinton-invece-si\/#primaryimage\",\"url\":\"https:\/\/www.pressenza.com\/wp-content\/uploads\/2016\/11\/Anti_Trump_Protest.jpg\",\"contentUrl\":\"https:\/\/www.pressenza.com\/wp-content\/uploads\/2016\/11\/Anti_Trump_Protest.jpg\",\"width\":960,\"height\":540},{\"@type\":\"BreadcrumbList\",\"@id\":\"https:\/\/www.pressenza.com\/it\/2016\/11\/trump-non-e-il-nostro-presidente-la-clinton-invece-si\/#breadcrumb\",\"itemListElement\":[{\"@type\":\"ListItem\",\"position\":1,\"name\":\"Accueil\",\"item\":\"https:\/\/www.pressenza.com\/it\/\"},{\"@type\":\"ListItem\",\"position\":2,\"name\":\"\u201cTrump non \u00e8 il nostro presidente!\u201d La Clinton invece si?\"}]},{\"@type\":\"WebSite\",\"@id\":\"https:\/\/www.pressenza.com\/it\/#website\",\"url\":\"https:\/\/www.pressenza.com\/it\/\",\"name\":\"Pressenza\",\"description\":\"Agenzia di Stampa Internazionale\",\"publisher\":{\"@id\":\"https:\/\/www.pressenza.com\/it\/#organization\"},\"potentialAction\":[{\"@type\":\"SearchAction\",\"target\":{\"@type\":\"EntryPoint\",\"urlTemplate\":\"https:\/\/www.pressenza.com\/it\/?s={search_term_string}\"},\"query-input\":{\"@type\":\"PropertyValueSpecification\",\"valueRequired\":true,\"valueName\":\"search_term_string\"}}],\"inLanguage\":\"it-IT\"},{\"@type\":\"Organization\",\"@id\":\"https:\/\/www.pressenza.com\/it\/#organization\",\"name\":\"Pressenza\",\"url\":\"https:\/\/www.pressenza.com\/it\/\",\"logo\":{\"@type\":\"ImageObject\",\"inLanguage\":\"it-IT\",\"@id\":\"https:\/\/www.pressenza.com\/it\/#\/schema\/logo\/image\/\",\"url\":\"https:\/\/www.pressenza.com\/wp-content\/uploads\/2022\/10\/pressenza_logo_200x200.jpg\",\"contentUrl\":\"https:\/\/www.pressenza.com\/wp-content\/uploads\/2022\/10\/pressenza_logo_200x200.jpg\",\"width\":200,\"height\":200,\"caption\":\"Pressenza\"},\"image\":{\"@id\":\"https:\/\/www.pressenza.com\/it\/#\/schema\/logo\/image\/\"},\"sameAs\":[\"https:\/\/www.facebook.com\/PressenzaItalia\",\"https:\/\/x.com\/PressenzaIPA\"]},{\"@type\":\"Person\",\"@id\":\"https:\/\/www.pressenza.com\/it\/#\/schema\/person\/a960a95828df61811b50008db91df31a\",\"name\":\"Gerardo Femina\",\"description\":\"Former president of the Community for Human Development in Italy, engaged in social, political and cultural activity. For 20 years he has lived in Prague, where he was among the promoters of the campaign \\\"Europe for Peace\\\" and the protest against the so-called Missile Shield, that the United States wanted to install in the Czech Republic. He writes about politics and social matters. In recent years he has dedicated himself to the construction of the Park of Study and Reflection in the Czech Republic.\",\"url\":\"https:\/\/www.pressenza.com\/it\/author\/gerardo-femina\/\"}]}<\/script>\n<!-- \/ Yoast SEO plugin. -->","yoast_head_json":{"title":"\u201cTrump non \u00e8 il nostro presidente!\u201d La Clinton invece si?","description":"Secondo alcuni la vittoria di Trump \u00e8 una cosa gravissima. Ha vinto una persona inaffidabile che avr\u00e0 il potere di premere il bottone. E' stato eletto","robots":{"index":"index","follow":"follow","max-snippet":"max-snippet:-1","max-image-preview":"max-image-preview:large","max-video-preview":"max-video-preview:-1"},"canonical":"https:\/\/www.pressenza.com\/it\/2016\/11\/trump-non-e-il-nostro-presidente-la-clinton-invece-si\/","og_locale":"it_IT","og_type":"article","og_title":"\u201cTrump non \u00e8 il nostro presidente!\u201d La Clinton invece si?","og_description":"Secondo alcuni la vittoria di Trump \u00e8 una cosa gravissima. Ha vinto una persona inaffidabile che avr\u00e0 il potere di premere il bottone. E' stato eletto","og_url":"https:\/\/www.pressenza.com\/it\/2016\/11\/trump-non-e-il-nostro-presidente-la-clinton-invece-si\/","og_site_name":"Pressenza","article_publisher":"https:\/\/www.facebook.com\/PressenzaItalia","article_published_time":"2016-11-13T13:47:01+00:00","article_modified_time":"2016-11-16T07:44:55+00:00","og_image":[{"width":960,"height":540,"url":"https:\/\/www.pressenza.com\/wp-content\/uploads\/2016\/11\/Anti_Trump_Protest.jpg","type":"image\/jpeg"}],"author":"Gerardo Femina","twitter_card":"summary_large_image","twitter_creator":"@PressenzaIPA","twitter_site":"@PressenzaIPA","twitter_misc":{"Scritto da":"Gerardo Femina","Tempo di lettura stimato":"3 minuti"},"schema":{"@context":"https:\/\/schema.org","@graph":[{"@type":"Article","@id":"https:\/\/www.pressenza.com\/it\/2016\/11\/trump-non-e-il-nostro-presidente-la-clinton-invece-si\/#article","isPartOf":{"@id":"https:\/\/www.pressenza.com\/it\/2016\/11\/trump-non-e-il-nostro-presidente-la-clinton-invece-si\/"},"author":{"name":"Gerardo Femina","@id":"https:\/\/www.pressenza.com\/it\/#\/schema\/person\/a960a95828df61811b50008db91df31a"},"headline":"\u201cTrump non \u00e8 il nostro presidente!\u201d La Clinton invece si?","datePublished":"2016-11-13T13:47:01+00:00","dateModified":"2016-11-16T07:44:55+00:00","mainEntityOfPage":{"@id":"https:\/\/www.pressenza.com\/it\/2016\/11\/trump-non-e-il-nostro-presidente-la-clinton-invece-si\/"},"wordCount":615,"publisher":{"@id":"https:\/\/www.pressenza.com\/it\/#organization"},"image":{"@id":"https:\/\/www.pressenza.com\/it\/2016\/11\/trump-non-e-il-nostro-presidente-la-clinton-invece-si\/#primaryimage"},"thumbnailUrl":"https:\/\/www.pressenza.com\/wp-content\/uploads\/2016\/11\/Anti_Trump_Protest.jpg","keywords":["Donald Trump","elezioni americane","Hillary Clinton","Nonna Papera","Paperon de' Paperoni","presidente"],"articleSection":["contenuti originali","Nord America","Opinioni","Politica","Questioni internazionali"],"inLanguage":"it-IT"},{"@type":"WebPage","@id":"https:\/\/www.pressenza.com\/it\/2016\/11\/trump-non-e-il-nostro-presidente-la-clinton-invece-si\/","url":"https:\/\/www.pressenza.com\/it\/2016\/11\/trump-non-e-il-nostro-presidente-la-clinton-invece-si\/","name":"\u201cTrump non \u00e8 il nostro presidente!\u201d La Clinton invece si?","isPartOf":{"@id":"https:\/\/www.pressenza.com\/it\/#website"},"primaryImageOfPage":{"@id":"https:\/\/www.pressenza.com\/it\/2016\/11\/trump-non-e-il-nostro-presidente-la-clinton-invece-si\/#primaryimage"},"image":{"@id":"https:\/\/www.pressenza.com\/it\/2016\/11\/trump-non-e-il-nostro-presidente-la-clinton-invece-si\/#primaryimage"},"thumbnailUrl":"https:\/\/www.pressenza.com\/wp-content\/uploads\/2016\/11\/Anti_Trump_Protest.jpg","datePublished":"2016-11-13T13:47:01+00:00","dateModified":"2016-11-16T07:44:55+00:00","description":"Secondo alcuni la vittoria di Trump \u00e8 una cosa gravissima. Ha vinto una persona inaffidabile che avr\u00e0 il potere di premere il bottone. E' stato eletto","breadcrumb":{"@id":"https:\/\/www.pressenza.com\/it\/2016\/11\/trump-non-e-il-nostro-presidente-la-clinton-invece-si\/#breadcrumb"},"inLanguage":"it-IT","potentialAction":[{"@type":"ReadAction","target":["https:\/\/www.pressenza.com\/it\/2016\/11\/trump-non-e-il-nostro-presidente-la-clinton-invece-si\/"]}]},{"@type":"ImageObject","inLanguage":"it-IT","@id":"https:\/\/www.pressenza.com\/it\/2016\/11\/trump-non-e-il-nostro-presidente-la-clinton-invece-si\/#primaryimage","url":"https:\/\/www.pressenza.com\/wp-content\/uploads\/2016\/11\/Anti_Trump_Protest.jpg","contentUrl":"https:\/\/www.pressenza.com\/wp-content\/uploads\/2016\/11\/Anti_Trump_Protest.jpg","width":960,"height":540},{"@type":"BreadcrumbList","@id":"https:\/\/www.pressenza.com\/it\/2016\/11\/trump-non-e-il-nostro-presidente-la-clinton-invece-si\/#breadcrumb","itemListElement":[{"@type":"ListItem","position":1,"name":"Accueil","item":"https:\/\/www.pressenza.com\/it\/"},{"@type":"ListItem","position":2,"name":"\u201cTrump non \u00e8 il nostro presidente!\u201d La Clinton invece si?"}]},{"@type":"WebSite","@id":"https:\/\/www.pressenza.com\/it\/#website","url":"https:\/\/www.pressenza.com\/it\/","name":"Pressenza","description":"Agenzia di Stampa Internazionale","publisher":{"@id":"https:\/\/www.pressenza.com\/it\/#organization"},"potentialAction":[{"@type":"SearchAction","target":{"@type":"EntryPoint","urlTemplate":"https:\/\/www.pressenza.com\/it\/?s={search_term_string}"},"query-input":{"@type":"PropertyValueSpecification","valueRequired":true,"valueName":"search_term_string"}}],"inLanguage":"it-IT"},{"@type":"Organization","@id":"https:\/\/www.pressenza.com\/it\/#organization","name":"Pressenza","url":"https:\/\/www.pressenza.com\/it\/","logo":{"@type":"ImageObject","inLanguage":"it-IT","@id":"https:\/\/www.pressenza.com\/it\/#\/schema\/logo\/image\/","url":"https:\/\/www.pressenza.com\/wp-content\/uploads\/2022\/10\/pressenza_logo_200x200.jpg","contentUrl":"https:\/\/www.pressenza.com\/wp-content\/uploads\/2022\/10\/pressenza_logo_200x200.jpg","width":200,"height":200,"caption":"Pressenza"},"image":{"@id":"https:\/\/www.pressenza.com\/it\/#\/schema\/logo\/image\/"},"sameAs":["https:\/\/www.facebook.com\/PressenzaItalia","https:\/\/x.com\/PressenzaIPA"]},{"@type":"Person","@id":"https:\/\/www.pressenza.com\/it\/#\/schema\/person\/a960a95828df61811b50008db91df31a","name":"Gerardo Femina","description":"Former president of the Community for Human Development in Italy, engaged in social, political and cultural activity. For 20 years he has lived in Prague, where he was among the promoters of the campaign \"Europe for Peace\" and the protest against the so-called Missile Shield, that the United States wanted to install in the Czech Republic. He writes about politics and social matters. In recent years he has dedicated himself to the construction of the Park of Study and Reflection in the Czech Republic.","url":"https:\/\/www.pressenza.com\/it\/author\/gerardo-femina\/"}]}},"place":"","original_article_url":"","_links":{"self":[{"href":"https:\/\/www.pressenza.com\/it\/wp-json\/wp\/v2\/posts\/395780","targetHints":{"allow":["GET"]}}],"collection":[{"href":"https:\/\/www.pressenza.com\/it\/wp-json\/wp\/v2\/posts"}],"about":[{"href":"https:\/\/www.pressenza.com\/it\/wp-json\/wp\/v2\/types\/post"}],"author":[{"embeddable":true,"href":"https:\/\/www.pressenza.com\/it\/wp-json\/wp\/v2\/users\/995"}],"replies":[{"embeddable":true,"href":"https:\/\/www.pressenza.com\/it\/wp-json\/wp\/v2\/comments?post=395780"}],"version-history":[{"count":0,"href":"https:\/\/www.pressenza.com\/it\/wp-json\/wp\/v2\/posts\/395780\/revisions"}],"wp:featuredmedia":[{"embeddable":true,"href":"https:\/\/www.pressenza.com\/it\/wp-json\/wp\/v2\/media\/395367"}],"wp:attachment":[{"href":"https:\/\/www.pressenza.com\/it\/wp-json\/wp\/v2\/media?parent=395780"}],"wp:term":[{"taxonomy":"category","embeddable":true,"href":"https:\/\/www.pressenza.com\/it\/wp-json\/wp\/v2\/categories?post=395780"},{"taxonomy":"post_tag","embeddable":true,"href":"https:\/\/www.pressenza.com\/it\/wp-json\/wp\/v2\/tags?post=395780"}],"curies":[{"name":"wp","href":"https:\/\/api.w.org\/{rel}","templated":true}]}}